{"id":297206,"date":"2026-03-13T14:15:27","date_gmt":"2026-03-13T13:15:27","guid":{"rendered":"https:\/\/tuzlainfo.ba\/?p=297206"},"modified":"2026-03-13T21:36:22","modified_gmt":"2026-03-13T20:36:22","slug":"protest-ljekara-u-tuzli-samo-za-dva-mjeseca-osam-specijalista-preslo-u-sarajevo-i-zenicu","status":"publish","type":"post","link":"https:\/\/tuzlainfo.ba\/index.php\/novosti\/item\/297206-protest-ljekara-u-tuzli-samo-za-dva-mjeseca-osam-specijalista-preslo-u-sarajevo-i-zenicu\/","title":{"rendered":"Protest ljekara u Tuzli: Samo za dva mjeseca osam specijalista pre\u0161lo u Sarajevo i Zenicu"},"content":{"rendered":"<p data-start=\"95\" data-end=\"281\">Doktori medicine i stomatologije Tuzlanskog kantona danas su zapo\u010deli proteste upozoravaju\u0107i na, kako navode, dugogodi\u0161nji poni\u017eavaju\u0107i odnos vlasti prema nosiocima zdravstvenog sistema.<\/p>\n<p data-start=\"283\" data-end=\"489\">Protest je zapo\u010deo okupljanjem ispred Bosanskog kulturnog centra Tuzlanskog kantona, odakle su se ljekari uputili prema zgradi Vlade Tuzlanskog kantona, a potom nastavili okupljanje na Trgu slobode u Tuzli.<\/p>\n<p data-start=\"283\" data-end=\"489\">O zahtjevima sindikata govorila je Elvira Konji\u0107, Predsjednica Strukovnog Sindikata doktora medicine i stomatologije TK:<\/p>\n<p><iframe title=\"Protesti: Elvira Konji\u0107, Predsjednica Strukovnog Sindikata doktora medicine i stomatologije TK\" width=\"1170\" height=\"658\" src=\"https:\/\/www.youtube.com\/embed\/nPvKbikKao4?feature=oembed\" frameborder=\"0\" allow=\"accelerometer; autoplay; clipboard-write; encrypted-media; gyroscope; picture-in-picture; web-share\" referrerpolicy=\"strict-origin-when-cross-origin\" allowfullscreen><\/iframe><\/p>\n<p data-start=\"491\" data-end=\"737\">Predsjednik Skup\u0161tine Strukovnog sindikata doktora medicine i stomatologije TK dr. Mirsad \u0160ljivi\u0107 istakao je da je samo od po\u010detka ove godine Tuzlanski kanton napustilo osam specijalista koji su zbog boljih uslova rada oti\u0161li u Sarajevo i Zenicu.<\/p>\n<p><iframe title=\"Dr. Mirsad \u0160ljivi\u0107: Za dva mjeseca osam specijalista iz TK je pre\u0161lo u sarajevo i Zenicu\" width=\"1170\" height=\"658\" src=\"https:\/\/www.youtube.com\/embed\/ucKC-ob8fiw?feature=oembed\" frameborder=\"0\" allow=\"accelerometer; autoplay; clipboard-write; encrypted-media; gyroscope; picture-in-picture; web-share\" referrerpolicy=\"strict-origin-when-cross-origin\" allowfullscreen><\/iframe><\/p>\n<p data-start=\"739\" data-end=\"977\">Iz Sindikata su naglasili da su specijalisti i subspecijalisti u Tuzlanskom kantonu u nepovoljnijem polo\u017eaju u odnosu na kolege iz drugih kantona, poput Sarajevskog i Zeni\u010dko-dobojskog, gdje su koeficijenti za obra\u010dun plata ve\u0107 uskla\u0111eni.<\/p>\n<p data-start=\"739\" data-end=\"977\">Dr. Marina Berberovi\u0107 predsjednica Sindikata doktora medicine i stomatologije FBiH apostrofirala je i problem nepriznavanja reprezentativnosti Vlade TK kantonalnog sindikata doktora medicine i stomatologije TK:<\/p>\n<p><iframe title=\"Dr. Marina Berberovi\u0107: Samo u TK imamo problem sa priznavanjem reprezentativnosti sindikata\" width=\"1170\" height=\"658\" src=\"https:\/\/www.youtube.com\/embed\/eLc6mHGNdRM?feature=oembed\" frameborder=\"0\" allow=\"accelerometer; autoplay; clipboard-write; encrypted-media; gyroscope; picture-in-picture; web-share\" referrerpolicy=\"strict-origin-when-cross-origin\" allowfullscreen><\/iframe><\/p>\n<p data-start=\"979\" data-end=\"1199\">Kako isti\u010du, ljekari u Tuzlanskom kantonu ne tra\u017ee ve\u0107e plate od kolega u drugim kantonima, ve\u0107 korekciju koeficijenata kako bi njihove plate bile barem pribli\u017ene onima u drugim dijelovima Federacije Bosne i Hercegovine.<\/p>\n<p data-start=\"1201\" data-end=\"1429\">Iz Sindikata su tako\u0111er podsjetili da ljekari u Tuzlanskom kantonu rade najdu\u017ee u Federaciji BiH \u2013 40 sati sedmi\u010dno, pri \u010demu pauza nije ura\u010dunata u radno vrijeme, \u0161to zna\u010di da dnevno provode oko osam i po sati na radnom mjestu.<\/p>\n<p data-start=\"1201\" data-end=\"1429\">Iskustva iz Gra\u010danice prenio je Sa\u0161a Operhal, \u0161ef Slu\u017ebe hitne medicinske pomo\u0107i u tom gradu:<\/p>\n<p><iframe title=\"Protesti: Sa\u0161a Operhal, \u0161ef Slu\u017ebe hitne medicinske pomo\u0107i Gra\u010danica\" width=\"1170\" height=\"658\" src=\"https:\/\/www.youtube.com\/embed\/4lRrQ1ySKbo?feature=oembed\" frameborder=\"0\" allow=\"accelerometer; autoplay; clipboard-write; encrypted-media; gyroscope; picture-in-picture; web-share\" referrerpolicy=\"strict-origin-when-cross-origin\" allowfullscreen><\/iframe><\/p>\n<p data-start=\"1431\" data-end=\"1629\">Sindikat upozorava i na \u0161ire posljedice takvog odnosa prema medicinskoj struci, navode\u0107i da se time dovodi u pitanje i nau\u010dna baza zdravstvenog sistema, ali i opstanak Medicinskog fakulteta u Tuzli.<\/p>\n<p data-start=\"1631\" data-end=\"1866\">Ljekari tra\u017ee pove\u0107anje koeficijenata za pojedine kategorije zaposlenih: za doktora medicine koeficijent 5,2 (trenutno 5,0), za specijalistu 6,0 (Vlada nudi 5,8, trenutno 5,65) te za subspecijalistu 6,2 (Vlada nudi 6,0, trenutno 5,85).<\/p>\n<p data-start=\"1868\" data-end=\"2029\">Proteste \u0107e nastaviti i sutra, 14. marta, poru\u010duju\u0107i da je rije\u010d o borbi za dostojanstvo profesije i opstanak javnog zdravstva za sve gra\u0111ane Tuzlanskog kantona.<strong>\/Tuzlainfo.ba\/<\/strong><\/p>\n","protected":false},"excerpt":{"rendered":"<p>Doktori medicine i stomatologije Tuzlanskog kantona danas su zapo\u010deli proteste upozoravaju\u0107i na, kako navode, dugogodi\u0161nji&hellip;<\/p>\n","protected":false},"author":2,"featured_media":297207,"comment_status":"closed","ping_status":"closed","sticky":false,"template":"","format":"standard","meta":{"_acf_changed":false,"footnotes":""},"categories":[304,12,306],"tags":[13587],"acf":[],"yoast_head":"<!-- This site is optimized with the Yoast SEO plugin v23.5 - https:\/\/yoast.com\/wordpress\/plugins\/seo\/ -->\n<title>Protest ljekara u Tuzli: Samo za dva mjeseca osam specijalista pre\u0161lo u Sarajevo i Zenicu - TuzlaInfo.ba<\/title>\n<meta name=\"robots\" content=\"index, follow, max-snippet:-1, max-image-preview:large, max-video-preview:-1\" \/>\n<link rel=\"canonical\" href=\"https:\/\/tuzlainfo.ba\/index.php\/novosti\/item\/297206-protest-ljekara-u-tuzli-samo-za-dva-mjeseca-osam-specijalista-preslo-u-sarajevo-i-zenicu\/\" \/>\n<meta property=\"og:locale\" content=\"bs_BA\" \/>\n<meta property=\"og:type\" content=\"article\" \/>\n<meta property=\"og:title\" content=\"Protest ljekara u Tuzli: Samo za dva mjeseca osam specijalista pre\u0161lo u Sarajevo i Zenicu - TuzlaInfo.ba\" \/>\n<meta property=\"og:description\" content=\"Doktori medicine i stomatologije Tuzlanskog kantona danas su zapo\u010deli proteste upozoravaju\u0107i na, kako navode, dugogodi\u0161nji&hellip;\" \/>\n<meta property=\"og:url\" content=\"https:\/\/tuzlainfo.ba\/index.php\/novosti\/item\/297206-protest-ljekara-u-tuzli-samo-za-dva-mjeseca-osam-specijalista-preslo-u-sarajevo-i-zenicu\/\" \/>\n<meta property=\"og:site_name\" content=\"TuzlaInfo.ba\" \/>\n<meta property=\"article:publisher\" content=\"https:\/\/www.facebook.com\/tuzlainfo.ba\/\" \/>\n<meta property=\"article:published_time\" content=\"2026-03-13T13:15:27+00:00\" \/>\n<meta property=\"article:modified_time\" content=\"2026-03-13T20:36:22+00:00\" \/>\n<meta property=\"og:image\" content=\"https:\/\/tuzlainfo.ba\/wp-content\/uploads\/2026\/03\/kolaz_doktori.jpg\" \/>\n\t<meta property=\"og:image:width\" content=\"1000\" \/>\n\t<meta property=\"og:image:height\" content=\"616\" \/>\n\t<meta property=\"og:image:type\" content=\"image\/jpeg\" \/>\n<meta name=\"author\" content=\"nedim\" \/>\n<meta name=\"twitter:card\" content=\"summary_large_image\" \/>\n<meta name=\"twitter:label1\" content=\"Written by\" \/>\n\t<meta name=\"twitter:data1\" content=\"nedim\" \/>\n\t<meta name=\"twitter:label2\" content=\"Est. reading time\" \/>\n\t<meta name=\"twitter:data2\" content=\"3 minute\" \/>\n<script type=\"application\/ld+json\" class=\"yoast-schema-graph\">{\"@context\":\"https:\/\/schema.org\",\"@graph\":[{\"@type\":\"Article\",\"@id\":\"https:\/\/tuzlainfo.ba\/index.php\/novosti\/item\/297206-protest-ljekara-u-tuzli-samo-za-dva-mjeseca-osam-specijalista-preslo-u-sarajevo-i-zenicu\/#article\",\"isPartOf\":{\"@id\":\"https:\/\/tuzlainfo.ba\/index.php\/novosti\/item\/297206-protest-ljekara-u-tuzli-samo-za-dva-mjeseca-osam-specijalista-preslo-u-sarajevo-i-zenicu\/\"},\"author\":{\"name\":\"nedim\",\"@id\":\"https:\/\/tuzlainfo.ba\/#\/schema\/person\/f434e20dc27ea133923aab08451b7f7f\"},\"headline\":\"Protest ljekara u Tuzli: Samo za dva mjeseca osam specijalista pre\u0161lo u Sarajevo i Zenicu\",\"datePublished\":\"2026-03-13T13:15:27+00:00\",\"dateModified\":\"2026-03-13T20:36:22+00:00\",\"mainEntityOfPage\":{\"@id\":\"https:\/\/tuzlainfo.ba\/index.php\/novosti\/item\/297206-protest-ljekara-u-tuzli-samo-za-dva-mjeseca-osam-specijalista-preslo-u-sarajevo-i-zenicu\/\"},\"wordCount\":408,\"publisher\":{\"@id\":\"https:\/\/tuzlainfo.ba\/#organization\"},\"image\":{\"@id\":\"https:\/\/tuzlainfo.ba\/index.php\/novosti\/item\/297206-protest-ljekara-u-tuzli-samo-za-dva-mjeseca-osam-specijalista-preslo-u-sarajevo-i-zenicu\/#primaryimage\"},\"thumbnailUrl\":\"https:\/\/tuzlainfo.ba\/wp-content\/uploads\/2026\/03\/kolaz_doktori.jpg\",\"keywords\":[\"protest ljekara\"],\"articleSection\":[\"Istaknuto\",\"Novosti\",\"Preporu\u010dujemo\"],\"inLanguage\":\"bs-BA\"},{\"@type\":\"WebPage\",\"@id\":\"https:\/\/tuzlainfo.ba\/index.php\/novosti\/item\/297206-protest-ljekara-u-tuzli-samo-za-dva-mjeseca-osam-specijalista-preslo-u-sarajevo-i-zenicu\/\",\"url\":\"https:\/\/tuzlainfo.ba\/index.php\/novosti\/item\/297206-protest-ljekara-u-tuzli-samo-za-dva-mjeseca-osam-specijalista-preslo-u-sarajevo-i-zenicu\/\",\"name\":\"Protest ljekara u Tuzli: Samo za dva mjeseca osam specijalista pre\u0161lo u Sarajevo i Zenicu - TuzlaInfo.ba\",\"isPartOf\":{\"@id\":\"https:\/\/tuzlainfo.ba\/#website\"},\"primaryImageOfPage\":{\"@id\":\"https:\/\/tuzlainfo.ba\/index.php\/novosti\/item\/297206-protest-ljekara-u-tuzli-samo-za-dva-mjeseca-osam-specijalista-preslo-u-sarajevo-i-zenicu\/#primaryimage\"},\"image\":{\"@id\":\"https:\/\/tuzlainfo.ba\/index.php\/novosti\/item\/297206-protest-ljekara-u-tuzli-samo-za-dva-mjeseca-osam-specijalista-preslo-u-sarajevo-i-zenicu\/#primaryimage\"},\"thumbnailUrl\":\"https:\/\/tuzlainfo.ba\/wp-content\/uploads\/2026\/03\/kolaz_doktori.jpg\",\"datePublished\":\"2026-03-13T13:15:27+00:00\",\"dateModified\":\"2026-03-13T20:36:22+00:00\",\"breadcrumb\":{\"@id\":\"https:\/\/tuzlainfo.ba\/index.php\/novosti\/item\/297206-protest-ljekara-u-tuzli-samo-za-dva-mjeseca-osam-specijalista-preslo-u-sarajevo-i-zenicu\/#breadcrumb\"},\"inLanguage\":\"bs-BA\",\"potentialAction\":[{\"@type\":\"ReadAction\",\"target\":[\"https:\/\/tuzlainfo.ba\/index.php\/novosti\/item\/297206-protest-ljekara-u-tuzli-samo-za-dva-mjeseca-osam-specijalista-preslo-u-sarajevo-i-zenicu\/\"]}]},{\"@type\":\"ImageObject\",\"inLanguage\":\"bs-BA\",\"@id\":\"https:\/\/tuzlainfo.ba\/index.php\/novosti\/item\/297206-protest-ljekara-u-tuzli-samo-za-dva-mjeseca-osam-specijalista-preslo-u-sarajevo-i-zenicu\/#primaryimage\",\"url\":\"https:\/\/tuzlainfo.ba\/wp-content\/uploads\/2026\/03\/kolaz_doktori.jpg\",\"contentUrl\":\"https:\/\/tuzlainfo.ba\/wp-content\/uploads\/2026\/03\/kolaz_doktori.jpg\",\"width\":1000,\"height\":616},{\"@type\":\"BreadcrumbList\",\"@id\":\"https:\/\/tuzlainfo.ba\/index.php\/novosti\/item\/297206-protest-ljekara-u-tuzli-samo-za-dva-mjeseca-osam-specijalista-preslo-u-sarajevo-i-zenicu\/#breadcrumb\",\"itemListElement\":[{\"@type\":\"ListItem\",\"position\":1,\"name\":\"Home\",\"item\":\"https:\/\/tuzlainfo.ba\/\"},{\"@type\":\"ListItem\",\"position\":2,\"name\":\"Protest ljekara u Tuzli: Samo za dva mjeseca osam specijalista pre\u0161lo u Sarajevo i Zenicu\"}]},{\"@type\":\"WebSite\",\"@id\":\"https:\/\/tuzlainfo.ba\/#website\",\"url\":\"https:\/\/tuzlainfo.ba\/\",\"name\":\"TuzlaInfo.ba\",\"description\":\"Tuzla info, gradski informator - Tuzla na dlanu\",\"publisher\":{\"@id\":\"https:\/\/tuzlainfo.ba\/#organization\"},\"potentialAction\":[{\"@type\":\"SearchAction\",\"target\":{\"@type\":\"EntryPoint\",\"urlTemplate\":\"https:\/\/tuzlainfo.ba\/?s={search_term_string}\"},\"query-input\":{\"@type\":\"PropertyValueSpecification\",\"valueRequired\":true,\"valueName\":\"search_term_string\"}}],\"inLanguage\":\"bs-BA\"},{\"@type\":\"Organization\",\"@id\":\"https:\/\/tuzlainfo.ba\/#organization\",\"name\":\"TuzlaInfo.ba\",\"url\":\"https:\/\/tuzlainfo.ba\/\",\"logo\":{\"@type\":\"ImageObject\",\"inLanguage\":\"bs-BA\",\"@id\":\"https:\/\/tuzlainfo.ba\/#\/schema\/logo\/image\/\",\"url\":\"https:\/\/tuzlainfo.ba\/wp-content\/uploads\/2021\/03\/logo-ver-3-1.png\",\"contentUrl\":\"https:\/\/tuzlainfo.ba\/wp-content\/uploads\/2021\/03\/logo-ver-3-1.png\",\"width\":350,\"height\":95,\"caption\":\"TuzlaInfo.ba\"},\"image\":{\"@id\":\"https:\/\/tuzlainfo.ba\/#\/schema\/logo\/image\/\"},\"sameAs\":[\"https:\/\/www.facebook.com\/tuzlainfo.ba\/\"]},{\"@type\":\"Person\",\"@id\":\"https:\/\/tuzlainfo.ba\/#\/schema\/person\/f434e20dc27ea133923aab08451b7f7f\",\"name\":\"nedim\",\"image\":{\"@type\":\"ImageObject\",\"inLanguage\":\"bs-BA\",\"@id\":\"https:\/\/tuzlainfo.ba\/#\/schema\/person\/image\/\",\"url\":\"https:\/\/tuzlainfo.ba\/wp-content\/litespeed\/avatar\/aabad687af24844af817603ac1cbdc4f.jpg?ver=1777306975\",\"contentUrl\":\"https:\/\/tuzlainfo.ba\/wp-content\/litespeed\/avatar\/aabad687af24844af817603ac1cbdc4f.jpg?ver=1777306975\",\"caption\":\"nedim\"},\"description\":\"Tuzlainfo.ba pratite na dru\u0161tvenim mre\u017eama: Facebook, Instagram i Youtube. Svoje pri\u010de, upite i fotografije \u0161aljite na na\u0161u e-mail adresu.\"}]}<\/script>\n<!-- \/ Yoast SEO plugin. -->","yoast_head_json":{"title":"Protest ljekara u Tuzli: Samo za dva mjeseca osam specijalista pre\u0161lo u Sarajevo i Zenicu - TuzlaInfo.ba","robots":{"index":"index","follow":"follow","max-snippet":"max-snippet:-1","max-image-preview":"max-image-preview:large","max-video-preview":"max-video-preview:-1"},"canonical":"https:\/\/tuzlainfo.ba\/index.php\/novosti\/item\/297206-protest-ljekara-u-tuzli-samo-za-dva-mjeseca-osam-specijalista-preslo-u-sarajevo-i-zenicu\/","og_locale":"bs_BA","og_type":"article","og_title":"Protest ljekara u Tuzli: Samo za dva mjeseca osam specijalista pre\u0161lo u Sarajevo i Zenicu - TuzlaInfo.ba","og_description":"Doktori medicine i stomatologije Tuzlanskog kantona danas su zapo\u010deli proteste upozoravaju\u0107i na, kako navode, dugogodi\u0161nji&hellip;","og_url":"https:\/\/tuzlainfo.ba\/index.php\/novosti\/item\/297206-protest-ljekara-u-tuzli-samo-za-dva-mjeseca-osam-specijalista-preslo-u-sarajevo-i-zenicu\/","og_site_name":"TuzlaInfo.ba","article_publisher":"https:\/\/www.facebook.com\/tuzlainfo.ba\/","article_published_time":"2026-03-13T13:15:27+00:00","article_modified_time":"2026-03-13T20:36:22+00:00","og_image":[{"width":1000,"height":616,"url":"https:\/\/tuzlainfo.ba\/wp-content\/uploads\/2026\/03\/kolaz_doktori.jpg","type":"image\/jpeg"}],"author":"nedim","twitter_card":"summary_large_image","twitter_misc":{"Written by":"nedim","Est. reading time":"3 minute"},"schema":{"@context":"https:\/\/schema.org","@graph":[{"@type":"Article","@id":"https:\/\/tuzlainfo.ba\/index.php\/novosti\/item\/297206-protest-ljekara-u-tuzli-samo-za-dva-mjeseca-osam-specijalista-preslo-u-sarajevo-i-zenicu\/#article","isPartOf":{"@id":"https:\/\/tuzlainfo.ba\/index.php\/novosti\/item\/297206-protest-ljekara-u-tuzli-samo-za-dva-mjeseca-osam-specijalista-preslo-u-sarajevo-i-zenicu\/"},"author":{"name":"nedim","@id":"https:\/\/tuzlainfo.ba\/#\/schema\/person\/f434e20dc27ea133923aab08451b7f7f"},"headline":"Protest ljekara u Tuzli: Samo za dva mjeseca osam specijalista pre\u0161lo u Sarajevo i Zenicu","datePublished":"2026-03-13T13:15:27+00:00","dateModified":"2026-03-13T20:36:22+00:00","mainEntityOfPage":{"@id":"https:\/\/tuzlainfo.ba\/index.php\/novosti\/item\/297206-protest-ljekara-u-tuzli-samo-za-dva-mjeseca-osam-specijalista-preslo-u-sarajevo-i-zenicu\/"},"wordCount":408,"publisher":{"@id":"https:\/\/tuzlainfo.ba\/#organization"},"image":{"@id":"https:\/\/tuzlainfo.ba\/index.php\/novosti\/item\/297206-protest-ljekara-u-tuzli-samo-za-dva-mjeseca-osam-specijalista-preslo-u-sarajevo-i-zenicu\/#primaryimage"},"thumbnailUrl":"https:\/\/tuzlainfo.ba\/wp-content\/uploads\/2026\/03\/kolaz_doktori.jpg","keywords":["protest ljekara"],"articleSection":["Istaknuto","Novosti","Preporu\u010dujemo"],"inLanguage":"bs-BA"},{"@type":"WebPage","@id":"https:\/\/tuzlainfo.ba\/index.php\/novosti\/item\/297206-protest-ljekara-u-tuzli-samo-za-dva-mjeseca-osam-specijalista-preslo-u-sarajevo-i-zenicu\/","url":"https:\/\/tuzlainfo.ba\/index.php\/novosti\/item\/297206-protest-ljekara-u-tuzli-samo-za-dva-mjeseca-osam-specijalista-preslo-u-sarajevo-i-zenicu\/","name":"Protest ljekara u Tuzli: Samo za dva mjeseca osam specijalista pre\u0161lo u Sarajevo i Zenicu - TuzlaInfo.ba","isPartOf":{"@id":"https:\/\/tuzlainfo.ba\/#website"},"primaryImageOfPage":{"@id":"https:\/\/tuzlainfo.ba\/index.php\/novosti\/item\/297206-protest-ljekara-u-tuzli-samo-za-dva-mjeseca-osam-specijalista-preslo-u-sarajevo-i-zenicu\/#primaryimage"},"image":{"@id":"https:\/\/tuzlainfo.ba\/index.php\/novosti\/item\/297206-protest-ljekara-u-tuzli-samo-za-dva-mjeseca-osam-specijalista-preslo-u-sarajevo-i-zenicu\/#primaryimage"},"thumbnailUrl":"https:\/\/tuzlainfo.ba\/wp-content\/uploads\/2026\/03\/kolaz_doktori.jpg","datePublished":"2026-03-13T13:15:27+00:00","dateModified":"2026-03-13T20:36:22+00:00","breadcrumb":{"@id":"https:\/\/tuzlainfo.ba\/index.php\/novosti\/item\/297206-protest-ljekara-u-tuzli-samo-za-dva-mjeseca-osam-specijalista-preslo-u-sarajevo-i-zenicu\/#breadcrumb"},"inLanguage":"bs-BA","potentialAction":[{"@type":"ReadAction","target":["https:\/\/tuzlainfo.ba\/index.php\/novosti\/item\/297206-protest-ljekara-u-tuzli-samo-za-dva-mjeseca-osam-specijalista-preslo-u-sarajevo-i-zenicu\/"]}]},{"@type":"ImageObject","inLanguage":"bs-BA","@id":"https:\/\/tuzlainfo.ba\/index.php\/novosti\/item\/297206-protest-ljekara-u-tuzli-samo-za-dva-mjeseca-osam-specijalista-preslo-u-sarajevo-i-zenicu\/#primaryimage","url":"https:\/\/tuzlainfo.ba\/wp-content\/uploads\/2026\/03\/kolaz_doktori.jpg","contentUrl":"https:\/\/tuzlainfo.ba\/wp-content\/uploads\/2026\/03\/kolaz_doktori.jpg","width":1000,"height":616},{"@type":"BreadcrumbList","@id":"https:\/\/tuzlainfo.ba\/index.php\/novosti\/item\/297206-protest-ljekara-u-tuzli-samo-za-dva-mjeseca-osam-specijalista-preslo-u-sarajevo-i-zenicu\/#breadcrumb","itemListElement":[{"@type":"ListItem","position":1,"name":"Home","item":"https:\/\/tuzlainfo.ba\/"},{"@type":"ListItem","position":2,"name":"Protest ljekara u Tuzli: Samo za dva mjeseca osam specijalista pre\u0161lo u Sarajevo i Zenicu"}]},{"@type":"WebSite","@id":"https:\/\/tuzlainfo.ba\/#website","url":"https:\/\/tuzlainfo.ba\/","name":"TuzlaInfo.ba","description":"Tuzla info, gradski informator - Tuzla na dlanu","publisher":{"@id":"https:\/\/tuzlainfo.ba\/#organization"},"potentialAction":[{"@type":"SearchAction","target":{"@type":"EntryPoint","urlTemplate":"https:\/\/tuzlainfo.ba\/?s={search_term_string}"},"query-input":{"@type":"PropertyValueSpecification","valueRequired":true,"valueName":"search_term_string"}}],"inLanguage":"bs-BA"},{"@type":"Organization","@id":"https:\/\/tuzlainfo.ba\/#organization","name":"TuzlaInfo.ba","url":"https:\/\/tuzlainfo.ba\/","logo":{"@type":"ImageObject","inLanguage":"bs-BA","@id":"https:\/\/tuzlainfo.ba\/#\/schema\/logo\/image\/","url":"https:\/\/tuzlainfo.ba\/wp-content\/uploads\/2021\/03\/logo-ver-3-1.png","contentUrl":"https:\/\/tuzlainfo.ba\/wp-content\/uploads\/2021\/03\/logo-ver-3-1.png","width":350,"height":95,"caption":"TuzlaInfo.ba"},"image":{"@id":"https:\/\/tuzlainfo.ba\/#\/schema\/logo\/image\/"},"sameAs":["https:\/\/www.facebook.com\/tuzlainfo.ba\/"]},{"@type":"Person","@id":"https:\/\/tuzlainfo.ba\/#\/schema\/person\/f434e20dc27ea133923aab08451b7f7f","name":"nedim","image":{"@type":"ImageObject","inLanguage":"bs-BA","@id":"https:\/\/tuzlainfo.ba\/#\/schema\/person\/image\/","url":"https:\/\/tuzlainfo.ba\/wp-content\/litespeed\/avatar\/aabad687af24844af817603ac1cbdc4f.jpg?ver=1777306975","contentUrl":"https:\/\/tuzlainfo.ba\/wp-content\/litespeed\/avatar\/aabad687af24844af817603ac1cbdc4f.jpg?ver=1777306975","caption":"nedim"},"description":"Tuzlainfo.ba pratite na dru\u0161tvenim mre\u017eama: Facebook, Instagram i Youtube. Svoje pri\u010de, upite i fotografije \u0161aljite na na\u0161u e-mail adresu."}]}},"_links":{"self":[{"href":"https:\/\/tuzlainfo.ba\/index.php\/wp-json\/wp\/v2\/posts\/297206"}],"collection":[{"href":"https:\/\/tuzlainfo.ba\/index.php\/wp-json\/wp\/v2\/posts"}],"about":[{"href":"https:\/\/tuzlainfo.ba\/index.php\/wp-json\/wp\/v2\/types\/post"}],"author":[{"embeddable":true,"href":"https:\/\/tuzlainfo.ba\/index.php\/wp-json\/wp\/v2\/users\/2"}],"replies":[{"embeddable":true,"href":"https:\/\/tuzlainfo.ba\/index.php\/wp-json\/wp\/v2\/comments?post=297206"}],"version-history":[{"count":2,"href":"https:\/\/tuzlainfo.ba\/index.php\/wp-json\/wp\/v2\/posts\/297206\/revisions"}],"predecessor-version":[{"id":297212,"href":"https:\/\/tuzlainfo.ba\/index.php\/wp-json\/wp\/v2\/posts\/297206\/revisions\/297212"}],"wp:featuredmedia":[{"embeddable":true,"href":"https:\/\/tuzlainfo.ba\/index.php\/wp-json\/wp\/v2\/media\/297207"}],"wp:attachment":[{"href":"https:\/\/tuzlainfo.ba\/index.php\/wp-json\/wp\/v2\/media?parent=297206"}],"wp:term":[{"taxonomy":"category","embeddable":true,"href":"https:\/\/tuzlainfo.ba\/index.php\/wp-json\/wp\/v2\/categories?post=297206"},{"taxonomy":"post_tag","embeddable":true,"href":"https:\/\/tuzlainfo.ba\/index.php\/wp-json\/wp\/v2\/tags?post=297206"}],"curies":[{"name":"wp","href":"https:\/\/api.w.org\/{rel}","templated":true}]}}