{"id":297197,"date":"2026-03-13T15:25:20","date_gmt":"2026-03-13T14:25:20","guid":{"rendered":"https:\/\/tuzlainfo.ba\/?p=297197"},"modified":"2026-03-13T13:48:59","modified_gmt":"2026-03-13T12:48:59","slug":"u-mandatu-niksiceve-vlade-otvoreno-samo-996-radnih-mjesta-u-novalicevoj-90-000","status":"publish","type":"post","link":"https:\/\/tuzlainfo.ba\/index.php\/bosna-i-hercegovina\/item\/297197-u-mandatu-niksiceve-vlade-otvoreno-samo-996-radnih-mjesta-u-novalicevoj-90-000\/","title":{"rendered":"U mandatu Nik\u0161i\u0107eve vlade otvoreno samo 996 radnih mjesta, u Novali\u0107evoj 90.000"},"content":{"rendered":"<p>Tokom rasprave o izvje\u0161tajima o radu Vlade Federacije Bosne i Hercegovine za 2023. i 2024. godinu na sjednici Zastupni\u010dkog doma Parlamenta FBiH, zastupnik Admir \u010cavali\u0107 iznio je podatke o kretanju zaposlenosti u Federaciji BiH i uporedio rezultate aktuelne vlade s prethodnim mandatima.<\/p>\n<p>\u010cavali\u0107 je naveo da se opozicija u raspravi nije zadr\u017eala samo na periodu obuhva\u0107enom izvje\u0161tajima, ve\u0107 je analizirala cijeli mandat aktuelne Vlade FBiH na \u010dijem je \u010delu premijer Nermin Nik\u0161i\u0107.<\/p>\n<p>Pozivaju\u0107i se na podatke Porezne uprave Federacije BiH, \u010cavali\u0107 je istakao da je broj zaposlenih u Federaciji BiH minimalno porastao od po\u010detka mandata aktuelne vlade.<\/p>\n<p>\u201cPrema najnovijim podacima Porezne uprave FBiH u Federaciji BiH je 542.080 zaposlenih, a na datum 31. maja 2023. godine kada je po\u010deo mandat ove Vlade FBiH bilo je 541.084 zaposlenih\u201d, rekao je \u010cavali\u0107.<\/p>\n<p>On je naglasio da to zna\u010di da je u tom periodu otvoreno manje od hiljadu novih radnih mjesta.<\/p>\n<p>\u201cKada se crta podvu\u010de, to zna\u010di da je u vrijeme mandata ove Vlade, da li zbog njihovog nerada ili rada, ili nekih okolnosti EU kriza, neka protuma\u010di svako kako ho\u0107e, kreirano samo 996 novih radnih mjesta\u201d, naveo je.<\/p>\n<p>Dodao je da struktura novozaposlenih, prema dostupnim podacima, pokazuje da su nova radna mjesta uglavnom otvorena u javnom sektoru na nivou kantona.<\/p>\n<p>\u201cAko u\u0111ete u strukturu tih radnih mjesta, ona su u kantonima u javnom sektoru, \u0161to zna\u010di da postoji velika vjerovatno\u0107a da je ve\u0107ina od tih gotovo 1.000 novih radnih mjesta upravo u javnom sektoru. To je crta rada ove Vlade FBiH\u201d, rekao je \u010cavali\u0107.<\/p>\n<p>U svom obra\u0107anju zastupnik je uporedio rezultate aktuelne vlade s periodom kada je na \u010delu Vlade FBiH bio Fadil Novali\u0107.<\/p>\n<p>\u201cAko gledate po\u0161teno i pogledate rezultate pro\u0161le Vlade FBiH u dva mandata, vidjet \u0107ete da je u tom periodu nastalo vi\u0161e od 90.000 radnih mjesta, a ovdje govorimo o nepuna hiljada\u201d, zaklju\u010dio je \u010cavali\u0107.<\/p>\n","protected":false},"excerpt":{"rendered":"<p>Tokom rasprave o izvje\u0161tajima o radu Vlade Federacije Bosne i Hercegovine za 2023. i 2024.&hellip;<\/p>\n","protected":false},"author":8,"featured_media":259895,"comment_status":"closed","ping_status":"closed","sticky":false,"template":"","format":"standard","meta":{"_acf_changed":false,"footnotes":""},"categories":[291],"tags":[492,542],"acf":[],"yoast_head":"<!-- This site is optimized with the Yoast SEO plugin v23.5 - https:\/\/yoast.com\/wordpress\/plugins\/seo\/ -->\n<title>U mandatu Nik\u0161i\u0107eve vlade otvoreno samo 996 radnih mjesta, u Novali\u0107evoj 90.000 - TuzlaInfo.ba<\/title>\n<meta name=\"robots\" content=\"index, follow, max-snippet:-1, max-image-preview:large, max-video-preview:-1\" \/>\n<link rel=\"canonical\" href=\"https:\/\/tuzlainfo.ba\/index.php\/bosna-i-hercegovina\/item\/297197-u-mandatu-niksiceve-vlade-otvoreno-samo-996-radnih-mjesta-u-novalicevoj-90-000\/\" \/>\n<meta property=\"og:locale\" content=\"bs_BA\" \/>\n<meta property=\"og:type\" content=\"article\" \/>\n<meta property=\"og:title\" content=\"U mandatu Nik\u0161i\u0107eve vlade otvoreno samo 996 radnih mjesta, u Novali\u0107evoj 90.000 - TuzlaInfo.ba\" \/>\n<meta property=\"og:description\" content=\"Tokom rasprave o izvje\u0161tajima o radu Vlade Federacije Bosne i Hercegovine za 2023. i 2024.&hellip;\" \/>\n<meta property=\"og:url\" content=\"https:\/\/tuzlainfo.ba\/index.php\/bosna-i-hercegovina\/item\/297197-u-mandatu-niksiceve-vlade-otvoreno-samo-996-radnih-mjesta-u-novalicevoj-90-000\/\" \/>\n<meta property=\"og:site_name\" content=\"TuzlaInfo.ba\" \/>\n<meta property=\"article:publisher\" content=\"https:\/\/www.facebook.com\/tuzlainfo.ba\/\" \/>\n<meta property=\"article:published_time\" content=\"2026-03-13T14:25:20+00:00\" \/>\n<meta property=\"article:modified_time\" content=\"2026-03-13T12:48:59+00:00\" \/>\n<meta property=\"og:image\" content=\"https:\/\/tuzlainfo.ba\/wp-content\/uploads\/2025\/01\/niksic.jpg\" \/>\n\t<meta property=\"og:image:width\" content=\"604\" \/>\n\t<meta property=\"og:image:height\" content=\"453\" \/>\n\t<meta property=\"og:image:type\" content=\"image\/jpeg\" \/>\n<meta name=\"author\" content=\"Admin Tri\" \/>\n<meta name=\"twitter:card\" content=\"summary_large_image\" \/>\n<meta name=\"twitter:label1\" content=\"Written by\" \/>\n\t<meta name=\"twitter:data1\" content=\"Admin Tri\" \/>\n\t<meta name=\"twitter:label2\" content=\"Est. reading time\" \/>\n\t<meta name=\"twitter:data2\" content=\"2 minute\" \/>\n<script type=\"application\/ld+json\" class=\"yoast-schema-graph\">{\"@context\":\"https:\/\/schema.org\",\"@graph\":[{\"@type\":\"Article\",\"@id\":\"https:\/\/tuzlainfo.ba\/index.php\/bosna-i-hercegovina\/item\/297197-u-mandatu-niksiceve-vlade-otvoreno-samo-996-radnih-mjesta-u-novalicevoj-90-000\/#article\",\"isPartOf\":{\"@id\":\"https:\/\/tuzlainfo.ba\/index.php\/bosna-i-hercegovina\/item\/297197-u-mandatu-niksiceve-vlade-otvoreno-samo-996-radnih-mjesta-u-novalicevoj-90-000\/\"},\"author\":{\"name\":\"Admin Tri\",\"@id\":\"https:\/\/tuzlainfo.ba\/#\/schema\/person\/593e78a2f6378c5ba3e7600ecfa4e63a\"},\"headline\":\"U mandatu Nik\u0161i\u0107eve vlade otvoreno samo 996 radnih mjesta, u Novali\u0107evoj 90.000\",\"datePublished\":\"2026-03-13T14:25:20+00:00\",\"dateModified\":\"2026-03-13T12:48:59+00:00\",\"mainEntityOfPage\":{\"@id\":\"https:\/\/tuzlainfo.ba\/index.php\/bosna-i-hercegovina\/item\/297197-u-mandatu-niksiceve-vlade-otvoreno-samo-996-radnih-mjesta-u-novalicevoj-90-000\/\"},\"wordCount\":333,\"publisher\":{\"@id\":\"https:\/\/tuzlainfo.ba\/#organization\"},\"image\":{\"@id\":\"https:\/\/tuzlainfo.ba\/index.php\/bosna-i-hercegovina\/item\/297197-u-mandatu-niksiceve-vlade-otvoreno-samo-996-radnih-mjesta-u-novalicevoj-90-000\/#primaryimage\"},\"thumbnailUrl\":\"https:\/\/tuzlainfo.ba\/wp-content\/uploads\/2025\/01\/niksic.jpg\",\"keywords\":[\"fadil novali\u0107\",\"nermin nik\u0161i\u0107\"],\"articleSection\":[\"Bosna i Hercegovina\"],\"inLanguage\":\"bs-BA\"},{\"@type\":\"WebPage\",\"@id\":\"https:\/\/tuzlainfo.ba\/index.php\/bosna-i-hercegovina\/item\/297197-u-mandatu-niksiceve-vlade-otvoreno-samo-996-radnih-mjesta-u-novalicevoj-90-000\/\",\"url\":\"https:\/\/tuzlainfo.ba\/index.php\/bosna-i-hercegovina\/item\/297197-u-mandatu-niksiceve-vlade-otvoreno-samo-996-radnih-mjesta-u-novalicevoj-90-000\/\",\"name\":\"U mandatu Nik\u0161i\u0107eve vlade otvoreno samo 996 radnih mjesta, u Novali\u0107evoj 90.000 - TuzlaInfo.ba\",\"isPartOf\":{\"@id\":\"https:\/\/tuzlainfo.ba\/#website\"},\"primaryImageOfPage\":{\"@id\":\"https:\/\/tuzlainfo.ba\/index.php\/bosna-i-hercegovina\/item\/297197-u-mandatu-niksiceve-vlade-otvoreno-samo-996-radnih-mjesta-u-novalicevoj-90-000\/#primaryimage\"},\"image\":{\"@id\":\"https:\/\/tuzlainfo.ba\/index.php\/bosna-i-hercegovina\/item\/297197-u-mandatu-niksiceve-vlade-otvoreno-samo-996-radnih-mjesta-u-novalicevoj-90-000\/#primaryimage\"},\"thumbnailUrl\":\"https:\/\/tuzlainfo.ba\/wp-content\/uploads\/2025\/01\/niksic.jpg\",\"datePublished\":\"2026-03-13T14:25:20+00:00\",\"dateModified\":\"2026-03-13T12:48:59+00:00\",\"breadcrumb\":{\"@id\":\"https:\/\/tuzlainfo.ba\/index.php\/bosna-i-hercegovina\/item\/297197-u-mandatu-niksiceve-vlade-otvoreno-samo-996-radnih-mjesta-u-novalicevoj-90-000\/#breadcrumb\"},\"inLanguage\":\"bs-BA\",\"potentialAction\":[{\"@type\":\"ReadAction\",\"target\":[\"https:\/\/tuzlainfo.ba\/index.php\/bosna-i-hercegovina\/item\/297197-u-mandatu-niksiceve-vlade-otvoreno-samo-996-radnih-mjesta-u-novalicevoj-90-000\/\"]}]},{\"@type\":\"ImageObject\",\"inLanguage\":\"bs-BA\",\"@id\":\"https:\/\/tuzlainfo.ba\/index.php\/bosna-i-hercegovina\/item\/297197-u-mandatu-niksiceve-vlade-otvoreno-samo-996-radnih-mjesta-u-novalicevoj-90-000\/#primaryimage\",\"url\":\"https:\/\/tuzlainfo.ba\/wp-content\/uploads\/2025\/01\/niksic.jpg\",\"contentUrl\":\"https:\/\/tuzlainfo.ba\/wp-content\/uploads\/2025\/01\/niksic.jpg\",\"width\":604,\"height\":453,\"caption\":\"Foto: Vijesti.ba\"},{\"@type\":\"BreadcrumbList\",\"@id\":\"https:\/\/tuzlainfo.ba\/index.php\/bosna-i-hercegovina\/item\/297197-u-mandatu-niksiceve-vlade-otvoreno-samo-996-radnih-mjesta-u-novalicevoj-90-000\/#breadcrumb\",\"itemListElement\":[{\"@type\":\"ListItem\",\"position\":1,\"name\":\"Home\",\"item\":\"https:\/\/tuzlainfo.ba\/\"},{\"@type\":\"ListItem\",\"position\":2,\"name\":\"U mandatu Nik\u0161i\u0107eve vlade otvoreno samo 996 radnih mjesta, u Novali\u0107evoj 90.000\"}]},{\"@type\":\"WebSite\",\"@id\":\"https:\/\/tuzlainfo.ba\/#website\",\"url\":\"https:\/\/tuzlainfo.ba\/\",\"name\":\"TuzlaInfo.ba\",\"description\":\"Tuzla info, gradski informator - Tuzla na dlanu\",\"publisher\":{\"@id\":\"https:\/\/tuzlainfo.ba\/#organization\"},\"potentialAction\":[{\"@type\":\"SearchAction\",\"target\":{\"@type\":\"EntryPoint\",\"urlTemplate\":\"https:\/\/tuzlainfo.ba\/?s={search_term_string}\"},\"query-input\":{\"@type\":\"PropertyValueSpecification\",\"valueRequired\":true,\"valueName\":\"search_term_string\"}}],\"inLanguage\":\"bs-BA\"},{\"@type\":\"Organization\",\"@id\":\"https:\/\/tuzlainfo.ba\/#organization\",\"name\":\"TuzlaInfo.ba\",\"url\":\"https:\/\/tuzlainfo.ba\/\",\"logo\":{\"@type\":\"ImageObject\",\"inLanguage\":\"bs-BA\",\"@id\":\"https:\/\/tuzlainfo.ba\/#\/schema\/logo\/image\/\",\"url\":\"https:\/\/tuzlainfo.ba\/wp-content\/uploads\/2021\/03\/logo-ver-3-1.png\",\"contentUrl\":\"https:\/\/tuzlainfo.ba\/wp-content\/uploads\/2021\/03\/logo-ver-3-1.png\",\"width\":350,\"height\":95,\"caption\":\"TuzlaInfo.ba\"},\"image\":{\"@id\":\"https:\/\/tuzlainfo.ba\/#\/schema\/logo\/image\/\"},\"sameAs\":[\"https:\/\/www.facebook.com\/tuzlainfo.ba\/\"]},{\"@type\":\"Person\",\"@id\":\"https:\/\/tuzlainfo.ba\/#\/schema\/person\/593e78a2f6378c5ba3e7600ecfa4e63a\",\"name\":\"Admin Tri\",\"image\":{\"@type\":\"ImageObject\",\"inLanguage\":\"bs-BA\",\"@id\":\"https:\/\/tuzlainfo.ba\/#\/schema\/person\/image\/\",\"url\":\"https:\/\/tuzlainfo.ba\/wp-content\/litespeed\/avatar\/b7920db4cc34a71ad12497283ad2fe3f.jpg?ver=1777100914\",\"contentUrl\":\"https:\/\/tuzlainfo.ba\/wp-content\/litespeed\/avatar\/b7920db4cc34a71ad12497283ad2fe3f.jpg?ver=1777100914\",\"caption\":\"Admin Tri\"},\"sameAs\":[\"https:\/\/tuzlainfo.ba\"]}]}<\/script>\n<!-- \/ Yoast SEO plugin. -->","yoast_head_json":{"title":"U mandatu Nik\u0161i\u0107eve vlade otvoreno samo 996 radnih mjesta, u Novali\u0107evoj 90.000 - TuzlaInfo.ba","robots":{"index":"index","follow":"follow","max-snippet":"max-snippet:-1","max-image-preview":"max-image-preview:large","max-video-preview":"max-video-preview:-1"},"canonical":"https:\/\/tuzlainfo.ba\/index.php\/bosna-i-hercegovina\/item\/297197-u-mandatu-niksiceve-vlade-otvoreno-samo-996-radnih-mjesta-u-novalicevoj-90-000\/","og_locale":"bs_BA","og_type":"article","og_title":"U mandatu Nik\u0161i\u0107eve vlade otvoreno samo 996 radnih mjesta, u Novali\u0107evoj 90.000 - TuzlaInfo.ba","og_description":"Tokom rasprave o izvje\u0161tajima o radu Vlade Federacije Bosne i Hercegovine za 2023. i 2024.&hellip;","og_url":"https:\/\/tuzlainfo.ba\/index.php\/bosna-i-hercegovina\/item\/297197-u-mandatu-niksiceve-vlade-otvoreno-samo-996-radnih-mjesta-u-novalicevoj-90-000\/","og_site_name":"TuzlaInfo.ba","article_publisher":"https:\/\/www.facebook.com\/tuzlainfo.ba\/","article_published_time":"2026-03-13T14:25:20+00:00","article_modified_time":"2026-03-13T12:48:59+00:00","og_image":[{"width":604,"height":453,"url":"https:\/\/tuzlainfo.ba\/wp-content\/uploads\/2025\/01\/niksic.jpg","type":"image\/jpeg"}],"author":"Admin Tri","twitter_card":"summary_large_image","twitter_misc":{"Written by":"Admin Tri","Est. reading time":"2 minute"},"schema":{"@context":"https:\/\/schema.org","@graph":[{"@type":"Article","@id":"https:\/\/tuzlainfo.ba\/index.php\/bosna-i-hercegovina\/item\/297197-u-mandatu-niksiceve-vlade-otvoreno-samo-996-radnih-mjesta-u-novalicevoj-90-000\/#article","isPartOf":{"@id":"https:\/\/tuzlainfo.ba\/index.php\/bosna-i-hercegovina\/item\/297197-u-mandatu-niksiceve-vlade-otvoreno-samo-996-radnih-mjesta-u-novalicevoj-90-000\/"},"author":{"name":"Admin Tri","@id":"https:\/\/tuzlainfo.ba\/#\/schema\/person\/593e78a2f6378c5ba3e7600ecfa4e63a"},"headline":"U mandatu Nik\u0161i\u0107eve vlade otvoreno samo 996 radnih mjesta, u Novali\u0107evoj 90.000","datePublished":"2026-03-13T14:25:20+00:00","dateModified":"2026-03-13T12:48:59+00:00","mainEntityOfPage":{"@id":"https:\/\/tuzlainfo.ba\/index.php\/bosna-i-hercegovina\/item\/297197-u-mandatu-niksiceve-vlade-otvoreno-samo-996-radnih-mjesta-u-novalicevoj-90-000\/"},"wordCount":333,"publisher":{"@id":"https:\/\/tuzlainfo.ba\/#organization"},"image":{"@id":"https:\/\/tuzlainfo.ba\/index.php\/bosna-i-hercegovina\/item\/297197-u-mandatu-niksiceve-vlade-otvoreno-samo-996-radnih-mjesta-u-novalicevoj-90-000\/#primaryimage"},"thumbnailUrl":"https:\/\/tuzlainfo.ba\/wp-content\/uploads\/2025\/01\/niksic.jpg","keywords":["fadil novali\u0107","nermin nik\u0161i\u0107"],"articleSection":["Bosna i Hercegovina"],"inLanguage":"bs-BA"},{"@type":"WebPage","@id":"https:\/\/tuzlainfo.ba\/index.php\/bosna-i-hercegovina\/item\/297197-u-mandatu-niksiceve-vlade-otvoreno-samo-996-radnih-mjesta-u-novalicevoj-90-000\/","url":"https:\/\/tuzlainfo.ba\/index.php\/bosna-i-hercegovina\/item\/297197-u-mandatu-niksiceve-vlade-otvoreno-samo-996-radnih-mjesta-u-novalicevoj-90-000\/","name":"U mandatu Nik\u0161i\u0107eve vlade otvoreno samo 996 radnih mjesta, u Novali\u0107evoj 90.000 - TuzlaInfo.ba","isPartOf":{"@id":"https:\/\/tuzlainfo.ba\/#website"},"primaryImageOfPage":{"@id":"https:\/\/tuzlainfo.ba\/index.php\/bosna-i-hercegovina\/item\/297197-u-mandatu-niksiceve-vlade-otvoreno-samo-996-radnih-mjesta-u-novalicevoj-90-000\/#primaryimage"},"image":{"@id":"https:\/\/tuzlainfo.ba\/index.php\/bosna-i-hercegovina\/item\/297197-u-mandatu-niksiceve-vlade-otvoreno-samo-996-radnih-mjesta-u-novalicevoj-90-000\/#primaryimage"},"thumbnailUrl":"https:\/\/tuzlainfo.ba\/wp-content\/uploads\/2025\/01\/niksic.jpg","datePublished":"2026-03-13T14:25:20+00:00","dateModified":"2026-03-13T12:48:59+00:00","breadcrumb":{"@id":"https:\/\/tuzlainfo.ba\/index.php\/bosna-i-hercegovina\/item\/297197-u-mandatu-niksiceve-vlade-otvoreno-samo-996-radnih-mjesta-u-novalicevoj-90-000\/#breadcrumb"},"inLanguage":"bs-BA","potentialAction":[{"@type":"ReadAction","target":["https:\/\/tuzlainfo.ba\/index.php\/bosna-i-hercegovina\/item\/297197-u-mandatu-niksiceve-vlade-otvoreno-samo-996-radnih-mjesta-u-novalicevoj-90-000\/"]}]},{"@type":"ImageObject","inLanguage":"bs-BA","@id":"https:\/\/tuzlainfo.ba\/index.php\/bosna-i-hercegovina\/item\/297197-u-mandatu-niksiceve-vlade-otvoreno-samo-996-radnih-mjesta-u-novalicevoj-90-000\/#primaryimage","url":"https:\/\/tuzlainfo.ba\/wp-content\/uploads\/2025\/01\/niksic.jpg","contentUrl":"https:\/\/tuzlainfo.ba\/wp-content\/uploads\/2025\/01\/niksic.jpg","width":604,"height":453,"caption":"Foto: Vijesti.ba"},{"@type":"BreadcrumbList","@id":"https:\/\/tuzlainfo.ba\/index.php\/bosna-i-hercegovina\/item\/297197-u-mandatu-niksiceve-vlade-otvoreno-samo-996-radnih-mjesta-u-novalicevoj-90-000\/#breadcrumb","itemListElement":[{"@type":"ListItem","position":1,"name":"Home","item":"https:\/\/tuzlainfo.ba\/"},{"@type":"ListItem","position":2,"name":"U mandatu Nik\u0161i\u0107eve vlade otvoreno samo 996 radnih mjesta, u Novali\u0107evoj 90.000"}]},{"@type":"WebSite","@id":"https:\/\/tuzlainfo.ba\/#website","url":"https:\/\/tuzlainfo.ba\/","name":"TuzlaInfo.ba","description":"Tuzla info, gradski informator - Tuzla na dlanu","publisher":{"@id":"https:\/\/tuzlainfo.ba\/#organization"},"potentialAction":[{"@type":"SearchAction","target":{"@type":"EntryPoint","urlTemplate":"https:\/\/tuzlainfo.ba\/?s={search_term_string}"},"query-input":{"@type":"PropertyValueSpecification","valueRequired":true,"valueName":"search_term_string"}}],"inLanguage":"bs-BA"},{"@type":"Organization","@id":"https:\/\/tuzlainfo.ba\/#organization","name":"TuzlaInfo.ba","url":"https:\/\/tuzlainfo.ba\/","logo":{"@type":"ImageObject","inLanguage":"bs-BA","@id":"https:\/\/tuzlainfo.ba\/#\/schema\/logo\/image\/","url":"https:\/\/tuzlainfo.ba\/wp-content\/uploads\/2021\/03\/logo-ver-3-1.png","contentUrl":"https:\/\/tuzlainfo.ba\/wp-content\/uploads\/2021\/03\/logo-ver-3-1.png","width":350,"height":95,"caption":"TuzlaInfo.ba"},"image":{"@id":"https:\/\/tuzlainfo.ba\/#\/schema\/logo\/image\/"},"sameAs":["https:\/\/www.facebook.com\/tuzlainfo.ba\/"]},{"@type":"Person","@id":"https:\/\/tuzlainfo.ba\/#\/schema\/person\/593e78a2f6378c5ba3e7600ecfa4e63a","name":"Admin Tri","image":{"@type":"ImageObject","inLanguage":"bs-BA","@id":"https:\/\/tuzlainfo.ba\/#\/schema\/person\/image\/","url":"https:\/\/tuzlainfo.ba\/wp-content\/litespeed\/avatar\/b7920db4cc34a71ad12497283ad2fe3f.jpg?ver=1777100914","contentUrl":"https:\/\/tuzlainfo.ba\/wp-content\/litespeed\/avatar\/b7920db4cc34a71ad12497283ad2fe3f.jpg?ver=1777100914","caption":"Admin Tri"},"sameAs":["https:\/\/tuzlainfo.ba"]}]}},"_links":{"self":[{"href":"https:\/\/tuzlainfo.ba\/index.php\/wp-json\/wp\/v2\/posts\/297197"}],"collection":[{"href":"https:\/\/tuzlainfo.ba\/index.php\/wp-json\/wp\/v2\/posts"}],"about":[{"href":"https:\/\/tuzlainfo.ba\/index.php\/wp-json\/wp\/v2\/types\/post"}],"author":[{"embeddable":true,"href":"https:\/\/tuzlainfo.ba\/index.php\/wp-json\/wp\/v2\/users\/8"}],"replies":[{"embeddable":true,"href":"https:\/\/tuzlainfo.ba\/index.php\/wp-json\/wp\/v2\/comments?post=297197"}],"version-history":[{"count":1,"href":"https:\/\/tuzlainfo.ba\/index.php\/wp-json\/wp\/v2\/posts\/297197\/revisions"}],"predecessor-version":[{"id":297198,"href":"https:\/\/tuzlainfo.ba\/index.php\/wp-json\/wp\/v2\/posts\/297197\/revisions\/297198"}],"wp:featuredmedia":[{"embeddable":true,"href":"https:\/\/tuzlainfo.ba\/index.php\/wp-json\/wp\/v2\/media\/259895"}],"wp:attachment":[{"href":"https:\/\/tuzlainfo.ba\/index.php\/wp-json\/wp\/v2\/media?parent=297197"}],"wp:term":[{"taxonomy":"category","embeddable":true,"href":"https:\/\/tuzlainfo.ba\/index.php\/wp-json\/wp\/v2\/categories?post=297197"},{"taxonomy":"post_tag","embeddable":true,"href":"https:\/\/tuzlainfo.ba\/index.php\/wp-json\/wp\/v2\/tags?post=297197"}],"curies":[{"name":"wp","href":"https:\/\/api.w.org\/{rel}","templated":true}]}}