{"id":297179,"date":"2026-03-13T12:10:01","date_gmt":"2026-03-13T11:10:01","guid":{"rendered":"https:\/\/tuzlainfo.ba\/?p=297179"},"modified":"2026-03-13T09:46:58","modified_gmt":"2026-03-13T08:46:58","slug":"niksic-i-predstavnici-sindikata-bhrt-a-razgovarali-o-stabilnosti-javnog-servisa","status":"publish","type":"post","link":"https:\/\/tuzlainfo.ba\/index.php\/bosna-i-hercegovina\/item\/297179-niksic-i-predstavnici-sindikata-bhrt-a-razgovarali-o-stabilnosti-javnog-servisa\/","title":{"rendered":"Nik\u0161i\u0107 i predstavnici Sindikata BHRT-a razgovarali o stabilnosti javnog servisa"},"content":{"rendered":"<p data-start=\"0\" data-end=\"381\"><span class=\"hover:entity-accent entity-underline inline cursor-pointer align-baseline\"><span class=\"whitespace-normal\">Nermin Nik\u0161i\u0107<\/span><\/span>, premijer <span class=\"hover:entity-accent entity-underline inline cursor-pointer align-baseline\"><span class=\"whitespace-normal\">Vlada Federacije Bosne i Hercegovine<\/span><\/span>, sastao se danas u Sarajevu s rukovodstvom <span class=\"hover:entity-accent entity-underline inline cursor-pointer align-baseline\"><span class=\"whitespace-normal\">Samostalnog sindikata radnika Radiotelevizije Bosne i Hercegovine<\/span><\/span>, koje je predvodila predsjednica Sindikata <span class=\"hover:entity-accent entity-underline inline cursor-pointer align-baseline\"><span class=\"whitespace-normal\">Merima Kurtovi\u0107-Pa\u0161ali\u0107<\/span><\/span>. Na sastanku je razgovarano o polo\u017eaju i izazovima s kojima se suo\u010dava javni servis, s posebnim fokusom na status i probleme radnika.<\/p>\n<p data-start=\"383\" data-end=\"748\">Predstavnici Sindikata ukazali su na te\u0161ku situaciju u <span class=\"hover:entity-accent entity-underline inline cursor-pointer align-baseline\"><span class=\"whitespace-normal\">Radiotelevizija Bosne i Hercegovine<\/span><\/span>, gdje je trenutno zaposleno oko 780 radnika, nagla\u0161avaju\u0107i probleme koji se odnose na njihov radno-pravni i materijalni polo\u017eaj. Istaknuta je i va\u017enost stabilnog funkcioniranja javnog servisa, kao i njegova uloga u informiranju gra\u0111ana i o\u010duvanju demokratskih vrijednosti.<\/p>\n<p data-start=\"750\" data-end=\"971\">Nik\u0161i\u0107 je naveo\u00a0 da razumije zabrinutost zaposlenih te naglasio potrebu pronalaska rje\u0161enja koja \u0107e osigurati stabilnost i nesmetan rad javnog servisa, uz po\u0161tivanje nadle\u017enosti institucija na svim nivoima vlasti.<\/p>\n<p data-start=\"973\" data-end=\"1199\">Tokom sastanka istaknuto je da rje\u0161avanje finansijske stabilnosti <span class=\"hover:entity-accent entity-underline inline cursor-pointer align-baseline\"><span class=\"whitespace-normal\">Radiotelevizija Bosne i Hercegovine<\/span><\/span> zahtijeva koordiniran pristup nadle\u017enih institucija Bosne i Hercegovine i dijalog svih aktera u okviru javnog RTV sistema.<\/p>\n<p data-start=\"1201\" data-end=\"1454\" data-is-last-node=\"\" data-is-only-node=\"\">Nik\u0161i\u0107 je poru\u010dio da je o\u010duvanje kapaciteta dr\u017eavnog javnog servisa od posebnog zna\u010daja, te da \u0107e <span class=\"hover:entity-accent entity-underline inline cursor-pointer align-baseline\"><span class=\"whitespace-normal\">Vlada Federacije Bosne i Hercegovine<\/span><\/span>, u okviru svojih nadle\u017enosti, tra\u017eiti mogu\u0107e modalitete podr\u0161ke radnicima kako bi se ubla\u017eio njihov trenutni polo\u017eaj.<\/p>\n","protected":false},"excerpt":{"rendered":"<p>Nermin Nik\u0161i\u0107, premijer Vlada Federacije Bosne i Hercegovine, sastao se danas u Sarajevu s rukovodstvom&hellip;<\/p>\n","protected":false},"author":4,"featured_media":297181,"comment_status":"closed","ping_status":"closed","sticky":false,"template":"","format":"standard","meta":{"_acf_changed":false,"footnotes":""},"categories":[291],"tags":[754,542],"acf":[],"yoast_head":"<!-- This site is optimized with the Yoast SEO plugin v23.5 - https:\/\/yoast.com\/wordpress\/plugins\/seo\/ -->\n<title>Nik\u0161i\u0107 i predstavnici Sindikata BHRT-a razgovarali o stabilnosti javnog servisa - TuzlaInfo.ba<\/title>\n<meta name=\"robots\" content=\"index, follow, max-snippet:-1, max-image-preview:large, max-video-preview:-1\" \/>\n<link rel=\"canonical\" href=\"https:\/\/tuzlainfo.ba\/index.php\/bosna-i-hercegovina\/item\/297179-niksic-i-predstavnici-sindikata-bhrt-a-razgovarali-o-stabilnosti-javnog-servisa\/\" \/>\n<meta property=\"og:locale\" content=\"bs_BA\" \/>\n<meta property=\"og:type\" content=\"article\" \/>\n<meta property=\"og:title\" content=\"Nik\u0161i\u0107 i predstavnici Sindikata BHRT-a razgovarali o stabilnosti javnog servisa - TuzlaInfo.ba\" \/>\n<meta property=\"og:description\" content=\"Nermin Nik\u0161i\u0107, premijer Vlada Federacije Bosne i Hercegovine, sastao se danas u Sarajevu s rukovodstvom&hellip;\" \/>\n<meta property=\"og:url\" content=\"https:\/\/tuzlainfo.ba\/index.php\/bosna-i-hercegovina\/item\/297179-niksic-i-predstavnici-sindikata-bhrt-a-razgovarali-o-stabilnosti-javnog-servisa\/\" \/>\n<meta property=\"og:site_name\" content=\"TuzlaInfo.ba\" \/>\n<meta property=\"article:publisher\" content=\"https:\/\/www.facebook.com\/tuzlainfo.ba\/\" \/>\n<meta property=\"article:published_time\" content=\"2026-03-13T11:10:01+00:00\" \/>\n<meta property=\"article:modified_time\" content=\"2026-03-13T08:46:58+00:00\" \/>\n<meta property=\"og:image\" content=\"https:\/\/tuzlainfo.ba\/wp-content\/uploads\/2026\/03\/bhrt-niksic.jpg\" \/>\n\t<meta property=\"og:image:width\" content=\"1600\" \/>\n\t<meta property=\"og:image:height\" content=\"900\" \/>\n\t<meta property=\"og:image:type\" content=\"image\/jpeg\" \/>\n<meta name=\"author\" content=\"Tuzla Info\" \/>\n<meta name=\"twitter:card\" content=\"summary_large_image\" \/>\n<meta name=\"twitter:label1\" content=\"Written by\" \/>\n\t<meta name=\"twitter:data1\" content=\"Tuzla Info\" \/>\n\t<meta name=\"twitter:label2\" content=\"Est. reading time\" \/>\n\t<meta name=\"twitter:data2\" content=\"2 minute\" \/>\n<script type=\"application\/ld+json\" class=\"yoast-schema-graph\">{\"@context\":\"https:\/\/schema.org\",\"@graph\":[{\"@type\":\"Article\",\"@id\":\"https:\/\/tuzlainfo.ba\/index.php\/bosna-i-hercegovina\/item\/297179-niksic-i-predstavnici-sindikata-bhrt-a-razgovarali-o-stabilnosti-javnog-servisa\/#article\",\"isPartOf\":{\"@id\":\"https:\/\/tuzlainfo.ba\/index.php\/bosna-i-hercegovina\/item\/297179-niksic-i-predstavnici-sindikata-bhrt-a-razgovarali-o-stabilnosti-javnog-servisa\/\"},\"author\":{\"name\":\"Tuzla Info\",\"@id\":\"https:\/\/tuzlainfo.ba\/#\/schema\/person\/46cad4c57790cbc50781edd14870825a\"},\"headline\":\"Nik\u0161i\u0107 i predstavnici Sindikata BHRT-a razgovarali o stabilnosti javnog servisa\",\"datePublished\":\"2026-03-13T11:10:01+00:00\",\"dateModified\":\"2026-03-13T08:46:58+00:00\",\"mainEntityOfPage\":{\"@id\":\"https:\/\/tuzlainfo.ba\/index.php\/bosna-i-hercegovina\/item\/297179-niksic-i-predstavnici-sindikata-bhrt-a-razgovarali-o-stabilnosti-javnog-servisa\/\"},\"wordCount\":234,\"publisher\":{\"@id\":\"https:\/\/tuzlainfo.ba\/#organization\"},\"image\":{\"@id\":\"https:\/\/tuzlainfo.ba\/index.php\/bosna-i-hercegovina\/item\/297179-niksic-i-predstavnici-sindikata-bhrt-a-razgovarali-o-stabilnosti-javnog-servisa\/#primaryimage\"},\"thumbnailUrl\":\"https:\/\/tuzlainfo.ba\/wp-content\/uploads\/2026\/03\/bhrt-niksic.jpg\",\"keywords\":[\"bhrt\",\"nermin nik\u0161i\u0107\"],\"articleSection\":[\"Bosna i Hercegovina\"],\"inLanguage\":\"bs-BA\"},{\"@type\":\"WebPage\",\"@id\":\"https:\/\/tuzlainfo.ba\/index.php\/bosna-i-hercegovina\/item\/297179-niksic-i-predstavnici-sindikata-bhrt-a-razgovarali-o-stabilnosti-javnog-servisa\/\",\"url\":\"https:\/\/tuzlainfo.ba\/index.php\/bosna-i-hercegovina\/item\/297179-niksic-i-predstavnici-sindikata-bhrt-a-razgovarali-o-stabilnosti-javnog-servisa\/\",\"name\":\"Nik\u0161i\u0107 i predstavnici Sindikata BHRT-a razgovarali o stabilnosti javnog servisa - TuzlaInfo.ba\",\"isPartOf\":{\"@id\":\"https:\/\/tuzlainfo.ba\/#website\"},\"primaryImageOfPage\":{\"@id\":\"https:\/\/tuzlainfo.ba\/index.php\/bosna-i-hercegovina\/item\/297179-niksic-i-predstavnici-sindikata-bhrt-a-razgovarali-o-stabilnosti-javnog-servisa\/#primaryimage\"},\"image\":{\"@id\":\"https:\/\/tuzlainfo.ba\/index.php\/bosna-i-hercegovina\/item\/297179-niksic-i-predstavnici-sindikata-bhrt-a-razgovarali-o-stabilnosti-javnog-servisa\/#primaryimage\"},\"thumbnailUrl\":\"https:\/\/tuzlainfo.ba\/wp-content\/uploads\/2026\/03\/bhrt-niksic.jpg\",\"datePublished\":\"2026-03-13T11:10:01+00:00\",\"dateModified\":\"2026-03-13T08:46:58+00:00\",\"breadcrumb\":{\"@id\":\"https:\/\/tuzlainfo.ba\/index.php\/bosna-i-hercegovina\/item\/297179-niksic-i-predstavnici-sindikata-bhrt-a-razgovarali-o-stabilnosti-javnog-servisa\/#breadcrumb\"},\"inLanguage\":\"bs-BA\",\"potentialAction\":[{\"@type\":\"ReadAction\",\"target\":[\"https:\/\/tuzlainfo.ba\/index.php\/bosna-i-hercegovina\/item\/297179-niksic-i-predstavnici-sindikata-bhrt-a-razgovarali-o-stabilnosti-javnog-servisa\/\"]}]},{\"@type\":\"ImageObject\",\"inLanguage\":\"bs-BA\",\"@id\":\"https:\/\/tuzlainfo.ba\/index.php\/bosna-i-hercegovina\/item\/297179-niksic-i-predstavnici-sindikata-bhrt-a-razgovarali-o-stabilnosti-javnog-servisa\/#primaryimage\",\"url\":\"https:\/\/tuzlainfo.ba\/wp-content\/uploads\/2026\/03\/bhrt-niksic.jpg\",\"contentUrl\":\"https:\/\/tuzlainfo.ba\/wp-content\/uploads\/2026\/03\/bhrt-niksic.jpg\",\"width\":1600,\"height\":900},{\"@type\":\"BreadcrumbList\",\"@id\":\"https:\/\/tuzlainfo.ba\/index.php\/bosna-i-hercegovina\/item\/297179-niksic-i-predstavnici-sindikata-bhrt-a-razgovarali-o-stabilnosti-javnog-servisa\/#breadcrumb\",\"itemListElement\":[{\"@type\":\"ListItem\",\"position\":1,\"name\":\"Home\",\"item\":\"https:\/\/tuzlainfo.ba\/\"},{\"@type\":\"ListItem\",\"position\":2,\"name\":\"Nik\u0161i\u0107 i predstavnici Sindikata BHRT-a razgovarali o stabilnosti javnog servisa\"}]},{\"@type\":\"WebSite\",\"@id\":\"https:\/\/tuzlainfo.ba\/#website\",\"url\":\"https:\/\/tuzlainfo.ba\/\",\"name\":\"TuzlaInfo.ba\",\"description\":\"Tuzla info, gradski informator - Tuzla na dlanu\",\"publisher\":{\"@id\":\"https:\/\/tuzlainfo.ba\/#organization\"},\"potentialAction\":[{\"@type\":\"SearchAction\",\"target\":{\"@type\":\"EntryPoint\",\"urlTemplate\":\"https:\/\/tuzlainfo.ba\/?s={search_term_string}\"},\"query-input\":{\"@type\":\"PropertyValueSpecification\",\"valueRequired\":true,\"valueName\":\"search_term_string\"}}],\"inLanguage\":\"bs-BA\"},{\"@type\":\"Organization\",\"@id\":\"https:\/\/tuzlainfo.ba\/#organization\",\"name\":\"TuzlaInfo.ba\",\"url\":\"https:\/\/tuzlainfo.ba\/\",\"logo\":{\"@type\":\"ImageObject\",\"inLanguage\":\"bs-BA\",\"@id\":\"https:\/\/tuzlainfo.ba\/#\/schema\/logo\/image\/\",\"url\":\"https:\/\/tuzlainfo.ba\/wp-content\/uploads\/2021\/03\/logo-ver-3-1.png\",\"contentUrl\":\"https:\/\/tuzlainfo.ba\/wp-content\/uploads\/2021\/03\/logo-ver-3-1.png\",\"width\":350,\"height\":95,\"caption\":\"TuzlaInfo.ba\"},\"image\":{\"@id\":\"https:\/\/tuzlainfo.ba\/#\/schema\/logo\/image\/\"},\"sameAs\":[\"https:\/\/www.facebook.com\/tuzlainfo.ba\/\"]},{\"@type\":\"Person\",\"@id\":\"https:\/\/tuzlainfo.ba\/#\/schema\/person\/46cad4c57790cbc50781edd14870825a\",\"name\":\"Tuzla Info\",\"image\":{\"@type\":\"ImageObject\",\"inLanguage\":\"bs-BA\",\"@id\":\"https:\/\/tuzlainfo.ba\/#\/schema\/person\/image\/\",\"url\":\"https:\/\/tuzlainfo.ba\/wp-content\/litespeed\/avatar\/b6c453a6c38e3654f2e4416c643fc25c.jpg?ver=1777051911\",\"contentUrl\":\"https:\/\/tuzlainfo.ba\/wp-content\/litespeed\/avatar\/b6c453a6c38e3654f2e4416c643fc25c.jpg?ver=1777051911\",\"caption\":\"Tuzla Info\"}}]}<\/script>\n<!-- \/ Yoast SEO plugin. -->","yoast_head_json":{"title":"Nik\u0161i\u0107 i predstavnici Sindikata BHRT-a razgovarali o stabilnosti javnog servisa - TuzlaInfo.ba","robots":{"index":"index","follow":"follow","max-snippet":"max-snippet:-1","max-image-preview":"max-image-preview:large","max-video-preview":"max-video-preview:-1"},"canonical":"https:\/\/tuzlainfo.ba\/index.php\/bosna-i-hercegovina\/item\/297179-niksic-i-predstavnici-sindikata-bhrt-a-razgovarali-o-stabilnosti-javnog-servisa\/","og_locale":"bs_BA","og_type":"article","og_title":"Nik\u0161i\u0107 i predstavnici Sindikata BHRT-a razgovarali o stabilnosti javnog servisa - TuzlaInfo.ba","og_description":"Nermin Nik\u0161i\u0107, premijer Vlada Federacije Bosne i Hercegovine, sastao se danas u Sarajevu s rukovodstvom&hellip;","og_url":"https:\/\/tuzlainfo.ba\/index.php\/bosna-i-hercegovina\/item\/297179-niksic-i-predstavnici-sindikata-bhrt-a-razgovarali-o-stabilnosti-javnog-servisa\/","og_site_name":"TuzlaInfo.ba","article_publisher":"https:\/\/www.facebook.com\/tuzlainfo.ba\/","article_published_time":"2026-03-13T11:10:01+00:00","article_modified_time":"2026-03-13T08:46:58+00:00","og_image":[{"width":1600,"height":900,"url":"https:\/\/tuzlainfo.ba\/wp-content\/uploads\/2026\/03\/bhrt-niksic.jpg","type":"image\/jpeg"}],"author":"Tuzla Info","twitter_card":"summary_large_image","twitter_misc":{"Written by":"Tuzla Info","Est. reading time":"2 minute"},"schema":{"@context":"https:\/\/schema.org","@graph":[{"@type":"Article","@id":"https:\/\/tuzlainfo.ba\/index.php\/bosna-i-hercegovina\/item\/297179-niksic-i-predstavnici-sindikata-bhrt-a-razgovarali-o-stabilnosti-javnog-servisa\/#article","isPartOf":{"@id":"https:\/\/tuzlainfo.ba\/index.php\/bosna-i-hercegovina\/item\/297179-niksic-i-predstavnici-sindikata-bhrt-a-razgovarali-o-stabilnosti-javnog-servisa\/"},"author":{"name":"Tuzla Info","@id":"https:\/\/tuzlainfo.ba\/#\/schema\/person\/46cad4c57790cbc50781edd14870825a"},"headline":"Nik\u0161i\u0107 i predstavnici Sindikata BHRT-a razgovarali o stabilnosti javnog servisa","datePublished":"2026-03-13T11:10:01+00:00","dateModified":"2026-03-13T08:46:58+00:00","mainEntityOfPage":{"@id":"https:\/\/tuzlainfo.ba\/index.php\/bosna-i-hercegovina\/item\/297179-niksic-i-predstavnici-sindikata-bhrt-a-razgovarali-o-stabilnosti-javnog-servisa\/"},"wordCount":234,"publisher":{"@id":"https:\/\/tuzlainfo.ba\/#organization"},"image":{"@id":"https:\/\/tuzlainfo.ba\/index.php\/bosna-i-hercegovina\/item\/297179-niksic-i-predstavnici-sindikata-bhrt-a-razgovarali-o-stabilnosti-javnog-servisa\/#primaryimage"},"thumbnailUrl":"https:\/\/tuzlainfo.ba\/wp-content\/uploads\/2026\/03\/bhrt-niksic.jpg","keywords":["bhrt","nermin nik\u0161i\u0107"],"articleSection":["Bosna i Hercegovina"],"inLanguage":"bs-BA"},{"@type":"WebPage","@id":"https:\/\/tuzlainfo.ba\/index.php\/bosna-i-hercegovina\/item\/297179-niksic-i-predstavnici-sindikata-bhrt-a-razgovarali-o-stabilnosti-javnog-servisa\/","url":"https:\/\/tuzlainfo.ba\/index.php\/bosna-i-hercegovina\/item\/297179-niksic-i-predstavnici-sindikata-bhrt-a-razgovarali-o-stabilnosti-javnog-servisa\/","name":"Nik\u0161i\u0107 i predstavnici Sindikata BHRT-a razgovarali o stabilnosti javnog servisa - TuzlaInfo.ba","isPartOf":{"@id":"https:\/\/tuzlainfo.ba\/#website"},"primaryImageOfPage":{"@id":"https:\/\/tuzlainfo.ba\/index.php\/bosna-i-hercegovina\/item\/297179-niksic-i-predstavnici-sindikata-bhrt-a-razgovarali-o-stabilnosti-javnog-servisa\/#primaryimage"},"image":{"@id":"https:\/\/tuzlainfo.ba\/index.php\/bosna-i-hercegovina\/item\/297179-niksic-i-predstavnici-sindikata-bhrt-a-razgovarali-o-stabilnosti-javnog-servisa\/#primaryimage"},"thumbnailUrl":"https:\/\/tuzlainfo.ba\/wp-content\/uploads\/2026\/03\/bhrt-niksic.jpg","datePublished":"2026-03-13T11:10:01+00:00","dateModified":"2026-03-13T08:46:58+00:00","breadcrumb":{"@id":"https:\/\/tuzlainfo.ba\/index.php\/bosna-i-hercegovina\/item\/297179-niksic-i-predstavnici-sindikata-bhrt-a-razgovarali-o-stabilnosti-javnog-servisa\/#breadcrumb"},"inLanguage":"bs-BA","potentialAction":[{"@type":"ReadAction","target":["https:\/\/tuzlainfo.ba\/index.php\/bosna-i-hercegovina\/item\/297179-niksic-i-predstavnici-sindikata-bhrt-a-razgovarali-o-stabilnosti-javnog-servisa\/"]}]},{"@type":"ImageObject","inLanguage":"bs-BA","@id":"https:\/\/tuzlainfo.ba\/index.php\/bosna-i-hercegovina\/item\/297179-niksic-i-predstavnici-sindikata-bhrt-a-razgovarali-o-stabilnosti-javnog-servisa\/#primaryimage","url":"https:\/\/tuzlainfo.ba\/wp-content\/uploads\/2026\/03\/bhrt-niksic.jpg","contentUrl":"https:\/\/tuzlainfo.ba\/wp-content\/uploads\/2026\/03\/bhrt-niksic.jpg","width":1600,"height":900},{"@type":"BreadcrumbList","@id":"https:\/\/tuzlainfo.ba\/index.php\/bosna-i-hercegovina\/item\/297179-niksic-i-predstavnici-sindikata-bhrt-a-razgovarali-o-stabilnosti-javnog-servisa\/#breadcrumb","itemListElement":[{"@type":"ListItem","position":1,"name":"Home","item":"https:\/\/tuzlainfo.ba\/"},{"@type":"ListItem","position":2,"name":"Nik\u0161i\u0107 i predstavnici Sindikata BHRT-a razgovarali o stabilnosti javnog servisa"}]},{"@type":"WebSite","@id":"https:\/\/tuzlainfo.ba\/#website","url":"https:\/\/tuzlainfo.ba\/","name":"TuzlaInfo.ba","description":"Tuzla info, gradski informator - Tuzla na dlanu","publisher":{"@id":"https:\/\/tuzlainfo.ba\/#organization"},"potentialAction":[{"@type":"SearchAction","target":{"@type":"EntryPoint","urlTemplate":"https:\/\/tuzlainfo.ba\/?s={search_term_string}"},"query-input":{"@type":"PropertyValueSpecification","valueRequired":true,"valueName":"search_term_string"}}],"inLanguage":"bs-BA"},{"@type":"Organization","@id":"https:\/\/tuzlainfo.ba\/#organization","name":"TuzlaInfo.ba","url":"https:\/\/tuzlainfo.ba\/","logo":{"@type":"ImageObject","inLanguage":"bs-BA","@id":"https:\/\/tuzlainfo.ba\/#\/schema\/logo\/image\/","url":"https:\/\/tuzlainfo.ba\/wp-content\/uploads\/2021\/03\/logo-ver-3-1.png","contentUrl":"https:\/\/tuzlainfo.ba\/wp-content\/uploads\/2021\/03\/logo-ver-3-1.png","width":350,"height":95,"caption":"TuzlaInfo.ba"},"image":{"@id":"https:\/\/tuzlainfo.ba\/#\/schema\/logo\/image\/"},"sameAs":["https:\/\/www.facebook.com\/tuzlainfo.ba\/"]},{"@type":"Person","@id":"https:\/\/tuzlainfo.ba\/#\/schema\/person\/46cad4c57790cbc50781edd14870825a","name":"Tuzla Info","image":{"@type":"ImageObject","inLanguage":"bs-BA","@id":"https:\/\/tuzlainfo.ba\/#\/schema\/person\/image\/","url":"https:\/\/tuzlainfo.ba\/wp-content\/litespeed\/avatar\/b6c453a6c38e3654f2e4416c643fc25c.jpg?ver=1777051911","contentUrl":"https:\/\/tuzlainfo.ba\/wp-content\/litespeed\/avatar\/b6c453a6c38e3654f2e4416c643fc25c.jpg?ver=1777051911","caption":"Tuzla Info"}}]}},"_links":{"self":[{"href":"https:\/\/tuzlainfo.ba\/index.php\/wp-json\/wp\/v2\/posts\/297179"}],"collection":[{"href":"https:\/\/tuzlainfo.ba\/index.php\/wp-json\/wp\/v2\/posts"}],"about":[{"href":"https:\/\/tuzlainfo.ba\/index.php\/wp-json\/wp\/v2\/types\/post"}],"author":[{"embeddable":true,"href":"https:\/\/tuzlainfo.ba\/index.php\/wp-json\/wp\/v2\/users\/4"}],"replies":[{"embeddable":true,"href":"https:\/\/tuzlainfo.ba\/index.php\/wp-json\/wp\/v2\/comments?post=297179"}],"version-history":[{"count":1,"href":"https:\/\/tuzlainfo.ba\/index.php\/wp-json\/wp\/v2\/posts\/297179\/revisions"}],"predecessor-version":[{"id":297182,"href":"https:\/\/tuzlainfo.ba\/index.php\/wp-json\/wp\/v2\/posts\/297179\/revisions\/297182"}],"wp:featuredmedia":[{"embeddable":true,"href":"https:\/\/tuzlainfo.ba\/index.php\/wp-json\/wp\/v2\/media\/297181"}],"wp:attachment":[{"href":"https:\/\/tuzlainfo.ba\/index.php\/wp-json\/wp\/v2\/media?parent=297179"}],"wp:term":[{"taxonomy":"category","embeddable":true,"href":"https:\/\/tuzlainfo.ba\/index.php\/wp-json\/wp\/v2\/categories?post=297179"},{"taxonomy":"post_tag","embeddable":true,"href":"https:\/\/tuzlainfo.ba\/index.php\/wp-json\/wp\/v2\/tags?post=297179"}],"curies":[{"name":"wp","href":"https:\/\/api.w.org\/{rel}","templated":true}]}}