{"id":297164,"date":"2026-03-13T10:10:09","date_gmt":"2026-03-13T09:10:09","guid":{"rendered":"https:\/\/tuzlainfo.ba\/?p=297164"},"modified":"2026-03-13T08:38:24","modified_gmt":"2026-03-13T07:38:24","slug":"otvaraju-se-javni-pozivi-za-programe-zaposljavanja-i-samozaposljavanja-u-fbih","status":"publish","type":"post","link":"https:\/\/tuzlainfo.ba\/index.php\/bosna-i-hercegovina\/item\/297164-otvaraju-se-javni-pozivi-za-programe-zaposljavanja-i-samozaposljavanja-u-fbih\/","title":{"rendered":"Otvaraju se javni pozivi za programe zapo\u0161ljavanja i samozapo\u0161ljavanja u FBiH"},"content":{"rendered":"<p data-start=\"119\" data-end=\"316\"><span class=\"hover:entity-accent entity-underline inline cursor-pointer align-baseline\"><span class=\"whitespace-normal\">Federalni zavod za zapo\u0161ljavanje<\/span><\/span> obavijestio je poslodavce i nezaposlene osobe o terminima otvaranja javnih poziva za programe sufinansiranja zapo\u0161ljavanja i samozapo\u0161ljavanja za 2026. godinu.<\/p>\n<p data-start=\"318\" data-end=\"593\">Javni poziv za u\u010de\u0161\u0107e u Programu sufinansiranja zapo\u0161ljavanja 2026, osim za mjeru \u201eTra\u017eim poslodavca 2026\u201c, koja \u0107e biti objavljena naknadno, bit \u0107e otvoren 23., 24. i 25. marta 2026. godine u periodu od 8 do 16 sati putem web portala Zavoda u rubrici \u201eProjekti\u201c.<\/p>\n<p data-start=\"595\" data-end=\"906\">Istovremeno, nezaposlenim osobama \u0107e biti omogu\u0107en pristup Programu sufinansiranja samozapo\u0161ljavanja Start up 2026, \u010diji \u0107e javni poziv biti otvoren 25., 26. i 27. marta 2026. godine, tako\u0111er u periodu od 8 do 16 sati na web portalu Zavoda. Apliciranje na oba programa vr\u0161i se isklju\u010divo online.<\/p>\n<p data-start=\"908\" data-end=\"1306\">Iz Zavoda navode da \u0107e od 23. marta 2026. godine biti omogu\u0107eno i podno\u0161enje zahtjeva za u\u010de\u0161\u0107e u nekoliko dodatnih programa. Me\u0111u njima su Program sufinansiranja samozapo\u0161ljavanja u oblasti poljoprivrede 2026, Obuka za tr\u017ei\u0161te rada 2026, Obuka i rad kod poznatog poslodavca 2026, Slu\u017eba u saradnji sa poslodavcima 2026, kao i Program samozapo\u0161ljavanja \u2013 Druga prilika 2026.<\/p>\n<p data-start=\"1308\" data-end=\"1401\">Dinamiku realizacije posljednja dva programa definirat \u0107e kantonalne slu\u017ebe za zapo\u0161ljavanje.<\/p>\n<p data-start=\"1403\" data-end=\"1516\">Potencijalni korisnici pozvani su da se prije apliciranja upoznaju sa programima dostupnim na web portalu Zavoda.<\/p>\n<p data-start=\"1518\" data-end=\"1783\" data-is-last-node=\"\" data-is-only-node=\"\">Iz <span class=\"hover:entity-accent entity-underline inline cursor-pointer align-baseline\"><span class=\"whitespace-normal\">Federalnog zavoda za zapo\u0161ljavanje<\/span><\/span> napominju da se poslodavci i nezaposlene osobe koje planiraju aplicirati za poticajna sredstva moraju prethodno registrovati na web portalu najkasnije do 15. marta 2026. godine do 18 sati, ukoliko to ranije nisu u\u010dinili.<\/p>\n","protected":false},"excerpt":{"rendered":"<p>Federalni zavod za zapo\u0161ljavanje obavijestio je poslodavce i nezaposlene osobe o terminima otvaranja javnih poziva&hellip;<\/p>\n","protected":false},"author":4,"featured_media":82822,"comment_status":"closed","ping_status":"closed","sticky":false,"template":"","format":"standard","meta":{"_acf_changed":false,"footnotes":""},"categories":[291,304],"tags":[4169],"acf":[],"yoast_head":"<!-- This site is optimized with the Yoast SEO plugin v23.5 - https:\/\/yoast.com\/wordpress\/plugins\/seo\/ -->\n<title>Otvaraju se javni pozivi za programe zapo\u0161ljavanja i samozapo\u0161ljavanja u FBiH - TuzlaInfo.ba<\/title>\n<meta name=\"robots\" content=\"index, follow, max-snippet:-1, max-image-preview:large, max-video-preview:-1\" \/>\n<link rel=\"canonical\" href=\"https:\/\/tuzlainfo.ba\/index.php\/bosna-i-hercegovina\/item\/297164-otvaraju-se-javni-pozivi-za-programe-zaposljavanja-i-samozaposljavanja-u-fbih\/\" \/>\n<meta property=\"og:locale\" content=\"bs_BA\" \/>\n<meta property=\"og:type\" content=\"article\" \/>\n<meta property=\"og:title\" content=\"Otvaraju se javni pozivi za programe zapo\u0161ljavanja i samozapo\u0161ljavanja u FBiH - TuzlaInfo.ba\" \/>\n<meta property=\"og:description\" content=\"Federalni zavod za zapo\u0161ljavanje obavijestio je poslodavce i nezaposlene osobe o terminima otvaranja javnih poziva&hellip;\" \/>\n<meta property=\"og:url\" content=\"https:\/\/tuzlainfo.ba\/index.php\/bosna-i-hercegovina\/item\/297164-otvaraju-se-javni-pozivi-za-programe-zaposljavanja-i-samozaposljavanja-u-fbih\/\" \/>\n<meta property=\"og:site_name\" content=\"TuzlaInfo.ba\" \/>\n<meta property=\"article:publisher\" content=\"https:\/\/www.facebook.com\/tuzlainfo.ba\/\" \/>\n<meta property=\"article:published_time\" content=\"2026-03-13T09:10:09+00:00\" \/>\n<meta property=\"article:modified_time\" content=\"2026-03-13T07:38:24+00:00\" \/>\n<meta property=\"og:image\" content=\"https:\/\/tuzlainfo.ba\/wp-content\/uploads\/2020\/09\/sadrzaj_2020_20200901_2309_fzzz.jpg\" \/>\n\t<meta property=\"og:image:width\" content=\"770\" \/>\n\t<meta property=\"og:image:height\" content=\"547\" \/>\n\t<meta property=\"og:image:type\" content=\"image\/jpeg\" \/>\n<meta name=\"author\" content=\"Tuzla Info\" \/>\n<meta name=\"twitter:card\" content=\"summary_large_image\" \/>\n<meta name=\"twitter:label1\" content=\"Written by\" \/>\n\t<meta name=\"twitter:data1\" content=\"Tuzla Info\" \/>\n\t<meta name=\"twitter:label2\" content=\"Est. reading time\" \/>\n\t<meta name=\"twitter:data2\" content=\"2 minute\" \/>\n<script type=\"application\/ld+json\" class=\"yoast-schema-graph\">{\"@context\":\"https:\/\/schema.org\",\"@graph\":[{\"@type\":\"Article\",\"@id\":\"https:\/\/tuzlainfo.ba\/index.php\/bosna-i-hercegovina\/item\/297164-otvaraju-se-javni-pozivi-za-programe-zaposljavanja-i-samozaposljavanja-u-fbih\/#article\",\"isPartOf\":{\"@id\":\"https:\/\/tuzlainfo.ba\/index.php\/bosna-i-hercegovina\/item\/297164-otvaraju-se-javni-pozivi-za-programe-zaposljavanja-i-samozaposljavanja-u-fbih\/\"},\"author\":{\"name\":\"Tuzla Info\",\"@id\":\"https:\/\/tuzlainfo.ba\/#\/schema\/person\/46cad4c57790cbc50781edd14870825a\"},\"headline\":\"Otvaraju se javni pozivi za programe zapo\u0161ljavanja i samozapo\u0161ljavanja u FBiH\",\"datePublished\":\"2026-03-13T09:10:09+00:00\",\"dateModified\":\"2026-03-13T07:38:24+00:00\",\"mainEntityOfPage\":{\"@id\":\"https:\/\/tuzlainfo.ba\/index.php\/bosna-i-hercegovina\/item\/297164-otvaraju-se-javni-pozivi-za-programe-zaposljavanja-i-samozaposljavanja-u-fbih\/\"},\"wordCount\":248,\"publisher\":{\"@id\":\"https:\/\/tuzlainfo.ba\/#organization\"},\"image\":{\"@id\":\"https:\/\/tuzlainfo.ba\/index.php\/bosna-i-hercegovina\/item\/297164-otvaraju-se-javni-pozivi-za-programe-zaposljavanja-i-samozaposljavanja-u-fbih\/#primaryimage\"},\"thumbnailUrl\":\"https:\/\/tuzlainfo.ba\/wp-content\/uploads\/2020\/09\/sadrzaj_2020_20200901_2309_fzzz.jpg\",\"keywords\":[\"fzzz\"],\"articleSection\":[\"Bosna i Hercegovina\",\"Istaknuto\"],\"inLanguage\":\"bs-BA\"},{\"@type\":\"WebPage\",\"@id\":\"https:\/\/tuzlainfo.ba\/index.php\/bosna-i-hercegovina\/item\/297164-otvaraju-se-javni-pozivi-za-programe-zaposljavanja-i-samozaposljavanja-u-fbih\/\",\"url\":\"https:\/\/tuzlainfo.ba\/index.php\/bosna-i-hercegovina\/item\/297164-otvaraju-se-javni-pozivi-za-programe-zaposljavanja-i-samozaposljavanja-u-fbih\/\",\"name\":\"Otvaraju se javni pozivi za programe zapo\u0161ljavanja i samozapo\u0161ljavanja u FBiH - TuzlaInfo.ba\",\"isPartOf\":{\"@id\":\"https:\/\/tuzlainfo.ba\/#website\"},\"primaryImageOfPage\":{\"@id\":\"https:\/\/tuzlainfo.ba\/index.php\/bosna-i-hercegovina\/item\/297164-otvaraju-se-javni-pozivi-za-programe-zaposljavanja-i-samozaposljavanja-u-fbih\/#primaryimage\"},\"image\":{\"@id\":\"https:\/\/tuzlainfo.ba\/index.php\/bosna-i-hercegovina\/item\/297164-otvaraju-se-javni-pozivi-za-programe-zaposljavanja-i-samozaposljavanja-u-fbih\/#primaryimage\"},\"thumbnailUrl\":\"https:\/\/tuzlainfo.ba\/wp-content\/uploads\/2020\/09\/sadrzaj_2020_20200901_2309_fzzz.jpg\",\"datePublished\":\"2026-03-13T09:10:09+00:00\",\"dateModified\":\"2026-03-13T07:38:24+00:00\",\"breadcrumb\":{\"@id\":\"https:\/\/tuzlainfo.ba\/index.php\/bosna-i-hercegovina\/item\/297164-otvaraju-se-javni-pozivi-za-programe-zaposljavanja-i-samozaposljavanja-u-fbih\/#breadcrumb\"},\"inLanguage\":\"bs-BA\",\"potentialAction\":[{\"@type\":\"ReadAction\",\"target\":[\"https:\/\/tuzlainfo.ba\/index.php\/bosna-i-hercegovina\/item\/297164-otvaraju-se-javni-pozivi-za-programe-zaposljavanja-i-samozaposljavanja-u-fbih\/\"]}]},{\"@type\":\"ImageObject\",\"inLanguage\":\"bs-BA\",\"@id\":\"https:\/\/tuzlainfo.ba\/index.php\/bosna-i-hercegovina\/item\/297164-otvaraju-se-javni-pozivi-za-programe-zaposljavanja-i-samozaposljavanja-u-fbih\/#primaryimage\",\"url\":\"https:\/\/tuzlainfo.ba\/wp-content\/uploads\/2020\/09\/sadrzaj_2020_20200901_2309_fzzz.jpg\",\"contentUrl\":\"https:\/\/tuzlainfo.ba\/wp-content\/uploads\/2020\/09\/sadrzaj_2020_20200901_2309_fzzz.jpg\",\"width\":770,\"height\":547,\"caption\":\"2309 fzzz\"},{\"@type\":\"BreadcrumbList\",\"@id\":\"https:\/\/tuzlainfo.ba\/index.php\/bosna-i-hercegovina\/item\/297164-otvaraju-se-javni-pozivi-za-programe-zaposljavanja-i-samozaposljavanja-u-fbih\/#breadcrumb\",\"itemListElement\":[{\"@type\":\"ListItem\",\"position\":1,\"name\":\"Home\",\"item\":\"https:\/\/tuzlainfo.ba\/\"},{\"@type\":\"ListItem\",\"position\":2,\"name\":\"Otvaraju se javni pozivi za programe zapo\u0161ljavanja i samozapo\u0161ljavanja u FBiH\"}]},{\"@type\":\"WebSite\",\"@id\":\"https:\/\/tuzlainfo.ba\/#website\",\"url\":\"https:\/\/tuzlainfo.ba\/\",\"name\":\"TuzlaInfo.ba\",\"description\":\"Tuzla info, gradski informator - Tuzla na dlanu\",\"publisher\":{\"@id\":\"https:\/\/tuzlainfo.ba\/#organization\"},\"potentialAction\":[{\"@type\":\"SearchAction\",\"target\":{\"@type\":\"EntryPoint\",\"urlTemplate\":\"https:\/\/tuzlainfo.ba\/?s={search_term_string}\"},\"query-input\":{\"@type\":\"PropertyValueSpecification\",\"valueRequired\":true,\"valueName\":\"search_term_string\"}}],\"inLanguage\":\"bs-BA\"},{\"@type\":\"Organization\",\"@id\":\"https:\/\/tuzlainfo.ba\/#organization\",\"name\":\"TuzlaInfo.ba\",\"url\":\"https:\/\/tuzlainfo.ba\/\",\"logo\":{\"@type\":\"ImageObject\",\"inLanguage\":\"bs-BA\",\"@id\":\"https:\/\/tuzlainfo.ba\/#\/schema\/logo\/image\/\",\"url\":\"https:\/\/tuzlainfo.ba\/wp-content\/uploads\/2021\/03\/logo-ver-3-1.png\",\"contentUrl\":\"https:\/\/tuzlainfo.ba\/wp-content\/uploads\/2021\/03\/logo-ver-3-1.png\",\"width\":350,\"height\":95,\"caption\":\"TuzlaInfo.ba\"},\"image\":{\"@id\":\"https:\/\/tuzlainfo.ba\/#\/schema\/logo\/image\/\"},\"sameAs\":[\"https:\/\/www.facebook.com\/tuzlainfo.ba\/\"]},{\"@type\":\"Person\",\"@id\":\"https:\/\/tuzlainfo.ba\/#\/schema\/person\/46cad4c57790cbc50781edd14870825a\",\"name\":\"Tuzla Info\",\"image\":{\"@type\":\"ImageObject\",\"inLanguage\":\"bs-BA\",\"@id\":\"https:\/\/tuzlainfo.ba\/#\/schema\/person\/image\/\",\"url\":\"https:\/\/tuzlainfo.ba\/wp-content\/litespeed\/avatar\/b6c453a6c38e3654f2e4416c643fc25c.jpg?ver=1777051911\",\"contentUrl\":\"https:\/\/tuzlainfo.ba\/wp-content\/litespeed\/avatar\/b6c453a6c38e3654f2e4416c643fc25c.jpg?ver=1777051911\",\"caption\":\"Tuzla Info\"}}]}<\/script>\n<!-- \/ Yoast SEO plugin. -->","yoast_head_json":{"title":"Otvaraju se javni pozivi za programe zapo\u0161ljavanja i samozapo\u0161ljavanja u FBiH - TuzlaInfo.ba","robots":{"index":"index","follow":"follow","max-snippet":"max-snippet:-1","max-image-preview":"max-image-preview:large","max-video-preview":"max-video-preview:-1"},"canonical":"https:\/\/tuzlainfo.ba\/index.php\/bosna-i-hercegovina\/item\/297164-otvaraju-se-javni-pozivi-za-programe-zaposljavanja-i-samozaposljavanja-u-fbih\/","og_locale":"bs_BA","og_type":"article","og_title":"Otvaraju se javni pozivi za programe zapo\u0161ljavanja i samozapo\u0161ljavanja u FBiH - TuzlaInfo.ba","og_description":"Federalni zavod za zapo\u0161ljavanje obavijestio je poslodavce i nezaposlene osobe o terminima otvaranja javnih poziva&hellip;","og_url":"https:\/\/tuzlainfo.ba\/index.php\/bosna-i-hercegovina\/item\/297164-otvaraju-se-javni-pozivi-za-programe-zaposljavanja-i-samozaposljavanja-u-fbih\/","og_site_name":"TuzlaInfo.ba","article_publisher":"https:\/\/www.facebook.com\/tuzlainfo.ba\/","article_published_time":"2026-03-13T09:10:09+00:00","article_modified_time":"2026-03-13T07:38:24+00:00","og_image":[{"width":770,"height":547,"url":"https:\/\/tuzlainfo.ba\/wp-content\/uploads\/2020\/09\/sadrzaj_2020_20200901_2309_fzzz.jpg","type":"image\/jpeg"}],"author":"Tuzla Info","twitter_card":"summary_large_image","twitter_misc":{"Written by":"Tuzla Info","Est. reading time":"2 minute"},"schema":{"@context":"https:\/\/schema.org","@graph":[{"@type":"Article","@id":"https:\/\/tuzlainfo.ba\/index.php\/bosna-i-hercegovina\/item\/297164-otvaraju-se-javni-pozivi-za-programe-zaposljavanja-i-samozaposljavanja-u-fbih\/#article","isPartOf":{"@id":"https:\/\/tuzlainfo.ba\/index.php\/bosna-i-hercegovina\/item\/297164-otvaraju-se-javni-pozivi-za-programe-zaposljavanja-i-samozaposljavanja-u-fbih\/"},"author":{"name":"Tuzla Info","@id":"https:\/\/tuzlainfo.ba\/#\/schema\/person\/46cad4c57790cbc50781edd14870825a"},"headline":"Otvaraju se javni pozivi za programe zapo\u0161ljavanja i samozapo\u0161ljavanja u FBiH","datePublished":"2026-03-13T09:10:09+00:00","dateModified":"2026-03-13T07:38:24+00:00","mainEntityOfPage":{"@id":"https:\/\/tuzlainfo.ba\/index.php\/bosna-i-hercegovina\/item\/297164-otvaraju-se-javni-pozivi-za-programe-zaposljavanja-i-samozaposljavanja-u-fbih\/"},"wordCount":248,"publisher":{"@id":"https:\/\/tuzlainfo.ba\/#organization"},"image":{"@id":"https:\/\/tuzlainfo.ba\/index.php\/bosna-i-hercegovina\/item\/297164-otvaraju-se-javni-pozivi-za-programe-zaposljavanja-i-samozaposljavanja-u-fbih\/#primaryimage"},"thumbnailUrl":"https:\/\/tuzlainfo.ba\/wp-content\/uploads\/2020\/09\/sadrzaj_2020_20200901_2309_fzzz.jpg","keywords":["fzzz"],"articleSection":["Bosna i Hercegovina","Istaknuto"],"inLanguage":"bs-BA"},{"@type":"WebPage","@id":"https:\/\/tuzlainfo.ba\/index.php\/bosna-i-hercegovina\/item\/297164-otvaraju-se-javni-pozivi-za-programe-zaposljavanja-i-samozaposljavanja-u-fbih\/","url":"https:\/\/tuzlainfo.ba\/index.php\/bosna-i-hercegovina\/item\/297164-otvaraju-se-javni-pozivi-za-programe-zaposljavanja-i-samozaposljavanja-u-fbih\/","name":"Otvaraju se javni pozivi za programe zapo\u0161ljavanja i samozapo\u0161ljavanja u FBiH - TuzlaInfo.ba","isPartOf":{"@id":"https:\/\/tuzlainfo.ba\/#website"},"primaryImageOfPage":{"@id":"https:\/\/tuzlainfo.ba\/index.php\/bosna-i-hercegovina\/item\/297164-otvaraju-se-javni-pozivi-za-programe-zaposljavanja-i-samozaposljavanja-u-fbih\/#primaryimage"},"image":{"@id":"https:\/\/tuzlainfo.ba\/index.php\/bosna-i-hercegovina\/item\/297164-otvaraju-se-javni-pozivi-za-programe-zaposljavanja-i-samozaposljavanja-u-fbih\/#primaryimage"},"thumbnailUrl":"https:\/\/tuzlainfo.ba\/wp-content\/uploads\/2020\/09\/sadrzaj_2020_20200901_2309_fzzz.jpg","datePublished":"2026-03-13T09:10:09+00:00","dateModified":"2026-03-13T07:38:24+00:00","breadcrumb":{"@id":"https:\/\/tuzlainfo.ba\/index.php\/bosna-i-hercegovina\/item\/297164-otvaraju-se-javni-pozivi-za-programe-zaposljavanja-i-samozaposljavanja-u-fbih\/#breadcrumb"},"inLanguage":"bs-BA","potentialAction":[{"@type":"ReadAction","target":["https:\/\/tuzlainfo.ba\/index.php\/bosna-i-hercegovina\/item\/297164-otvaraju-se-javni-pozivi-za-programe-zaposljavanja-i-samozaposljavanja-u-fbih\/"]}]},{"@type":"ImageObject","inLanguage":"bs-BA","@id":"https:\/\/tuzlainfo.ba\/index.php\/bosna-i-hercegovina\/item\/297164-otvaraju-se-javni-pozivi-za-programe-zaposljavanja-i-samozaposljavanja-u-fbih\/#primaryimage","url":"https:\/\/tuzlainfo.ba\/wp-content\/uploads\/2020\/09\/sadrzaj_2020_20200901_2309_fzzz.jpg","contentUrl":"https:\/\/tuzlainfo.ba\/wp-content\/uploads\/2020\/09\/sadrzaj_2020_20200901_2309_fzzz.jpg","width":770,"height":547,"caption":"2309 fzzz"},{"@type":"BreadcrumbList","@id":"https:\/\/tuzlainfo.ba\/index.php\/bosna-i-hercegovina\/item\/297164-otvaraju-se-javni-pozivi-za-programe-zaposljavanja-i-samozaposljavanja-u-fbih\/#breadcrumb","itemListElement":[{"@type":"ListItem","position":1,"name":"Home","item":"https:\/\/tuzlainfo.ba\/"},{"@type":"ListItem","position":2,"name":"Otvaraju se javni pozivi za programe zapo\u0161ljavanja i samozapo\u0161ljavanja u FBiH"}]},{"@type":"WebSite","@id":"https:\/\/tuzlainfo.ba\/#website","url":"https:\/\/tuzlainfo.ba\/","name":"TuzlaInfo.ba","description":"Tuzla info, gradski informator - Tuzla na dlanu","publisher":{"@id":"https:\/\/tuzlainfo.ba\/#organization"},"potentialAction":[{"@type":"SearchAction","target":{"@type":"EntryPoint","urlTemplate":"https:\/\/tuzlainfo.ba\/?s={search_term_string}"},"query-input":{"@type":"PropertyValueSpecification","valueRequired":true,"valueName":"search_term_string"}}],"inLanguage":"bs-BA"},{"@type":"Organization","@id":"https:\/\/tuzlainfo.ba\/#organization","name":"TuzlaInfo.ba","url":"https:\/\/tuzlainfo.ba\/","logo":{"@type":"ImageObject","inLanguage":"bs-BA","@id":"https:\/\/tuzlainfo.ba\/#\/schema\/logo\/image\/","url":"https:\/\/tuzlainfo.ba\/wp-content\/uploads\/2021\/03\/logo-ver-3-1.png","contentUrl":"https:\/\/tuzlainfo.ba\/wp-content\/uploads\/2021\/03\/logo-ver-3-1.png","width":350,"height":95,"caption":"TuzlaInfo.ba"},"image":{"@id":"https:\/\/tuzlainfo.ba\/#\/schema\/logo\/image\/"},"sameAs":["https:\/\/www.facebook.com\/tuzlainfo.ba\/"]},{"@type":"Person","@id":"https:\/\/tuzlainfo.ba\/#\/schema\/person\/46cad4c57790cbc50781edd14870825a","name":"Tuzla Info","image":{"@type":"ImageObject","inLanguage":"bs-BA","@id":"https:\/\/tuzlainfo.ba\/#\/schema\/person\/image\/","url":"https:\/\/tuzlainfo.ba\/wp-content\/litespeed\/avatar\/b6c453a6c38e3654f2e4416c643fc25c.jpg?ver=1777051911","contentUrl":"https:\/\/tuzlainfo.ba\/wp-content\/litespeed\/avatar\/b6c453a6c38e3654f2e4416c643fc25c.jpg?ver=1777051911","caption":"Tuzla Info"}}]}},"_links":{"self":[{"href":"https:\/\/tuzlainfo.ba\/index.php\/wp-json\/wp\/v2\/posts\/297164"}],"collection":[{"href":"https:\/\/tuzlainfo.ba\/index.php\/wp-json\/wp\/v2\/posts"}],"about":[{"href":"https:\/\/tuzlainfo.ba\/index.php\/wp-json\/wp\/v2\/types\/post"}],"author":[{"embeddable":true,"href":"https:\/\/tuzlainfo.ba\/index.php\/wp-json\/wp\/v2\/users\/4"}],"replies":[{"embeddable":true,"href":"https:\/\/tuzlainfo.ba\/index.php\/wp-json\/wp\/v2\/comments?post=297164"}],"version-history":[{"count":1,"href":"https:\/\/tuzlainfo.ba\/index.php\/wp-json\/wp\/v2\/posts\/297164\/revisions"}],"predecessor-version":[{"id":297167,"href":"https:\/\/tuzlainfo.ba\/index.php\/wp-json\/wp\/v2\/posts\/297164\/revisions\/297167"}],"wp:featuredmedia":[{"embeddable":true,"href":"https:\/\/tuzlainfo.ba\/index.php\/wp-json\/wp\/v2\/media\/82822"}],"wp:attachment":[{"href":"https:\/\/tuzlainfo.ba\/index.php\/wp-json\/wp\/v2\/media?parent=297164"}],"wp:term":[{"taxonomy":"category","embeddable":true,"href":"https:\/\/tuzlainfo.ba\/index.php\/wp-json\/wp\/v2\/categories?post=297164"},{"taxonomy":"post_tag","embeddable":true,"href":"https:\/\/tuzlainfo.ba\/index.php\/wp-json\/wp\/v2\/tags?post=297164"}],"curies":[{"name":"wp","href":"https:\/\/api.w.org\/{rel}","templated":true}]}}