{"id":297124,"date":"2026-03-22T21:25:43","date_gmt":"2026-03-22T20:25:43","guid":{"rendered":"https:\/\/tuzlainfo.ba\/?p=297124"},"modified":"2026-03-22T21:27:58","modified_gmt":"2026-03-22T20:27:58","slug":"dragan-marinkovic-maca-pokrece-bh-turneju-iz-tuzle","status":"publish","type":"post","link":"https:\/\/tuzlainfo.ba\/index.php\/najava-dogadaja-2\/item\/297124-dragan-marinkovic-maca-pokrece-bh-turneju-iz-tuzle\/","title":{"rendered":"Dragan Marinkovi\u0107 Maca pokre\u0107e bh. turneju iz Tuzle"},"content":{"rendered":"<p>Nova predstava Dragana Marinkovi\u0107a Mace \u201eLajf Kou\u010d\u201c kre\u0107e na prvu turneju po Bosni i Hercegovini, a tuzlanska publika imat \u0107e priliku pogledati je 27. marta u Bosanskom kulturnom centru Tuzlanskog kantona.<\/p>\n<p>Rije\u010d je o sna\u017enoj monodrami u kojoj poznati glumac na brutalan i iskren na\u010din govori o savremenom dru\u0161tvu, vode\u0107i publiku kroz niz situacija koje istovremeno izazivaju smijeh, ali i ozbiljno preispitivanje svakodnevice.<\/p>\n<p>Predstava kroz humor, ironiju i otvorene poruke propituje dru\u0161tvene vrijednosti i na\u010din \u017eivota, te publici nudi svojevrsno ogledalo vremena u kojem \u017eivimo. Kako navode organizatori, \u201eLajf Kou\u010d\u201c publiku vodi od smijeha do ti\u0161ine, od satire do trenutaka li\u010dnog preispitivanja.<\/p>\n<p>U predstavi Dragan Marinkovi\u0107 Maca kroz prepoznatljiv stil i direktan pristup na sceni donosi pri\u010du koja provocira, razbija iluzije i otvara pitanja o stvarnosti savremenog dru\u0161tva, bez poku\u0161aja da ponudi gotova rje\u0161enja.<\/p>\n<p>Iz BKC-a Tuzla navode da \u0107e publika imati priliku pogledati predstavu koja spaja humor i ozbiljne poruke, a koja je ve\u0107 izazvala veliko interesovanje gdje god je najavljena.<\/p>\n<p>Dodatne informacije o predstavi mogu se dobiti u marketing slu\u017ebi BKC-a Tuzlanskog kantona svakim radnim danom od 8 do 15 sati, dok su ulaznice dostupne u marketingu BKC-a, putem sistema kupikartu.ba, kao i u CD shopu Mido u Tuzli.<\/p>\n","protected":false},"excerpt":{"rendered":"<p>Nova predstava Dragana Marinkovi\u0107a Mace \u201eLajf Kou\u010d\u201c kre\u0107e na prvu turneju po Bosni i Hercegovini,&hellip;<\/p>\n","protected":false},"author":8,"featured_media":297125,"comment_status":"closed","ping_status":"closed","sticky":false,"template":"","format":"standard","meta":{"_acf_changed":false,"footnotes":""},"categories":[11],"tags":[2182,1009],"acf":[],"yoast_head":"<!-- This site is optimized with the Yoast SEO plugin v23.5 - https:\/\/yoast.com\/wordpress\/plugins\/seo\/ -->\n<title>Dragan Marinkovi\u0107 Maca pokre\u0107e bh. turneju iz Tuzle - TuzlaInfo.ba<\/title>\n<meta name=\"robots\" content=\"index, follow, max-snippet:-1, max-image-preview:large, max-video-preview:-1\" \/>\n<link rel=\"canonical\" href=\"https:\/\/tuzlainfo.ba\/index.php\/najava-dogadaja-2\/item\/297124-dragan-marinkovic-maca-pokrece-bh-turneju-iz-tuzle\/\" \/>\n<meta property=\"og:locale\" content=\"bs_BA\" \/>\n<meta property=\"og:type\" content=\"article\" \/>\n<meta property=\"og:title\" content=\"Dragan Marinkovi\u0107 Maca pokre\u0107e bh. turneju iz Tuzle - TuzlaInfo.ba\" \/>\n<meta property=\"og:description\" content=\"Nova predstava Dragana Marinkovi\u0107a Mace \u201eLajf Kou\u010d\u201c kre\u0107e na prvu turneju po Bosni i Hercegovini,&hellip;\" \/>\n<meta property=\"og:url\" content=\"https:\/\/tuzlainfo.ba\/index.php\/najava-dogadaja-2\/item\/297124-dragan-marinkovic-maca-pokrece-bh-turneju-iz-tuzle\/\" \/>\n<meta property=\"og:site_name\" content=\"TuzlaInfo.ba\" \/>\n<meta property=\"article:publisher\" content=\"https:\/\/www.facebook.com\/tuzlainfo.ba\/\" \/>\n<meta property=\"article:published_time\" content=\"2026-03-22T20:25:43+00:00\" \/>\n<meta property=\"article:modified_time\" content=\"2026-03-22T20:27:58+00:00\" \/>\n<meta property=\"og:image\" content=\"https:\/\/tuzlainfo.ba\/wp-content\/uploads\/2026\/03\/LAJFKOUCTZ27.03.jpg\" \/>\n\t<meta property=\"og:image:width\" content=\"850\" \/>\n\t<meta property=\"og:image:height\" content=\"370\" \/>\n\t<meta property=\"og:image:type\" content=\"image\/jpeg\" \/>\n<meta name=\"author\" content=\"Admin Tri\" \/>\n<meta name=\"twitter:card\" content=\"summary_large_image\" \/>\n<meta name=\"twitter:label1\" content=\"Written by\" \/>\n\t<meta name=\"twitter:data1\" content=\"Admin Tri\" \/>\n\t<meta name=\"twitter:label2\" content=\"Est. reading time\" \/>\n\t<meta name=\"twitter:data2\" content=\"2 minute\" \/>\n<script type=\"application\/ld+json\" class=\"yoast-schema-graph\">{\"@context\":\"https:\/\/schema.org\",\"@graph\":[{\"@type\":\"Article\",\"@id\":\"https:\/\/tuzlainfo.ba\/index.php\/najava-dogadaja-2\/item\/297124-dragan-marinkovic-maca-pokrece-bh-turneju-iz-tuzle\/#article\",\"isPartOf\":{\"@id\":\"https:\/\/tuzlainfo.ba\/index.php\/najava-dogadaja-2\/item\/297124-dragan-marinkovic-maca-pokrece-bh-turneju-iz-tuzle\/\"},\"author\":{\"name\":\"Admin Tri\",\"@id\":\"https:\/\/tuzlainfo.ba\/#\/schema\/person\/593e78a2f6378c5ba3e7600ecfa4e63a\"},\"headline\":\"Dragan Marinkovi\u0107 Maca pokre\u0107e bh. turneju iz Tuzle\",\"datePublished\":\"2026-03-22T20:25:43+00:00\",\"dateModified\":\"2026-03-22T20:27:58+00:00\",\"mainEntityOfPage\":{\"@id\":\"https:\/\/tuzlainfo.ba\/index.php\/najava-dogadaja-2\/item\/297124-dragan-marinkovic-maca-pokrece-bh-turneju-iz-tuzle\/\"},\"wordCount\":223,\"publisher\":{\"@id\":\"https:\/\/tuzlainfo.ba\/#organization\"},\"image\":{\"@id\":\"https:\/\/tuzlainfo.ba\/index.php\/najava-dogadaja-2\/item\/297124-dragan-marinkovic-maca-pokrece-bh-turneju-iz-tuzle\/#primaryimage\"},\"thumbnailUrl\":\"https:\/\/tuzlainfo.ba\/wp-content\/uploads\/2026\/03\/LAJFKOUCTZ27.03.jpg\",\"keywords\":[\"dragan marinkovi\u0107 maca\",\"predstava\"],\"articleSection\":[\"Najave i doga\u0111aji\"],\"inLanguage\":\"bs-BA\"},{\"@type\":\"WebPage\",\"@id\":\"https:\/\/tuzlainfo.ba\/index.php\/najava-dogadaja-2\/item\/297124-dragan-marinkovic-maca-pokrece-bh-turneju-iz-tuzle\/\",\"url\":\"https:\/\/tuzlainfo.ba\/index.php\/najava-dogadaja-2\/item\/297124-dragan-marinkovic-maca-pokrece-bh-turneju-iz-tuzle\/\",\"name\":\"Dragan Marinkovi\u0107 Maca pokre\u0107e bh. turneju iz Tuzle - TuzlaInfo.ba\",\"isPartOf\":{\"@id\":\"https:\/\/tuzlainfo.ba\/#website\"},\"primaryImageOfPage\":{\"@id\":\"https:\/\/tuzlainfo.ba\/index.php\/najava-dogadaja-2\/item\/297124-dragan-marinkovic-maca-pokrece-bh-turneju-iz-tuzle\/#primaryimage\"},\"image\":{\"@id\":\"https:\/\/tuzlainfo.ba\/index.php\/najava-dogadaja-2\/item\/297124-dragan-marinkovic-maca-pokrece-bh-turneju-iz-tuzle\/#primaryimage\"},\"thumbnailUrl\":\"https:\/\/tuzlainfo.ba\/wp-content\/uploads\/2026\/03\/LAJFKOUCTZ27.03.jpg\",\"datePublished\":\"2026-03-22T20:25:43+00:00\",\"dateModified\":\"2026-03-22T20:27:58+00:00\",\"breadcrumb\":{\"@id\":\"https:\/\/tuzlainfo.ba\/index.php\/najava-dogadaja-2\/item\/297124-dragan-marinkovic-maca-pokrece-bh-turneju-iz-tuzle\/#breadcrumb\"},\"inLanguage\":\"bs-BA\",\"potentialAction\":[{\"@type\":\"ReadAction\",\"target\":[\"https:\/\/tuzlainfo.ba\/index.php\/najava-dogadaja-2\/item\/297124-dragan-marinkovic-maca-pokrece-bh-turneju-iz-tuzle\/\"]}]},{\"@type\":\"ImageObject\",\"inLanguage\":\"bs-BA\",\"@id\":\"https:\/\/tuzlainfo.ba\/index.php\/najava-dogadaja-2\/item\/297124-dragan-marinkovic-maca-pokrece-bh-turneju-iz-tuzle\/#primaryimage\",\"url\":\"https:\/\/tuzlainfo.ba\/wp-content\/uploads\/2026\/03\/LAJFKOUCTZ27.03.jpg\",\"contentUrl\":\"https:\/\/tuzlainfo.ba\/wp-content\/uploads\/2026\/03\/LAJFKOUCTZ27.03.jpg\",\"width\":850,\"height\":370},{\"@type\":\"BreadcrumbList\",\"@id\":\"https:\/\/tuzlainfo.ba\/index.php\/najava-dogadaja-2\/item\/297124-dragan-marinkovic-maca-pokrece-bh-turneju-iz-tuzle\/#breadcrumb\",\"itemListElement\":[{\"@type\":\"ListItem\",\"position\":1,\"name\":\"Home\",\"item\":\"https:\/\/tuzlainfo.ba\/\"},{\"@type\":\"ListItem\",\"position\":2,\"name\":\"Dragan Marinkovi\u0107 Maca pokre\u0107e bh. turneju iz Tuzle\"}]},{\"@type\":\"WebSite\",\"@id\":\"https:\/\/tuzlainfo.ba\/#website\",\"url\":\"https:\/\/tuzlainfo.ba\/\",\"name\":\"TuzlaInfo.ba\",\"description\":\"Tuzla info, gradski informator - Tuzla na dlanu\",\"publisher\":{\"@id\":\"https:\/\/tuzlainfo.ba\/#organization\"},\"potentialAction\":[{\"@type\":\"SearchAction\",\"target\":{\"@type\":\"EntryPoint\",\"urlTemplate\":\"https:\/\/tuzlainfo.ba\/?s={search_term_string}\"},\"query-input\":{\"@type\":\"PropertyValueSpecification\",\"valueRequired\":true,\"valueName\":\"search_term_string\"}}],\"inLanguage\":\"bs-BA\"},{\"@type\":\"Organization\",\"@id\":\"https:\/\/tuzlainfo.ba\/#organization\",\"name\":\"TuzlaInfo.ba\",\"url\":\"https:\/\/tuzlainfo.ba\/\",\"logo\":{\"@type\":\"ImageObject\",\"inLanguage\":\"bs-BA\",\"@id\":\"https:\/\/tuzlainfo.ba\/#\/schema\/logo\/image\/\",\"url\":\"https:\/\/tuzlainfo.ba\/wp-content\/uploads\/2021\/03\/logo-ver-3-1.png\",\"contentUrl\":\"https:\/\/tuzlainfo.ba\/wp-content\/uploads\/2021\/03\/logo-ver-3-1.png\",\"width\":350,\"height\":95,\"caption\":\"TuzlaInfo.ba\"},\"image\":{\"@id\":\"https:\/\/tuzlainfo.ba\/#\/schema\/logo\/image\/\"},\"sameAs\":[\"https:\/\/www.facebook.com\/tuzlainfo.ba\/\"]},{\"@type\":\"Person\",\"@id\":\"https:\/\/tuzlainfo.ba\/#\/schema\/person\/593e78a2f6378c5ba3e7600ecfa4e63a\",\"name\":\"Admin Tri\",\"image\":{\"@type\":\"ImageObject\",\"inLanguage\":\"bs-BA\",\"@id\":\"https:\/\/tuzlainfo.ba\/#\/schema\/person\/image\/\",\"url\":\"https:\/\/tuzlainfo.ba\/wp-content\/litespeed\/avatar\/b7920db4cc34a71ad12497283ad2fe3f.jpg?ver=1777100914\",\"contentUrl\":\"https:\/\/tuzlainfo.ba\/wp-content\/litespeed\/avatar\/b7920db4cc34a71ad12497283ad2fe3f.jpg?ver=1777100914\",\"caption\":\"Admin Tri\"},\"sameAs\":[\"https:\/\/tuzlainfo.ba\"]}]}<\/script>\n<!-- \/ Yoast SEO plugin. -->","yoast_head_json":{"title":"Dragan Marinkovi\u0107 Maca pokre\u0107e bh. turneju iz Tuzle - TuzlaInfo.ba","robots":{"index":"index","follow":"follow","max-snippet":"max-snippet:-1","max-image-preview":"max-image-preview:large","max-video-preview":"max-video-preview:-1"},"canonical":"https:\/\/tuzlainfo.ba\/index.php\/najava-dogadaja-2\/item\/297124-dragan-marinkovic-maca-pokrece-bh-turneju-iz-tuzle\/","og_locale":"bs_BA","og_type":"article","og_title":"Dragan Marinkovi\u0107 Maca pokre\u0107e bh. turneju iz Tuzle - TuzlaInfo.ba","og_description":"Nova predstava Dragana Marinkovi\u0107a Mace \u201eLajf Kou\u010d\u201c kre\u0107e na prvu turneju po Bosni i Hercegovini,&hellip;","og_url":"https:\/\/tuzlainfo.ba\/index.php\/najava-dogadaja-2\/item\/297124-dragan-marinkovic-maca-pokrece-bh-turneju-iz-tuzle\/","og_site_name":"TuzlaInfo.ba","article_publisher":"https:\/\/www.facebook.com\/tuzlainfo.ba\/","article_published_time":"2026-03-22T20:25:43+00:00","article_modified_time":"2026-03-22T20:27:58+00:00","og_image":[{"width":850,"height":370,"url":"https:\/\/tuzlainfo.ba\/wp-content\/uploads\/2026\/03\/LAJFKOUCTZ27.03.jpg","type":"image\/jpeg"}],"author":"Admin Tri","twitter_card":"summary_large_image","twitter_misc":{"Written by":"Admin Tri","Est. reading time":"2 minute"},"schema":{"@context":"https:\/\/schema.org","@graph":[{"@type":"Article","@id":"https:\/\/tuzlainfo.ba\/index.php\/najava-dogadaja-2\/item\/297124-dragan-marinkovic-maca-pokrece-bh-turneju-iz-tuzle\/#article","isPartOf":{"@id":"https:\/\/tuzlainfo.ba\/index.php\/najava-dogadaja-2\/item\/297124-dragan-marinkovic-maca-pokrece-bh-turneju-iz-tuzle\/"},"author":{"name":"Admin Tri","@id":"https:\/\/tuzlainfo.ba\/#\/schema\/person\/593e78a2f6378c5ba3e7600ecfa4e63a"},"headline":"Dragan Marinkovi\u0107 Maca pokre\u0107e bh. turneju iz Tuzle","datePublished":"2026-03-22T20:25:43+00:00","dateModified":"2026-03-22T20:27:58+00:00","mainEntityOfPage":{"@id":"https:\/\/tuzlainfo.ba\/index.php\/najava-dogadaja-2\/item\/297124-dragan-marinkovic-maca-pokrece-bh-turneju-iz-tuzle\/"},"wordCount":223,"publisher":{"@id":"https:\/\/tuzlainfo.ba\/#organization"},"image":{"@id":"https:\/\/tuzlainfo.ba\/index.php\/najava-dogadaja-2\/item\/297124-dragan-marinkovic-maca-pokrece-bh-turneju-iz-tuzle\/#primaryimage"},"thumbnailUrl":"https:\/\/tuzlainfo.ba\/wp-content\/uploads\/2026\/03\/LAJFKOUCTZ27.03.jpg","keywords":["dragan marinkovi\u0107 maca","predstava"],"articleSection":["Najave i doga\u0111aji"],"inLanguage":"bs-BA"},{"@type":"WebPage","@id":"https:\/\/tuzlainfo.ba\/index.php\/najava-dogadaja-2\/item\/297124-dragan-marinkovic-maca-pokrece-bh-turneju-iz-tuzle\/","url":"https:\/\/tuzlainfo.ba\/index.php\/najava-dogadaja-2\/item\/297124-dragan-marinkovic-maca-pokrece-bh-turneju-iz-tuzle\/","name":"Dragan Marinkovi\u0107 Maca pokre\u0107e bh. turneju iz Tuzle - TuzlaInfo.ba","isPartOf":{"@id":"https:\/\/tuzlainfo.ba\/#website"},"primaryImageOfPage":{"@id":"https:\/\/tuzlainfo.ba\/index.php\/najava-dogadaja-2\/item\/297124-dragan-marinkovic-maca-pokrece-bh-turneju-iz-tuzle\/#primaryimage"},"image":{"@id":"https:\/\/tuzlainfo.ba\/index.php\/najava-dogadaja-2\/item\/297124-dragan-marinkovic-maca-pokrece-bh-turneju-iz-tuzle\/#primaryimage"},"thumbnailUrl":"https:\/\/tuzlainfo.ba\/wp-content\/uploads\/2026\/03\/LAJFKOUCTZ27.03.jpg","datePublished":"2026-03-22T20:25:43+00:00","dateModified":"2026-03-22T20:27:58+00:00","breadcrumb":{"@id":"https:\/\/tuzlainfo.ba\/index.php\/najava-dogadaja-2\/item\/297124-dragan-marinkovic-maca-pokrece-bh-turneju-iz-tuzle\/#breadcrumb"},"inLanguage":"bs-BA","potentialAction":[{"@type":"ReadAction","target":["https:\/\/tuzlainfo.ba\/index.php\/najava-dogadaja-2\/item\/297124-dragan-marinkovic-maca-pokrece-bh-turneju-iz-tuzle\/"]}]},{"@type":"ImageObject","inLanguage":"bs-BA","@id":"https:\/\/tuzlainfo.ba\/index.php\/najava-dogadaja-2\/item\/297124-dragan-marinkovic-maca-pokrece-bh-turneju-iz-tuzle\/#primaryimage","url":"https:\/\/tuzlainfo.ba\/wp-content\/uploads\/2026\/03\/LAJFKOUCTZ27.03.jpg","contentUrl":"https:\/\/tuzlainfo.ba\/wp-content\/uploads\/2026\/03\/LAJFKOUCTZ27.03.jpg","width":850,"height":370},{"@type":"BreadcrumbList","@id":"https:\/\/tuzlainfo.ba\/index.php\/najava-dogadaja-2\/item\/297124-dragan-marinkovic-maca-pokrece-bh-turneju-iz-tuzle\/#breadcrumb","itemListElement":[{"@type":"ListItem","position":1,"name":"Home","item":"https:\/\/tuzlainfo.ba\/"},{"@type":"ListItem","position":2,"name":"Dragan Marinkovi\u0107 Maca pokre\u0107e bh. turneju iz Tuzle"}]},{"@type":"WebSite","@id":"https:\/\/tuzlainfo.ba\/#website","url":"https:\/\/tuzlainfo.ba\/","name":"TuzlaInfo.ba","description":"Tuzla info, gradski informator - Tuzla na dlanu","publisher":{"@id":"https:\/\/tuzlainfo.ba\/#organization"},"potentialAction":[{"@type":"SearchAction","target":{"@type":"EntryPoint","urlTemplate":"https:\/\/tuzlainfo.ba\/?s={search_term_string}"},"query-input":{"@type":"PropertyValueSpecification","valueRequired":true,"valueName":"search_term_string"}}],"inLanguage":"bs-BA"},{"@type":"Organization","@id":"https:\/\/tuzlainfo.ba\/#organization","name":"TuzlaInfo.ba","url":"https:\/\/tuzlainfo.ba\/","logo":{"@type":"ImageObject","inLanguage":"bs-BA","@id":"https:\/\/tuzlainfo.ba\/#\/schema\/logo\/image\/","url":"https:\/\/tuzlainfo.ba\/wp-content\/uploads\/2021\/03\/logo-ver-3-1.png","contentUrl":"https:\/\/tuzlainfo.ba\/wp-content\/uploads\/2021\/03\/logo-ver-3-1.png","width":350,"height":95,"caption":"TuzlaInfo.ba"},"image":{"@id":"https:\/\/tuzlainfo.ba\/#\/schema\/logo\/image\/"},"sameAs":["https:\/\/www.facebook.com\/tuzlainfo.ba\/"]},{"@type":"Person","@id":"https:\/\/tuzlainfo.ba\/#\/schema\/person\/593e78a2f6378c5ba3e7600ecfa4e63a","name":"Admin Tri","image":{"@type":"ImageObject","inLanguage":"bs-BA","@id":"https:\/\/tuzlainfo.ba\/#\/schema\/person\/image\/","url":"https:\/\/tuzlainfo.ba\/wp-content\/litespeed\/avatar\/b7920db4cc34a71ad12497283ad2fe3f.jpg?ver=1777100914","contentUrl":"https:\/\/tuzlainfo.ba\/wp-content\/litespeed\/avatar\/b7920db4cc34a71ad12497283ad2fe3f.jpg?ver=1777100914","caption":"Admin Tri"},"sameAs":["https:\/\/tuzlainfo.ba"]}]}},"_links":{"self":[{"href":"https:\/\/tuzlainfo.ba\/index.php\/wp-json\/wp\/v2\/posts\/297124"}],"collection":[{"href":"https:\/\/tuzlainfo.ba\/index.php\/wp-json\/wp\/v2\/posts"}],"about":[{"href":"https:\/\/tuzlainfo.ba\/index.php\/wp-json\/wp\/v2\/types\/post"}],"author":[{"embeddable":true,"href":"https:\/\/tuzlainfo.ba\/index.php\/wp-json\/wp\/v2\/users\/8"}],"replies":[{"embeddable":true,"href":"https:\/\/tuzlainfo.ba\/index.php\/wp-json\/wp\/v2\/comments?post=297124"}],"version-history":[{"count":1,"href":"https:\/\/tuzlainfo.ba\/index.php\/wp-json\/wp\/v2\/posts\/297124\/revisions"}],"predecessor-version":[{"id":297126,"href":"https:\/\/tuzlainfo.ba\/index.php\/wp-json\/wp\/v2\/posts\/297124\/revisions\/297126"}],"wp:featuredmedia":[{"embeddable":true,"href":"https:\/\/tuzlainfo.ba\/index.php\/wp-json\/wp\/v2\/media\/297125"}],"wp:attachment":[{"href":"https:\/\/tuzlainfo.ba\/index.php\/wp-json\/wp\/v2\/media?parent=297124"}],"wp:term":[{"taxonomy":"category","embeddable":true,"href":"https:\/\/tuzlainfo.ba\/index.php\/wp-json\/wp\/v2\/categories?post=297124"},{"taxonomy":"post_tag","embeddable":true,"href":"https:\/\/tuzlainfo.ba\/index.php\/wp-json\/wp\/v2\/tags?post=297124"}],"curies":[{"name":"wp","href":"https:\/\/api.w.org\/{rel}","templated":true}]}}