{"id":297079,"date":"2026-03-14T19:45:51","date_gmt":"2026-03-14T18:45:51","guid":{"rendered":"https:\/\/tuzlainfo.ba\/?p=297079"},"modified":"2026-03-14T19:46:09","modified_gmt":"2026-03-14T18:46:09","slug":"ed-tuzla-planska-iskljucenja-elelektricne-energije-za-nedjelju-15-mart","status":"publish","type":"post","link":"https:\/\/tuzlainfo.ba\/index.php\/novosti\/item\/297079-ed-tuzla-planska-iskljucenja-elelektricne-energije-za-nedjelju-15-mart\/","title":{"rendered":"ED Tuzla: Planska isklju\u010denja elelektri\u010dne energije za nedjelju 15. mart"},"content":{"rendered":"<p>Zbog planiranih radova na elektroenergetskoj mre\u017ei, sutra \u0107e do\u0107i do privremenih obustava u isporuci elektri\u010dne energije na podru\u010dju grada Tuzle.<\/p>\n<table class=\"table iskljucenja_tabela\">\n<tbody>\n<tr class=\"item\" data-ed=\"edtz\" data-opcina=\"tuzla\">\n<td><\/td>\n<td class=\"ulica\"><\/td>\n<td><\/td>\n<td><\/td>\n<td><\/td>\n<\/tr>\n<tr class=\"item\" data-ed=\"edtz\" data-opcina=\"tuzla\">\n<td>Tuzla<\/td>\n<td class=\"ulica\">Par Selo<\/td>\n<td>BB<\/td>\n<td>15.03.2026<\/td>\n<td>08:00-16:00<\/td>\n<\/tr>\n<tr class=\"item\" data-ed=\"edtz\" data-opcina=\"tuzla\">\n<td>Tuzla<\/td>\n<td class=\"ulica\">4.aprila<\/td>\n<td>27<\/td>\n<td>15.03.2026<\/td>\n<td>08:00-16:00<\/td>\n<\/tr>\n<tr class=\"item\" data-ed=\"edtz\" data-opcina=\"tuzla\">\n<td>Tuzla<\/td>\n<td class=\"ulica\">Babice Laude<\/td>\n<td>1-3, 5-21, 23-25, 27, 29, 31, DO 24, DO24, DO31<\/td>\n<td>15.03.2026<\/td>\n<td>08:00-16:00<\/td>\n<\/tr>\n<tr class=\"item\" data-ed=\"edtz\" data-opcina=\"tuzla\">\n<td>Tuzla<\/td>\n<td class=\"ulica\">Bime Ad\u017eajli\u0107a<\/td>\n<td>2, 4, 6, 10, 13-15, 17-27, 29-36, 38-43, 45, 51, 53, 57, 59, 61, 63, 65, DO26, DO55<\/td>\n<td>15.03.2026<\/td>\n<td>08:00-16:00<\/td>\n<\/tr>\n<tr class=\"item\" data-ed=\"edtz\" data-opcina=\"tuzla\">\n<td>Tuzla<\/td>\n<td class=\"ulica\">Bosne Srebrene<\/td>\n<td>123<\/td>\n<td>15.03.2026<\/td>\n<td>08:00-16:00<\/td>\n<\/tr>\n<tr class=\"item\" data-ed=\"edtz\" data-opcina=\"tuzla\">\n<td>Tuzla<\/td>\n<td class=\"ulica\">Branislava Nu\u0161i\u0107a<\/td>\n<td>50, 52<\/td>\n<td>15.03.2026<\/td>\n<td>08:00-16:00<\/td>\n<\/tr>\n<tr class=\"item\" data-ed=\"edtz\" data-opcina=\"tuzla\">\n<td>Tuzla<\/td>\n<td class=\"ulica\">Dr.milice Kosori\u0107<\/td>\n<td>1-38, 40-44, DO19, DO8<\/td>\n<td>15.03.2026<\/td>\n<td>08:00-16:00<\/td>\n<\/tr>\n<tr class=\"item\" data-ed=\"edtz\" data-opcina=\"tuzla\">\n<td>Tuzla<\/td>\n<td class=\"ulica\">Drvarska<\/td>\n<td>26<\/td>\n<td>15.03.2026<\/td>\n<td>08:00-16:00<\/td>\n<\/tr>\n<tr class=\"item\" data-ed=\"edtz\" data-opcina=\"tuzla\">\n<td>Tuzla<\/td>\n<td class=\"ulica\">Franje Kluza<\/td>\n<td>1-19, 21, 23, DO7<\/td>\n<td>15.03.2026<\/td>\n<td>08:00-16:00<\/td>\n<\/tr>\n<tr class=\"item\" data-ed=\"edtz\" data-opcina=\"tuzla\">\n<td>Tuzla<\/td>\n<td class=\"ulica\">Fridriha Kacera<\/td>\n<td>23, 25-32, 34, 36, 38-43, 45, 49, 51, 53, 55, 57, 59, 61<\/td>\n<td>15.03.2026<\/td>\n<td>08:00-16:00<\/td>\n<\/tr>\n<tr class=\"item\" data-ed=\"edtz\" data-opcina=\"tuzla\">\n<td>Tuzla<\/td>\n<td class=\"ulica\">Gine Herman<\/td>\n<td>2, 4, 6, 8, 10, 12, 14, 16, 37, 39, 43, 45, 47, 49, 53, BB, DO 23, DO 43, DO14, DO39, DO4, DO6<\/td>\n<td>15.03.2026<\/td>\n<td>08:00-16:00<\/td>\n<\/tr>\n<tr class=\"item\" data-ed=\"edtz\" data-opcina=\"tuzla\">\n<td>Tuzla<\/td>\n<td class=\"ulica\">Hasana Kiki\u0107a<\/td>\n<td>1-8, 10-31, 33, 35, DO 12, DO10, DO3, DO5<\/td>\n<td>15.03.2026<\/td>\n<td>08:00-16:00<\/td>\n<\/tr>\n<tr class=\"item\" data-ed=\"edtz\" data-opcina=\"tuzla\">\n<td>Tuzla<\/td>\n<td class=\"ulica\">Husinskih Rudara<\/td>\n<td>BB<\/td>\n<td>15.03.2026<\/td>\n<td>08:00-16:00<\/td>\n<\/tr>\n<tr class=\"item\" data-ed=\"edtz\" data-opcina=\"tuzla\">\n<td>Tuzla<\/td>\n<td class=\"ulica\">Kroj\u010dica<\/td>\n<td>1-2, 4-5, 7-8, 11-16, 18, 20, 22, 26, 28, 30, 32, 34, 36, 38, 40, 42, 133, BB<\/td>\n<td>15.03.2026<\/td>\n<td>08:00-16:00<\/td>\n<\/tr>\n<tr class=\"item\" data-ed=\"edtz\" data-opcina=\"tuzla\">\n<td>Tuzla<\/td>\n<td class=\"ulica\">Ku\u017ei\u0107i<\/td>\n<td>171<\/td>\n<td>15.03.2026<\/td>\n<td>08:00-16:00<\/td>\n<\/tr>\n<tr class=\"item\" data-ed=\"edtz\" data-opcina=\"tuzla\">\n<td>Tuzla<\/td>\n<td class=\"ulica\">Ljubljanska<\/td>\n<td>2<\/td>\n<td>15.03.2026<\/td>\n<td>08:00-16:00<\/td>\n<\/tr>\n<tr class=\"item\" data-ed=\"edtz\" data-opcina=\"tuzla\">\n<td>Tuzla<\/td>\n<td class=\"ulica\">Ludviga Pe\u0161ti\u0107a<\/td>\n<td>DO26<\/td>\n<td>15.03.2026<\/td>\n<td>08:00-16:00<\/td>\n<\/tr>\n<tr class=\"item\" data-ed=\"edtz\" data-opcina=\"tuzla\">\n<td>Tuzla<\/td>\n<td class=\"ulica\">M.trifunovi\u0107a U\u010de<\/td>\n<td>3, 7, 9<\/td>\n<td>15.03.2026<\/td>\n<td>08:00-16:00<\/td>\n<\/tr>\n<tr class=\"item\" data-ed=\"edtz\" data-opcina=\"tuzla\">\n<td>Tuzla<\/td>\n<td class=\"ulica\">Malko\u010deva<\/td>\n<td>7<\/td>\n<td>15.03.2026<\/td>\n<td>08:00-16:00<\/td>\n<\/tr>\n<tr class=\"item\" data-ed=\"edtz\" data-opcina=\"tuzla\">\n<td>Tuzla<\/td>\n<td class=\"ulica\">Mitra Trifunovi\u0107a U\u010de<\/td>\n<td>BB<\/td>\n<td>15.03.2026<\/td>\n<td>08:00-16:00<\/td>\n<\/tr>\n<tr class=\"item\" data-ed=\"edtz\" data-opcina=\"tuzla\">\n<td>Tuzla<\/td>\n<td class=\"ulica\">Mitra Trifunovi\u0107a<\/td>\n<td>5<\/td>\n<td>15.03.2026<\/td>\n<td>08:00-16:00<\/td>\n<\/tr>\n<tr class=\"item\" data-ed=\"edtz\" data-opcina=\"tuzla\">\n<td>Tuzla<\/td>\n<td class=\"ulica\">Mitra Trifunovi\u0107a U\u010de<\/td>\n<td>109, 111-113<\/td>\n<td>15.03.2026<\/td>\n<td>08:00-16:00<\/td>\n<\/tr>\n<tr class=\"item\" data-ed=\"edtz\" data-opcina=\"tuzla\">\n<td>Tuzla<\/td>\n<td class=\"ulica\">Pavla Goranina<\/td>\n<td>110, 112, DO112<\/td>\n<td>15.03.2026<\/td>\n<td>08:00-16:00<\/td>\n<\/tr>\n<tr class=\"item\" data-ed=\"edtz\" data-opcina=\"tuzla\">\n<td>Tuzla<\/td>\n<td class=\"ulica\">Petra Miljanovi\u0107a<\/td>\n<td>1-12, 14-18, 20, 22, 24, 28, 30, 32, 34, 36<\/td>\n<td>15.03.2026<\/td>\n<td>08:00-16:00<\/td>\n<\/tr>\n<tr class=\"item\" data-ed=\"edtz\" data-opcina=\"tuzla\">\n<td>Tuzla<\/td>\n<td class=\"ulica\">Rame Me\u0161kovi\u0107a<\/td>\n<td>21<\/td>\n<td>15.03.2026<\/td>\n<td>08:00-16:00<\/td>\n<\/tr>\n<tr class=\"item\" data-ed=\"edtz\" data-opcina=\"tuzla\">\n<td>Tuzla<\/td>\n<td class=\"ulica\">Srebreni\u010dka Ulica<\/td>\n<td>4, 8, 10, 22, 38, 40, 68, DO2, DO8<\/td>\n<td>15.03.2026<\/td>\n<td>08:00-16:00<\/td>\n<\/tr>\n<tr class=\"item\" data-ed=\"edtz\" data-opcina=\"tuzla\">\n<td>Tuzla<\/td>\n<td class=\"ulica\">Stjepana \u017divkovi\u0107a<\/td>\n<td>1, 3-20, 22, 24<\/td>\n<td>15.03.2026<\/td>\n<td>08:00-16:00<\/td>\n<\/tr>\n<tr class=\"item\" data-ed=\"edtz\" data-opcina=\"tuzla\">\n<td>Tuzla<\/td>\n<td class=\"ulica\">Tomislava Ramljaka<\/td>\n<td>4, 6, 8, 10, 12-19, 23, 37, 39, 41, 43, 45, 47, 49, 51, 55, 57, 61, DO21, DO55<\/td>\n<td>15.03.2026<\/td>\n<td>08:00-16:00<\/td>\n<\/tr>\n<tr class=\"item\" data-ed=\"edtz\" data-opcina=\"tuzla\">\n<td>Tuzla<\/td>\n<td class=\"ulica\">Ulica Soli<\/td>\n<td>3<\/td>\n<td>15.03.2026<\/td>\n<td>08:00-16:00<\/td>\n<\/tr>\n<tr class=\"item\" data-ed=\"edtz\" data-opcina=\"tuzla\">\n<td>Tuzla<\/td>\n<td class=\"ulica\">Vilu\u0161i\u0107i<\/td>\n<td>1, DO4<\/td>\n<td>15.03.2026<\/td>\n<td>08:00-16:00<\/td>\n<\/tr>\n<tr class=\"item\" data-ed=\"edtz\" data-opcina=\"tuzla\">\n<td>Tuzla<\/td>\n<td class=\"ulica\">\u010ce\u0161ka<\/td>\n<td>1-36, 38-45<\/td>\n<td>15.03.2026<\/td>\n<td>08:00-16:00<\/td>\n<\/tr>\n<\/tbody>\n<\/table>\n<p>Podsje\u0107amo, do isklju\u010denja dolazi zbog izvo\u0111enja radova na odr\u017eavanju i unapre\u0111enju mre\u017ee, kao i priklju\u010denja novih korisnika.<\/p>\n","protected":false},"excerpt":{"rendered":"<p>Zbog planiranih radova na elektroenergetskoj mre\u017ei, sutra \u0107e do\u0107i do privremenih obustava u isporuci elektri\u010dne&hellip;<\/p>\n","protected":false},"author":8,"featured_media":142399,"comment_status":"closed","ping_status":"closed","sticky":false,"template":"","format":"standard","meta":{"_acf_changed":false,"footnotes":""},"categories":[304,12],"tags":[2148,1880],"acf":[],"yoast_head":"<!-- This site is optimized with the Yoast SEO plugin v23.5 - https:\/\/yoast.com\/wordpress\/plugins\/seo\/ -->\n<title>ED Tuzla: Planska isklju\u010denja elelektri\u010dne energije za nedjelju 15. mart - TuzlaInfo.ba<\/title>\n<meta name=\"robots\" content=\"index, follow, max-snippet:-1, max-image-preview:large, max-video-preview:-1\" \/>\n<link rel=\"canonical\" href=\"https:\/\/tuzlainfo.ba\/index.php\/novosti\/item\/297079-ed-tuzla-planska-iskljucenja-elelektricne-energije-za-nedjelju-15-mart\/\" \/>\n<meta property=\"og:locale\" content=\"bs_BA\" \/>\n<meta property=\"og:type\" content=\"article\" \/>\n<meta property=\"og:title\" content=\"ED Tuzla: Planska isklju\u010denja elelektri\u010dne energije za nedjelju 15. mart - TuzlaInfo.ba\" \/>\n<meta property=\"og:description\" content=\"Zbog planiranih radova na elektroenergetskoj mre\u017ei, sutra \u0107e do\u0107i do privremenih obustava u isporuci elektri\u010dne&hellip;\" \/>\n<meta property=\"og:url\" content=\"https:\/\/tuzlainfo.ba\/index.php\/novosti\/item\/297079-ed-tuzla-planska-iskljucenja-elelektricne-energije-za-nedjelju-15-mart\/\" \/>\n<meta property=\"og:site_name\" content=\"TuzlaInfo.ba\" \/>\n<meta property=\"article:publisher\" content=\"https:\/\/www.facebook.com\/tuzlainfo.ba\/\" \/>\n<meta property=\"article:published_time\" content=\"2026-03-14T18:45:51+00:00\" \/>\n<meta property=\"article:modified_time\" content=\"2026-03-14T18:46:09+00:00\" \/>\n<meta property=\"og:image\" content=\"https:\/\/tuzlainfo.ba\/wp-content\/uploads\/2021\/07\/1907_Struja.jpg\" \/>\n\t<meta property=\"og:image:width\" content=\"999\" \/>\n\t<meta property=\"og:image:height\" content=\"605\" \/>\n\t<meta property=\"og:image:type\" content=\"image\/jpeg\" \/>\n<meta name=\"author\" content=\"Admin Tri\" \/>\n<meta name=\"twitter:card\" content=\"summary_large_image\" \/>\n<meta name=\"twitter:label1\" content=\"Written by\" \/>\n\t<meta name=\"twitter:data1\" content=\"Admin Tri\" \/>\n\t<meta name=\"twitter:label2\" content=\"Est. reading time\" \/>\n\t<meta name=\"twitter:data2\" content=\"3 minute\" \/>\n<script type=\"application\/ld+json\" class=\"yoast-schema-graph\">{\"@context\":\"https:\/\/schema.org\",\"@graph\":[{\"@type\":\"Article\",\"@id\":\"https:\/\/tuzlainfo.ba\/index.php\/novosti\/item\/297079-ed-tuzla-planska-iskljucenja-elelektricne-energije-za-nedjelju-15-mart\/#article\",\"isPartOf\":{\"@id\":\"https:\/\/tuzlainfo.ba\/index.php\/novosti\/item\/297079-ed-tuzla-planska-iskljucenja-elelektricne-energije-za-nedjelju-15-mart\/\"},\"author\":{\"name\":\"Admin Tri\",\"@id\":\"https:\/\/tuzlainfo.ba\/#\/schema\/person\/593e78a2f6378c5ba3e7600ecfa4e63a\"},\"headline\":\"ED Tuzla: Planska isklju\u010denja elelektri\u010dne energije za nedjelju 15. mart\",\"datePublished\":\"2026-03-14T18:45:51+00:00\",\"dateModified\":\"2026-03-14T18:46:09+00:00\",\"mainEntityOfPage\":{\"@id\":\"https:\/\/tuzlainfo.ba\/index.php\/novosti\/item\/297079-ed-tuzla-planska-iskljucenja-elelektricne-energije-za-nedjelju-15-mart\/\"},\"wordCount\":260,\"publisher\":{\"@id\":\"https:\/\/tuzlainfo.ba\/#organization\"},\"image\":{\"@id\":\"https:\/\/tuzlainfo.ba\/index.php\/novosti\/item\/297079-ed-tuzla-planska-iskljucenja-elelektricne-energije-za-nedjelju-15-mart\/#primaryimage\"},\"thumbnailUrl\":\"https:\/\/tuzlainfo.ba\/wp-content\/uploads\/2021\/07\/1907_Struja.jpg\",\"keywords\":[\"elektri\u010dna energija\",\"struja\"],\"articleSection\":[\"Istaknuto\",\"Novosti\"],\"inLanguage\":\"bs-BA\"},{\"@type\":\"WebPage\",\"@id\":\"https:\/\/tuzlainfo.ba\/index.php\/novosti\/item\/297079-ed-tuzla-planska-iskljucenja-elelektricne-energije-za-nedjelju-15-mart\/\",\"url\":\"https:\/\/tuzlainfo.ba\/index.php\/novosti\/item\/297079-ed-tuzla-planska-iskljucenja-elelektricne-energije-za-nedjelju-15-mart\/\",\"name\":\"ED Tuzla: Planska isklju\u010denja elelektri\u010dne energije za nedjelju 15. mart - TuzlaInfo.ba\",\"isPartOf\":{\"@id\":\"https:\/\/tuzlainfo.ba\/#website\"},\"primaryImageOfPage\":{\"@id\":\"https:\/\/tuzlainfo.ba\/index.php\/novosti\/item\/297079-ed-tuzla-planska-iskljucenja-elelektricne-energije-za-nedjelju-15-mart\/#primaryimage\"},\"image\":{\"@id\":\"https:\/\/tuzlainfo.ba\/index.php\/novosti\/item\/297079-ed-tuzla-planska-iskljucenja-elelektricne-energije-za-nedjelju-15-mart\/#primaryimage\"},\"thumbnailUrl\":\"https:\/\/tuzlainfo.ba\/wp-content\/uploads\/2021\/07\/1907_Struja.jpg\",\"datePublished\":\"2026-03-14T18:45:51+00:00\",\"dateModified\":\"2026-03-14T18:46:09+00:00\",\"breadcrumb\":{\"@id\":\"https:\/\/tuzlainfo.ba\/index.php\/novosti\/item\/297079-ed-tuzla-planska-iskljucenja-elelektricne-energije-za-nedjelju-15-mart\/#breadcrumb\"},\"inLanguage\":\"bs-BA\",\"potentialAction\":[{\"@type\":\"ReadAction\",\"target\":[\"https:\/\/tuzlainfo.ba\/index.php\/novosti\/item\/297079-ed-tuzla-planska-iskljucenja-elelektricne-energije-za-nedjelju-15-mart\/\"]}]},{\"@type\":\"ImageObject\",\"inLanguage\":\"bs-BA\",\"@id\":\"https:\/\/tuzlainfo.ba\/index.php\/novosti\/item\/297079-ed-tuzla-planska-iskljucenja-elelektricne-energije-za-nedjelju-15-mart\/#primaryimage\",\"url\":\"https:\/\/tuzlainfo.ba\/wp-content\/uploads\/2021\/07\/1907_Struja.jpg\",\"contentUrl\":\"https:\/\/tuzlainfo.ba\/wp-content\/uploads\/2021\/07\/1907_Struja.jpg\",\"width\":999,\"height\":605},{\"@type\":\"BreadcrumbList\",\"@id\":\"https:\/\/tuzlainfo.ba\/index.php\/novosti\/item\/297079-ed-tuzla-planska-iskljucenja-elelektricne-energije-za-nedjelju-15-mart\/#breadcrumb\",\"itemListElement\":[{\"@type\":\"ListItem\",\"position\":1,\"name\":\"Home\",\"item\":\"https:\/\/tuzlainfo.ba\/\"},{\"@type\":\"ListItem\",\"position\":2,\"name\":\"ED Tuzla: Planska isklju\u010denja elelektri\u010dne energije za nedjelju 15. mart\"}]},{\"@type\":\"WebSite\",\"@id\":\"https:\/\/tuzlainfo.ba\/#website\",\"url\":\"https:\/\/tuzlainfo.ba\/\",\"name\":\"TuzlaInfo.ba\",\"description\":\"Tuzla info, gradski informator - Tuzla na dlanu\",\"publisher\":{\"@id\":\"https:\/\/tuzlainfo.ba\/#organization\"},\"potentialAction\":[{\"@type\":\"SearchAction\",\"target\":{\"@type\":\"EntryPoint\",\"urlTemplate\":\"https:\/\/tuzlainfo.ba\/?s={search_term_string}\"},\"query-input\":{\"@type\":\"PropertyValueSpecification\",\"valueRequired\":true,\"valueName\":\"search_term_string\"}}],\"inLanguage\":\"bs-BA\"},{\"@type\":\"Organization\",\"@id\":\"https:\/\/tuzlainfo.ba\/#organization\",\"name\":\"TuzlaInfo.ba\",\"url\":\"https:\/\/tuzlainfo.ba\/\",\"logo\":{\"@type\":\"ImageObject\",\"inLanguage\":\"bs-BA\",\"@id\":\"https:\/\/tuzlainfo.ba\/#\/schema\/logo\/image\/\",\"url\":\"https:\/\/tuzlainfo.ba\/wp-content\/uploads\/2021\/03\/logo-ver-3-1.png\",\"contentUrl\":\"https:\/\/tuzlainfo.ba\/wp-content\/uploads\/2021\/03\/logo-ver-3-1.png\",\"width\":350,\"height\":95,\"caption\":\"TuzlaInfo.ba\"},\"image\":{\"@id\":\"https:\/\/tuzlainfo.ba\/#\/schema\/logo\/image\/\"},\"sameAs\":[\"https:\/\/www.facebook.com\/tuzlainfo.ba\/\"]},{\"@type\":\"Person\",\"@id\":\"https:\/\/tuzlainfo.ba\/#\/schema\/person\/593e78a2f6378c5ba3e7600ecfa4e63a\",\"name\":\"Admin Tri\",\"image\":{\"@type\":\"ImageObject\",\"inLanguage\":\"bs-BA\",\"@id\":\"https:\/\/tuzlainfo.ba\/#\/schema\/person\/image\/\",\"url\":\"https:\/\/tuzlainfo.ba\/wp-content\/litespeed\/avatar\/b7920db4cc34a71ad12497283ad2fe3f.jpg?ver=1777100914\",\"contentUrl\":\"https:\/\/tuzlainfo.ba\/wp-content\/litespeed\/avatar\/b7920db4cc34a71ad12497283ad2fe3f.jpg?ver=1777100914\",\"caption\":\"Admin Tri\"},\"sameAs\":[\"https:\/\/tuzlainfo.ba\"]}]}<\/script>\n<!-- \/ Yoast SEO plugin. -->","yoast_head_json":{"title":"ED Tuzla: Planska isklju\u010denja elelektri\u010dne energije za nedjelju 15. mart - TuzlaInfo.ba","robots":{"index":"index","follow":"follow","max-snippet":"max-snippet:-1","max-image-preview":"max-image-preview:large","max-video-preview":"max-video-preview:-1"},"canonical":"https:\/\/tuzlainfo.ba\/index.php\/novosti\/item\/297079-ed-tuzla-planska-iskljucenja-elelektricne-energije-za-nedjelju-15-mart\/","og_locale":"bs_BA","og_type":"article","og_title":"ED Tuzla: Planska isklju\u010denja elelektri\u010dne energije za nedjelju 15. mart - TuzlaInfo.ba","og_description":"Zbog planiranih radova na elektroenergetskoj mre\u017ei, sutra \u0107e do\u0107i do privremenih obustava u isporuci elektri\u010dne&hellip;","og_url":"https:\/\/tuzlainfo.ba\/index.php\/novosti\/item\/297079-ed-tuzla-planska-iskljucenja-elelektricne-energije-za-nedjelju-15-mart\/","og_site_name":"TuzlaInfo.ba","article_publisher":"https:\/\/www.facebook.com\/tuzlainfo.ba\/","article_published_time":"2026-03-14T18:45:51+00:00","article_modified_time":"2026-03-14T18:46:09+00:00","og_image":[{"width":999,"height":605,"url":"https:\/\/tuzlainfo.ba\/wp-content\/uploads\/2021\/07\/1907_Struja.jpg","type":"image\/jpeg"}],"author":"Admin Tri","twitter_card":"summary_large_image","twitter_misc":{"Written by":"Admin Tri","Est. reading time":"3 minute"},"schema":{"@context":"https:\/\/schema.org","@graph":[{"@type":"Article","@id":"https:\/\/tuzlainfo.ba\/index.php\/novosti\/item\/297079-ed-tuzla-planska-iskljucenja-elelektricne-energije-za-nedjelju-15-mart\/#article","isPartOf":{"@id":"https:\/\/tuzlainfo.ba\/index.php\/novosti\/item\/297079-ed-tuzla-planska-iskljucenja-elelektricne-energije-za-nedjelju-15-mart\/"},"author":{"name":"Admin Tri","@id":"https:\/\/tuzlainfo.ba\/#\/schema\/person\/593e78a2f6378c5ba3e7600ecfa4e63a"},"headline":"ED Tuzla: Planska isklju\u010denja elelektri\u010dne energije za nedjelju 15. mart","datePublished":"2026-03-14T18:45:51+00:00","dateModified":"2026-03-14T18:46:09+00:00","mainEntityOfPage":{"@id":"https:\/\/tuzlainfo.ba\/index.php\/novosti\/item\/297079-ed-tuzla-planska-iskljucenja-elelektricne-energije-za-nedjelju-15-mart\/"},"wordCount":260,"publisher":{"@id":"https:\/\/tuzlainfo.ba\/#organization"},"image":{"@id":"https:\/\/tuzlainfo.ba\/index.php\/novosti\/item\/297079-ed-tuzla-planska-iskljucenja-elelektricne-energije-za-nedjelju-15-mart\/#primaryimage"},"thumbnailUrl":"https:\/\/tuzlainfo.ba\/wp-content\/uploads\/2021\/07\/1907_Struja.jpg","keywords":["elektri\u010dna energija","struja"],"articleSection":["Istaknuto","Novosti"],"inLanguage":"bs-BA"},{"@type":"WebPage","@id":"https:\/\/tuzlainfo.ba\/index.php\/novosti\/item\/297079-ed-tuzla-planska-iskljucenja-elelektricne-energije-za-nedjelju-15-mart\/","url":"https:\/\/tuzlainfo.ba\/index.php\/novosti\/item\/297079-ed-tuzla-planska-iskljucenja-elelektricne-energije-za-nedjelju-15-mart\/","name":"ED Tuzla: Planska isklju\u010denja elelektri\u010dne energije za nedjelju 15. mart - TuzlaInfo.ba","isPartOf":{"@id":"https:\/\/tuzlainfo.ba\/#website"},"primaryImageOfPage":{"@id":"https:\/\/tuzlainfo.ba\/index.php\/novosti\/item\/297079-ed-tuzla-planska-iskljucenja-elelektricne-energije-za-nedjelju-15-mart\/#primaryimage"},"image":{"@id":"https:\/\/tuzlainfo.ba\/index.php\/novosti\/item\/297079-ed-tuzla-planska-iskljucenja-elelektricne-energije-za-nedjelju-15-mart\/#primaryimage"},"thumbnailUrl":"https:\/\/tuzlainfo.ba\/wp-content\/uploads\/2021\/07\/1907_Struja.jpg","datePublished":"2026-03-14T18:45:51+00:00","dateModified":"2026-03-14T18:46:09+00:00","breadcrumb":{"@id":"https:\/\/tuzlainfo.ba\/index.php\/novosti\/item\/297079-ed-tuzla-planska-iskljucenja-elelektricne-energije-za-nedjelju-15-mart\/#breadcrumb"},"inLanguage":"bs-BA","potentialAction":[{"@type":"ReadAction","target":["https:\/\/tuzlainfo.ba\/index.php\/novosti\/item\/297079-ed-tuzla-planska-iskljucenja-elelektricne-energije-za-nedjelju-15-mart\/"]}]},{"@type":"ImageObject","inLanguage":"bs-BA","@id":"https:\/\/tuzlainfo.ba\/index.php\/novosti\/item\/297079-ed-tuzla-planska-iskljucenja-elelektricne-energije-za-nedjelju-15-mart\/#primaryimage","url":"https:\/\/tuzlainfo.ba\/wp-content\/uploads\/2021\/07\/1907_Struja.jpg","contentUrl":"https:\/\/tuzlainfo.ba\/wp-content\/uploads\/2021\/07\/1907_Struja.jpg","width":999,"height":605},{"@type":"BreadcrumbList","@id":"https:\/\/tuzlainfo.ba\/index.php\/novosti\/item\/297079-ed-tuzla-planska-iskljucenja-elelektricne-energije-za-nedjelju-15-mart\/#breadcrumb","itemListElement":[{"@type":"ListItem","position":1,"name":"Home","item":"https:\/\/tuzlainfo.ba\/"},{"@type":"ListItem","position":2,"name":"ED Tuzla: Planska isklju\u010denja elelektri\u010dne energije za nedjelju 15. mart"}]},{"@type":"WebSite","@id":"https:\/\/tuzlainfo.ba\/#website","url":"https:\/\/tuzlainfo.ba\/","name":"TuzlaInfo.ba","description":"Tuzla info, gradski informator - Tuzla na dlanu","publisher":{"@id":"https:\/\/tuzlainfo.ba\/#organization"},"potentialAction":[{"@type":"SearchAction","target":{"@type":"EntryPoint","urlTemplate":"https:\/\/tuzlainfo.ba\/?s={search_term_string}"},"query-input":{"@type":"PropertyValueSpecification","valueRequired":true,"valueName":"search_term_string"}}],"inLanguage":"bs-BA"},{"@type":"Organization","@id":"https:\/\/tuzlainfo.ba\/#organization","name":"TuzlaInfo.ba","url":"https:\/\/tuzlainfo.ba\/","logo":{"@type":"ImageObject","inLanguage":"bs-BA","@id":"https:\/\/tuzlainfo.ba\/#\/schema\/logo\/image\/","url":"https:\/\/tuzlainfo.ba\/wp-content\/uploads\/2021\/03\/logo-ver-3-1.png","contentUrl":"https:\/\/tuzlainfo.ba\/wp-content\/uploads\/2021\/03\/logo-ver-3-1.png","width":350,"height":95,"caption":"TuzlaInfo.ba"},"image":{"@id":"https:\/\/tuzlainfo.ba\/#\/schema\/logo\/image\/"},"sameAs":["https:\/\/www.facebook.com\/tuzlainfo.ba\/"]},{"@type":"Person","@id":"https:\/\/tuzlainfo.ba\/#\/schema\/person\/593e78a2f6378c5ba3e7600ecfa4e63a","name":"Admin Tri","image":{"@type":"ImageObject","inLanguage":"bs-BA","@id":"https:\/\/tuzlainfo.ba\/#\/schema\/person\/image\/","url":"https:\/\/tuzlainfo.ba\/wp-content\/litespeed\/avatar\/b7920db4cc34a71ad12497283ad2fe3f.jpg?ver=1777100914","contentUrl":"https:\/\/tuzlainfo.ba\/wp-content\/litespeed\/avatar\/b7920db4cc34a71ad12497283ad2fe3f.jpg?ver=1777100914","caption":"Admin Tri"},"sameAs":["https:\/\/tuzlainfo.ba"]}]}},"_links":{"self":[{"href":"https:\/\/tuzlainfo.ba\/index.php\/wp-json\/wp\/v2\/posts\/297079"}],"collection":[{"href":"https:\/\/tuzlainfo.ba\/index.php\/wp-json\/wp\/v2\/posts"}],"about":[{"href":"https:\/\/tuzlainfo.ba\/index.php\/wp-json\/wp\/v2\/types\/post"}],"author":[{"embeddable":true,"href":"https:\/\/tuzlainfo.ba\/index.php\/wp-json\/wp\/v2\/users\/8"}],"replies":[{"embeddable":true,"href":"https:\/\/tuzlainfo.ba\/index.php\/wp-json\/wp\/v2\/comments?post=297079"}],"version-history":[{"count":1,"href":"https:\/\/tuzlainfo.ba\/index.php\/wp-json\/wp\/v2\/posts\/297079\/revisions"}],"predecessor-version":[{"id":297080,"href":"https:\/\/tuzlainfo.ba\/index.php\/wp-json\/wp\/v2\/posts\/297079\/revisions\/297080"}],"wp:featuredmedia":[{"embeddable":true,"href":"https:\/\/tuzlainfo.ba\/index.php\/wp-json\/wp\/v2\/media\/142399"}],"wp:attachment":[{"href":"https:\/\/tuzlainfo.ba\/index.php\/wp-json\/wp\/v2\/media?parent=297079"}],"wp:term":[{"taxonomy":"category","embeddable":true,"href":"https:\/\/tuzlainfo.ba\/index.php\/wp-json\/wp\/v2\/categories?post=297079"},{"taxonomy":"post_tag","embeddable":true,"href":"https:\/\/tuzlainfo.ba\/index.php\/wp-json\/wp\/v2\/tags?post=297079"}],"curies":[{"name":"wp","href":"https:\/\/api.w.org\/{rel}","templated":true}]}}