{"id":297052,"date":"2026-03-12T14:00:58","date_gmt":"2026-03-12T13:00:58","guid":{"rendered":"https:\/\/tuzlainfo.ba\/?p=297052"},"modified":"2026-03-12T21:11:36","modified_gmt":"2026-03-12T20:11:36","slug":"adin-hodzic-najbolji-kadet-nove-generacije-policajaca-u-tk-ponosan-sam-sto-sluzim-svojoj-drzavi","status":"publish","type":"post","link":"https:\/\/tuzlainfo.ba\/index.php\/novosti\/item\/297052-adin-hodzic-najbolji-kadet-nove-generacije-policajaca-u-tk-ponosan-sam-sto-sluzim-svojoj-drzavi\/","title":{"rendered":"Adin Hod\u017ei\u0107, najbolji kadet nove generacije policajaca u TK: \u201ePonosan sam \u0161to slu\u017eim svojoj dr\u017eavi\u201c"},"content":{"rendered":"<p data-start=\"0\" data-end=\"267\"><span class=\"hover:entity-accent entity-underline inline cursor-pointer align-baseline\"><span class=\"whitespace-normal\">Ministarstvo unutra\u0161njih poslova Tuzlanskog kantona<\/span><\/span> danas je sve\u010danom ceremonijom dobilo 128 novih policijskih slu\u017ebenika koji su nakon zavr\u0161ene osnovne policijske obuke polo\u017eili zakletvu u BKC-u Tuzla.<\/p>\n<p data-start=\"269\" data-end=\"497\">Rije\u010d je o kadetima 51. generacije koji su uspje\u0161no zavr\u0161ili osnovnu policijsku obuku na <span class=\"hover:entity-accent entity-underline inline cursor-pointer align-baseline\"><span class=\"whitespace-normal\">Policijska akademija FMUP-a<\/span><\/span>, a koji \u0107e od sada svoje profesionalne karijere nastaviti u Upravi policije MUP-a Tuzlanskog kantona.<\/p>\n<p data-start=\"499\" data-end=\"804\">Ukupno 128 kadeta obu\u010davalo se prema savremenom nastavnom planu i programu osnovne policijske obuke za po\u010detni \u010din \u201epolicajac\u201c. Ovaj program rezultat je jedne od najzna\u010dajnijih reformi i procesa profesionalizacije policijske obuke u Federaciji Bosne i Hercegovine od osnivanja Policijske akademije FMUP-a.<\/p>\n<p data-start=\"806\" data-end=\"985\">Najbolji me\u0111u njima bio je kadet <span class=\"hover:entity-accent entity-underline inline cursor-pointer align-baseline\"><span class=\"whitespace-normal\">Adin Hod\u017ei\u0107<\/span><\/span>, koji je obuku zavr\u0161io sa prosje\u010dnom ocjenom 9,66 i time zaslu\u017eio Zlatnu zna\u010dku Policijske akademije FMUP-a.<\/p>\n<h3 data-section-id=\"k7b2p8\" data-start=\"987\" data-end=\"1010\">Ponos i odgovornost<\/h3>\n<p data-start=\"1012\" data-end=\"1157\">U razgovoru nakon sve\u010dane ceremonije, Hod\u017ei\u0107 je istzakao da ga je za policijski poziv prije svega motivirala \u017eelja da slu\u017ei svojoj zajednici i dr\u017eavi.<\/p>\n<p data-start=\"1159\" data-end=\"1282\">\u201ePrivukao me poziv da dostojanstveno slu\u017eim svom kantonu i svojoj dr\u017eavi, jedinoj dr\u017eavi Bosni i Hercegovini\u201c, ka\u017ee Hod\u017ei\u0107.<\/p>\n<p data-start=\"1159\" data-end=\"1282\"><img fetchpriority=\"high\" decoding=\"async\" class=\"alignnone size-full wp-image-297054\" src=\"https:\/\/tuzlainfo.ba\/wp-content\/uploads\/2026\/03\/Adin-Hodzic-2.jpg\" alt=\"\" width=\"997\" height=\"557\" srcset=\"https:\/\/tuzlainfo.ba\/wp-content\/uploads\/2026\/03\/Adin-Hodzic-2.jpg 997w, https:\/\/tuzlainfo.ba\/wp-content\/uploads\/2026\/03\/Adin-Hodzic-2-300x168.jpg 300w, https:\/\/tuzlainfo.ba\/wp-content\/uploads\/2026\/03\/Adin-Hodzic-2-768x429.jpg 768w, https:\/\/tuzlainfo.ba\/wp-content\/uploads\/2026\/03\/Adin-Hodzic-2-585x327.jpg 585w, https:\/\/tuzlainfo.ba\/wp-content\/uploads\/2026\/03\/Adin-Hodzic-2-150x84.jpg 150w, https:\/\/tuzlainfo.ba\/wp-content\/uploads\/2026\/03\/Adin-Hodzic-2-500x279.jpg 500w\" sizes=\"(max-width: 997px) 100vw, 997px\" \/><\/p>\n<p data-start=\"1284\" data-end=\"1356\">Govore\u0107i o periodu obuke, nagla\u0161ava da ona nije bila nimalo jednostavna.<\/p>\n<p data-start=\"1358\" data-end=\"1644\">\u201eSama obuka na Policijskoj akademiji bila je izuzetno zahtjevna za nas kadete, ali i za nastavni kadar. Oni su od ljudi koji dolaze iz razli\u010ditih profesija uspjeli napraviti policijske slu\u017ebenike koji \u0107e sutra znati odgovoriti na svaki zadatak koji se pred njih postavi\u201c, isti\u010de Hod\u017ei\u0107.<\/p>\n<p data-start=\"1646\" data-end=\"1725\">Dodaje da je osnovni cilj budu\u0107ih policajaca za\u0161tita gra\u0111ana i njihove imovine.<\/p>\n<p data-start=\"1727\" data-end=\"1833\">\u201eNa\u0161a du\u017enost je da sa\u010duvamo svaki \u017eivot gra\u0111ana Tuzlanskog kantona, kao i njihovu imovinu\u201c, nagla\u0161ava on.<\/p>\n<h3 data-section-id=\"3thag3\" data-start=\"1835\" data-end=\"1874\">Zahvalnost kolegama i institucijama<\/h3>\n<p data-start=\"1876\" data-end=\"2025\">Hod\u017ei\u0107 je ovom prilikom zahvalio Upravi policije MUP-a Tuzlanskog kantona na, kako ka\u017ee, transparentnom procesu prijema novih policijskih slu\u017ebenika.<\/p>\n<p data-start=\"2027\" data-end=\"2218\">\u201e\u017delim zahvaliti Upravi policije na transparentnom procesu prijema, ali i svim kolegama kadetima koji danas stoje rame uz rame sa mnom i koji s ponosom nose grb na svojoj uniformi\u201c, rekao je.<\/p>\n<p data-start=\"2220\" data-end=\"2306\">Prema njegovim rije\u010dima, policijski poziv nosi veliku odgovornost, ali i posebnu \u010dast.<\/p>\n<p data-start=\"2308\" data-end=\"2469\">\u201eBiti dobitnik Zlatne zna\u010dke Policijske akademije za mene je ogromna \u010dast, ali i jo\u0161 ve\u0107a odgovornost da tu zna\u010dku kroz svoj rad i slu\u017ebu opravdam\u201c, ka\u017ee Hod\u017ei\u0107.<\/p>\n<p data-start=\"2308\" data-end=\"2469\"><img decoding=\"async\" class=\"alignnone size-full wp-image-297055\" src=\"https:\/\/tuzlainfo.ba\/wp-content\/uploads\/2026\/03\/Adin-Hodzic-3.jpg\" alt=\"\" width=\"1000\" height=\"519\" srcset=\"https:\/\/tuzlainfo.ba\/wp-content\/uploads\/2026\/03\/Adin-Hodzic-3.jpg 1000w, https:\/\/tuzlainfo.ba\/wp-content\/uploads\/2026\/03\/Adin-Hodzic-3-300x156.jpg 300w, https:\/\/tuzlainfo.ba\/wp-content\/uploads\/2026\/03\/Adin-Hodzic-3-768x399.jpg 768w, https:\/\/tuzlainfo.ba\/wp-content\/uploads\/2026\/03\/Adin-Hodzic-3-585x304.jpg 585w, https:\/\/tuzlainfo.ba\/wp-content\/uploads\/2026\/03\/Adin-Hodzic-3-150x78.jpg 150w, https:\/\/tuzlainfo.ba\/wp-content\/uploads\/2026\/03\/Adin-Hodzic-3-500x260.jpg 500w\" sizes=\"(max-width: 1000px) 100vw, 1000px\" \/><\/p>\n<h3 data-section-id=\"ltyb43\" data-start=\"2471\" data-end=\"2488\">\u010cuvari zakona<\/h3>\n<p data-start=\"2490\" data-end=\"2551\">Najve\u0107i osje\u0107aj koji ga danas ispunjava, dodaje, jeste ponos.<\/p>\n<p data-start=\"2553\" data-end=\"2795\">\u201ePonosan sam jer zajedno sa mnom stoji jo\u0161 127 kolega koji \u0107e sutra \u0161tititi Ustav Bosne i Hercegovine i zakone Tuzlanskog kantona. Na\u0161 zadatak je da budemo ponosni \u010duvari zakona i sigurnosti gra\u0111ana\u201c, poru\u010dio je najbolji kadet 51. generacije.<\/p>\n<p data-start=\"2797\" data-end=\"3050\" data-is-last-node=\"\" data-is-only-node=\"\">Polaganjem sve\u010dane zakletve novih 128 policijskih slu\u017ebenika, Uprava policije MUP-a Tuzlanskog kantona dodatno je oja\u010dala svoje kadrovske kapacitete u cilju unapre\u0111enja sigurnosti gra\u0111ana i efikasnijeg obavljanja policijskih poslova na podru\u010dju kantona.<strong>\/Tuzlainfo.ba\/<\/strong><\/p>\n","protected":false},"excerpt":{"rendered":"<p>Ministarstvo unutra\u0161njih poslova Tuzlanskog kantona danas je sve\u010danom ceremonijom dobilo 128 novih policijskih slu\u017ebenika koji&hellip;<\/p>\n","protected":false},"author":2,"featured_media":297053,"comment_status":"closed","ping_status":"closed","sticky":false,"template":"","format":"standard","meta":{"_acf_changed":false,"footnotes":""},"categories":[304,12,306],"tags":[13606],"acf":[],"yoast_head":"<!-- This site is optimized with the Yoast SEO plugin v23.5 - https:\/\/yoast.com\/wordpress\/plugins\/seo\/ -->\n<title>Adin Hod\u017ei\u0107, najbolji kadet nove generacije policajaca u TK: \u201ePonosan sam \u0161to slu\u017eim svojoj dr\u017eavi\u201c - TuzlaInfo.ba<\/title>\n<meta name=\"robots\" content=\"index, follow, max-snippet:-1, max-image-preview:large, max-video-preview:-1\" \/>\n<link rel=\"canonical\" href=\"https:\/\/tuzlainfo.ba\/index.php\/novosti\/item\/297052-adin-hodzic-najbolji-kadet-nove-generacije-policajaca-u-tk-ponosan-sam-sto-sluzim-svojoj-drzavi\/\" \/>\n<meta property=\"og:locale\" content=\"bs_BA\" \/>\n<meta property=\"og:type\" content=\"article\" \/>\n<meta property=\"og:title\" content=\"Adin Hod\u017ei\u0107, najbolji kadet nove generacije policajaca u TK: \u201ePonosan sam \u0161to slu\u017eim svojoj dr\u017eavi\u201c - TuzlaInfo.ba\" \/>\n<meta property=\"og:description\" content=\"Ministarstvo unutra\u0161njih poslova Tuzlanskog kantona danas je sve\u010danom ceremonijom dobilo 128 novih policijskih slu\u017ebenika koji&hellip;\" \/>\n<meta property=\"og:url\" content=\"https:\/\/tuzlainfo.ba\/index.php\/novosti\/item\/297052-adin-hodzic-najbolji-kadet-nove-generacije-policajaca-u-tk-ponosan-sam-sto-sluzim-svojoj-drzavi\/\" \/>\n<meta property=\"og:site_name\" content=\"TuzlaInfo.ba\" \/>\n<meta property=\"article:publisher\" content=\"https:\/\/www.facebook.com\/tuzlainfo.ba\/\" \/>\n<meta property=\"article:published_time\" content=\"2026-03-12T13:00:58+00:00\" \/>\n<meta property=\"article:modified_time\" content=\"2026-03-12T20:11:36+00:00\" \/>\n<meta property=\"og:image\" content=\"https:\/\/tuzlainfo.ba\/wp-content\/uploads\/2026\/03\/Adin-Hodzic-1.jpg\" \/>\n\t<meta property=\"og:image:width\" content=\"1000\" \/>\n\t<meta property=\"og:image:height\" content=\"607\" \/>\n\t<meta property=\"og:image:type\" content=\"image\/jpeg\" \/>\n<meta name=\"author\" content=\"nedim\" \/>\n<meta name=\"twitter:card\" content=\"summary_large_image\" \/>\n<meta name=\"twitter:label1\" content=\"Written by\" \/>\n\t<meta name=\"twitter:data1\" content=\"nedim\" \/>\n\t<meta name=\"twitter:label2\" content=\"Est. reading time\" \/>\n\t<meta name=\"twitter:data2\" content=\"3 minute\" \/>\n<script type=\"application\/ld+json\" class=\"yoast-schema-graph\">{\"@context\":\"https:\/\/schema.org\",\"@graph\":[{\"@type\":\"Article\",\"@id\":\"https:\/\/tuzlainfo.ba\/index.php\/novosti\/item\/297052-adin-hodzic-najbolji-kadet-nove-generacije-policajaca-u-tk-ponosan-sam-sto-sluzim-svojoj-drzavi\/#article\",\"isPartOf\":{\"@id\":\"https:\/\/tuzlainfo.ba\/index.php\/novosti\/item\/297052-adin-hodzic-najbolji-kadet-nove-generacije-policajaca-u-tk-ponosan-sam-sto-sluzim-svojoj-drzavi\/\"},\"author\":{\"name\":\"nedim\",\"@id\":\"https:\/\/tuzlainfo.ba\/#\/schema\/person\/f434e20dc27ea133923aab08451b7f7f\"},\"headline\":\"Adin Hod\u017ei\u0107, najbolji kadet nove generacije policajaca u TK: \u201ePonosan sam \u0161to slu\u017eim svojoj dr\u017eavi\u201c\",\"datePublished\":\"2026-03-12T13:00:58+00:00\",\"dateModified\":\"2026-03-12T20:11:36+00:00\",\"mainEntityOfPage\":{\"@id\":\"https:\/\/tuzlainfo.ba\/index.php\/novosti\/item\/297052-adin-hodzic-najbolji-kadet-nove-generacije-policajaca-u-tk-ponosan-sam-sto-sluzim-svojoj-drzavi\/\"},\"wordCount\":499,\"publisher\":{\"@id\":\"https:\/\/tuzlainfo.ba\/#organization\"},\"image\":{\"@id\":\"https:\/\/tuzlainfo.ba\/index.php\/novosti\/item\/297052-adin-hodzic-najbolji-kadet-nove-generacije-policajaca-u-tk-ponosan-sam-sto-sluzim-svojoj-drzavi\/#primaryimage\"},\"thumbnailUrl\":\"https:\/\/tuzlainfo.ba\/wp-content\/uploads\/2026\/03\/Adin-Hodzic-1.jpg\",\"keywords\":[\"adin hod\u017ei\u0107\"],\"articleSection\":[\"Istaknuto\",\"Novosti\",\"Preporu\u010dujemo\"],\"inLanguage\":\"bs-BA\"},{\"@type\":\"WebPage\",\"@id\":\"https:\/\/tuzlainfo.ba\/index.php\/novosti\/item\/297052-adin-hodzic-najbolji-kadet-nove-generacije-policajaca-u-tk-ponosan-sam-sto-sluzim-svojoj-drzavi\/\",\"url\":\"https:\/\/tuzlainfo.ba\/index.php\/novosti\/item\/297052-adin-hodzic-najbolji-kadet-nove-generacije-policajaca-u-tk-ponosan-sam-sto-sluzim-svojoj-drzavi\/\",\"name\":\"Adin Hod\u017ei\u0107, najbolji kadet nove generacije policajaca u TK: \u201ePonosan sam \u0161to slu\u017eim svojoj dr\u017eavi\u201c - TuzlaInfo.ba\",\"isPartOf\":{\"@id\":\"https:\/\/tuzlainfo.ba\/#website\"},\"primaryImageOfPage\":{\"@id\":\"https:\/\/tuzlainfo.ba\/index.php\/novosti\/item\/297052-adin-hodzic-najbolji-kadet-nove-generacije-policajaca-u-tk-ponosan-sam-sto-sluzim-svojoj-drzavi\/#primaryimage\"},\"image\":{\"@id\":\"https:\/\/tuzlainfo.ba\/index.php\/novosti\/item\/297052-adin-hodzic-najbolji-kadet-nove-generacije-policajaca-u-tk-ponosan-sam-sto-sluzim-svojoj-drzavi\/#primaryimage\"},\"thumbnailUrl\":\"https:\/\/tuzlainfo.ba\/wp-content\/uploads\/2026\/03\/Adin-Hodzic-1.jpg\",\"datePublished\":\"2026-03-12T13:00:58+00:00\",\"dateModified\":\"2026-03-12T20:11:36+00:00\",\"breadcrumb\":{\"@id\":\"https:\/\/tuzlainfo.ba\/index.php\/novosti\/item\/297052-adin-hodzic-najbolji-kadet-nove-generacije-policajaca-u-tk-ponosan-sam-sto-sluzim-svojoj-drzavi\/#breadcrumb\"},\"inLanguage\":\"bs-BA\",\"potentialAction\":[{\"@type\":\"ReadAction\",\"target\":[\"https:\/\/tuzlainfo.ba\/index.php\/novosti\/item\/297052-adin-hodzic-najbolji-kadet-nove-generacije-policajaca-u-tk-ponosan-sam-sto-sluzim-svojoj-drzavi\/\"]}]},{\"@type\":\"ImageObject\",\"inLanguage\":\"bs-BA\",\"@id\":\"https:\/\/tuzlainfo.ba\/index.php\/novosti\/item\/297052-adin-hodzic-najbolji-kadet-nove-generacije-policajaca-u-tk-ponosan-sam-sto-sluzim-svojoj-drzavi\/#primaryimage\",\"url\":\"https:\/\/tuzlainfo.ba\/wp-content\/uploads\/2026\/03\/Adin-Hodzic-1.jpg\",\"contentUrl\":\"https:\/\/tuzlainfo.ba\/wp-content\/uploads\/2026\/03\/Adin-Hodzic-1.jpg\",\"width\":1000,\"height\":607},{\"@type\":\"BreadcrumbList\",\"@id\":\"https:\/\/tuzlainfo.ba\/index.php\/novosti\/item\/297052-adin-hodzic-najbolji-kadet-nove-generacije-policajaca-u-tk-ponosan-sam-sto-sluzim-svojoj-drzavi\/#breadcrumb\",\"itemListElement\":[{\"@type\":\"ListItem\",\"position\":1,\"name\":\"Home\",\"item\":\"https:\/\/tuzlainfo.ba\/\"},{\"@type\":\"ListItem\",\"position\":2,\"name\":\"Adin Hod\u017ei\u0107, najbolji kadet nove generacije policajaca u TK: \u201ePonosan sam \u0161to slu\u017eim svojoj dr\u017eavi\u201c\"}]},{\"@type\":\"WebSite\",\"@id\":\"https:\/\/tuzlainfo.ba\/#website\",\"url\":\"https:\/\/tuzlainfo.ba\/\",\"name\":\"TuzlaInfo.ba\",\"description\":\"Tuzla info, gradski informator - Tuzla na dlanu\",\"publisher\":{\"@id\":\"https:\/\/tuzlainfo.ba\/#organization\"},\"potentialAction\":[{\"@type\":\"SearchAction\",\"target\":{\"@type\":\"EntryPoint\",\"urlTemplate\":\"https:\/\/tuzlainfo.ba\/?s={search_term_string}\"},\"query-input\":{\"@type\":\"PropertyValueSpecification\",\"valueRequired\":true,\"valueName\":\"search_term_string\"}}],\"inLanguage\":\"bs-BA\"},{\"@type\":\"Organization\",\"@id\":\"https:\/\/tuzlainfo.ba\/#organization\",\"name\":\"TuzlaInfo.ba\",\"url\":\"https:\/\/tuzlainfo.ba\/\",\"logo\":{\"@type\":\"ImageObject\",\"inLanguage\":\"bs-BA\",\"@id\":\"https:\/\/tuzlainfo.ba\/#\/schema\/logo\/image\/\",\"url\":\"https:\/\/tuzlainfo.ba\/wp-content\/uploads\/2021\/03\/logo-ver-3-1.png\",\"contentUrl\":\"https:\/\/tuzlainfo.ba\/wp-content\/uploads\/2021\/03\/logo-ver-3-1.png\",\"width\":350,\"height\":95,\"caption\":\"TuzlaInfo.ba\"},\"image\":{\"@id\":\"https:\/\/tuzlainfo.ba\/#\/schema\/logo\/image\/\"},\"sameAs\":[\"https:\/\/www.facebook.com\/tuzlainfo.ba\/\"]},{\"@type\":\"Person\",\"@id\":\"https:\/\/tuzlainfo.ba\/#\/schema\/person\/f434e20dc27ea133923aab08451b7f7f\",\"name\":\"nedim\",\"image\":{\"@type\":\"ImageObject\",\"inLanguage\":\"bs-BA\",\"@id\":\"https:\/\/tuzlainfo.ba\/#\/schema\/person\/image\/\",\"url\":\"https:\/\/tuzlainfo.ba\/wp-content\/litespeed\/avatar\/aabad687af24844af817603ac1cbdc4f.jpg?ver=1777306975\",\"contentUrl\":\"https:\/\/tuzlainfo.ba\/wp-content\/litespeed\/avatar\/aabad687af24844af817603ac1cbdc4f.jpg?ver=1777306975\",\"caption\":\"nedim\"},\"description\":\"Tuzlainfo.ba pratite na dru\u0161tvenim mre\u017eama: Facebook, Instagram i Youtube. Svoje pri\u010de, upite i fotografije \u0161aljite na na\u0161u e-mail adresu.\"}]}<\/script>\n<!-- \/ Yoast SEO plugin. -->","yoast_head_json":{"title":"Adin Hod\u017ei\u0107, najbolji kadet nove generacije policajaca u TK: \u201ePonosan sam \u0161to slu\u017eim svojoj dr\u017eavi\u201c - TuzlaInfo.ba","robots":{"index":"index","follow":"follow","max-snippet":"max-snippet:-1","max-image-preview":"max-image-preview:large","max-video-preview":"max-video-preview:-1"},"canonical":"https:\/\/tuzlainfo.ba\/index.php\/novosti\/item\/297052-adin-hodzic-najbolji-kadet-nove-generacije-policajaca-u-tk-ponosan-sam-sto-sluzim-svojoj-drzavi\/","og_locale":"bs_BA","og_type":"article","og_title":"Adin Hod\u017ei\u0107, najbolji kadet nove generacije policajaca u TK: \u201ePonosan sam \u0161to slu\u017eim svojoj dr\u017eavi\u201c - TuzlaInfo.ba","og_description":"Ministarstvo unutra\u0161njih poslova Tuzlanskog kantona danas je sve\u010danom ceremonijom dobilo 128 novih policijskih slu\u017ebenika koji&hellip;","og_url":"https:\/\/tuzlainfo.ba\/index.php\/novosti\/item\/297052-adin-hodzic-najbolji-kadet-nove-generacije-policajaca-u-tk-ponosan-sam-sto-sluzim-svojoj-drzavi\/","og_site_name":"TuzlaInfo.ba","article_publisher":"https:\/\/www.facebook.com\/tuzlainfo.ba\/","article_published_time":"2026-03-12T13:00:58+00:00","article_modified_time":"2026-03-12T20:11:36+00:00","og_image":[{"width":1000,"height":607,"url":"https:\/\/tuzlainfo.ba\/wp-content\/uploads\/2026\/03\/Adin-Hodzic-1.jpg","type":"image\/jpeg"}],"author":"nedim","twitter_card":"summary_large_image","twitter_misc":{"Written by":"nedim","Est. reading time":"3 minute"},"schema":{"@context":"https:\/\/schema.org","@graph":[{"@type":"Article","@id":"https:\/\/tuzlainfo.ba\/index.php\/novosti\/item\/297052-adin-hodzic-najbolji-kadet-nove-generacije-policajaca-u-tk-ponosan-sam-sto-sluzim-svojoj-drzavi\/#article","isPartOf":{"@id":"https:\/\/tuzlainfo.ba\/index.php\/novosti\/item\/297052-adin-hodzic-najbolji-kadet-nove-generacije-policajaca-u-tk-ponosan-sam-sto-sluzim-svojoj-drzavi\/"},"author":{"name":"nedim","@id":"https:\/\/tuzlainfo.ba\/#\/schema\/person\/f434e20dc27ea133923aab08451b7f7f"},"headline":"Adin Hod\u017ei\u0107, najbolji kadet nove generacije policajaca u TK: \u201ePonosan sam \u0161to slu\u017eim svojoj dr\u017eavi\u201c","datePublished":"2026-03-12T13:00:58+00:00","dateModified":"2026-03-12T20:11:36+00:00","mainEntityOfPage":{"@id":"https:\/\/tuzlainfo.ba\/index.php\/novosti\/item\/297052-adin-hodzic-najbolji-kadet-nove-generacije-policajaca-u-tk-ponosan-sam-sto-sluzim-svojoj-drzavi\/"},"wordCount":499,"publisher":{"@id":"https:\/\/tuzlainfo.ba\/#organization"},"image":{"@id":"https:\/\/tuzlainfo.ba\/index.php\/novosti\/item\/297052-adin-hodzic-najbolji-kadet-nove-generacije-policajaca-u-tk-ponosan-sam-sto-sluzim-svojoj-drzavi\/#primaryimage"},"thumbnailUrl":"https:\/\/tuzlainfo.ba\/wp-content\/uploads\/2026\/03\/Adin-Hodzic-1.jpg","keywords":["adin hod\u017ei\u0107"],"articleSection":["Istaknuto","Novosti","Preporu\u010dujemo"],"inLanguage":"bs-BA"},{"@type":"WebPage","@id":"https:\/\/tuzlainfo.ba\/index.php\/novosti\/item\/297052-adin-hodzic-najbolji-kadet-nove-generacije-policajaca-u-tk-ponosan-sam-sto-sluzim-svojoj-drzavi\/","url":"https:\/\/tuzlainfo.ba\/index.php\/novosti\/item\/297052-adin-hodzic-najbolji-kadet-nove-generacije-policajaca-u-tk-ponosan-sam-sto-sluzim-svojoj-drzavi\/","name":"Adin Hod\u017ei\u0107, najbolji kadet nove generacije policajaca u TK: \u201ePonosan sam \u0161to slu\u017eim svojoj dr\u017eavi\u201c - TuzlaInfo.ba","isPartOf":{"@id":"https:\/\/tuzlainfo.ba\/#website"},"primaryImageOfPage":{"@id":"https:\/\/tuzlainfo.ba\/index.php\/novosti\/item\/297052-adin-hodzic-najbolji-kadet-nove-generacije-policajaca-u-tk-ponosan-sam-sto-sluzim-svojoj-drzavi\/#primaryimage"},"image":{"@id":"https:\/\/tuzlainfo.ba\/index.php\/novosti\/item\/297052-adin-hodzic-najbolji-kadet-nove-generacije-policajaca-u-tk-ponosan-sam-sto-sluzim-svojoj-drzavi\/#primaryimage"},"thumbnailUrl":"https:\/\/tuzlainfo.ba\/wp-content\/uploads\/2026\/03\/Adin-Hodzic-1.jpg","datePublished":"2026-03-12T13:00:58+00:00","dateModified":"2026-03-12T20:11:36+00:00","breadcrumb":{"@id":"https:\/\/tuzlainfo.ba\/index.php\/novosti\/item\/297052-adin-hodzic-najbolji-kadet-nove-generacije-policajaca-u-tk-ponosan-sam-sto-sluzim-svojoj-drzavi\/#breadcrumb"},"inLanguage":"bs-BA","potentialAction":[{"@type":"ReadAction","target":["https:\/\/tuzlainfo.ba\/index.php\/novosti\/item\/297052-adin-hodzic-najbolji-kadet-nove-generacije-policajaca-u-tk-ponosan-sam-sto-sluzim-svojoj-drzavi\/"]}]},{"@type":"ImageObject","inLanguage":"bs-BA","@id":"https:\/\/tuzlainfo.ba\/index.php\/novosti\/item\/297052-adin-hodzic-najbolji-kadet-nove-generacije-policajaca-u-tk-ponosan-sam-sto-sluzim-svojoj-drzavi\/#primaryimage","url":"https:\/\/tuzlainfo.ba\/wp-content\/uploads\/2026\/03\/Adin-Hodzic-1.jpg","contentUrl":"https:\/\/tuzlainfo.ba\/wp-content\/uploads\/2026\/03\/Adin-Hodzic-1.jpg","width":1000,"height":607},{"@type":"BreadcrumbList","@id":"https:\/\/tuzlainfo.ba\/index.php\/novosti\/item\/297052-adin-hodzic-najbolji-kadet-nove-generacije-policajaca-u-tk-ponosan-sam-sto-sluzim-svojoj-drzavi\/#breadcrumb","itemListElement":[{"@type":"ListItem","position":1,"name":"Home","item":"https:\/\/tuzlainfo.ba\/"},{"@type":"ListItem","position":2,"name":"Adin Hod\u017ei\u0107, najbolji kadet nove generacije policajaca u TK: \u201ePonosan sam \u0161to slu\u017eim svojoj dr\u017eavi\u201c"}]},{"@type":"WebSite","@id":"https:\/\/tuzlainfo.ba\/#website","url":"https:\/\/tuzlainfo.ba\/","name":"TuzlaInfo.ba","description":"Tuzla info, gradski informator - Tuzla na dlanu","publisher":{"@id":"https:\/\/tuzlainfo.ba\/#organization"},"potentialAction":[{"@type":"SearchAction","target":{"@type":"EntryPoint","urlTemplate":"https:\/\/tuzlainfo.ba\/?s={search_term_string}"},"query-input":{"@type":"PropertyValueSpecification","valueRequired":true,"valueName":"search_term_string"}}],"inLanguage":"bs-BA"},{"@type":"Organization","@id":"https:\/\/tuzlainfo.ba\/#organization","name":"TuzlaInfo.ba","url":"https:\/\/tuzlainfo.ba\/","logo":{"@type":"ImageObject","inLanguage":"bs-BA","@id":"https:\/\/tuzlainfo.ba\/#\/schema\/logo\/image\/","url":"https:\/\/tuzlainfo.ba\/wp-content\/uploads\/2021\/03\/logo-ver-3-1.png","contentUrl":"https:\/\/tuzlainfo.ba\/wp-content\/uploads\/2021\/03\/logo-ver-3-1.png","width":350,"height":95,"caption":"TuzlaInfo.ba"},"image":{"@id":"https:\/\/tuzlainfo.ba\/#\/schema\/logo\/image\/"},"sameAs":["https:\/\/www.facebook.com\/tuzlainfo.ba\/"]},{"@type":"Person","@id":"https:\/\/tuzlainfo.ba\/#\/schema\/person\/f434e20dc27ea133923aab08451b7f7f","name":"nedim","image":{"@type":"ImageObject","inLanguage":"bs-BA","@id":"https:\/\/tuzlainfo.ba\/#\/schema\/person\/image\/","url":"https:\/\/tuzlainfo.ba\/wp-content\/litespeed\/avatar\/aabad687af24844af817603ac1cbdc4f.jpg?ver=1777306975","contentUrl":"https:\/\/tuzlainfo.ba\/wp-content\/litespeed\/avatar\/aabad687af24844af817603ac1cbdc4f.jpg?ver=1777306975","caption":"nedim"},"description":"Tuzlainfo.ba pratite na dru\u0161tvenim mre\u017eama: Facebook, Instagram i Youtube. Svoje pri\u010de, upite i fotografije \u0161aljite na na\u0161u e-mail adresu."}]}},"_links":{"self":[{"href":"https:\/\/tuzlainfo.ba\/index.php\/wp-json\/wp\/v2\/posts\/297052"}],"collection":[{"href":"https:\/\/tuzlainfo.ba\/index.php\/wp-json\/wp\/v2\/posts"}],"about":[{"href":"https:\/\/tuzlainfo.ba\/index.php\/wp-json\/wp\/v2\/types\/post"}],"author":[{"embeddable":true,"href":"https:\/\/tuzlainfo.ba\/index.php\/wp-json\/wp\/v2\/users\/2"}],"replies":[{"embeddable":true,"href":"https:\/\/tuzlainfo.ba\/index.php\/wp-json\/wp\/v2\/comments?post=297052"}],"version-history":[{"count":1,"href":"https:\/\/tuzlainfo.ba\/index.php\/wp-json\/wp\/v2\/posts\/297052\/revisions"}],"predecessor-version":[{"id":297060,"href":"https:\/\/tuzlainfo.ba\/index.php\/wp-json\/wp\/v2\/posts\/297052\/revisions\/297060"}],"wp:featuredmedia":[{"embeddable":true,"href":"https:\/\/tuzlainfo.ba\/index.php\/wp-json\/wp\/v2\/media\/297053"}],"wp:attachment":[{"href":"https:\/\/tuzlainfo.ba\/index.php\/wp-json\/wp\/v2\/media?parent=297052"}],"wp:term":[{"taxonomy":"category","embeddable":true,"href":"https:\/\/tuzlainfo.ba\/index.php\/wp-json\/wp\/v2\/categories?post=297052"},{"taxonomy":"post_tag","embeddable":true,"href":"https:\/\/tuzlainfo.ba\/index.php\/wp-json\/wp\/v2\/tags?post=297052"}],"curies":[{"name":"wp","href":"https:\/\/api.w.org\/{rel}","templated":true}]}}