{"id":296927,"date":"2026-03-11T10:49:08","date_gmt":"2026-03-11T09:49:08","guid":{"rendered":"https:\/\/tuzlainfo.ba\/?p=296927"},"modified":"2026-03-11T10:49:42","modified_gmt":"2026-03-11T09:49:42","slug":"krivicna-prijava-protiv-sebije-izetbegovic-zbog-navodnog-otkrivanja-podataka-o-maloljetnim-zrtvama-iz-tuzle","status":"publish","type":"post","link":"https:\/\/tuzlainfo.ba\/index.php\/bosna-i-hercegovina\/item\/296927-krivicna-prijava-protiv-sebije-izetbegovic-zbog-navodnog-otkrivanja-podataka-o-maloljetnim-zrtvama-iz-tuzle\/","title":{"rendered":"Krivi\u010dna prijava protiv Sebije Izetbegovi\u0107 zbog navodnog otkrivanja podataka o maloljetnim \u017ertvama iz Tuzle"},"content":{"rendered":"<p>Krivi\u010dna prijava protiv Sebije Izetbegovi\u0107 podnesena je Kantonalnom tu\u017eila\u0161tvu Kantona Sarajevo zbog sumnje da je tokom sjednice Skup\u0161tine Kantona Sarajevo javno iznijela informacije koje se odnose na maloljetne \u017ertve trgovine ljudima, a koje su zakonom za\u0161ti\u0107ene.<\/p>\n<p>Prema dokumentima u koje je <a href=\"https:\/\/raport.ba\/podnesena-prijava-protiv-sebije-izetbegovic-zbog-otkrivanja-lokacije-podvodenih-djevojcica-iz-tuzle-one-u-strahu-pobjegle-iz-sigurne-kuce-policija-ih-vratila\" target=\"_blank\" rel=\"noopener\">Raport<\/a> imao uvid, prijava se odnosi na istup Izetbegovi\u0107 na 29. redovnoj sjednici Skup\u0161tine Kantona Sarajevo odr\u017eanoj 6. marta 2026. godine. Tokom rasprave o slu\u010daju maloljetnih djevojaka koje su \u017ertve trgovine ljudima iznijela je podatke na osnovu kojih je, kako se navodi, mogu\u0107e zaklju\u010diti u kojoj su ustanovi socijalne za\u0161tite bile smje\u0161tene.<\/p>\n<p>U prijavi se navodi da je rije\u010d o informacijama koje su, prema zakonima koji reguli\u0161u za\u0161titu djece i maloljetnika u krivi\u010dnom postupku, posebno za\u0161ti\u0107ene. Izetbegovi\u0107 je u svom obra\u0107anju govorila o mjestu njihovog smje\u0161taja, ali i o politi\u010dkoj pripadnosti osobe koja rukovodi ustanovom, \u010dime je, prema navodima iz prijave, indirektno otkriven identitet ustanove u kojoj su djevojke boravile.<\/p>\n<p>Podnosilac prijave smatra da je time po\u010dinjeno krivi\u010dno djelo povrede tajnosti postupka, jer bi javno izno\u0161enje takvih podataka moglo dovesti do identifikacije maloljetnih \u017ertava koje u krivi\u010dnom postupku imaju status posebno za\u0161ti\u0107enih osoba.<\/p>\n<p>Rije\u010d je o djevojkama koje su \u017ertve u predmetu trgovine ljudima koji vodi Kantonalno tu\u017eila\u0161tvo Tuzlanskog kantona protiv vi\u0161e osoba osumnji\u010denih za organizovano iskori\u0161tavanje maloljetnica u svrhu prostitucije.<\/p>\n<p>U dokumentaciji se navodi i da su maloljetne djevojke, nakon \u0161to je sporni istup postao javan i prenesen u medijima, osjetile strah zbog mogu\u0107nosti otkrivanja mjesta njihovog boravka. Ve\u0107 narednog dana samovoljno su napustile ustanovu socijalne za\u0161tite i udaljile se u nepoznatom pravcu.<\/p>\n<p>O njihovom nestanku obavije\u0161tena je policija, nakon \u010dega je raspisana potraga. Nakon nekoliko sati maloljetnice su prona\u0111ene na podru\u010dju Kantona Sarajevo i, u pratnji policijskih slu\u017ebenika, ponovo zbrinute na sigurnom mjestu.<\/p>\n<p>Osim Kantonalnog tu\u017eila\u0161tva Kantona Sarajevo, o cijelom slu\u010daju obavije\u0161teno je i Kantonalno tu\u017eila\u0161tvo Tuzlanskog kantona, koje vodi predmet trgovine ljudima u kojem maloljetnice imaju status \u017ertava.<\/p>\n<p>U dopisu upu\u0107enom tom tu\u017eila\u0161tvu navodi se da je krivi\u010dna prijava protiv Sebije Izetbegovi\u0107 podnesena zbog sumnje da je njen javni istup mogao ugroziti sigurnost i integritet maloljetnih \u017ertava, ali i naru\u0161iti zakonske mjere za\u0161tite njihovog identiteta.<\/p>\n<p>Kantonalno tu\u017eila\u0161tvo Kantona Sarajevo sada bi trebalo odlu\u010diti da li postoje osnovi za pokretanje istrage u ovom predmetu.<\/p>\n","protected":false},"excerpt":{"rendered":"<p>Krivi\u010dna prijava protiv Sebije Izetbegovi\u0107 podnesena je Kantonalnom tu\u017eila\u0161tvu Kantona Sarajevo zbog sumnje da je&hellip;<\/p>\n","protected":false},"author":8,"featured_media":277145,"comment_status":"closed","ping_status":"closed","sticky":false,"template":"","format":"standard","meta":{"_acf_changed":false,"footnotes":""},"categories":[291],"tags":[9745,1021],"acf":[],"yoast_head":"<!-- This site is optimized with the Yoast SEO plugin v23.5 - https:\/\/yoast.com\/wordpress\/plugins\/seo\/ -->\n<title>Krivi\u010dna prijava protiv Sebije Izetbegovi\u0107 zbog navodnog otkrivanja podataka o maloljetnim \u017ertvama iz Tuzle - TuzlaInfo.ba<\/title>\n<meta name=\"robots\" content=\"index, follow, max-snippet:-1, max-image-preview:large, max-video-preview:-1\" \/>\n<link rel=\"canonical\" href=\"https:\/\/tuzlainfo.ba\/index.php\/bosna-i-hercegovina\/item\/296927-krivicna-prijava-protiv-sebije-izetbegovic-zbog-navodnog-otkrivanja-podataka-o-maloljetnim-zrtvama-iz-tuzle\/\" \/>\n<meta property=\"og:locale\" content=\"bs_BA\" \/>\n<meta property=\"og:type\" content=\"article\" \/>\n<meta property=\"og:title\" content=\"Krivi\u010dna prijava protiv Sebije Izetbegovi\u0107 zbog navodnog otkrivanja podataka o maloljetnim \u017ertvama iz Tuzle - TuzlaInfo.ba\" \/>\n<meta property=\"og:description\" content=\"Krivi\u010dna prijava protiv Sebije Izetbegovi\u0107 podnesena je Kantonalnom tu\u017eila\u0161tvu Kantona Sarajevo zbog sumnje da je&hellip;\" \/>\n<meta property=\"og:url\" content=\"https:\/\/tuzlainfo.ba\/index.php\/bosna-i-hercegovina\/item\/296927-krivicna-prijava-protiv-sebije-izetbegovic-zbog-navodnog-otkrivanja-podataka-o-maloljetnim-zrtvama-iz-tuzle\/\" \/>\n<meta property=\"og:site_name\" content=\"TuzlaInfo.ba\" \/>\n<meta property=\"article:publisher\" content=\"https:\/\/www.facebook.com\/tuzlainfo.ba\/\" \/>\n<meta property=\"article:published_time\" content=\"2026-03-11T09:49:08+00:00\" \/>\n<meta property=\"article:modified_time\" content=\"2026-03-11T09:49:42+00:00\" \/>\n<meta property=\"og:image\" content=\"https:\/\/tuzlainfo.ba\/wp-content\/uploads\/2025\/08\/1608_sebija_izetbegovic.jpg\" \/>\n\t<meta property=\"og:image:width\" content=\"793\" \/>\n\t<meta property=\"og:image:height\" content=\"617\" \/>\n\t<meta property=\"og:image:type\" content=\"image\/jpeg\" \/>\n<meta name=\"author\" content=\"Admin Tri\" \/>\n<meta name=\"twitter:card\" content=\"summary_large_image\" \/>\n<meta name=\"twitter:label1\" content=\"Written by\" \/>\n\t<meta name=\"twitter:data1\" content=\"Admin Tri\" \/>\n\t<meta name=\"twitter:label2\" content=\"Est. reading time\" \/>\n\t<meta name=\"twitter:data2\" content=\"3 minute\" \/>\n<script type=\"application\/ld+json\" class=\"yoast-schema-graph\">{\"@context\":\"https:\/\/schema.org\",\"@graph\":[{\"@type\":\"Article\",\"@id\":\"https:\/\/tuzlainfo.ba\/index.php\/bosna-i-hercegovina\/item\/296927-krivicna-prijava-protiv-sebije-izetbegovic-zbog-navodnog-otkrivanja-podataka-o-maloljetnim-zrtvama-iz-tuzle\/#article\",\"isPartOf\":{\"@id\":\"https:\/\/tuzlainfo.ba\/index.php\/bosna-i-hercegovina\/item\/296927-krivicna-prijava-protiv-sebije-izetbegovic-zbog-navodnog-otkrivanja-podataka-o-maloljetnim-zrtvama-iz-tuzle\/\"},\"author\":{\"name\":\"Admin Tri\",\"@id\":\"https:\/\/tuzlainfo.ba\/#\/schema\/person\/593e78a2f6378c5ba3e7600ecfa4e63a\"},\"headline\":\"Krivi\u010dna prijava protiv Sebije Izetbegovi\u0107 zbog navodnog otkrivanja podataka o maloljetnim \u017ertvama iz Tuzle\",\"datePublished\":\"2026-03-11T09:49:08+00:00\",\"dateModified\":\"2026-03-11T09:49:42+00:00\",\"mainEntityOfPage\":{\"@id\":\"https:\/\/tuzlainfo.ba\/index.php\/bosna-i-hercegovina\/item\/296927-krivicna-prijava-protiv-sebije-izetbegovic-zbog-navodnog-otkrivanja-podataka-o-maloljetnim-zrtvama-iz-tuzle\/\"},\"wordCount\":432,\"publisher\":{\"@id\":\"https:\/\/tuzlainfo.ba\/#organization\"},\"image\":{\"@id\":\"https:\/\/tuzlainfo.ba\/index.php\/bosna-i-hercegovina\/item\/296927-krivicna-prijava-protiv-sebije-izetbegovic-zbog-navodnog-otkrivanja-podataka-o-maloljetnim-zrtvama-iz-tuzle\/#primaryimage\"},\"thumbnailUrl\":\"https:\/\/tuzlainfo.ba\/wp-content\/uploads\/2025\/08\/1608_sebija_izetbegovic.jpg\",\"keywords\":[\"prijava\",\"Sebija Izetbegovi\u0107\"],\"articleSection\":[\"Bosna i Hercegovina\"],\"inLanguage\":\"bs-BA\"},{\"@type\":\"WebPage\",\"@id\":\"https:\/\/tuzlainfo.ba\/index.php\/bosna-i-hercegovina\/item\/296927-krivicna-prijava-protiv-sebije-izetbegovic-zbog-navodnog-otkrivanja-podataka-o-maloljetnim-zrtvama-iz-tuzle\/\",\"url\":\"https:\/\/tuzlainfo.ba\/index.php\/bosna-i-hercegovina\/item\/296927-krivicna-prijava-protiv-sebije-izetbegovic-zbog-navodnog-otkrivanja-podataka-o-maloljetnim-zrtvama-iz-tuzle\/\",\"name\":\"Krivi\u010dna prijava protiv Sebije Izetbegovi\u0107 zbog navodnog otkrivanja podataka o maloljetnim \u017ertvama iz Tuzle - TuzlaInfo.ba\",\"isPartOf\":{\"@id\":\"https:\/\/tuzlainfo.ba\/#website\"},\"primaryImageOfPage\":{\"@id\":\"https:\/\/tuzlainfo.ba\/index.php\/bosna-i-hercegovina\/item\/296927-krivicna-prijava-protiv-sebije-izetbegovic-zbog-navodnog-otkrivanja-podataka-o-maloljetnim-zrtvama-iz-tuzle\/#primaryimage\"},\"image\":{\"@id\":\"https:\/\/tuzlainfo.ba\/index.php\/bosna-i-hercegovina\/item\/296927-krivicna-prijava-protiv-sebije-izetbegovic-zbog-navodnog-otkrivanja-podataka-o-maloljetnim-zrtvama-iz-tuzle\/#primaryimage\"},\"thumbnailUrl\":\"https:\/\/tuzlainfo.ba\/wp-content\/uploads\/2025\/08\/1608_sebija_izetbegovic.jpg\",\"datePublished\":\"2026-03-11T09:49:08+00:00\",\"dateModified\":\"2026-03-11T09:49:42+00:00\",\"breadcrumb\":{\"@id\":\"https:\/\/tuzlainfo.ba\/index.php\/bosna-i-hercegovina\/item\/296927-krivicna-prijava-protiv-sebije-izetbegovic-zbog-navodnog-otkrivanja-podataka-o-maloljetnim-zrtvama-iz-tuzle\/#breadcrumb\"},\"inLanguage\":\"bs-BA\",\"potentialAction\":[{\"@type\":\"ReadAction\",\"target\":[\"https:\/\/tuzlainfo.ba\/index.php\/bosna-i-hercegovina\/item\/296927-krivicna-prijava-protiv-sebije-izetbegovic-zbog-navodnog-otkrivanja-podataka-o-maloljetnim-zrtvama-iz-tuzle\/\"]}]},{\"@type\":\"ImageObject\",\"inLanguage\":\"bs-BA\",\"@id\":\"https:\/\/tuzlainfo.ba\/index.php\/bosna-i-hercegovina\/item\/296927-krivicna-prijava-protiv-sebije-izetbegovic-zbog-navodnog-otkrivanja-podataka-o-maloljetnim-zrtvama-iz-tuzle\/#primaryimage\",\"url\":\"https:\/\/tuzlainfo.ba\/wp-content\/uploads\/2025\/08\/1608_sebija_izetbegovic.jpg\",\"contentUrl\":\"https:\/\/tuzlainfo.ba\/wp-content\/uploads\/2025\/08\/1608_sebija_izetbegovic.jpg\",\"width\":793,\"height\":617},{\"@type\":\"BreadcrumbList\",\"@id\":\"https:\/\/tuzlainfo.ba\/index.php\/bosna-i-hercegovina\/item\/296927-krivicna-prijava-protiv-sebije-izetbegovic-zbog-navodnog-otkrivanja-podataka-o-maloljetnim-zrtvama-iz-tuzle\/#breadcrumb\",\"itemListElement\":[{\"@type\":\"ListItem\",\"position\":1,\"name\":\"Home\",\"item\":\"https:\/\/tuzlainfo.ba\/\"},{\"@type\":\"ListItem\",\"position\":2,\"name\":\"Krivi\u010dna prijava protiv Sebije Izetbegovi\u0107 zbog navodnog otkrivanja podataka o maloljetnim \u017ertvama iz Tuzle\"}]},{\"@type\":\"WebSite\",\"@id\":\"https:\/\/tuzlainfo.ba\/#website\",\"url\":\"https:\/\/tuzlainfo.ba\/\",\"name\":\"TuzlaInfo.ba\",\"description\":\"Tuzla info, gradski informator - Tuzla na dlanu\",\"publisher\":{\"@id\":\"https:\/\/tuzlainfo.ba\/#organization\"},\"potentialAction\":[{\"@type\":\"SearchAction\",\"target\":{\"@type\":\"EntryPoint\",\"urlTemplate\":\"https:\/\/tuzlainfo.ba\/?s={search_term_string}\"},\"query-input\":{\"@type\":\"PropertyValueSpecification\",\"valueRequired\":true,\"valueName\":\"search_term_string\"}}],\"inLanguage\":\"bs-BA\"},{\"@type\":\"Organization\",\"@id\":\"https:\/\/tuzlainfo.ba\/#organization\",\"name\":\"TuzlaInfo.ba\",\"url\":\"https:\/\/tuzlainfo.ba\/\",\"logo\":{\"@type\":\"ImageObject\",\"inLanguage\":\"bs-BA\",\"@id\":\"https:\/\/tuzlainfo.ba\/#\/schema\/logo\/image\/\",\"url\":\"https:\/\/tuzlainfo.ba\/wp-content\/uploads\/2021\/03\/logo-ver-3-1.png\",\"contentUrl\":\"https:\/\/tuzlainfo.ba\/wp-content\/uploads\/2021\/03\/logo-ver-3-1.png\",\"width\":350,\"height\":95,\"caption\":\"TuzlaInfo.ba\"},\"image\":{\"@id\":\"https:\/\/tuzlainfo.ba\/#\/schema\/logo\/image\/\"},\"sameAs\":[\"https:\/\/www.facebook.com\/tuzlainfo.ba\/\"]},{\"@type\":\"Person\",\"@id\":\"https:\/\/tuzlainfo.ba\/#\/schema\/person\/593e78a2f6378c5ba3e7600ecfa4e63a\",\"name\":\"Admin Tri\",\"image\":{\"@type\":\"ImageObject\",\"inLanguage\":\"bs-BA\",\"@id\":\"https:\/\/tuzlainfo.ba\/#\/schema\/person\/image\/\",\"url\":\"https:\/\/tuzlainfo.ba\/wp-content\/litespeed\/avatar\/b7920db4cc34a71ad12497283ad2fe3f.jpg?ver=1777100914\",\"contentUrl\":\"https:\/\/tuzlainfo.ba\/wp-content\/litespeed\/avatar\/b7920db4cc34a71ad12497283ad2fe3f.jpg?ver=1777100914\",\"caption\":\"Admin Tri\"},\"sameAs\":[\"https:\/\/tuzlainfo.ba\"]}]}<\/script>\n<!-- \/ Yoast SEO plugin. -->","yoast_head_json":{"title":"Krivi\u010dna prijava protiv Sebije Izetbegovi\u0107 zbog navodnog otkrivanja podataka o maloljetnim \u017ertvama iz Tuzle - TuzlaInfo.ba","robots":{"index":"index","follow":"follow","max-snippet":"max-snippet:-1","max-image-preview":"max-image-preview:large","max-video-preview":"max-video-preview:-1"},"canonical":"https:\/\/tuzlainfo.ba\/index.php\/bosna-i-hercegovina\/item\/296927-krivicna-prijava-protiv-sebije-izetbegovic-zbog-navodnog-otkrivanja-podataka-o-maloljetnim-zrtvama-iz-tuzle\/","og_locale":"bs_BA","og_type":"article","og_title":"Krivi\u010dna prijava protiv Sebije Izetbegovi\u0107 zbog navodnog otkrivanja podataka o maloljetnim \u017ertvama iz Tuzle - TuzlaInfo.ba","og_description":"Krivi\u010dna prijava protiv Sebije Izetbegovi\u0107 podnesena je Kantonalnom tu\u017eila\u0161tvu Kantona Sarajevo zbog sumnje da je&hellip;","og_url":"https:\/\/tuzlainfo.ba\/index.php\/bosna-i-hercegovina\/item\/296927-krivicna-prijava-protiv-sebije-izetbegovic-zbog-navodnog-otkrivanja-podataka-o-maloljetnim-zrtvama-iz-tuzle\/","og_site_name":"TuzlaInfo.ba","article_publisher":"https:\/\/www.facebook.com\/tuzlainfo.ba\/","article_published_time":"2026-03-11T09:49:08+00:00","article_modified_time":"2026-03-11T09:49:42+00:00","og_image":[{"width":793,"height":617,"url":"https:\/\/tuzlainfo.ba\/wp-content\/uploads\/2025\/08\/1608_sebija_izetbegovic.jpg","type":"image\/jpeg"}],"author":"Admin Tri","twitter_card":"summary_large_image","twitter_misc":{"Written by":"Admin Tri","Est. reading time":"3 minute"},"schema":{"@context":"https:\/\/schema.org","@graph":[{"@type":"Article","@id":"https:\/\/tuzlainfo.ba\/index.php\/bosna-i-hercegovina\/item\/296927-krivicna-prijava-protiv-sebije-izetbegovic-zbog-navodnog-otkrivanja-podataka-o-maloljetnim-zrtvama-iz-tuzle\/#article","isPartOf":{"@id":"https:\/\/tuzlainfo.ba\/index.php\/bosna-i-hercegovina\/item\/296927-krivicna-prijava-protiv-sebije-izetbegovic-zbog-navodnog-otkrivanja-podataka-o-maloljetnim-zrtvama-iz-tuzle\/"},"author":{"name":"Admin Tri","@id":"https:\/\/tuzlainfo.ba\/#\/schema\/person\/593e78a2f6378c5ba3e7600ecfa4e63a"},"headline":"Krivi\u010dna prijava protiv Sebije Izetbegovi\u0107 zbog navodnog otkrivanja podataka o maloljetnim \u017ertvama iz Tuzle","datePublished":"2026-03-11T09:49:08+00:00","dateModified":"2026-03-11T09:49:42+00:00","mainEntityOfPage":{"@id":"https:\/\/tuzlainfo.ba\/index.php\/bosna-i-hercegovina\/item\/296927-krivicna-prijava-protiv-sebije-izetbegovic-zbog-navodnog-otkrivanja-podataka-o-maloljetnim-zrtvama-iz-tuzle\/"},"wordCount":432,"publisher":{"@id":"https:\/\/tuzlainfo.ba\/#organization"},"image":{"@id":"https:\/\/tuzlainfo.ba\/index.php\/bosna-i-hercegovina\/item\/296927-krivicna-prijava-protiv-sebije-izetbegovic-zbog-navodnog-otkrivanja-podataka-o-maloljetnim-zrtvama-iz-tuzle\/#primaryimage"},"thumbnailUrl":"https:\/\/tuzlainfo.ba\/wp-content\/uploads\/2025\/08\/1608_sebija_izetbegovic.jpg","keywords":["prijava","Sebija Izetbegovi\u0107"],"articleSection":["Bosna i Hercegovina"],"inLanguage":"bs-BA"},{"@type":"WebPage","@id":"https:\/\/tuzlainfo.ba\/index.php\/bosna-i-hercegovina\/item\/296927-krivicna-prijava-protiv-sebije-izetbegovic-zbog-navodnog-otkrivanja-podataka-o-maloljetnim-zrtvama-iz-tuzle\/","url":"https:\/\/tuzlainfo.ba\/index.php\/bosna-i-hercegovina\/item\/296927-krivicna-prijava-protiv-sebije-izetbegovic-zbog-navodnog-otkrivanja-podataka-o-maloljetnim-zrtvama-iz-tuzle\/","name":"Krivi\u010dna prijava protiv Sebije Izetbegovi\u0107 zbog navodnog otkrivanja podataka o maloljetnim \u017ertvama iz Tuzle - TuzlaInfo.ba","isPartOf":{"@id":"https:\/\/tuzlainfo.ba\/#website"},"primaryImageOfPage":{"@id":"https:\/\/tuzlainfo.ba\/index.php\/bosna-i-hercegovina\/item\/296927-krivicna-prijava-protiv-sebije-izetbegovic-zbog-navodnog-otkrivanja-podataka-o-maloljetnim-zrtvama-iz-tuzle\/#primaryimage"},"image":{"@id":"https:\/\/tuzlainfo.ba\/index.php\/bosna-i-hercegovina\/item\/296927-krivicna-prijava-protiv-sebije-izetbegovic-zbog-navodnog-otkrivanja-podataka-o-maloljetnim-zrtvama-iz-tuzle\/#primaryimage"},"thumbnailUrl":"https:\/\/tuzlainfo.ba\/wp-content\/uploads\/2025\/08\/1608_sebija_izetbegovic.jpg","datePublished":"2026-03-11T09:49:08+00:00","dateModified":"2026-03-11T09:49:42+00:00","breadcrumb":{"@id":"https:\/\/tuzlainfo.ba\/index.php\/bosna-i-hercegovina\/item\/296927-krivicna-prijava-protiv-sebije-izetbegovic-zbog-navodnog-otkrivanja-podataka-o-maloljetnim-zrtvama-iz-tuzle\/#breadcrumb"},"inLanguage":"bs-BA","potentialAction":[{"@type":"ReadAction","target":["https:\/\/tuzlainfo.ba\/index.php\/bosna-i-hercegovina\/item\/296927-krivicna-prijava-protiv-sebije-izetbegovic-zbog-navodnog-otkrivanja-podataka-o-maloljetnim-zrtvama-iz-tuzle\/"]}]},{"@type":"ImageObject","inLanguage":"bs-BA","@id":"https:\/\/tuzlainfo.ba\/index.php\/bosna-i-hercegovina\/item\/296927-krivicna-prijava-protiv-sebije-izetbegovic-zbog-navodnog-otkrivanja-podataka-o-maloljetnim-zrtvama-iz-tuzle\/#primaryimage","url":"https:\/\/tuzlainfo.ba\/wp-content\/uploads\/2025\/08\/1608_sebija_izetbegovic.jpg","contentUrl":"https:\/\/tuzlainfo.ba\/wp-content\/uploads\/2025\/08\/1608_sebija_izetbegovic.jpg","width":793,"height":617},{"@type":"BreadcrumbList","@id":"https:\/\/tuzlainfo.ba\/index.php\/bosna-i-hercegovina\/item\/296927-krivicna-prijava-protiv-sebije-izetbegovic-zbog-navodnog-otkrivanja-podataka-o-maloljetnim-zrtvama-iz-tuzle\/#breadcrumb","itemListElement":[{"@type":"ListItem","position":1,"name":"Home","item":"https:\/\/tuzlainfo.ba\/"},{"@type":"ListItem","position":2,"name":"Krivi\u010dna prijava protiv Sebije Izetbegovi\u0107 zbog navodnog otkrivanja podataka o maloljetnim \u017ertvama iz Tuzle"}]},{"@type":"WebSite","@id":"https:\/\/tuzlainfo.ba\/#website","url":"https:\/\/tuzlainfo.ba\/","name":"TuzlaInfo.ba","description":"Tuzla info, gradski informator - Tuzla na dlanu","publisher":{"@id":"https:\/\/tuzlainfo.ba\/#organization"},"potentialAction":[{"@type":"SearchAction","target":{"@type":"EntryPoint","urlTemplate":"https:\/\/tuzlainfo.ba\/?s={search_term_string}"},"query-input":{"@type":"PropertyValueSpecification","valueRequired":true,"valueName":"search_term_string"}}],"inLanguage":"bs-BA"},{"@type":"Organization","@id":"https:\/\/tuzlainfo.ba\/#organization","name":"TuzlaInfo.ba","url":"https:\/\/tuzlainfo.ba\/","logo":{"@type":"ImageObject","inLanguage":"bs-BA","@id":"https:\/\/tuzlainfo.ba\/#\/schema\/logo\/image\/","url":"https:\/\/tuzlainfo.ba\/wp-content\/uploads\/2021\/03\/logo-ver-3-1.png","contentUrl":"https:\/\/tuzlainfo.ba\/wp-content\/uploads\/2021\/03\/logo-ver-3-1.png","width":350,"height":95,"caption":"TuzlaInfo.ba"},"image":{"@id":"https:\/\/tuzlainfo.ba\/#\/schema\/logo\/image\/"},"sameAs":["https:\/\/www.facebook.com\/tuzlainfo.ba\/"]},{"@type":"Person","@id":"https:\/\/tuzlainfo.ba\/#\/schema\/person\/593e78a2f6378c5ba3e7600ecfa4e63a","name":"Admin Tri","image":{"@type":"ImageObject","inLanguage":"bs-BA","@id":"https:\/\/tuzlainfo.ba\/#\/schema\/person\/image\/","url":"https:\/\/tuzlainfo.ba\/wp-content\/litespeed\/avatar\/b7920db4cc34a71ad12497283ad2fe3f.jpg?ver=1777100914","contentUrl":"https:\/\/tuzlainfo.ba\/wp-content\/litespeed\/avatar\/b7920db4cc34a71ad12497283ad2fe3f.jpg?ver=1777100914","caption":"Admin Tri"},"sameAs":["https:\/\/tuzlainfo.ba"]}]}},"_links":{"self":[{"href":"https:\/\/tuzlainfo.ba\/index.php\/wp-json\/wp\/v2\/posts\/296927"}],"collection":[{"href":"https:\/\/tuzlainfo.ba\/index.php\/wp-json\/wp\/v2\/posts"}],"about":[{"href":"https:\/\/tuzlainfo.ba\/index.php\/wp-json\/wp\/v2\/types\/post"}],"author":[{"embeddable":true,"href":"https:\/\/tuzlainfo.ba\/index.php\/wp-json\/wp\/v2\/users\/8"}],"replies":[{"embeddable":true,"href":"https:\/\/tuzlainfo.ba\/index.php\/wp-json\/wp\/v2\/comments?post=296927"}],"version-history":[{"count":3,"href":"https:\/\/tuzlainfo.ba\/index.php\/wp-json\/wp\/v2\/posts\/296927\/revisions"}],"predecessor-version":[{"id":296930,"href":"https:\/\/tuzlainfo.ba\/index.php\/wp-json\/wp\/v2\/posts\/296927\/revisions\/296930"}],"wp:featuredmedia":[{"embeddable":true,"href":"https:\/\/tuzlainfo.ba\/index.php\/wp-json\/wp\/v2\/media\/277145"}],"wp:attachment":[{"href":"https:\/\/tuzlainfo.ba\/index.php\/wp-json\/wp\/v2\/media?parent=296927"}],"wp:term":[{"taxonomy":"category","embeddable":true,"href":"https:\/\/tuzlainfo.ba\/index.php\/wp-json\/wp\/v2\/categories?post=296927"},{"taxonomy":"post_tag","embeddable":true,"href":"https:\/\/tuzlainfo.ba\/index.php\/wp-json\/wp\/v2\/tags?post=296927"}],"curies":[{"name":"wp","href":"https:\/\/api.w.org\/{rel}","templated":true}]}}