{"id":296712,"date":"2026-03-16T07:32:50","date_gmt":"2026-03-16T06:32:50","guid":{"rendered":"https:\/\/tuzlainfo.ba\/?p=296712"},"modified":"2026-03-16T07:51:58","modified_gmt":"2026-03-16T06:51:58","slug":"veceras-je-lejletul-kadr-najodabranija-noc-u-ramazanu","status":"publish","type":"post","link":"https:\/\/tuzlainfo.ba\/index.php\/bosna-i-hercegovina\/item\/296712-veceras-je-lejletul-kadr-najodabranija-noc-u-ramazanu\/","title":{"rendered":"Ve\u010deras je Lejletul-kadr: Najodabranija no\u0107 u ramazanu"},"content":{"rendered":"<p>Lejletul-kadr 2026. godine obilje\u017eava se u no\u0107i sa 16. na 17. mart, a vjernici \u0161irom Bosne i Hercegovine ovu no\u0107 do\u010dekuju u ibadetu, dovama i u\u010denju Kur\u2019ana, svjesni njenog posebnog zna\u010daja u mjesecu ramazanu.<\/p>\n<p>Lejletul-kadr dolazi u posljednjoj tre\u0107ini ramazana i, prema islamskom u\u010denju, predstavlja no\u0107 u kojoj je zapo\u010dela objava Kur\u2019ana, te no\u0107 koja je, kako se navodi u Kur\u2019anu, vrednija od hiljadu mjeseci. Upravo zbog toga muslimani ovu no\u0107 provode u poja\u010danoj molitvi, tra\u017eenju oprosta i razmi\u0161ljanju o vlastitim postupcima.<\/p>\n<p>U d\u017eamijama \u0161irom zemlje organizuju se posebni programi, no\u0107ni namazi i zajedni\u010dke dove, a o\u010dekuje se ve\u0107i broj vjernika nego tokom uobi\u010dajenih ramazanskih ve\u010deri. Islamski u\u010denjaci podsje\u0107aju da Lejletul-kadr\u00a0 nije samo prilika za individualnu molitvu, nego i vrijeme kada se nagla\u0161ava va\u017enost solidarnosti, pomaganja drugima i ja\u010danja zajedni\u0161tva.<\/p>\n<p>Iako se tradicionalno 27. no\u0107 ramazana naj\u010de\u0161\u0107e obilje\u017eava kao Lejletul-kadr, islamska praksa u\u010di da se ova no\u0107 tra\u017ei u neparnim no\u0107ima posljednjih deset dana ramazana, a njen ta\u010dan trenutak nije precizno odre\u0111en.<\/p>\n<p>Lejletul-kadr tako predstavlja vrhunac ramazanske duhovnosti i priliku da se kroz iskreno pokajanje i dobra djela u\u010dvrsti veza s vjerom i zajednicom.<\/p>\n","protected":false},"excerpt":{"rendered":"<p>Lejletul-kadr 2026. godine obilje\u017eava se u no\u0107i sa 16. na 17. mart, a vjernici \u0161irom&hellip;<\/p>\n","protected":false},"author":8,"featured_media":202465,"comment_status":"closed","ping_status":"closed","sticky":false,"template":"","format":"standard","meta":{"_acf_changed":false,"footnotes":""},"categories":[291],"tags":[4632,418],"acf":[],"yoast_head":"<!-- This site is optimized with the Yoast SEO plugin v23.5 - https:\/\/yoast.com\/wordpress\/plugins\/seo\/ -->\n<title>Ve\u010deras je Lejletul-kadr: Najodabranija no\u0107 u ramazanu - TuzlaInfo.ba<\/title>\n<meta name=\"robots\" content=\"index, follow, max-snippet:-1, max-image-preview:large, max-video-preview:-1\" \/>\n<link rel=\"canonical\" href=\"https:\/\/tuzlainfo.ba\/index.php\/bosna-i-hercegovina\/item\/296712-veceras-je-lejletul-kadr-najodabranija-noc-u-ramazanu\/\" \/>\n<meta property=\"og:locale\" content=\"bs_BA\" \/>\n<meta property=\"og:type\" content=\"article\" \/>\n<meta property=\"og:title\" content=\"Ve\u010deras je Lejletul-kadr: Najodabranija no\u0107 u ramazanu - TuzlaInfo.ba\" \/>\n<meta property=\"og:description\" content=\"Lejletul-kadr 2026. godine obilje\u017eava se u no\u0107i sa 16. na 17. mart, a vjernici \u0161irom&hellip;\" \/>\n<meta property=\"og:url\" content=\"https:\/\/tuzlainfo.ba\/index.php\/bosna-i-hercegovina\/item\/296712-veceras-je-lejletul-kadr-najodabranija-noc-u-ramazanu\/\" \/>\n<meta property=\"og:site_name\" content=\"TuzlaInfo.ba\" \/>\n<meta property=\"article:publisher\" content=\"https:\/\/www.facebook.com\/tuzlainfo.ba\/\" \/>\n<meta property=\"article:published_time\" content=\"2026-03-16T06:32:50+00:00\" \/>\n<meta property=\"article:modified_time\" content=\"2026-03-16T06:51:58+00:00\" \/>\n<meta property=\"og:image\" content=\"https:\/\/tuzlainfo.ba\/wp-content\/uploads\/2023\/04\/1704_ramazan_dzamija_kralj_kandilji-lejletul.jpg\" \/>\n\t<meta property=\"og:image:width\" content=\"800\" \/>\n\t<meta property=\"og:image:height\" content=\"543\" \/>\n\t<meta property=\"og:image:type\" content=\"image\/jpeg\" \/>\n<meta name=\"author\" content=\"Admin Tri\" \/>\n<meta name=\"twitter:card\" content=\"summary_large_image\" \/>\n<meta name=\"twitter:label1\" content=\"Written by\" \/>\n\t<meta name=\"twitter:data1\" content=\"Admin Tri\" \/>\n\t<meta name=\"twitter:label2\" content=\"Est. reading time\" \/>\n\t<meta name=\"twitter:data2\" content=\"2 minute\" \/>\n<script type=\"application\/ld+json\" class=\"yoast-schema-graph\">{\"@context\":\"https:\/\/schema.org\",\"@graph\":[{\"@type\":\"Article\",\"@id\":\"https:\/\/tuzlainfo.ba\/index.php\/bosna-i-hercegovina\/item\/296712-veceras-je-lejletul-kadr-najodabranija-noc-u-ramazanu\/#article\",\"isPartOf\":{\"@id\":\"https:\/\/tuzlainfo.ba\/index.php\/bosna-i-hercegovina\/item\/296712-veceras-je-lejletul-kadr-najodabranija-noc-u-ramazanu\/\"},\"author\":{\"name\":\"Admin Tri\",\"@id\":\"https:\/\/tuzlainfo.ba\/#\/schema\/person\/593e78a2f6378c5ba3e7600ecfa4e63a\"},\"headline\":\"Ve\u010deras je Lejletul-kadr: Najodabranija no\u0107 u ramazanu\",\"datePublished\":\"2026-03-16T06:32:50+00:00\",\"dateModified\":\"2026-03-16T06:51:58+00:00\",\"mainEntityOfPage\":{\"@id\":\"https:\/\/tuzlainfo.ba\/index.php\/bosna-i-hercegovina\/item\/296712-veceras-je-lejletul-kadr-najodabranija-noc-u-ramazanu\/\"},\"wordCount\":224,\"publisher\":{\"@id\":\"https:\/\/tuzlainfo.ba\/#organization\"},\"image\":{\"@id\":\"https:\/\/tuzlainfo.ba\/index.php\/bosna-i-hercegovina\/item\/296712-veceras-je-lejletul-kadr-najodabranija-noc-u-ramazanu\/#primaryimage\"},\"thumbnailUrl\":\"https:\/\/tuzlainfo.ba\/wp-content\/uploads\/2023\/04\/1704_ramazan_dzamija_kralj_kandilji-lejletul.jpg\",\"keywords\":[\"Lejletul-kadr\",\"ramazan\"],\"articleSection\":[\"Bosna i Hercegovina\"],\"inLanguage\":\"bs-BA\"},{\"@type\":\"WebPage\",\"@id\":\"https:\/\/tuzlainfo.ba\/index.php\/bosna-i-hercegovina\/item\/296712-veceras-je-lejletul-kadr-najodabranija-noc-u-ramazanu\/\",\"url\":\"https:\/\/tuzlainfo.ba\/index.php\/bosna-i-hercegovina\/item\/296712-veceras-je-lejletul-kadr-najodabranija-noc-u-ramazanu\/\",\"name\":\"Ve\u010deras je Lejletul-kadr: Najodabranija no\u0107 u ramazanu - TuzlaInfo.ba\",\"isPartOf\":{\"@id\":\"https:\/\/tuzlainfo.ba\/#website\"},\"primaryImageOfPage\":{\"@id\":\"https:\/\/tuzlainfo.ba\/index.php\/bosna-i-hercegovina\/item\/296712-veceras-je-lejletul-kadr-najodabranija-noc-u-ramazanu\/#primaryimage\"},\"image\":{\"@id\":\"https:\/\/tuzlainfo.ba\/index.php\/bosna-i-hercegovina\/item\/296712-veceras-je-lejletul-kadr-najodabranija-noc-u-ramazanu\/#primaryimage\"},\"thumbnailUrl\":\"https:\/\/tuzlainfo.ba\/wp-content\/uploads\/2023\/04\/1704_ramazan_dzamija_kralj_kandilji-lejletul.jpg\",\"datePublished\":\"2026-03-16T06:32:50+00:00\",\"dateModified\":\"2026-03-16T06:51:58+00:00\",\"breadcrumb\":{\"@id\":\"https:\/\/tuzlainfo.ba\/index.php\/bosna-i-hercegovina\/item\/296712-veceras-je-lejletul-kadr-najodabranija-noc-u-ramazanu\/#breadcrumb\"},\"inLanguage\":\"bs-BA\",\"potentialAction\":[{\"@type\":\"ReadAction\",\"target\":[\"https:\/\/tuzlainfo.ba\/index.php\/bosna-i-hercegovina\/item\/296712-veceras-je-lejletul-kadr-najodabranija-noc-u-ramazanu\/\"]}]},{\"@type\":\"ImageObject\",\"inLanguage\":\"bs-BA\",\"@id\":\"https:\/\/tuzlainfo.ba\/index.php\/bosna-i-hercegovina\/item\/296712-veceras-je-lejletul-kadr-najodabranija-noc-u-ramazanu\/#primaryimage\",\"url\":\"https:\/\/tuzlainfo.ba\/wp-content\/uploads\/2023\/04\/1704_ramazan_dzamija_kralj_kandilji-lejletul.jpg\",\"contentUrl\":\"https:\/\/tuzlainfo.ba\/wp-content\/uploads\/2023\/04\/1704_ramazan_dzamija_kralj_kandilji-lejletul.jpg\",\"width\":800,\"height\":543},{\"@type\":\"BreadcrumbList\",\"@id\":\"https:\/\/tuzlainfo.ba\/index.php\/bosna-i-hercegovina\/item\/296712-veceras-je-lejletul-kadr-najodabranija-noc-u-ramazanu\/#breadcrumb\",\"itemListElement\":[{\"@type\":\"ListItem\",\"position\":1,\"name\":\"Home\",\"item\":\"https:\/\/tuzlainfo.ba\/\"},{\"@type\":\"ListItem\",\"position\":2,\"name\":\"Ve\u010deras je Lejletul-kadr: Najodabranija no\u0107 u ramazanu\"}]},{\"@type\":\"WebSite\",\"@id\":\"https:\/\/tuzlainfo.ba\/#website\",\"url\":\"https:\/\/tuzlainfo.ba\/\",\"name\":\"TuzlaInfo.ba\",\"description\":\"Tuzla info, gradski informator - Tuzla na dlanu\",\"publisher\":{\"@id\":\"https:\/\/tuzlainfo.ba\/#organization\"},\"potentialAction\":[{\"@type\":\"SearchAction\",\"target\":{\"@type\":\"EntryPoint\",\"urlTemplate\":\"https:\/\/tuzlainfo.ba\/?s={search_term_string}\"},\"query-input\":{\"@type\":\"PropertyValueSpecification\",\"valueRequired\":true,\"valueName\":\"search_term_string\"}}],\"inLanguage\":\"bs-BA\"},{\"@type\":\"Organization\",\"@id\":\"https:\/\/tuzlainfo.ba\/#organization\",\"name\":\"TuzlaInfo.ba\",\"url\":\"https:\/\/tuzlainfo.ba\/\",\"logo\":{\"@type\":\"ImageObject\",\"inLanguage\":\"bs-BA\",\"@id\":\"https:\/\/tuzlainfo.ba\/#\/schema\/logo\/image\/\",\"url\":\"https:\/\/tuzlainfo.ba\/wp-content\/uploads\/2021\/03\/logo-ver-3-1.png\",\"contentUrl\":\"https:\/\/tuzlainfo.ba\/wp-content\/uploads\/2021\/03\/logo-ver-3-1.png\",\"width\":350,\"height\":95,\"caption\":\"TuzlaInfo.ba\"},\"image\":{\"@id\":\"https:\/\/tuzlainfo.ba\/#\/schema\/logo\/image\/\"},\"sameAs\":[\"https:\/\/www.facebook.com\/tuzlainfo.ba\/\"]},{\"@type\":\"Person\",\"@id\":\"https:\/\/tuzlainfo.ba\/#\/schema\/person\/593e78a2f6378c5ba3e7600ecfa4e63a\",\"name\":\"Admin Tri\",\"image\":{\"@type\":\"ImageObject\",\"inLanguage\":\"bs-BA\",\"@id\":\"https:\/\/tuzlainfo.ba\/#\/schema\/person\/image\/\",\"url\":\"https:\/\/tuzlainfo.ba\/wp-content\/litespeed\/avatar\/b7920db4cc34a71ad12497283ad2fe3f.jpg?ver=1777100914\",\"contentUrl\":\"https:\/\/tuzlainfo.ba\/wp-content\/litespeed\/avatar\/b7920db4cc34a71ad12497283ad2fe3f.jpg?ver=1777100914\",\"caption\":\"Admin Tri\"},\"sameAs\":[\"https:\/\/tuzlainfo.ba\"]}]}<\/script>\n<!-- \/ Yoast SEO plugin. -->","yoast_head_json":{"title":"Ve\u010deras je Lejletul-kadr: Najodabranija no\u0107 u ramazanu - TuzlaInfo.ba","robots":{"index":"index","follow":"follow","max-snippet":"max-snippet:-1","max-image-preview":"max-image-preview:large","max-video-preview":"max-video-preview:-1"},"canonical":"https:\/\/tuzlainfo.ba\/index.php\/bosna-i-hercegovina\/item\/296712-veceras-je-lejletul-kadr-najodabranija-noc-u-ramazanu\/","og_locale":"bs_BA","og_type":"article","og_title":"Ve\u010deras je Lejletul-kadr: Najodabranija no\u0107 u ramazanu - TuzlaInfo.ba","og_description":"Lejletul-kadr 2026. godine obilje\u017eava se u no\u0107i sa 16. na 17. mart, a vjernici \u0161irom&hellip;","og_url":"https:\/\/tuzlainfo.ba\/index.php\/bosna-i-hercegovina\/item\/296712-veceras-je-lejletul-kadr-najodabranija-noc-u-ramazanu\/","og_site_name":"TuzlaInfo.ba","article_publisher":"https:\/\/www.facebook.com\/tuzlainfo.ba\/","article_published_time":"2026-03-16T06:32:50+00:00","article_modified_time":"2026-03-16T06:51:58+00:00","og_image":[{"width":800,"height":543,"url":"https:\/\/tuzlainfo.ba\/wp-content\/uploads\/2023\/04\/1704_ramazan_dzamija_kralj_kandilji-lejletul.jpg","type":"image\/jpeg"}],"author":"Admin Tri","twitter_card":"summary_large_image","twitter_misc":{"Written by":"Admin Tri","Est. reading time":"2 minute"},"schema":{"@context":"https:\/\/schema.org","@graph":[{"@type":"Article","@id":"https:\/\/tuzlainfo.ba\/index.php\/bosna-i-hercegovina\/item\/296712-veceras-je-lejletul-kadr-najodabranija-noc-u-ramazanu\/#article","isPartOf":{"@id":"https:\/\/tuzlainfo.ba\/index.php\/bosna-i-hercegovina\/item\/296712-veceras-je-lejletul-kadr-najodabranija-noc-u-ramazanu\/"},"author":{"name":"Admin Tri","@id":"https:\/\/tuzlainfo.ba\/#\/schema\/person\/593e78a2f6378c5ba3e7600ecfa4e63a"},"headline":"Ve\u010deras je Lejletul-kadr: Najodabranija no\u0107 u ramazanu","datePublished":"2026-03-16T06:32:50+00:00","dateModified":"2026-03-16T06:51:58+00:00","mainEntityOfPage":{"@id":"https:\/\/tuzlainfo.ba\/index.php\/bosna-i-hercegovina\/item\/296712-veceras-je-lejletul-kadr-najodabranija-noc-u-ramazanu\/"},"wordCount":224,"publisher":{"@id":"https:\/\/tuzlainfo.ba\/#organization"},"image":{"@id":"https:\/\/tuzlainfo.ba\/index.php\/bosna-i-hercegovina\/item\/296712-veceras-je-lejletul-kadr-najodabranija-noc-u-ramazanu\/#primaryimage"},"thumbnailUrl":"https:\/\/tuzlainfo.ba\/wp-content\/uploads\/2023\/04\/1704_ramazan_dzamija_kralj_kandilji-lejletul.jpg","keywords":["Lejletul-kadr","ramazan"],"articleSection":["Bosna i Hercegovina"],"inLanguage":"bs-BA"},{"@type":"WebPage","@id":"https:\/\/tuzlainfo.ba\/index.php\/bosna-i-hercegovina\/item\/296712-veceras-je-lejletul-kadr-najodabranija-noc-u-ramazanu\/","url":"https:\/\/tuzlainfo.ba\/index.php\/bosna-i-hercegovina\/item\/296712-veceras-je-lejletul-kadr-najodabranija-noc-u-ramazanu\/","name":"Ve\u010deras je Lejletul-kadr: Najodabranija no\u0107 u ramazanu - TuzlaInfo.ba","isPartOf":{"@id":"https:\/\/tuzlainfo.ba\/#website"},"primaryImageOfPage":{"@id":"https:\/\/tuzlainfo.ba\/index.php\/bosna-i-hercegovina\/item\/296712-veceras-je-lejletul-kadr-najodabranija-noc-u-ramazanu\/#primaryimage"},"image":{"@id":"https:\/\/tuzlainfo.ba\/index.php\/bosna-i-hercegovina\/item\/296712-veceras-je-lejletul-kadr-najodabranija-noc-u-ramazanu\/#primaryimage"},"thumbnailUrl":"https:\/\/tuzlainfo.ba\/wp-content\/uploads\/2023\/04\/1704_ramazan_dzamija_kralj_kandilji-lejletul.jpg","datePublished":"2026-03-16T06:32:50+00:00","dateModified":"2026-03-16T06:51:58+00:00","breadcrumb":{"@id":"https:\/\/tuzlainfo.ba\/index.php\/bosna-i-hercegovina\/item\/296712-veceras-je-lejletul-kadr-najodabranija-noc-u-ramazanu\/#breadcrumb"},"inLanguage":"bs-BA","potentialAction":[{"@type":"ReadAction","target":["https:\/\/tuzlainfo.ba\/index.php\/bosna-i-hercegovina\/item\/296712-veceras-je-lejletul-kadr-najodabranija-noc-u-ramazanu\/"]}]},{"@type":"ImageObject","inLanguage":"bs-BA","@id":"https:\/\/tuzlainfo.ba\/index.php\/bosna-i-hercegovina\/item\/296712-veceras-je-lejletul-kadr-najodabranija-noc-u-ramazanu\/#primaryimage","url":"https:\/\/tuzlainfo.ba\/wp-content\/uploads\/2023\/04\/1704_ramazan_dzamija_kralj_kandilji-lejletul.jpg","contentUrl":"https:\/\/tuzlainfo.ba\/wp-content\/uploads\/2023\/04\/1704_ramazan_dzamija_kralj_kandilji-lejletul.jpg","width":800,"height":543},{"@type":"BreadcrumbList","@id":"https:\/\/tuzlainfo.ba\/index.php\/bosna-i-hercegovina\/item\/296712-veceras-je-lejletul-kadr-najodabranija-noc-u-ramazanu\/#breadcrumb","itemListElement":[{"@type":"ListItem","position":1,"name":"Home","item":"https:\/\/tuzlainfo.ba\/"},{"@type":"ListItem","position":2,"name":"Ve\u010deras je Lejletul-kadr: Najodabranija no\u0107 u ramazanu"}]},{"@type":"WebSite","@id":"https:\/\/tuzlainfo.ba\/#website","url":"https:\/\/tuzlainfo.ba\/","name":"TuzlaInfo.ba","description":"Tuzla info, gradski informator - Tuzla na dlanu","publisher":{"@id":"https:\/\/tuzlainfo.ba\/#organization"},"potentialAction":[{"@type":"SearchAction","target":{"@type":"EntryPoint","urlTemplate":"https:\/\/tuzlainfo.ba\/?s={search_term_string}"},"query-input":{"@type":"PropertyValueSpecification","valueRequired":true,"valueName":"search_term_string"}}],"inLanguage":"bs-BA"},{"@type":"Organization","@id":"https:\/\/tuzlainfo.ba\/#organization","name":"TuzlaInfo.ba","url":"https:\/\/tuzlainfo.ba\/","logo":{"@type":"ImageObject","inLanguage":"bs-BA","@id":"https:\/\/tuzlainfo.ba\/#\/schema\/logo\/image\/","url":"https:\/\/tuzlainfo.ba\/wp-content\/uploads\/2021\/03\/logo-ver-3-1.png","contentUrl":"https:\/\/tuzlainfo.ba\/wp-content\/uploads\/2021\/03\/logo-ver-3-1.png","width":350,"height":95,"caption":"TuzlaInfo.ba"},"image":{"@id":"https:\/\/tuzlainfo.ba\/#\/schema\/logo\/image\/"},"sameAs":["https:\/\/www.facebook.com\/tuzlainfo.ba\/"]},{"@type":"Person","@id":"https:\/\/tuzlainfo.ba\/#\/schema\/person\/593e78a2f6378c5ba3e7600ecfa4e63a","name":"Admin Tri","image":{"@type":"ImageObject","inLanguage":"bs-BA","@id":"https:\/\/tuzlainfo.ba\/#\/schema\/person\/image\/","url":"https:\/\/tuzlainfo.ba\/wp-content\/litespeed\/avatar\/b7920db4cc34a71ad12497283ad2fe3f.jpg?ver=1777100914","contentUrl":"https:\/\/tuzlainfo.ba\/wp-content\/litespeed\/avatar\/b7920db4cc34a71ad12497283ad2fe3f.jpg?ver=1777100914","caption":"Admin Tri"},"sameAs":["https:\/\/tuzlainfo.ba"]}]}},"_links":{"self":[{"href":"https:\/\/tuzlainfo.ba\/index.php\/wp-json\/wp\/v2\/posts\/296712"}],"collection":[{"href":"https:\/\/tuzlainfo.ba\/index.php\/wp-json\/wp\/v2\/posts"}],"about":[{"href":"https:\/\/tuzlainfo.ba\/index.php\/wp-json\/wp\/v2\/types\/post"}],"author":[{"embeddable":true,"href":"https:\/\/tuzlainfo.ba\/index.php\/wp-json\/wp\/v2\/users\/8"}],"replies":[{"embeddable":true,"href":"https:\/\/tuzlainfo.ba\/index.php\/wp-json\/wp\/v2\/comments?post=296712"}],"version-history":[{"count":3,"href":"https:\/\/tuzlainfo.ba\/index.php\/wp-json\/wp\/v2\/posts\/296712\/revisions"}],"predecessor-version":[{"id":297377,"href":"https:\/\/tuzlainfo.ba\/index.php\/wp-json\/wp\/v2\/posts\/296712\/revisions\/297377"}],"wp:featuredmedia":[{"embeddable":true,"href":"https:\/\/tuzlainfo.ba\/index.php\/wp-json\/wp\/v2\/media\/202465"}],"wp:attachment":[{"href":"https:\/\/tuzlainfo.ba\/index.php\/wp-json\/wp\/v2\/media?parent=296712"}],"wp:term":[{"taxonomy":"category","embeddable":true,"href":"https:\/\/tuzlainfo.ba\/index.php\/wp-json\/wp\/v2\/categories?post=296712"},{"taxonomy":"post_tag","embeddable":true,"href":"https:\/\/tuzlainfo.ba\/index.php\/wp-json\/wp\/v2\/tags?post=296712"}],"curies":[{"name":"wp","href":"https:\/\/api.w.org\/{rel}","templated":true}]}}