{"id":296633,"date":"2026-03-08T09:59:28","date_gmt":"2026-03-08T08:59:28","guid":{"rendered":"https:\/\/tuzlainfo.ba\/?p=296633"},"modified":"2026-03-08T09:59:28","modified_gmt":"2026-03-08T08:59:28","slug":"u-tuzli-danas-osmomartovski-mars-sigurnost-zena-je-javna-obaveza","status":"publish","type":"post","link":"https:\/\/tuzlainfo.ba\/index.php\/novosti\/item\/296633-u-tuzli-danas-osmomartovski-mars-sigurnost-zena-je-javna-obaveza\/","title":{"rendered":"U Tuzli danas Osmomartovski mar\u0161: Sigurnost \u017eena je javna obaveza"},"content":{"rendered":"<p data-start=\"71\" data-end=\"289\">Povodom Me\u0111unarodnog dana \u017eena, u Tuzli \u0107e danas u 12 sati na Trgu slobode biti odr\u017ean Osmomartovski mar\u0161 posve\u0107en borbi protiv rodno zasnovanog nasilja i zahtjevu za ve\u0107om institucionalnom odgovorno\u0161\u0107u u za\u0161titi \u017eena.<\/p>\n<p data-start=\"291\" data-end=\"514\">Mar\u0161 organizuju Tuzlanski otvoreni centar, \u017denska vizija, Omladinski pokret Revolt, Fondacija Tuzlanske zajednice, IC Lotos, Amica Educa, Bolja budu\u0107nost, Nova \u017eenska inicijativa, Vive \u017dene i Udru\u017eenje \u017eena Napravi razliku.<\/p>\n<p data-start=\"516\" data-end=\"627\">Ovogodi\u0161nja poruka mar\u0161a glasi: \u201eSigurnost \u017eena je javna obaveza. Dr\u017eava koja se ne mije\u0161a \u2013 odobrava nasilje.\u201c<\/p>\n<p data-start=\"629\" data-end=\"925\">Organizatori isti\u010du da, iako zakoni postoje, femicid je prepoznat kao krivi\u010dno djelo, a predvi\u0111ene su i razli\u010dite mjere za\u0161tite, \u017eene i dalje bivaju ubijene \u010dak i nakon \u0161to su prijavile nasilje. Kada institucije ne djeluju odmah i efikasno, za\u0161tita ostaje samo formalna, upozoravaju organizatori.<\/p>\n<p data-start=\"927\" data-end=\"1041\">Dodaju da svaka ignorisana prijava i svako prebacivanje odgovornosti izme\u0111u institucija dodatno ohrabruju nasilje.<\/p>\n<p data-start=\"1043\" data-end=\"1201\">Rodno zasnovano nasilje, kako navode, ne podrazumijeva samo fizi\u010dke napade, ve\u0107 uklju\u010duje i prijetnje, kontrolu, ekonomsku zavisnost i \u017eivot u stalnom strahu.<\/p>\n<p data-start=\"1203\" data-end=\"1430\">\u201eRavnopravnost bez sigurnosti ne postoji. Sigurnost \u017eena je obaveza dr\u017eave. Zato 8. marta izlazimo na ulice Tuzle \u2013 za \u017eivot bez nasilja, za institucije koje \u0161tite i za odgovornost za svako nepostupanje\u201c, poru\u010duju organizatori.<\/p>\n<p data-start=\"1432\" data-end=\"1552\">Osmomartovski mar\u0161, kako navode, predstavlja politi\u010dki zahtjev za \u017eivot bez nasilja, jer bez sigurnosti nema ni slobode.<\/p>\n<p data-start=\"1554\" data-end=\"1667\">Organizatori su pozvali sve gra\u0111ane i gra\u0111anke da im se pridru\u017ee na mar\u0161u koji po\u010dinje u 12 sati na Trgu slobode.<\/p>\n","protected":false},"excerpt":{"rendered":"<p>Povodom Me\u0111unarodnog dana \u017eena, u Tuzli \u0107e danas u 12 sati na Trgu slobode biti&hellip;<\/p>\n","protected":false},"author":2,"featured_media":245344,"comment_status":"closed","ping_status":"closed","sticky":false,"template":"","format":"standard","meta":{"_acf_changed":false,"footnotes":""},"categories":[304,12],"tags":[4319,4311],"acf":[],"yoast_head":"<!-- This site is optimized with the Yoast SEO plugin v23.5 - https:\/\/yoast.com\/wordpress\/plugins\/seo\/ -->\n<title>U Tuzli danas Osmomartovski mar\u0161: Sigurnost \u017eena je javna obaveza - TuzlaInfo.ba<\/title>\n<meta name=\"robots\" content=\"index, follow, max-snippet:-1, max-image-preview:large, max-video-preview:-1\" \/>\n<link rel=\"canonical\" href=\"https:\/\/tuzlainfo.ba\/index.php\/novosti\/item\/296633-u-tuzli-danas-osmomartovski-mars-sigurnost-zena-je-javna-obaveza\/\" \/>\n<meta property=\"og:locale\" content=\"bs_BA\" \/>\n<meta property=\"og:type\" content=\"article\" \/>\n<meta property=\"og:title\" content=\"U Tuzli danas Osmomartovski mar\u0161: Sigurnost \u017eena je javna obaveza - TuzlaInfo.ba\" \/>\n<meta property=\"og:description\" content=\"Povodom Me\u0111unarodnog dana \u017eena, u Tuzli \u0107e danas u 12 sati na Trgu slobode biti&hellip;\" \/>\n<meta property=\"og:url\" content=\"https:\/\/tuzlainfo.ba\/index.php\/novosti\/item\/296633-u-tuzli-danas-osmomartovski-mars-sigurnost-zena-je-javna-obaveza\/\" \/>\n<meta property=\"og:site_name\" content=\"TuzlaInfo.ba\" \/>\n<meta property=\"article:publisher\" content=\"https:\/\/www.facebook.com\/tuzlainfo.ba\/\" \/>\n<meta property=\"article:published_time\" content=\"2026-03-08T08:59:28+00:00\" \/>\n<meta property=\"og:image\" content=\"https:\/\/tuzlainfo.ba\/wp-content\/uploads\/2024\/07\/tuzla_vrijeme.jpg\" \/>\n\t<meta property=\"og:image:width\" content=\"1600\" \/>\n\t<meta property=\"og:image:height\" content=\"1200\" \/>\n\t<meta property=\"og:image:type\" content=\"image\/jpeg\" \/>\n<meta name=\"author\" content=\"nedim\" \/>\n<meta name=\"twitter:card\" content=\"summary_large_image\" \/>\n<meta name=\"twitter:label1\" content=\"Written by\" \/>\n\t<meta name=\"twitter:data1\" content=\"nedim\" \/>\n\t<meta name=\"twitter:label2\" content=\"Est. reading time\" \/>\n\t<meta name=\"twitter:data2\" content=\"2 minute\" \/>\n<script type=\"application\/ld+json\" class=\"yoast-schema-graph\">{\"@context\":\"https:\/\/schema.org\",\"@graph\":[{\"@type\":\"Article\",\"@id\":\"https:\/\/tuzlainfo.ba\/index.php\/novosti\/item\/296633-u-tuzli-danas-osmomartovski-mars-sigurnost-zena-je-javna-obaveza\/#article\",\"isPartOf\":{\"@id\":\"https:\/\/tuzlainfo.ba\/index.php\/novosti\/item\/296633-u-tuzli-danas-osmomartovski-mars-sigurnost-zena-je-javna-obaveza\/\"},\"author\":{\"name\":\"nedim\",\"@id\":\"https:\/\/tuzlainfo.ba\/#\/schema\/person\/f434e20dc27ea133923aab08451b7f7f\"},\"headline\":\"U Tuzli danas Osmomartovski mar\u0161: Sigurnost \u017eena je javna obaveza\",\"datePublished\":\"2026-03-08T08:59:28+00:00\",\"dateModified\":\"2026-03-08T08:59:28+00:00\",\"mainEntityOfPage\":{\"@id\":\"https:\/\/tuzlainfo.ba\/index.php\/novosti\/item\/296633-u-tuzli-danas-osmomartovski-mars-sigurnost-zena-je-javna-obaveza\/\"},\"wordCount\":265,\"publisher\":{\"@id\":\"https:\/\/tuzlainfo.ba\/#organization\"},\"image\":{\"@id\":\"https:\/\/tuzlainfo.ba\/index.php\/novosti\/item\/296633-u-tuzli-danas-osmomartovski-mars-sigurnost-zena-je-javna-obaveza\/#primaryimage\"},\"thumbnailUrl\":\"https:\/\/tuzlainfo.ba\/wp-content\/uploads\/2024\/07\/tuzla_vrijeme.jpg\",\"keywords\":[\"Dan \u017eena\",\"osmi mart\"],\"articleSection\":[\"Istaknuto\",\"Novosti\"],\"inLanguage\":\"bs-BA\"},{\"@type\":\"WebPage\",\"@id\":\"https:\/\/tuzlainfo.ba\/index.php\/novosti\/item\/296633-u-tuzli-danas-osmomartovski-mars-sigurnost-zena-je-javna-obaveza\/\",\"url\":\"https:\/\/tuzlainfo.ba\/index.php\/novosti\/item\/296633-u-tuzli-danas-osmomartovski-mars-sigurnost-zena-je-javna-obaveza\/\",\"name\":\"U Tuzli danas Osmomartovski mar\u0161: Sigurnost \u017eena je javna obaveza - TuzlaInfo.ba\",\"isPartOf\":{\"@id\":\"https:\/\/tuzlainfo.ba\/#website\"},\"primaryImageOfPage\":{\"@id\":\"https:\/\/tuzlainfo.ba\/index.php\/novosti\/item\/296633-u-tuzli-danas-osmomartovski-mars-sigurnost-zena-je-javna-obaveza\/#primaryimage\"},\"image\":{\"@id\":\"https:\/\/tuzlainfo.ba\/index.php\/novosti\/item\/296633-u-tuzli-danas-osmomartovski-mars-sigurnost-zena-je-javna-obaveza\/#primaryimage\"},\"thumbnailUrl\":\"https:\/\/tuzlainfo.ba\/wp-content\/uploads\/2024\/07\/tuzla_vrijeme.jpg\",\"datePublished\":\"2026-03-08T08:59:28+00:00\",\"dateModified\":\"2026-03-08T08:59:28+00:00\",\"breadcrumb\":{\"@id\":\"https:\/\/tuzlainfo.ba\/index.php\/novosti\/item\/296633-u-tuzli-danas-osmomartovski-mars-sigurnost-zena-je-javna-obaveza\/#breadcrumb\"},\"inLanguage\":\"bs-BA\",\"potentialAction\":[{\"@type\":\"ReadAction\",\"target\":[\"https:\/\/tuzlainfo.ba\/index.php\/novosti\/item\/296633-u-tuzli-danas-osmomartovski-mars-sigurnost-zena-je-javna-obaveza\/\"]}]},{\"@type\":\"ImageObject\",\"inLanguage\":\"bs-BA\",\"@id\":\"https:\/\/tuzlainfo.ba\/index.php\/novosti\/item\/296633-u-tuzli-danas-osmomartovski-mars-sigurnost-zena-je-javna-obaveza\/#primaryimage\",\"url\":\"https:\/\/tuzlainfo.ba\/wp-content\/uploads\/2024\/07\/tuzla_vrijeme.jpg\",\"contentUrl\":\"https:\/\/tuzlainfo.ba\/wp-content\/uploads\/2024\/07\/tuzla_vrijeme.jpg\",\"width\":1600,\"height\":1200},{\"@type\":\"BreadcrumbList\",\"@id\":\"https:\/\/tuzlainfo.ba\/index.php\/novosti\/item\/296633-u-tuzli-danas-osmomartovski-mars-sigurnost-zena-je-javna-obaveza\/#breadcrumb\",\"itemListElement\":[{\"@type\":\"ListItem\",\"position\":1,\"name\":\"Home\",\"item\":\"https:\/\/tuzlainfo.ba\/\"},{\"@type\":\"ListItem\",\"position\":2,\"name\":\"U Tuzli danas Osmomartovski mar\u0161: Sigurnost \u017eena je javna obaveza\"}]},{\"@type\":\"WebSite\",\"@id\":\"https:\/\/tuzlainfo.ba\/#website\",\"url\":\"https:\/\/tuzlainfo.ba\/\",\"name\":\"TuzlaInfo.ba\",\"description\":\"Tuzla info, gradski informator - Tuzla na dlanu\",\"publisher\":{\"@id\":\"https:\/\/tuzlainfo.ba\/#organization\"},\"potentialAction\":[{\"@type\":\"SearchAction\",\"target\":{\"@type\":\"EntryPoint\",\"urlTemplate\":\"https:\/\/tuzlainfo.ba\/?s={search_term_string}\"},\"query-input\":{\"@type\":\"PropertyValueSpecification\",\"valueRequired\":true,\"valueName\":\"search_term_string\"}}],\"inLanguage\":\"bs-BA\"},{\"@type\":\"Organization\",\"@id\":\"https:\/\/tuzlainfo.ba\/#organization\",\"name\":\"TuzlaInfo.ba\",\"url\":\"https:\/\/tuzlainfo.ba\/\",\"logo\":{\"@type\":\"ImageObject\",\"inLanguage\":\"bs-BA\",\"@id\":\"https:\/\/tuzlainfo.ba\/#\/schema\/logo\/image\/\",\"url\":\"https:\/\/tuzlainfo.ba\/wp-content\/uploads\/2021\/03\/logo-ver-3-1.png\",\"contentUrl\":\"https:\/\/tuzlainfo.ba\/wp-content\/uploads\/2021\/03\/logo-ver-3-1.png\",\"width\":350,\"height\":95,\"caption\":\"TuzlaInfo.ba\"},\"image\":{\"@id\":\"https:\/\/tuzlainfo.ba\/#\/schema\/logo\/image\/\"},\"sameAs\":[\"https:\/\/www.facebook.com\/tuzlainfo.ba\/\"]},{\"@type\":\"Person\",\"@id\":\"https:\/\/tuzlainfo.ba\/#\/schema\/person\/f434e20dc27ea133923aab08451b7f7f\",\"name\":\"nedim\",\"image\":{\"@type\":\"ImageObject\",\"inLanguage\":\"bs-BA\",\"@id\":\"https:\/\/tuzlainfo.ba\/#\/schema\/person\/image\/\",\"url\":\"https:\/\/tuzlainfo.ba\/wp-content\/litespeed\/avatar\/aabad687af24844af817603ac1cbdc4f.jpg?ver=1777306975\",\"contentUrl\":\"https:\/\/tuzlainfo.ba\/wp-content\/litespeed\/avatar\/aabad687af24844af817603ac1cbdc4f.jpg?ver=1777306975\",\"caption\":\"nedim\"},\"description\":\"Tuzlainfo.ba pratite na dru\u0161tvenim mre\u017eama: Facebook, Instagram i Youtube. Svoje pri\u010de, upite i fotografije \u0161aljite na na\u0161u e-mail adresu.\"}]}<\/script>\n<!-- \/ Yoast SEO plugin. -->","yoast_head_json":{"title":"U Tuzli danas Osmomartovski mar\u0161: Sigurnost \u017eena je javna obaveza - TuzlaInfo.ba","robots":{"index":"index","follow":"follow","max-snippet":"max-snippet:-1","max-image-preview":"max-image-preview:large","max-video-preview":"max-video-preview:-1"},"canonical":"https:\/\/tuzlainfo.ba\/index.php\/novosti\/item\/296633-u-tuzli-danas-osmomartovski-mars-sigurnost-zena-je-javna-obaveza\/","og_locale":"bs_BA","og_type":"article","og_title":"U Tuzli danas Osmomartovski mar\u0161: Sigurnost \u017eena je javna obaveza - TuzlaInfo.ba","og_description":"Povodom Me\u0111unarodnog dana \u017eena, u Tuzli \u0107e danas u 12 sati na Trgu slobode biti&hellip;","og_url":"https:\/\/tuzlainfo.ba\/index.php\/novosti\/item\/296633-u-tuzli-danas-osmomartovski-mars-sigurnost-zena-je-javna-obaveza\/","og_site_name":"TuzlaInfo.ba","article_publisher":"https:\/\/www.facebook.com\/tuzlainfo.ba\/","article_published_time":"2026-03-08T08:59:28+00:00","og_image":[{"width":1600,"height":1200,"url":"https:\/\/tuzlainfo.ba\/wp-content\/uploads\/2024\/07\/tuzla_vrijeme.jpg","type":"image\/jpeg"}],"author":"nedim","twitter_card":"summary_large_image","twitter_misc":{"Written by":"nedim","Est. reading time":"2 minute"},"schema":{"@context":"https:\/\/schema.org","@graph":[{"@type":"Article","@id":"https:\/\/tuzlainfo.ba\/index.php\/novosti\/item\/296633-u-tuzli-danas-osmomartovski-mars-sigurnost-zena-je-javna-obaveza\/#article","isPartOf":{"@id":"https:\/\/tuzlainfo.ba\/index.php\/novosti\/item\/296633-u-tuzli-danas-osmomartovski-mars-sigurnost-zena-je-javna-obaveza\/"},"author":{"name":"nedim","@id":"https:\/\/tuzlainfo.ba\/#\/schema\/person\/f434e20dc27ea133923aab08451b7f7f"},"headline":"U Tuzli danas Osmomartovski mar\u0161: Sigurnost \u017eena je javna obaveza","datePublished":"2026-03-08T08:59:28+00:00","dateModified":"2026-03-08T08:59:28+00:00","mainEntityOfPage":{"@id":"https:\/\/tuzlainfo.ba\/index.php\/novosti\/item\/296633-u-tuzli-danas-osmomartovski-mars-sigurnost-zena-je-javna-obaveza\/"},"wordCount":265,"publisher":{"@id":"https:\/\/tuzlainfo.ba\/#organization"},"image":{"@id":"https:\/\/tuzlainfo.ba\/index.php\/novosti\/item\/296633-u-tuzli-danas-osmomartovski-mars-sigurnost-zena-je-javna-obaveza\/#primaryimage"},"thumbnailUrl":"https:\/\/tuzlainfo.ba\/wp-content\/uploads\/2024\/07\/tuzla_vrijeme.jpg","keywords":["Dan \u017eena","osmi mart"],"articleSection":["Istaknuto","Novosti"],"inLanguage":"bs-BA"},{"@type":"WebPage","@id":"https:\/\/tuzlainfo.ba\/index.php\/novosti\/item\/296633-u-tuzli-danas-osmomartovski-mars-sigurnost-zena-je-javna-obaveza\/","url":"https:\/\/tuzlainfo.ba\/index.php\/novosti\/item\/296633-u-tuzli-danas-osmomartovski-mars-sigurnost-zena-je-javna-obaveza\/","name":"U Tuzli danas Osmomartovski mar\u0161: Sigurnost \u017eena je javna obaveza - TuzlaInfo.ba","isPartOf":{"@id":"https:\/\/tuzlainfo.ba\/#website"},"primaryImageOfPage":{"@id":"https:\/\/tuzlainfo.ba\/index.php\/novosti\/item\/296633-u-tuzli-danas-osmomartovski-mars-sigurnost-zena-je-javna-obaveza\/#primaryimage"},"image":{"@id":"https:\/\/tuzlainfo.ba\/index.php\/novosti\/item\/296633-u-tuzli-danas-osmomartovski-mars-sigurnost-zena-je-javna-obaveza\/#primaryimage"},"thumbnailUrl":"https:\/\/tuzlainfo.ba\/wp-content\/uploads\/2024\/07\/tuzla_vrijeme.jpg","datePublished":"2026-03-08T08:59:28+00:00","dateModified":"2026-03-08T08:59:28+00:00","breadcrumb":{"@id":"https:\/\/tuzlainfo.ba\/index.php\/novosti\/item\/296633-u-tuzli-danas-osmomartovski-mars-sigurnost-zena-je-javna-obaveza\/#breadcrumb"},"inLanguage":"bs-BA","potentialAction":[{"@type":"ReadAction","target":["https:\/\/tuzlainfo.ba\/index.php\/novosti\/item\/296633-u-tuzli-danas-osmomartovski-mars-sigurnost-zena-je-javna-obaveza\/"]}]},{"@type":"ImageObject","inLanguage":"bs-BA","@id":"https:\/\/tuzlainfo.ba\/index.php\/novosti\/item\/296633-u-tuzli-danas-osmomartovski-mars-sigurnost-zena-je-javna-obaveza\/#primaryimage","url":"https:\/\/tuzlainfo.ba\/wp-content\/uploads\/2024\/07\/tuzla_vrijeme.jpg","contentUrl":"https:\/\/tuzlainfo.ba\/wp-content\/uploads\/2024\/07\/tuzla_vrijeme.jpg","width":1600,"height":1200},{"@type":"BreadcrumbList","@id":"https:\/\/tuzlainfo.ba\/index.php\/novosti\/item\/296633-u-tuzli-danas-osmomartovski-mars-sigurnost-zena-je-javna-obaveza\/#breadcrumb","itemListElement":[{"@type":"ListItem","position":1,"name":"Home","item":"https:\/\/tuzlainfo.ba\/"},{"@type":"ListItem","position":2,"name":"U Tuzli danas Osmomartovski mar\u0161: Sigurnost \u017eena je javna obaveza"}]},{"@type":"WebSite","@id":"https:\/\/tuzlainfo.ba\/#website","url":"https:\/\/tuzlainfo.ba\/","name":"TuzlaInfo.ba","description":"Tuzla info, gradski informator - Tuzla na dlanu","publisher":{"@id":"https:\/\/tuzlainfo.ba\/#organization"},"potentialAction":[{"@type":"SearchAction","target":{"@type":"EntryPoint","urlTemplate":"https:\/\/tuzlainfo.ba\/?s={search_term_string}"},"query-input":{"@type":"PropertyValueSpecification","valueRequired":true,"valueName":"search_term_string"}}],"inLanguage":"bs-BA"},{"@type":"Organization","@id":"https:\/\/tuzlainfo.ba\/#organization","name":"TuzlaInfo.ba","url":"https:\/\/tuzlainfo.ba\/","logo":{"@type":"ImageObject","inLanguage":"bs-BA","@id":"https:\/\/tuzlainfo.ba\/#\/schema\/logo\/image\/","url":"https:\/\/tuzlainfo.ba\/wp-content\/uploads\/2021\/03\/logo-ver-3-1.png","contentUrl":"https:\/\/tuzlainfo.ba\/wp-content\/uploads\/2021\/03\/logo-ver-3-1.png","width":350,"height":95,"caption":"TuzlaInfo.ba"},"image":{"@id":"https:\/\/tuzlainfo.ba\/#\/schema\/logo\/image\/"},"sameAs":["https:\/\/www.facebook.com\/tuzlainfo.ba\/"]},{"@type":"Person","@id":"https:\/\/tuzlainfo.ba\/#\/schema\/person\/f434e20dc27ea133923aab08451b7f7f","name":"nedim","image":{"@type":"ImageObject","inLanguage":"bs-BA","@id":"https:\/\/tuzlainfo.ba\/#\/schema\/person\/image\/","url":"https:\/\/tuzlainfo.ba\/wp-content\/litespeed\/avatar\/aabad687af24844af817603ac1cbdc4f.jpg?ver=1777306975","contentUrl":"https:\/\/tuzlainfo.ba\/wp-content\/litespeed\/avatar\/aabad687af24844af817603ac1cbdc4f.jpg?ver=1777306975","caption":"nedim"},"description":"Tuzlainfo.ba pratite na dru\u0161tvenim mre\u017eama: Facebook, Instagram i Youtube. Svoje pri\u010de, upite i fotografije \u0161aljite na na\u0161u e-mail adresu."}]}},"_links":{"self":[{"href":"https:\/\/tuzlainfo.ba\/index.php\/wp-json\/wp\/v2\/posts\/296633"}],"collection":[{"href":"https:\/\/tuzlainfo.ba\/index.php\/wp-json\/wp\/v2\/posts"}],"about":[{"href":"https:\/\/tuzlainfo.ba\/index.php\/wp-json\/wp\/v2\/types\/post"}],"author":[{"embeddable":true,"href":"https:\/\/tuzlainfo.ba\/index.php\/wp-json\/wp\/v2\/users\/2"}],"replies":[{"embeddable":true,"href":"https:\/\/tuzlainfo.ba\/index.php\/wp-json\/wp\/v2\/comments?post=296633"}],"version-history":[{"count":1,"href":"https:\/\/tuzlainfo.ba\/index.php\/wp-json\/wp\/v2\/posts\/296633\/revisions"}],"predecessor-version":[{"id":296634,"href":"https:\/\/tuzlainfo.ba\/index.php\/wp-json\/wp\/v2\/posts\/296633\/revisions\/296634"}],"wp:featuredmedia":[{"embeddable":true,"href":"https:\/\/tuzlainfo.ba\/index.php\/wp-json\/wp\/v2\/media\/245344"}],"wp:attachment":[{"href":"https:\/\/tuzlainfo.ba\/index.php\/wp-json\/wp\/v2\/media?parent=296633"}],"wp:term":[{"taxonomy":"category","embeddable":true,"href":"https:\/\/tuzlainfo.ba\/index.php\/wp-json\/wp\/v2\/categories?post=296633"},{"taxonomy":"post_tag","embeddable":true,"href":"https:\/\/tuzlainfo.ba\/index.php\/wp-json\/wp\/v2\/tags?post=296633"}],"curies":[{"name":"wp","href":"https:\/\/api.w.org\/{rel}","templated":true}]}}