{"id":296527,"date":"2026-03-07T19:15:46","date_gmt":"2026-03-07T18:15:46","guid":{"rendered":"https:\/\/tuzlainfo.ba\/?p=296527"},"modified":"2026-03-07T10:12:10","modified_gmt":"2026-03-07T09:12:10","slug":"vazna-obavijest-za-vozace-u-tuzli-mijenja-se-rezim-saobracaja-na-juznoj-saobracajnici","status":"publish","type":"post","link":"https:\/\/tuzlainfo.ba\/index.php\/novosti\/item\/296527-vazna-obavijest-za-vozace-u-tuzli-mijenja-se-rezim-saobracaja-na-juznoj-saobracajnici\/","title":{"rendered":"Va\u017ena obavijest za voza\u010de u Tuzli: Mijenja se re\u017eim saobra\u0107aja na Ju\u017enoj saobra\u0107ajnici"},"content":{"rendered":"<p>Slu\u017eba za komunalne poslove, izgradnju i poslove mjesnih zajednica obavijestila je gra\u0111ane da \u0107e zbog izvo\u0111enja gra\u0111evinskih radova na odr\u017eavanju putne infrastrukture do\u0107i do privremene izmjene re\u017eima saobra\u0107aja na Ju\u017enoj saobra\u0107ajnici u Tuzli.<\/p>\n<p>Izmjena re\u017eima saobra\u0107aja bit \u0107e na snazi od ponedjeljka, 9. marta 2026. godine, pa do zavr\u0161etka planiranih radova, a odnosi se na dionicu od raskrsnice kod SKPC Mejdan do raskrsnice Br\u010danska Malta.<\/p>\n<p>Izmijenjeni re\u017eim saobra\u0107aja obuhvatit \u0107e ulice Bosne Srebrene, Obala Zmaja od Bosne, Bulevar 2. korpusa Armije Republike Bosne i Hercegovine i 15. maja.<\/p>\n<p>Tokom izvo\u0111enja radova ne\u0107e do\u0107i do potpune obustave saobra\u0107aja. Saobra\u0107aj \u0107e se odvijati uz preusmjeravanje vozila u kolovozne trake, dok \u0107e svjetlosna saobra\u0107ajna signalizacija na pojedinim raskrsnicama biti privremeno isklju\u010divana u skladu s dinamikom izvo\u0111enja radova.<\/p>\n<p>U prvoj fazi radovi \u0107e se izvoditi u desnoj saobra\u0107ajnoj traci u smjeru od raskrsnice kod SKPC Mejdan prema raskrsnici Br\u010danska Malta. O po\u010detku radova u traci iz pravca raskrsnice Br\u010danska Malta gra\u0111ani \u0107e, kako je najavljeno, biti pravovremeno obavije\u0161teni.<\/p>\n<p>Iz nadle\u017ene slu\u017ebe apeluju na gra\u0111ane i sve u\u010desnike u saobra\u0107aju da tokom trajanja radova prilagode svoje kretanje i po\u0161tuju postavljenu privremenu saobra\u0107ajnu signalizaciju.<\/p>\n","protected":false},"excerpt":{"rendered":"<p>Slu\u017eba za komunalne poslove, izgradnju i poslove mjesnih zajednica obavijestila je gra\u0111ane da \u0107e zbog&hellip;<\/p>\n","protected":false},"author":8,"featured_media":201520,"comment_status":"closed","ping_status":"closed","sticky":false,"template":"","format":"standard","meta":{"_acf_changed":false,"footnotes":""},"categories":[304,12],"tags":[940,408],"acf":[],"yoast_head":"<!-- This site is optimized with the Yoast SEO plugin v23.5 - https:\/\/yoast.com\/wordpress\/plugins\/seo\/ -->\n<title>Va\u017ena obavijest za voza\u010de u Tuzli: Mijenja se re\u017eim saobra\u0107aja na Ju\u017enoj saobra\u0107ajnici - TuzlaInfo.ba<\/title>\n<meta name=\"robots\" content=\"index, follow, max-snippet:-1, max-image-preview:large, max-video-preview:-1\" \/>\n<link rel=\"canonical\" href=\"https:\/\/tuzlainfo.ba\/index.php\/novosti\/item\/296527-vazna-obavijest-za-vozace-u-tuzli-mijenja-se-rezim-saobracaja-na-juznoj-saobracajnici\/\" \/>\n<meta property=\"og:locale\" content=\"bs_BA\" \/>\n<meta property=\"og:type\" content=\"article\" \/>\n<meta property=\"og:title\" content=\"Va\u017ena obavijest za voza\u010de u Tuzli: Mijenja se re\u017eim saobra\u0107aja na Ju\u017enoj saobra\u0107ajnici - TuzlaInfo.ba\" \/>\n<meta property=\"og:description\" content=\"Slu\u017eba za komunalne poslove, izgradnju i poslove mjesnih zajednica obavijestila je gra\u0111ane da \u0107e zbog&hellip;\" \/>\n<meta property=\"og:url\" content=\"https:\/\/tuzlainfo.ba\/index.php\/novosti\/item\/296527-vazna-obavijest-za-vozace-u-tuzli-mijenja-se-rezim-saobracaja-na-juznoj-saobracajnici\/\" \/>\n<meta property=\"og:site_name\" content=\"TuzlaInfo.ba\" \/>\n<meta property=\"article:publisher\" content=\"https:\/\/www.facebook.com\/tuzlainfo.ba\/\" \/>\n<meta property=\"article:published_time\" content=\"2026-03-07T18:15:46+00:00\" \/>\n<meta property=\"article:modified_time\" content=\"2026-03-07T09:12:10+00:00\" \/>\n<meta property=\"og:image\" content=\"https:\/\/tuzlainfo.ba\/wp-content\/uploads\/2023\/04\/juznamagistrala_saobracaj_automobili_svjetla.jpg\" \/>\n\t<meta property=\"og:image:width\" content=\"971\" \/>\n\t<meta property=\"og:image:height\" content=\"556\" \/>\n\t<meta property=\"og:image:type\" content=\"image\/jpeg\" \/>\n<meta name=\"author\" content=\"Admin Tri\" \/>\n<meta name=\"twitter:card\" content=\"summary_large_image\" \/>\n<meta name=\"twitter:label1\" content=\"Written by\" \/>\n\t<meta name=\"twitter:data1\" content=\"Admin Tri\" \/>\n\t<meta name=\"twitter:label2\" content=\"Est. reading time\" \/>\n\t<meta name=\"twitter:data2\" content=\"2 minute\" \/>\n<script type=\"application\/ld+json\" class=\"yoast-schema-graph\">{\"@context\":\"https:\/\/schema.org\",\"@graph\":[{\"@type\":\"Article\",\"@id\":\"https:\/\/tuzlainfo.ba\/index.php\/novosti\/item\/296527-vazna-obavijest-za-vozace-u-tuzli-mijenja-se-rezim-saobracaja-na-juznoj-saobracajnici\/#article\",\"isPartOf\":{\"@id\":\"https:\/\/tuzlainfo.ba\/index.php\/novosti\/item\/296527-vazna-obavijest-za-vozace-u-tuzli-mijenja-se-rezim-saobracaja-na-juznoj-saobracajnici\/\"},\"author\":{\"name\":\"Admin Tri\",\"@id\":\"https:\/\/tuzlainfo.ba\/#\/schema\/person\/593e78a2f6378c5ba3e7600ecfa4e63a\"},\"headline\":\"Va\u017ena obavijest za voza\u010de u Tuzli: Mijenja se re\u017eim saobra\u0107aja na Ju\u017enoj saobra\u0107ajnici\",\"datePublished\":\"2026-03-07T18:15:46+00:00\",\"dateModified\":\"2026-03-07T09:12:10+00:00\",\"mainEntityOfPage\":{\"@id\":\"https:\/\/tuzlainfo.ba\/index.php\/novosti\/item\/296527-vazna-obavijest-za-vozace-u-tuzli-mijenja-se-rezim-saobracaja-na-juznoj-saobracajnici\/\"},\"wordCount\":240,\"publisher\":{\"@id\":\"https:\/\/tuzlainfo.ba\/#organization\"},\"image\":{\"@id\":\"https:\/\/tuzlainfo.ba\/index.php\/novosti\/item\/296527-vazna-obavijest-za-vozace-u-tuzli-mijenja-se-rezim-saobracaja-na-juznoj-saobracajnici\/#primaryimage\"},\"thumbnailUrl\":\"https:\/\/tuzlainfo.ba\/wp-content\/uploads\/2023\/04\/juznamagistrala_saobracaj_automobili_svjetla.jpg\",\"keywords\":[\"radovi\",\"saobra\u0107aj\"],\"articleSection\":[\"Istaknuto\",\"Novosti\"],\"inLanguage\":\"bs-BA\"},{\"@type\":\"WebPage\",\"@id\":\"https:\/\/tuzlainfo.ba\/index.php\/novosti\/item\/296527-vazna-obavijest-za-vozace-u-tuzli-mijenja-se-rezim-saobracaja-na-juznoj-saobracajnici\/\",\"url\":\"https:\/\/tuzlainfo.ba\/index.php\/novosti\/item\/296527-vazna-obavijest-za-vozace-u-tuzli-mijenja-se-rezim-saobracaja-na-juznoj-saobracajnici\/\",\"name\":\"Va\u017ena obavijest za voza\u010de u Tuzli: Mijenja se re\u017eim saobra\u0107aja na Ju\u017enoj saobra\u0107ajnici - TuzlaInfo.ba\",\"isPartOf\":{\"@id\":\"https:\/\/tuzlainfo.ba\/#website\"},\"primaryImageOfPage\":{\"@id\":\"https:\/\/tuzlainfo.ba\/index.php\/novosti\/item\/296527-vazna-obavijest-za-vozace-u-tuzli-mijenja-se-rezim-saobracaja-na-juznoj-saobracajnici\/#primaryimage\"},\"image\":{\"@id\":\"https:\/\/tuzlainfo.ba\/index.php\/novosti\/item\/296527-vazna-obavijest-za-vozace-u-tuzli-mijenja-se-rezim-saobracaja-na-juznoj-saobracajnici\/#primaryimage\"},\"thumbnailUrl\":\"https:\/\/tuzlainfo.ba\/wp-content\/uploads\/2023\/04\/juznamagistrala_saobracaj_automobili_svjetla.jpg\",\"datePublished\":\"2026-03-07T18:15:46+00:00\",\"dateModified\":\"2026-03-07T09:12:10+00:00\",\"breadcrumb\":{\"@id\":\"https:\/\/tuzlainfo.ba\/index.php\/novosti\/item\/296527-vazna-obavijest-za-vozace-u-tuzli-mijenja-se-rezim-saobracaja-na-juznoj-saobracajnici\/#breadcrumb\"},\"inLanguage\":\"bs-BA\",\"potentialAction\":[{\"@type\":\"ReadAction\",\"target\":[\"https:\/\/tuzlainfo.ba\/index.php\/novosti\/item\/296527-vazna-obavijest-za-vozace-u-tuzli-mijenja-se-rezim-saobracaja-na-juznoj-saobracajnici\/\"]}]},{\"@type\":\"ImageObject\",\"inLanguage\":\"bs-BA\",\"@id\":\"https:\/\/tuzlainfo.ba\/index.php\/novosti\/item\/296527-vazna-obavijest-za-vozace-u-tuzli-mijenja-se-rezim-saobracaja-na-juznoj-saobracajnici\/#primaryimage\",\"url\":\"https:\/\/tuzlainfo.ba\/wp-content\/uploads\/2023\/04\/juznamagistrala_saobracaj_automobili_svjetla.jpg\",\"contentUrl\":\"https:\/\/tuzlainfo.ba\/wp-content\/uploads\/2023\/04\/juznamagistrala_saobracaj_automobili_svjetla.jpg\",\"width\":971,\"height\":556,\"caption\":\"Foto: Arhiv\/Tuzlainfo.ba\"},{\"@type\":\"BreadcrumbList\",\"@id\":\"https:\/\/tuzlainfo.ba\/index.php\/novosti\/item\/296527-vazna-obavijest-za-vozace-u-tuzli-mijenja-se-rezim-saobracaja-na-juznoj-saobracajnici\/#breadcrumb\",\"itemListElement\":[{\"@type\":\"ListItem\",\"position\":1,\"name\":\"Home\",\"item\":\"https:\/\/tuzlainfo.ba\/\"},{\"@type\":\"ListItem\",\"position\":2,\"name\":\"Va\u017ena obavijest za voza\u010de u Tuzli: Mijenja se re\u017eim saobra\u0107aja na Ju\u017enoj saobra\u0107ajnici\"}]},{\"@type\":\"WebSite\",\"@id\":\"https:\/\/tuzlainfo.ba\/#website\",\"url\":\"https:\/\/tuzlainfo.ba\/\",\"name\":\"TuzlaInfo.ba\",\"description\":\"Tuzla info, gradski informator - Tuzla na dlanu\",\"publisher\":{\"@id\":\"https:\/\/tuzlainfo.ba\/#organization\"},\"potentialAction\":[{\"@type\":\"SearchAction\",\"target\":{\"@type\":\"EntryPoint\",\"urlTemplate\":\"https:\/\/tuzlainfo.ba\/?s={search_term_string}\"},\"query-input\":{\"@type\":\"PropertyValueSpecification\",\"valueRequired\":true,\"valueName\":\"search_term_string\"}}],\"inLanguage\":\"bs-BA\"},{\"@type\":\"Organization\",\"@id\":\"https:\/\/tuzlainfo.ba\/#organization\",\"name\":\"TuzlaInfo.ba\",\"url\":\"https:\/\/tuzlainfo.ba\/\",\"logo\":{\"@type\":\"ImageObject\",\"inLanguage\":\"bs-BA\",\"@id\":\"https:\/\/tuzlainfo.ba\/#\/schema\/logo\/image\/\",\"url\":\"https:\/\/tuzlainfo.ba\/wp-content\/uploads\/2021\/03\/logo-ver-3-1.png\",\"contentUrl\":\"https:\/\/tuzlainfo.ba\/wp-content\/uploads\/2021\/03\/logo-ver-3-1.png\",\"width\":350,\"height\":95,\"caption\":\"TuzlaInfo.ba\"},\"image\":{\"@id\":\"https:\/\/tuzlainfo.ba\/#\/schema\/logo\/image\/\"},\"sameAs\":[\"https:\/\/www.facebook.com\/tuzlainfo.ba\/\"]},{\"@type\":\"Person\",\"@id\":\"https:\/\/tuzlainfo.ba\/#\/schema\/person\/593e78a2f6378c5ba3e7600ecfa4e63a\",\"name\":\"Admin Tri\",\"image\":{\"@type\":\"ImageObject\",\"inLanguage\":\"bs-BA\",\"@id\":\"https:\/\/tuzlainfo.ba\/#\/schema\/person\/image\/\",\"url\":\"https:\/\/tuzlainfo.ba\/wp-content\/litespeed\/avatar\/b7920db4cc34a71ad12497283ad2fe3f.jpg?ver=1777100914\",\"contentUrl\":\"https:\/\/tuzlainfo.ba\/wp-content\/litespeed\/avatar\/b7920db4cc34a71ad12497283ad2fe3f.jpg?ver=1777100914\",\"caption\":\"Admin Tri\"},\"sameAs\":[\"https:\/\/tuzlainfo.ba\"]}]}<\/script>\n<!-- \/ Yoast SEO plugin. -->","yoast_head_json":{"title":"Va\u017ena obavijest za voza\u010de u Tuzli: Mijenja se re\u017eim saobra\u0107aja na Ju\u017enoj saobra\u0107ajnici - TuzlaInfo.ba","robots":{"index":"index","follow":"follow","max-snippet":"max-snippet:-1","max-image-preview":"max-image-preview:large","max-video-preview":"max-video-preview:-1"},"canonical":"https:\/\/tuzlainfo.ba\/index.php\/novosti\/item\/296527-vazna-obavijest-za-vozace-u-tuzli-mijenja-se-rezim-saobracaja-na-juznoj-saobracajnici\/","og_locale":"bs_BA","og_type":"article","og_title":"Va\u017ena obavijest za voza\u010de u Tuzli: Mijenja se re\u017eim saobra\u0107aja na Ju\u017enoj saobra\u0107ajnici - TuzlaInfo.ba","og_description":"Slu\u017eba za komunalne poslove, izgradnju i poslove mjesnih zajednica obavijestila je gra\u0111ane da \u0107e zbog&hellip;","og_url":"https:\/\/tuzlainfo.ba\/index.php\/novosti\/item\/296527-vazna-obavijest-za-vozace-u-tuzli-mijenja-se-rezim-saobracaja-na-juznoj-saobracajnici\/","og_site_name":"TuzlaInfo.ba","article_publisher":"https:\/\/www.facebook.com\/tuzlainfo.ba\/","article_published_time":"2026-03-07T18:15:46+00:00","article_modified_time":"2026-03-07T09:12:10+00:00","og_image":[{"width":971,"height":556,"url":"https:\/\/tuzlainfo.ba\/wp-content\/uploads\/2023\/04\/juznamagistrala_saobracaj_automobili_svjetla.jpg","type":"image\/jpeg"}],"author":"Admin Tri","twitter_card":"summary_large_image","twitter_misc":{"Written by":"Admin Tri","Est. reading time":"2 minute"},"schema":{"@context":"https:\/\/schema.org","@graph":[{"@type":"Article","@id":"https:\/\/tuzlainfo.ba\/index.php\/novosti\/item\/296527-vazna-obavijest-za-vozace-u-tuzli-mijenja-se-rezim-saobracaja-na-juznoj-saobracajnici\/#article","isPartOf":{"@id":"https:\/\/tuzlainfo.ba\/index.php\/novosti\/item\/296527-vazna-obavijest-za-vozace-u-tuzli-mijenja-se-rezim-saobracaja-na-juznoj-saobracajnici\/"},"author":{"name":"Admin Tri","@id":"https:\/\/tuzlainfo.ba\/#\/schema\/person\/593e78a2f6378c5ba3e7600ecfa4e63a"},"headline":"Va\u017ena obavijest za voza\u010de u Tuzli: Mijenja se re\u017eim saobra\u0107aja na Ju\u017enoj saobra\u0107ajnici","datePublished":"2026-03-07T18:15:46+00:00","dateModified":"2026-03-07T09:12:10+00:00","mainEntityOfPage":{"@id":"https:\/\/tuzlainfo.ba\/index.php\/novosti\/item\/296527-vazna-obavijest-za-vozace-u-tuzli-mijenja-se-rezim-saobracaja-na-juznoj-saobracajnici\/"},"wordCount":240,"publisher":{"@id":"https:\/\/tuzlainfo.ba\/#organization"},"image":{"@id":"https:\/\/tuzlainfo.ba\/index.php\/novosti\/item\/296527-vazna-obavijest-za-vozace-u-tuzli-mijenja-se-rezim-saobracaja-na-juznoj-saobracajnici\/#primaryimage"},"thumbnailUrl":"https:\/\/tuzlainfo.ba\/wp-content\/uploads\/2023\/04\/juznamagistrala_saobracaj_automobili_svjetla.jpg","keywords":["radovi","saobra\u0107aj"],"articleSection":["Istaknuto","Novosti"],"inLanguage":"bs-BA"},{"@type":"WebPage","@id":"https:\/\/tuzlainfo.ba\/index.php\/novosti\/item\/296527-vazna-obavijest-za-vozace-u-tuzli-mijenja-se-rezim-saobracaja-na-juznoj-saobracajnici\/","url":"https:\/\/tuzlainfo.ba\/index.php\/novosti\/item\/296527-vazna-obavijest-za-vozace-u-tuzli-mijenja-se-rezim-saobracaja-na-juznoj-saobracajnici\/","name":"Va\u017ena obavijest za voza\u010de u Tuzli: Mijenja se re\u017eim saobra\u0107aja na Ju\u017enoj saobra\u0107ajnici - TuzlaInfo.ba","isPartOf":{"@id":"https:\/\/tuzlainfo.ba\/#website"},"primaryImageOfPage":{"@id":"https:\/\/tuzlainfo.ba\/index.php\/novosti\/item\/296527-vazna-obavijest-za-vozace-u-tuzli-mijenja-se-rezim-saobracaja-na-juznoj-saobracajnici\/#primaryimage"},"image":{"@id":"https:\/\/tuzlainfo.ba\/index.php\/novosti\/item\/296527-vazna-obavijest-za-vozace-u-tuzli-mijenja-se-rezim-saobracaja-na-juznoj-saobracajnici\/#primaryimage"},"thumbnailUrl":"https:\/\/tuzlainfo.ba\/wp-content\/uploads\/2023\/04\/juznamagistrala_saobracaj_automobili_svjetla.jpg","datePublished":"2026-03-07T18:15:46+00:00","dateModified":"2026-03-07T09:12:10+00:00","breadcrumb":{"@id":"https:\/\/tuzlainfo.ba\/index.php\/novosti\/item\/296527-vazna-obavijest-za-vozace-u-tuzli-mijenja-se-rezim-saobracaja-na-juznoj-saobracajnici\/#breadcrumb"},"inLanguage":"bs-BA","potentialAction":[{"@type":"ReadAction","target":["https:\/\/tuzlainfo.ba\/index.php\/novosti\/item\/296527-vazna-obavijest-za-vozace-u-tuzli-mijenja-se-rezim-saobracaja-na-juznoj-saobracajnici\/"]}]},{"@type":"ImageObject","inLanguage":"bs-BA","@id":"https:\/\/tuzlainfo.ba\/index.php\/novosti\/item\/296527-vazna-obavijest-za-vozace-u-tuzli-mijenja-se-rezim-saobracaja-na-juznoj-saobracajnici\/#primaryimage","url":"https:\/\/tuzlainfo.ba\/wp-content\/uploads\/2023\/04\/juznamagistrala_saobracaj_automobili_svjetla.jpg","contentUrl":"https:\/\/tuzlainfo.ba\/wp-content\/uploads\/2023\/04\/juznamagistrala_saobracaj_automobili_svjetla.jpg","width":971,"height":556,"caption":"Foto: Arhiv\/Tuzlainfo.ba"},{"@type":"BreadcrumbList","@id":"https:\/\/tuzlainfo.ba\/index.php\/novosti\/item\/296527-vazna-obavijest-za-vozace-u-tuzli-mijenja-se-rezim-saobracaja-na-juznoj-saobracajnici\/#breadcrumb","itemListElement":[{"@type":"ListItem","position":1,"name":"Home","item":"https:\/\/tuzlainfo.ba\/"},{"@type":"ListItem","position":2,"name":"Va\u017ena obavijest za voza\u010de u Tuzli: Mijenja se re\u017eim saobra\u0107aja na Ju\u017enoj saobra\u0107ajnici"}]},{"@type":"WebSite","@id":"https:\/\/tuzlainfo.ba\/#website","url":"https:\/\/tuzlainfo.ba\/","name":"TuzlaInfo.ba","description":"Tuzla info, gradski informator - Tuzla na dlanu","publisher":{"@id":"https:\/\/tuzlainfo.ba\/#organization"},"potentialAction":[{"@type":"SearchAction","target":{"@type":"EntryPoint","urlTemplate":"https:\/\/tuzlainfo.ba\/?s={search_term_string}"},"query-input":{"@type":"PropertyValueSpecification","valueRequired":true,"valueName":"search_term_string"}}],"inLanguage":"bs-BA"},{"@type":"Organization","@id":"https:\/\/tuzlainfo.ba\/#organization","name":"TuzlaInfo.ba","url":"https:\/\/tuzlainfo.ba\/","logo":{"@type":"ImageObject","inLanguage":"bs-BA","@id":"https:\/\/tuzlainfo.ba\/#\/schema\/logo\/image\/","url":"https:\/\/tuzlainfo.ba\/wp-content\/uploads\/2021\/03\/logo-ver-3-1.png","contentUrl":"https:\/\/tuzlainfo.ba\/wp-content\/uploads\/2021\/03\/logo-ver-3-1.png","width":350,"height":95,"caption":"TuzlaInfo.ba"},"image":{"@id":"https:\/\/tuzlainfo.ba\/#\/schema\/logo\/image\/"},"sameAs":["https:\/\/www.facebook.com\/tuzlainfo.ba\/"]},{"@type":"Person","@id":"https:\/\/tuzlainfo.ba\/#\/schema\/person\/593e78a2f6378c5ba3e7600ecfa4e63a","name":"Admin Tri","image":{"@type":"ImageObject","inLanguage":"bs-BA","@id":"https:\/\/tuzlainfo.ba\/#\/schema\/person\/image\/","url":"https:\/\/tuzlainfo.ba\/wp-content\/litespeed\/avatar\/b7920db4cc34a71ad12497283ad2fe3f.jpg?ver=1777100914","contentUrl":"https:\/\/tuzlainfo.ba\/wp-content\/litespeed\/avatar\/b7920db4cc34a71ad12497283ad2fe3f.jpg?ver=1777100914","caption":"Admin Tri"},"sameAs":["https:\/\/tuzlainfo.ba"]}]}},"_links":{"self":[{"href":"https:\/\/tuzlainfo.ba\/index.php\/wp-json\/wp\/v2\/posts\/296527"}],"collection":[{"href":"https:\/\/tuzlainfo.ba\/index.php\/wp-json\/wp\/v2\/posts"}],"about":[{"href":"https:\/\/tuzlainfo.ba\/index.php\/wp-json\/wp\/v2\/types\/post"}],"author":[{"embeddable":true,"href":"https:\/\/tuzlainfo.ba\/index.php\/wp-json\/wp\/v2\/users\/8"}],"replies":[{"embeddable":true,"href":"https:\/\/tuzlainfo.ba\/index.php\/wp-json\/wp\/v2\/comments?post=296527"}],"version-history":[{"count":1,"href":"https:\/\/tuzlainfo.ba\/index.php\/wp-json\/wp\/v2\/posts\/296527\/revisions"}],"predecessor-version":[{"id":296529,"href":"https:\/\/tuzlainfo.ba\/index.php\/wp-json\/wp\/v2\/posts\/296527\/revisions\/296529"}],"wp:featuredmedia":[{"embeddable":true,"href":"https:\/\/tuzlainfo.ba\/index.php\/wp-json\/wp\/v2\/media\/201520"}],"wp:attachment":[{"href":"https:\/\/tuzlainfo.ba\/index.php\/wp-json\/wp\/v2\/media?parent=296527"}],"wp:term":[{"taxonomy":"category","embeddable":true,"href":"https:\/\/tuzlainfo.ba\/index.php\/wp-json\/wp\/v2\/categories?post=296527"},{"taxonomy":"post_tag","embeddable":true,"href":"https:\/\/tuzlainfo.ba\/index.php\/wp-json\/wp\/v2\/tags?post=296527"}],"curies":[{"name":"wp","href":"https:\/\/api.w.org\/{rel}","templated":true}]}}