{"id":296432,"date":"2026-03-05T12:23:09","date_gmt":"2026-03-05T11:23:09","guid":{"rendered":"https:\/\/tuzlainfo.ba\/?p=296432"},"modified":"2026-03-05T11:44:57","modified_gmt":"2026-03-05T10:44:57","slug":"savjetnica-marinka-cavare-kaznjena-sa-5-000-km-i-pozvana-da-podnese-ostavku","status":"publish","type":"post","link":"https:\/\/tuzlainfo.ba\/index.php\/bosna-i-hercegovina\/item\/296432-savjetnica-marinka-cavare-kaznjena-sa-5-000-km-i-pozvana-da-podnese-ostavku\/","title":{"rendered":"Savjetnica Marinka \u010cavare ka\u017enjena sa 5.000 KM i pozvana da podnese ostavku"},"content":{"rendered":"<p>Komisija za\u00a0odlu\u010divanje\u00a0o sukobu\u00a0interesa\u00a0u institucijama na nivou\u00a0Bosne i Hercegovine kaznila je na posljednjoj sjednici Mariju \u0106osi\u0107, savjetnicu zamjenika\u00a0predsjedavaju\u0107eg Predstavni\u010dkog\u00a0doma PS\u00a0BiH,\u00a0Marinka\u00a0\u010cavare,\u00a0sa 5.000 KM zbog sukoba\u00a0interesa. Komisija je tako\u0111e pozvala \u0106osi\u0107evu da podnese ostavku.<\/p>\n<p>Ovo se dogodilo nakon prijave Transparency Internationala u BiH\u00a0koja\u00a0je podnesena jo\u0161 u julu pro\u0161le godine,\u00a0a predmet je nekoliko puta skidan sa dnevnog reda jer \u010dlanovi komisije nisu mogli zauzeti stav po ovom pitanju.<\/p>\n<p>U slu\u010daju\u00a0\u0106osi\u0107eve,\u00a0sporno je to \u0161to uz poziciju savjetnice\u00a0Marinka \u010cavare\u00a0na dr\u017eavnom nivou, istovremeno obavlja i du\u017enost\u00a0 vije\u0107nice u Op\u0107inskom vije\u0107u Busova\u010de.\u00a0Kako dr\u017eavni zakon jasno propisuje da\u00a0nosioci javnih funkcija i njihovi savjetnici\u00a0mogu obavljati samo jednu javnu funkciju, dok federalni Zakon o sukobu\u00a0interesa\u00a0\u201cizabranim\u00a0zvani\u010dnicima\u201d smatra i zastupnike u op\u0107inskim vije\u0107ima, jasno je da je \u00a0\u0106osi\u0107eva\u00a0dugo obavljala nespojive funkcije.<\/p>\n<p>Ipak,\u00a0na nekoliko sjednica komisije vodila se polemika oko toga da\u00a0li je za utvr\u0111ivanje nespojivih funkcija potrebno da osoba bude na obje pozicije prijavljena na puno radno vrijeme, te je nekoliko puta ovaj predmet vra\u0107an na doradu, \u0161to jasno ukazuje i na potencijalne probleme u tuma\u010denju novog zakona, te poku\u0161aje opstrukcija izricanja sankcija.<\/p>\n<p>Zato treba ista\u0107i da je sa stanovi\u0161ta sukoba\u00a0interesa\u00a0pored ostvarivanja dvostrukog prihoda iz bud\u017eeta, sporno i to \u0161to funkcioneri na ni\u017eem nivou mogu koristiti resurse institucija BiH za ostvarivanje strana\u010dke, li\u010dne\u00a0ili\u00a0politi\u010dke\u00a0koristi.<\/p>\n<p>Ovakva odluka komisije je zna\u010dajna\u00a0jer je\u00a0posljednjih godina\u00a0rasprostranjena praksa\u00a0po kojoj\u00a0brojni\u00a0dr\u017eavni funkcioneri obavljaju\u00a0vi\u0161estruke funkcije na ni\u017eim nivoima vlasti.\u00a0Zato TI BiH poziva komisiju da postupi i po\u00a0ostalim\u00a0prijavama TI BiH\u00a0koje su upu\u0107ene zbog\u00a0kr\u0161enja\u00a0odredbi novog dr\u017eavnog zakona o sukobu\u00a0interesa\u00a0a koje jo\u0161 uvijek \u010dekaju epilog.<\/p>\n","protected":false},"excerpt":{"rendered":"<p>Komisija za\u00a0odlu\u010divanje\u00a0o sukobu\u00a0interesa\u00a0u institucijama na nivou\u00a0Bosne i Hercegovine kaznila je na posljednjoj sjednici Mariju \u0106osi\u0107,&hellip;<\/p>\n","protected":false},"author":8,"featured_media":296433,"comment_status":"closed","ping_status":"closed","sticky":false,"template":"","format":"standard","meta":{"_acf_changed":false,"footnotes":""},"categories":[291],"tags":[12603,1526],"acf":[],"yoast_head":"<!-- This site is optimized with the Yoast SEO plugin v23.5 - https:\/\/yoast.com\/wordpress\/plugins\/seo\/ -->\n<title>Savjetnica Marinka \u010cavare ka\u017enjena sa 5.000 KM i pozvana da podnese ostavku - TuzlaInfo.ba<\/title>\n<meta name=\"robots\" content=\"index, follow, max-snippet:-1, max-image-preview:large, max-video-preview:-1\" \/>\n<link rel=\"canonical\" href=\"https:\/\/tuzlainfo.ba\/index.php\/bosna-i-hercegovina\/item\/296432-savjetnica-marinka-cavare-kaznjena-sa-5-000-km-i-pozvana-da-podnese-ostavku\/\" \/>\n<meta property=\"og:locale\" content=\"bs_BA\" \/>\n<meta property=\"og:type\" content=\"article\" \/>\n<meta property=\"og:title\" content=\"Savjetnica Marinka \u010cavare ka\u017enjena sa 5.000 KM i pozvana da podnese ostavku - TuzlaInfo.ba\" \/>\n<meta property=\"og:description\" content=\"Komisija za\u00a0odlu\u010divanje\u00a0o sukobu\u00a0interesa\u00a0u institucijama na nivou\u00a0Bosne i Hercegovine kaznila je na posljednjoj sjednici Mariju \u0106osi\u0107,&hellip;\" \/>\n<meta property=\"og:url\" content=\"https:\/\/tuzlainfo.ba\/index.php\/bosna-i-hercegovina\/item\/296432-savjetnica-marinka-cavare-kaznjena-sa-5-000-km-i-pozvana-da-podnese-ostavku\/\" \/>\n<meta property=\"og:site_name\" content=\"TuzlaInfo.ba\" \/>\n<meta property=\"article:publisher\" content=\"https:\/\/www.facebook.com\/tuzlainfo.ba\/\" \/>\n<meta property=\"article:published_time\" content=\"2026-03-05T11:23:09+00:00\" \/>\n<meta property=\"article:modified_time\" content=\"2026-03-05T10:44:57+00:00\" \/>\n<meta property=\"og:image\" content=\"https:\/\/tuzlainfo.ba\/wp-content\/uploads\/2026\/03\/Cavara-Marija-Cosic.png.webp\" \/>\n\t<meta property=\"og:image:width\" content=\"1200\" \/>\n\t<meta property=\"og:image:height\" content=\"675\" \/>\n\t<meta property=\"og:image:type\" content=\"image\/webp\" \/>\n<meta name=\"author\" content=\"Admin Tri\" \/>\n<meta name=\"twitter:card\" content=\"summary_large_image\" \/>\n<meta name=\"twitter:label1\" content=\"Written by\" \/>\n\t<meta name=\"twitter:data1\" content=\"Admin Tri\" \/>\n\t<meta name=\"twitter:label2\" content=\"Est. reading time\" \/>\n\t<meta name=\"twitter:data2\" content=\"2 minute\" \/>\n<script type=\"application\/ld+json\" class=\"yoast-schema-graph\">{\"@context\":\"https:\/\/schema.org\",\"@graph\":[{\"@type\":\"Article\",\"@id\":\"https:\/\/tuzlainfo.ba\/index.php\/bosna-i-hercegovina\/item\/296432-savjetnica-marinka-cavare-kaznjena-sa-5-000-km-i-pozvana-da-podnese-ostavku\/#article\",\"isPartOf\":{\"@id\":\"https:\/\/tuzlainfo.ba\/index.php\/bosna-i-hercegovina\/item\/296432-savjetnica-marinka-cavare-kaznjena-sa-5-000-km-i-pozvana-da-podnese-ostavku\/\"},\"author\":{\"name\":\"Admin Tri\",\"@id\":\"https:\/\/tuzlainfo.ba\/#\/schema\/person\/593e78a2f6378c5ba3e7600ecfa4e63a\"},\"headline\":\"Savjetnica Marinka \u010cavare ka\u017enjena sa 5.000 KM i pozvana da podnese ostavku\",\"datePublished\":\"2026-03-05T11:23:09+00:00\",\"dateModified\":\"2026-03-05T10:44:57+00:00\",\"mainEntityOfPage\":{\"@id\":\"https:\/\/tuzlainfo.ba\/index.php\/bosna-i-hercegovina\/item\/296432-savjetnica-marinka-cavare-kaznjena-sa-5-000-km-i-pozvana-da-podnese-ostavku\/\"},\"wordCount\":335,\"publisher\":{\"@id\":\"https:\/\/tuzlainfo.ba\/#organization\"},\"image\":{\"@id\":\"https:\/\/tuzlainfo.ba\/index.php\/bosna-i-hercegovina\/item\/296432-savjetnica-marinka-cavare-kaznjena-sa-5-000-km-i-pozvana-da-podnese-ostavku\/#primaryimage\"},\"thumbnailUrl\":\"https:\/\/tuzlainfo.ba\/wp-content\/uploads\/2026\/03\/Cavara-Marija-Cosic.png.webp\",\"keywords\":[\"marija \u0107osi\u0107\",\"Marinko \u010cavara\"],\"articleSection\":[\"Bosna i Hercegovina\"],\"inLanguage\":\"bs-BA\"},{\"@type\":\"WebPage\",\"@id\":\"https:\/\/tuzlainfo.ba\/index.php\/bosna-i-hercegovina\/item\/296432-savjetnica-marinka-cavare-kaznjena-sa-5-000-km-i-pozvana-da-podnese-ostavku\/\",\"url\":\"https:\/\/tuzlainfo.ba\/index.php\/bosna-i-hercegovina\/item\/296432-savjetnica-marinka-cavare-kaznjena-sa-5-000-km-i-pozvana-da-podnese-ostavku\/\",\"name\":\"Savjetnica Marinka \u010cavare ka\u017enjena sa 5.000 KM i pozvana da podnese ostavku - TuzlaInfo.ba\",\"isPartOf\":{\"@id\":\"https:\/\/tuzlainfo.ba\/#website\"},\"primaryImageOfPage\":{\"@id\":\"https:\/\/tuzlainfo.ba\/index.php\/bosna-i-hercegovina\/item\/296432-savjetnica-marinka-cavare-kaznjena-sa-5-000-km-i-pozvana-da-podnese-ostavku\/#primaryimage\"},\"image\":{\"@id\":\"https:\/\/tuzlainfo.ba\/index.php\/bosna-i-hercegovina\/item\/296432-savjetnica-marinka-cavare-kaznjena-sa-5-000-km-i-pozvana-da-podnese-ostavku\/#primaryimage\"},\"thumbnailUrl\":\"https:\/\/tuzlainfo.ba\/wp-content\/uploads\/2026\/03\/Cavara-Marija-Cosic.png.webp\",\"datePublished\":\"2026-03-05T11:23:09+00:00\",\"dateModified\":\"2026-03-05T10:44:57+00:00\",\"breadcrumb\":{\"@id\":\"https:\/\/tuzlainfo.ba\/index.php\/bosna-i-hercegovina\/item\/296432-savjetnica-marinka-cavare-kaznjena-sa-5-000-km-i-pozvana-da-podnese-ostavku\/#breadcrumb\"},\"inLanguage\":\"bs-BA\",\"potentialAction\":[{\"@type\":\"ReadAction\",\"target\":[\"https:\/\/tuzlainfo.ba\/index.php\/bosna-i-hercegovina\/item\/296432-savjetnica-marinka-cavare-kaznjena-sa-5-000-km-i-pozvana-da-podnese-ostavku\/\"]}]},{\"@type\":\"ImageObject\",\"inLanguage\":\"bs-BA\",\"@id\":\"https:\/\/tuzlainfo.ba\/index.php\/bosna-i-hercegovina\/item\/296432-savjetnica-marinka-cavare-kaznjena-sa-5-000-km-i-pozvana-da-podnese-ostavku\/#primaryimage\",\"url\":\"https:\/\/tuzlainfo.ba\/wp-content\/uploads\/2026\/03\/Cavara-Marija-Cosic.png.webp\",\"contentUrl\":\"https:\/\/tuzlainfo.ba\/wp-content\/uploads\/2026\/03\/Cavara-Marija-Cosic.png.webp\",\"width\":1200,\"height\":675},{\"@type\":\"BreadcrumbList\",\"@id\":\"https:\/\/tuzlainfo.ba\/index.php\/bosna-i-hercegovina\/item\/296432-savjetnica-marinka-cavare-kaznjena-sa-5-000-km-i-pozvana-da-podnese-ostavku\/#breadcrumb\",\"itemListElement\":[{\"@type\":\"ListItem\",\"position\":1,\"name\":\"Home\",\"item\":\"https:\/\/tuzlainfo.ba\/\"},{\"@type\":\"ListItem\",\"position\":2,\"name\":\"Savjetnica Marinka \u010cavare ka\u017enjena sa 5.000 KM i pozvana da podnese ostavku\"}]},{\"@type\":\"WebSite\",\"@id\":\"https:\/\/tuzlainfo.ba\/#website\",\"url\":\"https:\/\/tuzlainfo.ba\/\",\"name\":\"TuzlaInfo.ba\",\"description\":\"Tuzla info, gradski informator - Tuzla na dlanu\",\"publisher\":{\"@id\":\"https:\/\/tuzlainfo.ba\/#organization\"},\"potentialAction\":[{\"@type\":\"SearchAction\",\"target\":{\"@type\":\"EntryPoint\",\"urlTemplate\":\"https:\/\/tuzlainfo.ba\/?s={search_term_string}\"},\"query-input\":{\"@type\":\"PropertyValueSpecification\",\"valueRequired\":true,\"valueName\":\"search_term_string\"}}],\"inLanguage\":\"bs-BA\"},{\"@type\":\"Organization\",\"@id\":\"https:\/\/tuzlainfo.ba\/#organization\",\"name\":\"TuzlaInfo.ba\",\"url\":\"https:\/\/tuzlainfo.ba\/\",\"logo\":{\"@type\":\"ImageObject\",\"inLanguage\":\"bs-BA\",\"@id\":\"https:\/\/tuzlainfo.ba\/#\/schema\/logo\/image\/\",\"url\":\"https:\/\/tuzlainfo.ba\/wp-content\/uploads\/2021\/03\/logo-ver-3-1.png\",\"contentUrl\":\"https:\/\/tuzlainfo.ba\/wp-content\/uploads\/2021\/03\/logo-ver-3-1.png\",\"width\":350,\"height\":95,\"caption\":\"TuzlaInfo.ba\"},\"image\":{\"@id\":\"https:\/\/tuzlainfo.ba\/#\/schema\/logo\/image\/\"},\"sameAs\":[\"https:\/\/www.facebook.com\/tuzlainfo.ba\/\"]},{\"@type\":\"Person\",\"@id\":\"https:\/\/tuzlainfo.ba\/#\/schema\/person\/593e78a2f6378c5ba3e7600ecfa4e63a\",\"name\":\"Admin Tri\",\"image\":{\"@type\":\"ImageObject\",\"inLanguage\":\"bs-BA\",\"@id\":\"https:\/\/tuzlainfo.ba\/#\/schema\/person\/image\/\",\"url\":\"https:\/\/tuzlainfo.ba\/wp-content\/litespeed\/avatar\/b7920db4cc34a71ad12497283ad2fe3f.jpg?ver=1777100914\",\"contentUrl\":\"https:\/\/tuzlainfo.ba\/wp-content\/litespeed\/avatar\/b7920db4cc34a71ad12497283ad2fe3f.jpg?ver=1777100914\",\"caption\":\"Admin Tri\"},\"sameAs\":[\"https:\/\/tuzlainfo.ba\"]}]}<\/script>\n<!-- \/ Yoast SEO plugin. -->","yoast_head_json":{"title":"Savjetnica Marinka \u010cavare ka\u017enjena sa 5.000 KM i pozvana da podnese ostavku - TuzlaInfo.ba","robots":{"index":"index","follow":"follow","max-snippet":"max-snippet:-1","max-image-preview":"max-image-preview:large","max-video-preview":"max-video-preview:-1"},"canonical":"https:\/\/tuzlainfo.ba\/index.php\/bosna-i-hercegovina\/item\/296432-savjetnica-marinka-cavare-kaznjena-sa-5-000-km-i-pozvana-da-podnese-ostavku\/","og_locale":"bs_BA","og_type":"article","og_title":"Savjetnica Marinka \u010cavare ka\u017enjena sa 5.000 KM i pozvana da podnese ostavku - TuzlaInfo.ba","og_description":"Komisija za\u00a0odlu\u010divanje\u00a0o sukobu\u00a0interesa\u00a0u institucijama na nivou\u00a0Bosne i Hercegovine kaznila je na posljednjoj sjednici Mariju \u0106osi\u0107,&hellip;","og_url":"https:\/\/tuzlainfo.ba\/index.php\/bosna-i-hercegovina\/item\/296432-savjetnica-marinka-cavare-kaznjena-sa-5-000-km-i-pozvana-da-podnese-ostavku\/","og_site_name":"TuzlaInfo.ba","article_publisher":"https:\/\/www.facebook.com\/tuzlainfo.ba\/","article_published_time":"2026-03-05T11:23:09+00:00","article_modified_time":"2026-03-05T10:44:57+00:00","og_image":[{"width":1200,"height":675,"url":"https:\/\/tuzlainfo.ba\/wp-content\/uploads\/2026\/03\/Cavara-Marija-Cosic.png.webp","type":"image\/webp"}],"author":"Admin Tri","twitter_card":"summary_large_image","twitter_misc":{"Written by":"Admin Tri","Est. reading time":"2 minute"},"schema":{"@context":"https:\/\/schema.org","@graph":[{"@type":"Article","@id":"https:\/\/tuzlainfo.ba\/index.php\/bosna-i-hercegovina\/item\/296432-savjetnica-marinka-cavare-kaznjena-sa-5-000-km-i-pozvana-da-podnese-ostavku\/#article","isPartOf":{"@id":"https:\/\/tuzlainfo.ba\/index.php\/bosna-i-hercegovina\/item\/296432-savjetnica-marinka-cavare-kaznjena-sa-5-000-km-i-pozvana-da-podnese-ostavku\/"},"author":{"name":"Admin Tri","@id":"https:\/\/tuzlainfo.ba\/#\/schema\/person\/593e78a2f6378c5ba3e7600ecfa4e63a"},"headline":"Savjetnica Marinka \u010cavare ka\u017enjena sa 5.000 KM i pozvana da podnese ostavku","datePublished":"2026-03-05T11:23:09+00:00","dateModified":"2026-03-05T10:44:57+00:00","mainEntityOfPage":{"@id":"https:\/\/tuzlainfo.ba\/index.php\/bosna-i-hercegovina\/item\/296432-savjetnica-marinka-cavare-kaznjena-sa-5-000-km-i-pozvana-da-podnese-ostavku\/"},"wordCount":335,"publisher":{"@id":"https:\/\/tuzlainfo.ba\/#organization"},"image":{"@id":"https:\/\/tuzlainfo.ba\/index.php\/bosna-i-hercegovina\/item\/296432-savjetnica-marinka-cavare-kaznjena-sa-5-000-km-i-pozvana-da-podnese-ostavku\/#primaryimage"},"thumbnailUrl":"https:\/\/tuzlainfo.ba\/wp-content\/uploads\/2026\/03\/Cavara-Marija-Cosic.png.webp","keywords":["marija \u0107osi\u0107","Marinko \u010cavara"],"articleSection":["Bosna i Hercegovina"],"inLanguage":"bs-BA"},{"@type":"WebPage","@id":"https:\/\/tuzlainfo.ba\/index.php\/bosna-i-hercegovina\/item\/296432-savjetnica-marinka-cavare-kaznjena-sa-5-000-km-i-pozvana-da-podnese-ostavku\/","url":"https:\/\/tuzlainfo.ba\/index.php\/bosna-i-hercegovina\/item\/296432-savjetnica-marinka-cavare-kaznjena-sa-5-000-km-i-pozvana-da-podnese-ostavku\/","name":"Savjetnica Marinka \u010cavare ka\u017enjena sa 5.000 KM i pozvana da podnese ostavku - TuzlaInfo.ba","isPartOf":{"@id":"https:\/\/tuzlainfo.ba\/#website"},"primaryImageOfPage":{"@id":"https:\/\/tuzlainfo.ba\/index.php\/bosna-i-hercegovina\/item\/296432-savjetnica-marinka-cavare-kaznjena-sa-5-000-km-i-pozvana-da-podnese-ostavku\/#primaryimage"},"image":{"@id":"https:\/\/tuzlainfo.ba\/index.php\/bosna-i-hercegovina\/item\/296432-savjetnica-marinka-cavare-kaznjena-sa-5-000-km-i-pozvana-da-podnese-ostavku\/#primaryimage"},"thumbnailUrl":"https:\/\/tuzlainfo.ba\/wp-content\/uploads\/2026\/03\/Cavara-Marija-Cosic.png.webp","datePublished":"2026-03-05T11:23:09+00:00","dateModified":"2026-03-05T10:44:57+00:00","breadcrumb":{"@id":"https:\/\/tuzlainfo.ba\/index.php\/bosna-i-hercegovina\/item\/296432-savjetnica-marinka-cavare-kaznjena-sa-5-000-km-i-pozvana-da-podnese-ostavku\/#breadcrumb"},"inLanguage":"bs-BA","potentialAction":[{"@type":"ReadAction","target":["https:\/\/tuzlainfo.ba\/index.php\/bosna-i-hercegovina\/item\/296432-savjetnica-marinka-cavare-kaznjena-sa-5-000-km-i-pozvana-da-podnese-ostavku\/"]}]},{"@type":"ImageObject","inLanguage":"bs-BA","@id":"https:\/\/tuzlainfo.ba\/index.php\/bosna-i-hercegovina\/item\/296432-savjetnica-marinka-cavare-kaznjena-sa-5-000-km-i-pozvana-da-podnese-ostavku\/#primaryimage","url":"https:\/\/tuzlainfo.ba\/wp-content\/uploads\/2026\/03\/Cavara-Marija-Cosic.png.webp","contentUrl":"https:\/\/tuzlainfo.ba\/wp-content\/uploads\/2026\/03\/Cavara-Marija-Cosic.png.webp","width":1200,"height":675},{"@type":"BreadcrumbList","@id":"https:\/\/tuzlainfo.ba\/index.php\/bosna-i-hercegovina\/item\/296432-savjetnica-marinka-cavare-kaznjena-sa-5-000-km-i-pozvana-da-podnese-ostavku\/#breadcrumb","itemListElement":[{"@type":"ListItem","position":1,"name":"Home","item":"https:\/\/tuzlainfo.ba\/"},{"@type":"ListItem","position":2,"name":"Savjetnica Marinka \u010cavare ka\u017enjena sa 5.000 KM i pozvana da podnese ostavku"}]},{"@type":"WebSite","@id":"https:\/\/tuzlainfo.ba\/#website","url":"https:\/\/tuzlainfo.ba\/","name":"TuzlaInfo.ba","description":"Tuzla info, gradski informator - Tuzla na dlanu","publisher":{"@id":"https:\/\/tuzlainfo.ba\/#organization"},"potentialAction":[{"@type":"SearchAction","target":{"@type":"EntryPoint","urlTemplate":"https:\/\/tuzlainfo.ba\/?s={search_term_string}"},"query-input":{"@type":"PropertyValueSpecification","valueRequired":true,"valueName":"search_term_string"}}],"inLanguage":"bs-BA"},{"@type":"Organization","@id":"https:\/\/tuzlainfo.ba\/#organization","name":"TuzlaInfo.ba","url":"https:\/\/tuzlainfo.ba\/","logo":{"@type":"ImageObject","inLanguage":"bs-BA","@id":"https:\/\/tuzlainfo.ba\/#\/schema\/logo\/image\/","url":"https:\/\/tuzlainfo.ba\/wp-content\/uploads\/2021\/03\/logo-ver-3-1.png","contentUrl":"https:\/\/tuzlainfo.ba\/wp-content\/uploads\/2021\/03\/logo-ver-3-1.png","width":350,"height":95,"caption":"TuzlaInfo.ba"},"image":{"@id":"https:\/\/tuzlainfo.ba\/#\/schema\/logo\/image\/"},"sameAs":["https:\/\/www.facebook.com\/tuzlainfo.ba\/"]},{"@type":"Person","@id":"https:\/\/tuzlainfo.ba\/#\/schema\/person\/593e78a2f6378c5ba3e7600ecfa4e63a","name":"Admin Tri","image":{"@type":"ImageObject","inLanguage":"bs-BA","@id":"https:\/\/tuzlainfo.ba\/#\/schema\/person\/image\/","url":"https:\/\/tuzlainfo.ba\/wp-content\/litespeed\/avatar\/b7920db4cc34a71ad12497283ad2fe3f.jpg?ver=1777100914","contentUrl":"https:\/\/tuzlainfo.ba\/wp-content\/litespeed\/avatar\/b7920db4cc34a71ad12497283ad2fe3f.jpg?ver=1777100914","caption":"Admin Tri"},"sameAs":["https:\/\/tuzlainfo.ba"]}]}},"_links":{"self":[{"href":"https:\/\/tuzlainfo.ba\/index.php\/wp-json\/wp\/v2\/posts\/296432"}],"collection":[{"href":"https:\/\/tuzlainfo.ba\/index.php\/wp-json\/wp\/v2\/posts"}],"about":[{"href":"https:\/\/tuzlainfo.ba\/index.php\/wp-json\/wp\/v2\/types\/post"}],"author":[{"embeddable":true,"href":"https:\/\/tuzlainfo.ba\/index.php\/wp-json\/wp\/v2\/users\/8"}],"replies":[{"embeddable":true,"href":"https:\/\/tuzlainfo.ba\/index.php\/wp-json\/wp\/v2\/comments?post=296432"}],"version-history":[{"count":1,"href":"https:\/\/tuzlainfo.ba\/index.php\/wp-json\/wp\/v2\/posts\/296432\/revisions"}],"predecessor-version":[{"id":296434,"href":"https:\/\/tuzlainfo.ba\/index.php\/wp-json\/wp\/v2\/posts\/296432\/revisions\/296434"}],"wp:featuredmedia":[{"embeddable":true,"href":"https:\/\/tuzlainfo.ba\/index.php\/wp-json\/wp\/v2\/media\/296433"}],"wp:attachment":[{"href":"https:\/\/tuzlainfo.ba\/index.php\/wp-json\/wp\/v2\/media?parent=296432"}],"wp:term":[{"taxonomy":"category","embeddable":true,"href":"https:\/\/tuzlainfo.ba\/index.php\/wp-json\/wp\/v2\/categories?post=296432"},{"taxonomy":"post_tag","embeddable":true,"href":"https:\/\/tuzlainfo.ba\/index.php\/wp-json\/wp\/v2\/tags?post=296432"}],"curies":[{"name":"wp","href":"https:\/\/api.w.org\/{rel}","templated":true}]}}