{"id":296404,"date":"2026-03-05T10:40:50","date_gmt":"2026-03-05T09:40:50","guid":{"rendered":"https:\/\/tuzlainfo.ba\/?p=296404"},"modified":"2026-03-05T10:40:50","modified_gmt":"2026-03-05T09:40:50","slug":"video-bivsi-marinac-se-pobunio-protiv-rata-za-izraelske-ciljeve-pa-je-uhapsen","status":"publish","type":"post","link":"https:\/\/tuzlainfo.ba\/index.php\/clanci\/sa-svih-strana\/item\/296404-video-bivsi-marinac-se-pobunio-protiv-rata-za-izraelske-ciljeve-pa-je-uhapsen\/","title":{"rendered":"(VIDEO) Biv\u0161i marinac se pobunio protiv rata za izraelske ciljeve, pa je uhap\u0161en"},"content":{"rendered":"<p>Biv\u0161i marinac Brian McGinnis uhap\u0161en je nakon \u0161to je prekinuo saslu\u0161anje pododbora ameri\u010dkog Senata za oru\u017eane snage, gdje je glasno protestovao protiv vojne akcije Sjedinjenih Ameri\u010dkih Dr\u017eava prema Iranu.<\/p>\n<p>Incident se dogodio tokom rasprave o spremnosti ameri\u010dkih oru\u017eanih snaga, kada je McGinnis, kandidat Zelene stranke za Senat iz Sjeverne Karoline i veteran rata u Iraku, ustao i po\u010deo uzvikivati poruke protiv ameri\u010dke vojne politike na Bliskom istoku. Izme\u0111u ostalog je povikao da \u201eAmerika ne \u017eeli slati svoje sinove i k\u0107eri u rat za Izrael\u201c, tvrde\u0107i da je Izrael razlog potencijalnog sukoba.<\/p>\n<p>Prema snimcima koje su ubrzo po\u010dele kru\u017eiti dru\u0161tvenim mre\u017eama, policija Kapitola odmah je reagovala i poku\u0161ala ga udaljiti iz prostorije u kojoj se odr\u017eavalo saslu\u0161anje. McGinnis se tome usprotivio i uhvatio za vrata sale, nakon \u010dega je do\u0161lo do naguravanja sa policajcima.<\/p>\n<blockquote class=\"twitter-tweet\" data-media-max-width=\"560\">\n<p dir=\"ltr\" lang=\"en\">\ud83d\udea8\ud83c\uddfa\ud83c\uddf8 Marine vet Brian McGinnis shouted &#8220;No one wants to fight for Israel&#8221; and Sen. Tim Sheehy(a former Navy Seal himself) allegedly broke his hand removing him.<\/p>\n<p>Since when can't veterans question who American soldiers die for?<a href=\"https:\/\/t.co\/A9kVtnpzZT\">pic.twitter.com\/A9kVtnpzZT<\/a><\/p>\n<p>\u2014 Mario Nawfal (@MarioNawfal) <a href=\"https:\/\/twitter.com\/MarioNawfal\/status\/2029331581622513906?ref_src=twsrc%5Etfw\">March 4, 2026<\/a><\/p><\/blockquote>\n<p><script async src=\"https:\/\/platform.twitter.com\/widgets.js\" charset=\"utf-8\"><\/script><\/p>\n<p>Tokom incidenta senator Tim Sheehy, republikanski senator iz Montane i biv\u0161i pripadnik Navy SEAL-a, napustio je svoje mjesto i pomogao policiji da savlada i izvede McGinnisa iz prostorije.<\/p>\n<p>Nakon privo\u0111enja McGinnis je preba\u010den u bolnicu George Washington University Hospital. Njegov glasnogovornik kampanje Mark Elbourno naveo je da je tokom sukoba zadobio povredu ruke za koju tvrdi da je slomljena.<\/p>\n<p>Policija Kapitola saop\u0107ila je da su u incidentu povrije\u0111ena i trojica policajaca kojima je ukazana medicinska pomo\u0107. Protiv McGinnisa su podignute optu\u017ebe za tri ta\u010dke napada na policijskog slu\u017ebenika, tri ta\u010dke opiranja hap\u0161enju, kao i za nezakonito demonstriranje, ometanje rada i izazivanje nereda.<\/p>\n<p>Iz policije su podsjetili da protesti nisu dozvoljeni unutar zgrada ameri\u010dkog Kongresa. Saslu\u0161anje na kojem je do\u0161lo do incidenta odr\u017eavao je Pododbor za spremnost i upravljanje podr\u0161kom Odbora za oru\u017eane snage, a tema rasprave bila je spremnost ameri\u010dkih snaga u trenutku rastu\u0107ih tenzija izme\u0111u Sjedinjenih Ameri\u010dkih Dr\u017eava i Irana, prenosi CNN.<\/p>\n","protected":false},"excerpt":{"rendered":"<p>Biv\u0161i marinac Brian McGinnis uhap\u0161en je nakon \u0161to je prekinuo saslu\u0161anje pododbora ameri\u010dkog Senata za&hellip;<\/p>\n","protected":false},"author":8,"featured_media":296405,"comment_status":"closed","ping_status":"closed","sticky":false,"template":"","format":"standard","meta":{"_acf_changed":false,"footnotes":""},"categories":[16],"tags":[1201,13571,709,1917],"acf":[],"yoast_head":"<!-- This site is optimized with the Yoast SEO plugin v23.5 - https:\/\/yoast.com\/wordpress\/plugins\/seo\/ -->\n<title>(VIDEO) Biv\u0161i marinac se pobunio protiv rata za izraelske ciljeve, pa je uhap\u0161en - TuzlaInfo.ba<\/title>\n<meta name=\"robots\" content=\"index, follow, max-snippet:-1, max-image-preview:large, max-video-preview:-1\" \/>\n<link rel=\"canonical\" href=\"https:\/\/tuzlainfo.ba\/index.php\/clanci\/sa-svih-strana\/item\/296404-video-bivsi-marinac-se-pobunio-protiv-rata-za-izraelske-ciljeve-pa-je-uhapsen\/\" \/>\n<meta property=\"og:locale\" content=\"bs_BA\" \/>\n<meta property=\"og:type\" content=\"article\" \/>\n<meta property=\"og:title\" content=\"(VIDEO) Biv\u0161i marinac se pobunio protiv rata za izraelske ciljeve, pa je uhap\u0161en - TuzlaInfo.ba\" \/>\n<meta property=\"og:description\" content=\"Biv\u0161i marinac Brian McGinnis uhap\u0161en je nakon \u0161to je prekinuo saslu\u0161anje pododbora ameri\u010dkog Senata za&hellip;\" \/>\n<meta property=\"og:url\" content=\"https:\/\/tuzlainfo.ba\/index.php\/clanci\/sa-svih-strana\/item\/296404-video-bivsi-marinac-se-pobunio-protiv-rata-za-izraelske-ciljeve-pa-je-uhapsen\/\" \/>\n<meta property=\"og:site_name\" content=\"TuzlaInfo.ba\" \/>\n<meta property=\"article:publisher\" content=\"https:\/\/www.facebook.com\/tuzlainfo.ba\/\" \/>\n<meta property=\"article:published_time\" content=\"2026-03-05T09:40:50+00:00\" \/>\n<meta property=\"og:image\" content=\"https:\/\/tuzlainfo.ba\/wp-content\/uploads\/2026\/03\/marinac-sad.jpg\" \/>\n\t<meta property=\"og:image:width\" content=\"1000\" \/>\n\t<meta property=\"og:image:height\" content=\"600\" \/>\n\t<meta property=\"og:image:type\" content=\"image\/jpeg\" \/>\n<meta name=\"author\" content=\"Admin Tri\" \/>\n<meta name=\"twitter:card\" content=\"summary_large_image\" \/>\n<meta name=\"twitter:label1\" content=\"Written by\" \/>\n\t<meta name=\"twitter:data1\" content=\"Admin Tri\" \/>\n\t<meta name=\"twitter:label2\" content=\"Est. reading time\" \/>\n\t<meta name=\"twitter:data2\" content=\"2 minute\" \/>\n<script type=\"application\/ld+json\" class=\"yoast-schema-graph\">{\"@context\":\"https:\/\/schema.org\",\"@graph\":[{\"@type\":\"Article\",\"@id\":\"https:\/\/tuzlainfo.ba\/index.php\/clanci\/sa-svih-strana\/item\/296404-video-bivsi-marinac-se-pobunio-protiv-rata-za-izraelske-ciljeve-pa-je-uhapsen\/#article\",\"isPartOf\":{\"@id\":\"https:\/\/tuzlainfo.ba\/index.php\/clanci\/sa-svih-strana\/item\/296404-video-bivsi-marinac-se-pobunio-protiv-rata-za-izraelske-ciljeve-pa-je-uhapsen\/\"},\"author\":{\"name\":\"Admin Tri\",\"@id\":\"https:\/\/tuzlainfo.ba\/#\/schema\/person\/593e78a2f6378c5ba3e7600ecfa4e63a\"},\"headline\":\"(VIDEO) Biv\u0161i marinac se pobunio protiv rata za izraelske ciljeve, pa je uhap\u0161en\",\"datePublished\":\"2026-03-05T09:40:50+00:00\",\"dateModified\":\"2026-03-05T09:40:50+00:00\",\"mainEntityOfPage\":{\"@id\":\"https:\/\/tuzlainfo.ba\/index.php\/clanci\/sa-svih-strana\/item\/296404-video-bivsi-marinac-se-pobunio-protiv-rata-za-izraelske-ciljeve-pa-je-uhapsen\/\"},\"wordCount\":391,\"publisher\":{\"@id\":\"https:\/\/tuzlainfo.ba\/#organization\"},\"image\":{\"@id\":\"https:\/\/tuzlainfo.ba\/index.php\/clanci\/sa-svih-strana\/item\/296404-video-bivsi-marinac-se-pobunio-protiv-rata-za-izraelske-ciljeve-pa-je-uhapsen\/#primaryimage\"},\"thumbnailUrl\":\"https:\/\/tuzlainfo.ba\/wp-content\/uploads\/2026\/03\/marinac-sad.jpg\",\"keywords\":[\"iran\",\"marinac\",\"rat\",\"SAD\"],\"articleSection\":[\"Sa svih strana\"],\"inLanguage\":\"bs-BA\"},{\"@type\":\"WebPage\",\"@id\":\"https:\/\/tuzlainfo.ba\/index.php\/clanci\/sa-svih-strana\/item\/296404-video-bivsi-marinac-se-pobunio-protiv-rata-za-izraelske-ciljeve-pa-je-uhapsen\/\",\"url\":\"https:\/\/tuzlainfo.ba\/index.php\/clanci\/sa-svih-strana\/item\/296404-video-bivsi-marinac-se-pobunio-protiv-rata-za-izraelske-ciljeve-pa-je-uhapsen\/\",\"name\":\"(VIDEO) Biv\u0161i marinac se pobunio protiv rata za izraelske ciljeve, pa je uhap\u0161en - TuzlaInfo.ba\",\"isPartOf\":{\"@id\":\"https:\/\/tuzlainfo.ba\/#website\"},\"primaryImageOfPage\":{\"@id\":\"https:\/\/tuzlainfo.ba\/index.php\/clanci\/sa-svih-strana\/item\/296404-video-bivsi-marinac-se-pobunio-protiv-rata-za-izraelske-ciljeve-pa-je-uhapsen\/#primaryimage\"},\"image\":{\"@id\":\"https:\/\/tuzlainfo.ba\/index.php\/clanci\/sa-svih-strana\/item\/296404-video-bivsi-marinac-se-pobunio-protiv-rata-za-izraelske-ciljeve-pa-je-uhapsen\/#primaryimage\"},\"thumbnailUrl\":\"https:\/\/tuzlainfo.ba\/wp-content\/uploads\/2026\/03\/marinac-sad.jpg\",\"datePublished\":\"2026-03-05T09:40:50+00:00\",\"dateModified\":\"2026-03-05T09:40:50+00:00\",\"breadcrumb\":{\"@id\":\"https:\/\/tuzlainfo.ba\/index.php\/clanci\/sa-svih-strana\/item\/296404-video-bivsi-marinac-se-pobunio-protiv-rata-za-izraelske-ciljeve-pa-je-uhapsen\/#breadcrumb\"},\"inLanguage\":\"bs-BA\",\"potentialAction\":[{\"@type\":\"ReadAction\",\"target\":[\"https:\/\/tuzlainfo.ba\/index.php\/clanci\/sa-svih-strana\/item\/296404-video-bivsi-marinac-se-pobunio-protiv-rata-za-izraelske-ciljeve-pa-je-uhapsen\/\"]}]},{\"@type\":\"ImageObject\",\"inLanguage\":\"bs-BA\",\"@id\":\"https:\/\/tuzlainfo.ba\/index.php\/clanci\/sa-svih-strana\/item\/296404-video-bivsi-marinac-se-pobunio-protiv-rata-za-izraelske-ciljeve-pa-je-uhapsen\/#primaryimage\",\"url\":\"https:\/\/tuzlainfo.ba\/wp-content\/uploads\/2026\/03\/marinac-sad.jpg\",\"contentUrl\":\"https:\/\/tuzlainfo.ba\/wp-content\/uploads\/2026\/03\/marinac-sad.jpg\",\"width\":1000,\"height\":600},{\"@type\":\"BreadcrumbList\",\"@id\":\"https:\/\/tuzlainfo.ba\/index.php\/clanci\/sa-svih-strana\/item\/296404-video-bivsi-marinac-se-pobunio-protiv-rata-za-izraelske-ciljeve-pa-je-uhapsen\/#breadcrumb\",\"itemListElement\":[{\"@type\":\"ListItem\",\"position\":1,\"name\":\"Home\",\"item\":\"https:\/\/tuzlainfo.ba\/\"},{\"@type\":\"ListItem\",\"position\":2,\"name\":\"(VIDEO) Biv\u0161i marinac se pobunio protiv rata za izraelske ciljeve, pa je uhap\u0161en\"}]},{\"@type\":\"WebSite\",\"@id\":\"https:\/\/tuzlainfo.ba\/#website\",\"url\":\"https:\/\/tuzlainfo.ba\/\",\"name\":\"TuzlaInfo.ba\",\"description\":\"Tuzla info, gradski informator - Tuzla na dlanu\",\"publisher\":{\"@id\":\"https:\/\/tuzlainfo.ba\/#organization\"},\"potentialAction\":[{\"@type\":\"SearchAction\",\"target\":{\"@type\":\"EntryPoint\",\"urlTemplate\":\"https:\/\/tuzlainfo.ba\/?s={search_term_string}\"},\"query-input\":{\"@type\":\"PropertyValueSpecification\",\"valueRequired\":true,\"valueName\":\"search_term_string\"}}],\"inLanguage\":\"bs-BA\"},{\"@type\":\"Organization\",\"@id\":\"https:\/\/tuzlainfo.ba\/#organization\",\"name\":\"TuzlaInfo.ba\",\"url\":\"https:\/\/tuzlainfo.ba\/\",\"logo\":{\"@type\":\"ImageObject\",\"inLanguage\":\"bs-BA\",\"@id\":\"https:\/\/tuzlainfo.ba\/#\/schema\/logo\/image\/\",\"url\":\"https:\/\/tuzlainfo.ba\/wp-content\/uploads\/2021\/03\/logo-ver-3-1.png\",\"contentUrl\":\"https:\/\/tuzlainfo.ba\/wp-content\/uploads\/2021\/03\/logo-ver-3-1.png\",\"width\":350,\"height\":95,\"caption\":\"TuzlaInfo.ba\"},\"image\":{\"@id\":\"https:\/\/tuzlainfo.ba\/#\/schema\/logo\/image\/\"},\"sameAs\":[\"https:\/\/www.facebook.com\/tuzlainfo.ba\/\"]},{\"@type\":\"Person\",\"@id\":\"https:\/\/tuzlainfo.ba\/#\/schema\/person\/593e78a2f6378c5ba3e7600ecfa4e63a\",\"name\":\"Admin Tri\",\"image\":{\"@type\":\"ImageObject\",\"inLanguage\":\"bs-BA\",\"@id\":\"https:\/\/tuzlainfo.ba\/#\/schema\/person\/image\/\",\"url\":\"https:\/\/tuzlainfo.ba\/wp-content\/litespeed\/avatar\/b7920db4cc34a71ad12497283ad2fe3f.jpg?ver=1777705770\",\"contentUrl\":\"https:\/\/tuzlainfo.ba\/wp-content\/litespeed\/avatar\/b7920db4cc34a71ad12497283ad2fe3f.jpg?ver=1777705770\",\"caption\":\"Admin Tri\"},\"sameAs\":[\"https:\/\/tuzlainfo.ba\"]}]}<\/script>\n<!-- \/ Yoast SEO plugin. -->","yoast_head_json":{"title":"(VIDEO) Biv\u0161i marinac se pobunio protiv rata za izraelske ciljeve, pa je uhap\u0161en - TuzlaInfo.ba","robots":{"index":"index","follow":"follow","max-snippet":"max-snippet:-1","max-image-preview":"max-image-preview:large","max-video-preview":"max-video-preview:-1"},"canonical":"https:\/\/tuzlainfo.ba\/index.php\/clanci\/sa-svih-strana\/item\/296404-video-bivsi-marinac-se-pobunio-protiv-rata-za-izraelske-ciljeve-pa-je-uhapsen\/","og_locale":"bs_BA","og_type":"article","og_title":"(VIDEO) Biv\u0161i marinac se pobunio protiv rata za izraelske ciljeve, pa je uhap\u0161en - TuzlaInfo.ba","og_description":"Biv\u0161i marinac Brian McGinnis uhap\u0161en je nakon \u0161to je prekinuo saslu\u0161anje pododbora ameri\u010dkog Senata za&hellip;","og_url":"https:\/\/tuzlainfo.ba\/index.php\/clanci\/sa-svih-strana\/item\/296404-video-bivsi-marinac-se-pobunio-protiv-rata-za-izraelske-ciljeve-pa-je-uhapsen\/","og_site_name":"TuzlaInfo.ba","article_publisher":"https:\/\/www.facebook.com\/tuzlainfo.ba\/","article_published_time":"2026-03-05T09:40:50+00:00","og_image":[{"width":1000,"height":600,"url":"https:\/\/tuzlainfo.ba\/wp-content\/uploads\/2026\/03\/marinac-sad.jpg","type":"image\/jpeg"}],"author":"Admin Tri","twitter_card":"summary_large_image","twitter_misc":{"Written by":"Admin Tri","Est. reading time":"2 minute"},"schema":{"@context":"https:\/\/schema.org","@graph":[{"@type":"Article","@id":"https:\/\/tuzlainfo.ba\/index.php\/clanci\/sa-svih-strana\/item\/296404-video-bivsi-marinac-se-pobunio-protiv-rata-za-izraelske-ciljeve-pa-je-uhapsen\/#article","isPartOf":{"@id":"https:\/\/tuzlainfo.ba\/index.php\/clanci\/sa-svih-strana\/item\/296404-video-bivsi-marinac-se-pobunio-protiv-rata-za-izraelske-ciljeve-pa-je-uhapsen\/"},"author":{"name":"Admin Tri","@id":"https:\/\/tuzlainfo.ba\/#\/schema\/person\/593e78a2f6378c5ba3e7600ecfa4e63a"},"headline":"(VIDEO) Biv\u0161i marinac se pobunio protiv rata za izraelske ciljeve, pa je uhap\u0161en","datePublished":"2026-03-05T09:40:50+00:00","dateModified":"2026-03-05T09:40:50+00:00","mainEntityOfPage":{"@id":"https:\/\/tuzlainfo.ba\/index.php\/clanci\/sa-svih-strana\/item\/296404-video-bivsi-marinac-se-pobunio-protiv-rata-za-izraelske-ciljeve-pa-je-uhapsen\/"},"wordCount":391,"publisher":{"@id":"https:\/\/tuzlainfo.ba\/#organization"},"image":{"@id":"https:\/\/tuzlainfo.ba\/index.php\/clanci\/sa-svih-strana\/item\/296404-video-bivsi-marinac-se-pobunio-protiv-rata-za-izraelske-ciljeve-pa-je-uhapsen\/#primaryimage"},"thumbnailUrl":"https:\/\/tuzlainfo.ba\/wp-content\/uploads\/2026\/03\/marinac-sad.jpg","keywords":["iran","marinac","rat","SAD"],"articleSection":["Sa svih strana"],"inLanguage":"bs-BA"},{"@type":"WebPage","@id":"https:\/\/tuzlainfo.ba\/index.php\/clanci\/sa-svih-strana\/item\/296404-video-bivsi-marinac-se-pobunio-protiv-rata-za-izraelske-ciljeve-pa-je-uhapsen\/","url":"https:\/\/tuzlainfo.ba\/index.php\/clanci\/sa-svih-strana\/item\/296404-video-bivsi-marinac-se-pobunio-protiv-rata-za-izraelske-ciljeve-pa-je-uhapsen\/","name":"(VIDEO) Biv\u0161i marinac se pobunio protiv rata za izraelske ciljeve, pa je uhap\u0161en - TuzlaInfo.ba","isPartOf":{"@id":"https:\/\/tuzlainfo.ba\/#website"},"primaryImageOfPage":{"@id":"https:\/\/tuzlainfo.ba\/index.php\/clanci\/sa-svih-strana\/item\/296404-video-bivsi-marinac-se-pobunio-protiv-rata-za-izraelske-ciljeve-pa-je-uhapsen\/#primaryimage"},"image":{"@id":"https:\/\/tuzlainfo.ba\/index.php\/clanci\/sa-svih-strana\/item\/296404-video-bivsi-marinac-se-pobunio-protiv-rata-za-izraelske-ciljeve-pa-je-uhapsen\/#primaryimage"},"thumbnailUrl":"https:\/\/tuzlainfo.ba\/wp-content\/uploads\/2026\/03\/marinac-sad.jpg","datePublished":"2026-03-05T09:40:50+00:00","dateModified":"2026-03-05T09:40:50+00:00","breadcrumb":{"@id":"https:\/\/tuzlainfo.ba\/index.php\/clanci\/sa-svih-strana\/item\/296404-video-bivsi-marinac-se-pobunio-protiv-rata-za-izraelske-ciljeve-pa-je-uhapsen\/#breadcrumb"},"inLanguage":"bs-BA","potentialAction":[{"@type":"ReadAction","target":["https:\/\/tuzlainfo.ba\/index.php\/clanci\/sa-svih-strana\/item\/296404-video-bivsi-marinac-se-pobunio-protiv-rata-za-izraelske-ciljeve-pa-je-uhapsen\/"]}]},{"@type":"ImageObject","inLanguage":"bs-BA","@id":"https:\/\/tuzlainfo.ba\/index.php\/clanci\/sa-svih-strana\/item\/296404-video-bivsi-marinac-se-pobunio-protiv-rata-za-izraelske-ciljeve-pa-je-uhapsen\/#primaryimage","url":"https:\/\/tuzlainfo.ba\/wp-content\/uploads\/2026\/03\/marinac-sad.jpg","contentUrl":"https:\/\/tuzlainfo.ba\/wp-content\/uploads\/2026\/03\/marinac-sad.jpg","width":1000,"height":600},{"@type":"BreadcrumbList","@id":"https:\/\/tuzlainfo.ba\/index.php\/clanci\/sa-svih-strana\/item\/296404-video-bivsi-marinac-se-pobunio-protiv-rata-za-izraelske-ciljeve-pa-je-uhapsen\/#breadcrumb","itemListElement":[{"@type":"ListItem","position":1,"name":"Home","item":"https:\/\/tuzlainfo.ba\/"},{"@type":"ListItem","position":2,"name":"(VIDEO) Biv\u0161i marinac se pobunio protiv rata za izraelske ciljeve, pa je uhap\u0161en"}]},{"@type":"WebSite","@id":"https:\/\/tuzlainfo.ba\/#website","url":"https:\/\/tuzlainfo.ba\/","name":"TuzlaInfo.ba","description":"Tuzla info, gradski informator - Tuzla na dlanu","publisher":{"@id":"https:\/\/tuzlainfo.ba\/#organization"},"potentialAction":[{"@type":"SearchAction","target":{"@type":"EntryPoint","urlTemplate":"https:\/\/tuzlainfo.ba\/?s={search_term_string}"},"query-input":{"@type":"PropertyValueSpecification","valueRequired":true,"valueName":"search_term_string"}}],"inLanguage":"bs-BA"},{"@type":"Organization","@id":"https:\/\/tuzlainfo.ba\/#organization","name":"TuzlaInfo.ba","url":"https:\/\/tuzlainfo.ba\/","logo":{"@type":"ImageObject","inLanguage":"bs-BA","@id":"https:\/\/tuzlainfo.ba\/#\/schema\/logo\/image\/","url":"https:\/\/tuzlainfo.ba\/wp-content\/uploads\/2021\/03\/logo-ver-3-1.png","contentUrl":"https:\/\/tuzlainfo.ba\/wp-content\/uploads\/2021\/03\/logo-ver-3-1.png","width":350,"height":95,"caption":"TuzlaInfo.ba"},"image":{"@id":"https:\/\/tuzlainfo.ba\/#\/schema\/logo\/image\/"},"sameAs":["https:\/\/www.facebook.com\/tuzlainfo.ba\/"]},{"@type":"Person","@id":"https:\/\/tuzlainfo.ba\/#\/schema\/person\/593e78a2f6378c5ba3e7600ecfa4e63a","name":"Admin Tri","image":{"@type":"ImageObject","inLanguage":"bs-BA","@id":"https:\/\/tuzlainfo.ba\/#\/schema\/person\/image\/","url":"https:\/\/tuzlainfo.ba\/wp-content\/litespeed\/avatar\/b7920db4cc34a71ad12497283ad2fe3f.jpg?ver=1777705770","contentUrl":"https:\/\/tuzlainfo.ba\/wp-content\/litespeed\/avatar\/b7920db4cc34a71ad12497283ad2fe3f.jpg?ver=1777705770","caption":"Admin Tri"},"sameAs":["https:\/\/tuzlainfo.ba"]}]}},"_links":{"self":[{"href":"https:\/\/tuzlainfo.ba\/index.php\/wp-json\/wp\/v2\/posts\/296404"}],"collection":[{"href":"https:\/\/tuzlainfo.ba\/index.php\/wp-json\/wp\/v2\/posts"}],"about":[{"href":"https:\/\/tuzlainfo.ba\/index.php\/wp-json\/wp\/v2\/types\/post"}],"author":[{"embeddable":true,"href":"https:\/\/tuzlainfo.ba\/index.php\/wp-json\/wp\/v2\/users\/8"}],"replies":[{"embeddable":true,"href":"https:\/\/tuzlainfo.ba\/index.php\/wp-json\/wp\/v2\/comments?post=296404"}],"version-history":[{"count":1,"href":"https:\/\/tuzlainfo.ba\/index.php\/wp-json\/wp\/v2\/posts\/296404\/revisions"}],"predecessor-version":[{"id":296406,"href":"https:\/\/tuzlainfo.ba\/index.php\/wp-json\/wp\/v2\/posts\/296404\/revisions\/296406"}],"wp:featuredmedia":[{"embeddable":true,"href":"https:\/\/tuzlainfo.ba\/index.php\/wp-json\/wp\/v2\/media\/296405"}],"wp:attachment":[{"href":"https:\/\/tuzlainfo.ba\/index.php\/wp-json\/wp\/v2\/media?parent=296404"}],"wp:term":[{"taxonomy":"category","embeddable":true,"href":"https:\/\/tuzlainfo.ba\/index.php\/wp-json\/wp\/v2\/categories?post=296404"},{"taxonomy":"post_tag","embeddable":true,"href":"https:\/\/tuzlainfo.ba\/index.php\/wp-json\/wp\/v2\/tags?post=296404"}],"curies":[{"name":"wp","href":"https:\/\/api.w.org\/{rel}","templated":true}]}}