{"id":296380,"date":"2026-03-05T08:50:36","date_gmt":"2026-03-05T07:50:36","guid":{"rendered":"https:\/\/tuzlainfo.ba\/?p=296380"},"modified":"2026-03-05T20:34:40","modified_gmt":"2026-03-05T19:34:40","slug":"nema-razloga-za-paniku-ali-sa-polica-marketa-u-tuzli-nestaju-osnovne-zivotne-namirnice","status":"publish","type":"post","link":"https:\/\/tuzlainfo.ba\/index.php\/novosti\/item\/296380-nema-razloga-za-paniku-ali-sa-polica-marketa-u-tuzli-nestaju-osnovne-zivotne-namirnice\/","title":{"rendered":"Nema razloga za paniku, ali&#8230;: Sa polica marketa u Tuzli nestaju osnovne \u017eivotne namirnice"},"content":{"rendered":"<p data-start=\"0\" data-end=\"235\">Pove\u0107ana kupovina osnovnih \u017eivotnih namirnica primije\u0107ena je i u Tuzli nakon vijesti o sukobima na Bliskom istoku. Pojedini gra\u0111ani odlu\u010dili su napraviti zalihe hrane, pa su tokom ve\u010deri u pojedinim marketima zabilje\u017eene ve\u0107e kupovine.<\/p>\n<p data-start=\"237\" data-end=\"408\">Fotografije koje su redakciji poslali \u010ditatelji prikazuju gu\u017evu u Megadiskontu u Tuzli, gdje su kupci u ve\u0107im koli\u010dinama kupovali bra\u0161no, ulje i druge osnovne potrep\u0161tine.<\/p>\n<p data-start=\"410\" data-end=\"700\">Prema informacijama iz trgovinskog sektora, za sada nema razloga za paniku niti naznaka nesta\u0161ice robe. Isti\u010de se da se Bosna i Hercegovina osnovnim prehrambenim proizvodima u velikoj mjeri snabdijeva iz doma\u0107e proizvodnje i sa evropskog tr\u017ei\u0161ta, te da se isporuke i dalje odvijaju redovno.<\/p>\n<p data-start=\"702\" data-end=\"855\">Stru\u010dnjaci upozoravaju da upravo panika i masovna kupovina mogu dovesti do privremenog pra\u017enjenja polica u trgovinama, iako robe na tr\u017ei\u0161tu ima dovoljno.<\/p>\n<h3 data-start=\"702\" data-end=\"855\">Psiholo\u0161ka reakcija<\/h3>\n<p data-start=\"857\" data-end=\"1144\">Ekonomisti navode da je rije\u010d o psiholo\u0161koj reakciji na globalnu neizvjesnost. Podsje\u0107aju da Bosna i Hercegovina u velikoj mjeri zavisi od uvoza energenata, zbog \u010dega svako ve\u0107e poskupljenje nafte na svjetskom tr\u017ei\u0161tu uti\u010de na tro\u0161kove transporta, proizvodnje i kona\u010dne cijene proizvoda.<\/p>\n<p data-start=\"1146\" data-end=\"1467\">Prema navodima trgovaca, pojedina doma\u0107instva kupuju znatno ve\u0107e koli\u010dine namirnica nego ina\u010de. Zabilje\u017eeni su slu\u010dajevi kupovine vre\u0107a bra\u0161na od 25 kilograma, kartona ulja te vi\u0161e kilograma \u0161e\u0107era, jer gra\u0111ani strahuju od mogu\u0107eg rasta cijena ili eventualnih nesta\u0161ica ukoliko se kriza na Bliskom istoku dodatno produbi.<\/p>\n<p data-start=\"1469\" data-end=\"1739\">Ipak, nadle\u017eni za sada ne najavljuju restrikcije niti poreme\u0107aje u snabdijevanju tr\u017ei\u0161ta. Analiti\u010dari upozoravaju da bi eventualni dugotrajniji poreme\u0107aji na svjetskom tr\u017ei\u0161tu energenata mogli izazvati lan\u010danu reakciju i dodatni pritisak na cijene u Bosni i Hercegovini.<\/p>\n<p data-start=\"1741\" data-end=\"1972\">Mnogi gra\u0111ani, pou\u010deni iskustvima iz ranijih kriza, o\u010digledno \u017eele biti spremni na razli\u010dite scenarije, ali stru\u010dnjaci poru\u010duju da je najva\u017enije zadr\u017eati razumnu kupovinu kako bi se izbjegla nepotrebna gu\u017eva i pritisak na trgovine.<strong>\/Tuzlainfo.ba\/<\/strong><\/p>\n","protected":false},"excerpt":{"rendered":"<p>Pove\u0107ana kupovina osnovnih \u017eivotnih namirnica primije\u0107ena je i u Tuzli nakon vijesti o sukobima na&hellip;<\/p>\n","protected":false},"author":2,"featured_media":296384,"comment_status":"closed","ping_status":"closed","sticky":false,"template":"","format":"standard","meta":{"_acf_changed":false,"footnotes":""},"categories":[304,12,306],"tags":[4955,4293],"acf":[],"yoast_head":"<!-- This site is optimized with the Yoast SEO plugin v23.5 - https:\/\/yoast.com\/wordpress\/plugins\/seo\/ -->\n<title>Nema razloga za paniku, ali...: Sa polica marketa u Tuzli nestaju osnovne \u017eivotne namirnice - TuzlaInfo.ba<\/title>\n<meta name=\"robots\" content=\"index, follow, max-snippet:-1, max-image-preview:large, max-video-preview:-1\" \/>\n<link rel=\"canonical\" href=\"https:\/\/tuzlainfo.ba\/index.php\/novosti\/item\/296380-nema-razloga-za-paniku-ali-sa-polica-marketa-u-tuzli-nestaju-osnovne-zivotne-namirnice\/\" \/>\n<meta property=\"og:locale\" content=\"bs_BA\" \/>\n<meta property=\"og:type\" content=\"article\" \/>\n<meta property=\"og:title\" content=\"Nema razloga za paniku, ali...: Sa polica marketa u Tuzli nestaju osnovne \u017eivotne namirnice - TuzlaInfo.ba\" \/>\n<meta property=\"og:description\" content=\"Pove\u0107ana kupovina osnovnih \u017eivotnih namirnica primije\u0107ena je i u Tuzli nakon vijesti o sukobima na&hellip;\" \/>\n<meta property=\"og:url\" content=\"https:\/\/tuzlainfo.ba\/index.php\/novosti\/item\/296380-nema-razloga-za-paniku-ali-sa-polica-marketa-u-tuzli-nestaju-osnovne-zivotne-namirnice\/\" \/>\n<meta property=\"og:site_name\" content=\"TuzlaInfo.ba\" \/>\n<meta property=\"article:publisher\" content=\"https:\/\/www.facebook.com\/tuzlainfo.ba\/\" \/>\n<meta property=\"article:published_time\" content=\"2026-03-05T07:50:36+00:00\" \/>\n<meta property=\"article:modified_time\" content=\"2026-03-05T19:34:40+00:00\" \/>\n<meta property=\"og:image\" content=\"https:\/\/tuzlainfo.ba\/wp-content\/uploads\/2026\/03\/0503_nestasica_marketi.jpg\" \/>\n\t<meta property=\"og:image:width\" content=\"1000\" \/>\n\t<meta property=\"og:image:height\" content=\"564\" \/>\n\t<meta property=\"og:image:type\" content=\"image\/jpeg\" \/>\n<meta name=\"author\" content=\"nedim\" \/>\n<meta name=\"twitter:card\" content=\"summary_large_image\" \/>\n<meta name=\"twitter:label1\" content=\"Written by\" \/>\n\t<meta name=\"twitter:data1\" content=\"nedim\" \/>\n\t<meta name=\"twitter:label2\" content=\"Est. reading time\" \/>\n\t<meta name=\"twitter:data2\" content=\"2 minute\" \/>\n<script type=\"application\/ld+json\" class=\"yoast-schema-graph\">{\"@context\":\"https:\/\/schema.org\",\"@graph\":[{\"@type\":\"Article\",\"@id\":\"https:\/\/tuzlainfo.ba\/index.php\/novosti\/item\/296380-nema-razloga-za-paniku-ali-sa-polica-marketa-u-tuzli-nestaju-osnovne-zivotne-namirnice\/#article\",\"isPartOf\":{\"@id\":\"https:\/\/tuzlainfo.ba\/index.php\/novosti\/item\/296380-nema-razloga-za-paniku-ali-sa-polica-marketa-u-tuzli-nestaju-osnovne-zivotne-namirnice\/\"},\"author\":{\"name\":\"nedim\",\"@id\":\"https:\/\/tuzlainfo.ba\/#\/schema\/person\/f434e20dc27ea133923aab08451b7f7f\"},\"headline\":\"Nema razloga za paniku, ali&#8230;: Sa polica marketa u Tuzli nestaju osnovne \u017eivotne namirnice\",\"datePublished\":\"2026-03-05T07:50:36+00:00\",\"dateModified\":\"2026-03-05T19:34:40+00:00\",\"mainEntityOfPage\":{\"@id\":\"https:\/\/tuzlainfo.ba\/index.php\/novosti\/item\/296380-nema-razloga-za-paniku-ali-sa-polica-marketa-u-tuzli-nestaju-osnovne-zivotne-namirnice\/\"},\"wordCount\":358,\"publisher\":{\"@id\":\"https:\/\/tuzlainfo.ba\/#organization\"},\"image\":{\"@id\":\"https:\/\/tuzlainfo.ba\/index.php\/novosti\/item\/296380-nema-razloga-za-paniku-ali-sa-polica-marketa-u-tuzli-nestaju-osnovne-zivotne-namirnice\/#primaryimage\"},\"thumbnailUrl\":\"https:\/\/tuzlainfo.ba\/wp-content\/uploads\/2026\/03\/0503_nestasica_marketi.jpg\",\"keywords\":[\"nesta\u0161ica\",\"osnovne \u017eivotne namirnice\"],\"articleSection\":[\"Istaknuto\",\"Novosti\",\"Preporu\u010dujemo\"],\"inLanguage\":\"bs-BA\"},{\"@type\":\"WebPage\",\"@id\":\"https:\/\/tuzlainfo.ba\/index.php\/novosti\/item\/296380-nema-razloga-za-paniku-ali-sa-polica-marketa-u-tuzli-nestaju-osnovne-zivotne-namirnice\/\",\"url\":\"https:\/\/tuzlainfo.ba\/index.php\/novosti\/item\/296380-nema-razloga-za-paniku-ali-sa-polica-marketa-u-tuzli-nestaju-osnovne-zivotne-namirnice\/\",\"name\":\"Nema razloga za paniku, ali...: Sa polica marketa u Tuzli nestaju osnovne \u017eivotne namirnice - TuzlaInfo.ba\",\"isPartOf\":{\"@id\":\"https:\/\/tuzlainfo.ba\/#website\"},\"primaryImageOfPage\":{\"@id\":\"https:\/\/tuzlainfo.ba\/index.php\/novosti\/item\/296380-nema-razloga-za-paniku-ali-sa-polica-marketa-u-tuzli-nestaju-osnovne-zivotne-namirnice\/#primaryimage\"},\"image\":{\"@id\":\"https:\/\/tuzlainfo.ba\/index.php\/novosti\/item\/296380-nema-razloga-za-paniku-ali-sa-polica-marketa-u-tuzli-nestaju-osnovne-zivotne-namirnice\/#primaryimage\"},\"thumbnailUrl\":\"https:\/\/tuzlainfo.ba\/wp-content\/uploads\/2026\/03\/0503_nestasica_marketi.jpg\",\"datePublished\":\"2026-03-05T07:50:36+00:00\",\"dateModified\":\"2026-03-05T19:34:40+00:00\",\"breadcrumb\":{\"@id\":\"https:\/\/tuzlainfo.ba\/index.php\/novosti\/item\/296380-nema-razloga-za-paniku-ali-sa-polica-marketa-u-tuzli-nestaju-osnovne-zivotne-namirnice\/#breadcrumb\"},\"inLanguage\":\"bs-BA\",\"potentialAction\":[{\"@type\":\"ReadAction\",\"target\":[\"https:\/\/tuzlainfo.ba\/index.php\/novosti\/item\/296380-nema-razloga-za-paniku-ali-sa-polica-marketa-u-tuzli-nestaju-osnovne-zivotne-namirnice\/\"]}]},{\"@type\":\"ImageObject\",\"inLanguage\":\"bs-BA\",\"@id\":\"https:\/\/tuzlainfo.ba\/index.php\/novosti\/item\/296380-nema-razloga-za-paniku-ali-sa-polica-marketa-u-tuzli-nestaju-osnovne-zivotne-namirnice\/#primaryimage\",\"url\":\"https:\/\/tuzlainfo.ba\/wp-content\/uploads\/2026\/03\/0503_nestasica_marketi.jpg\",\"contentUrl\":\"https:\/\/tuzlainfo.ba\/wp-content\/uploads\/2026\/03\/0503_nestasica_marketi.jpg\",\"width\":1000,\"height\":564},{\"@type\":\"BreadcrumbList\",\"@id\":\"https:\/\/tuzlainfo.ba\/index.php\/novosti\/item\/296380-nema-razloga-za-paniku-ali-sa-polica-marketa-u-tuzli-nestaju-osnovne-zivotne-namirnice\/#breadcrumb\",\"itemListElement\":[{\"@type\":\"ListItem\",\"position\":1,\"name\":\"Home\",\"item\":\"https:\/\/tuzlainfo.ba\/\"},{\"@type\":\"ListItem\",\"position\":2,\"name\":\"Nema razloga za paniku, ali&#8230;: Sa polica marketa u Tuzli nestaju osnovne \u017eivotne namirnice\"}]},{\"@type\":\"WebSite\",\"@id\":\"https:\/\/tuzlainfo.ba\/#website\",\"url\":\"https:\/\/tuzlainfo.ba\/\",\"name\":\"TuzlaInfo.ba\",\"description\":\"Tuzla info, gradski informator - Tuzla na dlanu\",\"publisher\":{\"@id\":\"https:\/\/tuzlainfo.ba\/#organization\"},\"potentialAction\":[{\"@type\":\"SearchAction\",\"target\":{\"@type\":\"EntryPoint\",\"urlTemplate\":\"https:\/\/tuzlainfo.ba\/?s={search_term_string}\"},\"query-input\":{\"@type\":\"PropertyValueSpecification\",\"valueRequired\":true,\"valueName\":\"search_term_string\"}}],\"inLanguage\":\"bs-BA\"},{\"@type\":\"Organization\",\"@id\":\"https:\/\/tuzlainfo.ba\/#organization\",\"name\":\"TuzlaInfo.ba\",\"url\":\"https:\/\/tuzlainfo.ba\/\",\"logo\":{\"@type\":\"ImageObject\",\"inLanguage\":\"bs-BA\",\"@id\":\"https:\/\/tuzlainfo.ba\/#\/schema\/logo\/image\/\",\"url\":\"https:\/\/tuzlainfo.ba\/wp-content\/uploads\/2021\/03\/logo-ver-3-1.png\",\"contentUrl\":\"https:\/\/tuzlainfo.ba\/wp-content\/uploads\/2021\/03\/logo-ver-3-1.png\",\"width\":350,\"height\":95,\"caption\":\"TuzlaInfo.ba\"},\"image\":{\"@id\":\"https:\/\/tuzlainfo.ba\/#\/schema\/logo\/image\/\"},\"sameAs\":[\"https:\/\/www.facebook.com\/tuzlainfo.ba\/\"]},{\"@type\":\"Person\",\"@id\":\"https:\/\/tuzlainfo.ba\/#\/schema\/person\/f434e20dc27ea133923aab08451b7f7f\",\"name\":\"nedim\",\"image\":{\"@type\":\"ImageObject\",\"inLanguage\":\"bs-BA\",\"@id\":\"https:\/\/tuzlainfo.ba\/#\/schema\/person\/image\/\",\"url\":\"https:\/\/tuzlainfo.ba\/wp-content\/litespeed\/avatar\/aabad687af24844af817603ac1cbdc4f.jpg?ver=1777306975\",\"contentUrl\":\"https:\/\/tuzlainfo.ba\/wp-content\/litespeed\/avatar\/aabad687af24844af817603ac1cbdc4f.jpg?ver=1777306975\",\"caption\":\"nedim\"},\"description\":\"Tuzlainfo.ba pratite na dru\u0161tvenim mre\u017eama: Facebook, Instagram i Youtube. Svoje pri\u010de, upite i fotografije \u0161aljite na na\u0161u e-mail adresu.\"}]}<\/script>\n<!-- \/ Yoast SEO plugin. -->","yoast_head_json":{"title":"Nema razloga za paniku, ali...: Sa polica marketa u Tuzli nestaju osnovne \u017eivotne namirnice - TuzlaInfo.ba","robots":{"index":"index","follow":"follow","max-snippet":"max-snippet:-1","max-image-preview":"max-image-preview:large","max-video-preview":"max-video-preview:-1"},"canonical":"https:\/\/tuzlainfo.ba\/index.php\/novosti\/item\/296380-nema-razloga-za-paniku-ali-sa-polica-marketa-u-tuzli-nestaju-osnovne-zivotne-namirnice\/","og_locale":"bs_BA","og_type":"article","og_title":"Nema razloga za paniku, ali...: Sa polica marketa u Tuzli nestaju osnovne \u017eivotne namirnice - TuzlaInfo.ba","og_description":"Pove\u0107ana kupovina osnovnih \u017eivotnih namirnica primije\u0107ena je i u Tuzli nakon vijesti o sukobima na&hellip;","og_url":"https:\/\/tuzlainfo.ba\/index.php\/novosti\/item\/296380-nema-razloga-za-paniku-ali-sa-polica-marketa-u-tuzli-nestaju-osnovne-zivotne-namirnice\/","og_site_name":"TuzlaInfo.ba","article_publisher":"https:\/\/www.facebook.com\/tuzlainfo.ba\/","article_published_time":"2026-03-05T07:50:36+00:00","article_modified_time":"2026-03-05T19:34:40+00:00","og_image":[{"width":1000,"height":564,"url":"https:\/\/tuzlainfo.ba\/wp-content\/uploads\/2026\/03\/0503_nestasica_marketi.jpg","type":"image\/jpeg"}],"author":"nedim","twitter_card":"summary_large_image","twitter_misc":{"Written by":"nedim","Est. reading time":"2 minute"},"schema":{"@context":"https:\/\/schema.org","@graph":[{"@type":"Article","@id":"https:\/\/tuzlainfo.ba\/index.php\/novosti\/item\/296380-nema-razloga-za-paniku-ali-sa-polica-marketa-u-tuzli-nestaju-osnovne-zivotne-namirnice\/#article","isPartOf":{"@id":"https:\/\/tuzlainfo.ba\/index.php\/novosti\/item\/296380-nema-razloga-za-paniku-ali-sa-polica-marketa-u-tuzli-nestaju-osnovne-zivotne-namirnice\/"},"author":{"name":"nedim","@id":"https:\/\/tuzlainfo.ba\/#\/schema\/person\/f434e20dc27ea133923aab08451b7f7f"},"headline":"Nema razloga za paniku, ali&#8230;: Sa polica marketa u Tuzli nestaju osnovne \u017eivotne namirnice","datePublished":"2026-03-05T07:50:36+00:00","dateModified":"2026-03-05T19:34:40+00:00","mainEntityOfPage":{"@id":"https:\/\/tuzlainfo.ba\/index.php\/novosti\/item\/296380-nema-razloga-za-paniku-ali-sa-polica-marketa-u-tuzli-nestaju-osnovne-zivotne-namirnice\/"},"wordCount":358,"publisher":{"@id":"https:\/\/tuzlainfo.ba\/#organization"},"image":{"@id":"https:\/\/tuzlainfo.ba\/index.php\/novosti\/item\/296380-nema-razloga-za-paniku-ali-sa-polica-marketa-u-tuzli-nestaju-osnovne-zivotne-namirnice\/#primaryimage"},"thumbnailUrl":"https:\/\/tuzlainfo.ba\/wp-content\/uploads\/2026\/03\/0503_nestasica_marketi.jpg","keywords":["nesta\u0161ica","osnovne \u017eivotne namirnice"],"articleSection":["Istaknuto","Novosti","Preporu\u010dujemo"],"inLanguage":"bs-BA"},{"@type":"WebPage","@id":"https:\/\/tuzlainfo.ba\/index.php\/novosti\/item\/296380-nema-razloga-za-paniku-ali-sa-polica-marketa-u-tuzli-nestaju-osnovne-zivotne-namirnice\/","url":"https:\/\/tuzlainfo.ba\/index.php\/novosti\/item\/296380-nema-razloga-za-paniku-ali-sa-polica-marketa-u-tuzli-nestaju-osnovne-zivotne-namirnice\/","name":"Nema razloga za paniku, ali...: Sa polica marketa u Tuzli nestaju osnovne \u017eivotne namirnice - TuzlaInfo.ba","isPartOf":{"@id":"https:\/\/tuzlainfo.ba\/#website"},"primaryImageOfPage":{"@id":"https:\/\/tuzlainfo.ba\/index.php\/novosti\/item\/296380-nema-razloga-za-paniku-ali-sa-polica-marketa-u-tuzli-nestaju-osnovne-zivotne-namirnice\/#primaryimage"},"image":{"@id":"https:\/\/tuzlainfo.ba\/index.php\/novosti\/item\/296380-nema-razloga-za-paniku-ali-sa-polica-marketa-u-tuzli-nestaju-osnovne-zivotne-namirnice\/#primaryimage"},"thumbnailUrl":"https:\/\/tuzlainfo.ba\/wp-content\/uploads\/2026\/03\/0503_nestasica_marketi.jpg","datePublished":"2026-03-05T07:50:36+00:00","dateModified":"2026-03-05T19:34:40+00:00","breadcrumb":{"@id":"https:\/\/tuzlainfo.ba\/index.php\/novosti\/item\/296380-nema-razloga-za-paniku-ali-sa-polica-marketa-u-tuzli-nestaju-osnovne-zivotne-namirnice\/#breadcrumb"},"inLanguage":"bs-BA","potentialAction":[{"@type":"ReadAction","target":["https:\/\/tuzlainfo.ba\/index.php\/novosti\/item\/296380-nema-razloga-za-paniku-ali-sa-polica-marketa-u-tuzli-nestaju-osnovne-zivotne-namirnice\/"]}]},{"@type":"ImageObject","inLanguage":"bs-BA","@id":"https:\/\/tuzlainfo.ba\/index.php\/novosti\/item\/296380-nema-razloga-za-paniku-ali-sa-polica-marketa-u-tuzli-nestaju-osnovne-zivotne-namirnice\/#primaryimage","url":"https:\/\/tuzlainfo.ba\/wp-content\/uploads\/2026\/03\/0503_nestasica_marketi.jpg","contentUrl":"https:\/\/tuzlainfo.ba\/wp-content\/uploads\/2026\/03\/0503_nestasica_marketi.jpg","width":1000,"height":564},{"@type":"BreadcrumbList","@id":"https:\/\/tuzlainfo.ba\/index.php\/novosti\/item\/296380-nema-razloga-za-paniku-ali-sa-polica-marketa-u-tuzli-nestaju-osnovne-zivotne-namirnice\/#breadcrumb","itemListElement":[{"@type":"ListItem","position":1,"name":"Home","item":"https:\/\/tuzlainfo.ba\/"},{"@type":"ListItem","position":2,"name":"Nema razloga za paniku, ali&#8230;: Sa polica marketa u Tuzli nestaju osnovne \u017eivotne namirnice"}]},{"@type":"WebSite","@id":"https:\/\/tuzlainfo.ba\/#website","url":"https:\/\/tuzlainfo.ba\/","name":"TuzlaInfo.ba","description":"Tuzla info, gradski informator - Tuzla na dlanu","publisher":{"@id":"https:\/\/tuzlainfo.ba\/#organization"},"potentialAction":[{"@type":"SearchAction","target":{"@type":"EntryPoint","urlTemplate":"https:\/\/tuzlainfo.ba\/?s={search_term_string}"},"query-input":{"@type":"PropertyValueSpecification","valueRequired":true,"valueName":"search_term_string"}}],"inLanguage":"bs-BA"},{"@type":"Organization","@id":"https:\/\/tuzlainfo.ba\/#organization","name":"TuzlaInfo.ba","url":"https:\/\/tuzlainfo.ba\/","logo":{"@type":"ImageObject","inLanguage":"bs-BA","@id":"https:\/\/tuzlainfo.ba\/#\/schema\/logo\/image\/","url":"https:\/\/tuzlainfo.ba\/wp-content\/uploads\/2021\/03\/logo-ver-3-1.png","contentUrl":"https:\/\/tuzlainfo.ba\/wp-content\/uploads\/2021\/03\/logo-ver-3-1.png","width":350,"height":95,"caption":"TuzlaInfo.ba"},"image":{"@id":"https:\/\/tuzlainfo.ba\/#\/schema\/logo\/image\/"},"sameAs":["https:\/\/www.facebook.com\/tuzlainfo.ba\/"]},{"@type":"Person","@id":"https:\/\/tuzlainfo.ba\/#\/schema\/person\/f434e20dc27ea133923aab08451b7f7f","name":"nedim","image":{"@type":"ImageObject","inLanguage":"bs-BA","@id":"https:\/\/tuzlainfo.ba\/#\/schema\/person\/image\/","url":"https:\/\/tuzlainfo.ba\/wp-content\/litespeed\/avatar\/aabad687af24844af817603ac1cbdc4f.jpg?ver=1777306975","contentUrl":"https:\/\/tuzlainfo.ba\/wp-content\/litespeed\/avatar\/aabad687af24844af817603ac1cbdc4f.jpg?ver=1777306975","caption":"nedim"},"description":"Tuzlainfo.ba pratite na dru\u0161tvenim mre\u017eama: Facebook, Instagram i Youtube. Svoje pri\u010de, upite i fotografije \u0161aljite na na\u0161u e-mail adresu."}]}},"_links":{"self":[{"href":"https:\/\/tuzlainfo.ba\/index.php\/wp-json\/wp\/v2\/posts\/296380"}],"collection":[{"href":"https:\/\/tuzlainfo.ba\/index.php\/wp-json\/wp\/v2\/posts"}],"about":[{"href":"https:\/\/tuzlainfo.ba\/index.php\/wp-json\/wp\/v2\/types\/post"}],"author":[{"embeddable":true,"href":"https:\/\/tuzlainfo.ba\/index.php\/wp-json\/wp\/v2\/users\/2"}],"replies":[{"embeddable":true,"href":"https:\/\/tuzlainfo.ba\/index.php\/wp-json\/wp\/v2\/comments?post=296380"}],"version-history":[{"count":1,"href":"https:\/\/tuzlainfo.ba\/index.php\/wp-json\/wp\/v2\/posts\/296380\/revisions"}],"predecessor-version":[{"id":296385,"href":"https:\/\/tuzlainfo.ba\/index.php\/wp-json\/wp\/v2\/posts\/296380\/revisions\/296385"}],"wp:featuredmedia":[{"embeddable":true,"href":"https:\/\/tuzlainfo.ba\/index.php\/wp-json\/wp\/v2\/media\/296384"}],"wp:attachment":[{"href":"https:\/\/tuzlainfo.ba\/index.php\/wp-json\/wp\/v2\/media?parent=296380"}],"wp:term":[{"taxonomy":"category","embeddable":true,"href":"https:\/\/tuzlainfo.ba\/index.php\/wp-json\/wp\/v2\/categories?post=296380"},{"taxonomy":"post_tag","embeddable":true,"href":"https:\/\/tuzlainfo.ba\/index.php\/wp-json\/wp\/v2\/tags?post=296380"}],"curies":[{"name":"wp","href":"https:\/\/api.w.org\/{rel}","templated":true}]}}