{"id":296368,"date":"2026-03-05T11:01:18","date_gmt":"2026-03-05T10:01:18","guid":{"rendered":"https:\/\/tuzlainfo.ba\/?p=296368"},"modified":"2026-03-05T09:27:30","modified_gmt":"2026-03-05T08:27:30","slug":"koliko-su-tacni-radari-u-bih-objavljeni-detalji-o-provjerama-i-dozvoljenoj-gresci","status":"publish","type":"post","link":"https:\/\/tuzlainfo.ba\/index.php\/bosna-i-hercegovina\/item\/296368-koliko-su-tacni-radari-u-bih-objavljeni-detalji-o-provjerama-i-dozvoljenoj-gresci\/","title":{"rendered":"Koliko su ta\u010dni radari u BiH: Objavljeni detalji o provjerama i dozvoljenoj gre\u0161ci"},"content":{"rendered":"<p data-start=\"0\" data-end=\"287\">Nakon brojnih upita voza\u010da o ta\u010dnosti stacionarnih radara i na\u010dinu mjerenja brzine u Bosni i Hercegovini, nezavisni zastupnik u Predstavni\u010dkom domu Parlamenta Federacije Bosne i Hercegovine <strong>Admir \u010cavali\u0107<\/strong> zatra\u017eio je zvani\u010dne informacije od Instituta za mjeriteljstvo Bosne i Hercegovine.<\/p>\n<p data-start=\"289\" data-end=\"476\">U odgovoru koji je dostavljen Parlamentu Federacije Bosne i Hercegovine poja\u0161njeno je kako funkcioni\u0161e sistem kontrole i verifikacije stacionarnih ure\u0111aja za mjerenje brzine u saobra\u0107aju.<\/p>\n<p data-start=\"478\" data-end=\"781\">Prema informacijama Instituta za mjeriteljstvo Bosne i Hercegovine, periodi\u010dnu verifikaciju stacionarnih radara na podru\u010dju Federacije Bosne i Hercegovine obavlja laboratorija za verifikaciju mjerila brzine kompanije MIBO Komunikacije d.o.o. Sarajevo, koja je za taj posao imenovana od strane Instituta.<\/p>\n<h3 data-start=\"478\" data-end=\"781\"><strong>Obavezna verifikacija<\/strong><\/h3>\n<p data-start=\"783\" data-end=\"932\">U skladu s va\u017ee\u0107om naredbom o mjerilima u zakonskom mjeriteljstvu, svi ure\u0111aji za mjerenje brzine moraju pro\u0107i obaveznu verifikaciju jednom godi\u0161nje.<\/p>\n<p data-start=\"934\" data-end=\"1093\">Laboratorija koja vr\u0161i provjere akreditirana je prema me\u0111unarodnom standardu BAS EN ISO 17020, koji se odnosi na kompetentnost tijela za obavljanje inspekcija.<\/p>\n<p data-start=\"1095\" data-end=\"1485\">Iz Instituta navode da svi ure\u0111aji za mjerenje brzine koji se koriste u Bosni i Hercegovini predstavljaju tehni\u010dke proizvode renomiranih evropskih i svjetskih proizvo\u0111a\u010da. Prije nego \u0161to budu stavljeni u upotrebu, radari moraju pro\u0107i proceduru ispitivanja i odobrenja tipa mjerila, koju provodi Institut za mjeriteljstvo Bosne i Hercegovine. Tek nakon toga mogu biti kori\u0161teni u saobra\u0107aju.<\/p>\n<p data-start=\"1487\" data-end=\"1537\">Institut vodi i registar odobrenih tipova mjerila.<\/p>\n<p data-start=\"1539\" data-end=\"1731\">Prema propisima koji va\u017ee u Federaciji Bosne i Hercegovine, maksimalno dozvoljena gre\u0161ka kod radara za mjerenje brzine iznosi \u00b13 posto od izmjerene vrijednosti, uz dodatak \u00b11 kilometar na sat.<\/p>\n<h3 data-start=\"1539\" data-end=\"1731\">Ganice dozvoljene gre\u0161ke<\/h3>\n<p data-start=\"1733\" data-end=\"1871\">Tokom verifikacije provjerava se da li ure\u0111aj radi u granicama dozvoljene gre\u0161ke i da li zadovoljava sve tehni\u010dke i mjeriteljske zahtjeve.<\/p>\n<p data-start=\"1873\" data-end=\"2123\">Proces verifikacije mo\u017ee se obavljati u laboratoriji ili direktno na terenu, u zavisnosti od tipa radara. Nakon provjere izdaje se zvani\u010dni izvje\u0161taj o kontroli, a ure\u0111aji koji ne zadovolje propisane kriterije ne mogu se koristiti za mjerenje brzine.<\/p>\n<p data-start=\"1873\" data-end=\"2123\"><img fetchpriority=\"high\" decoding=\"async\" class=\"alignnone size-full wp-image-219968\" src=\"https:\/\/tuzlainfo.ba\/wp-content\/uploads\/2023\/10\/1610_radar.jpg\" alt=\"\" width=\"1024\" height=\"601\" srcset=\"https:\/\/tuzlainfo.ba\/wp-content\/uploads\/2023\/10\/1610_radar.jpg 1024w, https:\/\/tuzlainfo.ba\/wp-content\/uploads\/2023\/10\/1610_radar-300x176.jpg 300w, https:\/\/tuzlainfo.ba\/wp-content\/uploads\/2023\/10\/1610_radar-768x451.jpg 768w, https:\/\/tuzlainfo.ba\/wp-content\/uploads\/2023\/10\/1610_radar-585x343.jpg 585w, https:\/\/tuzlainfo.ba\/wp-content\/uploads\/2023\/10\/1610_radar-150x88.jpg 150w, https:\/\/tuzlainfo.ba\/wp-content\/uploads\/2023\/10\/1610_radar-500x293.jpg 500w\" sizes=\"(max-width: 1024px) 100vw, 1024px\" \/><\/p>\n<p data-start=\"2125\" data-end=\"2389\">Iz Instituta poja\u0161njavaju da su vlasnici radara, odnosno ministarstva unutra\u0161njih poslova, du\u017eni pratiti njihov rad u praksi. Ukoliko se primijete nepravilnosti u mjerenju brzine, mo\u017ee se zatra\u017eiti i vanredna verifikacija prije isteka redovnog jednogodi\u0161njeg roka.<\/p>\n<p data-start=\"2391\" data-end=\"2517\">Centralnu evidenciju o izvr\u0161enim provjerama vode laboratorija za verifikaciju i Institut za mjeriteljstvo Bosne i Hercegovine.<\/p>\n<p data-start=\"2519\" data-end=\"2772\">Zastupnik Admir \u010cavali\u0107 ranije je naveo da su mu se brojni voza\u010di obra\u0107ali s pitanjima o pouzdanosti stacionarnih radara, zbog \u010dega je pokrenuo zastupni\u010dko pitanje kako bi javnost dobila precizne i zvani\u010dne informacije o na\u010dinu njihovog rada i kontrole.<strong>\/Tuzlainfo.ba\/<\/strong><\/p>\n","protected":false},"excerpt":{"rendered":"<p>Nakon brojnih upita voza\u010da o ta\u010dnosti stacionarnih radara i na\u010dinu mjerenja brzine u Bosni i&hellip;<\/p>\n","protected":false},"author":2,"featured_media":288858,"comment_status":"closed","ping_status":"closed","sticky":false,"template":"","format":"standard","meta":{"_acf_changed":false,"footnotes":""},"categories":[291,304],"tags":[13567,4577],"acf":[],"yoast_head":"<!-- This site is optimized with the Yoast SEO plugin v23.5 - https:\/\/yoast.com\/wordpress\/plugins\/seo\/ -->\n<title>Koliko su ta\u010dni radari u BiH: Objavljeni detalji o provjerama i dozvoljenoj gre\u0161ci - TuzlaInfo.ba<\/title>\n<meta name=\"robots\" content=\"index, follow, max-snippet:-1, max-image-preview:large, max-video-preview:-1\" \/>\n<link rel=\"canonical\" href=\"https:\/\/tuzlainfo.ba\/index.php\/bosna-i-hercegovina\/item\/296368-koliko-su-tacni-radari-u-bih-objavljeni-detalji-o-provjerama-i-dozvoljenoj-gresci\/\" \/>\n<meta property=\"og:locale\" content=\"bs_BA\" \/>\n<meta property=\"og:type\" content=\"article\" \/>\n<meta property=\"og:title\" content=\"Koliko su ta\u010dni radari u BiH: Objavljeni detalji o provjerama i dozvoljenoj gre\u0161ci - TuzlaInfo.ba\" \/>\n<meta property=\"og:description\" content=\"Nakon brojnih upita voza\u010da o ta\u010dnosti stacionarnih radara i na\u010dinu mjerenja brzine u Bosni i&hellip;\" \/>\n<meta property=\"og:url\" content=\"https:\/\/tuzlainfo.ba\/index.php\/bosna-i-hercegovina\/item\/296368-koliko-su-tacni-radari-u-bih-objavljeni-detalji-o-provjerama-i-dozvoljenoj-gresci\/\" \/>\n<meta property=\"og:site_name\" content=\"TuzlaInfo.ba\" \/>\n<meta property=\"article:publisher\" content=\"https:\/\/www.facebook.com\/tuzlainfo.ba\/\" \/>\n<meta property=\"article:published_time\" content=\"2026-03-05T10:01:18+00:00\" \/>\n<meta property=\"article:modified_time\" content=\"2026-03-05T08:27:30+00:00\" \/>\n<meta property=\"og:image\" content=\"https:\/\/tuzlainfo.ba\/wp-content\/uploads\/2025\/12\/1012_radar.jpg\" \/>\n\t<meta property=\"og:image:width\" content=\"977\" \/>\n\t<meta property=\"og:image:height\" content=\"621\" \/>\n\t<meta property=\"og:image:type\" content=\"image\/jpeg\" \/>\n<meta name=\"author\" content=\"nedim\" \/>\n<meta name=\"twitter:card\" content=\"summary_large_image\" \/>\n<meta name=\"twitter:label1\" content=\"Written by\" \/>\n\t<meta name=\"twitter:data1\" content=\"nedim\" \/>\n\t<meta name=\"twitter:label2\" content=\"Est. reading time\" \/>\n\t<meta name=\"twitter:data2\" content=\"3 minute\" \/>\n<script type=\"application\/ld+json\" class=\"yoast-schema-graph\">{\"@context\":\"https:\/\/schema.org\",\"@graph\":[{\"@type\":\"Article\",\"@id\":\"https:\/\/tuzlainfo.ba\/index.php\/bosna-i-hercegovina\/item\/296368-koliko-su-tacni-radari-u-bih-objavljeni-detalji-o-provjerama-i-dozvoljenoj-gresci\/#article\",\"isPartOf\":{\"@id\":\"https:\/\/tuzlainfo.ba\/index.php\/bosna-i-hercegovina\/item\/296368-koliko-su-tacni-radari-u-bih-objavljeni-detalji-o-provjerama-i-dozvoljenoj-gresci\/\"},\"author\":{\"name\":\"nedim\",\"@id\":\"https:\/\/tuzlainfo.ba\/#\/schema\/person\/f434e20dc27ea133923aab08451b7f7f\"},\"headline\":\"Koliko su ta\u010dni radari u BiH: Objavljeni detalji o provjerama i dozvoljenoj gre\u0161ci\",\"datePublished\":\"2026-03-05T10:01:18+00:00\",\"dateModified\":\"2026-03-05T08:27:30+00:00\",\"mainEntityOfPage\":{\"@id\":\"https:\/\/tuzlainfo.ba\/index.php\/bosna-i-hercegovina\/item\/296368-koliko-su-tacni-radari-u-bih-objavljeni-detalji-o-provjerama-i-dozvoljenoj-gresci\/\"},\"wordCount\":455,\"publisher\":{\"@id\":\"https:\/\/tuzlainfo.ba\/#organization\"},\"image\":{\"@id\":\"https:\/\/tuzlainfo.ba\/index.php\/bosna-i-hercegovina\/item\/296368-koliko-su-tacni-radari-u-bih-objavljeni-detalji-o-provjerama-i-dozvoljenoj-gresci\/#primaryimage\"},\"thumbnailUrl\":\"https:\/\/tuzlainfo.ba\/wp-content\/uploads\/2025\/12\/1012_radar.jpg\",\"keywords\":[\"kontrola brzine\",\"Radar\"],\"articleSection\":[\"Bosna i Hercegovina\",\"Istaknuto\"],\"inLanguage\":\"bs-BA\"},{\"@type\":\"WebPage\",\"@id\":\"https:\/\/tuzlainfo.ba\/index.php\/bosna-i-hercegovina\/item\/296368-koliko-su-tacni-radari-u-bih-objavljeni-detalji-o-provjerama-i-dozvoljenoj-gresci\/\",\"url\":\"https:\/\/tuzlainfo.ba\/index.php\/bosna-i-hercegovina\/item\/296368-koliko-su-tacni-radari-u-bih-objavljeni-detalji-o-provjerama-i-dozvoljenoj-gresci\/\",\"name\":\"Koliko su ta\u010dni radari u BiH: Objavljeni detalji o provjerama i dozvoljenoj gre\u0161ci - TuzlaInfo.ba\",\"isPartOf\":{\"@id\":\"https:\/\/tuzlainfo.ba\/#website\"},\"primaryImageOfPage\":{\"@id\":\"https:\/\/tuzlainfo.ba\/index.php\/bosna-i-hercegovina\/item\/296368-koliko-su-tacni-radari-u-bih-objavljeni-detalji-o-provjerama-i-dozvoljenoj-gresci\/#primaryimage\"},\"image\":{\"@id\":\"https:\/\/tuzlainfo.ba\/index.php\/bosna-i-hercegovina\/item\/296368-koliko-su-tacni-radari-u-bih-objavljeni-detalji-o-provjerama-i-dozvoljenoj-gresci\/#primaryimage\"},\"thumbnailUrl\":\"https:\/\/tuzlainfo.ba\/wp-content\/uploads\/2025\/12\/1012_radar.jpg\",\"datePublished\":\"2026-03-05T10:01:18+00:00\",\"dateModified\":\"2026-03-05T08:27:30+00:00\",\"breadcrumb\":{\"@id\":\"https:\/\/tuzlainfo.ba\/index.php\/bosna-i-hercegovina\/item\/296368-koliko-su-tacni-radari-u-bih-objavljeni-detalji-o-provjerama-i-dozvoljenoj-gresci\/#breadcrumb\"},\"inLanguage\":\"bs-BA\",\"potentialAction\":[{\"@type\":\"ReadAction\",\"target\":[\"https:\/\/tuzlainfo.ba\/index.php\/bosna-i-hercegovina\/item\/296368-koliko-su-tacni-radari-u-bih-objavljeni-detalji-o-provjerama-i-dozvoljenoj-gresci\/\"]}]},{\"@type\":\"ImageObject\",\"inLanguage\":\"bs-BA\",\"@id\":\"https:\/\/tuzlainfo.ba\/index.php\/bosna-i-hercegovina\/item\/296368-koliko-su-tacni-radari-u-bih-objavljeni-detalji-o-provjerama-i-dozvoljenoj-gresci\/#primaryimage\",\"url\":\"https:\/\/tuzlainfo.ba\/wp-content\/uploads\/2025\/12\/1012_radar.jpg\",\"contentUrl\":\"https:\/\/tuzlainfo.ba\/wp-content\/uploads\/2025\/12\/1012_radar.jpg\",\"width\":977,\"height\":621},{\"@type\":\"BreadcrumbList\",\"@id\":\"https:\/\/tuzlainfo.ba\/index.php\/bosna-i-hercegovina\/item\/296368-koliko-su-tacni-radari-u-bih-objavljeni-detalji-o-provjerama-i-dozvoljenoj-gresci\/#breadcrumb\",\"itemListElement\":[{\"@type\":\"ListItem\",\"position\":1,\"name\":\"Home\",\"item\":\"https:\/\/tuzlainfo.ba\/\"},{\"@type\":\"ListItem\",\"position\":2,\"name\":\"Koliko su ta\u010dni radari u BiH: Objavljeni detalji o provjerama i dozvoljenoj gre\u0161ci\"}]},{\"@type\":\"WebSite\",\"@id\":\"https:\/\/tuzlainfo.ba\/#website\",\"url\":\"https:\/\/tuzlainfo.ba\/\",\"name\":\"TuzlaInfo.ba\",\"description\":\"Tuzla info, gradski informator - Tuzla na dlanu\",\"publisher\":{\"@id\":\"https:\/\/tuzlainfo.ba\/#organization\"},\"potentialAction\":[{\"@type\":\"SearchAction\",\"target\":{\"@type\":\"EntryPoint\",\"urlTemplate\":\"https:\/\/tuzlainfo.ba\/?s={search_term_string}\"},\"query-input\":{\"@type\":\"PropertyValueSpecification\",\"valueRequired\":true,\"valueName\":\"search_term_string\"}}],\"inLanguage\":\"bs-BA\"},{\"@type\":\"Organization\",\"@id\":\"https:\/\/tuzlainfo.ba\/#organization\",\"name\":\"TuzlaInfo.ba\",\"url\":\"https:\/\/tuzlainfo.ba\/\",\"logo\":{\"@type\":\"ImageObject\",\"inLanguage\":\"bs-BA\",\"@id\":\"https:\/\/tuzlainfo.ba\/#\/schema\/logo\/image\/\",\"url\":\"https:\/\/tuzlainfo.ba\/wp-content\/uploads\/2021\/03\/logo-ver-3-1.png\",\"contentUrl\":\"https:\/\/tuzlainfo.ba\/wp-content\/uploads\/2021\/03\/logo-ver-3-1.png\",\"width\":350,\"height\":95,\"caption\":\"TuzlaInfo.ba\"},\"image\":{\"@id\":\"https:\/\/tuzlainfo.ba\/#\/schema\/logo\/image\/\"},\"sameAs\":[\"https:\/\/www.facebook.com\/tuzlainfo.ba\/\"]},{\"@type\":\"Person\",\"@id\":\"https:\/\/tuzlainfo.ba\/#\/schema\/person\/f434e20dc27ea133923aab08451b7f7f\",\"name\":\"nedim\",\"image\":{\"@type\":\"ImageObject\",\"inLanguage\":\"bs-BA\",\"@id\":\"https:\/\/tuzlainfo.ba\/#\/schema\/person\/image\/\",\"url\":\"https:\/\/tuzlainfo.ba\/wp-content\/litespeed\/avatar\/aabad687af24844af817603ac1cbdc4f.jpg?ver=1777306975\",\"contentUrl\":\"https:\/\/tuzlainfo.ba\/wp-content\/litespeed\/avatar\/aabad687af24844af817603ac1cbdc4f.jpg?ver=1777306975\",\"caption\":\"nedim\"},\"description\":\"Tuzlainfo.ba pratite na dru\u0161tvenim mre\u017eama: Facebook, Instagram i Youtube. Svoje pri\u010de, upite i fotografije \u0161aljite na na\u0161u e-mail adresu.\"}]}<\/script>\n<!-- \/ Yoast SEO plugin. -->","yoast_head_json":{"title":"Koliko su ta\u010dni radari u BiH: Objavljeni detalji o provjerama i dozvoljenoj gre\u0161ci - TuzlaInfo.ba","robots":{"index":"index","follow":"follow","max-snippet":"max-snippet:-1","max-image-preview":"max-image-preview:large","max-video-preview":"max-video-preview:-1"},"canonical":"https:\/\/tuzlainfo.ba\/index.php\/bosna-i-hercegovina\/item\/296368-koliko-su-tacni-radari-u-bih-objavljeni-detalji-o-provjerama-i-dozvoljenoj-gresci\/","og_locale":"bs_BA","og_type":"article","og_title":"Koliko su ta\u010dni radari u BiH: Objavljeni detalji o provjerama i dozvoljenoj gre\u0161ci - TuzlaInfo.ba","og_description":"Nakon brojnih upita voza\u010da o ta\u010dnosti stacionarnih radara i na\u010dinu mjerenja brzine u Bosni i&hellip;","og_url":"https:\/\/tuzlainfo.ba\/index.php\/bosna-i-hercegovina\/item\/296368-koliko-su-tacni-radari-u-bih-objavljeni-detalji-o-provjerama-i-dozvoljenoj-gresci\/","og_site_name":"TuzlaInfo.ba","article_publisher":"https:\/\/www.facebook.com\/tuzlainfo.ba\/","article_published_time":"2026-03-05T10:01:18+00:00","article_modified_time":"2026-03-05T08:27:30+00:00","og_image":[{"width":977,"height":621,"url":"https:\/\/tuzlainfo.ba\/wp-content\/uploads\/2025\/12\/1012_radar.jpg","type":"image\/jpeg"}],"author":"nedim","twitter_card":"summary_large_image","twitter_misc":{"Written by":"nedim","Est. reading time":"3 minute"},"schema":{"@context":"https:\/\/schema.org","@graph":[{"@type":"Article","@id":"https:\/\/tuzlainfo.ba\/index.php\/bosna-i-hercegovina\/item\/296368-koliko-su-tacni-radari-u-bih-objavljeni-detalji-o-provjerama-i-dozvoljenoj-gresci\/#article","isPartOf":{"@id":"https:\/\/tuzlainfo.ba\/index.php\/bosna-i-hercegovina\/item\/296368-koliko-su-tacni-radari-u-bih-objavljeni-detalji-o-provjerama-i-dozvoljenoj-gresci\/"},"author":{"name":"nedim","@id":"https:\/\/tuzlainfo.ba\/#\/schema\/person\/f434e20dc27ea133923aab08451b7f7f"},"headline":"Koliko su ta\u010dni radari u BiH: Objavljeni detalji o provjerama i dozvoljenoj gre\u0161ci","datePublished":"2026-03-05T10:01:18+00:00","dateModified":"2026-03-05T08:27:30+00:00","mainEntityOfPage":{"@id":"https:\/\/tuzlainfo.ba\/index.php\/bosna-i-hercegovina\/item\/296368-koliko-su-tacni-radari-u-bih-objavljeni-detalji-o-provjerama-i-dozvoljenoj-gresci\/"},"wordCount":455,"publisher":{"@id":"https:\/\/tuzlainfo.ba\/#organization"},"image":{"@id":"https:\/\/tuzlainfo.ba\/index.php\/bosna-i-hercegovina\/item\/296368-koliko-su-tacni-radari-u-bih-objavljeni-detalji-o-provjerama-i-dozvoljenoj-gresci\/#primaryimage"},"thumbnailUrl":"https:\/\/tuzlainfo.ba\/wp-content\/uploads\/2025\/12\/1012_radar.jpg","keywords":["kontrola brzine","Radar"],"articleSection":["Bosna i Hercegovina","Istaknuto"],"inLanguage":"bs-BA"},{"@type":"WebPage","@id":"https:\/\/tuzlainfo.ba\/index.php\/bosna-i-hercegovina\/item\/296368-koliko-su-tacni-radari-u-bih-objavljeni-detalji-o-provjerama-i-dozvoljenoj-gresci\/","url":"https:\/\/tuzlainfo.ba\/index.php\/bosna-i-hercegovina\/item\/296368-koliko-su-tacni-radari-u-bih-objavljeni-detalji-o-provjerama-i-dozvoljenoj-gresci\/","name":"Koliko su ta\u010dni radari u BiH: Objavljeni detalji o provjerama i dozvoljenoj gre\u0161ci - TuzlaInfo.ba","isPartOf":{"@id":"https:\/\/tuzlainfo.ba\/#website"},"primaryImageOfPage":{"@id":"https:\/\/tuzlainfo.ba\/index.php\/bosna-i-hercegovina\/item\/296368-koliko-su-tacni-radari-u-bih-objavljeni-detalji-o-provjerama-i-dozvoljenoj-gresci\/#primaryimage"},"image":{"@id":"https:\/\/tuzlainfo.ba\/index.php\/bosna-i-hercegovina\/item\/296368-koliko-su-tacni-radari-u-bih-objavljeni-detalji-o-provjerama-i-dozvoljenoj-gresci\/#primaryimage"},"thumbnailUrl":"https:\/\/tuzlainfo.ba\/wp-content\/uploads\/2025\/12\/1012_radar.jpg","datePublished":"2026-03-05T10:01:18+00:00","dateModified":"2026-03-05T08:27:30+00:00","breadcrumb":{"@id":"https:\/\/tuzlainfo.ba\/index.php\/bosna-i-hercegovina\/item\/296368-koliko-su-tacni-radari-u-bih-objavljeni-detalji-o-provjerama-i-dozvoljenoj-gresci\/#breadcrumb"},"inLanguage":"bs-BA","potentialAction":[{"@type":"ReadAction","target":["https:\/\/tuzlainfo.ba\/index.php\/bosna-i-hercegovina\/item\/296368-koliko-su-tacni-radari-u-bih-objavljeni-detalji-o-provjerama-i-dozvoljenoj-gresci\/"]}]},{"@type":"ImageObject","inLanguage":"bs-BA","@id":"https:\/\/tuzlainfo.ba\/index.php\/bosna-i-hercegovina\/item\/296368-koliko-su-tacni-radari-u-bih-objavljeni-detalji-o-provjerama-i-dozvoljenoj-gresci\/#primaryimage","url":"https:\/\/tuzlainfo.ba\/wp-content\/uploads\/2025\/12\/1012_radar.jpg","contentUrl":"https:\/\/tuzlainfo.ba\/wp-content\/uploads\/2025\/12\/1012_radar.jpg","width":977,"height":621},{"@type":"BreadcrumbList","@id":"https:\/\/tuzlainfo.ba\/index.php\/bosna-i-hercegovina\/item\/296368-koliko-su-tacni-radari-u-bih-objavljeni-detalji-o-provjerama-i-dozvoljenoj-gresci\/#breadcrumb","itemListElement":[{"@type":"ListItem","position":1,"name":"Home","item":"https:\/\/tuzlainfo.ba\/"},{"@type":"ListItem","position":2,"name":"Koliko su ta\u010dni radari u BiH: Objavljeni detalji o provjerama i dozvoljenoj gre\u0161ci"}]},{"@type":"WebSite","@id":"https:\/\/tuzlainfo.ba\/#website","url":"https:\/\/tuzlainfo.ba\/","name":"TuzlaInfo.ba","description":"Tuzla info, gradski informator - Tuzla na dlanu","publisher":{"@id":"https:\/\/tuzlainfo.ba\/#organization"},"potentialAction":[{"@type":"SearchAction","target":{"@type":"EntryPoint","urlTemplate":"https:\/\/tuzlainfo.ba\/?s={search_term_string}"},"query-input":{"@type":"PropertyValueSpecification","valueRequired":true,"valueName":"search_term_string"}}],"inLanguage":"bs-BA"},{"@type":"Organization","@id":"https:\/\/tuzlainfo.ba\/#organization","name":"TuzlaInfo.ba","url":"https:\/\/tuzlainfo.ba\/","logo":{"@type":"ImageObject","inLanguage":"bs-BA","@id":"https:\/\/tuzlainfo.ba\/#\/schema\/logo\/image\/","url":"https:\/\/tuzlainfo.ba\/wp-content\/uploads\/2021\/03\/logo-ver-3-1.png","contentUrl":"https:\/\/tuzlainfo.ba\/wp-content\/uploads\/2021\/03\/logo-ver-3-1.png","width":350,"height":95,"caption":"TuzlaInfo.ba"},"image":{"@id":"https:\/\/tuzlainfo.ba\/#\/schema\/logo\/image\/"},"sameAs":["https:\/\/www.facebook.com\/tuzlainfo.ba\/"]},{"@type":"Person","@id":"https:\/\/tuzlainfo.ba\/#\/schema\/person\/f434e20dc27ea133923aab08451b7f7f","name":"nedim","image":{"@type":"ImageObject","inLanguage":"bs-BA","@id":"https:\/\/tuzlainfo.ba\/#\/schema\/person\/image\/","url":"https:\/\/tuzlainfo.ba\/wp-content\/litespeed\/avatar\/aabad687af24844af817603ac1cbdc4f.jpg?ver=1777306975","contentUrl":"https:\/\/tuzlainfo.ba\/wp-content\/litespeed\/avatar\/aabad687af24844af817603ac1cbdc4f.jpg?ver=1777306975","caption":"nedim"},"description":"Tuzlainfo.ba pratite na dru\u0161tvenim mre\u017eama: Facebook, Instagram i Youtube. Svoje pri\u010de, upite i fotografije \u0161aljite na na\u0161u e-mail adresu."}]}},"_links":{"self":[{"href":"https:\/\/tuzlainfo.ba\/index.php\/wp-json\/wp\/v2\/posts\/296368"}],"collection":[{"href":"https:\/\/tuzlainfo.ba\/index.php\/wp-json\/wp\/v2\/posts"}],"about":[{"href":"https:\/\/tuzlainfo.ba\/index.php\/wp-json\/wp\/v2\/types\/post"}],"author":[{"embeddable":true,"href":"https:\/\/tuzlainfo.ba\/index.php\/wp-json\/wp\/v2\/users\/2"}],"replies":[{"embeddable":true,"href":"https:\/\/tuzlainfo.ba\/index.php\/wp-json\/wp\/v2\/comments?post=296368"}],"version-history":[{"count":1,"href":"https:\/\/tuzlainfo.ba\/index.php\/wp-json\/wp\/v2\/posts\/296368\/revisions"}],"predecessor-version":[{"id":296369,"href":"https:\/\/tuzlainfo.ba\/index.php\/wp-json\/wp\/v2\/posts\/296368\/revisions\/296369"}],"wp:featuredmedia":[{"embeddable":true,"href":"https:\/\/tuzlainfo.ba\/index.php\/wp-json\/wp\/v2\/media\/288858"}],"wp:attachment":[{"href":"https:\/\/tuzlainfo.ba\/index.php\/wp-json\/wp\/v2\/media?parent=296368"}],"wp:term":[{"taxonomy":"category","embeddable":true,"href":"https:\/\/tuzlainfo.ba\/index.php\/wp-json\/wp\/v2\/categories?post=296368"},{"taxonomy":"post_tag","embeddable":true,"href":"https:\/\/tuzlainfo.ba\/index.php\/wp-json\/wp\/v2\/tags?post=296368"}],"curies":[{"name":"wp","href":"https:\/\/api.w.org\/{rel}","templated":true}]}}