{"id":296351,"date":"2026-03-04T21:46:11","date_gmt":"2026-03-04T20:46:11","guid":{"rendered":"https:\/\/tuzlainfo.ba\/?p=296351"},"modified":"2026-03-04T21:46:11","modified_gmt":"2026-03-04T20:46:11","slug":"upozorenje-iz-srbije-u-hrvatsku-putujte-samo-u-slucaju-krajnje-potrebe","status":"publish","type":"post","link":"https:\/\/tuzlainfo.ba\/index.php\/clanci\/sa-svih-strana\/item\/296351-upozorenje-iz-srbije-u-hrvatsku-putujte-samo-u-slucaju-krajnje-potrebe\/","title":{"rendered":"Upozorenje iz Srbije: &#8220;U Hrvatsku putujte samo u slu\u010daju krajnje potrebe&#8221;"},"content":{"rendered":"<p data-start=\"0\" data-end=\"239\"><span class=\"hover:entity-accent entity-underline inline cursor-pointer align-baseline\"><span class=\"whitespace-normal\">Ministarstvo vanjskih poslova Srbije<\/span><\/span> objavilo je u srijedu, 4. marta, a\u017eurirani \u201cSemafor\u201d sa savjetima za putovanja, kojim su sve zemlje svijeta svrstane u \u010detiri kategorije \u2013 od zelene do crvene \u2013 u skladu s procjenom sigurnosnog rizika.<\/p>\n<p data-start=\"241\" data-end=\"390\">U crvenu kategoriju svrstane su 23 zemlje Bliskog istoka, Azije i Afrike, u koje se gra\u0111anima Srbije iz sigurnosnih razloga ne preporu\u010duje putovanje.<\/p>\n<p data-start=\"392\" data-end=\"578\">U narand\u017eastoj kategoriji nalazi se 28 zemalja za koje va\u017ei preporuka \u201cputovanje u slu\u010daju krajnje potrebe\u201d, a jedina evropska zemlja me\u0111u njima je <span class=\"hover:entity-accent entity-underline inline cursor-pointer align-baseline\"><span class=\"whitespace-normal\">Hrvatska<\/span><\/span>.<\/p>\n<p data-start=\"580\" data-end=\"761\">U \u017eutoj kategoriji su zemlje za koje se savjetuje \u201cputovanje uz dodatne mjere opreza\u201d, a me\u0111u njima je, kada je rije\u010d o Evropi, izdvojena samo <span class=\"hover:entity-accent entity-underline inline cursor-pointer align-baseline\"><span class=\"whitespace-normal\">Albanija<\/span><\/span>.<\/p>\n<p data-start=\"763\" data-end=\"870\">Sve ostale zemlje svijeta svrstane su u zelenu kategoriju, \u0161to zna\u010di \u201cslobodno putovanje uz redovan oprez\u201d.<\/p>\n<p data-start=\"872\" data-end=\"1539\">Me\u0111u 23 zemlje u koje se dr\u017eavljanima Srbije ne preporu\u010duje putovanje nalazi se 14 zemalja Bliskog istoka: <span class=\"hover:entity-accent entity-underline inline cursor-pointer align-baseline\"><span class=\"whitespace-normal\">Bahrein<\/span><\/span>, <span class=\"hover:entity-accent entity-underline inline cursor-pointer align-baseline\"><span class=\"whitespace-normal\">Izrael<\/span><\/span>, <span class=\"hover:entity-accent entity-underline inline cursor-pointer align-baseline\"><span class=\"whitespace-normal\">Irak<\/span><\/span>, <span class=\"hover:entity-accent entity-underline inline cursor-pointer align-baseline\"><span class=\"whitespace-normal\">Iran<\/span><\/span>, <span class=\"hover:entity-accent entity-underline inline cursor-pointer align-baseline\"><span class=\"whitespace-normal\">Jemen<\/span><\/span>, <span class=\"hover:entity-accent entity-underline inline cursor-pointer align-baseline\"><span class=\"whitespace-normal\">Jordan<\/span><\/span>, <span class=\"hover:entity-accent entity-underline inline cursor-pointer align-baseline\"><span class=\"whitespace-normal\">Katar<\/span><\/span>, <span class=\"hover:entity-accent entity-underline inline cursor-pointer align-baseline\"><span class=\"whitespace-normal\">Kuvajt<\/span><\/span>, <span class=\"hover:entity-accent entity-underline inline cursor-pointer align-baseline\"><span class=\"whitespace-normal\">Liban<\/span><\/span>, <span class=\"hover:entity-accent entity-underline inline cursor-pointer align-baseline\"><span class=\"whitespace-normal\">Oman<\/span><\/span>, <span class=\"hover:entity-accent entity-underline inline cursor-pointer align-baseline\"><span class=\"whitespace-normal\">Palestina<\/span><\/span>, <span class=\"hover:entity-accent entity-underline inline cursor-pointer align-baseline\"><span class=\"whitespace-normal\">Saudijska Arabija<\/span><\/span>, <span class=\"hover:entity-accent entity-underline inline cursor-pointer align-baseline\"><span class=\"whitespace-normal\">Sirija<\/span><\/span> i <span class=\"hover:entity-accent entity-underline inline cursor-pointer align-baseline\"><span class=\"whitespace-normal\">Ujedinjeni Arapski Emirati<\/span><\/span>.<\/p>\n<p data-start=\"1541\" data-end=\"1708\">Detaljnije informacije o ostalim zemljama obuhva\u0107enim crvenom, narand\u017eastom i \u017eutom kategorijom dostupne su na zvani\u010dnoj stranici Ministarstva vanjskih poslova Srbije.<\/p>\n","protected":false},"excerpt":{"rendered":"<p>Ministarstvo vanjskih poslova Srbije objavilo je u srijedu, 4. marta, a\u017eurirani \u201cSemafor\u201d sa savjetima za&hellip;<\/p>\n","protected":false},"author":2,"featured_media":80572,"comment_status":"closed","ping_status":"closed","sticky":false,"template":"","format":"standard","meta":{"_acf_changed":false,"footnotes":""},"categories":[16],"tags":[359,309],"acf":[],"yoast_head":"<!-- This site is optimized with the Yoast SEO plugin v23.5 - https:\/\/yoast.com\/wordpress\/plugins\/seo\/ -->\n<title>Upozorenje iz Srbije: &quot;U Hrvatsku putujte samo u slu\u010daju krajnje potrebe&quot; - TuzlaInfo.ba<\/title>\n<meta name=\"robots\" content=\"index, follow, max-snippet:-1, max-image-preview:large, max-video-preview:-1\" \/>\n<link rel=\"canonical\" href=\"https:\/\/tuzlainfo.ba\/index.php\/clanci\/sa-svih-strana\/item\/296351-upozorenje-iz-srbije-u-hrvatsku-putujte-samo-u-slucaju-krajnje-potrebe\/\" \/>\n<meta property=\"og:locale\" content=\"bs_BA\" \/>\n<meta property=\"og:type\" content=\"article\" \/>\n<meta property=\"og:title\" content=\"Upozorenje iz Srbije: &quot;U Hrvatsku putujte samo u slu\u010daju krajnje potrebe&quot; - TuzlaInfo.ba\" \/>\n<meta property=\"og:description\" content=\"Ministarstvo vanjskih poslova Srbije objavilo je u srijedu, 4. marta, a\u017eurirani \u201cSemafor\u201d sa savjetima za&hellip;\" \/>\n<meta property=\"og:url\" content=\"https:\/\/tuzlainfo.ba\/index.php\/clanci\/sa-svih-strana\/item\/296351-upozorenje-iz-srbije-u-hrvatsku-putujte-samo-u-slucaju-krajnje-potrebe\/\" \/>\n<meta property=\"og:site_name\" content=\"TuzlaInfo.ba\" \/>\n<meta property=\"article:publisher\" content=\"https:\/\/www.facebook.com\/tuzlainfo.ba\/\" \/>\n<meta property=\"article:published_time\" content=\"2026-03-04T20:46:11+00:00\" \/>\n<meta property=\"og:image\" content=\"https:\/\/tuzlainfo.ba\/wp-content\/uploads\/2020\/06\/sadrzaj_2020_20200601_2806_hrvatska_granica.jpg\" \/>\n\t<meta property=\"og:image:width\" content=\"770\" \/>\n\t<meta property=\"og:image:height\" content=\"513\" \/>\n\t<meta property=\"og:image:type\" content=\"image\/jpeg\" \/>\n<meta name=\"author\" content=\"nedim\" \/>\n<meta name=\"twitter:card\" content=\"summary_large_image\" \/>\n<meta name=\"twitter:label1\" content=\"Written by\" \/>\n\t<meta name=\"twitter:data1\" content=\"nedim\" \/>\n\t<meta name=\"twitter:label2\" content=\"Est. reading time\" \/>\n\t<meta name=\"twitter:data2\" content=\"2 minute\" \/>\n<script type=\"application\/ld+json\" class=\"yoast-schema-graph\">{\"@context\":\"https:\/\/schema.org\",\"@graph\":[{\"@type\":\"Article\",\"@id\":\"https:\/\/tuzlainfo.ba\/index.php\/clanci\/sa-svih-strana\/item\/296351-upozorenje-iz-srbije-u-hrvatsku-putujte-samo-u-slucaju-krajnje-potrebe\/#article\",\"isPartOf\":{\"@id\":\"https:\/\/tuzlainfo.ba\/index.php\/clanci\/sa-svih-strana\/item\/296351-upozorenje-iz-srbije-u-hrvatsku-putujte-samo-u-slucaju-krajnje-potrebe\/\"},\"author\":{\"name\":\"nedim\",\"@id\":\"https:\/\/tuzlainfo.ba\/#\/schema\/person\/f434e20dc27ea133923aab08451b7f7f\"},\"headline\":\"Upozorenje iz Srbije: &#8220;U Hrvatsku putujte samo u slu\u010daju krajnje potrebe&#8221;\",\"datePublished\":\"2026-03-04T20:46:11+00:00\",\"dateModified\":\"2026-03-04T20:46:11+00:00\",\"mainEntityOfPage\":{\"@id\":\"https:\/\/tuzlainfo.ba\/index.php\/clanci\/sa-svih-strana\/item\/296351-upozorenje-iz-srbije-u-hrvatsku-putujte-samo-u-slucaju-krajnje-potrebe\/\"},\"wordCount\":201,\"publisher\":{\"@id\":\"https:\/\/tuzlainfo.ba\/#organization\"},\"image\":{\"@id\":\"https:\/\/tuzlainfo.ba\/index.php\/clanci\/sa-svih-strana\/item\/296351-upozorenje-iz-srbije-u-hrvatsku-putujte-samo-u-slucaju-krajnje-potrebe\/#primaryimage\"},\"thumbnailUrl\":\"https:\/\/tuzlainfo.ba\/wp-content\/uploads\/2020\/06\/sadrzaj_2020_20200601_2806_hrvatska_granica.jpg\",\"keywords\":[\"hrvatska\",\"srbija\"],\"articleSection\":[\"Sa svih strana\"],\"inLanguage\":\"bs-BA\"},{\"@type\":\"WebPage\",\"@id\":\"https:\/\/tuzlainfo.ba\/index.php\/clanci\/sa-svih-strana\/item\/296351-upozorenje-iz-srbije-u-hrvatsku-putujte-samo-u-slucaju-krajnje-potrebe\/\",\"url\":\"https:\/\/tuzlainfo.ba\/index.php\/clanci\/sa-svih-strana\/item\/296351-upozorenje-iz-srbije-u-hrvatsku-putujte-samo-u-slucaju-krajnje-potrebe\/\",\"name\":\"Upozorenje iz Srbije: \\\"U Hrvatsku putujte samo u slu\u010daju krajnje potrebe\\\" - TuzlaInfo.ba\",\"isPartOf\":{\"@id\":\"https:\/\/tuzlainfo.ba\/#website\"},\"primaryImageOfPage\":{\"@id\":\"https:\/\/tuzlainfo.ba\/index.php\/clanci\/sa-svih-strana\/item\/296351-upozorenje-iz-srbije-u-hrvatsku-putujte-samo-u-slucaju-krajnje-potrebe\/#primaryimage\"},\"image\":{\"@id\":\"https:\/\/tuzlainfo.ba\/index.php\/clanci\/sa-svih-strana\/item\/296351-upozorenje-iz-srbije-u-hrvatsku-putujte-samo-u-slucaju-krajnje-potrebe\/#primaryimage\"},\"thumbnailUrl\":\"https:\/\/tuzlainfo.ba\/wp-content\/uploads\/2020\/06\/sadrzaj_2020_20200601_2806_hrvatska_granica.jpg\",\"datePublished\":\"2026-03-04T20:46:11+00:00\",\"dateModified\":\"2026-03-04T20:46:11+00:00\",\"breadcrumb\":{\"@id\":\"https:\/\/tuzlainfo.ba\/index.php\/clanci\/sa-svih-strana\/item\/296351-upozorenje-iz-srbije-u-hrvatsku-putujte-samo-u-slucaju-krajnje-potrebe\/#breadcrumb\"},\"inLanguage\":\"bs-BA\",\"potentialAction\":[{\"@type\":\"ReadAction\",\"target\":[\"https:\/\/tuzlainfo.ba\/index.php\/clanci\/sa-svih-strana\/item\/296351-upozorenje-iz-srbije-u-hrvatsku-putujte-samo-u-slucaju-krajnje-potrebe\/\"]}]},{\"@type\":\"ImageObject\",\"inLanguage\":\"bs-BA\",\"@id\":\"https:\/\/tuzlainfo.ba\/index.php\/clanci\/sa-svih-strana\/item\/296351-upozorenje-iz-srbije-u-hrvatsku-putujte-samo-u-slucaju-krajnje-potrebe\/#primaryimage\",\"url\":\"https:\/\/tuzlainfo.ba\/wp-content\/uploads\/2020\/06\/sadrzaj_2020_20200601_2806_hrvatska_granica.jpg\",\"contentUrl\":\"https:\/\/tuzlainfo.ba\/wp-content\/uploads\/2020\/06\/sadrzaj_2020_20200601_2806_hrvatska_granica.jpg\",\"width\":770,\"height\":513,\"caption\":\"2806 hrvatska granica\"},{\"@type\":\"BreadcrumbList\",\"@id\":\"https:\/\/tuzlainfo.ba\/index.php\/clanci\/sa-svih-strana\/item\/296351-upozorenje-iz-srbije-u-hrvatsku-putujte-samo-u-slucaju-krajnje-potrebe\/#breadcrumb\",\"itemListElement\":[{\"@type\":\"ListItem\",\"position\":1,\"name\":\"Home\",\"item\":\"https:\/\/tuzlainfo.ba\/\"},{\"@type\":\"ListItem\",\"position\":2,\"name\":\"Upozorenje iz Srbije: &#8220;U Hrvatsku putujte samo u slu\u010daju krajnje potrebe&#8221;\"}]},{\"@type\":\"WebSite\",\"@id\":\"https:\/\/tuzlainfo.ba\/#website\",\"url\":\"https:\/\/tuzlainfo.ba\/\",\"name\":\"TuzlaInfo.ba\",\"description\":\"Tuzla info, gradski informator - Tuzla na dlanu\",\"publisher\":{\"@id\":\"https:\/\/tuzlainfo.ba\/#organization\"},\"potentialAction\":[{\"@type\":\"SearchAction\",\"target\":{\"@type\":\"EntryPoint\",\"urlTemplate\":\"https:\/\/tuzlainfo.ba\/?s={search_term_string}\"},\"query-input\":{\"@type\":\"PropertyValueSpecification\",\"valueRequired\":true,\"valueName\":\"search_term_string\"}}],\"inLanguage\":\"bs-BA\"},{\"@type\":\"Organization\",\"@id\":\"https:\/\/tuzlainfo.ba\/#organization\",\"name\":\"TuzlaInfo.ba\",\"url\":\"https:\/\/tuzlainfo.ba\/\",\"logo\":{\"@type\":\"ImageObject\",\"inLanguage\":\"bs-BA\",\"@id\":\"https:\/\/tuzlainfo.ba\/#\/schema\/logo\/image\/\",\"url\":\"https:\/\/tuzlainfo.ba\/wp-content\/uploads\/2021\/03\/logo-ver-3-1.png\",\"contentUrl\":\"https:\/\/tuzlainfo.ba\/wp-content\/uploads\/2021\/03\/logo-ver-3-1.png\",\"width\":350,\"height\":95,\"caption\":\"TuzlaInfo.ba\"},\"image\":{\"@id\":\"https:\/\/tuzlainfo.ba\/#\/schema\/logo\/image\/\"},\"sameAs\":[\"https:\/\/www.facebook.com\/tuzlainfo.ba\/\"]},{\"@type\":\"Person\",\"@id\":\"https:\/\/tuzlainfo.ba\/#\/schema\/person\/f434e20dc27ea133923aab08451b7f7f\",\"name\":\"nedim\",\"image\":{\"@type\":\"ImageObject\",\"inLanguage\":\"bs-BA\",\"@id\":\"https:\/\/tuzlainfo.ba\/#\/schema\/person\/image\/\",\"url\":\"https:\/\/tuzlainfo.ba\/wp-content\/litespeed\/avatar\/aabad687af24844af817603ac1cbdc4f.jpg?ver=1776702173\",\"contentUrl\":\"https:\/\/tuzlainfo.ba\/wp-content\/litespeed\/avatar\/aabad687af24844af817603ac1cbdc4f.jpg?ver=1776702173\",\"caption\":\"nedim\"},\"description\":\"Tuzlainfo.ba pratite na dru\u0161tvenim mre\u017eama: Facebook, Instagram i Youtube. Svoje pri\u010de, upite i fotografije \u0161aljite na na\u0161u e-mail adresu.\"}]}<\/script>\n<!-- \/ Yoast SEO plugin. -->","yoast_head_json":{"title":"Upozorenje iz Srbije: \"U Hrvatsku putujte samo u slu\u010daju krajnje potrebe\" - TuzlaInfo.ba","robots":{"index":"index","follow":"follow","max-snippet":"max-snippet:-1","max-image-preview":"max-image-preview:large","max-video-preview":"max-video-preview:-1"},"canonical":"https:\/\/tuzlainfo.ba\/index.php\/clanci\/sa-svih-strana\/item\/296351-upozorenje-iz-srbije-u-hrvatsku-putujte-samo-u-slucaju-krajnje-potrebe\/","og_locale":"bs_BA","og_type":"article","og_title":"Upozorenje iz Srbije: \"U Hrvatsku putujte samo u slu\u010daju krajnje potrebe\" - TuzlaInfo.ba","og_description":"Ministarstvo vanjskih poslova Srbije objavilo je u srijedu, 4. marta, a\u017eurirani \u201cSemafor\u201d sa savjetima za&hellip;","og_url":"https:\/\/tuzlainfo.ba\/index.php\/clanci\/sa-svih-strana\/item\/296351-upozorenje-iz-srbije-u-hrvatsku-putujte-samo-u-slucaju-krajnje-potrebe\/","og_site_name":"TuzlaInfo.ba","article_publisher":"https:\/\/www.facebook.com\/tuzlainfo.ba\/","article_published_time":"2026-03-04T20:46:11+00:00","og_image":[{"width":770,"height":513,"url":"https:\/\/tuzlainfo.ba\/wp-content\/uploads\/2020\/06\/sadrzaj_2020_20200601_2806_hrvatska_granica.jpg","type":"image\/jpeg"}],"author":"nedim","twitter_card":"summary_large_image","twitter_misc":{"Written by":"nedim","Est. reading time":"2 minute"},"schema":{"@context":"https:\/\/schema.org","@graph":[{"@type":"Article","@id":"https:\/\/tuzlainfo.ba\/index.php\/clanci\/sa-svih-strana\/item\/296351-upozorenje-iz-srbije-u-hrvatsku-putujte-samo-u-slucaju-krajnje-potrebe\/#article","isPartOf":{"@id":"https:\/\/tuzlainfo.ba\/index.php\/clanci\/sa-svih-strana\/item\/296351-upozorenje-iz-srbije-u-hrvatsku-putujte-samo-u-slucaju-krajnje-potrebe\/"},"author":{"name":"nedim","@id":"https:\/\/tuzlainfo.ba\/#\/schema\/person\/f434e20dc27ea133923aab08451b7f7f"},"headline":"Upozorenje iz Srbije: &#8220;U Hrvatsku putujte samo u slu\u010daju krajnje potrebe&#8221;","datePublished":"2026-03-04T20:46:11+00:00","dateModified":"2026-03-04T20:46:11+00:00","mainEntityOfPage":{"@id":"https:\/\/tuzlainfo.ba\/index.php\/clanci\/sa-svih-strana\/item\/296351-upozorenje-iz-srbije-u-hrvatsku-putujte-samo-u-slucaju-krajnje-potrebe\/"},"wordCount":201,"publisher":{"@id":"https:\/\/tuzlainfo.ba\/#organization"},"image":{"@id":"https:\/\/tuzlainfo.ba\/index.php\/clanci\/sa-svih-strana\/item\/296351-upozorenje-iz-srbije-u-hrvatsku-putujte-samo-u-slucaju-krajnje-potrebe\/#primaryimage"},"thumbnailUrl":"https:\/\/tuzlainfo.ba\/wp-content\/uploads\/2020\/06\/sadrzaj_2020_20200601_2806_hrvatska_granica.jpg","keywords":["hrvatska","srbija"],"articleSection":["Sa svih strana"],"inLanguage":"bs-BA"},{"@type":"WebPage","@id":"https:\/\/tuzlainfo.ba\/index.php\/clanci\/sa-svih-strana\/item\/296351-upozorenje-iz-srbije-u-hrvatsku-putujte-samo-u-slucaju-krajnje-potrebe\/","url":"https:\/\/tuzlainfo.ba\/index.php\/clanci\/sa-svih-strana\/item\/296351-upozorenje-iz-srbije-u-hrvatsku-putujte-samo-u-slucaju-krajnje-potrebe\/","name":"Upozorenje iz Srbije: \"U Hrvatsku putujte samo u slu\u010daju krajnje potrebe\" - TuzlaInfo.ba","isPartOf":{"@id":"https:\/\/tuzlainfo.ba\/#website"},"primaryImageOfPage":{"@id":"https:\/\/tuzlainfo.ba\/index.php\/clanci\/sa-svih-strana\/item\/296351-upozorenje-iz-srbije-u-hrvatsku-putujte-samo-u-slucaju-krajnje-potrebe\/#primaryimage"},"image":{"@id":"https:\/\/tuzlainfo.ba\/index.php\/clanci\/sa-svih-strana\/item\/296351-upozorenje-iz-srbije-u-hrvatsku-putujte-samo-u-slucaju-krajnje-potrebe\/#primaryimage"},"thumbnailUrl":"https:\/\/tuzlainfo.ba\/wp-content\/uploads\/2020\/06\/sadrzaj_2020_20200601_2806_hrvatska_granica.jpg","datePublished":"2026-03-04T20:46:11+00:00","dateModified":"2026-03-04T20:46:11+00:00","breadcrumb":{"@id":"https:\/\/tuzlainfo.ba\/index.php\/clanci\/sa-svih-strana\/item\/296351-upozorenje-iz-srbije-u-hrvatsku-putujte-samo-u-slucaju-krajnje-potrebe\/#breadcrumb"},"inLanguage":"bs-BA","potentialAction":[{"@type":"ReadAction","target":["https:\/\/tuzlainfo.ba\/index.php\/clanci\/sa-svih-strana\/item\/296351-upozorenje-iz-srbije-u-hrvatsku-putujte-samo-u-slucaju-krajnje-potrebe\/"]}]},{"@type":"ImageObject","inLanguage":"bs-BA","@id":"https:\/\/tuzlainfo.ba\/index.php\/clanci\/sa-svih-strana\/item\/296351-upozorenje-iz-srbije-u-hrvatsku-putujte-samo-u-slucaju-krajnje-potrebe\/#primaryimage","url":"https:\/\/tuzlainfo.ba\/wp-content\/uploads\/2020\/06\/sadrzaj_2020_20200601_2806_hrvatska_granica.jpg","contentUrl":"https:\/\/tuzlainfo.ba\/wp-content\/uploads\/2020\/06\/sadrzaj_2020_20200601_2806_hrvatska_granica.jpg","width":770,"height":513,"caption":"2806 hrvatska granica"},{"@type":"BreadcrumbList","@id":"https:\/\/tuzlainfo.ba\/index.php\/clanci\/sa-svih-strana\/item\/296351-upozorenje-iz-srbije-u-hrvatsku-putujte-samo-u-slucaju-krajnje-potrebe\/#breadcrumb","itemListElement":[{"@type":"ListItem","position":1,"name":"Home","item":"https:\/\/tuzlainfo.ba\/"},{"@type":"ListItem","position":2,"name":"Upozorenje iz Srbije: &#8220;U Hrvatsku putujte samo u slu\u010daju krajnje potrebe&#8221;"}]},{"@type":"WebSite","@id":"https:\/\/tuzlainfo.ba\/#website","url":"https:\/\/tuzlainfo.ba\/","name":"TuzlaInfo.ba","description":"Tuzla info, gradski informator - Tuzla na dlanu","publisher":{"@id":"https:\/\/tuzlainfo.ba\/#organization"},"potentialAction":[{"@type":"SearchAction","target":{"@type":"EntryPoint","urlTemplate":"https:\/\/tuzlainfo.ba\/?s={search_term_string}"},"query-input":{"@type":"PropertyValueSpecification","valueRequired":true,"valueName":"search_term_string"}}],"inLanguage":"bs-BA"},{"@type":"Organization","@id":"https:\/\/tuzlainfo.ba\/#organization","name":"TuzlaInfo.ba","url":"https:\/\/tuzlainfo.ba\/","logo":{"@type":"ImageObject","inLanguage":"bs-BA","@id":"https:\/\/tuzlainfo.ba\/#\/schema\/logo\/image\/","url":"https:\/\/tuzlainfo.ba\/wp-content\/uploads\/2021\/03\/logo-ver-3-1.png","contentUrl":"https:\/\/tuzlainfo.ba\/wp-content\/uploads\/2021\/03\/logo-ver-3-1.png","width":350,"height":95,"caption":"TuzlaInfo.ba"},"image":{"@id":"https:\/\/tuzlainfo.ba\/#\/schema\/logo\/image\/"},"sameAs":["https:\/\/www.facebook.com\/tuzlainfo.ba\/"]},{"@type":"Person","@id":"https:\/\/tuzlainfo.ba\/#\/schema\/person\/f434e20dc27ea133923aab08451b7f7f","name":"nedim","image":{"@type":"ImageObject","inLanguage":"bs-BA","@id":"https:\/\/tuzlainfo.ba\/#\/schema\/person\/image\/","url":"https:\/\/tuzlainfo.ba\/wp-content\/litespeed\/avatar\/aabad687af24844af817603ac1cbdc4f.jpg?ver=1776702173","contentUrl":"https:\/\/tuzlainfo.ba\/wp-content\/litespeed\/avatar\/aabad687af24844af817603ac1cbdc4f.jpg?ver=1776702173","caption":"nedim"},"description":"Tuzlainfo.ba pratite na dru\u0161tvenim mre\u017eama: Facebook, Instagram i Youtube. Svoje pri\u010de, upite i fotografije \u0161aljite na na\u0161u e-mail adresu."}]}},"_links":{"self":[{"href":"https:\/\/tuzlainfo.ba\/index.php\/wp-json\/wp\/v2\/posts\/296351"}],"collection":[{"href":"https:\/\/tuzlainfo.ba\/index.php\/wp-json\/wp\/v2\/posts"}],"about":[{"href":"https:\/\/tuzlainfo.ba\/index.php\/wp-json\/wp\/v2\/types\/post"}],"author":[{"embeddable":true,"href":"https:\/\/tuzlainfo.ba\/index.php\/wp-json\/wp\/v2\/users\/2"}],"replies":[{"embeddable":true,"href":"https:\/\/tuzlainfo.ba\/index.php\/wp-json\/wp\/v2\/comments?post=296351"}],"version-history":[{"count":1,"href":"https:\/\/tuzlainfo.ba\/index.php\/wp-json\/wp\/v2\/posts\/296351\/revisions"}],"predecessor-version":[{"id":296352,"href":"https:\/\/tuzlainfo.ba\/index.php\/wp-json\/wp\/v2\/posts\/296351\/revisions\/296352"}],"wp:featuredmedia":[{"embeddable":true,"href":"https:\/\/tuzlainfo.ba\/index.php\/wp-json\/wp\/v2\/media\/80572"}],"wp:attachment":[{"href":"https:\/\/tuzlainfo.ba\/index.php\/wp-json\/wp\/v2\/media?parent=296351"}],"wp:term":[{"taxonomy":"category","embeddable":true,"href":"https:\/\/tuzlainfo.ba\/index.php\/wp-json\/wp\/v2\/categories?post=296351"},{"taxonomy":"post_tag","embeddable":true,"href":"https:\/\/tuzlainfo.ba\/index.php\/wp-json\/wp\/v2\/tags?post=296351"}],"curies":[{"name":"wp","href":"https:\/\/api.w.org\/{rel}","templated":true}]}}