{"id":296322,"date":"2026-03-04T21:30:24","date_gmt":"2026-03-04T20:30:24","guid":{"rendered":"https:\/\/tuzlainfo.ba\/?p=296322"},"modified":"2026-03-04T21:42:07","modified_gmt":"2026-03-04T20:42:07","slug":"garden-centar-otvara-novu-poslovnicu-u-tk-raspisan-oglas-za-prijem-radnika","status":"publish","type":"post","link":"https:\/\/tuzlainfo.ba\/index.php\/novosti\/item\/296322-garden-centar-otvara-novu-poslovnicu-u-tk-raspisan-oglas-za-prijem-radnika\/","title":{"rendered":"Garden centar otvara novu poslovnicu u TK, raspisan oglas za prijem radnika"},"content":{"rendered":"<div class=\"flex flex-col text-sm pb-25\">\n<article class=\"text-token-text-primary w-full focus:outline-none [--shadow-height:45px] has-data-writing-block:pointer-events-none has-data-writing-block:-mt-(--shadow-height) has-data-writing-block:pt-(--shadow-height) [&amp;:has([data-writing-block])&gt;*]:pointer-events-auto scroll-mt-[calc(var(--header-height)+min(200px,max(70px,20svh)))]\" dir=\"auto\" tabindex=\"-1\" data-turn-id=\"request-WEB:a73ff0cd-e02a-4ea1-aa5e-b2eb4e83ae81-4\" data-testid=\"conversation-turn-10\" data-scroll-anchor=\"true\" data-turn=\"assistant\">\n<div class=\"text-base my-auto mx-auto pb-10 [--thread-content-margin:--spacing(4)] @w-sm\/main:[--thread-content-margin:--spacing(6)] @w-lg\/main:[--thread-content-margin:--spacing(16)] px-(--thread-content-margin)\">\n<div class=\"[--thread-content-max-width:40rem] @w-lg\/main:[--thread-content-max-width:48rem] mx-auto max-w-(--thread-content-max-width) flex-1 group\/turn-messages focus-visible:outline-hidden relative flex w-full min-w-0 flex-col agent-turn\" tabindex=\"-1\">\n<div class=\"flex max-w-full flex-col grow\">\n<div class=\"min-h-8 text-message relative flex w-full flex-col items-end gap-2 text-start break-words whitespace-normal [.text-message+&amp;]:mt-1\" dir=\"auto\" data-message-author-role=\"assistant\" data-message-id=\"a022dd8b-5946-4c2f-a36f-4e7e7174984f\" data-message-model-slug=\"gpt-5-mini\">\n<div class=\"flex w-full flex-col gap-1 empty:hidden first:pt-[1px]\">\n<div class=\"markdown prose dark:prose-invert w-full wrap-break-word light markdown-new-styling\">\n<p data-start=\"73\" data-end=\"207\">Graden centar uskoro otvara svoju poslovnicu u Grada\u010dcu, a povodom po\u010detka rada objavljen je konkurs za prijem vi\u0161e izvr\u0161ilaca.<\/p>\n<p data-start=\"209\" data-end=\"471\">Iz kompanije navode da je cilj formiranje stru\u010dnog i odgovornog tima koji \u0107e raditi u savremenom i ure\u0111enom maloprodajnom okru\u017eenju. Konkurs je otvoren za kandidate koji \u017eele stabilno zaposlenje, profesionalno usavr\u0161avanje i rad u dinami\u010dnom poslovnom ambijentu.<\/p>\n<p data-start=\"473\" data-end=\"829\">Garden centri su specijalizovani prodajni objekti koji nude \u0161irok asortiman proizvoda iz oblasti hortikulture, uklju\u010duju\u0107i sadnice, cvije\u0107e, sezonske biljke, ba\u0161tenski alat, opremu za ure\u0111enje eksterijera te prate\u0107e proizvode za odr\u017eavanje zelenih povr\u0161ina. Takvi centri \u010desto pru\u017eaju i savjete kupcima o sadnji, njezi biljaka i ure\u0111enju vrta ili dvori\u0161ta.<\/p>\n<p data-start=\"831\" data-end=\"1033\" data-is-last-node=\"\" data-is-only-node=\"\">Detalji o uslovima prijave, potrebnoj dokumentaciji i rokovima dostupni su u okviru objavljenog konkursa. Kandidati se pozivaju da blagovremeno dostave svoje prijave i postanu dio novog tima u Grada\u010dcu.<\/p>\n<\/div>\n<\/div>\n<\/div>\n<\/div>\n<div class=\"z-0 flex min-h-[46px] justify-start\"><\/div>\n<div class=\"mt-3 w-full empty:hidden\">\n<div class=\"text-center\"><\/div>\n<\/div>\n<\/div>\n<\/div>\n<\/article>\n<\/div>\n<div class=\"pointer-events-none h-px w-px absolute bottom-0\" aria-hidden=\"true\" data-edge=\"true\"><img fetchpriority=\"high\" decoding=\"async\" class=\"alignnone size-full wp-image-296325\" src=\"https:\/\/tuzlainfo.ba\/wp-content\/uploads\/2026\/03\/garden-gradacac.jpg\" alt=\"\" width=\"1080\" height=\"1350\" srcset=\"https:\/\/tuzlainfo.ba\/wp-content\/uploads\/2026\/03\/garden-gradacac.jpg 1080w, https:\/\/tuzlainfo.ba\/wp-content\/uploads\/2026\/03\/garden-gradacac-240x300.jpg 240w, https:\/\/tuzlainfo.ba\/wp-content\/uploads\/2026\/03\/garden-gradacac-819x1024.jpg 819w, https:\/\/tuzlainfo.ba\/wp-content\/uploads\/2026\/03\/garden-gradacac-768x960.jpg 768w, https:\/\/tuzlainfo.ba\/wp-content\/uploads\/2026\/03\/garden-gradacac-585x731.jpg 585w, https:\/\/tuzlainfo.ba\/wp-content\/uploads\/2026\/03\/garden-gradacac-150x188.jpg 150w, https:\/\/tuzlainfo.ba\/wp-content\/uploads\/2026\/03\/garden-gradacac-400x500.jpg 400w\" sizes=\"(max-width: 1080px) 100vw, 1080px\" \/><\/div>\n","protected":false},"excerpt":{"rendered":"<p>Graden centar uskoro otvara svoju poslovnicu u Grada\u010dcu, a povodom po\u010detka rada objavljen je konkurs&hellip;<\/p>\n","protected":false},"author":4,"featured_media":285931,"comment_status":"closed","ping_status":"closed","sticky":false,"template":"","format":"standard","meta":{"_acf_changed":false,"footnotes":""},"categories":[12],"tags":[12989,27],"acf":[],"yoast_head":"<!-- This site is optimized with the Yoast SEO plugin v23.5 - https:\/\/yoast.com\/wordpress\/plugins\/seo\/ -->\n<title>Garden centar otvara novu poslovnicu u TK, raspisan oglas za prijem radnika - TuzlaInfo.ba<\/title>\n<meta name=\"robots\" content=\"index, follow, max-snippet:-1, max-image-preview:large, max-video-preview:-1\" \/>\n<link rel=\"canonical\" href=\"https:\/\/tuzlainfo.ba\/index.php\/novosti\/item\/296322-garden-centar-otvara-novu-poslovnicu-u-tk-raspisan-oglas-za-prijem-radnika\/\" \/>\n<meta property=\"og:locale\" content=\"bs_BA\" \/>\n<meta property=\"og:type\" content=\"article\" \/>\n<meta property=\"og:title\" content=\"Garden centar otvara novu poslovnicu u TK, raspisan oglas za prijem radnika - TuzlaInfo.ba\" \/>\n<meta property=\"og:description\" content=\"Graden centar uskoro otvara svoju poslovnicu u Grada\u010dcu, a povodom po\u010detka rada objavljen je konkurs&hellip;\" \/>\n<meta property=\"og:url\" content=\"https:\/\/tuzlainfo.ba\/index.php\/novosti\/item\/296322-garden-centar-otvara-novu-poslovnicu-u-tk-raspisan-oglas-za-prijem-radnika\/\" \/>\n<meta property=\"og:site_name\" content=\"TuzlaInfo.ba\" \/>\n<meta property=\"article:publisher\" content=\"https:\/\/www.facebook.com\/tuzlainfo.ba\/\" \/>\n<meta property=\"article:published_time\" content=\"2026-03-04T20:30:24+00:00\" \/>\n<meta property=\"article:modified_time\" content=\"2026-03-04T20:42:07+00:00\" \/>\n<meta property=\"og:image\" content=\"https:\/\/tuzlainfo.ba\/wp-content\/uploads\/2025\/11\/garden-centar.jpg\" \/>\n\t<meta property=\"og:image:width\" content=\"2000\" \/>\n\t<meta property=\"og:image:height\" content=\"1577\" \/>\n\t<meta property=\"og:image:type\" content=\"image\/jpeg\" \/>\n<meta name=\"author\" content=\"Tuzla Info\" \/>\n<meta name=\"twitter:card\" content=\"summary_large_image\" \/>\n<meta name=\"twitter:label1\" content=\"Written by\" \/>\n\t<meta name=\"twitter:data1\" content=\"Tuzla Info\" \/>\n\t<meta name=\"twitter:label2\" content=\"Est. reading time\" \/>\n\t<meta name=\"twitter:data2\" content=\"2 minute\" \/>\n<script type=\"application\/ld+json\" class=\"yoast-schema-graph\">{\"@context\":\"https:\/\/schema.org\",\"@graph\":[{\"@type\":\"Article\",\"@id\":\"https:\/\/tuzlainfo.ba\/index.php\/novosti\/item\/296322-garden-centar-otvara-novu-poslovnicu-u-tk-raspisan-oglas-za-prijem-radnika\/#article\",\"isPartOf\":{\"@id\":\"https:\/\/tuzlainfo.ba\/index.php\/novosti\/item\/296322-garden-centar-otvara-novu-poslovnicu-u-tk-raspisan-oglas-za-prijem-radnika\/\"},\"author\":{\"name\":\"Tuzla Info\",\"@id\":\"https:\/\/tuzlainfo.ba\/#\/schema\/person\/46cad4c57790cbc50781edd14870825a\"},\"headline\":\"Garden centar otvara novu poslovnicu u TK, raspisan oglas za prijem radnika\",\"datePublished\":\"2026-03-04T20:30:24+00:00\",\"dateModified\":\"2026-03-04T20:42:07+00:00\",\"mainEntityOfPage\":{\"@id\":\"https:\/\/tuzlainfo.ba\/index.php\/novosti\/item\/296322-garden-centar-otvara-novu-poslovnicu-u-tk-raspisan-oglas-za-prijem-radnika\/\"},\"wordCount\":166,\"publisher\":{\"@id\":\"https:\/\/tuzlainfo.ba\/#organization\"},\"image\":{\"@id\":\"https:\/\/tuzlainfo.ba\/index.php\/novosti\/item\/296322-garden-centar-otvara-novu-poslovnicu-u-tk-raspisan-oglas-za-prijem-radnika\/#primaryimage\"},\"thumbnailUrl\":\"https:\/\/tuzlainfo.ba\/wp-content\/uploads\/2025\/11\/garden-centar.jpg\",\"keywords\":[\"garden centar\",\"grada\u010dac\"],\"articleSection\":[\"Novosti\"],\"inLanguage\":\"bs-BA\"},{\"@type\":\"WebPage\",\"@id\":\"https:\/\/tuzlainfo.ba\/index.php\/novosti\/item\/296322-garden-centar-otvara-novu-poslovnicu-u-tk-raspisan-oglas-za-prijem-radnika\/\",\"url\":\"https:\/\/tuzlainfo.ba\/index.php\/novosti\/item\/296322-garden-centar-otvara-novu-poslovnicu-u-tk-raspisan-oglas-za-prijem-radnika\/\",\"name\":\"Garden centar otvara novu poslovnicu u TK, raspisan oglas za prijem radnika - TuzlaInfo.ba\",\"isPartOf\":{\"@id\":\"https:\/\/tuzlainfo.ba\/#website\"},\"primaryImageOfPage\":{\"@id\":\"https:\/\/tuzlainfo.ba\/index.php\/novosti\/item\/296322-garden-centar-otvara-novu-poslovnicu-u-tk-raspisan-oglas-za-prijem-radnika\/#primaryimage\"},\"image\":{\"@id\":\"https:\/\/tuzlainfo.ba\/index.php\/novosti\/item\/296322-garden-centar-otvara-novu-poslovnicu-u-tk-raspisan-oglas-za-prijem-radnika\/#primaryimage\"},\"thumbnailUrl\":\"https:\/\/tuzlainfo.ba\/wp-content\/uploads\/2025\/11\/garden-centar.jpg\",\"datePublished\":\"2026-03-04T20:30:24+00:00\",\"dateModified\":\"2026-03-04T20:42:07+00:00\",\"breadcrumb\":{\"@id\":\"https:\/\/tuzlainfo.ba\/index.php\/novosti\/item\/296322-garden-centar-otvara-novu-poslovnicu-u-tk-raspisan-oglas-za-prijem-radnika\/#breadcrumb\"},\"inLanguage\":\"bs-BA\",\"potentialAction\":[{\"@type\":\"ReadAction\",\"target\":[\"https:\/\/tuzlainfo.ba\/index.php\/novosti\/item\/296322-garden-centar-otvara-novu-poslovnicu-u-tk-raspisan-oglas-za-prijem-radnika\/\"]}]},{\"@type\":\"ImageObject\",\"inLanguage\":\"bs-BA\",\"@id\":\"https:\/\/tuzlainfo.ba\/index.php\/novosti\/item\/296322-garden-centar-otvara-novu-poslovnicu-u-tk-raspisan-oglas-za-prijem-radnika\/#primaryimage\",\"url\":\"https:\/\/tuzlainfo.ba\/wp-content\/uploads\/2025\/11\/garden-centar.jpg\",\"contentUrl\":\"https:\/\/tuzlainfo.ba\/wp-content\/uploads\/2025\/11\/garden-centar.jpg\",\"width\":2000,\"height\":1577},{\"@type\":\"BreadcrumbList\",\"@id\":\"https:\/\/tuzlainfo.ba\/index.php\/novosti\/item\/296322-garden-centar-otvara-novu-poslovnicu-u-tk-raspisan-oglas-za-prijem-radnika\/#breadcrumb\",\"itemListElement\":[{\"@type\":\"ListItem\",\"position\":1,\"name\":\"Home\",\"item\":\"https:\/\/tuzlainfo.ba\/\"},{\"@type\":\"ListItem\",\"position\":2,\"name\":\"Garden centar otvara novu poslovnicu u TK, raspisan oglas za prijem radnika\"}]},{\"@type\":\"WebSite\",\"@id\":\"https:\/\/tuzlainfo.ba\/#website\",\"url\":\"https:\/\/tuzlainfo.ba\/\",\"name\":\"TuzlaInfo.ba\",\"description\":\"Tuzla info, gradski informator - Tuzla na dlanu\",\"publisher\":{\"@id\":\"https:\/\/tuzlainfo.ba\/#organization\"},\"potentialAction\":[{\"@type\":\"SearchAction\",\"target\":{\"@type\":\"EntryPoint\",\"urlTemplate\":\"https:\/\/tuzlainfo.ba\/?s={search_term_string}\"},\"query-input\":{\"@type\":\"PropertyValueSpecification\",\"valueRequired\":true,\"valueName\":\"search_term_string\"}}],\"inLanguage\":\"bs-BA\"},{\"@type\":\"Organization\",\"@id\":\"https:\/\/tuzlainfo.ba\/#organization\",\"name\":\"TuzlaInfo.ba\",\"url\":\"https:\/\/tuzlainfo.ba\/\",\"logo\":{\"@type\":\"ImageObject\",\"inLanguage\":\"bs-BA\",\"@id\":\"https:\/\/tuzlainfo.ba\/#\/schema\/logo\/image\/\",\"url\":\"https:\/\/tuzlainfo.ba\/wp-content\/uploads\/2021\/03\/logo-ver-3-1.png\",\"contentUrl\":\"https:\/\/tuzlainfo.ba\/wp-content\/uploads\/2021\/03\/logo-ver-3-1.png\",\"width\":350,\"height\":95,\"caption\":\"TuzlaInfo.ba\"},\"image\":{\"@id\":\"https:\/\/tuzlainfo.ba\/#\/schema\/logo\/image\/\"},\"sameAs\":[\"https:\/\/www.facebook.com\/tuzlainfo.ba\/\"]},{\"@type\":\"Person\",\"@id\":\"https:\/\/tuzlainfo.ba\/#\/schema\/person\/46cad4c57790cbc50781edd14870825a\",\"name\":\"Tuzla Info\",\"image\":{\"@type\":\"ImageObject\",\"inLanguage\":\"bs-BA\",\"@id\":\"https:\/\/tuzlainfo.ba\/#\/schema\/person\/image\/\",\"url\":\"https:\/\/tuzlainfo.ba\/wp-content\/litespeed\/avatar\/b6c453a6c38e3654f2e4416c643fc25c.jpg?ver=1777656712\",\"contentUrl\":\"https:\/\/tuzlainfo.ba\/wp-content\/litespeed\/avatar\/b6c453a6c38e3654f2e4416c643fc25c.jpg?ver=1777656712\",\"caption\":\"Tuzla Info\"}}]}<\/script>\n<!-- \/ Yoast SEO plugin. -->","yoast_head_json":{"title":"Garden centar otvara novu poslovnicu u TK, raspisan oglas za prijem radnika - TuzlaInfo.ba","robots":{"index":"index","follow":"follow","max-snippet":"max-snippet:-1","max-image-preview":"max-image-preview:large","max-video-preview":"max-video-preview:-1"},"canonical":"https:\/\/tuzlainfo.ba\/index.php\/novosti\/item\/296322-garden-centar-otvara-novu-poslovnicu-u-tk-raspisan-oglas-za-prijem-radnika\/","og_locale":"bs_BA","og_type":"article","og_title":"Garden centar otvara novu poslovnicu u TK, raspisan oglas za prijem radnika - TuzlaInfo.ba","og_description":"Graden centar uskoro otvara svoju poslovnicu u Grada\u010dcu, a povodom po\u010detka rada objavljen je konkurs&hellip;","og_url":"https:\/\/tuzlainfo.ba\/index.php\/novosti\/item\/296322-garden-centar-otvara-novu-poslovnicu-u-tk-raspisan-oglas-za-prijem-radnika\/","og_site_name":"TuzlaInfo.ba","article_publisher":"https:\/\/www.facebook.com\/tuzlainfo.ba\/","article_published_time":"2026-03-04T20:30:24+00:00","article_modified_time":"2026-03-04T20:42:07+00:00","og_image":[{"width":2000,"height":1577,"url":"https:\/\/tuzlainfo.ba\/wp-content\/uploads\/2025\/11\/garden-centar.jpg","type":"image\/jpeg"}],"author":"Tuzla Info","twitter_card":"summary_large_image","twitter_misc":{"Written by":"Tuzla Info","Est. reading time":"2 minute"},"schema":{"@context":"https:\/\/schema.org","@graph":[{"@type":"Article","@id":"https:\/\/tuzlainfo.ba\/index.php\/novosti\/item\/296322-garden-centar-otvara-novu-poslovnicu-u-tk-raspisan-oglas-za-prijem-radnika\/#article","isPartOf":{"@id":"https:\/\/tuzlainfo.ba\/index.php\/novosti\/item\/296322-garden-centar-otvara-novu-poslovnicu-u-tk-raspisan-oglas-za-prijem-radnika\/"},"author":{"name":"Tuzla Info","@id":"https:\/\/tuzlainfo.ba\/#\/schema\/person\/46cad4c57790cbc50781edd14870825a"},"headline":"Garden centar otvara novu poslovnicu u TK, raspisan oglas za prijem radnika","datePublished":"2026-03-04T20:30:24+00:00","dateModified":"2026-03-04T20:42:07+00:00","mainEntityOfPage":{"@id":"https:\/\/tuzlainfo.ba\/index.php\/novosti\/item\/296322-garden-centar-otvara-novu-poslovnicu-u-tk-raspisan-oglas-za-prijem-radnika\/"},"wordCount":166,"publisher":{"@id":"https:\/\/tuzlainfo.ba\/#organization"},"image":{"@id":"https:\/\/tuzlainfo.ba\/index.php\/novosti\/item\/296322-garden-centar-otvara-novu-poslovnicu-u-tk-raspisan-oglas-za-prijem-radnika\/#primaryimage"},"thumbnailUrl":"https:\/\/tuzlainfo.ba\/wp-content\/uploads\/2025\/11\/garden-centar.jpg","keywords":["garden centar","grada\u010dac"],"articleSection":["Novosti"],"inLanguage":"bs-BA"},{"@type":"WebPage","@id":"https:\/\/tuzlainfo.ba\/index.php\/novosti\/item\/296322-garden-centar-otvara-novu-poslovnicu-u-tk-raspisan-oglas-za-prijem-radnika\/","url":"https:\/\/tuzlainfo.ba\/index.php\/novosti\/item\/296322-garden-centar-otvara-novu-poslovnicu-u-tk-raspisan-oglas-za-prijem-radnika\/","name":"Garden centar otvara novu poslovnicu u TK, raspisan oglas za prijem radnika - TuzlaInfo.ba","isPartOf":{"@id":"https:\/\/tuzlainfo.ba\/#website"},"primaryImageOfPage":{"@id":"https:\/\/tuzlainfo.ba\/index.php\/novosti\/item\/296322-garden-centar-otvara-novu-poslovnicu-u-tk-raspisan-oglas-za-prijem-radnika\/#primaryimage"},"image":{"@id":"https:\/\/tuzlainfo.ba\/index.php\/novosti\/item\/296322-garden-centar-otvara-novu-poslovnicu-u-tk-raspisan-oglas-za-prijem-radnika\/#primaryimage"},"thumbnailUrl":"https:\/\/tuzlainfo.ba\/wp-content\/uploads\/2025\/11\/garden-centar.jpg","datePublished":"2026-03-04T20:30:24+00:00","dateModified":"2026-03-04T20:42:07+00:00","breadcrumb":{"@id":"https:\/\/tuzlainfo.ba\/index.php\/novosti\/item\/296322-garden-centar-otvara-novu-poslovnicu-u-tk-raspisan-oglas-za-prijem-radnika\/#breadcrumb"},"inLanguage":"bs-BA","potentialAction":[{"@type":"ReadAction","target":["https:\/\/tuzlainfo.ba\/index.php\/novosti\/item\/296322-garden-centar-otvara-novu-poslovnicu-u-tk-raspisan-oglas-za-prijem-radnika\/"]}]},{"@type":"ImageObject","inLanguage":"bs-BA","@id":"https:\/\/tuzlainfo.ba\/index.php\/novosti\/item\/296322-garden-centar-otvara-novu-poslovnicu-u-tk-raspisan-oglas-za-prijem-radnika\/#primaryimage","url":"https:\/\/tuzlainfo.ba\/wp-content\/uploads\/2025\/11\/garden-centar.jpg","contentUrl":"https:\/\/tuzlainfo.ba\/wp-content\/uploads\/2025\/11\/garden-centar.jpg","width":2000,"height":1577},{"@type":"BreadcrumbList","@id":"https:\/\/tuzlainfo.ba\/index.php\/novosti\/item\/296322-garden-centar-otvara-novu-poslovnicu-u-tk-raspisan-oglas-za-prijem-radnika\/#breadcrumb","itemListElement":[{"@type":"ListItem","position":1,"name":"Home","item":"https:\/\/tuzlainfo.ba\/"},{"@type":"ListItem","position":2,"name":"Garden centar otvara novu poslovnicu u TK, raspisan oglas za prijem radnika"}]},{"@type":"WebSite","@id":"https:\/\/tuzlainfo.ba\/#website","url":"https:\/\/tuzlainfo.ba\/","name":"TuzlaInfo.ba","description":"Tuzla info, gradski informator - Tuzla na dlanu","publisher":{"@id":"https:\/\/tuzlainfo.ba\/#organization"},"potentialAction":[{"@type":"SearchAction","target":{"@type":"EntryPoint","urlTemplate":"https:\/\/tuzlainfo.ba\/?s={search_term_string}"},"query-input":{"@type":"PropertyValueSpecification","valueRequired":true,"valueName":"search_term_string"}}],"inLanguage":"bs-BA"},{"@type":"Organization","@id":"https:\/\/tuzlainfo.ba\/#organization","name":"TuzlaInfo.ba","url":"https:\/\/tuzlainfo.ba\/","logo":{"@type":"ImageObject","inLanguage":"bs-BA","@id":"https:\/\/tuzlainfo.ba\/#\/schema\/logo\/image\/","url":"https:\/\/tuzlainfo.ba\/wp-content\/uploads\/2021\/03\/logo-ver-3-1.png","contentUrl":"https:\/\/tuzlainfo.ba\/wp-content\/uploads\/2021\/03\/logo-ver-3-1.png","width":350,"height":95,"caption":"TuzlaInfo.ba"},"image":{"@id":"https:\/\/tuzlainfo.ba\/#\/schema\/logo\/image\/"},"sameAs":["https:\/\/www.facebook.com\/tuzlainfo.ba\/"]},{"@type":"Person","@id":"https:\/\/tuzlainfo.ba\/#\/schema\/person\/46cad4c57790cbc50781edd14870825a","name":"Tuzla Info","image":{"@type":"ImageObject","inLanguage":"bs-BA","@id":"https:\/\/tuzlainfo.ba\/#\/schema\/person\/image\/","url":"https:\/\/tuzlainfo.ba\/wp-content\/litespeed\/avatar\/b6c453a6c38e3654f2e4416c643fc25c.jpg?ver=1777656712","contentUrl":"https:\/\/tuzlainfo.ba\/wp-content\/litespeed\/avatar\/b6c453a6c38e3654f2e4416c643fc25c.jpg?ver=1777656712","caption":"Tuzla Info"}}]}},"_links":{"self":[{"href":"https:\/\/tuzlainfo.ba\/index.php\/wp-json\/wp\/v2\/posts\/296322"}],"collection":[{"href":"https:\/\/tuzlainfo.ba\/index.php\/wp-json\/wp\/v2\/posts"}],"about":[{"href":"https:\/\/tuzlainfo.ba\/index.php\/wp-json\/wp\/v2\/types\/post"}],"author":[{"embeddable":true,"href":"https:\/\/tuzlainfo.ba\/index.php\/wp-json\/wp\/v2\/users\/4"}],"replies":[{"embeddable":true,"href":"https:\/\/tuzlainfo.ba\/index.php\/wp-json\/wp\/v2\/comments?post=296322"}],"version-history":[{"count":1,"href":"https:\/\/tuzlainfo.ba\/index.php\/wp-json\/wp\/v2\/posts\/296322\/revisions"}],"predecessor-version":[{"id":296326,"href":"https:\/\/tuzlainfo.ba\/index.php\/wp-json\/wp\/v2\/posts\/296322\/revisions\/296326"}],"wp:featuredmedia":[{"embeddable":true,"href":"https:\/\/tuzlainfo.ba\/index.php\/wp-json\/wp\/v2\/media\/285931"}],"wp:attachment":[{"href":"https:\/\/tuzlainfo.ba\/index.php\/wp-json\/wp\/v2\/media?parent=296322"}],"wp:term":[{"taxonomy":"category","embeddable":true,"href":"https:\/\/tuzlainfo.ba\/index.php\/wp-json\/wp\/v2\/categories?post=296322"},{"taxonomy":"post_tag","embeddable":true,"href":"https:\/\/tuzlainfo.ba\/index.php\/wp-json\/wp\/v2\/tags?post=296322"}],"curies":[{"name":"wp","href":"https:\/\/api.w.org\/{rel}","templated":true}]}}