{"id":295997,"date":"2026-03-02T15:05:35","date_gmt":"2026-03-02T14:05:35","guid":{"rendered":"https:\/\/tuzlainfo.ba\/?p=295997"},"modified":"2026-02-27T13:58:25","modified_gmt":"2026-02-27T12:58:25","slug":"u-cetvrtak-isplata-penzija-u-fbih-uz-novo-povecanje","status":"publish","type":"post","link":"https:\/\/tuzlainfo.ba\/index.php\/bosna-i-hercegovina\/item\/295997-u-cetvrtak-isplata-penzija-u-fbih-uz-novo-povecanje\/","title":{"rendered":"U \u010detvrtak isplata penzija u FBiH uz novo pove\u0107anje"},"content":{"rendered":"<p data-start=\"50\" data-end=\"184\">Isplata februarskih penzija u Federaciji BiH trebala bi po\u010deti 5. marta 2026. godine, a penzije \u0107e biti uve\u0107ane za 0,06 posto.<\/p>\n<p data-start=\"186\" data-end=\"487\"><span class=\"hover:entity-accent entity-underline inline cursor-pointer align-baseline\"><span class=\"whitespace-normal\">Vlada Federacije Bosne i Hercegovine<\/span><\/span> je na telefonskoj sjednici odr\u017eanoj 20. februara, na prijedlog Federalnog ministarstva rada i socijalne politike, donijela zaklju\u010dak kojim prima na znanje i odobrava Odluku o uskla\u0111ivanju penzija u skladu s \u010dlanom 79. Zakona o penzijskom i invalidskom osiguranju.<\/p>\n<p data-start=\"489\" data-end=\"663\">Odluku o uskla\u0111ivanju penzija u iznosu od 11,26 posto, na visinu penzije ispla\u0107enu za decembar 2025. godine, donio je Upravni odbor <span class=\"hover:entity-accent entity-underline inline cursor-pointer align-baseline\"><span class=\"whitespace-normal\">Federalni zavod za penzijsko i invalidsko osiguranje<\/span><\/span>.<\/p>\n<p data-start=\"665\" data-end=\"803\" data-is-last-node=\"\" data-is-only-node=\"\">Prema ovom uskla\u0111ivanju, minimalne penzije koje sada iznose 666,40 KM bit \u0107e pove\u0107ane za 36 feninga, te \u0107e iznositi 666,76 KM.<\/p>\n","protected":false},"excerpt":{"rendered":"<p>Isplata februarskih penzija u Federaciji BiH trebala bi po\u010deti 5. marta 2026. godine, a penzije \u0107e biti uve\u0107ane za 0,06 posto. Vlada Federacije Bosne i Hercegovine je na telefonskoj sjednici odr\u017eanoj 20. februara, na prijedlog Federalnog ministarstva rada i socijalne politike, donijela zaklju\u010dak kojim prima na znanje i odobrava Odluku o uskla\u0111ivanju penzija u skladu [&hellip;]<\/p>\n","protected":false},"author":4,"featured_media":290971,"comment_status":"closed","ping_status":"closed","sticky":false,"template":"","format":"standard","meta":{"footnotes":""},"categories":[291,304],"tags":[532,998,5593],"class_list":["post-295997","post","type-post","status-publish","format-standard","has-post-thumbnail","hentry","category-bosna-i-hercegovina","category-istaknuto","tag-fbih","tag-isplata-penzija","tag-povecanje-penzija"],"yoast_head":"<!-- This site is optimized with the Yoast SEO plugin v28.3 - https:\/\/yoast.com\/product\/yoast-seo-wordpress\/ -->\n<title>U \u010detvrtak isplata penzija u FBiH uz novo pove\u0107anje<\/title>\n<meta name=\"robots\" content=\"index, follow, max-snippet:-1, max-image-preview:large, max-video-preview:-1\" \/>\n<link rel=\"canonical\" href=\"https:\/\/tuzlainfo.ba\/index.php\/bosna-i-hercegovina\/item\/295997-u-cetvrtak-isplata-penzija-u-fbih-uz-novo-povecanje\/\" \/>\n<meta property=\"og:locale\" content=\"bs_BA\" \/>\n<meta property=\"og:type\" content=\"article\" \/>\n<meta property=\"og:title\" content=\"U \u010detvrtak isplata penzija u FBiH uz novo pove\u0107anje\" \/>\n<meta property=\"og:description\" content=\"Isplata februarskih penzija u Federaciji BiH trebala bi po\u010deti 5. marta 2026. godine, a penzije \u0107e biti uve\u0107ane za 0,06 posto. Vlada Federacije Bosne i Hercegovine je na telefonskoj sjednici odr\u017eanoj 20. februara, na prijedlog Federalnog ministarstva rada i socijalne politike, donijela zaklju\u010dak kojim prima na znanje i odobrava Odluku o uskla\u0111ivanju penzija u skladu [&hellip;]\" \/>\n<meta property=\"og:url\" content=\"https:\/\/tuzlainfo.ba\/index.php\/bosna-i-hercegovina\/item\/295997-u-cetvrtak-isplata-penzija-u-fbih-uz-novo-povecanje\/\" \/>\n<meta property=\"og:site_name\" content=\"TuzlaInfo.ba\" \/>\n<meta property=\"article:publisher\" content=\"https:\/\/www.facebook.com\/tuzlainfo.ba\/\" \/>\n<meta property=\"article:published_time\" content=\"2026-03-02T14:05:35+00:00\" \/>\n<meta property=\"og:image\" content=\"https:\/\/tuzlainfo.ba\/wp-content\/uploads\/2026\/01\/0201_penzija_isplata_penzije.jpg\" \/>\n\t<meta property=\"og:image:width\" content=\"869\" \/>\n\t<meta property=\"og:image:height\" content=\"594\" \/>\n\t<meta property=\"og:image:type\" content=\"image\/jpeg\" \/>\n<meta name=\"author\" content=\"Tuzla Info\" \/>\n<meta name=\"twitter:card\" content=\"summary_large_image\" \/>\n<meta name=\"twitter:label1\" content=\"Written by\" \/>\n\t<meta name=\"twitter:data1\" content=\"Tuzla Info\" \/>\n\t<meta name=\"twitter:label2\" content=\"Est. reading time\" \/>\n\t<meta name=\"twitter:data2\" content=\"1 minuta\" \/>\n<script type=\"application\/ld+json\" class=\"yoast-schema-graph\">{\"@context\":\"https:\\\/\\\/schema.org\",\"@graph\":[{\"@type\":\"Article\",\"@id\":\"https:\\\/\\\/tuzlainfo.ba\\\/index.php\\\/bosna-i-hercegovina\\\/item\\\/295997-u-cetvrtak-isplata-penzija-u-fbih-uz-novo-povecanje\\\/#article\",\"isPartOf\":{\"@id\":\"https:\\\/\\\/tuzlainfo.ba\\\/index.php\\\/bosna-i-hercegovina\\\/item\\\/295997-u-cetvrtak-isplata-penzija-u-fbih-uz-novo-povecanje\\\/\"},\"author\":{\"name\":\"Tuzla Info\",\"@id\":\"https:\\\/\\\/tuzlainfo.ba\\\/#\\\/schema\\\/person\\\/46cad4c57790cbc50781edd14870825a\"},\"headline\":\"U \u010detvrtak isplata penzija u FBiH uz novo pove\u0107anje\",\"datePublished\":\"2026-03-02T14:05:35+00:00\",\"mainEntityOfPage\":{\"@id\":\"https:\\\/\\\/tuzlainfo.ba\\\/index.php\\\/bosna-i-hercegovina\\\/item\\\/295997-u-cetvrtak-isplata-penzija-u-fbih-uz-novo-povecanje\\\/\"},\"wordCount\":122,\"publisher\":{\"@id\":\"https:\\\/\\\/tuzlainfo.ba\\\/#organization\"},\"image\":{\"@id\":\"https:\\\/\\\/tuzlainfo.ba\\\/index.php\\\/bosna-i-hercegovina\\\/item\\\/295997-u-cetvrtak-isplata-penzija-u-fbih-uz-novo-povecanje\\\/#primaryimage\"},\"thumbnailUrl\":\"https:\\\/\\\/tuzlainfo.ba\\\/wp-content\\\/uploads\\\/2026\\\/01\\\/0201_penzija_isplata_penzije.jpg\",\"keywords\":[\"fbih\",\"isplata penzija\",\"povecanje penzija\"],\"articleSection\":[\"Bosna i Hercegovina\",\"Istaknuto\"],\"inLanguage\":\"bs-BA\",\"copyrightYear\":\"2026\",\"copyrightHolder\":{\"@id\":\"https:\\\/\\\/tuzlainfo.ba\\\/#organization\"}},{\"@type\":\"WebPage\",\"@id\":\"https:\\\/\\\/tuzlainfo.ba\\\/index.php\\\/bosna-i-hercegovina\\\/item\\\/295997-u-cetvrtak-isplata-penzija-u-fbih-uz-novo-povecanje\\\/\",\"url\":\"https:\\\/\\\/tuzlainfo.ba\\\/index.php\\\/bosna-i-hercegovina\\\/item\\\/295997-u-cetvrtak-isplata-penzija-u-fbih-uz-novo-povecanje\\\/\",\"name\":\"U \u010detvrtak isplata penzija u FBiH uz novo pove\u0107anje\",\"isPartOf\":{\"@id\":\"https:\\\/\\\/tuzlainfo.ba\\\/#website\"},\"primaryImageOfPage\":{\"@id\":\"https:\\\/\\\/tuzlainfo.ba\\\/index.php\\\/bosna-i-hercegovina\\\/item\\\/295997-u-cetvrtak-isplata-penzija-u-fbih-uz-novo-povecanje\\\/#primaryimage\"},\"image\":{\"@id\":\"https:\\\/\\\/tuzlainfo.ba\\\/index.php\\\/bosna-i-hercegovina\\\/item\\\/295997-u-cetvrtak-isplata-penzija-u-fbih-uz-novo-povecanje\\\/#primaryimage\"},\"thumbnailUrl\":\"https:\\\/\\\/tuzlainfo.ba\\\/wp-content\\\/uploads\\\/2026\\\/01\\\/0201_penzija_isplata_penzije.jpg\",\"datePublished\":\"2026-03-02T14:05:35+00:00\",\"breadcrumb\":{\"@id\":\"https:\\\/\\\/tuzlainfo.ba\\\/index.php\\\/bosna-i-hercegovina\\\/item\\\/295997-u-cetvrtak-isplata-penzija-u-fbih-uz-novo-povecanje\\\/#breadcrumb\"},\"inLanguage\":\"bs-BA\",\"potentialAction\":[{\"@type\":\"ReadAction\",\"target\":[\"https:\\\/\\\/tuzlainfo.ba\\\/index.php\\\/bosna-i-hercegovina\\\/item\\\/295997-u-cetvrtak-isplata-penzija-u-fbih-uz-novo-povecanje\\\/\"]}]},{\"@type\":\"ImageObject\",\"inLanguage\":\"bs-BA\",\"@id\":\"https:\\\/\\\/tuzlainfo.ba\\\/index.php\\\/bosna-i-hercegovina\\\/item\\\/295997-u-cetvrtak-isplata-penzija-u-fbih-uz-novo-povecanje\\\/#primaryimage\",\"url\":\"https:\\\/\\\/tuzlainfo.ba\\\/wp-content\\\/uploads\\\/2026\\\/01\\\/0201_penzija_isplata_penzije.jpg\",\"contentUrl\":\"https:\\\/\\\/tuzlainfo.ba\\\/wp-content\\\/uploads\\\/2026\\\/01\\\/0201_penzija_isplata_penzije.jpg\",\"width\":869,\"height\":594},{\"@type\":\"BreadcrumbList\",\"@id\":\"https:\\\/\\\/tuzlainfo.ba\\\/index.php\\\/bosna-i-hercegovina\\\/item\\\/295997-u-cetvrtak-isplata-penzija-u-fbih-uz-novo-povecanje\\\/#breadcrumb\",\"itemListElement\":[{\"@type\":\"ListItem\",\"position\":1,\"name\":\"Home\",\"item\":\"https:\\\/\\\/tuzlainfo.ba\\\/\"},{\"@type\":\"ListItem\",\"position\":2,\"name\":\"U \u010detvrtak isplata penzija u FBiH uz novo pove\u0107anje\"}]},{\"@type\":\"WebSite\",\"@id\":\"https:\\\/\\\/tuzlainfo.ba\\\/#website\",\"url\":\"https:\\\/\\\/tuzlainfo.ba\\\/\",\"name\":\"TuzlaInfo.ba\",\"description\":\"Tuzla info, gradski informator - Tuzla na dlanu\",\"publisher\":{\"@id\":\"https:\\\/\\\/tuzlainfo.ba\\\/#organization\"},\"potentialAction\":[{\"@type\":\"SearchAction\",\"target\":{\"@type\":\"EntryPoint\",\"urlTemplate\":\"https:\\\/\\\/tuzlainfo.ba\\\/?s={search_term_string}\"},\"query-input\":{\"@type\":\"PropertyValueSpecification\",\"valueRequired\":true,\"valueName\":\"search_term_string\"}}],\"inLanguage\":\"bs-BA\"},{\"@type\":\"Organization\",\"@id\":\"https:\\\/\\\/tuzlainfo.ba\\\/#organization\",\"name\":\"TuzlaInfo.ba\",\"url\":\"https:\\\/\\\/tuzlainfo.ba\\\/\",\"logo\":{\"@type\":\"ImageObject\",\"inLanguage\":\"bs-BA\",\"@id\":\"https:\\\/\\\/tuzlainfo.ba\\\/#\\\/schema\\\/logo\\\/image\\\/\",\"url\":\"https:\\\/\\\/tuzlainfo.ba\\\/wp-content\\\/uploads\\\/2021\\\/03\\\/logo-ver-3-1.png\",\"contentUrl\":\"https:\\\/\\\/tuzlainfo.ba\\\/wp-content\\\/uploads\\\/2021\\\/03\\\/logo-ver-3-1.png\",\"width\":350,\"height\":95,\"caption\":\"TuzlaInfo.ba\"},\"image\":{\"@id\":\"https:\\\/\\\/tuzlainfo.ba\\\/#\\\/schema\\\/logo\\\/image\\\/\"},\"sameAs\":[\"https:\\\/\\\/www.facebook.com\\\/tuzlainfo.ba\\\/\"]},{\"@type\":\"Person\",\"@id\":\"https:\\\/\\\/tuzlainfo.ba\\\/#\\\/schema\\\/person\\\/46cad4c57790cbc50781edd14870825a\",\"name\":\"Tuzla Info\",\"image\":{\"@type\":\"ImageObject\",\"inLanguage\":\"bs-BA\",\"@id\":\"https:\\\/\\\/secure.gravatar.com\\\/avatar\\\/e980921b00fa2e552723a2386544734ce6885d2b2304ccca3f45186f9ca4031d?s=96&d=mm&r=g\",\"url\":\"https:\\\/\\\/secure.gravatar.com\\\/avatar\\\/e980921b00fa2e552723a2386544734ce6885d2b2304ccca3f45186f9ca4031d?s=96&d=mm&r=g\",\"contentUrl\":\"https:\\\/\\\/secure.gravatar.com\\\/avatar\\\/e980921b00fa2e552723a2386544734ce6885d2b2304ccca3f45186f9ca4031d?s=96&d=mm&r=g\",\"caption\":\"Tuzla Info\"}}]}<\/script>\n<!-- \/ Yoast SEO plugin. -->","yoast_head_json":{"title":"U \u010detvrtak isplata penzija u FBiH uz novo pove\u0107anje","robots":{"index":"index","follow":"follow","max-snippet":"max-snippet:-1","max-image-preview":"max-image-preview:large","max-video-preview":"max-video-preview:-1"},"canonical":"https:\/\/tuzlainfo.ba\/index.php\/bosna-i-hercegovina\/item\/295997-u-cetvrtak-isplata-penzija-u-fbih-uz-novo-povecanje\/","og_locale":"bs_BA","og_type":"article","og_title":"U \u010detvrtak isplata penzija u FBiH uz novo pove\u0107anje","og_description":"Isplata februarskih penzija u Federaciji BiH trebala bi po\u010deti 5. marta 2026. godine, a penzije \u0107e biti uve\u0107ane za 0,06 posto. Vlada Federacije Bosne i Hercegovine je na telefonskoj sjednici odr\u017eanoj 20. februara, na prijedlog Federalnog ministarstva rada i socijalne politike, donijela zaklju\u010dak kojim prima na znanje i odobrava Odluku o uskla\u0111ivanju penzija u skladu [&hellip;]","og_url":"https:\/\/tuzlainfo.ba\/index.php\/bosna-i-hercegovina\/item\/295997-u-cetvrtak-isplata-penzija-u-fbih-uz-novo-povecanje\/","og_site_name":"TuzlaInfo.ba","article_publisher":"https:\/\/www.facebook.com\/tuzlainfo.ba\/","article_published_time":"2026-03-02T14:05:35+00:00","og_image":[{"width":869,"height":594,"url":"https:\/\/tuzlainfo.ba\/wp-content\/uploads\/2026\/01\/0201_penzija_isplata_penzije.jpg","type":"image\/jpeg"}],"author":"Tuzla Info","twitter_card":"summary_large_image","twitter_misc":{"Written by":"Tuzla Info","Est. reading time":"1 minuta"},"schema":{"@context":"https:\/\/schema.org","@graph":[{"@type":"Article","@id":"https:\/\/tuzlainfo.ba\/index.php\/bosna-i-hercegovina\/item\/295997-u-cetvrtak-isplata-penzija-u-fbih-uz-novo-povecanje\/#article","isPartOf":{"@id":"https:\/\/tuzlainfo.ba\/index.php\/bosna-i-hercegovina\/item\/295997-u-cetvrtak-isplata-penzija-u-fbih-uz-novo-povecanje\/"},"author":{"name":"Tuzla Info","@id":"https:\/\/tuzlainfo.ba\/#\/schema\/person\/46cad4c57790cbc50781edd14870825a"},"headline":"U \u010detvrtak isplata penzija u FBiH uz novo pove\u0107anje","datePublished":"2026-03-02T14:05:35+00:00","mainEntityOfPage":{"@id":"https:\/\/tuzlainfo.ba\/index.php\/bosna-i-hercegovina\/item\/295997-u-cetvrtak-isplata-penzija-u-fbih-uz-novo-povecanje\/"},"wordCount":122,"publisher":{"@id":"https:\/\/tuzlainfo.ba\/#organization"},"image":{"@id":"https:\/\/tuzlainfo.ba\/index.php\/bosna-i-hercegovina\/item\/295997-u-cetvrtak-isplata-penzija-u-fbih-uz-novo-povecanje\/#primaryimage"},"thumbnailUrl":"https:\/\/tuzlainfo.ba\/wp-content\/uploads\/2026\/01\/0201_penzija_isplata_penzije.jpg","keywords":["fbih","isplata penzija","povecanje penzija"],"articleSection":["Bosna i Hercegovina","Istaknuto"],"inLanguage":"bs-BA","copyrightYear":"2026","copyrightHolder":{"@id":"https:\/\/tuzlainfo.ba\/#organization"}},{"@type":"WebPage","@id":"https:\/\/tuzlainfo.ba\/index.php\/bosna-i-hercegovina\/item\/295997-u-cetvrtak-isplata-penzija-u-fbih-uz-novo-povecanje\/","url":"https:\/\/tuzlainfo.ba\/index.php\/bosna-i-hercegovina\/item\/295997-u-cetvrtak-isplata-penzija-u-fbih-uz-novo-povecanje\/","name":"U \u010detvrtak isplata penzija u FBiH uz novo pove\u0107anje","isPartOf":{"@id":"https:\/\/tuzlainfo.ba\/#website"},"primaryImageOfPage":{"@id":"https:\/\/tuzlainfo.ba\/index.php\/bosna-i-hercegovina\/item\/295997-u-cetvrtak-isplata-penzija-u-fbih-uz-novo-povecanje\/#primaryimage"},"image":{"@id":"https:\/\/tuzlainfo.ba\/index.php\/bosna-i-hercegovina\/item\/295997-u-cetvrtak-isplata-penzija-u-fbih-uz-novo-povecanje\/#primaryimage"},"thumbnailUrl":"https:\/\/tuzlainfo.ba\/wp-content\/uploads\/2026\/01\/0201_penzija_isplata_penzije.jpg","datePublished":"2026-03-02T14:05:35+00:00","breadcrumb":{"@id":"https:\/\/tuzlainfo.ba\/index.php\/bosna-i-hercegovina\/item\/295997-u-cetvrtak-isplata-penzija-u-fbih-uz-novo-povecanje\/#breadcrumb"},"inLanguage":"bs-BA","potentialAction":[{"@type":"ReadAction","target":["https:\/\/tuzlainfo.ba\/index.php\/bosna-i-hercegovina\/item\/295997-u-cetvrtak-isplata-penzija-u-fbih-uz-novo-povecanje\/"]}]},{"@type":"ImageObject","inLanguage":"bs-BA","@id":"https:\/\/tuzlainfo.ba\/index.php\/bosna-i-hercegovina\/item\/295997-u-cetvrtak-isplata-penzija-u-fbih-uz-novo-povecanje\/#primaryimage","url":"https:\/\/tuzlainfo.ba\/wp-content\/uploads\/2026\/01\/0201_penzija_isplata_penzije.jpg","contentUrl":"https:\/\/tuzlainfo.ba\/wp-content\/uploads\/2026\/01\/0201_penzija_isplata_penzije.jpg","width":869,"height":594},{"@type":"BreadcrumbList","@id":"https:\/\/tuzlainfo.ba\/index.php\/bosna-i-hercegovina\/item\/295997-u-cetvrtak-isplata-penzija-u-fbih-uz-novo-povecanje\/#breadcrumb","itemListElement":[{"@type":"ListItem","position":1,"name":"Home","item":"https:\/\/tuzlainfo.ba\/"},{"@type":"ListItem","position":2,"name":"U \u010detvrtak isplata penzija u FBiH uz novo pove\u0107anje"}]},{"@type":"WebSite","@id":"https:\/\/tuzlainfo.ba\/#website","url":"https:\/\/tuzlainfo.ba\/","name":"TuzlaInfo.ba","description":"Tuzla info, gradski informator - Tuzla na dlanu","publisher":{"@id":"https:\/\/tuzlainfo.ba\/#organization"},"potentialAction":[{"@type":"SearchAction","target":{"@type":"EntryPoint","urlTemplate":"https:\/\/tuzlainfo.ba\/?s={search_term_string}"},"query-input":{"@type":"PropertyValueSpecification","valueRequired":true,"valueName":"search_term_string"}}],"inLanguage":"bs-BA"},{"@type":"Organization","@id":"https:\/\/tuzlainfo.ba\/#organization","name":"TuzlaInfo.ba","url":"https:\/\/tuzlainfo.ba\/","logo":{"@type":"ImageObject","inLanguage":"bs-BA","@id":"https:\/\/tuzlainfo.ba\/#\/schema\/logo\/image\/","url":"https:\/\/tuzlainfo.ba\/wp-content\/uploads\/2021\/03\/logo-ver-3-1.png","contentUrl":"https:\/\/tuzlainfo.ba\/wp-content\/uploads\/2021\/03\/logo-ver-3-1.png","width":350,"height":95,"caption":"TuzlaInfo.ba"},"image":{"@id":"https:\/\/tuzlainfo.ba\/#\/schema\/logo\/image\/"},"sameAs":["https:\/\/www.facebook.com\/tuzlainfo.ba\/"]},{"@type":"Person","@id":"https:\/\/tuzlainfo.ba\/#\/schema\/person\/46cad4c57790cbc50781edd14870825a","name":"Tuzla Info","image":{"@type":"ImageObject","inLanguage":"bs-BA","@id":"https:\/\/secure.gravatar.com\/avatar\/e980921b00fa2e552723a2386544734ce6885d2b2304ccca3f45186f9ca4031d?s=96&d=mm&r=g","url":"https:\/\/secure.gravatar.com\/avatar\/e980921b00fa2e552723a2386544734ce6885d2b2304ccca3f45186f9ca4031d?s=96&d=mm&r=g","contentUrl":"https:\/\/secure.gravatar.com\/avatar\/e980921b00fa2e552723a2386544734ce6885d2b2304ccca3f45186f9ca4031d?s=96&d=mm&r=g","caption":"Tuzla Info"}}]}},"_links":{"self":[{"href":"https:\/\/tuzlainfo.ba\/index.php\/wp-json\/wp\/v2\/posts\/295997","targetHints":{"allow":["GET"]}}],"collection":[{"href":"https:\/\/tuzlainfo.ba\/index.php\/wp-json\/wp\/v2\/posts"}],"about":[{"href":"https:\/\/tuzlainfo.ba\/index.php\/wp-json\/wp\/v2\/types\/post"}],"author":[{"embeddable":true,"href":"https:\/\/tuzlainfo.ba\/index.php\/wp-json\/wp\/v2\/users\/4"}],"replies":[{"embeddable":true,"href":"https:\/\/tuzlainfo.ba\/index.php\/wp-json\/wp\/v2\/comments?post=295997"}],"version-history":[{"count":1,"href":"https:\/\/tuzlainfo.ba\/index.php\/wp-json\/wp\/v2\/posts\/295997\/revisions"}],"predecessor-version":[{"id":295998,"href":"https:\/\/tuzlainfo.ba\/index.php\/wp-json\/wp\/v2\/posts\/295997\/revisions\/295998"}],"wp:featuredmedia":[{"embeddable":true,"href":"https:\/\/tuzlainfo.ba\/index.php\/wp-json\/wp\/v2\/media\/290971"}],"wp:attachment":[{"href":"https:\/\/tuzlainfo.ba\/index.php\/wp-json\/wp\/v2\/media?parent=295997"}],"wp:term":[{"taxonomy":"category","embeddable":true,"href":"https:\/\/tuzlainfo.ba\/index.php\/wp-json\/wp\/v2\/categories?post=295997"},{"taxonomy":"post_tag","embeddable":true,"href":"https:\/\/tuzlainfo.ba\/index.php\/wp-json\/wp\/v2\/tags?post=295997"}],"curies":[{"name":"wp","href":"https:\/\/api.w.org\/{rel}","templated":true}]}}