{"id":295728,"date":"2026-02-25T15:07:58","date_gmt":"2026-02-25T14:07:58","guid":{"rendered":"https:\/\/tuzlainfo.ba\/?p=295728"},"modified":"2026-02-25T11:18:32","modified_gmt":"2026-02-25T10:18:32","slug":"muzicka-skola-tuzla-organizuje-koncert-povodom-dana-nezavisnosti-bih","status":"publish","type":"post","link":"https:\/\/tuzlainfo.ba\/index.php\/najava-dogadaja-2\/item\/295728-muzicka-skola-tuzla-organizuje-koncert-povodom-dana-nezavisnosti-bih\/","title":{"rendered":"Muzi\u010dka \u0161kola Tuzla organizuje koncert povodom Dana nezavisnosti BiH"},"content":{"rendered":"<p data-start=\"158\" data-end=\"286\">JU Osnovna muzi\u010dka \u0161kola Tuzla organizuje sve\u010dani koncert u\u010denika povodom obilje\u017eavanja Dana nezavisnosti Bosne i Hercegovine.<\/p>\n<p data-start=\"288\" data-end=\"473\">Koncert \u0107e biti odr\u017ean 26. februara 2026. godine s po\u010detkom u 19:00 sati u koncertnoj dvorani Muzi\u010dke \u0161kole, na adresi Ludviga Kube broj 1 u Tuzli. Ulaz za sve posjetioce je slobodan.<\/p>\n<p data-start=\"475\" data-end=\"701\">U programu \u0107e nastupiti solisti \u0161kole, kao i orkestar harmonika JU Osnovne muzi\u010dke \u0161kole Tuzla. Publika \u0107e imati priliku \u010duti pa\u017eljivo odabran repertoar u duhu slobode, zajedni\u0161tva i kulturnog identiteta Bosne i Hercegovine.<\/p>\n<p data-start=\"703\" data-end=\"931\">Ovim koncertom \u0161kola \u017eeli dati doprinos obilje\u017eavanju jednog od najzna\u010dajnijih datuma u historiji zemlje, isti\u010du\u0107i va\u017enost umjetnosti i obrazovanja u izgradnji dru\u0161tva zasnovanog na znanju, toleranciji i me\u0111usobnom po\u0161tovanju.<\/p>\n<p data-start=\"933\" data-end=\"1279\">Direktor \u0161kole, magistar muzi\u010dkih umjetnosti Jasmin Hasi\u0107, istakao je da Dan nezavisnosti obilje\u017eavaju muzikom jer umjetnost na poseban na\u010din izra\u017eava slobodu i identitet jednog naroda. Naglasio je da u\u010denici svojim talentom i predano\u0161\u0107u potvr\u0111uju da Bosna i Hercegovina ima budu\u0107nost u mladim, obrazovanim i kulturno osvije\u0161tenim generacijama.<\/p>\n<p data-start=\"1281\" data-end=\"1456\">JU Osnovna muzi\u010dka \u0161kola Tuzla kontinuirano doprinosi kulturnom \u017eivotu grada i afirmaciji mladih muzi\u010dkih talenata, njeguju\u0107i umjetni\u010dku izvrsnost i vrijednosti zajedni\u0161tva.<\/p>\n<p data-start=\"1458\" data-end=\"1617\">Organizatori pozivaju gra\u0111ane Tuzle i ljubitelje muzike da svojim prisustvom uveli\u010daju ovu sve\u010danost i zajedno obilje\u017ee Dan nezavisnosti Bosne i Hercegovine.<\/p>\n","protected":false},"excerpt":{"rendered":"<p>JU Osnovna muzi\u010dka \u0161kola Tuzla organizuje sve\u010dani koncert u\u010denika povodom obilje\u017eavanja Dana nezavisnosti Bosne i&hellip;<\/p>\n","protected":false},"author":4,"featured_media":295731,"comment_status":"closed","ping_status":"closed","sticky":false,"template":"","format":"standard","meta":{"_acf_changed":false,"footnotes":""},"categories":[11],"tags":[13474,1597,2462],"acf":[],"yoast_head":"<!-- This site is optimized with the Yoast SEO plugin v23.5 - https:\/\/yoast.com\/wordpress\/plugins\/seo\/ -->\n<title>Muzi\u010dka \u0161kola Tuzla organizuje koncert povodom Dana nezavisnosti BiH - TuzlaInfo.ba<\/title>\n<meta name=\"robots\" content=\"index, follow, max-snippet:-1, max-image-preview:large, max-video-preview:-1\" \/>\n<link rel=\"canonical\" href=\"https:\/\/tuzlainfo.ba\/index.php\/najava-dogadaja-2\/item\/295728-muzicka-skola-tuzla-organizuje-koncert-povodom-dana-nezavisnosti-bih\/\" \/>\n<meta property=\"og:locale\" content=\"bs_BA\" \/>\n<meta property=\"og:type\" content=\"article\" \/>\n<meta property=\"og:title\" content=\"Muzi\u010dka \u0161kola Tuzla organizuje koncert povodom Dana nezavisnosti BiH - TuzlaInfo.ba\" \/>\n<meta property=\"og:description\" content=\"JU Osnovna muzi\u010dka \u0161kola Tuzla organizuje sve\u010dani koncert u\u010denika povodom obilje\u017eavanja Dana nezavisnosti Bosne i&hellip;\" \/>\n<meta property=\"og:url\" content=\"https:\/\/tuzlainfo.ba\/index.php\/najava-dogadaja-2\/item\/295728-muzicka-skola-tuzla-organizuje-koncert-povodom-dana-nezavisnosti-bih\/\" \/>\n<meta property=\"og:site_name\" content=\"TuzlaInfo.ba\" \/>\n<meta property=\"article:publisher\" content=\"https:\/\/www.facebook.com\/tuzlainfo.ba\/\" \/>\n<meta property=\"article:published_time\" content=\"2026-02-25T14:07:58+00:00\" \/>\n<meta property=\"article:modified_time\" content=\"2026-02-25T10:18:32+00:00\" \/>\n<meta property=\"og:image\" content=\"https:\/\/tuzlainfo.ba\/wp-content\/uploads\/2026\/02\/plakat.jpg\" \/>\n\t<meta property=\"og:image:width\" content=\"1460\" \/>\n\t<meta property=\"og:image:height\" content=\"1356\" \/>\n\t<meta property=\"og:image:type\" content=\"image\/jpeg\" \/>\n<meta name=\"author\" content=\"Tuzla Info\" \/>\n<meta name=\"twitter:card\" content=\"summary_large_image\" \/>\n<meta name=\"twitter:label1\" content=\"Written by\" \/>\n\t<meta name=\"twitter:data1\" content=\"Tuzla Info\" \/>\n\t<meta name=\"twitter:label2\" content=\"Est. reading time\" \/>\n\t<meta name=\"twitter:data2\" content=\"2 minute\" \/>\n<script type=\"application\/ld+json\" class=\"yoast-schema-graph\">{\"@context\":\"https:\/\/schema.org\",\"@graph\":[{\"@type\":\"Article\",\"@id\":\"https:\/\/tuzlainfo.ba\/index.php\/najava-dogadaja-2\/item\/295728-muzicka-skola-tuzla-organizuje-koncert-povodom-dana-nezavisnosti-bih\/#article\",\"isPartOf\":{\"@id\":\"https:\/\/tuzlainfo.ba\/index.php\/najava-dogadaja-2\/item\/295728-muzicka-skola-tuzla-organizuje-koncert-povodom-dana-nezavisnosti-bih\/\"},\"author\":{\"name\":\"Tuzla Info\",\"@id\":\"https:\/\/tuzlainfo.ba\/#\/schema\/person\/46cad4c57790cbc50781edd14870825a\"},\"headline\":\"Muzi\u010dka \u0161kola Tuzla organizuje koncert povodom Dana nezavisnosti BiH\",\"datePublished\":\"2026-02-25T14:07:58+00:00\",\"dateModified\":\"2026-02-25T10:18:32+00:00\",\"mainEntityOfPage\":{\"@id\":\"https:\/\/tuzlainfo.ba\/index.php\/najava-dogadaja-2\/item\/295728-muzicka-skola-tuzla-organizuje-koncert-povodom-dana-nezavisnosti-bih\/\"},\"wordCount\":241,\"publisher\":{\"@id\":\"https:\/\/tuzlainfo.ba\/#organization\"},\"image\":{\"@id\":\"https:\/\/tuzlainfo.ba\/index.php\/najava-dogadaja-2\/item\/295728-muzicka-skola-tuzla-organizuje-koncert-povodom-dana-nezavisnosti-bih\/#primaryimage\"},\"thumbnailUrl\":\"https:\/\/tuzlainfo.ba\/wp-content\/uploads\/2026\/02\/plakat.jpg\",\"keywords\":[\"dan nezavinosti BiH\",\"koncert\",\"muzi\u010dka \u0161kola tuzla\"],\"articleSection\":[\"Najave i doga\u0111aji\"],\"inLanguage\":\"bs-BA\"},{\"@type\":\"WebPage\",\"@id\":\"https:\/\/tuzlainfo.ba\/index.php\/najava-dogadaja-2\/item\/295728-muzicka-skola-tuzla-organizuje-koncert-povodom-dana-nezavisnosti-bih\/\",\"url\":\"https:\/\/tuzlainfo.ba\/index.php\/najava-dogadaja-2\/item\/295728-muzicka-skola-tuzla-organizuje-koncert-povodom-dana-nezavisnosti-bih\/\",\"name\":\"Muzi\u010dka \u0161kola Tuzla organizuje koncert povodom Dana nezavisnosti BiH - TuzlaInfo.ba\",\"isPartOf\":{\"@id\":\"https:\/\/tuzlainfo.ba\/#website\"},\"primaryImageOfPage\":{\"@id\":\"https:\/\/tuzlainfo.ba\/index.php\/najava-dogadaja-2\/item\/295728-muzicka-skola-tuzla-organizuje-koncert-povodom-dana-nezavisnosti-bih\/#primaryimage\"},\"image\":{\"@id\":\"https:\/\/tuzlainfo.ba\/index.php\/najava-dogadaja-2\/item\/295728-muzicka-skola-tuzla-organizuje-koncert-povodom-dana-nezavisnosti-bih\/#primaryimage\"},\"thumbnailUrl\":\"https:\/\/tuzlainfo.ba\/wp-content\/uploads\/2026\/02\/plakat.jpg\",\"datePublished\":\"2026-02-25T14:07:58+00:00\",\"dateModified\":\"2026-02-25T10:18:32+00:00\",\"breadcrumb\":{\"@id\":\"https:\/\/tuzlainfo.ba\/index.php\/najava-dogadaja-2\/item\/295728-muzicka-skola-tuzla-organizuje-koncert-povodom-dana-nezavisnosti-bih\/#breadcrumb\"},\"inLanguage\":\"bs-BA\",\"potentialAction\":[{\"@type\":\"ReadAction\",\"target\":[\"https:\/\/tuzlainfo.ba\/index.php\/najava-dogadaja-2\/item\/295728-muzicka-skola-tuzla-organizuje-koncert-povodom-dana-nezavisnosti-bih\/\"]}]},{\"@type\":\"ImageObject\",\"inLanguage\":\"bs-BA\",\"@id\":\"https:\/\/tuzlainfo.ba\/index.php\/najava-dogadaja-2\/item\/295728-muzicka-skola-tuzla-organizuje-koncert-povodom-dana-nezavisnosti-bih\/#primaryimage\",\"url\":\"https:\/\/tuzlainfo.ba\/wp-content\/uploads\/2026\/02\/plakat.jpg\",\"contentUrl\":\"https:\/\/tuzlainfo.ba\/wp-content\/uploads\/2026\/02\/plakat.jpg\",\"width\":1460,\"height\":1356},{\"@type\":\"BreadcrumbList\",\"@id\":\"https:\/\/tuzlainfo.ba\/index.php\/najava-dogadaja-2\/item\/295728-muzicka-skola-tuzla-organizuje-koncert-povodom-dana-nezavisnosti-bih\/#breadcrumb\",\"itemListElement\":[{\"@type\":\"ListItem\",\"position\":1,\"name\":\"Home\",\"item\":\"https:\/\/tuzlainfo.ba\/\"},{\"@type\":\"ListItem\",\"position\":2,\"name\":\"Muzi\u010dka \u0161kola Tuzla organizuje koncert povodom Dana nezavisnosti BiH\"}]},{\"@type\":\"WebSite\",\"@id\":\"https:\/\/tuzlainfo.ba\/#website\",\"url\":\"https:\/\/tuzlainfo.ba\/\",\"name\":\"TuzlaInfo.ba\",\"description\":\"Tuzla info, gradski informator - Tuzla na dlanu\",\"publisher\":{\"@id\":\"https:\/\/tuzlainfo.ba\/#organization\"},\"potentialAction\":[{\"@type\":\"SearchAction\",\"target\":{\"@type\":\"EntryPoint\",\"urlTemplate\":\"https:\/\/tuzlainfo.ba\/?s={search_term_string}\"},\"query-input\":{\"@type\":\"PropertyValueSpecification\",\"valueRequired\":true,\"valueName\":\"search_term_string\"}}],\"inLanguage\":\"bs-BA\"},{\"@type\":\"Organization\",\"@id\":\"https:\/\/tuzlainfo.ba\/#organization\",\"name\":\"TuzlaInfo.ba\",\"url\":\"https:\/\/tuzlainfo.ba\/\",\"logo\":{\"@type\":\"ImageObject\",\"inLanguage\":\"bs-BA\",\"@id\":\"https:\/\/tuzlainfo.ba\/#\/schema\/logo\/image\/\",\"url\":\"https:\/\/tuzlainfo.ba\/wp-content\/uploads\/2021\/03\/logo-ver-3-1.png\",\"contentUrl\":\"https:\/\/tuzlainfo.ba\/wp-content\/uploads\/2021\/03\/logo-ver-3-1.png\",\"width\":350,\"height\":95,\"caption\":\"TuzlaInfo.ba\"},\"image\":{\"@id\":\"https:\/\/tuzlainfo.ba\/#\/schema\/logo\/image\/\"},\"sameAs\":[\"https:\/\/www.facebook.com\/tuzlainfo.ba\/\"]},{\"@type\":\"Person\",\"@id\":\"https:\/\/tuzlainfo.ba\/#\/schema\/person\/46cad4c57790cbc50781edd14870825a\",\"name\":\"Tuzla Info\",\"image\":{\"@type\":\"ImageObject\",\"inLanguage\":\"bs-BA\",\"@id\":\"https:\/\/tuzlainfo.ba\/#\/schema\/person\/image\/\",\"url\":\"https:\/\/tuzlainfo.ba\/wp-content\/litespeed\/avatar\/b6c453a6c38e3654f2e4416c643fc25c.jpg?ver=1777051911\",\"contentUrl\":\"https:\/\/tuzlainfo.ba\/wp-content\/litespeed\/avatar\/b6c453a6c38e3654f2e4416c643fc25c.jpg?ver=1777051911\",\"caption\":\"Tuzla Info\"}}]}<\/script>\n<!-- \/ Yoast SEO plugin. -->","yoast_head_json":{"title":"Muzi\u010dka \u0161kola Tuzla organizuje koncert povodom Dana nezavisnosti BiH - TuzlaInfo.ba","robots":{"index":"index","follow":"follow","max-snippet":"max-snippet:-1","max-image-preview":"max-image-preview:large","max-video-preview":"max-video-preview:-1"},"canonical":"https:\/\/tuzlainfo.ba\/index.php\/najava-dogadaja-2\/item\/295728-muzicka-skola-tuzla-organizuje-koncert-povodom-dana-nezavisnosti-bih\/","og_locale":"bs_BA","og_type":"article","og_title":"Muzi\u010dka \u0161kola Tuzla organizuje koncert povodom Dana nezavisnosti BiH - TuzlaInfo.ba","og_description":"JU Osnovna muzi\u010dka \u0161kola Tuzla organizuje sve\u010dani koncert u\u010denika povodom obilje\u017eavanja Dana nezavisnosti Bosne i&hellip;","og_url":"https:\/\/tuzlainfo.ba\/index.php\/najava-dogadaja-2\/item\/295728-muzicka-skola-tuzla-organizuje-koncert-povodom-dana-nezavisnosti-bih\/","og_site_name":"TuzlaInfo.ba","article_publisher":"https:\/\/www.facebook.com\/tuzlainfo.ba\/","article_published_time":"2026-02-25T14:07:58+00:00","article_modified_time":"2026-02-25T10:18:32+00:00","og_image":[{"width":1460,"height":1356,"url":"https:\/\/tuzlainfo.ba\/wp-content\/uploads\/2026\/02\/plakat.jpg","type":"image\/jpeg"}],"author":"Tuzla Info","twitter_card":"summary_large_image","twitter_misc":{"Written by":"Tuzla Info","Est. reading time":"2 minute"},"schema":{"@context":"https:\/\/schema.org","@graph":[{"@type":"Article","@id":"https:\/\/tuzlainfo.ba\/index.php\/najava-dogadaja-2\/item\/295728-muzicka-skola-tuzla-organizuje-koncert-povodom-dana-nezavisnosti-bih\/#article","isPartOf":{"@id":"https:\/\/tuzlainfo.ba\/index.php\/najava-dogadaja-2\/item\/295728-muzicka-skola-tuzla-organizuje-koncert-povodom-dana-nezavisnosti-bih\/"},"author":{"name":"Tuzla Info","@id":"https:\/\/tuzlainfo.ba\/#\/schema\/person\/46cad4c57790cbc50781edd14870825a"},"headline":"Muzi\u010dka \u0161kola Tuzla organizuje koncert povodom Dana nezavisnosti BiH","datePublished":"2026-02-25T14:07:58+00:00","dateModified":"2026-02-25T10:18:32+00:00","mainEntityOfPage":{"@id":"https:\/\/tuzlainfo.ba\/index.php\/najava-dogadaja-2\/item\/295728-muzicka-skola-tuzla-organizuje-koncert-povodom-dana-nezavisnosti-bih\/"},"wordCount":241,"publisher":{"@id":"https:\/\/tuzlainfo.ba\/#organization"},"image":{"@id":"https:\/\/tuzlainfo.ba\/index.php\/najava-dogadaja-2\/item\/295728-muzicka-skola-tuzla-organizuje-koncert-povodom-dana-nezavisnosti-bih\/#primaryimage"},"thumbnailUrl":"https:\/\/tuzlainfo.ba\/wp-content\/uploads\/2026\/02\/plakat.jpg","keywords":["dan nezavinosti BiH","koncert","muzi\u010dka \u0161kola tuzla"],"articleSection":["Najave i doga\u0111aji"],"inLanguage":"bs-BA"},{"@type":"WebPage","@id":"https:\/\/tuzlainfo.ba\/index.php\/najava-dogadaja-2\/item\/295728-muzicka-skola-tuzla-organizuje-koncert-povodom-dana-nezavisnosti-bih\/","url":"https:\/\/tuzlainfo.ba\/index.php\/najava-dogadaja-2\/item\/295728-muzicka-skola-tuzla-organizuje-koncert-povodom-dana-nezavisnosti-bih\/","name":"Muzi\u010dka \u0161kola Tuzla organizuje koncert povodom Dana nezavisnosti BiH - TuzlaInfo.ba","isPartOf":{"@id":"https:\/\/tuzlainfo.ba\/#website"},"primaryImageOfPage":{"@id":"https:\/\/tuzlainfo.ba\/index.php\/najava-dogadaja-2\/item\/295728-muzicka-skola-tuzla-organizuje-koncert-povodom-dana-nezavisnosti-bih\/#primaryimage"},"image":{"@id":"https:\/\/tuzlainfo.ba\/index.php\/najava-dogadaja-2\/item\/295728-muzicka-skola-tuzla-organizuje-koncert-povodom-dana-nezavisnosti-bih\/#primaryimage"},"thumbnailUrl":"https:\/\/tuzlainfo.ba\/wp-content\/uploads\/2026\/02\/plakat.jpg","datePublished":"2026-02-25T14:07:58+00:00","dateModified":"2026-02-25T10:18:32+00:00","breadcrumb":{"@id":"https:\/\/tuzlainfo.ba\/index.php\/najava-dogadaja-2\/item\/295728-muzicka-skola-tuzla-organizuje-koncert-povodom-dana-nezavisnosti-bih\/#breadcrumb"},"inLanguage":"bs-BA","potentialAction":[{"@type":"ReadAction","target":["https:\/\/tuzlainfo.ba\/index.php\/najava-dogadaja-2\/item\/295728-muzicka-skola-tuzla-organizuje-koncert-povodom-dana-nezavisnosti-bih\/"]}]},{"@type":"ImageObject","inLanguage":"bs-BA","@id":"https:\/\/tuzlainfo.ba\/index.php\/najava-dogadaja-2\/item\/295728-muzicka-skola-tuzla-organizuje-koncert-povodom-dana-nezavisnosti-bih\/#primaryimage","url":"https:\/\/tuzlainfo.ba\/wp-content\/uploads\/2026\/02\/plakat.jpg","contentUrl":"https:\/\/tuzlainfo.ba\/wp-content\/uploads\/2026\/02\/plakat.jpg","width":1460,"height":1356},{"@type":"BreadcrumbList","@id":"https:\/\/tuzlainfo.ba\/index.php\/najava-dogadaja-2\/item\/295728-muzicka-skola-tuzla-organizuje-koncert-povodom-dana-nezavisnosti-bih\/#breadcrumb","itemListElement":[{"@type":"ListItem","position":1,"name":"Home","item":"https:\/\/tuzlainfo.ba\/"},{"@type":"ListItem","position":2,"name":"Muzi\u010dka \u0161kola Tuzla organizuje koncert povodom Dana nezavisnosti BiH"}]},{"@type":"WebSite","@id":"https:\/\/tuzlainfo.ba\/#website","url":"https:\/\/tuzlainfo.ba\/","name":"TuzlaInfo.ba","description":"Tuzla info, gradski informator - Tuzla na dlanu","publisher":{"@id":"https:\/\/tuzlainfo.ba\/#organization"},"potentialAction":[{"@type":"SearchAction","target":{"@type":"EntryPoint","urlTemplate":"https:\/\/tuzlainfo.ba\/?s={search_term_string}"},"query-input":{"@type":"PropertyValueSpecification","valueRequired":true,"valueName":"search_term_string"}}],"inLanguage":"bs-BA"},{"@type":"Organization","@id":"https:\/\/tuzlainfo.ba\/#organization","name":"TuzlaInfo.ba","url":"https:\/\/tuzlainfo.ba\/","logo":{"@type":"ImageObject","inLanguage":"bs-BA","@id":"https:\/\/tuzlainfo.ba\/#\/schema\/logo\/image\/","url":"https:\/\/tuzlainfo.ba\/wp-content\/uploads\/2021\/03\/logo-ver-3-1.png","contentUrl":"https:\/\/tuzlainfo.ba\/wp-content\/uploads\/2021\/03\/logo-ver-3-1.png","width":350,"height":95,"caption":"TuzlaInfo.ba"},"image":{"@id":"https:\/\/tuzlainfo.ba\/#\/schema\/logo\/image\/"},"sameAs":["https:\/\/www.facebook.com\/tuzlainfo.ba\/"]},{"@type":"Person","@id":"https:\/\/tuzlainfo.ba\/#\/schema\/person\/46cad4c57790cbc50781edd14870825a","name":"Tuzla Info","image":{"@type":"ImageObject","inLanguage":"bs-BA","@id":"https:\/\/tuzlainfo.ba\/#\/schema\/person\/image\/","url":"https:\/\/tuzlainfo.ba\/wp-content\/litespeed\/avatar\/b6c453a6c38e3654f2e4416c643fc25c.jpg?ver=1777051911","contentUrl":"https:\/\/tuzlainfo.ba\/wp-content\/litespeed\/avatar\/b6c453a6c38e3654f2e4416c643fc25c.jpg?ver=1777051911","caption":"Tuzla Info"}}]}},"_links":{"self":[{"href":"https:\/\/tuzlainfo.ba\/index.php\/wp-json\/wp\/v2\/posts\/295728"}],"collection":[{"href":"https:\/\/tuzlainfo.ba\/index.php\/wp-json\/wp\/v2\/posts"}],"about":[{"href":"https:\/\/tuzlainfo.ba\/index.php\/wp-json\/wp\/v2\/types\/post"}],"author":[{"embeddable":true,"href":"https:\/\/tuzlainfo.ba\/index.php\/wp-json\/wp\/v2\/users\/4"}],"replies":[{"embeddable":true,"href":"https:\/\/tuzlainfo.ba\/index.php\/wp-json\/wp\/v2\/comments?post=295728"}],"version-history":[{"count":1,"href":"https:\/\/tuzlainfo.ba\/index.php\/wp-json\/wp\/v2\/posts\/295728\/revisions"}],"predecessor-version":[{"id":295732,"href":"https:\/\/tuzlainfo.ba\/index.php\/wp-json\/wp\/v2\/posts\/295728\/revisions\/295732"}],"wp:featuredmedia":[{"embeddable":true,"href":"https:\/\/tuzlainfo.ba\/index.php\/wp-json\/wp\/v2\/media\/295731"}],"wp:attachment":[{"href":"https:\/\/tuzlainfo.ba\/index.php\/wp-json\/wp\/v2\/media?parent=295728"}],"wp:term":[{"taxonomy":"category","embeddable":true,"href":"https:\/\/tuzlainfo.ba\/index.php\/wp-json\/wp\/v2\/categories?post=295728"},{"taxonomy":"post_tag","embeddable":true,"href":"https:\/\/tuzlainfo.ba\/index.php\/wp-json\/wp\/v2\/tags?post=295728"}],"curies":[{"name":"wp","href":"https:\/\/api.w.org\/{rel}","templated":true}]}}