{"id":295612,"date":"2026-02-28T21:48:31","date_gmt":"2026-02-28T20:48:31","guid":{"rendered":"https:\/\/tuzlainfo.ba\/?p=295612"},"modified":"2026-02-27T10:01:58","modified_gmt":"2026-02-27T09:01:58","slug":"veliko-interesovanje-publike-enis-beslagic-6-marta-ponovo-izvodi-da-sam-ja-neko-u-tuzli","status":"publish","type":"post","link":"https:\/\/tuzlainfo.ba\/index.php\/najava-dogadaja-2\/item\/295612-veliko-interesovanje-publike-enis-beslagic-6-marta-ponovo-izvodi-da-sam-ja-neko-u-tuzli\/","title":{"rendered":"Veliko interesovanje publike: Enis Be\u0161lagi\u0107 6. marta ponovo izvodi \u201cDa sam ja neko\u201d u Tuzli"},"content":{"rendered":"<p>Autorska predstava Enisa Be\u0161lagi\u0107a \u201eDa sam ja neko\u201c, s kojom jedan od najpopularnijih glumaca u regiji ve\u0107 mjesecima obara rekorde gledanosti, ponovo sti\u017ee pred tuzlansku publiku. Zbog velikog interesa publike, ova emotivna i iskrena predstava bit \u0107e izvedena\u00a0deveti put, i to\u00a06. marta 2026. godine s po\u010detkom u 20 sati, u Bosanskom kulturnom centru TK u Tuzli.<\/p>\n<p>Rije\u010d je o intimnoj, \u017eivotnoj i sna\u017eno emotivnoj predstavi u kojoj Be\u0161lagi\u0107 publici otkriva ono \u0161to se ne vidi iza reflektora i medijske slike. Kroz li\u010dne pri\u010de, iskustva i razmi\u0161ljanja, glumac dijeli svoje \u017eivotno putovanje i stvara poseban dijalog s publikom, ispunjen smijehom, suzama i iskrenim emocijama.<\/p>\n<p>\u2013\u00a0\u201e\u2018Da sam ja neko\u2019 je jedan put i jedan odabir onoga \u0161to ja jesam danas. To je pri\u010da koju dijelim sa svima vama koji gledate srcem. Na svoj na\u010din govorim o onome \u0161to se ne vidi iza medijske scene. Ovo je jedno lijepo dru\u017eenje uz mnogo iskrenih emocija koje \u0107emo podijeliti zajedno. Predstava je namijenjena svim generacijama, osim djeci mla\u0111oj od tri godine\u201c, poru\u010dio je Be\u0161lagi\u0107.<\/p>\n<p>Ulaznice su dostupne po cijenama od\u00a045 KM (prvi red), 35 KM i 30 KM, a mogu se kupiti putem sistema\u00a0kupikartu.ba, u\u00a0CD shopu Mido na Korzu\u00a0(kontakt: 061 191 321), kao i na blagajni\u00a0BKC TK.<\/p>\n<p>Sve dodatne informacije zainteresovani mogu dobiti u Marketing slu\u017ebi BKC TK, radnim danima od 8 do 15 sati, putem e-maila\u00a0marketing@bkctuzla.ba\u00a0ili na telefon\u00a0035 311 070.<\/p>\n","protected":false},"excerpt":{"rendered":"<p>Autorska predstava Enisa Be\u0161lagi\u0107a \u201eDa sam ja neko\u201c, s kojom jedan od najpopularnijih glumaca u&hellip;<\/p>\n","protected":false},"author":8,"featured_media":295613,"comment_status":"closed","ping_status":"closed","sticky":false,"template":"","format":"standard","meta":{"_acf_changed":false,"footnotes":""},"categories":[11],"tags":[13524,9564,1009],"acf":[],"yoast_head":"<!-- This site is optimized with the Yoast SEO plugin v23.5 - https:\/\/yoast.com\/wordpress\/plugins\/seo\/ -->\n<title>Veliko interesovanje publike: Enis Be\u0161lagi\u0107 6. marta ponovo izvodi \u201cDa sam ja neko\u201d u Tuzli - TuzlaInfo.ba<\/title>\n<meta name=\"robots\" content=\"index, follow, max-snippet:-1, max-image-preview:large, max-video-preview:-1\" \/>\n<link rel=\"canonical\" href=\"https:\/\/tuzlainfo.ba\/index.php\/najava-dogadaja-2\/item\/295612-veliko-interesovanje-publike-enis-beslagic-6-marta-ponovo-izvodi-da-sam-ja-neko-u-tuzli\/\" \/>\n<meta property=\"og:locale\" content=\"bs_BA\" \/>\n<meta property=\"og:type\" content=\"article\" \/>\n<meta property=\"og:title\" content=\"Veliko interesovanje publike: Enis Be\u0161lagi\u0107 6. marta ponovo izvodi \u201cDa sam ja neko\u201d u Tuzli - TuzlaInfo.ba\" \/>\n<meta property=\"og:description\" content=\"Autorska predstava Enisa Be\u0161lagi\u0107a \u201eDa sam ja neko\u201c, s kojom jedan od najpopularnijih glumaca u&hellip;\" \/>\n<meta property=\"og:url\" content=\"https:\/\/tuzlainfo.ba\/index.php\/najava-dogadaja-2\/item\/295612-veliko-interesovanje-publike-enis-beslagic-6-marta-ponovo-izvodi-da-sam-ja-neko-u-tuzli\/\" \/>\n<meta property=\"og:site_name\" content=\"TuzlaInfo.ba\" \/>\n<meta property=\"article:publisher\" content=\"https:\/\/www.facebook.com\/tuzlainfo.ba\/\" \/>\n<meta property=\"article:published_time\" content=\"2026-02-28T20:48:31+00:00\" \/>\n<meta property=\"article:modified_time\" content=\"2026-02-27T09:01:58+00:00\" \/>\n<meta property=\"og:image\" content=\"https:\/\/tuzlainfo.ba\/wp-content\/uploads\/2026\/02\/enistuzla6.3.jpg\" \/>\n\t<meta property=\"og:image:width\" content=\"850\" \/>\n\t<meta property=\"og:image:height\" content=\"370\" \/>\n\t<meta property=\"og:image:type\" content=\"image\/jpeg\" \/>\n<meta name=\"author\" content=\"Admin Tri\" \/>\n<meta name=\"twitter:card\" content=\"summary_large_image\" \/>\n<meta name=\"twitter:label1\" content=\"Written by\" \/>\n\t<meta name=\"twitter:data1\" content=\"Admin Tri\" \/>\n\t<meta name=\"twitter:label2\" content=\"Est. reading time\" \/>\n\t<meta name=\"twitter:data2\" content=\"2 minute\" \/>\n<script type=\"application\/ld+json\" class=\"yoast-schema-graph\">{\"@context\":\"https:\/\/schema.org\",\"@graph\":[{\"@type\":\"Article\",\"@id\":\"https:\/\/tuzlainfo.ba\/index.php\/najava-dogadaja-2\/item\/295612-veliko-interesovanje-publike-enis-beslagic-6-marta-ponovo-izvodi-da-sam-ja-neko-u-tuzli\/#article\",\"isPartOf\":{\"@id\":\"https:\/\/tuzlainfo.ba\/index.php\/najava-dogadaja-2\/item\/295612-veliko-interesovanje-publike-enis-beslagic-6-marta-ponovo-izvodi-da-sam-ja-neko-u-tuzli\/\"},\"author\":{\"name\":\"Admin Tri\",\"@id\":\"https:\/\/tuzlainfo.ba\/#\/schema\/person\/593e78a2f6378c5ba3e7600ecfa4e63a\"},\"headline\":\"Veliko interesovanje publike: Enis Be\u0161lagi\u0107 6. marta ponovo izvodi \u201cDa sam ja neko\u201d u Tuzli\",\"datePublished\":\"2026-02-28T20:48:31+00:00\",\"dateModified\":\"2026-02-27T09:01:58+00:00\",\"mainEntityOfPage\":{\"@id\":\"https:\/\/tuzlainfo.ba\/index.php\/najava-dogadaja-2\/item\/295612-veliko-interesovanje-publike-enis-beslagic-6-marta-ponovo-izvodi-da-sam-ja-neko-u-tuzli\/\"},\"wordCount\":256,\"publisher\":{\"@id\":\"https:\/\/tuzlainfo.ba\/#organization\"},\"image\":{\"@id\":\"https:\/\/tuzlainfo.ba\/index.php\/najava-dogadaja-2\/item\/295612-veliko-interesovanje-publike-enis-beslagic-6-marta-ponovo-izvodi-da-sam-ja-neko-u-tuzli\/#primaryimage\"},\"thumbnailUrl\":\"https:\/\/tuzlainfo.ba\/wp-content\/uploads\/2026\/02\/enistuzla6.3.jpg\",\"keywords\":[\"da sam ja neko\",\"enis be\u0161lagi\u0107\",\"predstava\"],\"articleSection\":[\"Najave i doga\u0111aji\"],\"inLanguage\":\"bs-BA\"},{\"@type\":\"WebPage\",\"@id\":\"https:\/\/tuzlainfo.ba\/index.php\/najava-dogadaja-2\/item\/295612-veliko-interesovanje-publike-enis-beslagic-6-marta-ponovo-izvodi-da-sam-ja-neko-u-tuzli\/\",\"url\":\"https:\/\/tuzlainfo.ba\/index.php\/najava-dogadaja-2\/item\/295612-veliko-interesovanje-publike-enis-beslagic-6-marta-ponovo-izvodi-da-sam-ja-neko-u-tuzli\/\",\"name\":\"Veliko interesovanje publike: Enis Be\u0161lagi\u0107 6. marta ponovo izvodi \u201cDa sam ja neko\u201d u Tuzli - TuzlaInfo.ba\",\"isPartOf\":{\"@id\":\"https:\/\/tuzlainfo.ba\/#website\"},\"primaryImageOfPage\":{\"@id\":\"https:\/\/tuzlainfo.ba\/index.php\/najava-dogadaja-2\/item\/295612-veliko-interesovanje-publike-enis-beslagic-6-marta-ponovo-izvodi-da-sam-ja-neko-u-tuzli\/#primaryimage\"},\"image\":{\"@id\":\"https:\/\/tuzlainfo.ba\/index.php\/najava-dogadaja-2\/item\/295612-veliko-interesovanje-publike-enis-beslagic-6-marta-ponovo-izvodi-da-sam-ja-neko-u-tuzli\/#primaryimage\"},\"thumbnailUrl\":\"https:\/\/tuzlainfo.ba\/wp-content\/uploads\/2026\/02\/enistuzla6.3.jpg\",\"datePublished\":\"2026-02-28T20:48:31+00:00\",\"dateModified\":\"2026-02-27T09:01:58+00:00\",\"breadcrumb\":{\"@id\":\"https:\/\/tuzlainfo.ba\/index.php\/najava-dogadaja-2\/item\/295612-veliko-interesovanje-publike-enis-beslagic-6-marta-ponovo-izvodi-da-sam-ja-neko-u-tuzli\/#breadcrumb\"},\"inLanguage\":\"bs-BA\",\"potentialAction\":[{\"@type\":\"ReadAction\",\"target\":[\"https:\/\/tuzlainfo.ba\/index.php\/najava-dogadaja-2\/item\/295612-veliko-interesovanje-publike-enis-beslagic-6-marta-ponovo-izvodi-da-sam-ja-neko-u-tuzli\/\"]}]},{\"@type\":\"ImageObject\",\"inLanguage\":\"bs-BA\",\"@id\":\"https:\/\/tuzlainfo.ba\/index.php\/najava-dogadaja-2\/item\/295612-veliko-interesovanje-publike-enis-beslagic-6-marta-ponovo-izvodi-da-sam-ja-neko-u-tuzli\/#primaryimage\",\"url\":\"https:\/\/tuzlainfo.ba\/wp-content\/uploads\/2026\/02\/enistuzla6.3.jpg\",\"contentUrl\":\"https:\/\/tuzlainfo.ba\/wp-content\/uploads\/2026\/02\/enistuzla6.3.jpg\",\"width\":850,\"height\":370},{\"@type\":\"BreadcrumbList\",\"@id\":\"https:\/\/tuzlainfo.ba\/index.php\/najava-dogadaja-2\/item\/295612-veliko-interesovanje-publike-enis-beslagic-6-marta-ponovo-izvodi-da-sam-ja-neko-u-tuzli\/#breadcrumb\",\"itemListElement\":[{\"@type\":\"ListItem\",\"position\":1,\"name\":\"Home\",\"item\":\"https:\/\/tuzlainfo.ba\/\"},{\"@type\":\"ListItem\",\"position\":2,\"name\":\"Veliko interesovanje publike: Enis Be\u0161lagi\u0107 6. marta ponovo izvodi \u201cDa sam ja neko\u201d u Tuzli\"}]},{\"@type\":\"WebSite\",\"@id\":\"https:\/\/tuzlainfo.ba\/#website\",\"url\":\"https:\/\/tuzlainfo.ba\/\",\"name\":\"TuzlaInfo.ba\",\"description\":\"Tuzla info, gradski informator - Tuzla na dlanu\",\"publisher\":{\"@id\":\"https:\/\/tuzlainfo.ba\/#organization\"},\"potentialAction\":[{\"@type\":\"SearchAction\",\"target\":{\"@type\":\"EntryPoint\",\"urlTemplate\":\"https:\/\/tuzlainfo.ba\/?s={search_term_string}\"},\"query-input\":{\"@type\":\"PropertyValueSpecification\",\"valueRequired\":true,\"valueName\":\"search_term_string\"}}],\"inLanguage\":\"bs-BA\"},{\"@type\":\"Organization\",\"@id\":\"https:\/\/tuzlainfo.ba\/#organization\",\"name\":\"TuzlaInfo.ba\",\"url\":\"https:\/\/tuzlainfo.ba\/\",\"logo\":{\"@type\":\"ImageObject\",\"inLanguage\":\"bs-BA\",\"@id\":\"https:\/\/tuzlainfo.ba\/#\/schema\/logo\/image\/\",\"url\":\"https:\/\/tuzlainfo.ba\/wp-content\/uploads\/2021\/03\/logo-ver-3-1.png\",\"contentUrl\":\"https:\/\/tuzlainfo.ba\/wp-content\/uploads\/2021\/03\/logo-ver-3-1.png\",\"width\":350,\"height\":95,\"caption\":\"TuzlaInfo.ba\"},\"image\":{\"@id\":\"https:\/\/tuzlainfo.ba\/#\/schema\/logo\/image\/\"},\"sameAs\":[\"https:\/\/www.facebook.com\/tuzlainfo.ba\/\"]},{\"@type\":\"Person\",\"@id\":\"https:\/\/tuzlainfo.ba\/#\/schema\/person\/593e78a2f6378c5ba3e7600ecfa4e63a\",\"name\":\"Admin Tri\",\"image\":{\"@type\":\"ImageObject\",\"inLanguage\":\"bs-BA\",\"@id\":\"https:\/\/tuzlainfo.ba\/#\/schema\/person\/image\/\",\"url\":\"https:\/\/tuzlainfo.ba\/wp-content\/litespeed\/avatar\/b7920db4cc34a71ad12497283ad2fe3f.jpg?ver=1777100914\",\"contentUrl\":\"https:\/\/tuzlainfo.ba\/wp-content\/litespeed\/avatar\/b7920db4cc34a71ad12497283ad2fe3f.jpg?ver=1777100914\",\"caption\":\"Admin Tri\"},\"sameAs\":[\"https:\/\/tuzlainfo.ba\"]}]}<\/script>\n<!-- \/ Yoast SEO plugin. -->","yoast_head_json":{"title":"Veliko interesovanje publike: Enis Be\u0161lagi\u0107 6. marta ponovo izvodi \u201cDa sam ja neko\u201d u Tuzli - TuzlaInfo.ba","robots":{"index":"index","follow":"follow","max-snippet":"max-snippet:-1","max-image-preview":"max-image-preview:large","max-video-preview":"max-video-preview:-1"},"canonical":"https:\/\/tuzlainfo.ba\/index.php\/najava-dogadaja-2\/item\/295612-veliko-interesovanje-publike-enis-beslagic-6-marta-ponovo-izvodi-da-sam-ja-neko-u-tuzli\/","og_locale":"bs_BA","og_type":"article","og_title":"Veliko interesovanje publike: Enis Be\u0161lagi\u0107 6. marta ponovo izvodi \u201cDa sam ja neko\u201d u Tuzli - TuzlaInfo.ba","og_description":"Autorska predstava Enisa Be\u0161lagi\u0107a \u201eDa sam ja neko\u201c, s kojom jedan od najpopularnijih glumaca u&hellip;","og_url":"https:\/\/tuzlainfo.ba\/index.php\/najava-dogadaja-2\/item\/295612-veliko-interesovanje-publike-enis-beslagic-6-marta-ponovo-izvodi-da-sam-ja-neko-u-tuzli\/","og_site_name":"TuzlaInfo.ba","article_publisher":"https:\/\/www.facebook.com\/tuzlainfo.ba\/","article_published_time":"2026-02-28T20:48:31+00:00","article_modified_time":"2026-02-27T09:01:58+00:00","og_image":[{"width":850,"height":370,"url":"https:\/\/tuzlainfo.ba\/wp-content\/uploads\/2026\/02\/enistuzla6.3.jpg","type":"image\/jpeg"}],"author":"Admin Tri","twitter_card":"summary_large_image","twitter_misc":{"Written by":"Admin Tri","Est. reading time":"2 minute"},"schema":{"@context":"https:\/\/schema.org","@graph":[{"@type":"Article","@id":"https:\/\/tuzlainfo.ba\/index.php\/najava-dogadaja-2\/item\/295612-veliko-interesovanje-publike-enis-beslagic-6-marta-ponovo-izvodi-da-sam-ja-neko-u-tuzli\/#article","isPartOf":{"@id":"https:\/\/tuzlainfo.ba\/index.php\/najava-dogadaja-2\/item\/295612-veliko-interesovanje-publike-enis-beslagic-6-marta-ponovo-izvodi-da-sam-ja-neko-u-tuzli\/"},"author":{"name":"Admin Tri","@id":"https:\/\/tuzlainfo.ba\/#\/schema\/person\/593e78a2f6378c5ba3e7600ecfa4e63a"},"headline":"Veliko interesovanje publike: Enis Be\u0161lagi\u0107 6. marta ponovo izvodi \u201cDa sam ja neko\u201d u Tuzli","datePublished":"2026-02-28T20:48:31+00:00","dateModified":"2026-02-27T09:01:58+00:00","mainEntityOfPage":{"@id":"https:\/\/tuzlainfo.ba\/index.php\/najava-dogadaja-2\/item\/295612-veliko-interesovanje-publike-enis-beslagic-6-marta-ponovo-izvodi-da-sam-ja-neko-u-tuzli\/"},"wordCount":256,"publisher":{"@id":"https:\/\/tuzlainfo.ba\/#organization"},"image":{"@id":"https:\/\/tuzlainfo.ba\/index.php\/najava-dogadaja-2\/item\/295612-veliko-interesovanje-publike-enis-beslagic-6-marta-ponovo-izvodi-da-sam-ja-neko-u-tuzli\/#primaryimage"},"thumbnailUrl":"https:\/\/tuzlainfo.ba\/wp-content\/uploads\/2026\/02\/enistuzla6.3.jpg","keywords":["da sam ja neko","enis be\u0161lagi\u0107","predstava"],"articleSection":["Najave i doga\u0111aji"],"inLanguage":"bs-BA"},{"@type":"WebPage","@id":"https:\/\/tuzlainfo.ba\/index.php\/najava-dogadaja-2\/item\/295612-veliko-interesovanje-publike-enis-beslagic-6-marta-ponovo-izvodi-da-sam-ja-neko-u-tuzli\/","url":"https:\/\/tuzlainfo.ba\/index.php\/najava-dogadaja-2\/item\/295612-veliko-interesovanje-publike-enis-beslagic-6-marta-ponovo-izvodi-da-sam-ja-neko-u-tuzli\/","name":"Veliko interesovanje publike: Enis Be\u0161lagi\u0107 6. marta ponovo izvodi \u201cDa sam ja neko\u201d u Tuzli - TuzlaInfo.ba","isPartOf":{"@id":"https:\/\/tuzlainfo.ba\/#website"},"primaryImageOfPage":{"@id":"https:\/\/tuzlainfo.ba\/index.php\/najava-dogadaja-2\/item\/295612-veliko-interesovanje-publike-enis-beslagic-6-marta-ponovo-izvodi-da-sam-ja-neko-u-tuzli\/#primaryimage"},"image":{"@id":"https:\/\/tuzlainfo.ba\/index.php\/najava-dogadaja-2\/item\/295612-veliko-interesovanje-publike-enis-beslagic-6-marta-ponovo-izvodi-da-sam-ja-neko-u-tuzli\/#primaryimage"},"thumbnailUrl":"https:\/\/tuzlainfo.ba\/wp-content\/uploads\/2026\/02\/enistuzla6.3.jpg","datePublished":"2026-02-28T20:48:31+00:00","dateModified":"2026-02-27T09:01:58+00:00","breadcrumb":{"@id":"https:\/\/tuzlainfo.ba\/index.php\/najava-dogadaja-2\/item\/295612-veliko-interesovanje-publike-enis-beslagic-6-marta-ponovo-izvodi-da-sam-ja-neko-u-tuzli\/#breadcrumb"},"inLanguage":"bs-BA","potentialAction":[{"@type":"ReadAction","target":["https:\/\/tuzlainfo.ba\/index.php\/najava-dogadaja-2\/item\/295612-veliko-interesovanje-publike-enis-beslagic-6-marta-ponovo-izvodi-da-sam-ja-neko-u-tuzli\/"]}]},{"@type":"ImageObject","inLanguage":"bs-BA","@id":"https:\/\/tuzlainfo.ba\/index.php\/najava-dogadaja-2\/item\/295612-veliko-interesovanje-publike-enis-beslagic-6-marta-ponovo-izvodi-da-sam-ja-neko-u-tuzli\/#primaryimage","url":"https:\/\/tuzlainfo.ba\/wp-content\/uploads\/2026\/02\/enistuzla6.3.jpg","contentUrl":"https:\/\/tuzlainfo.ba\/wp-content\/uploads\/2026\/02\/enistuzla6.3.jpg","width":850,"height":370},{"@type":"BreadcrumbList","@id":"https:\/\/tuzlainfo.ba\/index.php\/najava-dogadaja-2\/item\/295612-veliko-interesovanje-publike-enis-beslagic-6-marta-ponovo-izvodi-da-sam-ja-neko-u-tuzli\/#breadcrumb","itemListElement":[{"@type":"ListItem","position":1,"name":"Home","item":"https:\/\/tuzlainfo.ba\/"},{"@type":"ListItem","position":2,"name":"Veliko interesovanje publike: Enis Be\u0161lagi\u0107 6. marta ponovo izvodi \u201cDa sam ja neko\u201d u Tuzli"}]},{"@type":"WebSite","@id":"https:\/\/tuzlainfo.ba\/#website","url":"https:\/\/tuzlainfo.ba\/","name":"TuzlaInfo.ba","description":"Tuzla info, gradski informator - Tuzla na dlanu","publisher":{"@id":"https:\/\/tuzlainfo.ba\/#organization"},"potentialAction":[{"@type":"SearchAction","target":{"@type":"EntryPoint","urlTemplate":"https:\/\/tuzlainfo.ba\/?s={search_term_string}"},"query-input":{"@type":"PropertyValueSpecification","valueRequired":true,"valueName":"search_term_string"}}],"inLanguage":"bs-BA"},{"@type":"Organization","@id":"https:\/\/tuzlainfo.ba\/#organization","name":"TuzlaInfo.ba","url":"https:\/\/tuzlainfo.ba\/","logo":{"@type":"ImageObject","inLanguage":"bs-BA","@id":"https:\/\/tuzlainfo.ba\/#\/schema\/logo\/image\/","url":"https:\/\/tuzlainfo.ba\/wp-content\/uploads\/2021\/03\/logo-ver-3-1.png","contentUrl":"https:\/\/tuzlainfo.ba\/wp-content\/uploads\/2021\/03\/logo-ver-3-1.png","width":350,"height":95,"caption":"TuzlaInfo.ba"},"image":{"@id":"https:\/\/tuzlainfo.ba\/#\/schema\/logo\/image\/"},"sameAs":["https:\/\/www.facebook.com\/tuzlainfo.ba\/"]},{"@type":"Person","@id":"https:\/\/tuzlainfo.ba\/#\/schema\/person\/593e78a2f6378c5ba3e7600ecfa4e63a","name":"Admin Tri","image":{"@type":"ImageObject","inLanguage":"bs-BA","@id":"https:\/\/tuzlainfo.ba\/#\/schema\/person\/image\/","url":"https:\/\/tuzlainfo.ba\/wp-content\/litespeed\/avatar\/b7920db4cc34a71ad12497283ad2fe3f.jpg?ver=1777100914","contentUrl":"https:\/\/tuzlainfo.ba\/wp-content\/litespeed\/avatar\/b7920db4cc34a71ad12497283ad2fe3f.jpg?ver=1777100914","caption":"Admin Tri"},"sameAs":["https:\/\/tuzlainfo.ba"]}]}},"_links":{"self":[{"href":"https:\/\/tuzlainfo.ba\/index.php\/wp-json\/wp\/v2\/posts\/295612"}],"collection":[{"href":"https:\/\/tuzlainfo.ba\/index.php\/wp-json\/wp\/v2\/posts"}],"about":[{"href":"https:\/\/tuzlainfo.ba\/index.php\/wp-json\/wp\/v2\/types\/post"}],"author":[{"embeddable":true,"href":"https:\/\/tuzlainfo.ba\/index.php\/wp-json\/wp\/v2\/users\/8"}],"replies":[{"embeddable":true,"href":"https:\/\/tuzlainfo.ba\/index.php\/wp-json\/wp\/v2\/comments?post=295612"}],"version-history":[{"count":1,"href":"https:\/\/tuzlainfo.ba\/index.php\/wp-json\/wp\/v2\/posts\/295612\/revisions"}],"predecessor-version":[{"id":295614,"href":"https:\/\/tuzlainfo.ba\/index.php\/wp-json\/wp\/v2\/posts\/295612\/revisions\/295614"}],"wp:featuredmedia":[{"embeddable":true,"href":"https:\/\/tuzlainfo.ba\/index.php\/wp-json\/wp\/v2\/media\/295613"}],"wp:attachment":[{"href":"https:\/\/tuzlainfo.ba\/index.php\/wp-json\/wp\/v2\/media?parent=295612"}],"wp:term":[{"taxonomy":"category","embeddable":true,"href":"https:\/\/tuzlainfo.ba\/index.php\/wp-json\/wp\/v2\/categories?post=295612"},{"taxonomy":"post_tag","embeddable":true,"href":"https:\/\/tuzlainfo.ba\/index.php\/wp-json\/wp\/v2\/tags?post=295612"}],"curies":[{"name":"wp","href":"https:\/\/api.w.org\/{rel}","templated":true}]}}