{"id":295489,"date":"2026-02-23T14:09:14","date_gmt":"2026-02-23T13:09:14","guid":{"rendered":"https:\/\/tuzlainfo.ba\/?p=295489"},"modified":"2026-02-23T14:09:14","modified_gmt":"2026-02-23T13:09:14","slug":"pocinje-prodaja-sezonskih-ulaznica-za-panoniku-poznate-i-cijene","status":"publish","type":"post","link":"https:\/\/tuzlainfo.ba\/index.php\/novosti\/item\/295489-pocinje-prodaja-sezonskih-ulaznica-za-panoniku-poznate-i-cijene\/","title":{"rendered":"Po\u010dinje prodaja sezonskih ulaznica za Panoniku, poznate i cijene"},"content":{"rendered":"<p data-start=\"56\" data-end=\"290\">Shodno Planu rada za 2026. godinu, JP Pannonica d.o.o. Tuzla u utorak, 3. marta 2026. godine, po\u010dinje prodaju sezonskih ulaznica po promotivnim cijenama za 90 dana predstoje\u0107e \u201eLjetne sezone 2026\u201c na kompleksu slanih Panonskih jezera.<\/p>\n<p data-start=\"292\" data-end=\"429\">Kupovinom sezonske ulaznice u periodu mart\u2013april ostvaruje se u\u0161teda u prosjeku od 40 posto za sve kategorije u odnosu na redovne cijene.<\/p>\n<p data-start=\"431\" data-end=\"461\"><strong data-start=\"431\" data-end=\"461\">Cijene sezonskih ulaznica:<\/strong><\/p>\n<ul data-start=\"463\" data-end=\"1004\">\n<li data-start=\"463\" data-end=\"538\">\n<p data-start=\"465\" data-end=\"538\"><strong data-start=\"465\" data-end=\"485\">Sezonska redovna<\/strong> \u2013 102 KM (produ\u017eenje stare) \/ 108 KM (izrada nove)<\/p>\n<\/li>\n<li data-start=\"539\" data-end=\"688\">\n<p data-start=\"541\" data-end=\"688\"><strong data-start=\"541\" data-end=\"564\">Sezonska povla\u0161tena<\/strong> \u2013 55 KM (produ\u017eenje) \/ 61 KM (nova)<br data-start=\"600\" data-end=\"603\" \/>(penzioneri, RVI, civilni invalidi preko 60%, porodice poginulih boraca i \u0161ehida)<\/p>\n<\/li>\n<li data-start=\"689\" data-end=\"783\">\n<p data-start=\"691\" data-end=\"783\"><strong data-start=\"691\" data-end=\"720\">Sezonska \u0111a\u010dka\/studentska<\/strong> \u2013 75 KM (produ\u017eenje) \/ 81 KM (nova)<br data-start=\"756\" data-end=\"759\" \/>(od 14 do 26 godina)<\/p>\n<\/li>\n<li data-start=\"784\" data-end=\"897\">\n<p data-start=\"786\" data-end=\"897\"><strong data-start=\"786\" data-end=\"806\">Sezonska dje\u010dija<\/strong> \u2013 51 KM (produ\u017eenje) \/ 57 KM (nova)<br data-start=\"842\" data-end=\"845\" \/>(djeca od 4 do 14 godina, godi\u0161te 2012. i mla\u0111a)<\/p>\n<\/li>\n<li data-start=\"898\" data-end=\"962\">\n<p data-start=\"900\" data-end=\"962\"><strong data-start=\"900\" data-end=\"926\">Sezonska invalidi 100%<\/strong> \u2013 2 KM (produ\u017eenje) \/ 8 KM (nova)<\/p>\n<\/li>\n<li data-start=\"963\" data-end=\"1004\">\n<p data-start=\"965\" data-end=\"1004\">Djeca do 4 godine imaju besplatan ulaz.<\/p>\n<\/li>\n<\/ul>\n<p data-start=\"1006\" data-end=\"1220\">Sezonske ulaznice va\u017ee i u slu\u010daju ranijeg po\u010detka ili kasnijeg zavr\u0161etka sezone, koja slu\u017ebeno traje od 1. juna do 31. augusta 2026. godine. Prodaja po promotivnim cijenama traje do petka, 17. aprila 2026. godine.<\/p>\n<p data-start=\"1222\" data-end=\"1296\">U saradnji s poslovnim partnerom NLB Banka osigurani su dodatni popusti:<\/p>\n<ul data-start=\"1297\" data-end=\"1450\">\n<li data-start=\"1297\" data-end=\"1367\">\n<p data-start=\"1299\" data-end=\"1367\">5 KM popusta za prvih 400 ulaznica kupljenih NLB platnim karticama<\/p>\n<\/li>\n<li data-start=\"1368\" data-end=\"1450\">\n<p data-start=\"1370\" data-end=\"1450\">10 KM popusta za prvih 200 ulaznica kupljenih putem NLB Pay mobilnog nov\u010danika<\/p>\n<\/li>\n<\/ul>\n<p data-start=\"1452\" data-end=\"1548\">Jednom karticom ili jednim NLB Pay nov\u010danikom mogu\u0107e je kupiti najvi\u0161e \u010detiri sezonske ulaznice.<\/p>\n<p data-start=\"1550\" data-end=\"1804\">Tokom marta, preduze\u0107a i sindikalne organizacije mogu za svoje uposlenike i njihove porodice kupiti sezonske ulaznice na obro\u010dno pla\u0107anje u tri rate, uz minimalno 20 kupaca. Sve informacije o ovom na\u010dinu kupovine dostupne su na broj telefona 035\/246-711.<\/p>\n<p data-start=\"1806\" data-end=\"1987\">Sezonske ulaznice mogu se kupiti na blagajni Zapadne ulazne kapije u Panonici (prilaz od D\u017eindi\u010dke d\u017eamije kod restorana Panonski Lovac), svakim radnim danom od 11:00 do 15:00 sati.<\/p>\n<p data-start=\"1989\" data-end=\"2199\" data-is-last-node=\"\" data-is-only-node=\"\">Iz JP Pannonica d.o.o. Tuzla pozivaju gra\u0111ane Tuzle i ostale goste da na vrijeme iskoriste akcijske cijene tokom marta i aprila te izbjegnu ve\u0107e tro\u0161kove kupovine sezonskih i dnevnih ulaznica u ljetnom periodu.<\/p>\n","protected":false},"excerpt":{"rendered":"<p>Shodno Planu rada za 2026. godinu, JP Pannonica d.o.o. Tuzla u utorak, 3. marta 2026. godine, po\u010dinje prodaju sezonskih ulaznica po promotivnim cijenama za 90 dana predstoje\u0107e \u201eLjetne sezone 2026\u201c na kompleksu slanih Panonskih jezera. Kupovinom sezonske ulaznice u periodu mart\u2013april ostvaruje se u\u0161teda u prosjeku od 40 posto za sve kategorije u odnosu na [&hellip;]<\/p>\n","protected":false},"author":4,"featured_media":273518,"comment_status":"closed","ping_status":"closed","sticky":false,"template":"","format":"standard","meta":{"footnotes":""},"categories":[304,12],"tags":[1369,46,6663],"class_list":["post-295489","post","type-post","status-publish","format-standard","has-post-thumbnail","hentry","category-istaknuto","category-novosti","tag-cijene","tag-panonska-jezera","tag-sezonske-ulaznice"],"yoast_head":"<!-- This site is optimized with the Yoast SEO plugin v28.3 - https:\/\/yoast.com\/product\/yoast-seo-wordpress\/ -->\n<title>Po\u010dinje prodaja sezonskih ulaznica za Panoniku, poznate i cijene<\/title>\n<meta name=\"robots\" content=\"index, follow, max-snippet:-1, max-image-preview:large, max-video-preview:-1\" \/>\n<link rel=\"canonical\" href=\"https:\/\/tuzlainfo.ba\/index.php\/novosti\/item\/295489-pocinje-prodaja-sezonskih-ulaznica-za-panoniku-poznate-i-cijene\/\" \/>\n<meta property=\"og:locale\" content=\"bs_BA\" \/>\n<meta property=\"og:type\" content=\"article\" \/>\n<meta property=\"og:title\" content=\"Po\u010dinje prodaja sezonskih ulaznica za Panoniku, poznate i cijene\" \/>\n<meta property=\"og:description\" content=\"Shodno Planu rada za 2026. godinu, JP Pannonica d.o.o. Tuzla u utorak, 3. marta 2026. godine, po\u010dinje prodaju sezonskih ulaznica po promotivnim cijenama za 90 dana predstoje\u0107e \u201eLjetne sezone 2026\u201c na kompleksu slanih Panonskih jezera. Kupovinom sezonske ulaznice u periodu mart\u2013april ostvaruje se u\u0161teda u prosjeku od 40 posto za sve kategorije u odnosu na [&hellip;]\" \/>\n<meta property=\"og:url\" content=\"https:\/\/tuzlainfo.ba\/index.php\/novosti\/item\/295489-pocinje-prodaja-sezonskih-ulaznica-za-panoniku-poznate-i-cijene\/\" \/>\n<meta property=\"og:site_name\" content=\"TuzlaInfo.ba\" \/>\n<meta property=\"article:publisher\" content=\"https:\/\/www.facebook.com\/tuzlainfo.ba\/\" \/>\n<meta property=\"article:published_time\" content=\"2026-02-23T13:09:14+00:00\" \/>\n<meta property=\"og:image\" content=\"https:\/\/tuzlainfo.ba\/wp-content\/uploads\/2025\/07\/0407_panonika_panonska.jpg\" \/>\n\t<meta property=\"og:image:width\" content=\"1000\" \/>\n\t<meta property=\"og:image:height\" content=\"563\" \/>\n\t<meta property=\"og:image:type\" content=\"image\/jpeg\" \/>\n<meta name=\"author\" content=\"Tuzla Info\" \/>\n<meta name=\"twitter:card\" content=\"summary_large_image\" \/>\n<meta name=\"twitter:label1\" content=\"Written by\" \/>\n\t<meta name=\"twitter:data1\" content=\"Tuzla Info\" \/>\n\t<meta name=\"twitter:label2\" content=\"Est. reading time\" \/>\n\t<meta name=\"twitter:data2\" content=\"2 minute\" \/>\n<script type=\"application\/ld+json\" class=\"yoast-schema-graph\">{\"@context\":\"https:\\\/\\\/schema.org\",\"@graph\":[{\"@type\":\"Article\",\"@id\":\"https:\\\/\\\/tuzlainfo.ba\\\/index.php\\\/novosti\\\/item\\\/295489-pocinje-prodaja-sezonskih-ulaznica-za-panoniku-poznate-i-cijene\\\/#article\",\"isPartOf\":{\"@id\":\"https:\\\/\\\/tuzlainfo.ba\\\/index.php\\\/novosti\\\/item\\\/295489-pocinje-prodaja-sezonskih-ulaznica-za-panoniku-poznate-i-cijene\\\/\"},\"author\":{\"name\":\"Tuzla Info\",\"@id\":\"https:\\\/\\\/tuzlainfo.ba\\\/#\\\/schema\\\/person\\\/46cad4c57790cbc50781edd14870825a\"},\"headline\":\"Po\u010dinje prodaja sezonskih ulaznica za Panoniku, poznate i cijene\",\"datePublished\":\"2026-02-23T13:09:14+00:00\",\"mainEntityOfPage\":{\"@id\":\"https:\\\/\\\/tuzlainfo.ba\\\/index.php\\\/novosti\\\/item\\\/295489-pocinje-prodaja-sezonskih-ulaznica-za-panoniku-poznate-i-cijene\\\/\"},\"wordCount\":330,\"publisher\":{\"@id\":\"https:\\\/\\\/tuzlainfo.ba\\\/#organization\"},\"image\":{\"@id\":\"https:\\\/\\\/tuzlainfo.ba\\\/index.php\\\/novosti\\\/item\\\/295489-pocinje-prodaja-sezonskih-ulaznica-za-panoniku-poznate-i-cijene\\\/#primaryimage\"},\"thumbnailUrl\":\"https:\\\/\\\/tuzlainfo.ba\\\/wp-content\\\/uploads\\\/2025\\\/07\\\/0407_panonika_panonska.jpg\",\"keywords\":[\"cijene\",\"panonska jezera\",\"sezonske ulaznice\"],\"articleSection\":[\"Istaknuto\",\"Novosti\"],\"inLanguage\":\"bs-BA\",\"copyrightYear\":\"2026\",\"copyrightHolder\":{\"@id\":\"https:\\\/\\\/tuzlainfo.ba\\\/#organization\"}},{\"@type\":\"WebPage\",\"@id\":\"https:\\\/\\\/tuzlainfo.ba\\\/index.php\\\/novosti\\\/item\\\/295489-pocinje-prodaja-sezonskih-ulaznica-za-panoniku-poznate-i-cijene\\\/\",\"url\":\"https:\\\/\\\/tuzlainfo.ba\\\/index.php\\\/novosti\\\/item\\\/295489-pocinje-prodaja-sezonskih-ulaznica-za-panoniku-poznate-i-cijene\\\/\",\"name\":\"Po\u010dinje prodaja sezonskih ulaznica za Panoniku, poznate i cijene\",\"isPartOf\":{\"@id\":\"https:\\\/\\\/tuzlainfo.ba\\\/#website\"},\"primaryImageOfPage\":{\"@id\":\"https:\\\/\\\/tuzlainfo.ba\\\/index.php\\\/novosti\\\/item\\\/295489-pocinje-prodaja-sezonskih-ulaznica-za-panoniku-poznate-i-cijene\\\/#primaryimage\"},\"image\":{\"@id\":\"https:\\\/\\\/tuzlainfo.ba\\\/index.php\\\/novosti\\\/item\\\/295489-pocinje-prodaja-sezonskih-ulaznica-za-panoniku-poznate-i-cijene\\\/#primaryimage\"},\"thumbnailUrl\":\"https:\\\/\\\/tuzlainfo.ba\\\/wp-content\\\/uploads\\\/2025\\\/07\\\/0407_panonika_panonska.jpg\",\"datePublished\":\"2026-02-23T13:09:14+00:00\",\"breadcrumb\":{\"@id\":\"https:\\\/\\\/tuzlainfo.ba\\\/index.php\\\/novosti\\\/item\\\/295489-pocinje-prodaja-sezonskih-ulaznica-za-panoniku-poznate-i-cijene\\\/#breadcrumb\"},\"inLanguage\":\"bs-BA\",\"potentialAction\":[{\"@type\":\"ReadAction\",\"target\":[\"https:\\\/\\\/tuzlainfo.ba\\\/index.php\\\/novosti\\\/item\\\/295489-pocinje-prodaja-sezonskih-ulaznica-za-panoniku-poznate-i-cijene\\\/\"]}]},{\"@type\":\"ImageObject\",\"inLanguage\":\"bs-BA\",\"@id\":\"https:\\\/\\\/tuzlainfo.ba\\\/index.php\\\/novosti\\\/item\\\/295489-pocinje-prodaja-sezonskih-ulaznica-za-panoniku-poznate-i-cijene\\\/#primaryimage\",\"url\":\"https:\\\/\\\/tuzlainfo.ba\\\/wp-content\\\/uploads\\\/2025\\\/07\\\/0407_panonika_panonska.jpg\",\"contentUrl\":\"https:\\\/\\\/tuzlainfo.ba\\\/wp-content\\\/uploads\\\/2025\\\/07\\\/0407_panonika_panonska.jpg\",\"width\":1000,\"height\":563},{\"@type\":\"BreadcrumbList\",\"@id\":\"https:\\\/\\\/tuzlainfo.ba\\\/index.php\\\/novosti\\\/item\\\/295489-pocinje-prodaja-sezonskih-ulaznica-za-panoniku-poznate-i-cijene\\\/#breadcrumb\",\"itemListElement\":[{\"@type\":\"ListItem\",\"position\":1,\"name\":\"Home\",\"item\":\"https:\\\/\\\/tuzlainfo.ba\\\/\"},{\"@type\":\"ListItem\",\"position\":2,\"name\":\"Po\u010dinje prodaja sezonskih ulaznica za Panoniku, poznate i cijene\"}]},{\"@type\":\"WebSite\",\"@id\":\"https:\\\/\\\/tuzlainfo.ba\\\/#website\",\"url\":\"https:\\\/\\\/tuzlainfo.ba\\\/\",\"name\":\"TuzlaInfo.ba\",\"description\":\"Tuzla info, gradski informator - Tuzla na dlanu\",\"publisher\":{\"@id\":\"https:\\\/\\\/tuzlainfo.ba\\\/#organization\"},\"potentialAction\":[{\"@type\":\"SearchAction\",\"target\":{\"@type\":\"EntryPoint\",\"urlTemplate\":\"https:\\\/\\\/tuzlainfo.ba\\\/?s={search_term_string}\"},\"query-input\":{\"@type\":\"PropertyValueSpecification\",\"valueRequired\":true,\"valueName\":\"search_term_string\"}}],\"inLanguage\":\"bs-BA\"},{\"@type\":\"Organization\",\"@id\":\"https:\\\/\\\/tuzlainfo.ba\\\/#organization\",\"name\":\"TuzlaInfo.ba\",\"url\":\"https:\\\/\\\/tuzlainfo.ba\\\/\",\"logo\":{\"@type\":\"ImageObject\",\"inLanguage\":\"bs-BA\",\"@id\":\"https:\\\/\\\/tuzlainfo.ba\\\/#\\\/schema\\\/logo\\\/image\\\/\",\"url\":\"https:\\\/\\\/tuzlainfo.ba\\\/wp-content\\\/uploads\\\/2021\\\/03\\\/logo-ver-3-1.png\",\"contentUrl\":\"https:\\\/\\\/tuzlainfo.ba\\\/wp-content\\\/uploads\\\/2021\\\/03\\\/logo-ver-3-1.png\",\"width\":350,\"height\":95,\"caption\":\"TuzlaInfo.ba\"},\"image\":{\"@id\":\"https:\\\/\\\/tuzlainfo.ba\\\/#\\\/schema\\\/logo\\\/image\\\/\"},\"sameAs\":[\"https:\\\/\\\/www.facebook.com\\\/tuzlainfo.ba\\\/\"]},{\"@type\":\"Person\",\"@id\":\"https:\\\/\\\/tuzlainfo.ba\\\/#\\\/schema\\\/person\\\/46cad4c57790cbc50781edd14870825a\",\"name\":\"Tuzla Info\",\"image\":{\"@type\":\"ImageObject\",\"inLanguage\":\"bs-BA\",\"@id\":\"https:\\\/\\\/secure.gravatar.com\\\/avatar\\\/e980921b00fa2e552723a2386544734ce6885d2b2304ccca3f45186f9ca4031d?s=96&d=mm&r=g\",\"url\":\"https:\\\/\\\/secure.gravatar.com\\\/avatar\\\/e980921b00fa2e552723a2386544734ce6885d2b2304ccca3f45186f9ca4031d?s=96&d=mm&r=g\",\"contentUrl\":\"https:\\\/\\\/secure.gravatar.com\\\/avatar\\\/e980921b00fa2e552723a2386544734ce6885d2b2304ccca3f45186f9ca4031d?s=96&d=mm&r=g\",\"caption\":\"Tuzla Info\"}}]}<\/script>\n<!-- \/ Yoast SEO plugin. -->","yoast_head_json":{"title":"Po\u010dinje prodaja sezonskih ulaznica za Panoniku, poznate i cijene","robots":{"index":"index","follow":"follow","max-snippet":"max-snippet:-1","max-image-preview":"max-image-preview:large","max-video-preview":"max-video-preview:-1"},"canonical":"https:\/\/tuzlainfo.ba\/index.php\/novosti\/item\/295489-pocinje-prodaja-sezonskih-ulaznica-za-panoniku-poznate-i-cijene\/","og_locale":"bs_BA","og_type":"article","og_title":"Po\u010dinje prodaja sezonskih ulaznica za Panoniku, poznate i cijene","og_description":"Shodno Planu rada za 2026. godinu, JP Pannonica d.o.o. Tuzla u utorak, 3. marta 2026. godine, po\u010dinje prodaju sezonskih ulaznica po promotivnim cijenama za 90 dana predstoje\u0107e \u201eLjetne sezone 2026\u201c na kompleksu slanih Panonskih jezera. Kupovinom sezonske ulaznice u periodu mart\u2013april ostvaruje se u\u0161teda u prosjeku od 40 posto za sve kategorije u odnosu na [&hellip;]","og_url":"https:\/\/tuzlainfo.ba\/index.php\/novosti\/item\/295489-pocinje-prodaja-sezonskih-ulaznica-za-panoniku-poznate-i-cijene\/","og_site_name":"TuzlaInfo.ba","article_publisher":"https:\/\/www.facebook.com\/tuzlainfo.ba\/","article_published_time":"2026-02-23T13:09:14+00:00","og_image":[{"width":1000,"height":563,"url":"https:\/\/tuzlainfo.ba\/wp-content\/uploads\/2025\/07\/0407_panonika_panonska.jpg","type":"image\/jpeg"}],"author":"Tuzla Info","twitter_card":"summary_large_image","twitter_misc":{"Written by":"Tuzla Info","Est. reading time":"2 minute"},"schema":{"@context":"https:\/\/schema.org","@graph":[{"@type":"Article","@id":"https:\/\/tuzlainfo.ba\/index.php\/novosti\/item\/295489-pocinje-prodaja-sezonskih-ulaznica-za-panoniku-poznate-i-cijene\/#article","isPartOf":{"@id":"https:\/\/tuzlainfo.ba\/index.php\/novosti\/item\/295489-pocinje-prodaja-sezonskih-ulaznica-za-panoniku-poznate-i-cijene\/"},"author":{"name":"Tuzla Info","@id":"https:\/\/tuzlainfo.ba\/#\/schema\/person\/46cad4c57790cbc50781edd14870825a"},"headline":"Po\u010dinje prodaja sezonskih ulaznica za Panoniku, poznate i cijene","datePublished":"2026-02-23T13:09:14+00:00","mainEntityOfPage":{"@id":"https:\/\/tuzlainfo.ba\/index.php\/novosti\/item\/295489-pocinje-prodaja-sezonskih-ulaznica-za-panoniku-poznate-i-cijene\/"},"wordCount":330,"publisher":{"@id":"https:\/\/tuzlainfo.ba\/#organization"},"image":{"@id":"https:\/\/tuzlainfo.ba\/index.php\/novosti\/item\/295489-pocinje-prodaja-sezonskih-ulaznica-za-panoniku-poznate-i-cijene\/#primaryimage"},"thumbnailUrl":"https:\/\/tuzlainfo.ba\/wp-content\/uploads\/2025\/07\/0407_panonika_panonska.jpg","keywords":["cijene","panonska jezera","sezonske ulaznice"],"articleSection":["Istaknuto","Novosti"],"inLanguage":"bs-BA","copyrightYear":"2026","copyrightHolder":{"@id":"https:\/\/tuzlainfo.ba\/#organization"}},{"@type":"WebPage","@id":"https:\/\/tuzlainfo.ba\/index.php\/novosti\/item\/295489-pocinje-prodaja-sezonskih-ulaznica-za-panoniku-poznate-i-cijene\/","url":"https:\/\/tuzlainfo.ba\/index.php\/novosti\/item\/295489-pocinje-prodaja-sezonskih-ulaznica-za-panoniku-poznate-i-cijene\/","name":"Po\u010dinje prodaja sezonskih ulaznica za Panoniku, poznate i cijene","isPartOf":{"@id":"https:\/\/tuzlainfo.ba\/#website"},"primaryImageOfPage":{"@id":"https:\/\/tuzlainfo.ba\/index.php\/novosti\/item\/295489-pocinje-prodaja-sezonskih-ulaznica-za-panoniku-poznate-i-cijene\/#primaryimage"},"image":{"@id":"https:\/\/tuzlainfo.ba\/index.php\/novosti\/item\/295489-pocinje-prodaja-sezonskih-ulaznica-za-panoniku-poznate-i-cijene\/#primaryimage"},"thumbnailUrl":"https:\/\/tuzlainfo.ba\/wp-content\/uploads\/2025\/07\/0407_panonika_panonska.jpg","datePublished":"2026-02-23T13:09:14+00:00","breadcrumb":{"@id":"https:\/\/tuzlainfo.ba\/index.php\/novosti\/item\/295489-pocinje-prodaja-sezonskih-ulaznica-za-panoniku-poznate-i-cijene\/#breadcrumb"},"inLanguage":"bs-BA","potentialAction":[{"@type":"ReadAction","target":["https:\/\/tuzlainfo.ba\/index.php\/novosti\/item\/295489-pocinje-prodaja-sezonskih-ulaznica-za-panoniku-poznate-i-cijene\/"]}]},{"@type":"ImageObject","inLanguage":"bs-BA","@id":"https:\/\/tuzlainfo.ba\/index.php\/novosti\/item\/295489-pocinje-prodaja-sezonskih-ulaznica-za-panoniku-poznate-i-cijene\/#primaryimage","url":"https:\/\/tuzlainfo.ba\/wp-content\/uploads\/2025\/07\/0407_panonika_panonska.jpg","contentUrl":"https:\/\/tuzlainfo.ba\/wp-content\/uploads\/2025\/07\/0407_panonika_panonska.jpg","width":1000,"height":563},{"@type":"BreadcrumbList","@id":"https:\/\/tuzlainfo.ba\/index.php\/novosti\/item\/295489-pocinje-prodaja-sezonskih-ulaznica-za-panoniku-poznate-i-cijene\/#breadcrumb","itemListElement":[{"@type":"ListItem","position":1,"name":"Home","item":"https:\/\/tuzlainfo.ba\/"},{"@type":"ListItem","position":2,"name":"Po\u010dinje prodaja sezonskih ulaznica za Panoniku, poznate i cijene"}]},{"@type":"WebSite","@id":"https:\/\/tuzlainfo.ba\/#website","url":"https:\/\/tuzlainfo.ba\/","name":"TuzlaInfo.ba","description":"Tuzla info, gradski informator - Tuzla na dlanu","publisher":{"@id":"https:\/\/tuzlainfo.ba\/#organization"},"potentialAction":[{"@type":"SearchAction","target":{"@type":"EntryPoint","urlTemplate":"https:\/\/tuzlainfo.ba\/?s={search_term_string}"},"query-input":{"@type":"PropertyValueSpecification","valueRequired":true,"valueName":"search_term_string"}}],"inLanguage":"bs-BA"},{"@type":"Organization","@id":"https:\/\/tuzlainfo.ba\/#organization","name":"TuzlaInfo.ba","url":"https:\/\/tuzlainfo.ba\/","logo":{"@type":"ImageObject","inLanguage":"bs-BA","@id":"https:\/\/tuzlainfo.ba\/#\/schema\/logo\/image\/","url":"https:\/\/tuzlainfo.ba\/wp-content\/uploads\/2021\/03\/logo-ver-3-1.png","contentUrl":"https:\/\/tuzlainfo.ba\/wp-content\/uploads\/2021\/03\/logo-ver-3-1.png","width":350,"height":95,"caption":"TuzlaInfo.ba"},"image":{"@id":"https:\/\/tuzlainfo.ba\/#\/schema\/logo\/image\/"},"sameAs":["https:\/\/www.facebook.com\/tuzlainfo.ba\/"]},{"@type":"Person","@id":"https:\/\/tuzlainfo.ba\/#\/schema\/person\/46cad4c57790cbc50781edd14870825a","name":"Tuzla Info","image":{"@type":"ImageObject","inLanguage":"bs-BA","@id":"https:\/\/secure.gravatar.com\/avatar\/e980921b00fa2e552723a2386544734ce6885d2b2304ccca3f45186f9ca4031d?s=96&d=mm&r=g","url":"https:\/\/secure.gravatar.com\/avatar\/e980921b00fa2e552723a2386544734ce6885d2b2304ccca3f45186f9ca4031d?s=96&d=mm&r=g","contentUrl":"https:\/\/secure.gravatar.com\/avatar\/e980921b00fa2e552723a2386544734ce6885d2b2304ccca3f45186f9ca4031d?s=96&d=mm&r=g","caption":"Tuzla Info"}}]}},"_links":{"self":[{"href":"https:\/\/tuzlainfo.ba\/index.php\/wp-json\/wp\/v2\/posts\/295489","targetHints":{"allow":["GET"]}}],"collection":[{"href":"https:\/\/tuzlainfo.ba\/index.php\/wp-json\/wp\/v2\/posts"}],"about":[{"href":"https:\/\/tuzlainfo.ba\/index.php\/wp-json\/wp\/v2\/types\/post"}],"author":[{"embeddable":true,"href":"https:\/\/tuzlainfo.ba\/index.php\/wp-json\/wp\/v2\/users\/4"}],"replies":[{"embeddable":true,"href":"https:\/\/tuzlainfo.ba\/index.php\/wp-json\/wp\/v2\/comments?post=295489"}],"version-history":[{"count":1,"href":"https:\/\/tuzlainfo.ba\/index.php\/wp-json\/wp\/v2\/posts\/295489\/revisions"}],"predecessor-version":[{"id":295490,"href":"https:\/\/tuzlainfo.ba\/index.php\/wp-json\/wp\/v2\/posts\/295489\/revisions\/295490"}],"wp:featuredmedia":[{"embeddable":true,"href":"https:\/\/tuzlainfo.ba\/index.php\/wp-json\/wp\/v2\/media\/273518"}],"wp:attachment":[{"href":"https:\/\/tuzlainfo.ba\/index.php\/wp-json\/wp\/v2\/media?parent=295489"}],"wp:term":[{"taxonomy":"category","embeddable":true,"href":"https:\/\/tuzlainfo.ba\/index.php\/wp-json\/wp\/v2\/categories?post=295489"},{"taxonomy":"post_tag","embeddable":true,"href":"https:\/\/tuzlainfo.ba\/index.php\/wp-json\/wp\/v2\/tags?post=295489"}],"curies":[{"name":"wp","href":"https:\/\/api.w.org\/{rel}","templated":true}]}}