{"id":295453,"date":"2026-02-23T13:25:55","date_gmt":"2026-02-23T12:25:55","guid":{"rendered":"https:\/\/tuzlainfo.ba\/?p=295453"},"modified":"2026-02-23T12:20:43","modified_gmt":"2026-02-23T11:20:43","slug":"srbija-dobija-nuklearnu-elektranu-poznat-datum-zavrsetka-radova","status":"publish","type":"post","link":"https:\/\/tuzlainfo.ba\/index.php\/clanci\/sa-svih-strana\/item\/295453-srbija-dobija-nuklearnu-elektranu-poznat-datum-zavrsetka-radova\/","title":{"rendered":"Srbija dobija nuklearnu elektranu, poznat datum zavr\u0161etka radova"},"content":{"rendered":"<p>Srbija planira nuklearnu elektranu do 2040. godine, izjavila je ministrica rudarstva i energetike Dubravka \u0110edovi\u0107 Handanovi\u0107 nakon sastanka s izaslanstvom ruske dr\u017eavne korporacije Rosatom, koje je predvodio generalni direktor Aleksej Liha\u010dov.<\/p>\n<p>Kako je saop\u0107eno iz Ministarstva rudarstva i energetike Srbije, planirano je da prve dvije faze razvoja nuklearnog programa budu zavr\u0161ene do 2032. godine.<\/p>\n<p>\u201eKada se institucionalno, regulatorno i kadrovski osposobimo, mo\u0107i \u0107emo izabrati partnera, nositelja tehnologije i u\u0107i u proces izgradnje, kako bismo nakon 2040. godine imali nuklearnu elektranu na mre\u017ei\u201c, kazala je \u0110edovi\u0107 Handanovi\u0107.<\/p>\n<p>Prema njenim rije\u010dima, Srbija je u pripremnoj fazi razvoja programa ve\u0107 uspostavila saradnju s francuskom kompanijom EDF, ali ostaje otvorena i za druge tehnolo\u0161ke partnere.<\/p>\n<p>Tokom sastanka Liha\u010dov je predstavio aktuelne projekte Rosatoma i mogu\u0107nosti saradnje sa Srbijom.<\/p>\n<p>\u201eRosatom je svjetski lider u nuklearnoj energetici i trenuta\u010dno realizira pribli\u017eno 30 blokova velike i male snage u devet zemalja, uklju\u010duju\u0107i Kinu, Indiju, Egipat, Tursku i Ma\u0111arsku. Sa Srbijom bismo u okviru radne skupine mogli razmijeniti iskustva i znanja. Na\u0161i stru\u010dnjaci mogu sura\u0111ivati u oblastima, kao \u0161to su informiranje i edukacija javnosti, ja\u010danje kadrovskih kapaciteta i analiza regulatornog okvira\u201c, rekao je Liha\u010dov.<\/p>\n<p>Srbija trenutno gotovo 70 posto elektri\u010dne energije dobija iz uglja, a obavezala se da \u0107e ga u potpunosti ukinuti do 2050. godine. U tom kontekstu, razvoj nuklearne energije vidi se kao jedan od klju\u010dnih pravaca diversifikacije energetskog sektora i smanjenja zavisnosti od fosilnih goriva.<\/p>\n","protected":false},"excerpt":{"rendered":"<p>Srbija planira nuklearnu elektranu do 2040. godine, izjavila je ministrica rudarstva i energetike Dubravka \u0110edovi\u0107&hellip;<\/p>\n","protected":false},"author":8,"featured_media":295454,"comment_status":"closed","ping_status":"closed","sticky":false,"template":"","format":"standard","meta":{"_acf_changed":false,"footnotes":""},"categories":[16],"tags":[4288,309],"acf":[],"yoast_head":"<!-- This site is optimized with the Yoast SEO plugin v23.5 - https:\/\/yoast.com\/wordpress\/plugins\/seo\/ -->\n<title>Srbija dobija nuklearnu elektranu, poznat datum zavr\u0161etka radova - TuzlaInfo.ba<\/title>\n<meta name=\"robots\" content=\"index, follow, max-snippet:-1, max-image-preview:large, max-video-preview:-1\" \/>\n<link rel=\"canonical\" href=\"https:\/\/tuzlainfo.ba\/index.php\/clanci\/sa-svih-strana\/item\/295453-srbija-dobija-nuklearnu-elektranu-poznat-datum-zavrsetka-radova\/\" \/>\n<meta property=\"og:locale\" content=\"bs_BA\" \/>\n<meta property=\"og:type\" content=\"article\" \/>\n<meta property=\"og:title\" content=\"Srbija dobija nuklearnu elektranu, poznat datum zavr\u0161etka radova - TuzlaInfo.ba\" \/>\n<meta property=\"og:description\" content=\"Srbija planira nuklearnu elektranu do 2040. godine, izjavila je ministrica rudarstva i energetike Dubravka \u0110edovi\u0107&hellip;\" \/>\n<meta property=\"og:url\" content=\"https:\/\/tuzlainfo.ba\/index.php\/clanci\/sa-svih-strana\/item\/295453-srbija-dobija-nuklearnu-elektranu-poznat-datum-zavrsetka-radova\/\" \/>\n<meta property=\"og:site_name\" content=\"TuzlaInfo.ba\" \/>\n<meta property=\"article:publisher\" content=\"https:\/\/www.facebook.com\/tuzlainfo.ba\/\" \/>\n<meta property=\"article:published_time\" content=\"2026-02-23T12:25:55+00:00\" \/>\n<meta property=\"article:modified_time\" content=\"2026-02-23T11:20:43+00:00\" \/>\n<meta property=\"og:image\" content=\"https:\/\/tuzlainfo.ba\/wp-content\/uploads\/2026\/02\/mre-srbije.jpeg\" \/>\n\t<meta property=\"og:image:width\" content=\"1280\" \/>\n\t<meta property=\"og:image:height\" content=\"852\" \/>\n\t<meta property=\"og:image:type\" content=\"image\/jpeg\" \/>\n<meta name=\"author\" content=\"Admin Tri\" \/>\n<meta name=\"twitter:card\" content=\"summary_large_image\" \/>\n<meta name=\"twitter:label1\" content=\"Written by\" \/>\n\t<meta name=\"twitter:data1\" content=\"Admin Tri\" \/>\n\t<meta name=\"twitter:label2\" content=\"Est. reading time\" \/>\n\t<meta name=\"twitter:data2\" content=\"2 minute\" \/>\n<script type=\"application\/ld+json\" class=\"yoast-schema-graph\">{\"@context\":\"https:\/\/schema.org\",\"@graph\":[{\"@type\":\"Article\",\"@id\":\"https:\/\/tuzlainfo.ba\/index.php\/clanci\/sa-svih-strana\/item\/295453-srbija-dobija-nuklearnu-elektranu-poznat-datum-zavrsetka-radova\/#article\",\"isPartOf\":{\"@id\":\"https:\/\/tuzlainfo.ba\/index.php\/clanci\/sa-svih-strana\/item\/295453-srbija-dobija-nuklearnu-elektranu-poznat-datum-zavrsetka-radova\/\"},\"author\":{\"name\":\"Admin Tri\",\"@id\":\"https:\/\/tuzlainfo.ba\/#\/schema\/person\/593e78a2f6378c5ba3e7600ecfa4e63a\"},\"headline\":\"Srbija dobija nuklearnu elektranu, poznat datum zavr\u0161etka radova\",\"datePublished\":\"2026-02-23T12:25:55+00:00\",\"dateModified\":\"2026-02-23T11:20:43+00:00\",\"mainEntityOfPage\":{\"@id\":\"https:\/\/tuzlainfo.ba\/index.php\/clanci\/sa-svih-strana\/item\/295453-srbija-dobija-nuklearnu-elektranu-poznat-datum-zavrsetka-radova\/\"},\"wordCount\":256,\"publisher\":{\"@id\":\"https:\/\/tuzlainfo.ba\/#organization\"},\"image\":{\"@id\":\"https:\/\/tuzlainfo.ba\/index.php\/clanci\/sa-svih-strana\/item\/295453-srbija-dobija-nuklearnu-elektranu-poznat-datum-zavrsetka-radova\/#primaryimage\"},\"thumbnailUrl\":\"https:\/\/tuzlainfo.ba\/wp-content\/uploads\/2026\/02\/mre-srbije.jpeg\",\"keywords\":[\"nuklearna elektrana\",\"srbija\"],\"articleSection\":[\"Sa svih strana\"],\"inLanguage\":\"bs-BA\"},{\"@type\":\"WebPage\",\"@id\":\"https:\/\/tuzlainfo.ba\/index.php\/clanci\/sa-svih-strana\/item\/295453-srbija-dobija-nuklearnu-elektranu-poznat-datum-zavrsetka-radova\/\",\"url\":\"https:\/\/tuzlainfo.ba\/index.php\/clanci\/sa-svih-strana\/item\/295453-srbija-dobija-nuklearnu-elektranu-poznat-datum-zavrsetka-radova\/\",\"name\":\"Srbija dobija nuklearnu elektranu, poznat datum zavr\u0161etka radova - TuzlaInfo.ba\",\"isPartOf\":{\"@id\":\"https:\/\/tuzlainfo.ba\/#website\"},\"primaryImageOfPage\":{\"@id\":\"https:\/\/tuzlainfo.ba\/index.php\/clanci\/sa-svih-strana\/item\/295453-srbija-dobija-nuklearnu-elektranu-poznat-datum-zavrsetka-radova\/#primaryimage\"},\"image\":{\"@id\":\"https:\/\/tuzlainfo.ba\/index.php\/clanci\/sa-svih-strana\/item\/295453-srbija-dobija-nuklearnu-elektranu-poznat-datum-zavrsetka-radova\/#primaryimage\"},\"thumbnailUrl\":\"https:\/\/tuzlainfo.ba\/wp-content\/uploads\/2026\/02\/mre-srbije.jpeg\",\"datePublished\":\"2026-02-23T12:25:55+00:00\",\"dateModified\":\"2026-02-23T11:20:43+00:00\",\"breadcrumb\":{\"@id\":\"https:\/\/tuzlainfo.ba\/index.php\/clanci\/sa-svih-strana\/item\/295453-srbija-dobija-nuklearnu-elektranu-poznat-datum-zavrsetka-radova\/#breadcrumb\"},\"inLanguage\":\"bs-BA\",\"potentialAction\":[{\"@type\":\"ReadAction\",\"target\":[\"https:\/\/tuzlainfo.ba\/index.php\/clanci\/sa-svih-strana\/item\/295453-srbija-dobija-nuklearnu-elektranu-poznat-datum-zavrsetka-radova\/\"]}]},{\"@type\":\"ImageObject\",\"inLanguage\":\"bs-BA\",\"@id\":\"https:\/\/tuzlainfo.ba\/index.php\/clanci\/sa-svih-strana\/item\/295453-srbija-dobija-nuklearnu-elektranu-poznat-datum-zavrsetka-radova\/#primaryimage\",\"url\":\"https:\/\/tuzlainfo.ba\/wp-content\/uploads\/2026\/02\/mre-srbije.jpeg\",\"contentUrl\":\"https:\/\/tuzlainfo.ba\/wp-content\/uploads\/2026\/02\/mre-srbije.jpeg\",\"width\":1280,\"height\":852},{\"@type\":\"BreadcrumbList\",\"@id\":\"https:\/\/tuzlainfo.ba\/index.php\/clanci\/sa-svih-strana\/item\/295453-srbija-dobija-nuklearnu-elektranu-poznat-datum-zavrsetka-radova\/#breadcrumb\",\"itemListElement\":[{\"@type\":\"ListItem\",\"position\":1,\"name\":\"Home\",\"item\":\"https:\/\/tuzlainfo.ba\/\"},{\"@type\":\"ListItem\",\"position\":2,\"name\":\"Srbija dobija nuklearnu elektranu, poznat datum zavr\u0161etka radova\"}]},{\"@type\":\"WebSite\",\"@id\":\"https:\/\/tuzlainfo.ba\/#website\",\"url\":\"https:\/\/tuzlainfo.ba\/\",\"name\":\"TuzlaInfo.ba\",\"description\":\"Tuzla info, gradski informator - Tuzla na dlanu\",\"publisher\":{\"@id\":\"https:\/\/tuzlainfo.ba\/#organization\"},\"potentialAction\":[{\"@type\":\"SearchAction\",\"target\":{\"@type\":\"EntryPoint\",\"urlTemplate\":\"https:\/\/tuzlainfo.ba\/?s={search_term_string}\"},\"query-input\":{\"@type\":\"PropertyValueSpecification\",\"valueRequired\":true,\"valueName\":\"search_term_string\"}}],\"inLanguage\":\"bs-BA\"},{\"@type\":\"Organization\",\"@id\":\"https:\/\/tuzlainfo.ba\/#organization\",\"name\":\"TuzlaInfo.ba\",\"url\":\"https:\/\/tuzlainfo.ba\/\",\"logo\":{\"@type\":\"ImageObject\",\"inLanguage\":\"bs-BA\",\"@id\":\"https:\/\/tuzlainfo.ba\/#\/schema\/logo\/image\/\",\"url\":\"https:\/\/tuzlainfo.ba\/wp-content\/uploads\/2021\/03\/logo-ver-3-1.png\",\"contentUrl\":\"https:\/\/tuzlainfo.ba\/wp-content\/uploads\/2021\/03\/logo-ver-3-1.png\",\"width\":350,\"height\":95,\"caption\":\"TuzlaInfo.ba\"},\"image\":{\"@id\":\"https:\/\/tuzlainfo.ba\/#\/schema\/logo\/image\/\"},\"sameAs\":[\"https:\/\/www.facebook.com\/tuzlainfo.ba\/\"]},{\"@type\":\"Person\",\"@id\":\"https:\/\/tuzlainfo.ba\/#\/schema\/person\/593e78a2f6378c5ba3e7600ecfa4e63a\",\"name\":\"Admin Tri\",\"image\":{\"@type\":\"ImageObject\",\"inLanguage\":\"bs-BA\",\"@id\":\"https:\/\/tuzlainfo.ba\/#\/schema\/person\/image\/\",\"url\":\"https:\/\/tuzlainfo.ba\/wp-content\/litespeed\/avatar\/b7920db4cc34a71ad12497283ad2fe3f.jpg?ver=1776496112\",\"contentUrl\":\"https:\/\/tuzlainfo.ba\/wp-content\/litespeed\/avatar\/b7920db4cc34a71ad12497283ad2fe3f.jpg?ver=1776496112\",\"caption\":\"Admin Tri\"},\"sameAs\":[\"https:\/\/tuzlainfo.ba\"]}]}<\/script>\n<!-- \/ Yoast SEO plugin. -->","yoast_head_json":{"title":"Srbija dobija nuklearnu elektranu, poznat datum zavr\u0161etka radova - TuzlaInfo.ba","robots":{"index":"index","follow":"follow","max-snippet":"max-snippet:-1","max-image-preview":"max-image-preview:large","max-video-preview":"max-video-preview:-1"},"canonical":"https:\/\/tuzlainfo.ba\/index.php\/clanci\/sa-svih-strana\/item\/295453-srbija-dobija-nuklearnu-elektranu-poznat-datum-zavrsetka-radova\/","og_locale":"bs_BA","og_type":"article","og_title":"Srbija dobija nuklearnu elektranu, poznat datum zavr\u0161etka radova - TuzlaInfo.ba","og_description":"Srbija planira nuklearnu elektranu do 2040. godine, izjavila je ministrica rudarstva i energetike Dubravka \u0110edovi\u0107&hellip;","og_url":"https:\/\/tuzlainfo.ba\/index.php\/clanci\/sa-svih-strana\/item\/295453-srbija-dobija-nuklearnu-elektranu-poznat-datum-zavrsetka-radova\/","og_site_name":"TuzlaInfo.ba","article_publisher":"https:\/\/www.facebook.com\/tuzlainfo.ba\/","article_published_time":"2026-02-23T12:25:55+00:00","article_modified_time":"2026-02-23T11:20:43+00:00","og_image":[{"width":1280,"height":852,"url":"https:\/\/tuzlainfo.ba\/wp-content\/uploads\/2026\/02\/mre-srbije.jpeg","type":"image\/jpeg"}],"author":"Admin Tri","twitter_card":"summary_large_image","twitter_misc":{"Written by":"Admin Tri","Est. reading time":"2 minute"},"schema":{"@context":"https:\/\/schema.org","@graph":[{"@type":"Article","@id":"https:\/\/tuzlainfo.ba\/index.php\/clanci\/sa-svih-strana\/item\/295453-srbija-dobija-nuklearnu-elektranu-poznat-datum-zavrsetka-radova\/#article","isPartOf":{"@id":"https:\/\/tuzlainfo.ba\/index.php\/clanci\/sa-svih-strana\/item\/295453-srbija-dobija-nuklearnu-elektranu-poznat-datum-zavrsetka-radova\/"},"author":{"name":"Admin Tri","@id":"https:\/\/tuzlainfo.ba\/#\/schema\/person\/593e78a2f6378c5ba3e7600ecfa4e63a"},"headline":"Srbija dobija nuklearnu elektranu, poznat datum zavr\u0161etka radova","datePublished":"2026-02-23T12:25:55+00:00","dateModified":"2026-02-23T11:20:43+00:00","mainEntityOfPage":{"@id":"https:\/\/tuzlainfo.ba\/index.php\/clanci\/sa-svih-strana\/item\/295453-srbija-dobija-nuklearnu-elektranu-poznat-datum-zavrsetka-radova\/"},"wordCount":256,"publisher":{"@id":"https:\/\/tuzlainfo.ba\/#organization"},"image":{"@id":"https:\/\/tuzlainfo.ba\/index.php\/clanci\/sa-svih-strana\/item\/295453-srbija-dobija-nuklearnu-elektranu-poznat-datum-zavrsetka-radova\/#primaryimage"},"thumbnailUrl":"https:\/\/tuzlainfo.ba\/wp-content\/uploads\/2026\/02\/mre-srbije.jpeg","keywords":["nuklearna elektrana","srbija"],"articleSection":["Sa svih strana"],"inLanguage":"bs-BA"},{"@type":"WebPage","@id":"https:\/\/tuzlainfo.ba\/index.php\/clanci\/sa-svih-strana\/item\/295453-srbija-dobija-nuklearnu-elektranu-poznat-datum-zavrsetka-radova\/","url":"https:\/\/tuzlainfo.ba\/index.php\/clanci\/sa-svih-strana\/item\/295453-srbija-dobija-nuklearnu-elektranu-poznat-datum-zavrsetka-radova\/","name":"Srbija dobija nuklearnu elektranu, poznat datum zavr\u0161etka radova - TuzlaInfo.ba","isPartOf":{"@id":"https:\/\/tuzlainfo.ba\/#website"},"primaryImageOfPage":{"@id":"https:\/\/tuzlainfo.ba\/index.php\/clanci\/sa-svih-strana\/item\/295453-srbija-dobija-nuklearnu-elektranu-poznat-datum-zavrsetka-radova\/#primaryimage"},"image":{"@id":"https:\/\/tuzlainfo.ba\/index.php\/clanci\/sa-svih-strana\/item\/295453-srbija-dobija-nuklearnu-elektranu-poznat-datum-zavrsetka-radova\/#primaryimage"},"thumbnailUrl":"https:\/\/tuzlainfo.ba\/wp-content\/uploads\/2026\/02\/mre-srbije.jpeg","datePublished":"2026-02-23T12:25:55+00:00","dateModified":"2026-02-23T11:20:43+00:00","breadcrumb":{"@id":"https:\/\/tuzlainfo.ba\/index.php\/clanci\/sa-svih-strana\/item\/295453-srbija-dobija-nuklearnu-elektranu-poznat-datum-zavrsetka-radova\/#breadcrumb"},"inLanguage":"bs-BA","potentialAction":[{"@type":"ReadAction","target":["https:\/\/tuzlainfo.ba\/index.php\/clanci\/sa-svih-strana\/item\/295453-srbija-dobija-nuklearnu-elektranu-poznat-datum-zavrsetka-radova\/"]}]},{"@type":"ImageObject","inLanguage":"bs-BA","@id":"https:\/\/tuzlainfo.ba\/index.php\/clanci\/sa-svih-strana\/item\/295453-srbija-dobija-nuklearnu-elektranu-poznat-datum-zavrsetka-radova\/#primaryimage","url":"https:\/\/tuzlainfo.ba\/wp-content\/uploads\/2026\/02\/mre-srbije.jpeg","contentUrl":"https:\/\/tuzlainfo.ba\/wp-content\/uploads\/2026\/02\/mre-srbije.jpeg","width":1280,"height":852},{"@type":"BreadcrumbList","@id":"https:\/\/tuzlainfo.ba\/index.php\/clanci\/sa-svih-strana\/item\/295453-srbija-dobija-nuklearnu-elektranu-poznat-datum-zavrsetka-radova\/#breadcrumb","itemListElement":[{"@type":"ListItem","position":1,"name":"Home","item":"https:\/\/tuzlainfo.ba\/"},{"@type":"ListItem","position":2,"name":"Srbija dobija nuklearnu elektranu, poznat datum zavr\u0161etka radova"}]},{"@type":"WebSite","@id":"https:\/\/tuzlainfo.ba\/#website","url":"https:\/\/tuzlainfo.ba\/","name":"TuzlaInfo.ba","description":"Tuzla info, gradski informator - Tuzla na dlanu","publisher":{"@id":"https:\/\/tuzlainfo.ba\/#organization"},"potentialAction":[{"@type":"SearchAction","target":{"@type":"EntryPoint","urlTemplate":"https:\/\/tuzlainfo.ba\/?s={search_term_string}"},"query-input":{"@type":"PropertyValueSpecification","valueRequired":true,"valueName":"search_term_string"}}],"inLanguage":"bs-BA"},{"@type":"Organization","@id":"https:\/\/tuzlainfo.ba\/#organization","name":"TuzlaInfo.ba","url":"https:\/\/tuzlainfo.ba\/","logo":{"@type":"ImageObject","inLanguage":"bs-BA","@id":"https:\/\/tuzlainfo.ba\/#\/schema\/logo\/image\/","url":"https:\/\/tuzlainfo.ba\/wp-content\/uploads\/2021\/03\/logo-ver-3-1.png","contentUrl":"https:\/\/tuzlainfo.ba\/wp-content\/uploads\/2021\/03\/logo-ver-3-1.png","width":350,"height":95,"caption":"TuzlaInfo.ba"},"image":{"@id":"https:\/\/tuzlainfo.ba\/#\/schema\/logo\/image\/"},"sameAs":["https:\/\/www.facebook.com\/tuzlainfo.ba\/"]},{"@type":"Person","@id":"https:\/\/tuzlainfo.ba\/#\/schema\/person\/593e78a2f6378c5ba3e7600ecfa4e63a","name":"Admin Tri","image":{"@type":"ImageObject","inLanguage":"bs-BA","@id":"https:\/\/tuzlainfo.ba\/#\/schema\/person\/image\/","url":"https:\/\/tuzlainfo.ba\/wp-content\/litespeed\/avatar\/b7920db4cc34a71ad12497283ad2fe3f.jpg?ver=1776496112","contentUrl":"https:\/\/tuzlainfo.ba\/wp-content\/litespeed\/avatar\/b7920db4cc34a71ad12497283ad2fe3f.jpg?ver=1776496112","caption":"Admin Tri"},"sameAs":["https:\/\/tuzlainfo.ba"]}]}},"_links":{"self":[{"href":"https:\/\/tuzlainfo.ba\/index.php\/wp-json\/wp\/v2\/posts\/295453"}],"collection":[{"href":"https:\/\/tuzlainfo.ba\/index.php\/wp-json\/wp\/v2\/posts"}],"about":[{"href":"https:\/\/tuzlainfo.ba\/index.php\/wp-json\/wp\/v2\/types\/post"}],"author":[{"embeddable":true,"href":"https:\/\/tuzlainfo.ba\/index.php\/wp-json\/wp\/v2\/users\/8"}],"replies":[{"embeddable":true,"href":"https:\/\/tuzlainfo.ba\/index.php\/wp-json\/wp\/v2\/comments?post=295453"}],"version-history":[{"count":1,"href":"https:\/\/tuzlainfo.ba\/index.php\/wp-json\/wp\/v2\/posts\/295453\/revisions"}],"predecessor-version":[{"id":295455,"href":"https:\/\/tuzlainfo.ba\/index.php\/wp-json\/wp\/v2\/posts\/295453\/revisions\/295455"}],"wp:featuredmedia":[{"embeddable":true,"href":"https:\/\/tuzlainfo.ba\/index.php\/wp-json\/wp\/v2\/media\/295454"}],"wp:attachment":[{"href":"https:\/\/tuzlainfo.ba\/index.php\/wp-json\/wp\/v2\/media?parent=295453"}],"wp:term":[{"taxonomy":"category","embeddable":true,"href":"https:\/\/tuzlainfo.ba\/index.php\/wp-json\/wp\/v2\/categories?post=295453"},{"taxonomy":"post_tag","embeddable":true,"href":"https:\/\/tuzlainfo.ba\/index.php\/wp-json\/wp\/v2\/tags?post=295453"}],"curies":[{"name":"wp","href":"https:\/\/api.w.org\/{rel}","templated":true}]}}