{"id":295435,"date":"2026-02-23T11:36:36","date_gmt":"2026-02-23T10:36:36","guid":{"rendered":"https:\/\/tuzlainfo.ba\/?p=295435"},"modified":"2026-02-23T11:49:02","modified_gmt":"2026-02-23T10:49:02","slug":"vijecnica-se-usprotivila-tuzla-ce-danas-dobiti-jos-jednog-direktora-penzionera-u-javnom-preduzecu","status":"publish","type":"post","link":"https:\/\/tuzlainfo.ba\/index.php\/novosti\/item\/295435-vijecnica-se-usprotivila-tuzla-ce-danas-dobiti-jos-jednog-direktora-penzionera-u-javnom-preduzecu\/","title":{"rendered":"Vije\u0107nica se usprotivila: Tuzla \u0107e danas dobiti jo\u0161 jednog direktora &#8220;penzionera&#8221; u javnom preduze\u0107u"},"content":{"rendered":"<p data-start=\"0\" data-end=\"780\">Na dana\u0161njoj sjednici Gradsko vije\u0107r Tuzle trebalo bi donijeti odluku o davanju prethodne saglasnosti Nadzornom odboru Javnog preduze\u0107a Gradska veterinarska stanica d.o.o. Tuzla za imenovanje direktora ovog preduze\u0107a.<\/p>\n<p data-start=\"234\" data-end=\"499\">Prema predlo\u017eenoj odluci, saglasnost bi trebala biti data za imenovanje prof. dr. sc. Jasmina Ferizbegovi\u0107a na funkciju direktora Dru\u0161tva.<\/p>\n<p data-start=\"0\" data-end=\"780\">U tome ne bi bilo ni\u0161ta sporno, jer je Ferizbegovi\u0107 bio jedini kandidat na konkursu, ali ono na \u0161to javnost a o\u010digledno i neki vije\u0107nici imaju zamjrku je to \u0161to je prof. dr. sc. Jasmin Ferizbegovi\u0107 ve\u0107 stekao uslove za penziju.<\/p>\n<h3 data-start=\"0\" data-end=\"780\"><strong>Reakcija vije\u0107nice Na\u0161e stranke<\/strong><\/h3>\n<p data-start=\"0\" data-end=\"243\">Vije\u0107nica Na\u0161e stranke u Gradskom vije\u0107u Tuzle Dragana Gagro Berberovi\u0107 oglasila se tim\u00a0 povodom najavljuju\u0107i da \u0107e glasati protiv ta\u010dke dnevnog reda koja se odnosi na imenovanje direktora jednog javnog preduze\u0107a.<\/p>\n<p data-start=\"245\" data-end=\"497\">Kako je navela u svojoj objavi, smatra da osobe koje su stekle zakonske uslove za penziju ne bi trebale obna\u0161ati rukovode\u0107e funkcije, isti\u010du\u0107i da je potrebno otvoriti prostor za mla\u0111e generacije i omogu\u0107iti im stvarnu priliku za profesionalni napredak.<\/p>\n<p data-start=\"499\" data-end=\"777\">\u201eDanas je na Gradskom vije\u0107u ta\u010dka o imenovanju direktora jednog javnog preduze\u0107a i po toj odluci \u0107u biti protiv. Smatram da oni koji su stekli zakonske uslove za penziju ne trebaju obna\u0161ati rukovode\u0107e funkcije. Mladima se mora dati stvarna \u0161ansa\u201c, poru\u010dila je Gagro Berberovi\u0107.<\/p>\n<p data-start=\"499\" data-end=\"777\"><img fetchpriority=\"high\" decoding=\"async\" class=\"alignnone size-full wp-image-295437\" src=\"https:\/\/tuzlainfo.ba\/wp-content\/uploads\/2026\/02\/doku.jpg\" alt=\"\" width=\"526\" height=\"796\" srcset=\"https:\/\/tuzlainfo.ba\/wp-content\/uploads\/2026\/02\/doku.jpg 526w, https:\/\/tuzlainfo.ba\/wp-content\/uploads\/2026\/02\/doku-198x300.jpg 198w, https:\/\/tuzlainfo.ba\/wp-content\/uploads\/2026\/02\/doku-150x227.jpg 150w, https:\/\/tuzlainfo.ba\/wp-content\/uploads\/2026\/02\/doku-330x500.jpg 330w\" sizes=\"(max-width: 526px) 100vw, 526px\" \/><\/p>\n<p data-start=\"779\" data-end=\"960\">Ona je ujedno pozvala i ostale vije\u0107nike da ne podr\u017ee predlo\u017eeno imenovanje, nagla\u0161avaju\u0107i da ovakve odluke, prema njenom mi\u0161ljenju, doprinose odlasku mladih iz Bosne i Hercegovine.<\/p>\n<p data-start=\"962\" data-end=\"1190\">\u201ePozivam kolege vije\u0107nike da ne u\u010destvuju u protjerivanju mladih iz ove zemlje i da ne daju podr\u0161ku ovom izboru, a mlade da kona\u010dno uzmu stvari u svoje ruke i ovakvim pojavama jasno ka\u017eu dosta\u201c, navela je vije\u0107nica Na\u0161e stranke.<\/p>\n<h3 data-start=\"962\" data-end=\"1190\"><strong>Sve po zakonu<\/strong><\/h3>\n<p data-start=\"782\" data-end=\"1545\">Podsje\u0107amo, Gradsko vije\u0107e Tuzle je u novembru pro\u0161le godine usvojilo izmjene Odluke o postupku izbora i kona\u010dnog imenovanja \u010dlanova organa upravljanja u javnim preduze\u0107ima i ustanovama \u010diji je osniva\u010d ili suosniva\u010d Grad Tuzla, \u010dime je ukinuta ranija starosna granica od 65 godina za imenovanja.<\/p>\n<p data-start=\"782\" data-end=\"1545\">Time je omogu\u0107eno da u upravne i nadzorne odbore, pored ranije omogu\u0107emog imenavanja direktora, ali i druge upravlja\u010dke strukture, budu imenovane i osobe koje su ispunile uslove za penziju, ukoliko zadovoljavaju ostale zakonom propisane kriterije.<\/p>\n<p data-start=\"1547\" data-end=\"1832\">Rasprava o dana\u0161njoj ta\u010dki dnevnog reda o\u010dekuje se uz pove\u0107ano interesovanje javnosti, s obzirom na to da pitanje kadrovske politike u javnim preduze\u0107ima sve \u010de\u0161\u0107e otvara \u0161iru diskusiju o generacijskoj smjeni, zapo\u0161ljavanju mladih i odgovornosti lokalnih vlasti prema budu\u0107nosti grada.<\/p>\n<p data-start=\"1547\" data-end=\"1832\">Podsje\u0107amo, i dugogodi\u0161nji direktor JP Pannonica Tuzla, Maid Porobi\u0107, i pored ste\u010denih uslova za penzionisanje je ostao na \u010delu ovog javnog preduze\u0107a. Sve po zakonu. <strong>\/Tuzlainfo.ba\/<\/strong><\/p>\n","protected":false},"excerpt":{"rendered":"<p>Na dana\u0161njoj sjednici Gradsko vije\u0107r Tuzle trebalo bi donijeti odluku o davanju prethodne saglasnosti Nadzornom odboru Javnog preduze\u0107a Gradska veterinarska stanica d.o.o. Tuzla za imenovanje direktora ovog preduze\u0107a. Prema predlo\u017eenoj odluci, saglasnost bi trebala biti data za imenovanje prof. dr. sc. Jasmina Ferizbegovi\u0107a na funkciju direktora Dru\u0161tva. U tome ne bi bilo ni\u0161ta sporno, jer [&hellip;]<\/p>\n","protected":false},"author":2,"featured_media":258348,"comment_status":"closed","ping_status":"closed","sticky":false,"template":"","format":"standard","meta":{"footnotes":""},"categories":[304,12,306],"tags":[858,4267],"class_list":["post-295435","post","type-post","status-publish","format-standard","has-post-thumbnail","hentry","category-istaknuto","category-novosti","category-preporucujemo","tag-gradsko-vijece-tuzla","tag-veterinarska-stanica-tuzla"],"yoast_head":"<!-- This site is optimized with the Yoast SEO plugin v28.4 - https:\/\/yoast.com\/product\/yoast-seo-wordpress\/ -->\n<title>Vije\u0107nica se usprotivila: Tuzla \u0107e danas dobiti jo\u0161 jednog direktora &quot;penzionera&quot; u javnom preduze\u0107u<\/title>\n<meta name=\"robots\" content=\"index, follow, max-snippet:-1, max-image-preview:large, max-video-preview:-1\" \/>\n<link rel=\"canonical\" href=\"https:\/\/tuzlainfo.ba\/index.php\/novosti\/item\/295435-vijecnica-se-usprotivila-tuzla-ce-danas-dobiti-jos-jednog-direktora-penzionera-u-javnom-preduzecu\/\" \/>\n<meta property=\"og:locale\" content=\"bs_BA\" \/>\n<meta property=\"og:type\" content=\"article\" \/>\n<meta property=\"og:title\" content=\"Vije\u0107nica se usprotivila: Tuzla \u0107e danas dobiti jo\u0161 jednog direktora &quot;penzionera&quot; u javnom preduze\u0107u\" \/>\n<meta property=\"og:description\" content=\"Na dana\u0161njoj sjednici Gradsko vije\u0107r Tuzle trebalo bi donijeti odluku o davanju prethodne saglasnosti Nadzornom odboru Javnog preduze\u0107a Gradska veterinarska stanica d.o.o. Tuzla za imenovanje direktora ovog preduze\u0107a. Prema predlo\u017eenoj odluci, saglasnost bi trebala biti data za imenovanje prof. dr. sc. Jasmina Ferizbegovi\u0107a na funkciju direktora Dru\u0161tva. U tome ne bi bilo ni\u0161ta sporno, jer [&hellip;]\" \/>\n<meta property=\"og:url\" content=\"https:\/\/tuzlainfo.ba\/index.php\/novosti\/item\/295435-vijecnica-se-usprotivila-tuzla-ce-danas-dobiti-jos-jednog-direktora-penzionera-u-javnom-preduzecu\/\" \/>\n<meta property=\"og:site_name\" content=\"TuzlaInfo.ba\" \/>\n<meta property=\"article:publisher\" content=\"https:\/\/www.facebook.com\/tuzlainfo.ba\/\" \/>\n<meta property=\"article:published_time\" content=\"2026-02-23T10:36:36+00:00\" \/>\n<meta property=\"article:modified_time\" content=\"2026-02-23T10:49:02+00:00\" \/>\n<meta property=\"og:image\" content=\"https:\/\/tuzlainfo.ba\/wp-content\/uploads\/2024\/12\/1912_gradsko-vijece-tuzla-scaled-e1738221487977.jpg\" \/>\n\t<meta property=\"og:image:width\" content=\"1000\" \/>\n\t<meta property=\"og:image:height\" content=\"667\" \/>\n\t<meta property=\"og:image:type\" content=\"image\/jpeg\" \/>\n<meta name=\"author\" content=\"nedim\" \/>\n<meta name=\"twitter:card\" content=\"summary_large_image\" \/>\n<meta name=\"twitter:label1\" content=\"Written by\" \/>\n\t<meta name=\"twitter:data1\" content=\"nedim\" \/>\n\t<meta name=\"twitter:label2\" content=\"Est. reading time\" \/>\n\t<meta name=\"twitter:data2\" content=\"3 minute\" \/>\n<script type=\"application\/ld+json\" class=\"yoast-schema-graph\">{\"@context\":\"https:\\\/\\\/schema.org\",\"@graph\":[{\"@type\":\"Article\",\"@id\":\"https:\\\/\\\/tuzlainfo.ba\\\/index.php\\\/novosti\\\/item\\\/295435-vijecnica-se-usprotivila-tuzla-ce-danas-dobiti-jos-jednog-direktora-penzionera-u-javnom-preduzecu\\\/#article\",\"isPartOf\":{\"@id\":\"https:\\\/\\\/tuzlainfo.ba\\\/index.php\\\/novosti\\\/item\\\/295435-vijecnica-se-usprotivila-tuzla-ce-danas-dobiti-jos-jednog-direktora-penzionera-u-javnom-preduzecu\\\/\"},\"author\":{\"name\":\"nedim\",\"@id\":\"https:\\\/\\\/tuzlainfo.ba\\\/#\\\/schema\\\/person\\\/f434e20dc27ea133923aab08451b7f7f\"},\"headline\":\"Vije\u0107nica se usprotivila: Tuzla \u0107e danas dobiti jo\u0161 jednog direktora &#8220;penzionera&#8221; u javnom preduze\u0107u\",\"datePublished\":\"2026-02-23T10:36:36+00:00\",\"dateModified\":\"2026-02-23T10:49:02+00:00\",\"mainEntityOfPage\":{\"@id\":\"https:\\\/\\\/tuzlainfo.ba\\\/index.php\\\/novosti\\\/item\\\/295435-vijecnica-se-usprotivila-tuzla-ce-danas-dobiti-jos-jednog-direktora-penzionera-u-javnom-preduzecu\\\/\"},\"wordCount\":500,\"publisher\":{\"@id\":\"https:\\\/\\\/tuzlainfo.ba\\\/#organization\"},\"image\":{\"@id\":\"https:\\\/\\\/tuzlainfo.ba\\\/index.php\\\/novosti\\\/item\\\/295435-vijecnica-se-usprotivila-tuzla-ce-danas-dobiti-jos-jednog-direktora-penzionera-u-javnom-preduzecu\\\/#primaryimage\"},\"thumbnailUrl\":\"https:\\\/\\\/tuzlainfo.ba\\\/wp-content\\\/uploads\\\/2024\\\/12\\\/1912_gradsko-vijece-tuzla-scaled-e1738221487977.jpg\",\"keywords\":[\"gradsko vije\u0107e tuzla\",\"Veterinarska stanica Tuzla\"],\"articleSection\":[\"Istaknuto\",\"Novosti\",\"Preporu\u010dujemo\"],\"inLanguage\":\"bs-BA\",\"copyrightYear\":\"2026\",\"copyrightHolder\":{\"@id\":\"https:\\\/\\\/tuzlainfo.ba\\\/#organization\"}},{\"@type\":\"WebPage\",\"@id\":\"https:\\\/\\\/tuzlainfo.ba\\\/index.php\\\/novosti\\\/item\\\/295435-vijecnica-se-usprotivila-tuzla-ce-danas-dobiti-jos-jednog-direktora-penzionera-u-javnom-preduzecu\\\/\",\"url\":\"https:\\\/\\\/tuzlainfo.ba\\\/index.php\\\/novosti\\\/item\\\/295435-vijecnica-se-usprotivila-tuzla-ce-danas-dobiti-jos-jednog-direktora-penzionera-u-javnom-preduzecu\\\/\",\"name\":\"Vije\u0107nica se usprotivila: Tuzla \u0107e danas dobiti jo\u0161 jednog direktora \\\"penzionera\\\" u javnom preduze\u0107u\",\"isPartOf\":{\"@id\":\"https:\\\/\\\/tuzlainfo.ba\\\/#website\"},\"primaryImageOfPage\":{\"@id\":\"https:\\\/\\\/tuzlainfo.ba\\\/index.php\\\/novosti\\\/item\\\/295435-vijecnica-se-usprotivila-tuzla-ce-danas-dobiti-jos-jednog-direktora-penzionera-u-javnom-preduzecu\\\/#primaryimage\"},\"image\":{\"@id\":\"https:\\\/\\\/tuzlainfo.ba\\\/index.php\\\/novosti\\\/item\\\/295435-vijecnica-se-usprotivila-tuzla-ce-danas-dobiti-jos-jednog-direktora-penzionera-u-javnom-preduzecu\\\/#primaryimage\"},\"thumbnailUrl\":\"https:\\\/\\\/tuzlainfo.ba\\\/wp-content\\\/uploads\\\/2024\\\/12\\\/1912_gradsko-vijece-tuzla-scaled-e1738221487977.jpg\",\"datePublished\":\"2026-02-23T10:36:36+00:00\",\"dateModified\":\"2026-02-23T10:49:02+00:00\",\"breadcrumb\":{\"@id\":\"https:\\\/\\\/tuzlainfo.ba\\\/index.php\\\/novosti\\\/item\\\/295435-vijecnica-se-usprotivila-tuzla-ce-danas-dobiti-jos-jednog-direktora-penzionera-u-javnom-preduzecu\\\/#breadcrumb\"},\"inLanguage\":\"bs-BA\",\"potentialAction\":[{\"@type\":\"ReadAction\",\"target\":[\"https:\\\/\\\/tuzlainfo.ba\\\/index.php\\\/novosti\\\/item\\\/295435-vijecnica-se-usprotivila-tuzla-ce-danas-dobiti-jos-jednog-direktora-penzionera-u-javnom-preduzecu\\\/\"]}]},{\"@type\":\"ImageObject\",\"inLanguage\":\"bs-BA\",\"@id\":\"https:\\\/\\\/tuzlainfo.ba\\\/index.php\\\/novosti\\\/item\\\/295435-vijecnica-se-usprotivila-tuzla-ce-danas-dobiti-jos-jednog-direktora-penzionera-u-javnom-preduzecu\\\/#primaryimage\",\"url\":\"https:\\\/\\\/tuzlainfo.ba\\\/wp-content\\\/uploads\\\/2024\\\/12\\\/1912_gradsko-vijece-tuzla-scaled-e1738221487977.jpg\",\"contentUrl\":\"https:\\\/\\\/tuzlainfo.ba\\\/wp-content\\\/uploads\\\/2024\\\/12\\\/1912_gradsko-vijece-tuzla-scaled-e1738221487977.jpg\",\"width\":1000,\"height\":667},{\"@type\":\"BreadcrumbList\",\"@id\":\"https:\\\/\\\/tuzlainfo.ba\\\/index.php\\\/novosti\\\/item\\\/295435-vijecnica-se-usprotivila-tuzla-ce-danas-dobiti-jos-jednog-direktora-penzionera-u-javnom-preduzecu\\\/#breadcrumb\",\"itemListElement\":[{\"@type\":\"ListItem\",\"position\":1,\"name\":\"Home\",\"item\":\"https:\\\/\\\/tuzlainfo.ba\\\/\"},{\"@type\":\"ListItem\",\"position\":2,\"name\":\"Vije\u0107nica se usprotivila: Tuzla \u0107e danas dobiti jo\u0161 jednog direktora &#8220;penzionera&#8221; u javnom preduze\u0107u\"}]},{\"@type\":\"WebSite\",\"@id\":\"https:\\\/\\\/tuzlainfo.ba\\\/#website\",\"url\":\"https:\\\/\\\/tuzlainfo.ba\\\/\",\"name\":\"TuzlaInfo.ba\",\"description\":\"Tuzla info, gradski informator - Tuzla na dlanu\",\"publisher\":{\"@id\":\"https:\\\/\\\/tuzlainfo.ba\\\/#organization\"},\"potentialAction\":[{\"@type\":\"SearchAction\",\"target\":{\"@type\":\"EntryPoint\",\"urlTemplate\":\"https:\\\/\\\/tuzlainfo.ba\\\/?s={search_term_string}\"},\"query-input\":{\"@type\":\"PropertyValueSpecification\",\"valueRequired\":true,\"valueName\":\"search_term_string\"}}],\"inLanguage\":\"bs-BA\"},{\"@type\":\"Organization\",\"@id\":\"https:\\\/\\\/tuzlainfo.ba\\\/#organization\",\"name\":\"TuzlaInfo.ba\",\"url\":\"https:\\\/\\\/tuzlainfo.ba\\\/\",\"logo\":{\"@type\":\"ImageObject\",\"inLanguage\":\"bs-BA\",\"@id\":\"https:\\\/\\\/tuzlainfo.ba\\\/#\\\/schema\\\/logo\\\/image\\\/\",\"url\":\"https:\\\/\\\/tuzlainfo.ba\\\/wp-content\\\/uploads\\\/2021\\\/03\\\/logo-ver-3-1.png\",\"contentUrl\":\"https:\\\/\\\/tuzlainfo.ba\\\/wp-content\\\/uploads\\\/2021\\\/03\\\/logo-ver-3-1.png\",\"width\":350,\"height\":95,\"caption\":\"TuzlaInfo.ba\"},\"image\":{\"@id\":\"https:\\\/\\\/tuzlainfo.ba\\\/#\\\/schema\\\/logo\\\/image\\\/\"},\"sameAs\":[\"https:\\\/\\\/www.facebook.com\\\/tuzlainfo.ba\\\/\"]},{\"@type\":\"Person\",\"@id\":\"https:\\\/\\\/tuzlainfo.ba\\\/#\\\/schema\\\/person\\\/f434e20dc27ea133923aab08451b7f7f\",\"name\":\"nedim\",\"image\":{\"@type\":\"ImageObject\",\"inLanguage\":\"bs-BA\",\"@id\":\"https:\\\/\\\/secure.gravatar.com\\\/avatar\\\/5b928a2e7e70a54208d2eb6c1edcb75a5350d6ae97d5f0a701203d456823f6f3?s=96&d=mm&r=g\",\"url\":\"https:\\\/\\\/secure.gravatar.com\\\/avatar\\\/5b928a2e7e70a54208d2eb6c1edcb75a5350d6ae97d5f0a701203d456823f6f3?s=96&d=mm&r=g\",\"contentUrl\":\"https:\\\/\\\/secure.gravatar.com\\\/avatar\\\/5b928a2e7e70a54208d2eb6c1edcb75a5350d6ae97d5f0a701203d456823f6f3?s=96&d=mm&r=g\",\"caption\":\"nedim\"},\"description\":\"Tuzlainfo.ba pratite na dru\u0161tvenim mre\u017eama: Facebook, Instagram i Youtube. Svoje pri\u010de, upite i fotografije \u0161aljite na na\u0161u e-mail adresu.\"}]}<\/script>\n<!-- \/ Yoast SEO plugin. -->","yoast_head_json":{"title":"Vije\u0107nica se usprotivila: Tuzla \u0107e danas dobiti jo\u0161 jednog direktora \"penzionera\" u javnom preduze\u0107u","robots":{"index":"index","follow":"follow","max-snippet":"max-snippet:-1","max-image-preview":"max-image-preview:large","max-video-preview":"max-video-preview:-1"},"canonical":"https:\/\/tuzlainfo.ba\/index.php\/novosti\/item\/295435-vijecnica-se-usprotivila-tuzla-ce-danas-dobiti-jos-jednog-direktora-penzionera-u-javnom-preduzecu\/","og_locale":"bs_BA","og_type":"article","og_title":"Vije\u0107nica se usprotivila: Tuzla \u0107e danas dobiti jo\u0161 jednog direktora \"penzionera\" u javnom preduze\u0107u","og_description":"Na dana\u0161njoj sjednici Gradsko vije\u0107r Tuzle trebalo bi donijeti odluku o davanju prethodne saglasnosti Nadzornom odboru Javnog preduze\u0107a Gradska veterinarska stanica d.o.o. Tuzla za imenovanje direktora ovog preduze\u0107a. Prema predlo\u017eenoj odluci, saglasnost bi trebala biti data za imenovanje prof. dr. sc. Jasmina Ferizbegovi\u0107a na funkciju direktora Dru\u0161tva. U tome ne bi bilo ni\u0161ta sporno, jer [&hellip;]","og_url":"https:\/\/tuzlainfo.ba\/index.php\/novosti\/item\/295435-vijecnica-se-usprotivila-tuzla-ce-danas-dobiti-jos-jednog-direktora-penzionera-u-javnom-preduzecu\/","og_site_name":"TuzlaInfo.ba","article_publisher":"https:\/\/www.facebook.com\/tuzlainfo.ba\/","article_published_time":"2026-02-23T10:36:36+00:00","article_modified_time":"2026-02-23T10:49:02+00:00","og_image":[{"width":1000,"height":667,"url":"https:\/\/tuzlainfo.ba\/wp-content\/uploads\/2024\/12\/1912_gradsko-vijece-tuzla-scaled-e1738221487977.jpg","type":"image\/jpeg"}],"author":"nedim","twitter_card":"summary_large_image","twitter_misc":{"Written by":"nedim","Est. reading time":"3 minute"},"schema":{"@context":"https:\/\/schema.org","@graph":[{"@type":"Article","@id":"https:\/\/tuzlainfo.ba\/index.php\/novosti\/item\/295435-vijecnica-se-usprotivila-tuzla-ce-danas-dobiti-jos-jednog-direktora-penzionera-u-javnom-preduzecu\/#article","isPartOf":{"@id":"https:\/\/tuzlainfo.ba\/index.php\/novosti\/item\/295435-vijecnica-se-usprotivila-tuzla-ce-danas-dobiti-jos-jednog-direktora-penzionera-u-javnom-preduzecu\/"},"author":{"name":"nedim","@id":"https:\/\/tuzlainfo.ba\/#\/schema\/person\/f434e20dc27ea133923aab08451b7f7f"},"headline":"Vije\u0107nica se usprotivila: Tuzla \u0107e danas dobiti jo\u0161 jednog direktora &#8220;penzionera&#8221; u javnom preduze\u0107u","datePublished":"2026-02-23T10:36:36+00:00","dateModified":"2026-02-23T10:49:02+00:00","mainEntityOfPage":{"@id":"https:\/\/tuzlainfo.ba\/index.php\/novosti\/item\/295435-vijecnica-se-usprotivila-tuzla-ce-danas-dobiti-jos-jednog-direktora-penzionera-u-javnom-preduzecu\/"},"wordCount":500,"publisher":{"@id":"https:\/\/tuzlainfo.ba\/#organization"},"image":{"@id":"https:\/\/tuzlainfo.ba\/index.php\/novosti\/item\/295435-vijecnica-se-usprotivila-tuzla-ce-danas-dobiti-jos-jednog-direktora-penzionera-u-javnom-preduzecu\/#primaryimage"},"thumbnailUrl":"https:\/\/tuzlainfo.ba\/wp-content\/uploads\/2024\/12\/1912_gradsko-vijece-tuzla-scaled-e1738221487977.jpg","keywords":["gradsko vije\u0107e tuzla","Veterinarska stanica Tuzla"],"articleSection":["Istaknuto","Novosti","Preporu\u010dujemo"],"inLanguage":"bs-BA","copyrightYear":"2026","copyrightHolder":{"@id":"https:\/\/tuzlainfo.ba\/#organization"}},{"@type":"WebPage","@id":"https:\/\/tuzlainfo.ba\/index.php\/novosti\/item\/295435-vijecnica-se-usprotivila-tuzla-ce-danas-dobiti-jos-jednog-direktora-penzionera-u-javnom-preduzecu\/","url":"https:\/\/tuzlainfo.ba\/index.php\/novosti\/item\/295435-vijecnica-se-usprotivila-tuzla-ce-danas-dobiti-jos-jednog-direktora-penzionera-u-javnom-preduzecu\/","name":"Vije\u0107nica se usprotivila: Tuzla \u0107e danas dobiti jo\u0161 jednog direktora \"penzionera\" u javnom preduze\u0107u","isPartOf":{"@id":"https:\/\/tuzlainfo.ba\/#website"},"primaryImageOfPage":{"@id":"https:\/\/tuzlainfo.ba\/index.php\/novosti\/item\/295435-vijecnica-se-usprotivila-tuzla-ce-danas-dobiti-jos-jednog-direktora-penzionera-u-javnom-preduzecu\/#primaryimage"},"image":{"@id":"https:\/\/tuzlainfo.ba\/index.php\/novosti\/item\/295435-vijecnica-se-usprotivila-tuzla-ce-danas-dobiti-jos-jednog-direktora-penzionera-u-javnom-preduzecu\/#primaryimage"},"thumbnailUrl":"https:\/\/tuzlainfo.ba\/wp-content\/uploads\/2024\/12\/1912_gradsko-vijece-tuzla-scaled-e1738221487977.jpg","datePublished":"2026-02-23T10:36:36+00:00","dateModified":"2026-02-23T10:49:02+00:00","breadcrumb":{"@id":"https:\/\/tuzlainfo.ba\/index.php\/novosti\/item\/295435-vijecnica-se-usprotivila-tuzla-ce-danas-dobiti-jos-jednog-direktora-penzionera-u-javnom-preduzecu\/#breadcrumb"},"inLanguage":"bs-BA","potentialAction":[{"@type":"ReadAction","target":["https:\/\/tuzlainfo.ba\/index.php\/novosti\/item\/295435-vijecnica-se-usprotivila-tuzla-ce-danas-dobiti-jos-jednog-direktora-penzionera-u-javnom-preduzecu\/"]}]},{"@type":"ImageObject","inLanguage":"bs-BA","@id":"https:\/\/tuzlainfo.ba\/index.php\/novosti\/item\/295435-vijecnica-se-usprotivila-tuzla-ce-danas-dobiti-jos-jednog-direktora-penzionera-u-javnom-preduzecu\/#primaryimage","url":"https:\/\/tuzlainfo.ba\/wp-content\/uploads\/2024\/12\/1912_gradsko-vijece-tuzla-scaled-e1738221487977.jpg","contentUrl":"https:\/\/tuzlainfo.ba\/wp-content\/uploads\/2024\/12\/1912_gradsko-vijece-tuzla-scaled-e1738221487977.jpg","width":1000,"height":667},{"@type":"BreadcrumbList","@id":"https:\/\/tuzlainfo.ba\/index.php\/novosti\/item\/295435-vijecnica-se-usprotivila-tuzla-ce-danas-dobiti-jos-jednog-direktora-penzionera-u-javnom-preduzecu\/#breadcrumb","itemListElement":[{"@type":"ListItem","position":1,"name":"Home","item":"https:\/\/tuzlainfo.ba\/"},{"@type":"ListItem","position":2,"name":"Vije\u0107nica se usprotivila: Tuzla \u0107e danas dobiti jo\u0161 jednog direktora &#8220;penzionera&#8221; u javnom preduze\u0107u"}]},{"@type":"WebSite","@id":"https:\/\/tuzlainfo.ba\/#website","url":"https:\/\/tuzlainfo.ba\/","name":"TuzlaInfo.ba","description":"Tuzla info, gradski informator - Tuzla na dlanu","publisher":{"@id":"https:\/\/tuzlainfo.ba\/#organization"},"potentialAction":[{"@type":"SearchAction","target":{"@type":"EntryPoint","urlTemplate":"https:\/\/tuzlainfo.ba\/?s={search_term_string}"},"query-input":{"@type":"PropertyValueSpecification","valueRequired":true,"valueName":"search_term_string"}}],"inLanguage":"bs-BA"},{"@type":"Organization","@id":"https:\/\/tuzlainfo.ba\/#organization","name":"TuzlaInfo.ba","url":"https:\/\/tuzlainfo.ba\/","logo":{"@type":"ImageObject","inLanguage":"bs-BA","@id":"https:\/\/tuzlainfo.ba\/#\/schema\/logo\/image\/","url":"https:\/\/tuzlainfo.ba\/wp-content\/uploads\/2021\/03\/logo-ver-3-1.png","contentUrl":"https:\/\/tuzlainfo.ba\/wp-content\/uploads\/2021\/03\/logo-ver-3-1.png","width":350,"height":95,"caption":"TuzlaInfo.ba"},"image":{"@id":"https:\/\/tuzlainfo.ba\/#\/schema\/logo\/image\/"},"sameAs":["https:\/\/www.facebook.com\/tuzlainfo.ba\/"]},{"@type":"Person","@id":"https:\/\/tuzlainfo.ba\/#\/schema\/person\/f434e20dc27ea133923aab08451b7f7f","name":"nedim","image":{"@type":"ImageObject","inLanguage":"bs-BA","@id":"https:\/\/secure.gravatar.com\/avatar\/5b928a2e7e70a54208d2eb6c1edcb75a5350d6ae97d5f0a701203d456823f6f3?s=96&d=mm&r=g","url":"https:\/\/secure.gravatar.com\/avatar\/5b928a2e7e70a54208d2eb6c1edcb75a5350d6ae97d5f0a701203d456823f6f3?s=96&d=mm&r=g","contentUrl":"https:\/\/secure.gravatar.com\/avatar\/5b928a2e7e70a54208d2eb6c1edcb75a5350d6ae97d5f0a701203d456823f6f3?s=96&d=mm&r=g","caption":"nedim"},"description":"Tuzlainfo.ba pratite na dru\u0161tvenim mre\u017eama: Facebook, Instagram i Youtube. Svoje pri\u010de, upite i fotografije \u0161aljite na na\u0161u e-mail adresu."}]}},"_links":{"self":[{"href":"https:\/\/tuzlainfo.ba\/index.php\/wp-json\/wp\/v2\/posts\/295435","targetHints":{"allow":["GET"]}}],"collection":[{"href":"https:\/\/tuzlainfo.ba\/index.php\/wp-json\/wp\/v2\/posts"}],"about":[{"href":"https:\/\/tuzlainfo.ba\/index.php\/wp-json\/wp\/v2\/types\/post"}],"author":[{"embeddable":true,"href":"https:\/\/tuzlainfo.ba\/index.php\/wp-json\/wp\/v2\/users\/2"}],"replies":[{"embeddable":true,"href":"https:\/\/tuzlainfo.ba\/index.php\/wp-json\/wp\/v2\/comments?post=295435"}],"version-history":[{"count":3,"href":"https:\/\/tuzlainfo.ba\/index.php\/wp-json\/wp\/v2\/posts\/295435\/revisions"}],"predecessor-version":[{"id":295445,"href":"https:\/\/tuzlainfo.ba\/index.php\/wp-json\/wp\/v2\/posts\/295435\/revisions\/295445"}],"wp:featuredmedia":[{"embeddable":true,"href":"https:\/\/tuzlainfo.ba\/index.php\/wp-json\/wp\/v2\/media\/258348"}],"wp:attachment":[{"href":"https:\/\/tuzlainfo.ba\/index.php\/wp-json\/wp\/v2\/media?parent=295435"}],"wp:term":[{"taxonomy":"category","embeddable":true,"href":"https:\/\/tuzlainfo.ba\/index.php\/wp-json\/wp\/v2\/categories?post=295435"},{"taxonomy":"post_tag","embeddable":true,"href":"https:\/\/tuzlainfo.ba\/index.php\/wp-json\/wp\/v2\/tags?post=295435"}],"curies":[{"name":"wp","href":"https:\/\/api.w.org\/{rel}","templated":true}]}}