{"id":295142,"date":"2026-02-21T09:14:14","date_gmt":"2026-02-21T08:14:14","guid":{"rendered":"https:\/\/tuzlainfo.ba\/?p=295142"},"modified":"2026-02-20T14:00:11","modified_gmt":"2026-02-20T13:00:11","slug":"tuzla-danas-odaje-pocast-erdoanu-morankicu-mirno-okupljanje-na-trgu-slobode","status":"publish","type":"post","link":"https:\/\/tuzlainfo.ba\/index.php\/istaknuto\/item\/295142-tuzla-danas-odaje-pocast-erdoanu-morankicu-mirno-okupljanje-na-trgu-slobode\/","title":{"rendered":"Tuzla danas odaje po\u010dast Erdoanu Moranki\u0107u, mirno okupljanje na Trgu slobode"},"content":{"rendered":"<p>Tuzla danas odaje po\u010dast Erdoanu Moranki\u0107u, a za 13 sati na Trgu slobode najavljeno je mirno okupljanje u znak sje\u0107anja, solidarnosti i podr\u0161ke nakon njegove tragi\u010dne smrti. Gra\u0111ani su putem dru\u0161tvenih mre\u017ea pozvani da se pridru\u017ee skupu koji \u0107e, kako je nagla\u0161eno, prote\u0107i dostojanstveno i bez politi\u010dkih poruka.<\/p>\n<p>Prema objavljenom pozivu, okupljanje \u0107e biti odr\u017eano u ti\u0161ini, bez obra\u0107anja i transparenata, s ciljem da se oda po\u010dast Erdoanu Moranki\u0107u te pru\u017ei podr\u0161ka maloljetnoj djevojci koja je u istoj nesre\u0107i zadobila te\u0161ke tjelesne povrede i nalazi se na lije\u010denju. Organizatori su poru\u010dili da je poruka dana\u0161njeg okupljanja mir, saosje\u0107anje i zajedni\u0161tvo prema svima koji su pogo\u0111eni ovom tragedijom.<\/p>\n<p>Erdoan Moranki\u0107 smrtno je stradao u tramvajskoj nesre\u0107i u Sarajevu, kada je tramvaj isko\u010dio iz \u0161ina i udario u tramvajsko stajali\u0161te. Vijest o njegovoj smrti potresla je brojne gra\u0111ane, a dana\u0161nje okupljanje u Tuzli predstavlja izraz podr\u0161ke porodici Erdoana Moranki\u0107a i svima koji prolaze kroz te\u0161ke trenutke.<\/p>\n<p>Gra\u0111ani su pozvani da ponesu svije\u0107e kao simbol \u017eivota, nade i podr\u0161ke, uz poruku da \u0107e ti\u0161ina govoriti umjesto rije\u010di.<\/p>\n","protected":false},"excerpt":{"rendered":"<p>Tuzla danas odaje po\u010dast Erdoanu Moranki\u0107u, a za 13 sati na Trgu slobode najavljeno je&hellip;<\/p>\n","protected":false},"author":8,"featured_media":294784,"comment_status":"closed","ping_status":"closed","sticky":false,"template":"","format":"standard","meta":{"_acf_changed":false,"footnotes":""},"categories":[304,11],"tags":[13471,11188],"acf":[],"yoast_head":"<!-- This site is optimized with the Yoast SEO plugin v23.5 - https:\/\/yoast.com\/wordpress\/plugins\/seo\/ -->\n<title>Tuzla danas odaje po\u010dast Erdoanu Moranki\u0107u, mirno okupljanje na Trgu slobode - TuzlaInfo.ba<\/title>\n<meta name=\"robots\" content=\"index, follow, max-snippet:-1, max-image-preview:large, max-video-preview:-1\" \/>\n<link rel=\"canonical\" href=\"https:\/\/tuzlainfo.ba\/index.php\/istaknuto\/item\/295142-tuzla-danas-odaje-pocast-erdoanu-morankicu-mirno-okupljanje-na-trgu-slobode\/\" \/>\n<meta property=\"og:locale\" content=\"bs_BA\" \/>\n<meta property=\"og:type\" content=\"article\" \/>\n<meta property=\"og:title\" content=\"Tuzla danas odaje po\u010dast Erdoanu Moranki\u0107u, mirno okupljanje na Trgu slobode - TuzlaInfo.ba\" \/>\n<meta property=\"og:description\" content=\"Tuzla danas odaje po\u010dast Erdoanu Moranki\u0107u, a za 13 sati na Trgu slobode najavljeno je&hellip;\" \/>\n<meta property=\"og:url\" content=\"https:\/\/tuzlainfo.ba\/index.php\/istaknuto\/item\/295142-tuzla-danas-odaje-pocast-erdoanu-morankicu-mirno-okupljanje-na-trgu-slobode\/\" \/>\n<meta property=\"og:site_name\" content=\"TuzlaInfo.ba\" \/>\n<meta property=\"article:publisher\" content=\"https:\/\/www.facebook.com\/tuzlainfo.ba\/\" \/>\n<meta property=\"article:published_time\" content=\"2026-02-21T08:14:14+00:00\" \/>\n<meta property=\"article:modified_time\" content=\"2026-02-20T13:00:11+00:00\" \/>\n<meta property=\"og:image\" content=\"https:\/\/tuzlainfo.ba\/wp-content\/uploads\/2026\/02\/1602_erodoan_okupljanje.jpg\" \/>\n\t<meta property=\"og:image:width\" content=\"800\" \/>\n\t<meta property=\"og:image:height\" content=\"446\" \/>\n\t<meta property=\"og:image:type\" content=\"image\/jpeg\" \/>\n<meta name=\"author\" content=\"Admin Tri\" \/>\n<meta name=\"twitter:card\" content=\"summary_large_image\" \/>\n<meta name=\"twitter:label1\" content=\"Written by\" \/>\n\t<meta name=\"twitter:data1\" content=\"Admin Tri\" \/>\n\t<meta name=\"twitter:label2\" content=\"Est. reading time\" \/>\n\t<meta name=\"twitter:data2\" content=\"2 minute\" \/>\n<script type=\"application\/ld+json\" class=\"yoast-schema-graph\">{\"@context\":\"https:\/\/schema.org\",\"@graph\":[{\"@type\":\"Article\",\"@id\":\"https:\/\/tuzlainfo.ba\/index.php\/istaknuto\/item\/295142-tuzla-danas-odaje-pocast-erdoanu-morankicu-mirno-okupljanje-na-trgu-slobode\/#article\",\"isPartOf\":{\"@id\":\"https:\/\/tuzlainfo.ba\/index.php\/istaknuto\/item\/295142-tuzla-danas-odaje-pocast-erdoanu-morankicu-mirno-okupljanje-na-trgu-slobode\/\"},\"author\":{\"name\":\"Admin Tri\",\"@id\":\"https:\/\/tuzlainfo.ba\/#\/schema\/person\/593e78a2f6378c5ba3e7600ecfa4e63a\"},\"headline\":\"Tuzla danas odaje po\u010dast Erdoanu Moranki\u0107u, mirno okupljanje na Trgu slobode\",\"datePublished\":\"2026-02-21T08:14:14+00:00\",\"dateModified\":\"2026-02-20T13:00:11+00:00\",\"mainEntityOfPage\":{\"@id\":\"https:\/\/tuzlainfo.ba\/index.php\/istaknuto\/item\/295142-tuzla-danas-odaje-pocast-erdoanu-morankicu-mirno-okupljanje-na-trgu-slobode\/\"},\"wordCount\":226,\"publisher\":{\"@id\":\"https:\/\/tuzlainfo.ba\/#organization\"},\"image\":{\"@id\":\"https:\/\/tuzlainfo.ba\/index.php\/istaknuto\/item\/295142-tuzla-danas-odaje-pocast-erdoanu-morankicu-mirno-okupljanje-na-trgu-slobode\/#primaryimage\"},\"thumbnailUrl\":\"https:\/\/tuzlainfo.ba\/wp-content\/uploads\/2026\/02\/1602_erodoan_okupljanje.jpg\",\"keywords\":[\"erdoan moranki\u0107\",\"mirno okupljanje\"],\"articleSection\":[\"Istaknuto\",\"Najave i doga\u0111aji\"],\"inLanguage\":\"bs-BA\"},{\"@type\":\"WebPage\",\"@id\":\"https:\/\/tuzlainfo.ba\/index.php\/istaknuto\/item\/295142-tuzla-danas-odaje-pocast-erdoanu-morankicu-mirno-okupljanje-na-trgu-slobode\/\",\"url\":\"https:\/\/tuzlainfo.ba\/index.php\/istaknuto\/item\/295142-tuzla-danas-odaje-pocast-erdoanu-morankicu-mirno-okupljanje-na-trgu-slobode\/\",\"name\":\"Tuzla danas odaje po\u010dast Erdoanu Moranki\u0107u, mirno okupljanje na Trgu slobode - TuzlaInfo.ba\",\"isPartOf\":{\"@id\":\"https:\/\/tuzlainfo.ba\/#website\"},\"primaryImageOfPage\":{\"@id\":\"https:\/\/tuzlainfo.ba\/index.php\/istaknuto\/item\/295142-tuzla-danas-odaje-pocast-erdoanu-morankicu-mirno-okupljanje-na-trgu-slobode\/#primaryimage\"},\"image\":{\"@id\":\"https:\/\/tuzlainfo.ba\/index.php\/istaknuto\/item\/295142-tuzla-danas-odaje-pocast-erdoanu-morankicu-mirno-okupljanje-na-trgu-slobode\/#primaryimage\"},\"thumbnailUrl\":\"https:\/\/tuzlainfo.ba\/wp-content\/uploads\/2026\/02\/1602_erodoan_okupljanje.jpg\",\"datePublished\":\"2026-02-21T08:14:14+00:00\",\"dateModified\":\"2026-02-20T13:00:11+00:00\",\"breadcrumb\":{\"@id\":\"https:\/\/tuzlainfo.ba\/index.php\/istaknuto\/item\/295142-tuzla-danas-odaje-pocast-erdoanu-morankicu-mirno-okupljanje-na-trgu-slobode\/#breadcrumb\"},\"inLanguage\":\"bs-BA\",\"potentialAction\":[{\"@type\":\"ReadAction\",\"target\":[\"https:\/\/tuzlainfo.ba\/index.php\/istaknuto\/item\/295142-tuzla-danas-odaje-pocast-erdoanu-morankicu-mirno-okupljanje-na-trgu-slobode\/\"]}]},{\"@type\":\"ImageObject\",\"inLanguage\":\"bs-BA\",\"@id\":\"https:\/\/tuzlainfo.ba\/index.php\/istaknuto\/item\/295142-tuzla-danas-odaje-pocast-erdoanu-morankicu-mirno-okupljanje-na-trgu-slobode\/#primaryimage\",\"url\":\"https:\/\/tuzlainfo.ba\/wp-content\/uploads\/2026\/02\/1602_erodoan_okupljanje.jpg\",\"contentUrl\":\"https:\/\/tuzlainfo.ba\/wp-content\/uploads\/2026\/02\/1602_erodoan_okupljanje.jpg\",\"width\":800,\"height\":446},{\"@type\":\"BreadcrumbList\",\"@id\":\"https:\/\/tuzlainfo.ba\/index.php\/istaknuto\/item\/295142-tuzla-danas-odaje-pocast-erdoanu-morankicu-mirno-okupljanje-na-trgu-slobode\/#breadcrumb\",\"itemListElement\":[{\"@type\":\"ListItem\",\"position\":1,\"name\":\"Home\",\"item\":\"https:\/\/tuzlainfo.ba\/\"},{\"@type\":\"ListItem\",\"position\":2,\"name\":\"Tuzla danas odaje po\u010dast Erdoanu Moranki\u0107u, mirno okupljanje na Trgu slobode\"}]},{\"@type\":\"WebSite\",\"@id\":\"https:\/\/tuzlainfo.ba\/#website\",\"url\":\"https:\/\/tuzlainfo.ba\/\",\"name\":\"TuzlaInfo.ba\",\"description\":\"Tuzla info, gradski informator - Tuzla na dlanu\",\"publisher\":{\"@id\":\"https:\/\/tuzlainfo.ba\/#organization\"},\"potentialAction\":[{\"@type\":\"SearchAction\",\"target\":{\"@type\":\"EntryPoint\",\"urlTemplate\":\"https:\/\/tuzlainfo.ba\/?s={search_term_string}\"},\"query-input\":{\"@type\":\"PropertyValueSpecification\",\"valueRequired\":true,\"valueName\":\"search_term_string\"}}],\"inLanguage\":\"bs-BA\"},{\"@type\":\"Organization\",\"@id\":\"https:\/\/tuzlainfo.ba\/#organization\",\"name\":\"TuzlaInfo.ba\",\"url\":\"https:\/\/tuzlainfo.ba\/\",\"logo\":{\"@type\":\"ImageObject\",\"inLanguage\":\"bs-BA\",\"@id\":\"https:\/\/tuzlainfo.ba\/#\/schema\/logo\/image\/\",\"url\":\"https:\/\/tuzlainfo.ba\/wp-content\/uploads\/2021\/03\/logo-ver-3-1.png\",\"contentUrl\":\"https:\/\/tuzlainfo.ba\/wp-content\/uploads\/2021\/03\/logo-ver-3-1.png\",\"width\":350,\"height\":95,\"caption\":\"TuzlaInfo.ba\"},\"image\":{\"@id\":\"https:\/\/tuzlainfo.ba\/#\/schema\/logo\/image\/\"},\"sameAs\":[\"https:\/\/www.facebook.com\/tuzlainfo.ba\/\"]},{\"@type\":\"Person\",\"@id\":\"https:\/\/tuzlainfo.ba\/#\/schema\/person\/593e78a2f6378c5ba3e7600ecfa4e63a\",\"name\":\"Admin Tri\",\"image\":{\"@type\":\"ImageObject\",\"inLanguage\":\"bs-BA\",\"@id\":\"https:\/\/tuzlainfo.ba\/#\/schema\/person\/image\/\",\"url\":\"https:\/\/tuzlainfo.ba\/wp-content\/litespeed\/avatar\/b7920db4cc34a71ad12497283ad2fe3f.jpg?ver=1777100914\",\"contentUrl\":\"https:\/\/tuzlainfo.ba\/wp-content\/litespeed\/avatar\/b7920db4cc34a71ad12497283ad2fe3f.jpg?ver=1777100914\",\"caption\":\"Admin Tri\"},\"sameAs\":[\"https:\/\/tuzlainfo.ba\"]}]}<\/script>\n<!-- \/ Yoast SEO plugin. -->","yoast_head_json":{"title":"Tuzla danas odaje po\u010dast Erdoanu Moranki\u0107u, mirno okupljanje na Trgu slobode - TuzlaInfo.ba","robots":{"index":"index","follow":"follow","max-snippet":"max-snippet:-1","max-image-preview":"max-image-preview:large","max-video-preview":"max-video-preview:-1"},"canonical":"https:\/\/tuzlainfo.ba\/index.php\/istaknuto\/item\/295142-tuzla-danas-odaje-pocast-erdoanu-morankicu-mirno-okupljanje-na-trgu-slobode\/","og_locale":"bs_BA","og_type":"article","og_title":"Tuzla danas odaje po\u010dast Erdoanu Moranki\u0107u, mirno okupljanje na Trgu slobode - TuzlaInfo.ba","og_description":"Tuzla danas odaje po\u010dast Erdoanu Moranki\u0107u, a za 13 sati na Trgu slobode najavljeno je&hellip;","og_url":"https:\/\/tuzlainfo.ba\/index.php\/istaknuto\/item\/295142-tuzla-danas-odaje-pocast-erdoanu-morankicu-mirno-okupljanje-na-trgu-slobode\/","og_site_name":"TuzlaInfo.ba","article_publisher":"https:\/\/www.facebook.com\/tuzlainfo.ba\/","article_published_time":"2026-02-21T08:14:14+00:00","article_modified_time":"2026-02-20T13:00:11+00:00","og_image":[{"width":800,"height":446,"url":"https:\/\/tuzlainfo.ba\/wp-content\/uploads\/2026\/02\/1602_erodoan_okupljanje.jpg","type":"image\/jpeg"}],"author":"Admin Tri","twitter_card":"summary_large_image","twitter_misc":{"Written by":"Admin Tri","Est. reading time":"2 minute"},"schema":{"@context":"https:\/\/schema.org","@graph":[{"@type":"Article","@id":"https:\/\/tuzlainfo.ba\/index.php\/istaknuto\/item\/295142-tuzla-danas-odaje-pocast-erdoanu-morankicu-mirno-okupljanje-na-trgu-slobode\/#article","isPartOf":{"@id":"https:\/\/tuzlainfo.ba\/index.php\/istaknuto\/item\/295142-tuzla-danas-odaje-pocast-erdoanu-morankicu-mirno-okupljanje-na-trgu-slobode\/"},"author":{"name":"Admin Tri","@id":"https:\/\/tuzlainfo.ba\/#\/schema\/person\/593e78a2f6378c5ba3e7600ecfa4e63a"},"headline":"Tuzla danas odaje po\u010dast Erdoanu Moranki\u0107u, mirno okupljanje na Trgu slobode","datePublished":"2026-02-21T08:14:14+00:00","dateModified":"2026-02-20T13:00:11+00:00","mainEntityOfPage":{"@id":"https:\/\/tuzlainfo.ba\/index.php\/istaknuto\/item\/295142-tuzla-danas-odaje-pocast-erdoanu-morankicu-mirno-okupljanje-na-trgu-slobode\/"},"wordCount":226,"publisher":{"@id":"https:\/\/tuzlainfo.ba\/#organization"},"image":{"@id":"https:\/\/tuzlainfo.ba\/index.php\/istaknuto\/item\/295142-tuzla-danas-odaje-pocast-erdoanu-morankicu-mirno-okupljanje-na-trgu-slobode\/#primaryimage"},"thumbnailUrl":"https:\/\/tuzlainfo.ba\/wp-content\/uploads\/2026\/02\/1602_erodoan_okupljanje.jpg","keywords":["erdoan moranki\u0107","mirno okupljanje"],"articleSection":["Istaknuto","Najave i doga\u0111aji"],"inLanguage":"bs-BA"},{"@type":"WebPage","@id":"https:\/\/tuzlainfo.ba\/index.php\/istaknuto\/item\/295142-tuzla-danas-odaje-pocast-erdoanu-morankicu-mirno-okupljanje-na-trgu-slobode\/","url":"https:\/\/tuzlainfo.ba\/index.php\/istaknuto\/item\/295142-tuzla-danas-odaje-pocast-erdoanu-morankicu-mirno-okupljanje-na-trgu-slobode\/","name":"Tuzla danas odaje po\u010dast Erdoanu Moranki\u0107u, mirno okupljanje na Trgu slobode - TuzlaInfo.ba","isPartOf":{"@id":"https:\/\/tuzlainfo.ba\/#website"},"primaryImageOfPage":{"@id":"https:\/\/tuzlainfo.ba\/index.php\/istaknuto\/item\/295142-tuzla-danas-odaje-pocast-erdoanu-morankicu-mirno-okupljanje-na-trgu-slobode\/#primaryimage"},"image":{"@id":"https:\/\/tuzlainfo.ba\/index.php\/istaknuto\/item\/295142-tuzla-danas-odaje-pocast-erdoanu-morankicu-mirno-okupljanje-na-trgu-slobode\/#primaryimage"},"thumbnailUrl":"https:\/\/tuzlainfo.ba\/wp-content\/uploads\/2026\/02\/1602_erodoan_okupljanje.jpg","datePublished":"2026-02-21T08:14:14+00:00","dateModified":"2026-02-20T13:00:11+00:00","breadcrumb":{"@id":"https:\/\/tuzlainfo.ba\/index.php\/istaknuto\/item\/295142-tuzla-danas-odaje-pocast-erdoanu-morankicu-mirno-okupljanje-na-trgu-slobode\/#breadcrumb"},"inLanguage":"bs-BA","potentialAction":[{"@type":"ReadAction","target":["https:\/\/tuzlainfo.ba\/index.php\/istaknuto\/item\/295142-tuzla-danas-odaje-pocast-erdoanu-morankicu-mirno-okupljanje-na-trgu-slobode\/"]}]},{"@type":"ImageObject","inLanguage":"bs-BA","@id":"https:\/\/tuzlainfo.ba\/index.php\/istaknuto\/item\/295142-tuzla-danas-odaje-pocast-erdoanu-morankicu-mirno-okupljanje-na-trgu-slobode\/#primaryimage","url":"https:\/\/tuzlainfo.ba\/wp-content\/uploads\/2026\/02\/1602_erodoan_okupljanje.jpg","contentUrl":"https:\/\/tuzlainfo.ba\/wp-content\/uploads\/2026\/02\/1602_erodoan_okupljanje.jpg","width":800,"height":446},{"@type":"BreadcrumbList","@id":"https:\/\/tuzlainfo.ba\/index.php\/istaknuto\/item\/295142-tuzla-danas-odaje-pocast-erdoanu-morankicu-mirno-okupljanje-na-trgu-slobode\/#breadcrumb","itemListElement":[{"@type":"ListItem","position":1,"name":"Home","item":"https:\/\/tuzlainfo.ba\/"},{"@type":"ListItem","position":2,"name":"Tuzla danas odaje po\u010dast Erdoanu Moranki\u0107u, mirno okupljanje na Trgu slobode"}]},{"@type":"WebSite","@id":"https:\/\/tuzlainfo.ba\/#website","url":"https:\/\/tuzlainfo.ba\/","name":"TuzlaInfo.ba","description":"Tuzla info, gradski informator - Tuzla na dlanu","publisher":{"@id":"https:\/\/tuzlainfo.ba\/#organization"},"potentialAction":[{"@type":"SearchAction","target":{"@type":"EntryPoint","urlTemplate":"https:\/\/tuzlainfo.ba\/?s={search_term_string}"},"query-input":{"@type":"PropertyValueSpecification","valueRequired":true,"valueName":"search_term_string"}}],"inLanguage":"bs-BA"},{"@type":"Organization","@id":"https:\/\/tuzlainfo.ba\/#organization","name":"TuzlaInfo.ba","url":"https:\/\/tuzlainfo.ba\/","logo":{"@type":"ImageObject","inLanguage":"bs-BA","@id":"https:\/\/tuzlainfo.ba\/#\/schema\/logo\/image\/","url":"https:\/\/tuzlainfo.ba\/wp-content\/uploads\/2021\/03\/logo-ver-3-1.png","contentUrl":"https:\/\/tuzlainfo.ba\/wp-content\/uploads\/2021\/03\/logo-ver-3-1.png","width":350,"height":95,"caption":"TuzlaInfo.ba"},"image":{"@id":"https:\/\/tuzlainfo.ba\/#\/schema\/logo\/image\/"},"sameAs":["https:\/\/www.facebook.com\/tuzlainfo.ba\/"]},{"@type":"Person","@id":"https:\/\/tuzlainfo.ba\/#\/schema\/person\/593e78a2f6378c5ba3e7600ecfa4e63a","name":"Admin Tri","image":{"@type":"ImageObject","inLanguage":"bs-BA","@id":"https:\/\/tuzlainfo.ba\/#\/schema\/person\/image\/","url":"https:\/\/tuzlainfo.ba\/wp-content\/litespeed\/avatar\/b7920db4cc34a71ad12497283ad2fe3f.jpg?ver=1777100914","contentUrl":"https:\/\/tuzlainfo.ba\/wp-content\/litespeed\/avatar\/b7920db4cc34a71ad12497283ad2fe3f.jpg?ver=1777100914","caption":"Admin Tri"},"sameAs":["https:\/\/tuzlainfo.ba"]}]}},"_links":{"self":[{"href":"https:\/\/tuzlainfo.ba\/index.php\/wp-json\/wp\/v2\/posts\/295142"}],"collection":[{"href":"https:\/\/tuzlainfo.ba\/index.php\/wp-json\/wp\/v2\/posts"}],"about":[{"href":"https:\/\/tuzlainfo.ba\/index.php\/wp-json\/wp\/v2\/types\/post"}],"author":[{"embeddable":true,"href":"https:\/\/tuzlainfo.ba\/index.php\/wp-json\/wp\/v2\/users\/8"}],"replies":[{"embeddable":true,"href":"https:\/\/tuzlainfo.ba\/index.php\/wp-json\/wp\/v2\/comments?post=295142"}],"version-history":[{"count":1,"href":"https:\/\/tuzlainfo.ba\/index.php\/wp-json\/wp\/v2\/posts\/295142\/revisions"}],"predecessor-version":[{"id":295143,"href":"https:\/\/tuzlainfo.ba\/index.php\/wp-json\/wp\/v2\/posts\/295142\/revisions\/295143"}],"wp:featuredmedia":[{"embeddable":true,"href":"https:\/\/tuzlainfo.ba\/index.php\/wp-json\/wp\/v2\/media\/294784"}],"wp:attachment":[{"href":"https:\/\/tuzlainfo.ba\/index.php\/wp-json\/wp\/v2\/media?parent=295142"}],"wp:term":[{"taxonomy":"category","embeddable":true,"href":"https:\/\/tuzlainfo.ba\/index.php\/wp-json\/wp\/v2\/categories?post=295142"},{"taxonomy":"post_tag","embeddable":true,"href":"https:\/\/tuzlainfo.ba\/index.php\/wp-json\/wp\/v2\/tags?post=295142"}],"curies":[{"name":"wp","href":"https:\/\/api.w.org\/{rel}","templated":true}]}}