{"id":294972,"date":"2026-02-17T20:45:08","date_gmt":"2026-02-17T19:45:08","guid":{"rendered":"https:\/\/tuzlainfo.ba\/?p=294972"},"modified":"2026-02-17T21:38:29","modified_gmt":"2026-02-17T20:38:29","slug":"ko-ce-biti-direktor-gradske-veterinarske-stanice-tuzla","status":"publish","type":"post","link":"https:\/\/tuzlainfo.ba\/index.php\/istaknuto\/item\/294972-ko-ce-biti-direktor-gradske-veterinarske-stanice-tuzla\/","title":{"rendered":"Ko \u0107e biti direktor Gradske veterinarske stanice Tuzla?"},"content":{"rendered":"<p data-start=\"0\" data-end=\"232\">Gradsko vije\u0107e Tuzle na sjednici zakazanoj za 23. februar trebalo bi donijeti odluku o davanju prethodne saglasnosti Nadzornom odboru Javnog preduze\u0107a Gradska veterinarska stanica d.o.o. Tuzla za imenovanje direktora ovog preduze\u0107a.<\/p>\n<p data-start=\"234\" data-end=\"499\">Prema predlo\u017eenoj odluci, saglasnost \u0107e biti data za imenovanje prof. dr. sc. Jasmina Ferizbegovi\u0107a na funkciju direktora Dru\u0161tva. Nadzorni odbor \u0107e potom, u skladu s odlukom Gradskog vije\u0107a, donijeti kona\u010dnu odluku o imenovanju na mandatni period od \u010detiri godine.<\/p>\n<p data-start=\"501\" data-end=\"601\">Nakon usvajanja i objave u Slu\u017ebenom glasniku Grada Tuzla, odluka \u0107e stupiti na snagu narednog dana.<\/p>\n<p data-start=\"603\" data-end=\"715\">Jasmin Ferizbegovi\u0107 trenutno obavljafunkciju direktora ovog javnog preduze\u0107a, a za drugi mandat je bio jeidni kandidat.<\/p>\n<p data-start=\"603\" data-end=\"715\">Obavlja i funkciju predsjednika Veterinarske komore Federacije Bosne i Hercegovine.<\/p>\n","protected":false},"excerpt":{"rendered":"<p>Gradsko vije\u0107e Tuzle na sjednici zakazanoj za 23. februar trebalo bi donijeti odluku o davanju prethodne saglasnosti Nadzornom odboru Javnog preduze\u0107a Gradska veterinarska stanica d.o.o. Tuzla za imenovanje direktora ovog preduze\u0107a. Prema predlo\u017eenoj odluci, saglasnost \u0107e biti data za imenovanje prof. dr. sc. Jasmina Ferizbegovi\u0107a na funkciju direktora Dru\u0161tva. Nadzorni odbor \u0107e potom, u skladu [&hellip;]<\/p>\n","protected":false},"author":2,"featured_media":294973,"comment_status":"closed","ping_status":"closed","sticky":false,"template":"","format":"standard","meta":{"footnotes":""},"categories":[304,12,306],"tags":[4267],"class_list":["post-294972","post","type-post","status-publish","format-standard","has-post-thumbnail","hentry","category-istaknuto","category-novosti","category-preporucujemo","tag-veterinarska-stanica-tuzla"],"yoast_head":"<!-- This site is optimized with the Yoast SEO plugin v28.4 - https:\/\/yoast.com\/product\/yoast-seo-wordpress\/ -->\n<title>Ko \u0107e biti direktor Gradske veterinarske stanice Tuzla?<\/title>\n<meta name=\"robots\" content=\"index, follow, max-snippet:-1, max-image-preview:large, max-video-preview:-1\" \/>\n<link rel=\"canonical\" href=\"https:\/\/tuzlainfo.ba\/index.php\/istaknuto\/item\/294972-ko-ce-biti-direktor-gradske-veterinarske-stanice-tuzla\/\" \/>\n<meta property=\"og:locale\" content=\"bs_BA\" \/>\n<meta property=\"og:type\" content=\"article\" \/>\n<meta property=\"og:title\" content=\"Ko \u0107e biti direktor Gradske veterinarske stanice Tuzla?\" \/>\n<meta property=\"og:description\" content=\"Gradsko vije\u0107e Tuzle na sjednici zakazanoj za 23. februar trebalo bi donijeti odluku o davanju prethodne saglasnosti Nadzornom odboru Javnog preduze\u0107a Gradska veterinarska stanica d.o.o. Tuzla za imenovanje direktora ovog preduze\u0107a. Prema predlo\u017eenoj odluci, saglasnost \u0107e biti data za imenovanje prof. dr. sc. Jasmina Ferizbegovi\u0107a na funkciju direktora Dru\u0161tva. Nadzorni odbor \u0107e potom, u skladu [&hellip;]\" \/>\n<meta property=\"og:url\" content=\"https:\/\/tuzlainfo.ba\/index.php\/istaknuto\/item\/294972-ko-ce-biti-direktor-gradske-veterinarske-stanice-tuzla\/\" \/>\n<meta property=\"og:site_name\" content=\"TuzlaInfo.ba\" \/>\n<meta property=\"article:publisher\" content=\"https:\/\/www.facebook.com\/tuzlainfo.ba\/\" \/>\n<meta property=\"article:published_time\" content=\"2026-02-17T19:45:08+00:00\" \/>\n<meta property=\"article:modified_time\" content=\"2026-02-17T20:38:29+00:00\" \/>\n<meta property=\"og:image\" content=\"https:\/\/tuzlainfo.ba\/wp-content\/uploads\/2026\/02\/1702_veterinarska_tuzla.jpg\" \/>\n\t<meta property=\"og:image:width\" content=\"1024\" \/>\n\t<meta property=\"og:image:height\" content=\"678\" \/>\n\t<meta property=\"og:image:type\" content=\"image\/jpeg\" \/>\n<meta name=\"author\" content=\"nedim\" \/>\n<meta name=\"twitter:card\" content=\"summary_large_image\" \/>\n<meta name=\"twitter:label1\" content=\"Written by\" \/>\n\t<meta name=\"twitter:data1\" content=\"nedim\" \/>\n\t<meta name=\"twitter:label2\" content=\"Est. reading time\" \/>\n\t<meta name=\"twitter:data2\" content=\"1 minuta\" \/>\n<script type=\"application\/ld+json\" class=\"yoast-schema-graph\">{\"@context\":\"https:\\\/\\\/schema.org\",\"@graph\":[{\"@type\":\"Article\",\"@id\":\"https:\\\/\\\/tuzlainfo.ba\\\/index.php\\\/istaknuto\\\/item\\\/294972-ko-ce-biti-direktor-gradske-veterinarske-stanice-tuzla\\\/#article\",\"isPartOf\":{\"@id\":\"https:\\\/\\\/tuzlainfo.ba\\\/index.php\\\/istaknuto\\\/item\\\/294972-ko-ce-biti-direktor-gradske-veterinarske-stanice-tuzla\\\/\"},\"author\":{\"name\":\"nedim\",\"@id\":\"https:\\\/\\\/tuzlainfo.ba\\\/#\\\/schema\\\/person\\\/f434e20dc27ea133923aab08451b7f7f\"},\"headline\":\"Ko \u0107e biti direktor Gradske veterinarske stanice Tuzla?\",\"datePublished\":\"2026-02-17T19:45:08+00:00\",\"dateModified\":\"2026-02-17T20:38:29+00:00\",\"mainEntityOfPage\":{\"@id\":\"https:\\\/\\\/tuzlainfo.ba\\\/index.php\\\/istaknuto\\\/item\\\/294972-ko-ce-biti-direktor-gradske-veterinarske-stanice-tuzla\\\/\"},\"wordCount\":131,\"publisher\":{\"@id\":\"https:\\\/\\\/tuzlainfo.ba\\\/#organization\"},\"image\":{\"@id\":\"https:\\\/\\\/tuzlainfo.ba\\\/index.php\\\/istaknuto\\\/item\\\/294972-ko-ce-biti-direktor-gradske-veterinarske-stanice-tuzla\\\/#primaryimage\"},\"thumbnailUrl\":\"https:\\\/\\\/tuzlainfo.ba\\\/wp-content\\\/uploads\\\/2026\\\/02\\\/1702_veterinarska_tuzla.jpg\",\"keywords\":[\"Veterinarska stanica Tuzla\"],\"articleSection\":[\"Istaknuto\",\"Novosti\",\"Preporu\u010dujemo\"],\"inLanguage\":\"bs-BA\",\"copyrightYear\":\"2026\",\"copyrightHolder\":{\"@id\":\"https:\\\/\\\/tuzlainfo.ba\\\/#organization\"}},{\"@type\":\"WebPage\",\"@id\":\"https:\\\/\\\/tuzlainfo.ba\\\/index.php\\\/istaknuto\\\/item\\\/294972-ko-ce-biti-direktor-gradske-veterinarske-stanice-tuzla\\\/\",\"url\":\"https:\\\/\\\/tuzlainfo.ba\\\/index.php\\\/istaknuto\\\/item\\\/294972-ko-ce-biti-direktor-gradske-veterinarske-stanice-tuzla\\\/\",\"name\":\"Ko \u0107e biti direktor Gradske veterinarske stanice Tuzla?\",\"isPartOf\":{\"@id\":\"https:\\\/\\\/tuzlainfo.ba\\\/#website\"},\"primaryImageOfPage\":{\"@id\":\"https:\\\/\\\/tuzlainfo.ba\\\/index.php\\\/istaknuto\\\/item\\\/294972-ko-ce-biti-direktor-gradske-veterinarske-stanice-tuzla\\\/#primaryimage\"},\"image\":{\"@id\":\"https:\\\/\\\/tuzlainfo.ba\\\/index.php\\\/istaknuto\\\/item\\\/294972-ko-ce-biti-direktor-gradske-veterinarske-stanice-tuzla\\\/#primaryimage\"},\"thumbnailUrl\":\"https:\\\/\\\/tuzlainfo.ba\\\/wp-content\\\/uploads\\\/2026\\\/02\\\/1702_veterinarska_tuzla.jpg\",\"datePublished\":\"2026-02-17T19:45:08+00:00\",\"dateModified\":\"2026-02-17T20:38:29+00:00\",\"breadcrumb\":{\"@id\":\"https:\\\/\\\/tuzlainfo.ba\\\/index.php\\\/istaknuto\\\/item\\\/294972-ko-ce-biti-direktor-gradske-veterinarske-stanice-tuzla\\\/#breadcrumb\"},\"inLanguage\":\"bs-BA\",\"potentialAction\":[{\"@type\":\"ReadAction\",\"target\":[\"https:\\\/\\\/tuzlainfo.ba\\\/index.php\\\/istaknuto\\\/item\\\/294972-ko-ce-biti-direktor-gradske-veterinarske-stanice-tuzla\\\/\"]}]},{\"@type\":\"ImageObject\",\"inLanguage\":\"bs-BA\",\"@id\":\"https:\\\/\\\/tuzlainfo.ba\\\/index.php\\\/istaknuto\\\/item\\\/294972-ko-ce-biti-direktor-gradske-veterinarske-stanice-tuzla\\\/#primaryimage\",\"url\":\"https:\\\/\\\/tuzlainfo.ba\\\/wp-content\\\/uploads\\\/2026\\\/02\\\/1702_veterinarska_tuzla.jpg\",\"contentUrl\":\"https:\\\/\\\/tuzlainfo.ba\\\/wp-content\\\/uploads\\\/2026\\\/02\\\/1702_veterinarska_tuzla.jpg\",\"width\":1024,\"height\":678},{\"@type\":\"BreadcrumbList\",\"@id\":\"https:\\\/\\\/tuzlainfo.ba\\\/index.php\\\/istaknuto\\\/item\\\/294972-ko-ce-biti-direktor-gradske-veterinarske-stanice-tuzla\\\/#breadcrumb\",\"itemListElement\":[{\"@type\":\"ListItem\",\"position\":1,\"name\":\"Home\",\"item\":\"https:\\\/\\\/tuzlainfo.ba\\\/\"},{\"@type\":\"ListItem\",\"position\":2,\"name\":\"Ko \u0107e biti direktor Gradske veterinarske stanice Tuzla?\"}]},{\"@type\":\"WebSite\",\"@id\":\"https:\\\/\\\/tuzlainfo.ba\\\/#website\",\"url\":\"https:\\\/\\\/tuzlainfo.ba\\\/\",\"name\":\"TuzlaInfo.ba\",\"description\":\"Tuzla info, gradski informator - Tuzla na dlanu\",\"publisher\":{\"@id\":\"https:\\\/\\\/tuzlainfo.ba\\\/#organization\"},\"potentialAction\":[{\"@type\":\"SearchAction\",\"target\":{\"@type\":\"EntryPoint\",\"urlTemplate\":\"https:\\\/\\\/tuzlainfo.ba\\\/?s={search_term_string}\"},\"query-input\":{\"@type\":\"PropertyValueSpecification\",\"valueRequired\":true,\"valueName\":\"search_term_string\"}}],\"inLanguage\":\"bs-BA\"},{\"@type\":\"Organization\",\"@id\":\"https:\\\/\\\/tuzlainfo.ba\\\/#organization\",\"name\":\"TuzlaInfo.ba\",\"url\":\"https:\\\/\\\/tuzlainfo.ba\\\/\",\"logo\":{\"@type\":\"ImageObject\",\"inLanguage\":\"bs-BA\",\"@id\":\"https:\\\/\\\/tuzlainfo.ba\\\/#\\\/schema\\\/logo\\\/image\\\/\",\"url\":\"https:\\\/\\\/tuzlainfo.ba\\\/wp-content\\\/uploads\\\/2021\\\/03\\\/logo-ver-3-1.png\",\"contentUrl\":\"https:\\\/\\\/tuzlainfo.ba\\\/wp-content\\\/uploads\\\/2021\\\/03\\\/logo-ver-3-1.png\",\"width\":350,\"height\":95,\"caption\":\"TuzlaInfo.ba\"},\"image\":{\"@id\":\"https:\\\/\\\/tuzlainfo.ba\\\/#\\\/schema\\\/logo\\\/image\\\/\"},\"sameAs\":[\"https:\\\/\\\/www.facebook.com\\\/tuzlainfo.ba\\\/\"]},{\"@type\":\"Person\",\"@id\":\"https:\\\/\\\/tuzlainfo.ba\\\/#\\\/schema\\\/person\\\/f434e20dc27ea133923aab08451b7f7f\",\"name\":\"nedim\",\"image\":{\"@type\":\"ImageObject\",\"inLanguage\":\"bs-BA\",\"@id\":\"https:\\\/\\\/secure.gravatar.com\\\/avatar\\\/5b928a2e7e70a54208d2eb6c1edcb75a5350d6ae97d5f0a701203d456823f6f3?s=96&d=mm&r=g\",\"url\":\"https:\\\/\\\/secure.gravatar.com\\\/avatar\\\/5b928a2e7e70a54208d2eb6c1edcb75a5350d6ae97d5f0a701203d456823f6f3?s=96&d=mm&r=g\",\"contentUrl\":\"https:\\\/\\\/secure.gravatar.com\\\/avatar\\\/5b928a2e7e70a54208d2eb6c1edcb75a5350d6ae97d5f0a701203d456823f6f3?s=96&d=mm&r=g\",\"caption\":\"nedim\"},\"description\":\"Tuzlainfo.ba pratite na dru\u0161tvenim mre\u017eama: Facebook, Instagram i Youtube. Svoje pri\u010de, upite i fotografije \u0161aljite na na\u0161u e-mail adresu.\"}]}<\/script>\n<!-- \/ Yoast SEO plugin. -->","yoast_head_json":{"title":"Ko \u0107e biti direktor Gradske veterinarske stanice Tuzla?","robots":{"index":"index","follow":"follow","max-snippet":"max-snippet:-1","max-image-preview":"max-image-preview:large","max-video-preview":"max-video-preview:-1"},"canonical":"https:\/\/tuzlainfo.ba\/index.php\/istaknuto\/item\/294972-ko-ce-biti-direktor-gradske-veterinarske-stanice-tuzla\/","og_locale":"bs_BA","og_type":"article","og_title":"Ko \u0107e biti direktor Gradske veterinarske stanice Tuzla?","og_description":"Gradsko vije\u0107e Tuzle na sjednici zakazanoj za 23. februar trebalo bi donijeti odluku o davanju prethodne saglasnosti Nadzornom odboru Javnog preduze\u0107a Gradska veterinarska stanica d.o.o. Tuzla za imenovanje direktora ovog preduze\u0107a. Prema predlo\u017eenoj odluci, saglasnost \u0107e biti data za imenovanje prof. dr. sc. Jasmina Ferizbegovi\u0107a na funkciju direktora Dru\u0161tva. Nadzorni odbor \u0107e potom, u skladu [&hellip;]","og_url":"https:\/\/tuzlainfo.ba\/index.php\/istaknuto\/item\/294972-ko-ce-biti-direktor-gradske-veterinarske-stanice-tuzla\/","og_site_name":"TuzlaInfo.ba","article_publisher":"https:\/\/www.facebook.com\/tuzlainfo.ba\/","article_published_time":"2026-02-17T19:45:08+00:00","article_modified_time":"2026-02-17T20:38:29+00:00","og_image":[{"width":1024,"height":678,"url":"https:\/\/tuzlainfo.ba\/wp-content\/uploads\/2026\/02\/1702_veterinarska_tuzla.jpg","type":"image\/jpeg"}],"author":"nedim","twitter_card":"summary_large_image","twitter_misc":{"Written by":"nedim","Est. reading time":"1 minuta"},"schema":{"@context":"https:\/\/schema.org","@graph":[{"@type":"Article","@id":"https:\/\/tuzlainfo.ba\/index.php\/istaknuto\/item\/294972-ko-ce-biti-direktor-gradske-veterinarske-stanice-tuzla\/#article","isPartOf":{"@id":"https:\/\/tuzlainfo.ba\/index.php\/istaknuto\/item\/294972-ko-ce-biti-direktor-gradske-veterinarske-stanice-tuzla\/"},"author":{"name":"nedim","@id":"https:\/\/tuzlainfo.ba\/#\/schema\/person\/f434e20dc27ea133923aab08451b7f7f"},"headline":"Ko \u0107e biti direktor Gradske veterinarske stanice Tuzla?","datePublished":"2026-02-17T19:45:08+00:00","dateModified":"2026-02-17T20:38:29+00:00","mainEntityOfPage":{"@id":"https:\/\/tuzlainfo.ba\/index.php\/istaknuto\/item\/294972-ko-ce-biti-direktor-gradske-veterinarske-stanice-tuzla\/"},"wordCount":131,"publisher":{"@id":"https:\/\/tuzlainfo.ba\/#organization"},"image":{"@id":"https:\/\/tuzlainfo.ba\/index.php\/istaknuto\/item\/294972-ko-ce-biti-direktor-gradske-veterinarske-stanice-tuzla\/#primaryimage"},"thumbnailUrl":"https:\/\/tuzlainfo.ba\/wp-content\/uploads\/2026\/02\/1702_veterinarska_tuzla.jpg","keywords":["Veterinarska stanica Tuzla"],"articleSection":["Istaknuto","Novosti","Preporu\u010dujemo"],"inLanguage":"bs-BA","copyrightYear":"2026","copyrightHolder":{"@id":"https:\/\/tuzlainfo.ba\/#organization"}},{"@type":"WebPage","@id":"https:\/\/tuzlainfo.ba\/index.php\/istaknuto\/item\/294972-ko-ce-biti-direktor-gradske-veterinarske-stanice-tuzla\/","url":"https:\/\/tuzlainfo.ba\/index.php\/istaknuto\/item\/294972-ko-ce-biti-direktor-gradske-veterinarske-stanice-tuzla\/","name":"Ko \u0107e biti direktor Gradske veterinarske stanice Tuzla?","isPartOf":{"@id":"https:\/\/tuzlainfo.ba\/#website"},"primaryImageOfPage":{"@id":"https:\/\/tuzlainfo.ba\/index.php\/istaknuto\/item\/294972-ko-ce-biti-direktor-gradske-veterinarske-stanice-tuzla\/#primaryimage"},"image":{"@id":"https:\/\/tuzlainfo.ba\/index.php\/istaknuto\/item\/294972-ko-ce-biti-direktor-gradske-veterinarske-stanice-tuzla\/#primaryimage"},"thumbnailUrl":"https:\/\/tuzlainfo.ba\/wp-content\/uploads\/2026\/02\/1702_veterinarska_tuzla.jpg","datePublished":"2026-02-17T19:45:08+00:00","dateModified":"2026-02-17T20:38:29+00:00","breadcrumb":{"@id":"https:\/\/tuzlainfo.ba\/index.php\/istaknuto\/item\/294972-ko-ce-biti-direktor-gradske-veterinarske-stanice-tuzla\/#breadcrumb"},"inLanguage":"bs-BA","potentialAction":[{"@type":"ReadAction","target":["https:\/\/tuzlainfo.ba\/index.php\/istaknuto\/item\/294972-ko-ce-biti-direktor-gradske-veterinarske-stanice-tuzla\/"]}]},{"@type":"ImageObject","inLanguage":"bs-BA","@id":"https:\/\/tuzlainfo.ba\/index.php\/istaknuto\/item\/294972-ko-ce-biti-direktor-gradske-veterinarske-stanice-tuzla\/#primaryimage","url":"https:\/\/tuzlainfo.ba\/wp-content\/uploads\/2026\/02\/1702_veterinarska_tuzla.jpg","contentUrl":"https:\/\/tuzlainfo.ba\/wp-content\/uploads\/2026\/02\/1702_veterinarska_tuzla.jpg","width":1024,"height":678},{"@type":"BreadcrumbList","@id":"https:\/\/tuzlainfo.ba\/index.php\/istaknuto\/item\/294972-ko-ce-biti-direktor-gradske-veterinarske-stanice-tuzla\/#breadcrumb","itemListElement":[{"@type":"ListItem","position":1,"name":"Home","item":"https:\/\/tuzlainfo.ba\/"},{"@type":"ListItem","position":2,"name":"Ko \u0107e biti direktor Gradske veterinarske stanice Tuzla?"}]},{"@type":"WebSite","@id":"https:\/\/tuzlainfo.ba\/#website","url":"https:\/\/tuzlainfo.ba\/","name":"TuzlaInfo.ba","description":"Tuzla info, gradski informator - Tuzla na dlanu","publisher":{"@id":"https:\/\/tuzlainfo.ba\/#organization"},"potentialAction":[{"@type":"SearchAction","target":{"@type":"EntryPoint","urlTemplate":"https:\/\/tuzlainfo.ba\/?s={search_term_string}"},"query-input":{"@type":"PropertyValueSpecification","valueRequired":true,"valueName":"search_term_string"}}],"inLanguage":"bs-BA"},{"@type":"Organization","@id":"https:\/\/tuzlainfo.ba\/#organization","name":"TuzlaInfo.ba","url":"https:\/\/tuzlainfo.ba\/","logo":{"@type":"ImageObject","inLanguage":"bs-BA","@id":"https:\/\/tuzlainfo.ba\/#\/schema\/logo\/image\/","url":"https:\/\/tuzlainfo.ba\/wp-content\/uploads\/2021\/03\/logo-ver-3-1.png","contentUrl":"https:\/\/tuzlainfo.ba\/wp-content\/uploads\/2021\/03\/logo-ver-3-1.png","width":350,"height":95,"caption":"TuzlaInfo.ba"},"image":{"@id":"https:\/\/tuzlainfo.ba\/#\/schema\/logo\/image\/"},"sameAs":["https:\/\/www.facebook.com\/tuzlainfo.ba\/"]},{"@type":"Person","@id":"https:\/\/tuzlainfo.ba\/#\/schema\/person\/f434e20dc27ea133923aab08451b7f7f","name":"nedim","image":{"@type":"ImageObject","inLanguage":"bs-BA","@id":"https:\/\/secure.gravatar.com\/avatar\/5b928a2e7e70a54208d2eb6c1edcb75a5350d6ae97d5f0a701203d456823f6f3?s=96&d=mm&r=g","url":"https:\/\/secure.gravatar.com\/avatar\/5b928a2e7e70a54208d2eb6c1edcb75a5350d6ae97d5f0a701203d456823f6f3?s=96&d=mm&r=g","contentUrl":"https:\/\/secure.gravatar.com\/avatar\/5b928a2e7e70a54208d2eb6c1edcb75a5350d6ae97d5f0a701203d456823f6f3?s=96&d=mm&r=g","caption":"nedim"},"description":"Tuzlainfo.ba pratite na dru\u0161tvenim mre\u017eama: Facebook, Instagram i Youtube. Svoje pri\u010de, upite i fotografije \u0161aljite na na\u0161u e-mail adresu."}]}},"_links":{"self":[{"href":"https:\/\/tuzlainfo.ba\/index.php\/wp-json\/wp\/v2\/posts\/294972","targetHints":{"allow":["GET"]}}],"collection":[{"href":"https:\/\/tuzlainfo.ba\/index.php\/wp-json\/wp\/v2\/posts"}],"about":[{"href":"https:\/\/tuzlainfo.ba\/index.php\/wp-json\/wp\/v2\/types\/post"}],"author":[{"embeddable":true,"href":"https:\/\/tuzlainfo.ba\/index.php\/wp-json\/wp\/v2\/users\/2"}],"replies":[{"embeddable":true,"href":"https:\/\/tuzlainfo.ba\/index.php\/wp-json\/wp\/v2\/comments?post=294972"}],"version-history":[{"count":1,"href":"https:\/\/tuzlainfo.ba\/index.php\/wp-json\/wp\/v2\/posts\/294972\/revisions"}],"predecessor-version":[{"id":294974,"href":"https:\/\/tuzlainfo.ba\/index.php\/wp-json\/wp\/v2\/posts\/294972\/revisions\/294974"}],"wp:featuredmedia":[{"embeddable":true,"href":"https:\/\/tuzlainfo.ba\/index.php\/wp-json\/wp\/v2\/media\/294973"}],"wp:attachment":[{"href":"https:\/\/tuzlainfo.ba\/index.php\/wp-json\/wp\/v2\/media?parent=294972"}],"wp:term":[{"taxonomy":"category","embeddable":true,"href":"https:\/\/tuzlainfo.ba\/index.php\/wp-json\/wp\/v2\/categories?post=294972"},{"taxonomy":"post_tag","embeddable":true,"href":"https:\/\/tuzlainfo.ba\/index.php\/wp-json\/wp\/v2\/tags?post=294972"}],"curies":[{"name":"wp","href":"https:\/\/api.w.org\/{rel}","templated":true}]}}