{"id":294852,"date":"2026-02-16T18:16:59","date_gmt":"2026-02-16T17:16:59","guid":{"rendered":"https:\/\/tuzlainfo.ba\/?p=294852"},"modified":"2026-02-16T18:16:59","modified_gmt":"2026-02-16T17:16:59","slug":"kolegij-gradonacelnika-tuzle-nova-poslovna-zona-i-izmjene-komunalnih-taksi-pred-vijecnicima","status":"publish","type":"post","link":"https:\/\/tuzlainfo.ba\/index.php\/novosti\/item\/294852-kolegij-gradonacelnika-tuzle-nova-poslovna-zona-i-izmjene-komunalnih-taksi-pred-vijecnicima\/","title":{"rendered":"Kolegij gradona\u010delnika Tuzle: Nova poslovna zona i izmjene komunalnih taksi pred vije\u0107nicima"},"content":{"rendered":"<p data-start=\"0\" data-end=\"294\">Na 33. sjednici Kolegija gradona\u010delnika Tuzle razmatrano je 17 ta\u010daka dnevnog reda, me\u0111u kojima su posebno izdvojene odluka o komunalnim taksama, izvje\u0161taj o rje\u0161avanju upravnih predmeta za 2025. godinu te prijedlog odluke o pristupanju izradi zoning plana poslovne zone Mlake \u2013 \u0160i\u0107ki Brod jug.<\/p>\n<p data-start=\"296\" data-end=\"489\">Sjednica je bila posve\u0107ena sagledavanju razvojnih potencijala grada, kao i administrativnim i infrastrukturnim pitanjima koja direktno uti\u010du na svakodnevni \u017eivot gra\u0111ana i privredne aktivnosti.<\/p>\n<h3 data-start=\"296\" data-end=\"489\"><strong>Poslovna zona Mlake \u2013 \u0160i\u0107ki Brod jug<\/strong><\/h3>\n<p data-start=\"491\" data-end=\"1251\">Posebna pa\u017enja usmjerena je na izradu zoning plana poslovne zone Mlake \u2013 \u0160i\u0107ki Brod jug, koja obuhvata povr\u0161inu od 17,23 hektara i predstavlja jedan od zna\u010dajnijih razvojnih projekata za privredu Tuzle. Planirana zona treba omogu\u0107iti dolazak novih investicija i otvaranje radnih mjesta, posebno za mla\u0111u populaciju. Grad je ve\u0107 uspostavio kontakte s doma\u0107im i stranim investitorima zainteresovanim za ve\u0107e parcele, a u okviru priprema zatra\u017eeno je izdvajanje kru\u017enog toka iz projekta putnog pravca Tuzla \u2013 \u0110ur\u0111evik kako bi se ubrzale infrastrukturne aktivnosti i osigurao nesmetan pristup poslovnoj zoni. Razvoj lokaliteta planiran je i kroz izgradnju mosta preko rijeke Jale te druge prate\u0107e projekte, \u010dime bi se dodatno oja\u010dala privredna konkurentnost grada.<\/p>\n<p data-start=\"1253\" data-end=\"1936\">Kolegij je razmatrao i izvje\u0161taj o rje\u0161avanju upravnih stvari za 2025. godinu. Tokom pro\u0161le godine evidentirano je 45.848 predmeta, od \u010dega je rije\u0161eno 34.477, dok je 11.371 predmet ostao u postupku. Najve\u0107i broj nerije\u0161enih odnosi se na legalizaciju bespravno izgra\u0111enih objekata i eksproprijaciju, gdje je zbog slo\u017eenih imovinsko-pravnih odnosa neophodna koordinacija vi\u0161e institucija i izrada tehni\u010dke dokumentacije. Istaknuto je da su svi predmeti u proceduri u skladu sa zakonom. Pored toga, gradska uprava izdala je oko 120.000 razli\u010ditih uvjerenja i potvrda, \u0161to ukazuje na pove\u0107an interes gra\u0111ana, posebno za subvencioniranje javnog prijevoza i ostvarivanje socijalnih prava.<\/p>\n<h3 data-start=\"1253\" data-end=\"1936\">Komunalne takse<\/h3>\n<p data-start=\"1938\" data-end=\"2366\">Razmatran je i prijedlog odluke o komunalnim taksama, koji je rezultat vi\u0161emjese\u010dnog rada radne grupe gradskih slu\u017ebi. Cilj je uskla\u0111ivanje propisa sa zakonodavstvom i sudskom praksom te ve\u0107a pravna sigurnost i transparentnost. Prijedlog obuhvata zoniranje podru\u010dja, tarife, obrasce za pla\u0107anje i uporedni pregled taksi u drugim lokalnim zajednicama, a o\u010dekuje se i unapre\u0111enje poslovnog ambijenta kroz jasno definisane obaveze.<\/p>\n<p data-start=\"2368\" data-end=\"2701\">Na sjednici su razmatrane i druge ta\u010dke, uklju\u010duju\u0107i postupke izbora i imenovanja \u010dlanova upravnih i nadzornih odbora te davanje saglasnosti upravnom odboru javne ustanove za pred\u0161kolski odgoj i obrazovanje \u201eNa\u0161e dijete\u201c o visini participacije korisnika usluga.<\/p>\n<p data-start=\"2368\" data-end=\"2701\">Sve odluke upu\u0107ene su Gradskom vije\u0107u na dalju proceduru i odlu\u010divanje.<\/p>\n","protected":false},"excerpt":{"rendered":"<p>Na 33. sjednici Kolegija gradona\u010delnika Tuzle razmatrano je 17 ta\u010daka dnevnog reda, me\u0111u kojima su&hellip;<\/p>\n","protected":false},"author":2,"featured_media":294853,"comment_status":"closed","ping_status":"closed","sticky":false,"template":"","format":"standard","meta":{"_acf_changed":false,"footnotes":""},"categories":[304,12],"tags":[1267],"acf":[],"yoast_head":"<!-- This site is optimized with the Yoast SEO plugin v23.5 - https:\/\/yoast.com\/wordpress\/plugins\/seo\/ -->\n<title>Kolegij gradona\u010delnika Tuzle: Nova poslovna zona i izmjene komunalnih taksi pred vije\u0107nicima - TuzlaInfo.ba<\/title>\n<meta name=\"robots\" content=\"index, follow, max-snippet:-1, max-image-preview:large, max-video-preview:-1\" \/>\n<link rel=\"canonical\" href=\"https:\/\/tuzlainfo.ba\/index.php\/novosti\/item\/294852-kolegij-gradonacelnika-tuzle-nova-poslovna-zona-i-izmjene-komunalnih-taksi-pred-vijecnicima\/\" \/>\n<meta property=\"og:locale\" content=\"bs_BA\" \/>\n<meta property=\"og:type\" content=\"article\" \/>\n<meta property=\"og:title\" content=\"Kolegij gradona\u010delnika Tuzle: Nova poslovna zona i izmjene komunalnih taksi pred vije\u0107nicima - TuzlaInfo.ba\" \/>\n<meta property=\"og:description\" content=\"Na 33. sjednici Kolegija gradona\u010delnika Tuzle razmatrano je 17 ta\u010daka dnevnog reda, me\u0111u kojima su&hellip;\" \/>\n<meta property=\"og:url\" content=\"https:\/\/tuzlainfo.ba\/index.php\/novosti\/item\/294852-kolegij-gradonacelnika-tuzle-nova-poslovna-zona-i-izmjene-komunalnih-taksi-pred-vijecnicima\/\" \/>\n<meta property=\"og:site_name\" content=\"TuzlaInfo.ba\" \/>\n<meta property=\"article:publisher\" content=\"https:\/\/www.facebook.com\/tuzlainfo.ba\/\" \/>\n<meta property=\"article:published_time\" content=\"2026-02-16T17:16:59+00:00\" \/>\n<meta property=\"og:image\" content=\"https:\/\/tuzlainfo.ba\/wp-content\/uploads\/2026\/02\/1602_kolegij.jpg\" \/>\n\t<meta property=\"og:image:width\" content=\"800\" \/>\n\t<meta property=\"og:image:height\" content=\"467\" \/>\n\t<meta property=\"og:image:type\" content=\"image\/jpeg\" \/>\n<meta name=\"author\" content=\"nedim\" \/>\n<meta name=\"twitter:card\" content=\"summary_large_image\" \/>\n<meta name=\"twitter:label1\" content=\"Written by\" \/>\n\t<meta name=\"twitter:data1\" content=\"nedim\" \/>\n\t<meta name=\"twitter:label2\" content=\"Est. reading time\" \/>\n\t<meta name=\"twitter:data2\" content=\"3 minute\" \/>\n<script type=\"application\/ld+json\" class=\"yoast-schema-graph\">{\"@context\":\"https:\/\/schema.org\",\"@graph\":[{\"@type\":\"Article\",\"@id\":\"https:\/\/tuzlainfo.ba\/index.php\/novosti\/item\/294852-kolegij-gradonacelnika-tuzle-nova-poslovna-zona-i-izmjene-komunalnih-taksi-pred-vijecnicima\/#article\",\"isPartOf\":{\"@id\":\"https:\/\/tuzlainfo.ba\/index.php\/novosti\/item\/294852-kolegij-gradonacelnika-tuzle-nova-poslovna-zona-i-izmjene-komunalnih-taksi-pred-vijecnicima\/\"},\"author\":{\"name\":\"nedim\",\"@id\":\"https:\/\/tuzlainfo.ba\/#\/schema\/person\/f434e20dc27ea133923aab08451b7f7f\"},\"headline\":\"Kolegij gradona\u010delnika Tuzle: Nova poslovna zona i izmjene komunalnih taksi pred vije\u0107nicima\",\"datePublished\":\"2026-02-16T17:16:59+00:00\",\"dateModified\":\"2026-02-16T17:16:59+00:00\",\"mainEntityOfPage\":{\"@id\":\"https:\/\/tuzlainfo.ba\/index.php\/novosti\/item\/294852-kolegij-gradonacelnika-tuzle-nova-poslovna-zona-i-izmjene-komunalnih-taksi-pred-vijecnicima\/\"},\"wordCount\":444,\"publisher\":{\"@id\":\"https:\/\/tuzlainfo.ba\/#organization\"},\"image\":{\"@id\":\"https:\/\/tuzlainfo.ba\/index.php\/novosti\/item\/294852-kolegij-gradonacelnika-tuzle-nova-poslovna-zona-i-izmjene-komunalnih-taksi-pred-vijecnicima\/#primaryimage\"},\"thumbnailUrl\":\"https:\/\/tuzlainfo.ba\/wp-content\/uploads\/2026\/02\/1602_kolegij.jpg\",\"keywords\":[\"kolegij gradona\u010delnika\"],\"articleSection\":[\"Istaknuto\",\"Novosti\"],\"inLanguage\":\"bs-BA\"},{\"@type\":\"WebPage\",\"@id\":\"https:\/\/tuzlainfo.ba\/index.php\/novosti\/item\/294852-kolegij-gradonacelnika-tuzle-nova-poslovna-zona-i-izmjene-komunalnih-taksi-pred-vijecnicima\/\",\"url\":\"https:\/\/tuzlainfo.ba\/index.php\/novosti\/item\/294852-kolegij-gradonacelnika-tuzle-nova-poslovna-zona-i-izmjene-komunalnih-taksi-pred-vijecnicima\/\",\"name\":\"Kolegij gradona\u010delnika Tuzle: Nova poslovna zona i izmjene komunalnih taksi pred vije\u0107nicima - TuzlaInfo.ba\",\"isPartOf\":{\"@id\":\"https:\/\/tuzlainfo.ba\/#website\"},\"primaryImageOfPage\":{\"@id\":\"https:\/\/tuzlainfo.ba\/index.php\/novosti\/item\/294852-kolegij-gradonacelnika-tuzle-nova-poslovna-zona-i-izmjene-komunalnih-taksi-pred-vijecnicima\/#primaryimage\"},\"image\":{\"@id\":\"https:\/\/tuzlainfo.ba\/index.php\/novosti\/item\/294852-kolegij-gradonacelnika-tuzle-nova-poslovna-zona-i-izmjene-komunalnih-taksi-pred-vijecnicima\/#primaryimage\"},\"thumbnailUrl\":\"https:\/\/tuzlainfo.ba\/wp-content\/uploads\/2026\/02\/1602_kolegij.jpg\",\"datePublished\":\"2026-02-16T17:16:59+00:00\",\"dateModified\":\"2026-02-16T17:16:59+00:00\",\"breadcrumb\":{\"@id\":\"https:\/\/tuzlainfo.ba\/index.php\/novosti\/item\/294852-kolegij-gradonacelnika-tuzle-nova-poslovna-zona-i-izmjene-komunalnih-taksi-pred-vijecnicima\/#breadcrumb\"},\"inLanguage\":\"bs-BA\",\"potentialAction\":[{\"@type\":\"ReadAction\",\"target\":[\"https:\/\/tuzlainfo.ba\/index.php\/novosti\/item\/294852-kolegij-gradonacelnika-tuzle-nova-poslovna-zona-i-izmjene-komunalnih-taksi-pred-vijecnicima\/\"]}]},{\"@type\":\"ImageObject\",\"inLanguage\":\"bs-BA\",\"@id\":\"https:\/\/tuzlainfo.ba\/index.php\/novosti\/item\/294852-kolegij-gradonacelnika-tuzle-nova-poslovna-zona-i-izmjene-komunalnih-taksi-pred-vijecnicima\/#primaryimage\",\"url\":\"https:\/\/tuzlainfo.ba\/wp-content\/uploads\/2026\/02\/1602_kolegij.jpg\",\"contentUrl\":\"https:\/\/tuzlainfo.ba\/wp-content\/uploads\/2026\/02\/1602_kolegij.jpg\",\"width\":800,\"height\":467},{\"@type\":\"BreadcrumbList\",\"@id\":\"https:\/\/tuzlainfo.ba\/index.php\/novosti\/item\/294852-kolegij-gradonacelnika-tuzle-nova-poslovna-zona-i-izmjene-komunalnih-taksi-pred-vijecnicima\/#breadcrumb\",\"itemListElement\":[{\"@type\":\"ListItem\",\"position\":1,\"name\":\"Home\",\"item\":\"https:\/\/tuzlainfo.ba\/\"},{\"@type\":\"ListItem\",\"position\":2,\"name\":\"Kolegij gradona\u010delnika Tuzle: Nova poslovna zona i izmjene komunalnih taksi pred vije\u0107nicima\"}]},{\"@type\":\"WebSite\",\"@id\":\"https:\/\/tuzlainfo.ba\/#website\",\"url\":\"https:\/\/tuzlainfo.ba\/\",\"name\":\"TuzlaInfo.ba\",\"description\":\"Tuzla info, gradski informator - Tuzla na dlanu\",\"publisher\":{\"@id\":\"https:\/\/tuzlainfo.ba\/#organization\"},\"potentialAction\":[{\"@type\":\"SearchAction\",\"target\":{\"@type\":\"EntryPoint\",\"urlTemplate\":\"https:\/\/tuzlainfo.ba\/?s={search_term_string}\"},\"query-input\":{\"@type\":\"PropertyValueSpecification\",\"valueRequired\":true,\"valueName\":\"search_term_string\"}}],\"inLanguage\":\"bs-BA\"},{\"@type\":\"Organization\",\"@id\":\"https:\/\/tuzlainfo.ba\/#organization\",\"name\":\"TuzlaInfo.ba\",\"url\":\"https:\/\/tuzlainfo.ba\/\",\"logo\":{\"@type\":\"ImageObject\",\"inLanguage\":\"bs-BA\",\"@id\":\"https:\/\/tuzlainfo.ba\/#\/schema\/logo\/image\/\",\"url\":\"https:\/\/tuzlainfo.ba\/wp-content\/uploads\/2021\/03\/logo-ver-3-1.png\",\"contentUrl\":\"https:\/\/tuzlainfo.ba\/wp-content\/uploads\/2021\/03\/logo-ver-3-1.png\",\"width\":350,\"height\":95,\"caption\":\"TuzlaInfo.ba\"},\"image\":{\"@id\":\"https:\/\/tuzlainfo.ba\/#\/schema\/logo\/image\/\"},\"sameAs\":[\"https:\/\/www.facebook.com\/tuzlainfo.ba\/\"]},{\"@type\":\"Person\",\"@id\":\"https:\/\/tuzlainfo.ba\/#\/schema\/person\/f434e20dc27ea133923aab08451b7f7f\",\"name\":\"nedim\",\"image\":{\"@type\":\"ImageObject\",\"inLanguage\":\"bs-BA\",\"@id\":\"https:\/\/tuzlainfo.ba\/#\/schema\/person\/image\/\",\"url\":\"https:\/\/tuzlainfo.ba\/wp-content\/litespeed\/avatar\/aabad687af24844af817603ac1cbdc4f.jpg?ver=1777306975\",\"contentUrl\":\"https:\/\/tuzlainfo.ba\/wp-content\/litespeed\/avatar\/aabad687af24844af817603ac1cbdc4f.jpg?ver=1777306975\",\"caption\":\"nedim\"},\"description\":\"Tuzlainfo.ba pratite na dru\u0161tvenim mre\u017eama: Facebook, Instagram i Youtube. Svoje pri\u010de, upite i fotografije \u0161aljite na na\u0161u e-mail adresu.\"}]}<\/script>\n<!-- \/ Yoast SEO plugin. -->","yoast_head_json":{"title":"Kolegij gradona\u010delnika Tuzle: Nova poslovna zona i izmjene komunalnih taksi pred vije\u0107nicima - TuzlaInfo.ba","robots":{"index":"index","follow":"follow","max-snippet":"max-snippet:-1","max-image-preview":"max-image-preview:large","max-video-preview":"max-video-preview:-1"},"canonical":"https:\/\/tuzlainfo.ba\/index.php\/novosti\/item\/294852-kolegij-gradonacelnika-tuzle-nova-poslovna-zona-i-izmjene-komunalnih-taksi-pred-vijecnicima\/","og_locale":"bs_BA","og_type":"article","og_title":"Kolegij gradona\u010delnika Tuzle: Nova poslovna zona i izmjene komunalnih taksi pred vije\u0107nicima - TuzlaInfo.ba","og_description":"Na 33. sjednici Kolegija gradona\u010delnika Tuzle razmatrano je 17 ta\u010daka dnevnog reda, me\u0111u kojima su&hellip;","og_url":"https:\/\/tuzlainfo.ba\/index.php\/novosti\/item\/294852-kolegij-gradonacelnika-tuzle-nova-poslovna-zona-i-izmjene-komunalnih-taksi-pred-vijecnicima\/","og_site_name":"TuzlaInfo.ba","article_publisher":"https:\/\/www.facebook.com\/tuzlainfo.ba\/","article_published_time":"2026-02-16T17:16:59+00:00","og_image":[{"width":800,"height":467,"url":"https:\/\/tuzlainfo.ba\/wp-content\/uploads\/2026\/02\/1602_kolegij.jpg","type":"image\/jpeg"}],"author":"nedim","twitter_card":"summary_large_image","twitter_misc":{"Written by":"nedim","Est. reading time":"3 minute"},"schema":{"@context":"https:\/\/schema.org","@graph":[{"@type":"Article","@id":"https:\/\/tuzlainfo.ba\/index.php\/novosti\/item\/294852-kolegij-gradonacelnika-tuzle-nova-poslovna-zona-i-izmjene-komunalnih-taksi-pred-vijecnicima\/#article","isPartOf":{"@id":"https:\/\/tuzlainfo.ba\/index.php\/novosti\/item\/294852-kolegij-gradonacelnika-tuzle-nova-poslovna-zona-i-izmjene-komunalnih-taksi-pred-vijecnicima\/"},"author":{"name":"nedim","@id":"https:\/\/tuzlainfo.ba\/#\/schema\/person\/f434e20dc27ea133923aab08451b7f7f"},"headline":"Kolegij gradona\u010delnika Tuzle: Nova poslovna zona i izmjene komunalnih taksi pred vije\u0107nicima","datePublished":"2026-02-16T17:16:59+00:00","dateModified":"2026-02-16T17:16:59+00:00","mainEntityOfPage":{"@id":"https:\/\/tuzlainfo.ba\/index.php\/novosti\/item\/294852-kolegij-gradonacelnika-tuzle-nova-poslovna-zona-i-izmjene-komunalnih-taksi-pred-vijecnicima\/"},"wordCount":444,"publisher":{"@id":"https:\/\/tuzlainfo.ba\/#organization"},"image":{"@id":"https:\/\/tuzlainfo.ba\/index.php\/novosti\/item\/294852-kolegij-gradonacelnika-tuzle-nova-poslovna-zona-i-izmjene-komunalnih-taksi-pred-vijecnicima\/#primaryimage"},"thumbnailUrl":"https:\/\/tuzlainfo.ba\/wp-content\/uploads\/2026\/02\/1602_kolegij.jpg","keywords":["kolegij gradona\u010delnika"],"articleSection":["Istaknuto","Novosti"],"inLanguage":"bs-BA"},{"@type":"WebPage","@id":"https:\/\/tuzlainfo.ba\/index.php\/novosti\/item\/294852-kolegij-gradonacelnika-tuzle-nova-poslovna-zona-i-izmjene-komunalnih-taksi-pred-vijecnicima\/","url":"https:\/\/tuzlainfo.ba\/index.php\/novosti\/item\/294852-kolegij-gradonacelnika-tuzle-nova-poslovna-zona-i-izmjene-komunalnih-taksi-pred-vijecnicima\/","name":"Kolegij gradona\u010delnika Tuzle: Nova poslovna zona i izmjene komunalnih taksi pred vije\u0107nicima - TuzlaInfo.ba","isPartOf":{"@id":"https:\/\/tuzlainfo.ba\/#website"},"primaryImageOfPage":{"@id":"https:\/\/tuzlainfo.ba\/index.php\/novosti\/item\/294852-kolegij-gradonacelnika-tuzle-nova-poslovna-zona-i-izmjene-komunalnih-taksi-pred-vijecnicima\/#primaryimage"},"image":{"@id":"https:\/\/tuzlainfo.ba\/index.php\/novosti\/item\/294852-kolegij-gradonacelnika-tuzle-nova-poslovna-zona-i-izmjene-komunalnih-taksi-pred-vijecnicima\/#primaryimage"},"thumbnailUrl":"https:\/\/tuzlainfo.ba\/wp-content\/uploads\/2026\/02\/1602_kolegij.jpg","datePublished":"2026-02-16T17:16:59+00:00","dateModified":"2026-02-16T17:16:59+00:00","breadcrumb":{"@id":"https:\/\/tuzlainfo.ba\/index.php\/novosti\/item\/294852-kolegij-gradonacelnika-tuzle-nova-poslovna-zona-i-izmjene-komunalnih-taksi-pred-vijecnicima\/#breadcrumb"},"inLanguage":"bs-BA","potentialAction":[{"@type":"ReadAction","target":["https:\/\/tuzlainfo.ba\/index.php\/novosti\/item\/294852-kolegij-gradonacelnika-tuzle-nova-poslovna-zona-i-izmjene-komunalnih-taksi-pred-vijecnicima\/"]}]},{"@type":"ImageObject","inLanguage":"bs-BA","@id":"https:\/\/tuzlainfo.ba\/index.php\/novosti\/item\/294852-kolegij-gradonacelnika-tuzle-nova-poslovna-zona-i-izmjene-komunalnih-taksi-pred-vijecnicima\/#primaryimage","url":"https:\/\/tuzlainfo.ba\/wp-content\/uploads\/2026\/02\/1602_kolegij.jpg","contentUrl":"https:\/\/tuzlainfo.ba\/wp-content\/uploads\/2026\/02\/1602_kolegij.jpg","width":800,"height":467},{"@type":"BreadcrumbList","@id":"https:\/\/tuzlainfo.ba\/index.php\/novosti\/item\/294852-kolegij-gradonacelnika-tuzle-nova-poslovna-zona-i-izmjene-komunalnih-taksi-pred-vijecnicima\/#breadcrumb","itemListElement":[{"@type":"ListItem","position":1,"name":"Home","item":"https:\/\/tuzlainfo.ba\/"},{"@type":"ListItem","position":2,"name":"Kolegij gradona\u010delnika Tuzle: Nova poslovna zona i izmjene komunalnih taksi pred vije\u0107nicima"}]},{"@type":"WebSite","@id":"https:\/\/tuzlainfo.ba\/#website","url":"https:\/\/tuzlainfo.ba\/","name":"TuzlaInfo.ba","description":"Tuzla info, gradski informator - Tuzla na dlanu","publisher":{"@id":"https:\/\/tuzlainfo.ba\/#organization"},"potentialAction":[{"@type":"SearchAction","target":{"@type":"EntryPoint","urlTemplate":"https:\/\/tuzlainfo.ba\/?s={search_term_string}"},"query-input":{"@type":"PropertyValueSpecification","valueRequired":true,"valueName":"search_term_string"}}],"inLanguage":"bs-BA"},{"@type":"Organization","@id":"https:\/\/tuzlainfo.ba\/#organization","name":"TuzlaInfo.ba","url":"https:\/\/tuzlainfo.ba\/","logo":{"@type":"ImageObject","inLanguage":"bs-BA","@id":"https:\/\/tuzlainfo.ba\/#\/schema\/logo\/image\/","url":"https:\/\/tuzlainfo.ba\/wp-content\/uploads\/2021\/03\/logo-ver-3-1.png","contentUrl":"https:\/\/tuzlainfo.ba\/wp-content\/uploads\/2021\/03\/logo-ver-3-1.png","width":350,"height":95,"caption":"TuzlaInfo.ba"},"image":{"@id":"https:\/\/tuzlainfo.ba\/#\/schema\/logo\/image\/"},"sameAs":["https:\/\/www.facebook.com\/tuzlainfo.ba\/"]},{"@type":"Person","@id":"https:\/\/tuzlainfo.ba\/#\/schema\/person\/f434e20dc27ea133923aab08451b7f7f","name":"nedim","image":{"@type":"ImageObject","inLanguage":"bs-BA","@id":"https:\/\/tuzlainfo.ba\/#\/schema\/person\/image\/","url":"https:\/\/tuzlainfo.ba\/wp-content\/litespeed\/avatar\/aabad687af24844af817603ac1cbdc4f.jpg?ver=1777306975","contentUrl":"https:\/\/tuzlainfo.ba\/wp-content\/litespeed\/avatar\/aabad687af24844af817603ac1cbdc4f.jpg?ver=1777306975","caption":"nedim"},"description":"Tuzlainfo.ba pratite na dru\u0161tvenim mre\u017eama: Facebook, Instagram i Youtube. Svoje pri\u010de, upite i fotografije \u0161aljite na na\u0161u e-mail adresu."}]}},"_links":{"self":[{"href":"https:\/\/tuzlainfo.ba\/index.php\/wp-json\/wp\/v2\/posts\/294852"}],"collection":[{"href":"https:\/\/tuzlainfo.ba\/index.php\/wp-json\/wp\/v2\/posts"}],"about":[{"href":"https:\/\/tuzlainfo.ba\/index.php\/wp-json\/wp\/v2\/types\/post"}],"author":[{"embeddable":true,"href":"https:\/\/tuzlainfo.ba\/index.php\/wp-json\/wp\/v2\/users\/2"}],"replies":[{"embeddable":true,"href":"https:\/\/tuzlainfo.ba\/index.php\/wp-json\/wp\/v2\/comments?post=294852"}],"version-history":[{"count":1,"href":"https:\/\/tuzlainfo.ba\/index.php\/wp-json\/wp\/v2\/posts\/294852\/revisions"}],"predecessor-version":[{"id":294854,"href":"https:\/\/tuzlainfo.ba\/index.php\/wp-json\/wp\/v2\/posts\/294852\/revisions\/294854"}],"wp:featuredmedia":[{"embeddable":true,"href":"https:\/\/tuzlainfo.ba\/index.php\/wp-json\/wp\/v2\/media\/294853"}],"wp:attachment":[{"href":"https:\/\/tuzlainfo.ba\/index.php\/wp-json\/wp\/v2\/media?parent=294852"}],"wp:term":[{"taxonomy":"category","embeddable":true,"href":"https:\/\/tuzlainfo.ba\/index.php\/wp-json\/wp\/v2\/categories?post=294852"},{"taxonomy":"post_tag","embeddable":true,"href":"https:\/\/tuzlainfo.ba\/index.php\/wp-json\/wp\/v2\/tags?post=294852"}],"curies":[{"name":"wp","href":"https:\/\/api.w.org\/{rel}","templated":true}]}}