{"id":294543,"date":"2026-02-12T22:01:10","date_gmt":"2026-02-12T21:01:10","guid":{"rendered":"https:\/\/tuzlainfo.ba\/?p=294543"},"modified":"2026-02-12T22:11:33","modified_gmt":"2026-02-12T21:11:33","slug":"admir-hrustanovic-pritisci-traju-mjesecima-gusicu-i-vujovicu-obecene-pozicije-na-listi","status":"publish","type":"post","link":"https:\/\/tuzlainfo.ba\/index.php\/novosti\/item\/294543-admir-hrustanovic-pritisci-traju-mjesecima-gusicu-i-vujovicu-obecene-pozicije-na-listi\/","title":{"rendered":"Admir Hrustanovi\u0107: &#8220;Pritisci traju mjesecima, Gu\u0161i\u0107u i Vujovi\u0107u obe\u0107ene pozicije na listi&#8221;"},"content":{"rendered":"<p data-start=\"266\" data-end=\"484\">Top tema na politi\u010dkoj sceni Tuzlanskog kantona jo\u0161 uvijek je vijest o masovnom napu\u0161tanju Stranke za Bosnu i Hercegovinu (SBiH), koju su donijeli istaknuti funkcioneri i veliki broj \u010dlanova ove politi\u010dke organizacije.<\/p>\n<p data-start=\"486\" data-end=\"879\">Me\u0111u onima koji su odlu\u010dili istupiti iz SBiH su potpredsjednik stranke i na\u010delnik Op\u0107ine \u010celi\u0107 Admir Hrustanovi\u0107, predsjednik Gradskog savjeta SBiH Tuzla i federalni zastupnik Admir \u010cavali\u0107, mnogo op\u0107inskih vije\u0107nika i zna\u010dajan broj \u010dlanova op\u0107inskih i gradskih savjeta SBiH iz \u010celi\u0107a, Tuzle, Kalesije, Kladnja i Doboj Istoka, te \u010dlanovi savjeta iz drugih sredina Tuzlanskog kantona.<\/p>\n<p data-start=\"881\" data-end=\"1107\">Dok je Admir \u010cavali\u0107 imao vi\u0161e medijskih istupa o razlozima napu\u0161tanja stranke, uspjeli smo na ovu temu razgovarati sa na\u010delnikom Op\u0107ine \u010celi\u0107 Admirom Hrustanovi\u0107em, koji je bio kandidat za predsjednika Kantonalnog vije\u0107a SBiH TK, a koji se do sada nije ogla\u0161avao na ovu temu.<\/p>\n<p data-start=\"1618\" data-end=\"1905\">\u2013 <strong data-start=\"1620\" data-end=\"1884\">Razlog mog napu\u0161tanja stranke je kontinuirano kr\u0161enje Statuta, potpuni nestanak unutra\u0161nje demokratije i pretvaranje SBiH u privatni politi\u010dki projekat uskog kruga ljudi. To nikada ranije nije bilo tako, a u ovoj stranci sam od 1996. godine, od samog osnivanja<\/strong>, isti\u010de Hrustanovi\u0107, za <strong>Tuzlainfo.ba<\/strong>.<\/p>\n<p data-start=\"1907\" data-end=\"1996\">Posebno nagla\u0161ava grubo kr\u0161enje Statuta tokom izbora rukovodstva SBiH Tuzlanskog kantona.<\/p>\n<p data-start=\"1998\" data-end=\"2144\">\u2013 <strong data-start=\"2000\" data-end=\"2134\">Suprotno Statutu, tajno glasanje je promijenjeno u javno, s jasnim ciljem politi\u010dkog pritiska i kontrole \u010dlanova prilikom glasanja<\/strong>, ka\u017ee on.<\/p>\n<p data-start=\"2146\" data-end=\"2246\">Prema njegovim rije\u010dima, pritisci rukovodstva stranke na op\u0107inske i gradske savjete traju mjesecima.<\/p>\n<p data-start=\"2248\" data-end=\"2619\">\u2013 <strong data-start=\"2250\" data-end=\"2598\">U posljednjih \u0161est mjeseci insistiralo se da predsjednik gradskog odbora mora biti \u017darko Vujovi\u0107, a kantonalnog Mirnes Gu\u0161i\u0107. Njima je obe\u0107ano da \u0107e jedan biti nosilac, a drugi broj tri na listi za Skup\u0161tinu Tuzlanskog kantona. Tako\u0111er, jedino se u SBiH mo\u017ee \u201cs puta\u201d ili iz druge stranke do\u0107i do vrha liste. Forsiraju se podobni, a ne sposobni<\/strong>, navodi Hrustanovi\u0107.<\/p>\n<p data-start=\"2248\" data-end=\"2619\"><img fetchpriority=\"high\" decoding=\"async\" class=\"alignnone size-full wp-image-294544\" src=\"https:\/\/tuzlainfo.ba\/wp-content\/uploads\/2026\/02\/1202_hrustanovic.jpg\" alt=\"\" width=\"1066\" height=\"1600\" srcset=\"https:\/\/tuzlainfo.ba\/wp-content\/uploads\/2026\/02\/1202_hrustanovic.jpg 1066w, https:\/\/tuzlainfo.ba\/wp-content\/uploads\/2026\/02\/1202_hrustanovic-200x300.jpg 200w, https:\/\/tuzlainfo.ba\/wp-content\/uploads\/2026\/02\/1202_hrustanovic-682x1024.jpg 682w, https:\/\/tuzlainfo.ba\/wp-content\/uploads\/2026\/02\/1202_hrustanovic-768x1153.jpg 768w, https:\/\/tuzlainfo.ba\/wp-content\/uploads\/2026\/02\/1202_hrustanovic-1023x1536.jpg 1023w, https:\/\/tuzlainfo.ba\/wp-content\/uploads\/2026\/02\/1202_hrustanovic-585x878.jpg 585w, https:\/\/tuzlainfo.ba\/wp-content\/uploads\/2026\/02\/1202_hrustanovic-150x225.jpg 150w, https:\/\/tuzlainfo.ba\/wp-content\/uploads\/2026\/02\/1202_hrustanovic-333x500.jpg 333w\" sizes=\"(max-width: 1066px) 100vw, 1066px\" \/><\/p>\n<p data-start=\"2621\" data-end=\"2733\">Dodaje i da je aktuelno rukovodstvo, predvo\u0111eno Semirom Efendi\u0107em, dovelo stranku u potpunu politi\u010dku izolaciju.<\/p>\n<p data-start=\"2735\" data-end=\"2854\">\u2013 <strong data-start=\"2737\" data-end=\"2842\">SBiH danas nema partnerske odnose ni sa jednom politi\u010dkom strankom, ni ljevice, ni desnice, ni centra<\/strong>, isti\u010de on.<\/p>\n<p data-start=\"2856\" data-end=\"3010\">Na pitanje u kojoj politi\u010dkoj opciji nastavlja svoj anga\u017eman nakon izlaska iz SBiH, Hrustanovi\u0107 poru\u010duje da mu je fokus prije svega na lokalnoj zajednici.<\/p>\n<p data-start=\"3012\" data-end=\"3174\">\u2013 <strong data-start=\"3014\" data-end=\"3147\">Svoj politi\u010dki put nastavljam slobodno i dosljedno, zajedno sa svojim gra\u0111anima Op\u0107ine \u010celi\u0107, koji su mi u svemu ovome najva\u017eniji<\/strong>, zaklju\u010dio je Hrustanovi\u0107.<strong>\/Tuzlainfo.ba\/<\/strong><\/p>\n","protected":false},"excerpt":{"rendered":"<p>Top tema na politi\u010dkoj sceni Tuzlanskog kantona jo\u0161 uvijek je vijest o masovnom napu\u0161tanju Stranke za Bosnu i Hercegovinu (SBiH), koju su donijeli istaknuti funkcioneri i veliki broj \u010dlanova ove politi\u010dke organizacije. Me\u0111u onima koji su odlu\u010dili istupiti iz SBiH su potpredsjednik stranke i na\u010delnik Op\u0107ine \u010celi\u0107 Admir Hrustanovi\u0107, predsjednik Gradskog savjeta SBiH Tuzla i [&hellip;]<\/p>\n","protected":false},"author":2,"featured_media":204574,"comment_status":"closed","ping_status":"closed","sticky":false,"template":"","format":"standard","meta":{"footnotes":""},"categories":[304,12,306],"tags":[6930,805],"class_list":["post-294543","post","type-post","status-publish","format-standard","has-post-thumbnail","hentry","category-istaknuto","category-novosti","category-preporucujemo","tag-admir-hrustanovic","tag-stranka-za-bih"],"yoast_head":"<!-- This site is optimized with the Yoast SEO plugin v28.4 - https:\/\/yoast.com\/product\/yoast-seo-wordpress\/ -->\n<title>Admir Hrustanovi\u0107: &quot;Pritisci traju mjesecima, Gu\u0161i\u0107u i Vujovi\u0107u obe\u0107ene pozicije na listi&quot;<\/title>\n<meta name=\"robots\" content=\"index, follow, max-snippet:-1, max-image-preview:large, max-video-preview:-1\" \/>\n<link rel=\"canonical\" href=\"https:\/\/tuzlainfo.ba\/index.php\/novosti\/item\/294543-admir-hrustanovic-pritisci-traju-mjesecima-gusicu-i-vujovicu-obecene-pozicije-na-listi\/\" \/>\n<meta property=\"og:locale\" content=\"bs_BA\" \/>\n<meta property=\"og:type\" content=\"article\" \/>\n<meta property=\"og:title\" content=\"Admir Hrustanovi\u0107: &quot;Pritisci traju mjesecima, Gu\u0161i\u0107u i Vujovi\u0107u obe\u0107ene pozicije na listi&quot;\" \/>\n<meta property=\"og:description\" content=\"Top tema na politi\u010dkoj sceni Tuzlanskog kantona jo\u0161 uvijek je vijest o masovnom napu\u0161tanju Stranke za Bosnu i Hercegovinu (SBiH), koju su donijeli istaknuti funkcioneri i veliki broj \u010dlanova ove politi\u010dke organizacije. Me\u0111u onima koji su odlu\u010dili istupiti iz SBiH su potpredsjednik stranke i na\u010delnik Op\u0107ine \u010celi\u0107 Admir Hrustanovi\u0107, predsjednik Gradskog savjeta SBiH Tuzla i [&hellip;]\" \/>\n<meta property=\"og:url\" content=\"https:\/\/tuzlainfo.ba\/index.php\/novosti\/item\/294543-admir-hrustanovic-pritisci-traju-mjesecima-gusicu-i-vujovicu-obecene-pozicije-na-listi\/\" \/>\n<meta property=\"og:site_name\" content=\"TuzlaInfo.ba\" \/>\n<meta property=\"article:publisher\" content=\"https:\/\/www.facebook.com\/tuzlainfo.ba\/\" \/>\n<meta property=\"article:published_time\" content=\"2026-02-12T21:01:10+00:00\" \/>\n<meta property=\"article:modified_time\" content=\"2026-02-12T21:11:33+00:00\" \/>\n<meta property=\"og:image\" content=\"https:\/\/tuzlainfo.ba\/wp-content\/uploads\/2023\/05\/1405_asmir_hrustanovic.jpg\" \/>\n\t<meta property=\"og:image:width\" content=\"1200\" \/>\n\t<meta property=\"og:image:height\" content=\"675\" \/>\n\t<meta property=\"og:image:type\" content=\"image\/jpeg\" \/>\n<meta name=\"author\" content=\"nedim\" \/>\n<meta name=\"twitter:card\" content=\"summary_large_image\" \/>\n<meta name=\"twitter:label1\" content=\"Written by\" \/>\n\t<meta name=\"twitter:data1\" content=\"nedim\" \/>\n\t<meta name=\"twitter:label2\" content=\"Est. reading time\" \/>\n\t<meta name=\"twitter:data2\" content=\"3 minute\" \/>\n<script type=\"application\/ld+json\" class=\"yoast-schema-graph\">{\"@context\":\"https:\\\/\\\/schema.org\",\"@graph\":[{\"@type\":\"Article\",\"@id\":\"https:\\\/\\\/tuzlainfo.ba\\\/index.php\\\/novosti\\\/item\\\/294543-admir-hrustanovic-pritisci-traju-mjesecima-gusicu-i-vujovicu-obecene-pozicije-na-listi\\\/#article\",\"isPartOf\":{\"@id\":\"https:\\\/\\\/tuzlainfo.ba\\\/index.php\\\/novosti\\\/item\\\/294543-admir-hrustanovic-pritisci-traju-mjesecima-gusicu-i-vujovicu-obecene-pozicije-na-listi\\\/\"},\"author\":{\"name\":\"nedim\",\"@id\":\"https:\\\/\\\/tuzlainfo.ba\\\/#\\\/schema\\\/person\\\/f434e20dc27ea133923aab08451b7f7f\"},\"headline\":\"Admir Hrustanovi\u0107: &#8220;Pritisci traju mjesecima, Gu\u0161i\u0107u i Vujovi\u0107u obe\u0107ene pozicije na listi&#8221;\",\"datePublished\":\"2026-02-12T21:01:10+00:00\",\"dateModified\":\"2026-02-12T21:11:33+00:00\",\"mainEntityOfPage\":{\"@id\":\"https:\\\/\\\/tuzlainfo.ba\\\/index.php\\\/novosti\\\/item\\\/294543-admir-hrustanovic-pritisci-traju-mjesecima-gusicu-i-vujovicu-obecene-pozicije-na-listi\\\/\"},\"wordCount\":425,\"publisher\":{\"@id\":\"https:\\\/\\\/tuzlainfo.ba\\\/#organization\"},\"image\":{\"@id\":\"https:\\\/\\\/tuzlainfo.ba\\\/index.php\\\/novosti\\\/item\\\/294543-admir-hrustanovic-pritisci-traju-mjesecima-gusicu-i-vujovicu-obecene-pozicije-na-listi\\\/#primaryimage\"},\"thumbnailUrl\":\"https:\\\/\\\/tuzlainfo.ba\\\/wp-content\\\/uploads\\\/2023\\\/05\\\/1405_asmir_hrustanovic.jpg\",\"keywords\":[\"admir hrustanovi\u0107\",\"stranka za bih\"],\"articleSection\":[\"Istaknuto\",\"Novosti\",\"Preporu\u010dujemo\"],\"inLanguage\":\"bs-BA\",\"copyrightYear\":\"2026\",\"copyrightHolder\":{\"@id\":\"https:\\\/\\\/tuzlainfo.ba\\\/#organization\"}},{\"@type\":\"WebPage\",\"@id\":\"https:\\\/\\\/tuzlainfo.ba\\\/index.php\\\/novosti\\\/item\\\/294543-admir-hrustanovic-pritisci-traju-mjesecima-gusicu-i-vujovicu-obecene-pozicije-na-listi\\\/\",\"url\":\"https:\\\/\\\/tuzlainfo.ba\\\/index.php\\\/novosti\\\/item\\\/294543-admir-hrustanovic-pritisci-traju-mjesecima-gusicu-i-vujovicu-obecene-pozicije-na-listi\\\/\",\"name\":\"Admir Hrustanovi\u0107: \\\"Pritisci traju mjesecima, Gu\u0161i\u0107u i Vujovi\u0107u obe\u0107ene pozicije na listi\\\"\",\"isPartOf\":{\"@id\":\"https:\\\/\\\/tuzlainfo.ba\\\/#website\"},\"primaryImageOfPage\":{\"@id\":\"https:\\\/\\\/tuzlainfo.ba\\\/index.php\\\/novosti\\\/item\\\/294543-admir-hrustanovic-pritisci-traju-mjesecima-gusicu-i-vujovicu-obecene-pozicije-na-listi\\\/#primaryimage\"},\"image\":{\"@id\":\"https:\\\/\\\/tuzlainfo.ba\\\/index.php\\\/novosti\\\/item\\\/294543-admir-hrustanovic-pritisci-traju-mjesecima-gusicu-i-vujovicu-obecene-pozicije-na-listi\\\/#primaryimage\"},\"thumbnailUrl\":\"https:\\\/\\\/tuzlainfo.ba\\\/wp-content\\\/uploads\\\/2023\\\/05\\\/1405_asmir_hrustanovic.jpg\",\"datePublished\":\"2026-02-12T21:01:10+00:00\",\"dateModified\":\"2026-02-12T21:11:33+00:00\",\"breadcrumb\":{\"@id\":\"https:\\\/\\\/tuzlainfo.ba\\\/index.php\\\/novosti\\\/item\\\/294543-admir-hrustanovic-pritisci-traju-mjesecima-gusicu-i-vujovicu-obecene-pozicije-na-listi\\\/#breadcrumb\"},\"inLanguage\":\"bs-BA\",\"potentialAction\":[{\"@type\":\"ReadAction\",\"target\":[\"https:\\\/\\\/tuzlainfo.ba\\\/index.php\\\/novosti\\\/item\\\/294543-admir-hrustanovic-pritisci-traju-mjesecima-gusicu-i-vujovicu-obecene-pozicije-na-listi\\\/\"]}]},{\"@type\":\"ImageObject\",\"inLanguage\":\"bs-BA\",\"@id\":\"https:\\\/\\\/tuzlainfo.ba\\\/index.php\\\/novosti\\\/item\\\/294543-admir-hrustanovic-pritisci-traju-mjesecima-gusicu-i-vujovicu-obecene-pozicije-na-listi\\\/#primaryimage\",\"url\":\"https:\\\/\\\/tuzlainfo.ba\\\/wp-content\\\/uploads\\\/2023\\\/05\\\/1405_asmir_hrustanovic.jpg\",\"contentUrl\":\"https:\\\/\\\/tuzlainfo.ba\\\/wp-content\\\/uploads\\\/2023\\\/05\\\/1405_asmir_hrustanovic.jpg\",\"width\":1200,\"height\":675},{\"@type\":\"BreadcrumbList\",\"@id\":\"https:\\\/\\\/tuzlainfo.ba\\\/index.php\\\/novosti\\\/item\\\/294543-admir-hrustanovic-pritisci-traju-mjesecima-gusicu-i-vujovicu-obecene-pozicije-na-listi\\\/#breadcrumb\",\"itemListElement\":[{\"@type\":\"ListItem\",\"position\":1,\"name\":\"Home\",\"item\":\"https:\\\/\\\/tuzlainfo.ba\\\/\"},{\"@type\":\"ListItem\",\"position\":2,\"name\":\"Admir Hrustanovi\u0107: &#8220;Pritisci traju mjesecima, Gu\u0161i\u0107u i Vujovi\u0107u obe\u0107ene pozicije na listi&#8221;\"}]},{\"@type\":\"WebSite\",\"@id\":\"https:\\\/\\\/tuzlainfo.ba\\\/#website\",\"url\":\"https:\\\/\\\/tuzlainfo.ba\\\/\",\"name\":\"TuzlaInfo.ba\",\"description\":\"Tuzla info, gradski informator - Tuzla na dlanu\",\"publisher\":{\"@id\":\"https:\\\/\\\/tuzlainfo.ba\\\/#organization\"},\"potentialAction\":[{\"@type\":\"SearchAction\",\"target\":{\"@type\":\"EntryPoint\",\"urlTemplate\":\"https:\\\/\\\/tuzlainfo.ba\\\/?s={search_term_string}\"},\"query-input\":{\"@type\":\"PropertyValueSpecification\",\"valueRequired\":true,\"valueName\":\"search_term_string\"}}],\"inLanguage\":\"bs-BA\"},{\"@type\":\"Organization\",\"@id\":\"https:\\\/\\\/tuzlainfo.ba\\\/#organization\",\"name\":\"TuzlaInfo.ba\",\"url\":\"https:\\\/\\\/tuzlainfo.ba\\\/\",\"logo\":{\"@type\":\"ImageObject\",\"inLanguage\":\"bs-BA\",\"@id\":\"https:\\\/\\\/tuzlainfo.ba\\\/#\\\/schema\\\/logo\\\/image\\\/\",\"url\":\"https:\\\/\\\/tuzlainfo.ba\\\/wp-content\\\/uploads\\\/2021\\\/03\\\/logo-ver-3-1.png\",\"contentUrl\":\"https:\\\/\\\/tuzlainfo.ba\\\/wp-content\\\/uploads\\\/2021\\\/03\\\/logo-ver-3-1.png\",\"width\":350,\"height\":95,\"caption\":\"TuzlaInfo.ba\"},\"image\":{\"@id\":\"https:\\\/\\\/tuzlainfo.ba\\\/#\\\/schema\\\/logo\\\/image\\\/\"},\"sameAs\":[\"https:\\\/\\\/www.facebook.com\\\/tuzlainfo.ba\\\/\"]},{\"@type\":\"Person\",\"@id\":\"https:\\\/\\\/tuzlainfo.ba\\\/#\\\/schema\\\/person\\\/f434e20dc27ea133923aab08451b7f7f\",\"name\":\"nedim\",\"image\":{\"@type\":\"ImageObject\",\"inLanguage\":\"bs-BA\",\"@id\":\"https:\\\/\\\/secure.gravatar.com\\\/avatar\\\/5b928a2e7e70a54208d2eb6c1edcb75a5350d6ae97d5f0a701203d456823f6f3?s=96&d=mm&r=g\",\"url\":\"https:\\\/\\\/secure.gravatar.com\\\/avatar\\\/5b928a2e7e70a54208d2eb6c1edcb75a5350d6ae97d5f0a701203d456823f6f3?s=96&d=mm&r=g\",\"contentUrl\":\"https:\\\/\\\/secure.gravatar.com\\\/avatar\\\/5b928a2e7e70a54208d2eb6c1edcb75a5350d6ae97d5f0a701203d456823f6f3?s=96&d=mm&r=g\",\"caption\":\"nedim\"},\"description\":\"Tuzlainfo.ba pratite na dru\u0161tvenim mre\u017eama: Facebook, Instagram i Youtube. Svoje pri\u010de, upite i fotografije \u0161aljite na na\u0161u e-mail adresu.\"}]}<\/script>\n<!-- \/ Yoast SEO plugin. -->","yoast_head_json":{"title":"Admir Hrustanovi\u0107: \"Pritisci traju mjesecima, Gu\u0161i\u0107u i Vujovi\u0107u obe\u0107ene pozicije na listi\"","robots":{"index":"index","follow":"follow","max-snippet":"max-snippet:-1","max-image-preview":"max-image-preview:large","max-video-preview":"max-video-preview:-1"},"canonical":"https:\/\/tuzlainfo.ba\/index.php\/novosti\/item\/294543-admir-hrustanovic-pritisci-traju-mjesecima-gusicu-i-vujovicu-obecene-pozicije-na-listi\/","og_locale":"bs_BA","og_type":"article","og_title":"Admir Hrustanovi\u0107: \"Pritisci traju mjesecima, Gu\u0161i\u0107u i Vujovi\u0107u obe\u0107ene pozicije na listi\"","og_description":"Top tema na politi\u010dkoj sceni Tuzlanskog kantona jo\u0161 uvijek je vijest o masovnom napu\u0161tanju Stranke za Bosnu i Hercegovinu (SBiH), koju su donijeli istaknuti funkcioneri i veliki broj \u010dlanova ove politi\u010dke organizacije. Me\u0111u onima koji su odlu\u010dili istupiti iz SBiH su potpredsjednik stranke i na\u010delnik Op\u0107ine \u010celi\u0107 Admir Hrustanovi\u0107, predsjednik Gradskog savjeta SBiH Tuzla i [&hellip;]","og_url":"https:\/\/tuzlainfo.ba\/index.php\/novosti\/item\/294543-admir-hrustanovic-pritisci-traju-mjesecima-gusicu-i-vujovicu-obecene-pozicije-na-listi\/","og_site_name":"TuzlaInfo.ba","article_publisher":"https:\/\/www.facebook.com\/tuzlainfo.ba\/","article_published_time":"2026-02-12T21:01:10+00:00","article_modified_time":"2026-02-12T21:11:33+00:00","og_image":[{"width":1200,"height":675,"url":"https:\/\/tuzlainfo.ba\/wp-content\/uploads\/2023\/05\/1405_asmir_hrustanovic.jpg","type":"image\/jpeg"}],"author":"nedim","twitter_card":"summary_large_image","twitter_misc":{"Written by":"nedim","Est. reading time":"3 minute"},"schema":{"@context":"https:\/\/schema.org","@graph":[{"@type":"Article","@id":"https:\/\/tuzlainfo.ba\/index.php\/novosti\/item\/294543-admir-hrustanovic-pritisci-traju-mjesecima-gusicu-i-vujovicu-obecene-pozicije-na-listi\/#article","isPartOf":{"@id":"https:\/\/tuzlainfo.ba\/index.php\/novosti\/item\/294543-admir-hrustanovic-pritisci-traju-mjesecima-gusicu-i-vujovicu-obecene-pozicije-na-listi\/"},"author":{"name":"nedim","@id":"https:\/\/tuzlainfo.ba\/#\/schema\/person\/f434e20dc27ea133923aab08451b7f7f"},"headline":"Admir Hrustanovi\u0107: &#8220;Pritisci traju mjesecima, Gu\u0161i\u0107u i Vujovi\u0107u obe\u0107ene pozicije na listi&#8221;","datePublished":"2026-02-12T21:01:10+00:00","dateModified":"2026-02-12T21:11:33+00:00","mainEntityOfPage":{"@id":"https:\/\/tuzlainfo.ba\/index.php\/novosti\/item\/294543-admir-hrustanovic-pritisci-traju-mjesecima-gusicu-i-vujovicu-obecene-pozicije-na-listi\/"},"wordCount":425,"publisher":{"@id":"https:\/\/tuzlainfo.ba\/#organization"},"image":{"@id":"https:\/\/tuzlainfo.ba\/index.php\/novosti\/item\/294543-admir-hrustanovic-pritisci-traju-mjesecima-gusicu-i-vujovicu-obecene-pozicije-na-listi\/#primaryimage"},"thumbnailUrl":"https:\/\/tuzlainfo.ba\/wp-content\/uploads\/2023\/05\/1405_asmir_hrustanovic.jpg","keywords":["admir hrustanovi\u0107","stranka za bih"],"articleSection":["Istaknuto","Novosti","Preporu\u010dujemo"],"inLanguage":"bs-BA","copyrightYear":"2026","copyrightHolder":{"@id":"https:\/\/tuzlainfo.ba\/#organization"}},{"@type":"WebPage","@id":"https:\/\/tuzlainfo.ba\/index.php\/novosti\/item\/294543-admir-hrustanovic-pritisci-traju-mjesecima-gusicu-i-vujovicu-obecene-pozicije-na-listi\/","url":"https:\/\/tuzlainfo.ba\/index.php\/novosti\/item\/294543-admir-hrustanovic-pritisci-traju-mjesecima-gusicu-i-vujovicu-obecene-pozicije-na-listi\/","name":"Admir Hrustanovi\u0107: \"Pritisci traju mjesecima, Gu\u0161i\u0107u i Vujovi\u0107u obe\u0107ene pozicije na listi\"","isPartOf":{"@id":"https:\/\/tuzlainfo.ba\/#website"},"primaryImageOfPage":{"@id":"https:\/\/tuzlainfo.ba\/index.php\/novosti\/item\/294543-admir-hrustanovic-pritisci-traju-mjesecima-gusicu-i-vujovicu-obecene-pozicije-na-listi\/#primaryimage"},"image":{"@id":"https:\/\/tuzlainfo.ba\/index.php\/novosti\/item\/294543-admir-hrustanovic-pritisci-traju-mjesecima-gusicu-i-vujovicu-obecene-pozicije-na-listi\/#primaryimage"},"thumbnailUrl":"https:\/\/tuzlainfo.ba\/wp-content\/uploads\/2023\/05\/1405_asmir_hrustanovic.jpg","datePublished":"2026-02-12T21:01:10+00:00","dateModified":"2026-02-12T21:11:33+00:00","breadcrumb":{"@id":"https:\/\/tuzlainfo.ba\/index.php\/novosti\/item\/294543-admir-hrustanovic-pritisci-traju-mjesecima-gusicu-i-vujovicu-obecene-pozicije-na-listi\/#breadcrumb"},"inLanguage":"bs-BA","potentialAction":[{"@type":"ReadAction","target":["https:\/\/tuzlainfo.ba\/index.php\/novosti\/item\/294543-admir-hrustanovic-pritisci-traju-mjesecima-gusicu-i-vujovicu-obecene-pozicije-na-listi\/"]}]},{"@type":"ImageObject","inLanguage":"bs-BA","@id":"https:\/\/tuzlainfo.ba\/index.php\/novosti\/item\/294543-admir-hrustanovic-pritisci-traju-mjesecima-gusicu-i-vujovicu-obecene-pozicije-na-listi\/#primaryimage","url":"https:\/\/tuzlainfo.ba\/wp-content\/uploads\/2023\/05\/1405_asmir_hrustanovic.jpg","contentUrl":"https:\/\/tuzlainfo.ba\/wp-content\/uploads\/2023\/05\/1405_asmir_hrustanovic.jpg","width":1200,"height":675},{"@type":"BreadcrumbList","@id":"https:\/\/tuzlainfo.ba\/index.php\/novosti\/item\/294543-admir-hrustanovic-pritisci-traju-mjesecima-gusicu-i-vujovicu-obecene-pozicije-na-listi\/#breadcrumb","itemListElement":[{"@type":"ListItem","position":1,"name":"Home","item":"https:\/\/tuzlainfo.ba\/"},{"@type":"ListItem","position":2,"name":"Admir Hrustanovi\u0107: &#8220;Pritisci traju mjesecima, Gu\u0161i\u0107u i Vujovi\u0107u obe\u0107ene pozicije na listi&#8221;"}]},{"@type":"WebSite","@id":"https:\/\/tuzlainfo.ba\/#website","url":"https:\/\/tuzlainfo.ba\/","name":"TuzlaInfo.ba","description":"Tuzla info, gradski informator - Tuzla na dlanu","publisher":{"@id":"https:\/\/tuzlainfo.ba\/#organization"},"potentialAction":[{"@type":"SearchAction","target":{"@type":"EntryPoint","urlTemplate":"https:\/\/tuzlainfo.ba\/?s={search_term_string}"},"query-input":{"@type":"PropertyValueSpecification","valueRequired":true,"valueName":"search_term_string"}}],"inLanguage":"bs-BA"},{"@type":"Organization","@id":"https:\/\/tuzlainfo.ba\/#organization","name":"TuzlaInfo.ba","url":"https:\/\/tuzlainfo.ba\/","logo":{"@type":"ImageObject","inLanguage":"bs-BA","@id":"https:\/\/tuzlainfo.ba\/#\/schema\/logo\/image\/","url":"https:\/\/tuzlainfo.ba\/wp-content\/uploads\/2021\/03\/logo-ver-3-1.png","contentUrl":"https:\/\/tuzlainfo.ba\/wp-content\/uploads\/2021\/03\/logo-ver-3-1.png","width":350,"height":95,"caption":"TuzlaInfo.ba"},"image":{"@id":"https:\/\/tuzlainfo.ba\/#\/schema\/logo\/image\/"},"sameAs":["https:\/\/www.facebook.com\/tuzlainfo.ba\/"]},{"@type":"Person","@id":"https:\/\/tuzlainfo.ba\/#\/schema\/person\/f434e20dc27ea133923aab08451b7f7f","name":"nedim","image":{"@type":"ImageObject","inLanguage":"bs-BA","@id":"https:\/\/secure.gravatar.com\/avatar\/5b928a2e7e70a54208d2eb6c1edcb75a5350d6ae97d5f0a701203d456823f6f3?s=96&d=mm&r=g","url":"https:\/\/secure.gravatar.com\/avatar\/5b928a2e7e70a54208d2eb6c1edcb75a5350d6ae97d5f0a701203d456823f6f3?s=96&d=mm&r=g","contentUrl":"https:\/\/secure.gravatar.com\/avatar\/5b928a2e7e70a54208d2eb6c1edcb75a5350d6ae97d5f0a701203d456823f6f3?s=96&d=mm&r=g","caption":"nedim"},"description":"Tuzlainfo.ba pratite na dru\u0161tvenim mre\u017eama: Facebook, Instagram i Youtube. Svoje pri\u010de, upite i fotografije \u0161aljite na na\u0161u e-mail adresu."}]}},"_links":{"self":[{"href":"https:\/\/tuzlainfo.ba\/index.php\/wp-json\/wp\/v2\/posts\/294543","targetHints":{"allow":["GET"]}}],"collection":[{"href":"https:\/\/tuzlainfo.ba\/index.php\/wp-json\/wp\/v2\/posts"}],"about":[{"href":"https:\/\/tuzlainfo.ba\/index.php\/wp-json\/wp\/v2\/types\/post"}],"author":[{"embeddable":true,"href":"https:\/\/tuzlainfo.ba\/index.php\/wp-json\/wp\/v2\/users\/2"}],"replies":[{"embeddable":true,"href":"https:\/\/tuzlainfo.ba\/index.php\/wp-json\/wp\/v2\/comments?post=294543"}],"version-history":[{"count":3,"href":"https:\/\/tuzlainfo.ba\/index.php\/wp-json\/wp\/v2\/posts\/294543\/revisions"}],"predecessor-version":[{"id":294547,"href":"https:\/\/tuzlainfo.ba\/index.php\/wp-json\/wp\/v2\/posts\/294543\/revisions\/294547"}],"wp:featuredmedia":[{"embeddable":true,"href":"https:\/\/tuzlainfo.ba\/index.php\/wp-json\/wp\/v2\/media\/204574"}],"wp:attachment":[{"href":"https:\/\/tuzlainfo.ba\/index.php\/wp-json\/wp\/v2\/media?parent=294543"}],"wp:term":[{"taxonomy":"category","embeddable":true,"href":"https:\/\/tuzlainfo.ba\/index.php\/wp-json\/wp\/v2\/categories?post=294543"},{"taxonomy":"post_tag","embeddable":true,"href":"https:\/\/tuzlainfo.ba\/index.php\/wp-json\/wp\/v2\/tags?post=294543"}],"curies":[{"name":"wp","href":"https:\/\/api.w.org\/{rel}","templated":true}]}}