{"id":294411,"date":"2026-02-12T09:48:39","date_gmt":"2026-02-12T08:48:39","guid":{"rendered":"https:\/\/tuzlainfo.ba\/?p=294411"},"modified":"2026-02-12T09:10:39","modified_gmt":"2026-02-12T08:10:39","slug":"tuzlanski-karate-sudija-mirza-becirbasic-dobio-wkf-licencu","status":"publish","type":"post","link":"https:\/\/tuzlainfo.ba\/index.php\/istaknuto\/item\/294411-tuzlanski-karate-sudija-mirza-becirbasic-dobio-wkf-licencu\/","title":{"rendered":"Tuzlanski karate sudija Mirza Be\u0107irba\u0161i\u0107 dobio WKF licencu"},"content":{"rendered":"<div class=\"flex flex-col text-sm pb-25\">\n<article class=\"text-token-text-primary w-full focus:outline-none [--shadow-height:45px] has-data-writing-block:pointer-events-none has-data-writing-block:-mt-(--shadow-height) has-data-writing-block:pt-(--shadow-height) [&amp;:has([data-writing-block])&gt;*]:pointer-events-auto [content-visibility:auto] supports-[content-visibility:auto]:[contain-intrinsic-size:auto_100lvh] scroll-mt-[calc(var(--header-height)+min(200px,max(70px,20svh)))]\" dir=\"auto\" tabindex=\"-1\" data-turn-id=\"8e8efa2f-3900-487d-ab49-8524ea5a1896\" data-testid=\"conversation-turn-2\" data-scroll-anchor=\"true\" data-turn=\"assistant\">\n<div class=\"text-base my-auto mx-auto pb-10 [--thread-content-margin:--spacing(4)] @w-sm\/main:[--thread-content-margin:--spacing(6)] @w-lg\/main:[--thread-content-margin:--spacing(16)] px-(--thread-content-margin)\">\n<div class=\"[--thread-content-max-width:40rem] @w-lg\/main:[--thread-content-max-width:48rem] mx-auto max-w-(--thread-content-max-width) flex-1 group\/turn-messages focus-visible:outline-hidden relative flex w-full min-w-0 flex-col agent-turn\" tabindex=\"-1\">\n<div class=\"flex max-w-full flex-col grow\">\n<div class=\"min-h-8 text-message relative flex w-full flex-col items-end gap-2 text-start break-words whitespace-normal [.text-message+&amp;]:mt-1\" dir=\"auto\" data-message-author-role=\"assistant\" data-message-id=\"8388b021-3508-4481-b622-3814f6eb7bba\" data-message-model-slug=\"gpt-5-2\">\n<div class=\"flex w-full flex-col gap-1 empty:hidden first:pt-[1px]\">\n<div class=\"markdown prose dark:prose-invert w-full wrap-break-word light markdown-new-styling\">\n<p data-start=\"0\" data-end=\"179\">Mirza Be\u0107irba\u0161i\u0107 stekao je zvanje karate sudije sa WKF svjetskom licencom tokom takmi\u010denja KARATE ONE \u2013 Youth League koje se odr\u017eava u Ujedinjenim Arapskim Emiratima, u Fujairahu.<\/p>\n<p data-start=\"181\" data-end=\"358\">Be\u0107irba\u0161i\u0107, dugogodi\u0161nji takmi\u010dar i trener Karate kluba \u201eSloboda\u201c Tuzla, a trenutno i \u010dlan Upravnog odbora kluba, uspje\u0161no je polo\u017eio za WKF svjetskog sudiju u katama i borbama.<\/p>\n<p data-start=\"360\" data-end=\"483\">Na ovaj na\u010din postao je tre\u0107i sudija iz kluba sa svjetskom karate licencom, nakon Muhameda Husanovi\u0107a i Eldina Red\u017eepagi\u0107a.<\/p>\n<p data-start=\"485\" data-end=\"703\" data-is-last-node=\"\" data-is-only-node=\"\">Iz Karate kluba \u201eSloboda\u201c Tuzla isti\u010du da je ovaj uspjeh potvrda kvaliteta i kontinuiteta rada, te da klub, pored sna\u017ene takmi\u010darske baze, raspola\u017ee i vrhunskom sudijskom ekipom koja doprinosi razvoju mladih karatista.<\/p>\n<\/div>\n<\/div>\n<\/div>\n<\/div>\n<div class=\"z-0 flex min-h-[46px] justify-start\"><\/div>\n<\/div>\n<\/div>\n<\/article>\n<\/div>\n<div class=\"pointer-events-none h-px w-px absolute bottom-0\" aria-hidden=\"true\" data-edge=\"true\"><\/div>\n","protected":false},"excerpt":{"rendered":"<p>Mirza Be\u0107irba\u0161i\u0107 stekao je zvanje karate sudije sa WKF svjetskom licencom tokom takmi\u010denja KARATE ONE&hellip;<\/p>\n","protected":false},"author":4,"featured_media":294412,"comment_status":"closed","ping_status":"closed","sticky":false,"template":"","format":"standard","meta":{"_acf_changed":false,"footnotes":""},"categories":[304,12],"tags":[2518,13450,448],"acf":[],"yoast_head":"<!-- This site is optimized with the Yoast SEO plugin v23.5 - https:\/\/yoast.com\/wordpress\/plugins\/seo\/ -->\n<title>Tuzlanski karate sudija Mirza Be\u0107irba\u0161i\u0107 dobio WKF licencu - TuzlaInfo.ba<\/title>\n<meta name=\"robots\" content=\"index, follow, max-snippet:-1, max-image-preview:large, max-video-preview:-1\" \/>\n<link rel=\"canonical\" href=\"https:\/\/tuzlainfo.ba\/index.php\/istaknuto\/item\/294411-tuzlanski-karate-sudija-mirza-becirbasic-dobio-wkf-licencu\/\" \/>\n<meta property=\"og:locale\" content=\"bs_BA\" \/>\n<meta property=\"og:type\" content=\"article\" \/>\n<meta property=\"og:title\" content=\"Tuzlanski karate sudija Mirza Be\u0107irba\u0161i\u0107 dobio WKF licencu - TuzlaInfo.ba\" \/>\n<meta property=\"og:description\" content=\"Mirza Be\u0107irba\u0161i\u0107 stekao je zvanje karate sudije sa WKF svjetskom licencom tokom takmi\u010denja KARATE ONE&hellip;\" \/>\n<meta property=\"og:url\" content=\"https:\/\/tuzlainfo.ba\/index.php\/istaknuto\/item\/294411-tuzlanski-karate-sudija-mirza-becirbasic-dobio-wkf-licencu\/\" \/>\n<meta property=\"og:site_name\" content=\"TuzlaInfo.ba\" \/>\n<meta property=\"article:publisher\" content=\"https:\/\/www.facebook.com\/tuzlainfo.ba\/\" \/>\n<meta property=\"article:published_time\" content=\"2026-02-12T08:48:39+00:00\" \/>\n<meta property=\"article:modified_time\" content=\"2026-02-12T08:10:39+00:00\" \/>\n<meta property=\"og:image\" content=\"https:\/\/tuzlainfo.ba\/wp-content\/uploads\/2026\/02\/mirza-becirbasic.jpg\" \/>\n\t<meta property=\"og:image:width\" content=\"1084\" \/>\n\t<meta property=\"og:image:height\" content=\"995\" \/>\n\t<meta property=\"og:image:type\" content=\"image\/jpeg\" \/>\n<meta name=\"author\" content=\"Tuzla Info\" \/>\n<meta name=\"twitter:card\" content=\"summary_large_image\" \/>\n<meta name=\"twitter:label1\" content=\"Written by\" \/>\n\t<meta name=\"twitter:data1\" content=\"Tuzla Info\" \/>\n\t<meta name=\"twitter:label2\" content=\"Est. reading time\" \/>\n\t<meta name=\"twitter:data2\" content=\"1 minuta\" \/>\n<script type=\"application\/ld+json\" class=\"yoast-schema-graph\">{\"@context\":\"https:\/\/schema.org\",\"@graph\":[{\"@type\":\"Article\",\"@id\":\"https:\/\/tuzlainfo.ba\/index.php\/istaknuto\/item\/294411-tuzlanski-karate-sudija-mirza-becirbasic-dobio-wkf-licencu\/#article\",\"isPartOf\":{\"@id\":\"https:\/\/tuzlainfo.ba\/index.php\/istaknuto\/item\/294411-tuzlanski-karate-sudija-mirza-becirbasic-dobio-wkf-licencu\/\"},\"author\":{\"name\":\"Tuzla Info\",\"@id\":\"https:\/\/tuzlainfo.ba\/#\/schema\/person\/46cad4c57790cbc50781edd14870825a\"},\"headline\":\"Tuzlanski karate sudija Mirza Be\u0107irba\u0161i\u0107 dobio WKF licencu\",\"datePublished\":\"2026-02-12T08:48:39+00:00\",\"dateModified\":\"2026-02-12T08:10:39+00:00\",\"mainEntityOfPage\":{\"@id\":\"https:\/\/tuzlainfo.ba\/index.php\/istaknuto\/item\/294411-tuzlanski-karate-sudija-mirza-becirbasic-dobio-wkf-licencu\/\"},\"wordCount\":133,\"publisher\":{\"@id\":\"https:\/\/tuzlainfo.ba\/#organization\"},\"image\":{\"@id\":\"https:\/\/tuzlainfo.ba\/index.php\/istaknuto\/item\/294411-tuzlanski-karate-sudija-mirza-becirbasic-dobio-wkf-licencu\/#primaryimage\"},\"thumbnailUrl\":\"https:\/\/tuzlainfo.ba\/wp-content\/uploads\/2026\/02\/mirza-becirbasic.jpg\",\"keywords\":[\"karate\",\"mirza becirbasic\",\"sloboda\"],\"articleSection\":[\"Istaknuto\",\"Novosti\"],\"inLanguage\":\"bs-BA\"},{\"@type\":\"WebPage\",\"@id\":\"https:\/\/tuzlainfo.ba\/index.php\/istaknuto\/item\/294411-tuzlanski-karate-sudija-mirza-becirbasic-dobio-wkf-licencu\/\",\"url\":\"https:\/\/tuzlainfo.ba\/index.php\/istaknuto\/item\/294411-tuzlanski-karate-sudija-mirza-becirbasic-dobio-wkf-licencu\/\",\"name\":\"Tuzlanski karate sudija Mirza Be\u0107irba\u0161i\u0107 dobio WKF licencu - TuzlaInfo.ba\",\"isPartOf\":{\"@id\":\"https:\/\/tuzlainfo.ba\/#website\"},\"primaryImageOfPage\":{\"@id\":\"https:\/\/tuzlainfo.ba\/index.php\/istaknuto\/item\/294411-tuzlanski-karate-sudija-mirza-becirbasic-dobio-wkf-licencu\/#primaryimage\"},\"image\":{\"@id\":\"https:\/\/tuzlainfo.ba\/index.php\/istaknuto\/item\/294411-tuzlanski-karate-sudija-mirza-becirbasic-dobio-wkf-licencu\/#primaryimage\"},\"thumbnailUrl\":\"https:\/\/tuzlainfo.ba\/wp-content\/uploads\/2026\/02\/mirza-becirbasic.jpg\",\"datePublished\":\"2026-02-12T08:48:39+00:00\",\"dateModified\":\"2026-02-12T08:10:39+00:00\",\"breadcrumb\":{\"@id\":\"https:\/\/tuzlainfo.ba\/index.php\/istaknuto\/item\/294411-tuzlanski-karate-sudija-mirza-becirbasic-dobio-wkf-licencu\/#breadcrumb\"},\"inLanguage\":\"bs-BA\",\"potentialAction\":[{\"@type\":\"ReadAction\",\"target\":[\"https:\/\/tuzlainfo.ba\/index.php\/istaknuto\/item\/294411-tuzlanski-karate-sudija-mirza-becirbasic-dobio-wkf-licencu\/\"]}]},{\"@type\":\"ImageObject\",\"inLanguage\":\"bs-BA\",\"@id\":\"https:\/\/tuzlainfo.ba\/index.php\/istaknuto\/item\/294411-tuzlanski-karate-sudija-mirza-becirbasic-dobio-wkf-licencu\/#primaryimage\",\"url\":\"https:\/\/tuzlainfo.ba\/wp-content\/uploads\/2026\/02\/mirza-becirbasic.jpg\",\"contentUrl\":\"https:\/\/tuzlainfo.ba\/wp-content\/uploads\/2026\/02\/mirza-becirbasic.jpg\",\"width\":1084,\"height\":995},{\"@type\":\"BreadcrumbList\",\"@id\":\"https:\/\/tuzlainfo.ba\/index.php\/istaknuto\/item\/294411-tuzlanski-karate-sudija-mirza-becirbasic-dobio-wkf-licencu\/#breadcrumb\",\"itemListElement\":[{\"@type\":\"ListItem\",\"position\":1,\"name\":\"Home\",\"item\":\"https:\/\/tuzlainfo.ba\/\"},{\"@type\":\"ListItem\",\"position\":2,\"name\":\"Tuzlanski karate sudija Mirza Be\u0107irba\u0161i\u0107 dobio WKF licencu\"}]},{\"@type\":\"WebSite\",\"@id\":\"https:\/\/tuzlainfo.ba\/#website\",\"url\":\"https:\/\/tuzlainfo.ba\/\",\"name\":\"TuzlaInfo.ba\",\"description\":\"Tuzla info, gradski informator - Tuzla na dlanu\",\"publisher\":{\"@id\":\"https:\/\/tuzlainfo.ba\/#organization\"},\"potentialAction\":[{\"@type\":\"SearchAction\",\"target\":{\"@type\":\"EntryPoint\",\"urlTemplate\":\"https:\/\/tuzlainfo.ba\/?s={search_term_string}\"},\"query-input\":{\"@type\":\"PropertyValueSpecification\",\"valueRequired\":true,\"valueName\":\"search_term_string\"}}],\"inLanguage\":\"bs-BA\"},{\"@type\":\"Organization\",\"@id\":\"https:\/\/tuzlainfo.ba\/#organization\",\"name\":\"TuzlaInfo.ba\",\"url\":\"https:\/\/tuzlainfo.ba\/\",\"logo\":{\"@type\":\"ImageObject\",\"inLanguage\":\"bs-BA\",\"@id\":\"https:\/\/tuzlainfo.ba\/#\/schema\/logo\/image\/\",\"url\":\"https:\/\/tuzlainfo.ba\/wp-content\/uploads\/2021\/03\/logo-ver-3-1.png\",\"contentUrl\":\"https:\/\/tuzlainfo.ba\/wp-content\/uploads\/2021\/03\/logo-ver-3-1.png\",\"width\":350,\"height\":95,\"caption\":\"TuzlaInfo.ba\"},\"image\":{\"@id\":\"https:\/\/tuzlainfo.ba\/#\/schema\/logo\/image\/\"},\"sameAs\":[\"https:\/\/www.facebook.com\/tuzlainfo.ba\/\"]},{\"@type\":\"Person\",\"@id\":\"https:\/\/tuzlainfo.ba\/#\/schema\/person\/46cad4c57790cbc50781edd14870825a\",\"name\":\"Tuzla Info\",\"image\":{\"@type\":\"ImageObject\",\"inLanguage\":\"bs-BA\",\"@id\":\"https:\/\/tuzlainfo.ba\/#\/schema\/person\/image\/\",\"url\":\"https:\/\/tuzlainfo.ba\/wp-content\/litespeed\/avatar\/b6c453a6c38e3654f2e4416c643fc25c.jpg?ver=1777051911\",\"contentUrl\":\"https:\/\/tuzlainfo.ba\/wp-content\/litespeed\/avatar\/b6c453a6c38e3654f2e4416c643fc25c.jpg?ver=1777051911\",\"caption\":\"Tuzla Info\"}}]}<\/script>\n<!-- \/ Yoast SEO plugin. -->","yoast_head_json":{"title":"Tuzlanski karate sudija Mirza Be\u0107irba\u0161i\u0107 dobio WKF licencu - TuzlaInfo.ba","robots":{"index":"index","follow":"follow","max-snippet":"max-snippet:-1","max-image-preview":"max-image-preview:large","max-video-preview":"max-video-preview:-1"},"canonical":"https:\/\/tuzlainfo.ba\/index.php\/istaknuto\/item\/294411-tuzlanski-karate-sudija-mirza-becirbasic-dobio-wkf-licencu\/","og_locale":"bs_BA","og_type":"article","og_title":"Tuzlanski karate sudija Mirza Be\u0107irba\u0161i\u0107 dobio WKF licencu - TuzlaInfo.ba","og_description":"Mirza Be\u0107irba\u0161i\u0107 stekao je zvanje karate sudije sa WKF svjetskom licencom tokom takmi\u010denja KARATE ONE&hellip;","og_url":"https:\/\/tuzlainfo.ba\/index.php\/istaknuto\/item\/294411-tuzlanski-karate-sudija-mirza-becirbasic-dobio-wkf-licencu\/","og_site_name":"TuzlaInfo.ba","article_publisher":"https:\/\/www.facebook.com\/tuzlainfo.ba\/","article_published_time":"2026-02-12T08:48:39+00:00","article_modified_time":"2026-02-12T08:10:39+00:00","og_image":[{"width":1084,"height":995,"url":"https:\/\/tuzlainfo.ba\/wp-content\/uploads\/2026\/02\/mirza-becirbasic.jpg","type":"image\/jpeg"}],"author":"Tuzla Info","twitter_card":"summary_large_image","twitter_misc":{"Written by":"Tuzla Info","Est. reading time":"1 minuta"},"schema":{"@context":"https:\/\/schema.org","@graph":[{"@type":"Article","@id":"https:\/\/tuzlainfo.ba\/index.php\/istaknuto\/item\/294411-tuzlanski-karate-sudija-mirza-becirbasic-dobio-wkf-licencu\/#article","isPartOf":{"@id":"https:\/\/tuzlainfo.ba\/index.php\/istaknuto\/item\/294411-tuzlanski-karate-sudija-mirza-becirbasic-dobio-wkf-licencu\/"},"author":{"name":"Tuzla Info","@id":"https:\/\/tuzlainfo.ba\/#\/schema\/person\/46cad4c57790cbc50781edd14870825a"},"headline":"Tuzlanski karate sudija Mirza Be\u0107irba\u0161i\u0107 dobio WKF licencu","datePublished":"2026-02-12T08:48:39+00:00","dateModified":"2026-02-12T08:10:39+00:00","mainEntityOfPage":{"@id":"https:\/\/tuzlainfo.ba\/index.php\/istaknuto\/item\/294411-tuzlanski-karate-sudija-mirza-becirbasic-dobio-wkf-licencu\/"},"wordCount":133,"publisher":{"@id":"https:\/\/tuzlainfo.ba\/#organization"},"image":{"@id":"https:\/\/tuzlainfo.ba\/index.php\/istaknuto\/item\/294411-tuzlanski-karate-sudija-mirza-becirbasic-dobio-wkf-licencu\/#primaryimage"},"thumbnailUrl":"https:\/\/tuzlainfo.ba\/wp-content\/uploads\/2026\/02\/mirza-becirbasic.jpg","keywords":["karate","mirza becirbasic","sloboda"],"articleSection":["Istaknuto","Novosti"],"inLanguage":"bs-BA"},{"@type":"WebPage","@id":"https:\/\/tuzlainfo.ba\/index.php\/istaknuto\/item\/294411-tuzlanski-karate-sudija-mirza-becirbasic-dobio-wkf-licencu\/","url":"https:\/\/tuzlainfo.ba\/index.php\/istaknuto\/item\/294411-tuzlanski-karate-sudija-mirza-becirbasic-dobio-wkf-licencu\/","name":"Tuzlanski karate sudija Mirza Be\u0107irba\u0161i\u0107 dobio WKF licencu - TuzlaInfo.ba","isPartOf":{"@id":"https:\/\/tuzlainfo.ba\/#website"},"primaryImageOfPage":{"@id":"https:\/\/tuzlainfo.ba\/index.php\/istaknuto\/item\/294411-tuzlanski-karate-sudija-mirza-becirbasic-dobio-wkf-licencu\/#primaryimage"},"image":{"@id":"https:\/\/tuzlainfo.ba\/index.php\/istaknuto\/item\/294411-tuzlanski-karate-sudija-mirza-becirbasic-dobio-wkf-licencu\/#primaryimage"},"thumbnailUrl":"https:\/\/tuzlainfo.ba\/wp-content\/uploads\/2026\/02\/mirza-becirbasic.jpg","datePublished":"2026-02-12T08:48:39+00:00","dateModified":"2026-02-12T08:10:39+00:00","breadcrumb":{"@id":"https:\/\/tuzlainfo.ba\/index.php\/istaknuto\/item\/294411-tuzlanski-karate-sudija-mirza-becirbasic-dobio-wkf-licencu\/#breadcrumb"},"inLanguage":"bs-BA","potentialAction":[{"@type":"ReadAction","target":["https:\/\/tuzlainfo.ba\/index.php\/istaknuto\/item\/294411-tuzlanski-karate-sudija-mirza-becirbasic-dobio-wkf-licencu\/"]}]},{"@type":"ImageObject","inLanguage":"bs-BA","@id":"https:\/\/tuzlainfo.ba\/index.php\/istaknuto\/item\/294411-tuzlanski-karate-sudija-mirza-becirbasic-dobio-wkf-licencu\/#primaryimage","url":"https:\/\/tuzlainfo.ba\/wp-content\/uploads\/2026\/02\/mirza-becirbasic.jpg","contentUrl":"https:\/\/tuzlainfo.ba\/wp-content\/uploads\/2026\/02\/mirza-becirbasic.jpg","width":1084,"height":995},{"@type":"BreadcrumbList","@id":"https:\/\/tuzlainfo.ba\/index.php\/istaknuto\/item\/294411-tuzlanski-karate-sudija-mirza-becirbasic-dobio-wkf-licencu\/#breadcrumb","itemListElement":[{"@type":"ListItem","position":1,"name":"Home","item":"https:\/\/tuzlainfo.ba\/"},{"@type":"ListItem","position":2,"name":"Tuzlanski karate sudija Mirza Be\u0107irba\u0161i\u0107 dobio WKF licencu"}]},{"@type":"WebSite","@id":"https:\/\/tuzlainfo.ba\/#website","url":"https:\/\/tuzlainfo.ba\/","name":"TuzlaInfo.ba","description":"Tuzla info, gradski informator - Tuzla na dlanu","publisher":{"@id":"https:\/\/tuzlainfo.ba\/#organization"},"potentialAction":[{"@type":"SearchAction","target":{"@type":"EntryPoint","urlTemplate":"https:\/\/tuzlainfo.ba\/?s={search_term_string}"},"query-input":{"@type":"PropertyValueSpecification","valueRequired":true,"valueName":"search_term_string"}}],"inLanguage":"bs-BA"},{"@type":"Organization","@id":"https:\/\/tuzlainfo.ba\/#organization","name":"TuzlaInfo.ba","url":"https:\/\/tuzlainfo.ba\/","logo":{"@type":"ImageObject","inLanguage":"bs-BA","@id":"https:\/\/tuzlainfo.ba\/#\/schema\/logo\/image\/","url":"https:\/\/tuzlainfo.ba\/wp-content\/uploads\/2021\/03\/logo-ver-3-1.png","contentUrl":"https:\/\/tuzlainfo.ba\/wp-content\/uploads\/2021\/03\/logo-ver-3-1.png","width":350,"height":95,"caption":"TuzlaInfo.ba"},"image":{"@id":"https:\/\/tuzlainfo.ba\/#\/schema\/logo\/image\/"},"sameAs":["https:\/\/www.facebook.com\/tuzlainfo.ba\/"]},{"@type":"Person","@id":"https:\/\/tuzlainfo.ba\/#\/schema\/person\/46cad4c57790cbc50781edd14870825a","name":"Tuzla Info","image":{"@type":"ImageObject","inLanguage":"bs-BA","@id":"https:\/\/tuzlainfo.ba\/#\/schema\/person\/image\/","url":"https:\/\/tuzlainfo.ba\/wp-content\/litespeed\/avatar\/b6c453a6c38e3654f2e4416c643fc25c.jpg?ver=1777051911","contentUrl":"https:\/\/tuzlainfo.ba\/wp-content\/litespeed\/avatar\/b6c453a6c38e3654f2e4416c643fc25c.jpg?ver=1777051911","caption":"Tuzla Info"}}]}},"_links":{"self":[{"href":"https:\/\/tuzlainfo.ba\/index.php\/wp-json\/wp\/v2\/posts\/294411"}],"collection":[{"href":"https:\/\/tuzlainfo.ba\/index.php\/wp-json\/wp\/v2\/posts"}],"about":[{"href":"https:\/\/tuzlainfo.ba\/index.php\/wp-json\/wp\/v2\/types\/post"}],"author":[{"embeddable":true,"href":"https:\/\/tuzlainfo.ba\/index.php\/wp-json\/wp\/v2\/users\/4"}],"replies":[{"embeddable":true,"href":"https:\/\/tuzlainfo.ba\/index.php\/wp-json\/wp\/v2\/comments?post=294411"}],"version-history":[{"count":1,"href":"https:\/\/tuzlainfo.ba\/index.php\/wp-json\/wp\/v2\/posts\/294411\/revisions"}],"predecessor-version":[{"id":294413,"href":"https:\/\/tuzlainfo.ba\/index.php\/wp-json\/wp\/v2\/posts\/294411\/revisions\/294413"}],"wp:featuredmedia":[{"embeddable":true,"href":"https:\/\/tuzlainfo.ba\/index.php\/wp-json\/wp\/v2\/media\/294412"}],"wp:attachment":[{"href":"https:\/\/tuzlainfo.ba\/index.php\/wp-json\/wp\/v2\/media?parent=294411"}],"wp:term":[{"taxonomy":"category","embeddable":true,"href":"https:\/\/tuzlainfo.ba\/index.php\/wp-json\/wp\/v2\/categories?post=294411"},{"taxonomy":"post_tag","embeddable":true,"href":"https:\/\/tuzlainfo.ba\/index.php\/wp-json\/wp\/v2\/tags?post=294411"}],"curies":[{"name":"wp","href":"https:\/\/api.w.org\/{rel}","templated":true}]}}