{"id":294264,"date":"2026-02-11T08:36:16","date_gmt":"2026-02-11T07:36:16","guid":{"rendered":"https:\/\/tuzlainfo.ba\/?p=294264"},"modified":"2026-02-11T08:36:16","modified_gmt":"2026-02-11T07:36:16","slug":"vijece-ministara-stopiralo-imenovanje-policijski-sluzbenici-bez-prava-na-zalbu","status":"publish","type":"post","link":"https:\/\/tuzlainfo.ba\/index.php\/bosna-i-hercegovina\/item\/294264-vijece-ministara-stopiralo-imenovanje-policijski-sluzbenici-bez-prava-na-zalbu\/","title":{"rendered":"Vije\u0107e ministara stopiralo imenovanje, policijski slu\u017ebenici bez prava na \u017ealbu"},"content":{"rendered":"<p>Odbor za \u017ealbe policijskih slu\u017ebenika nije imenovan na sjednici Vije\u0107a ministara BiH koja je odr\u017eana prije tri dana, iako se prijedlog odluke Ministarstva sigurnosti BiH na\u0161ao na dnevnom redu.<\/p>\n<p>Prema informacijama do kojih je do\u0161ao Raport, predlo\u017eeni sastav nije dobio potrebnu podr\u0161ku, a zatra\u017eeno je dodatno vrijeme za politi\u010dko i proceduralno usagla\u0161avanje. O\u010dekuje se da bi Odbor za \u017ealbe policijskih slu\u017ebenika mogao biti imenovan do kraja mjeseca, dok je dosada\u0161njem sazivu mandat istekao jo\u0161 u decembru pro\u0161le godine.<\/p>\n<p>Od isteka mandata ne postoji tijelo koje odlu\u010duje o \u017ealbama policijskih slu\u017ebenika na nivou Bosne i Hercegovine, \u0161to direktno uti\u010de na rje\u0161avanje postupaka koji su zakonom vremenski ograni\u010deni. Upravo Odbor za \u017ealbe policijskih slu\u017ebenika nadle\u017ean je da odlu\u010duje o \u017ealbama u roku od 30 dana od prijema, dok se o \u017ealbama na odluke o suspenziji mora izjasniti u roku od tri dana.<\/p>\n<p>Njegove odluke su kona\u010dne i obavezuju\u0107e za institucije, uz mogu\u0107nost sudskog preispitivanja, ali bez odlaganja izvr\u0161enja. Zbog trenutne situacije brojne procedure su blokirane, uklju\u010duju\u0107i predmete koji se odnose na penzionisanje i disciplinske mjere.<\/p>\n<p>Poseban problem nastao je u sigurnosnim agencijama na dr\u017eavnom nivou, jer policijski slu\u017ebenici SIPA-e, Grani\u010dne policije i Direkcije za koordinaciju policijskih tijela BiH koji su dobili rje\u0161enja o penzionisanju trenutno nemaju mogu\u0107nost ulaganja \u017ealbe. Time su postupci ostali nerije\u0161eni, a ista prepreka odnosi se i na predmete suspenzija i disciplinskih postupaka.<\/p>\n","protected":false},"excerpt":{"rendered":"<p>Odbor za \u017ealbe policijskih slu\u017ebenika nije imenovan na sjednici Vije\u0107a ministara BiH koja je odr\u017eana&hellip;<\/p>\n","protected":false},"author":8,"featured_media":262017,"comment_status":"closed","ping_status":"closed","sticky":false,"template":"","format":"standard","meta":{"_acf_changed":false,"footnotes":""},"categories":[291],"tags":[424,1357],"acf":[],"yoast_head":"<!-- This site is optimized with the Yoast SEO plugin v23.5 - https:\/\/yoast.com\/wordpress\/plugins\/seo\/ -->\n<title>Vije\u0107e ministara stopiralo imenovanje, policijski slu\u017ebenici bez prava na \u017ealbu - TuzlaInfo.ba<\/title>\n<meta name=\"robots\" content=\"index, follow, max-snippet:-1, max-image-preview:large, max-video-preview:-1\" \/>\n<link rel=\"canonical\" href=\"https:\/\/tuzlainfo.ba\/index.php\/bosna-i-hercegovina\/item\/294264-vijece-ministara-stopiralo-imenovanje-policijski-sluzbenici-bez-prava-na-zalbu\/\" \/>\n<meta property=\"og:locale\" content=\"bs_BA\" \/>\n<meta property=\"og:type\" content=\"article\" \/>\n<meta property=\"og:title\" content=\"Vije\u0107e ministara stopiralo imenovanje, policijski slu\u017ebenici bez prava na \u017ealbu - TuzlaInfo.ba\" \/>\n<meta property=\"og:description\" content=\"Odbor za \u017ealbe policijskih slu\u017ebenika nije imenovan na sjednici Vije\u0107a ministara BiH koja je odr\u017eana&hellip;\" \/>\n<meta property=\"og:url\" content=\"https:\/\/tuzlainfo.ba\/index.php\/bosna-i-hercegovina\/item\/294264-vijece-ministara-stopiralo-imenovanje-policijski-sluzbenici-bez-prava-na-zalbu\/\" \/>\n<meta property=\"og:site_name\" content=\"TuzlaInfo.ba\" \/>\n<meta property=\"article:publisher\" content=\"https:\/\/www.facebook.com\/tuzlainfo.ba\/\" \/>\n<meta property=\"article:published_time\" content=\"2026-02-11T07:36:16+00:00\" \/>\n<meta property=\"og:image\" content=\"https:\/\/tuzlainfo.ba\/wp-content\/uploads\/2025\/02\/policija-sud-bih-sudnjenje-milorad-dodik-5feb25-dzkrsa-6.webp\" \/>\n\t<meta property=\"og:image:width\" content=\"1098\" \/>\n\t<meta property=\"og:image:height\" content=\"732\" \/>\n\t<meta property=\"og:image:type\" content=\"image\/webp\" \/>\n<meta name=\"author\" content=\"Admin Tri\" \/>\n<meta name=\"twitter:card\" content=\"summary_large_image\" \/>\n<meta name=\"twitter:label1\" content=\"Written by\" \/>\n\t<meta name=\"twitter:data1\" content=\"Admin Tri\" \/>\n\t<meta name=\"twitter:label2\" content=\"Est. reading time\" \/>\n\t<meta name=\"twitter:data2\" content=\"2 minute\" \/>\n<script type=\"application\/ld+json\" class=\"yoast-schema-graph\">{\"@context\":\"https:\/\/schema.org\",\"@graph\":[{\"@type\":\"Article\",\"@id\":\"https:\/\/tuzlainfo.ba\/index.php\/bosna-i-hercegovina\/item\/294264-vijece-ministara-stopiralo-imenovanje-policijski-sluzbenici-bez-prava-na-zalbu\/#article\",\"isPartOf\":{\"@id\":\"https:\/\/tuzlainfo.ba\/index.php\/bosna-i-hercegovina\/item\/294264-vijece-ministara-stopiralo-imenovanje-policijski-sluzbenici-bez-prava-na-zalbu\/\"},\"author\":{\"name\":\"Admin Tri\",\"@id\":\"https:\/\/tuzlainfo.ba\/#\/schema\/person\/593e78a2f6378c5ba3e7600ecfa4e63a\"},\"headline\":\"Vije\u0107e ministara stopiralo imenovanje, policijski slu\u017ebenici bez prava na \u017ealbu\",\"datePublished\":\"2026-02-11T07:36:16+00:00\",\"dateModified\":\"2026-02-11T07:36:16+00:00\",\"mainEntityOfPage\":{\"@id\":\"https:\/\/tuzlainfo.ba\/index.php\/bosna-i-hercegovina\/item\/294264-vijece-ministara-stopiralo-imenovanje-policijski-sluzbenici-bez-prava-na-zalbu\/\"},\"wordCount\":269,\"publisher\":{\"@id\":\"https:\/\/tuzlainfo.ba\/#organization\"},\"image\":{\"@id\":\"https:\/\/tuzlainfo.ba\/index.php\/bosna-i-hercegovina\/item\/294264-vijece-ministara-stopiralo-imenovanje-policijski-sluzbenici-bez-prava-na-zalbu\/#primaryimage\"},\"thumbnailUrl\":\"https:\/\/tuzlainfo.ba\/wp-content\/uploads\/2025\/02\/policija-sud-bih-sudnjenje-milorad-dodik-5feb25-dzkrsa-6.webp\",\"keywords\":[\"policija\",\"vije\u0107e ministara\"],\"articleSection\":[\"Bosna i Hercegovina\"],\"inLanguage\":\"bs-BA\"},{\"@type\":\"WebPage\",\"@id\":\"https:\/\/tuzlainfo.ba\/index.php\/bosna-i-hercegovina\/item\/294264-vijece-ministara-stopiralo-imenovanje-policijski-sluzbenici-bez-prava-na-zalbu\/\",\"url\":\"https:\/\/tuzlainfo.ba\/index.php\/bosna-i-hercegovina\/item\/294264-vijece-ministara-stopiralo-imenovanje-policijski-sluzbenici-bez-prava-na-zalbu\/\",\"name\":\"Vije\u0107e ministara stopiralo imenovanje, policijski slu\u017ebenici bez prava na \u017ealbu - TuzlaInfo.ba\",\"isPartOf\":{\"@id\":\"https:\/\/tuzlainfo.ba\/#website\"},\"primaryImageOfPage\":{\"@id\":\"https:\/\/tuzlainfo.ba\/index.php\/bosna-i-hercegovina\/item\/294264-vijece-ministara-stopiralo-imenovanje-policijski-sluzbenici-bez-prava-na-zalbu\/#primaryimage\"},\"image\":{\"@id\":\"https:\/\/tuzlainfo.ba\/index.php\/bosna-i-hercegovina\/item\/294264-vijece-ministara-stopiralo-imenovanje-policijski-sluzbenici-bez-prava-na-zalbu\/#primaryimage\"},\"thumbnailUrl\":\"https:\/\/tuzlainfo.ba\/wp-content\/uploads\/2025\/02\/policija-sud-bih-sudnjenje-milorad-dodik-5feb25-dzkrsa-6.webp\",\"datePublished\":\"2026-02-11T07:36:16+00:00\",\"dateModified\":\"2026-02-11T07:36:16+00:00\",\"breadcrumb\":{\"@id\":\"https:\/\/tuzlainfo.ba\/index.php\/bosna-i-hercegovina\/item\/294264-vijece-ministara-stopiralo-imenovanje-policijski-sluzbenici-bez-prava-na-zalbu\/#breadcrumb\"},\"inLanguage\":\"bs-BA\",\"potentialAction\":[{\"@type\":\"ReadAction\",\"target\":[\"https:\/\/tuzlainfo.ba\/index.php\/bosna-i-hercegovina\/item\/294264-vijece-ministara-stopiralo-imenovanje-policijski-sluzbenici-bez-prava-na-zalbu\/\"]}]},{\"@type\":\"ImageObject\",\"inLanguage\":\"bs-BA\",\"@id\":\"https:\/\/tuzlainfo.ba\/index.php\/bosna-i-hercegovina\/item\/294264-vijece-ministara-stopiralo-imenovanje-policijski-sluzbenici-bez-prava-na-zalbu\/#primaryimage\",\"url\":\"https:\/\/tuzlainfo.ba\/wp-content\/uploads\/2025\/02\/policija-sud-bih-sudnjenje-milorad-dodik-5feb25-dzkrsa-6.webp\",\"contentUrl\":\"https:\/\/tuzlainfo.ba\/wp-content\/uploads\/2025\/02\/policija-sud-bih-sudnjenje-milorad-dodik-5feb25-dzkrsa-6.webp\",\"width\":1098,\"height\":732},{\"@type\":\"BreadcrumbList\",\"@id\":\"https:\/\/tuzlainfo.ba\/index.php\/bosna-i-hercegovina\/item\/294264-vijece-ministara-stopiralo-imenovanje-policijski-sluzbenici-bez-prava-na-zalbu\/#breadcrumb\",\"itemListElement\":[{\"@type\":\"ListItem\",\"position\":1,\"name\":\"Home\",\"item\":\"https:\/\/tuzlainfo.ba\/\"},{\"@type\":\"ListItem\",\"position\":2,\"name\":\"Vije\u0107e ministara stopiralo imenovanje, policijski slu\u017ebenici bez prava na \u017ealbu\"}]},{\"@type\":\"WebSite\",\"@id\":\"https:\/\/tuzlainfo.ba\/#website\",\"url\":\"https:\/\/tuzlainfo.ba\/\",\"name\":\"TuzlaInfo.ba\",\"description\":\"Tuzla info, gradski informator - Tuzla na dlanu\",\"publisher\":{\"@id\":\"https:\/\/tuzlainfo.ba\/#organization\"},\"potentialAction\":[{\"@type\":\"SearchAction\",\"target\":{\"@type\":\"EntryPoint\",\"urlTemplate\":\"https:\/\/tuzlainfo.ba\/?s={search_term_string}\"},\"query-input\":{\"@type\":\"PropertyValueSpecification\",\"valueRequired\":true,\"valueName\":\"search_term_string\"}}],\"inLanguage\":\"bs-BA\"},{\"@type\":\"Organization\",\"@id\":\"https:\/\/tuzlainfo.ba\/#organization\",\"name\":\"TuzlaInfo.ba\",\"url\":\"https:\/\/tuzlainfo.ba\/\",\"logo\":{\"@type\":\"ImageObject\",\"inLanguage\":\"bs-BA\",\"@id\":\"https:\/\/tuzlainfo.ba\/#\/schema\/logo\/image\/\",\"url\":\"https:\/\/tuzlainfo.ba\/wp-content\/uploads\/2021\/03\/logo-ver-3-1.png\",\"contentUrl\":\"https:\/\/tuzlainfo.ba\/wp-content\/uploads\/2021\/03\/logo-ver-3-1.png\",\"width\":350,\"height\":95,\"caption\":\"TuzlaInfo.ba\"},\"image\":{\"@id\":\"https:\/\/tuzlainfo.ba\/#\/schema\/logo\/image\/\"},\"sameAs\":[\"https:\/\/www.facebook.com\/tuzlainfo.ba\/\"]},{\"@type\":\"Person\",\"@id\":\"https:\/\/tuzlainfo.ba\/#\/schema\/person\/593e78a2f6378c5ba3e7600ecfa4e63a\",\"name\":\"Admin Tri\",\"image\":{\"@type\":\"ImageObject\",\"inLanguage\":\"bs-BA\",\"@id\":\"https:\/\/tuzlainfo.ba\/#\/schema\/person\/image\/\",\"url\":\"https:\/\/tuzlainfo.ba\/wp-content\/litespeed\/avatar\/b7920db4cc34a71ad12497283ad2fe3f.jpg?ver=1777100914\",\"contentUrl\":\"https:\/\/tuzlainfo.ba\/wp-content\/litespeed\/avatar\/b7920db4cc34a71ad12497283ad2fe3f.jpg?ver=1777100914\",\"caption\":\"Admin Tri\"},\"sameAs\":[\"https:\/\/tuzlainfo.ba\"]}]}<\/script>\n<!-- \/ Yoast SEO plugin. -->","yoast_head_json":{"title":"Vije\u0107e ministara stopiralo imenovanje, policijski slu\u017ebenici bez prava na \u017ealbu - TuzlaInfo.ba","robots":{"index":"index","follow":"follow","max-snippet":"max-snippet:-1","max-image-preview":"max-image-preview:large","max-video-preview":"max-video-preview:-1"},"canonical":"https:\/\/tuzlainfo.ba\/index.php\/bosna-i-hercegovina\/item\/294264-vijece-ministara-stopiralo-imenovanje-policijski-sluzbenici-bez-prava-na-zalbu\/","og_locale":"bs_BA","og_type":"article","og_title":"Vije\u0107e ministara stopiralo imenovanje, policijski slu\u017ebenici bez prava na \u017ealbu - TuzlaInfo.ba","og_description":"Odbor za \u017ealbe policijskih slu\u017ebenika nije imenovan na sjednici Vije\u0107a ministara BiH koja je odr\u017eana&hellip;","og_url":"https:\/\/tuzlainfo.ba\/index.php\/bosna-i-hercegovina\/item\/294264-vijece-ministara-stopiralo-imenovanje-policijski-sluzbenici-bez-prava-na-zalbu\/","og_site_name":"TuzlaInfo.ba","article_publisher":"https:\/\/www.facebook.com\/tuzlainfo.ba\/","article_published_time":"2026-02-11T07:36:16+00:00","og_image":[{"width":1098,"height":732,"url":"https:\/\/tuzlainfo.ba\/wp-content\/uploads\/2025\/02\/policija-sud-bih-sudnjenje-milorad-dodik-5feb25-dzkrsa-6.webp","type":"image\/webp"}],"author":"Admin Tri","twitter_card":"summary_large_image","twitter_misc":{"Written by":"Admin Tri","Est. reading time":"2 minute"},"schema":{"@context":"https:\/\/schema.org","@graph":[{"@type":"Article","@id":"https:\/\/tuzlainfo.ba\/index.php\/bosna-i-hercegovina\/item\/294264-vijece-ministara-stopiralo-imenovanje-policijski-sluzbenici-bez-prava-na-zalbu\/#article","isPartOf":{"@id":"https:\/\/tuzlainfo.ba\/index.php\/bosna-i-hercegovina\/item\/294264-vijece-ministara-stopiralo-imenovanje-policijski-sluzbenici-bez-prava-na-zalbu\/"},"author":{"name":"Admin Tri","@id":"https:\/\/tuzlainfo.ba\/#\/schema\/person\/593e78a2f6378c5ba3e7600ecfa4e63a"},"headline":"Vije\u0107e ministara stopiralo imenovanje, policijski slu\u017ebenici bez prava na \u017ealbu","datePublished":"2026-02-11T07:36:16+00:00","dateModified":"2026-02-11T07:36:16+00:00","mainEntityOfPage":{"@id":"https:\/\/tuzlainfo.ba\/index.php\/bosna-i-hercegovina\/item\/294264-vijece-ministara-stopiralo-imenovanje-policijski-sluzbenici-bez-prava-na-zalbu\/"},"wordCount":269,"publisher":{"@id":"https:\/\/tuzlainfo.ba\/#organization"},"image":{"@id":"https:\/\/tuzlainfo.ba\/index.php\/bosna-i-hercegovina\/item\/294264-vijece-ministara-stopiralo-imenovanje-policijski-sluzbenici-bez-prava-na-zalbu\/#primaryimage"},"thumbnailUrl":"https:\/\/tuzlainfo.ba\/wp-content\/uploads\/2025\/02\/policija-sud-bih-sudnjenje-milorad-dodik-5feb25-dzkrsa-6.webp","keywords":["policija","vije\u0107e ministara"],"articleSection":["Bosna i Hercegovina"],"inLanguage":"bs-BA"},{"@type":"WebPage","@id":"https:\/\/tuzlainfo.ba\/index.php\/bosna-i-hercegovina\/item\/294264-vijece-ministara-stopiralo-imenovanje-policijski-sluzbenici-bez-prava-na-zalbu\/","url":"https:\/\/tuzlainfo.ba\/index.php\/bosna-i-hercegovina\/item\/294264-vijece-ministara-stopiralo-imenovanje-policijski-sluzbenici-bez-prava-na-zalbu\/","name":"Vije\u0107e ministara stopiralo imenovanje, policijski slu\u017ebenici bez prava na \u017ealbu - TuzlaInfo.ba","isPartOf":{"@id":"https:\/\/tuzlainfo.ba\/#website"},"primaryImageOfPage":{"@id":"https:\/\/tuzlainfo.ba\/index.php\/bosna-i-hercegovina\/item\/294264-vijece-ministara-stopiralo-imenovanje-policijski-sluzbenici-bez-prava-na-zalbu\/#primaryimage"},"image":{"@id":"https:\/\/tuzlainfo.ba\/index.php\/bosna-i-hercegovina\/item\/294264-vijece-ministara-stopiralo-imenovanje-policijski-sluzbenici-bez-prava-na-zalbu\/#primaryimage"},"thumbnailUrl":"https:\/\/tuzlainfo.ba\/wp-content\/uploads\/2025\/02\/policija-sud-bih-sudnjenje-milorad-dodik-5feb25-dzkrsa-6.webp","datePublished":"2026-02-11T07:36:16+00:00","dateModified":"2026-02-11T07:36:16+00:00","breadcrumb":{"@id":"https:\/\/tuzlainfo.ba\/index.php\/bosna-i-hercegovina\/item\/294264-vijece-ministara-stopiralo-imenovanje-policijski-sluzbenici-bez-prava-na-zalbu\/#breadcrumb"},"inLanguage":"bs-BA","potentialAction":[{"@type":"ReadAction","target":["https:\/\/tuzlainfo.ba\/index.php\/bosna-i-hercegovina\/item\/294264-vijece-ministara-stopiralo-imenovanje-policijski-sluzbenici-bez-prava-na-zalbu\/"]}]},{"@type":"ImageObject","inLanguage":"bs-BA","@id":"https:\/\/tuzlainfo.ba\/index.php\/bosna-i-hercegovina\/item\/294264-vijece-ministara-stopiralo-imenovanje-policijski-sluzbenici-bez-prava-na-zalbu\/#primaryimage","url":"https:\/\/tuzlainfo.ba\/wp-content\/uploads\/2025\/02\/policija-sud-bih-sudnjenje-milorad-dodik-5feb25-dzkrsa-6.webp","contentUrl":"https:\/\/tuzlainfo.ba\/wp-content\/uploads\/2025\/02\/policija-sud-bih-sudnjenje-milorad-dodik-5feb25-dzkrsa-6.webp","width":1098,"height":732},{"@type":"BreadcrumbList","@id":"https:\/\/tuzlainfo.ba\/index.php\/bosna-i-hercegovina\/item\/294264-vijece-ministara-stopiralo-imenovanje-policijski-sluzbenici-bez-prava-na-zalbu\/#breadcrumb","itemListElement":[{"@type":"ListItem","position":1,"name":"Home","item":"https:\/\/tuzlainfo.ba\/"},{"@type":"ListItem","position":2,"name":"Vije\u0107e ministara stopiralo imenovanje, policijski slu\u017ebenici bez prava na \u017ealbu"}]},{"@type":"WebSite","@id":"https:\/\/tuzlainfo.ba\/#website","url":"https:\/\/tuzlainfo.ba\/","name":"TuzlaInfo.ba","description":"Tuzla info, gradski informator - Tuzla na dlanu","publisher":{"@id":"https:\/\/tuzlainfo.ba\/#organization"},"potentialAction":[{"@type":"SearchAction","target":{"@type":"EntryPoint","urlTemplate":"https:\/\/tuzlainfo.ba\/?s={search_term_string}"},"query-input":{"@type":"PropertyValueSpecification","valueRequired":true,"valueName":"search_term_string"}}],"inLanguage":"bs-BA"},{"@type":"Organization","@id":"https:\/\/tuzlainfo.ba\/#organization","name":"TuzlaInfo.ba","url":"https:\/\/tuzlainfo.ba\/","logo":{"@type":"ImageObject","inLanguage":"bs-BA","@id":"https:\/\/tuzlainfo.ba\/#\/schema\/logo\/image\/","url":"https:\/\/tuzlainfo.ba\/wp-content\/uploads\/2021\/03\/logo-ver-3-1.png","contentUrl":"https:\/\/tuzlainfo.ba\/wp-content\/uploads\/2021\/03\/logo-ver-3-1.png","width":350,"height":95,"caption":"TuzlaInfo.ba"},"image":{"@id":"https:\/\/tuzlainfo.ba\/#\/schema\/logo\/image\/"},"sameAs":["https:\/\/www.facebook.com\/tuzlainfo.ba\/"]},{"@type":"Person","@id":"https:\/\/tuzlainfo.ba\/#\/schema\/person\/593e78a2f6378c5ba3e7600ecfa4e63a","name":"Admin Tri","image":{"@type":"ImageObject","inLanguage":"bs-BA","@id":"https:\/\/tuzlainfo.ba\/#\/schema\/person\/image\/","url":"https:\/\/tuzlainfo.ba\/wp-content\/litespeed\/avatar\/b7920db4cc34a71ad12497283ad2fe3f.jpg?ver=1777100914","contentUrl":"https:\/\/tuzlainfo.ba\/wp-content\/litespeed\/avatar\/b7920db4cc34a71ad12497283ad2fe3f.jpg?ver=1777100914","caption":"Admin Tri"},"sameAs":["https:\/\/tuzlainfo.ba"]}]}},"_links":{"self":[{"href":"https:\/\/tuzlainfo.ba\/index.php\/wp-json\/wp\/v2\/posts\/294264"}],"collection":[{"href":"https:\/\/tuzlainfo.ba\/index.php\/wp-json\/wp\/v2\/posts"}],"about":[{"href":"https:\/\/tuzlainfo.ba\/index.php\/wp-json\/wp\/v2\/types\/post"}],"author":[{"embeddable":true,"href":"https:\/\/tuzlainfo.ba\/index.php\/wp-json\/wp\/v2\/users\/8"}],"replies":[{"embeddable":true,"href":"https:\/\/tuzlainfo.ba\/index.php\/wp-json\/wp\/v2\/comments?post=294264"}],"version-history":[{"count":1,"href":"https:\/\/tuzlainfo.ba\/index.php\/wp-json\/wp\/v2\/posts\/294264\/revisions"}],"predecessor-version":[{"id":294265,"href":"https:\/\/tuzlainfo.ba\/index.php\/wp-json\/wp\/v2\/posts\/294264\/revisions\/294265"}],"wp:featuredmedia":[{"embeddable":true,"href":"https:\/\/tuzlainfo.ba\/index.php\/wp-json\/wp\/v2\/media\/262017"}],"wp:attachment":[{"href":"https:\/\/tuzlainfo.ba\/index.php\/wp-json\/wp\/v2\/media?parent=294264"}],"wp:term":[{"taxonomy":"category","embeddable":true,"href":"https:\/\/tuzlainfo.ba\/index.php\/wp-json\/wp\/v2\/categories?post=294264"},{"taxonomy":"post_tag","embeddable":true,"href":"https:\/\/tuzlainfo.ba\/index.php\/wp-json\/wp\/v2\/tags?post=294264"}],"curies":[{"name":"wp","href":"https:\/\/api.w.org\/{rel}","templated":true}]}}