{"id":294243,"date":"2026-02-10T20:18:55","date_gmt":"2026-02-10T19:18:55","guid":{"rendered":"https:\/\/tuzlainfo.ba\/?p=294243"},"modified":"2026-02-10T20:18:55","modified_gmt":"2026-02-10T19:18:55","slug":"vlada-tk-ulozila-2-miliona-km-ministar-durakovic-obisao-infrastrukturne-projekte-u-celicu","status":"publish","type":"post","link":"https:\/\/tuzlainfo.ba\/index.php\/novosti\/item\/294243-vlada-tk-ulozila-2-miliona-km-ministar-durakovic-obisao-infrastrukturne-projekte-u-celicu\/","title":{"rendered":"Vlada TK ulo\u017eila 2 miliona KM: Ministar Durakovi\u0107 obi\u0161ao infrastrukturne projekte u \u010celi\u0107u"},"content":{"rendered":"<p data-start=\"210\" data-end=\"545\">Ministar privrede Tuzlanskog kantona Edin Durakovi\u0107 boravio je danas u Op\u0107ini \u010celi\u0107, gdje je obi\u0161ao infrastrukturne projekte realizovane uz podr\u0161ku Vlade Tuzlanskog kantona i resornog ministarstva. Tom prilikom poseban akcenat stavljen je na izgradnju vrti\u0107a i nove autobusne stanice, kao i na unapre\u0111enje lokalne putne infrastrukture.<\/p>\n<p data-start=\"547\" data-end=\"750\">Ministar Durakovi\u0107 istakao je da je Op\u0107ina \u010celi\u0107 jedna od pet lokalnih zajednica u koje Vlada Tuzlanskog kantona kontinuirano ula\u017ee s ciljem postizanja ravnomjernog razvoja na cijeloj teritoriji kantona.<\/p>\n<p data-start=\"752\" data-end=\"1023\">Kako je naveo, ulaganja se realizuju kroz Zakon o podr\u0161ci nedovoljno razvijenim, nerazvijenim i izrazito nerazvijenim jedinicama lokalne samouprave, \u010dime se ovim op\u0107inama omogu\u0107ava povoljniji i privilegovaniji pristup sredstvima u odnosu na razvijenije lokalne zajednice.<\/p>\n<p data-start=\"1025\" data-end=\"1343\">\u2013 Ovo je jedan od boljih primjera na podru\u010dju Tuzlanskog kantona kori\u0161tenja dodijeljenih sredstava i ulaganja u infrastrukturne projekte od kojih koristi ima kompletna zajednica \u2013 kazao je ministar Durakovi\u0107, podsjetiv\u0161i da su, osim vrti\u0107a i autobusne stanice, finansirani i brojni projekti iz oblasti lokalnih puteva.<\/p>\n<p data-start=\"1345\" data-end=\"1761\">U periodu od 2022. do 2025. godine Op\u0107ina \u010celi\u0107 bila je kontinuirani korisnik sredstava iz bud\u017eeta Tuzlanskog kantona, kako kroz Program finansiranja projekata nedovoljno razvijenih, nerazvijenih i izrazito nerazvijenih jedinica lokalne samouprave, tako i kroz Program \u201ePodr\u0161ka razvoju Kantona\u201c. U tom periodu Op\u0107ini \u010celi\u0107 odobrena su sredstva u ukupnom iznosu od 1.996.708,75 KM, kojima je podr\u017eano sedam projekata.<\/p>\n<p data-start=\"1763\" data-end=\"1914\">Me\u0111u zna\u010dajnijim ulaganjima izdvajaju se sredstva za izgradnju vrti\u0107a u iznosu od 100.000 KM, te izgradnja zelene pijace, finansirana sa 254.672,90 KM.<\/p>\n<p data-start=\"1916\" data-end=\"2089\">Na\u010delnik Op\u0107ine \u010celi\u0107 Admir Hrustanovi\u0107 izrazio je zahvalnost Vladi Tuzlanskog kantona i Ministarstvu privrede na, kako je naveo, kontinuiranoj podr\u0161ci razvojnim projektima.<\/p>\n<p data-start=\"2091\" data-end=\"2522\">\u2013 U protekloj godini od Ministarstva privrede dobili smo oko 560.000 KM, od \u010dega je oko 400.000 KM utro\u0161eno na asfaltiranje lokalnih putnih pravaca, a 145.000 KM na izgradnju autobusne stanice. U 2025. godini osigurano je dodatnih oko 570.000 KM, uklju\u010duju\u0107i 400.000 KM za nastavak asfaltiranja puteva i zavr\u0161etak autobusne stanice \u2013 rekao je Hrustanovi\u0107, naglasiv\u0161i da je rije\u010d o prvoj autobusnoj stanici na podru\u010dju op\u0107ine \u010celi\u0107.<\/p>\n<p data-start=\"2524\" data-end=\"2918\">Dodijeljena sredstva bila su usmjerena na projekte od strate\u0161kog zna\u010daja za lokalni razvoj, s dominantnim fokusom na unapre\u0111enje saobra\u0107ajne i komunalne infrastrukture, kao i na razvoj javnih i tr\u017ei\u0161nih sadr\u017eaja. Kako je istaknuto, kontinuitet podr\u0161ke tokom vi\u0161e bud\u017eetskih godina ukazuje na jasno definisane razvojne prioritete Op\u0107ine \u010celi\u0107, koji su prepoznati i podr\u017eani na kantonalnom nivou.<\/p>\n<p data-start=\"2920\" data-end=\"3124\">Dana\u0161nji sastanak poslu\u017eio je i kao prilika za prezentaciju novih planova i projekata koje \u0107e Op\u0107ina \u010celi\u0107, u saradnji s Ministarstvom privrede i Vladom Tuzlanskog kantona, realizovati u narednom periodu.<\/p>\n","protected":false},"excerpt":{"rendered":"<p>Ministar privrede Tuzlanskog kantona Edin Durakovi\u0107 boravio je danas u Op\u0107ini \u010celi\u0107, gdje je obi\u0161ao infrastrukturne projekte realizovane uz podr\u0161ku Vlade Tuzlanskog kantona i resornog ministarstva. Tom prilikom poseban akcenat stavljen je na izgradnju vrti\u0107a i nove autobusne stanice, kao i na unapre\u0111enje lokalne putne infrastrukture. Ministar Durakovi\u0107 istakao je da je Op\u0107ina \u010celi\u0107 jedna [&hellip;]<\/p>\n","protected":false},"author":2,"featured_media":294244,"comment_status":"closed","ping_status":"closed","sticky":false,"template":"","format":"standard","meta":{"footnotes":""},"categories":[12],"tags":[401,336],"class_list":["post-294243","post","type-post","status-publish","format-standard","has-post-thumbnail","hentry","category-novosti","tag-celic","tag-vlada-tk"],"yoast_head":"<!-- This site is optimized with the Yoast SEO plugin v28.3 - https:\/\/yoast.com\/product\/yoast-seo-wordpress\/ -->\n<title>Vlada TK ulo\u017eila 2 miliona KM: Ministar Durakovi\u0107 obi\u0161ao infrastrukturne projekte u \u010celi\u0107u<\/title>\n<meta name=\"robots\" content=\"index, follow, max-snippet:-1, max-image-preview:large, max-video-preview:-1\" \/>\n<link rel=\"canonical\" href=\"https:\/\/tuzlainfo.ba\/index.php\/novosti\/item\/294243-vlada-tk-ulozila-2-miliona-km-ministar-durakovic-obisao-infrastrukturne-projekte-u-celicu\/\" \/>\n<meta property=\"og:locale\" content=\"bs_BA\" \/>\n<meta property=\"og:type\" content=\"article\" \/>\n<meta property=\"og:title\" content=\"Vlada TK ulo\u017eila 2 miliona KM: Ministar Durakovi\u0107 obi\u0161ao infrastrukturne projekte u \u010celi\u0107u\" \/>\n<meta property=\"og:description\" content=\"Ministar privrede Tuzlanskog kantona Edin Durakovi\u0107 boravio je danas u Op\u0107ini \u010celi\u0107, gdje je obi\u0161ao infrastrukturne projekte realizovane uz podr\u0161ku Vlade Tuzlanskog kantona i resornog ministarstva. Tom prilikom poseban akcenat stavljen je na izgradnju vrti\u0107a i nove autobusne stanice, kao i na unapre\u0111enje lokalne putne infrastrukture. Ministar Durakovi\u0107 istakao je da je Op\u0107ina \u010celi\u0107 jedna [&hellip;]\" \/>\n<meta property=\"og:url\" content=\"https:\/\/tuzlainfo.ba\/index.php\/novosti\/item\/294243-vlada-tk-ulozila-2-miliona-km-ministar-durakovic-obisao-infrastrukturne-projekte-u-celicu\/\" \/>\n<meta property=\"og:site_name\" content=\"TuzlaInfo.ba\" \/>\n<meta property=\"article:publisher\" content=\"https:\/\/www.facebook.com\/tuzlainfo.ba\/\" \/>\n<meta property=\"article:published_time\" content=\"2026-02-10T19:18:55+00:00\" \/>\n<meta property=\"og:image\" content=\"https:\/\/tuzlainfo.ba\/wp-content\/uploads\/2026\/02\/1002_celic1.jpg\" \/>\n\t<meta property=\"og:image:width\" content=\"800\" \/>\n\t<meta property=\"og:image:height\" content=\"514\" \/>\n\t<meta property=\"og:image:type\" content=\"image\/jpeg\" \/>\n<meta name=\"author\" content=\"nedim\" \/>\n<meta name=\"twitter:card\" content=\"summary_large_image\" \/>\n<meta name=\"twitter:label1\" content=\"Written by\" \/>\n\t<meta name=\"twitter:data1\" content=\"nedim\" \/>\n\t<meta name=\"twitter:label2\" content=\"Est. reading time\" \/>\n\t<meta name=\"twitter:data2\" content=\"3 minute\" \/>\n<script type=\"application\/ld+json\" class=\"yoast-schema-graph\">{\"@context\":\"https:\\\/\\\/schema.org\",\"@graph\":[{\"@type\":\"Article\",\"@id\":\"https:\\\/\\\/tuzlainfo.ba\\\/index.php\\\/novosti\\\/item\\\/294243-vlada-tk-ulozila-2-miliona-km-ministar-durakovic-obisao-infrastrukturne-projekte-u-celicu\\\/#article\",\"isPartOf\":{\"@id\":\"https:\\\/\\\/tuzlainfo.ba\\\/index.php\\\/novosti\\\/item\\\/294243-vlada-tk-ulozila-2-miliona-km-ministar-durakovic-obisao-infrastrukturne-projekte-u-celicu\\\/\"},\"author\":{\"name\":\"nedim\",\"@id\":\"https:\\\/\\\/tuzlainfo.ba\\\/#\\\/schema\\\/person\\\/f434e20dc27ea133923aab08451b7f7f\"},\"headline\":\"Vlada TK ulo\u017eila 2 miliona KM: Ministar Durakovi\u0107 obi\u0161ao infrastrukturne projekte u \u010celi\u0107u\",\"datePublished\":\"2026-02-10T19:18:55+00:00\",\"mainEntityOfPage\":{\"@id\":\"https:\\\/\\\/tuzlainfo.ba\\\/index.php\\\/novosti\\\/item\\\/294243-vlada-tk-ulozila-2-miliona-km-ministar-durakovic-obisao-infrastrukturne-projekte-u-celicu\\\/\"},\"wordCount\":457,\"publisher\":{\"@id\":\"https:\\\/\\\/tuzlainfo.ba\\\/#organization\"},\"image\":{\"@id\":\"https:\\\/\\\/tuzlainfo.ba\\\/index.php\\\/novosti\\\/item\\\/294243-vlada-tk-ulozila-2-miliona-km-ministar-durakovic-obisao-infrastrukturne-projekte-u-celicu\\\/#primaryimage\"},\"thumbnailUrl\":\"https:\\\/\\\/tuzlainfo.ba\\\/wp-content\\\/uploads\\\/2026\\\/02\\\/1002_celic1.jpg\",\"keywords\":[\"\u010deli\u0107\",\"vlada tk\"],\"articleSection\":[\"Novosti\"],\"inLanguage\":\"bs-BA\",\"copyrightYear\":\"2026\",\"copyrightHolder\":{\"@id\":\"https:\\\/\\\/tuzlainfo.ba\\\/#organization\"}},{\"@type\":\"WebPage\",\"@id\":\"https:\\\/\\\/tuzlainfo.ba\\\/index.php\\\/novosti\\\/item\\\/294243-vlada-tk-ulozila-2-miliona-km-ministar-durakovic-obisao-infrastrukturne-projekte-u-celicu\\\/\",\"url\":\"https:\\\/\\\/tuzlainfo.ba\\\/index.php\\\/novosti\\\/item\\\/294243-vlada-tk-ulozila-2-miliona-km-ministar-durakovic-obisao-infrastrukturne-projekte-u-celicu\\\/\",\"name\":\"Vlada TK ulo\u017eila 2 miliona KM: Ministar Durakovi\u0107 obi\u0161ao infrastrukturne projekte u \u010celi\u0107u\",\"isPartOf\":{\"@id\":\"https:\\\/\\\/tuzlainfo.ba\\\/#website\"},\"primaryImageOfPage\":{\"@id\":\"https:\\\/\\\/tuzlainfo.ba\\\/index.php\\\/novosti\\\/item\\\/294243-vlada-tk-ulozila-2-miliona-km-ministar-durakovic-obisao-infrastrukturne-projekte-u-celicu\\\/#primaryimage\"},\"image\":{\"@id\":\"https:\\\/\\\/tuzlainfo.ba\\\/index.php\\\/novosti\\\/item\\\/294243-vlada-tk-ulozila-2-miliona-km-ministar-durakovic-obisao-infrastrukturne-projekte-u-celicu\\\/#primaryimage\"},\"thumbnailUrl\":\"https:\\\/\\\/tuzlainfo.ba\\\/wp-content\\\/uploads\\\/2026\\\/02\\\/1002_celic1.jpg\",\"datePublished\":\"2026-02-10T19:18:55+00:00\",\"breadcrumb\":{\"@id\":\"https:\\\/\\\/tuzlainfo.ba\\\/index.php\\\/novosti\\\/item\\\/294243-vlada-tk-ulozila-2-miliona-km-ministar-durakovic-obisao-infrastrukturne-projekte-u-celicu\\\/#breadcrumb\"},\"inLanguage\":\"bs-BA\",\"potentialAction\":[{\"@type\":\"ReadAction\",\"target\":[\"https:\\\/\\\/tuzlainfo.ba\\\/index.php\\\/novosti\\\/item\\\/294243-vlada-tk-ulozila-2-miliona-km-ministar-durakovic-obisao-infrastrukturne-projekte-u-celicu\\\/\"]}]},{\"@type\":\"ImageObject\",\"inLanguage\":\"bs-BA\",\"@id\":\"https:\\\/\\\/tuzlainfo.ba\\\/index.php\\\/novosti\\\/item\\\/294243-vlada-tk-ulozila-2-miliona-km-ministar-durakovic-obisao-infrastrukturne-projekte-u-celicu\\\/#primaryimage\",\"url\":\"https:\\\/\\\/tuzlainfo.ba\\\/wp-content\\\/uploads\\\/2026\\\/02\\\/1002_celic1.jpg\",\"contentUrl\":\"https:\\\/\\\/tuzlainfo.ba\\\/wp-content\\\/uploads\\\/2026\\\/02\\\/1002_celic1.jpg\",\"width\":800,\"height\":514},{\"@type\":\"BreadcrumbList\",\"@id\":\"https:\\\/\\\/tuzlainfo.ba\\\/index.php\\\/novosti\\\/item\\\/294243-vlada-tk-ulozila-2-miliona-km-ministar-durakovic-obisao-infrastrukturne-projekte-u-celicu\\\/#breadcrumb\",\"itemListElement\":[{\"@type\":\"ListItem\",\"position\":1,\"name\":\"Home\",\"item\":\"https:\\\/\\\/tuzlainfo.ba\\\/\"},{\"@type\":\"ListItem\",\"position\":2,\"name\":\"Vlada TK ulo\u017eila 2 miliona KM: Ministar Durakovi\u0107 obi\u0161ao infrastrukturne projekte u \u010celi\u0107u\"}]},{\"@type\":\"WebSite\",\"@id\":\"https:\\\/\\\/tuzlainfo.ba\\\/#website\",\"url\":\"https:\\\/\\\/tuzlainfo.ba\\\/\",\"name\":\"TuzlaInfo.ba\",\"description\":\"Tuzla info, gradski informator - Tuzla na dlanu\",\"publisher\":{\"@id\":\"https:\\\/\\\/tuzlainfo.ba\\\/#organization\"},\"potentialAction\":[{\"@type\":\"SearchAction\",\"target\":{\"@type\":\"EntryPoint\",\"urlTemplate\":\"https:\\\/\\\/tuzlainfo.ba\\\/?s={search_term_string}\"},\"query-input\":{\"@type\":\"PropertyValueSpecification\",\"valueRequired\":true,\"valueName\":\"search_term_string\"}}],\"inLanguage\":\"bs-BA\"},{\"@type\":\"Organization\",\"@id\":\"https:\\\/\\\/tuzlainfo.ba\\\/#organization\",\"name\":\"TuzlaInfo.ba\",\"url\":\"https:\\\/\\\/tuzlainfo.ba\\\/\",\"logo\":{\"@type\":\"ImageObject\",\"inLanguage\":\"bs-BA\",\"@id\":\"https:\\\/\\\/tuzlainfo.ba\\\/#\\\/schema\\\/logo\\\/image\\\/\",\"url\":\"https:\\\/\\\/tuzlainfo.ba\\\/wp-content\\\/uploads\\\/2021\\\/03\\\/logo-ver-3-1.png\",\"contentUrl\":\"https:\\\/\\\/tuzlainfo.ba\\\/wp-content\\\/uploads\\\/2021\\\/03\\\/logo-ver-3-1.png\",\"width\":350,\"height\":95,\"caption\":\"TuzlaInfo.ba\"},\"image\":{\"@id\":\"https:\\\/\\\/tuzlainfo.ba\\\/#\\\/schema\\\/logo\\\/image\\\/\"},\"sameAs\":[\"https:\\\/\\\/www.facebook.com\\\/tuzlainfo.ba\\\/\"]},{\"@type\":\"Person\",\"@id\":\"https:\\\/\\\/tuzlainfo.ba\\\/#\\\/schema\\\/person\\\/f434e20dc27ea133923aab08451b7f7f\",\"name\":\"nedim\",\"image\":{\"@type\":\"ImageObject\",\"inLanguage\":\"bs-BA\",\"@id\":\"https:\\\/\\\/secure.gravatar.com\\\/avatar\\\/5b928a2e7e70a54208d2eb6c1edcb75a5350d6ae97d5f0a701203d456823f6f3?s=96&d=mm&r=g\",\"url\":\"https:\\\/\\\/secure.gravatar.com\\\/avatar\\\/5b928a2e7e70a54208d2eb6c1edcb75a5350d6ae97d5f0a701203d456823f6f3?s=96&d=mm&r=g\",\"contentUrl\":\"https:\\\/\\\/secure.gravatar.com\\\/avatar\\\/5b928a2e7e70a54208d2eb6c1edcb75a5350d6ae97d5f0a701203d456823f6f3?s=96&d=mm&r=g\",\"caption\":\"nedim\"},\"description\":\"Tuzlainfo.ba pratite na dru\u0161tvenim mre\u017eama: Facebook, Instagram i Youtube. Svoje pri\u010de, upite i fotografije \u0161aljite na na\u0161u e-mail adresu.\"}]}<\/script>\n<!-- \/ Yoast SEO plugin. -->","yoast_head_json":{"title":"Vlada TK ulo\u017eila 2 miliona KM: Ministar Durakovi\u0107 obi\u0161ao infrastrukturne projekte u \u010celi\u0107u","robots":{"index":"index","follow":"follow","max-snippet":"max-snippet:-1","max-image-preview":"max-image-preview:large","max-video-preview":"max-video-preview:-1"},"canonical":"https:\/\/tuzlainfo.ba\/index.php\/novosti\/item\/294243-vlada-tk-ulozila-2-miliona-km-ministar-durakovic-obisao-infrastrukturne-projekte-u-celicu\/","og_locale":"bs_BA","og_type":"article","og_title":"Vlada TK ulo\u017eila 2 miliona KM: Ministar Durakovi\u0107 obi\u0161ao infrastrukturne projekte u \u010celi\u0107u","og_description":"Ministar privrede Tuzlanskog kantona Edin Durakovi\u0107 boravio je danas u Op\u0107ini \u010celi\u0107, gdje je obi\u0161ao infrastrukturne projekte realizovane uz podr\u0161ku Vlade Tuzlanskog kantona i resornog ministarstva. Tom prilikom poseban akcenat stavljen je na izgradnju vrti\u0107a i nove autobusne stanice, kao i na unapre\u0111enje lokalne putne infrastrukture. Ministar Durakovi\u0107 istakao je da je Op\u0107ina \u010celi\u0107 jedna [&hellip;]","og_url":"https:\/\/tuzlainfo.ba\/index.php\/novosti\/item\/294243-vlada-tk-ulozila-2-miliona-km-ministar-durakovic-obisao-infrastrukturne-projekte-u-celicu\/","og_site_name":"TuzlaInfo.ba","article_publisher":"https:\/\/www.facebook.com\/tuzlainfo.ba\/","article_published_time":"2026-02-10T19:18:55+00:00","og_image":[{"width":800,"height":514,"url":"https:\/\/tuzlainfo.ba\/wp-content\/uploads\/2026\/02\/1002_celic1.jpg","type":"image\/jpeg"}],"author":"nedim","twitter_card":"summary_large_image","twitter_misc":{"Written by":"nedim","Est. reading time":"3 minute"},"schema":{"@context":"https:\/\/schema.org","@graph":[{"@type":"Article","@id":"https:\/\/tuzlainfo.ba\/index.php\/novosti\/item\/294243-vlada-tk-ulozila-2-miliona-km-ministar-durakovic-obisao-infrastrukturne-projekte-u-celicu\/#article","isPartOf":{"@id":"https:\/\/tuzlainfo.ba\/index.php\/novosti\/item\/294243-vlada-tk-ulozila-2-miliona-km-ministar-durakovic-obisao-infrastrukturne-projekte-u-celicu\/"},"author":{"name":"nedim","@id":"https:\/\/tuzlainfo.ba\/#\/schema\/person\/f434e20dc27ea133923aab08451b7f7f"},"headline":"Vlada TK ulo\u017eila 2 miliona KM: Ministar Durakovi\u0107 obi\u0161ao infrastrukturne projekte u \u010celi\u0107u","datePublished":"2026-02-10T19:18:55+00:00","mainEntityOfPage":{"@id":"https:\/\/tuzlainfo.ba\/index.php\/novosti\/item\/294243-vlada-tk-ulozila-2-miliona-km-ministar-durakovic-obisao-infrastrukturne-projekte-u-celicu\/"},"wordCount":457,"publisher":{"@id":"https:\/\/tuzlainfo.ba\/#organization"},"image":{"@id":"https:\/\/tuzlainfo.ba\/index.php\/novosti\/item\/294243-vlada-tk-ulozila-2-miliona-km-ministar-durakovic-obisao-infrastrukturne-projekte-u-celicu\/#primaryimage"},"thumbnailUrl":"https:\/\/tuzlainfo.ba\/wp-content\/uploads\/2026\/02\/1002_celic1.jpg","keywords":["\u010deli\u0107","vlada tk"],"articleSection":["Novosti"],"inLanguage":"bs-BA","copyrightYear":"2026","copyrightHolder":{"@id":"https:\/\/tuzlainfo.ba\/#organization"}},{"@type":"WebPage","@id":"https:\/\/tuzlainfo.ba\/index.php\/novosti\/item\/294243-vlada-tk-ulozila-2-miliona-km-ministar-durakovic-obisao-infrastrukturne-projekte-u-celicu\/","url":"https:\/\/tuzlainfo.ba\/index.php\/novosti\/item\/294243-vlada-tk-ulozila-2-miliona-km-ministar-durakovic-obisao-infrastrukturne-projekte-u-celicu\/","name":"Vlada TK ulo\u017eila 2 miliona KM: Ministar Durakovi\u0107 obi\u0161ao infrastrukturne projekte u \u010celi\u0107u","isPartOf":{"@id":"https:\/\/tuzlainfo.ba\/#website"},"primaryImageOfPage":{"@id":"https:\/\/tuzlainfo.ba\/index.php\/novosti\/item\/294243-vlada-tk-ulozila-2-miliona-km-ministar-durakovic-obisao-infrastrukturne-projekte-u-celicu\/#primaryimage"},"image":{"@id":"https:\/\/tuzlainfo.ba\/index.php\/novosti\/item\/294243-vlada-tk-ulozila-2-miliona-km-ministar-durakovic-obisao-infrastrukturne-projekte-u-celicu\/#primaryimage"},"thumbnailUrl":"https:\/\/tuzlainfo.ba\/wp-content\/uploads\/2026\/02\/1002_celic1.jpg","datePublished":"2026-02-10T19:18:55+00:00","breadcrumb":{"@id":"https:\/\/tuzlainfo.ba\/index.php\/novosti\/item\/294243-vlada-tk-ulozila-2-miliona-km-ministar-durakovic-obisao-infrastrukturne-projekte-u-celicu\/#breadcrumb"},"inLanguage":"bs-BA","potentialAction":[{"@type":"ReadAction","target":["https:\/\/tuzlainfo.ba\/index.php\/novosti\/item\/294243-vlada-tk-ulozila-2-miliona-km-ministar-durakovic-obisao-infrastrukturne-projekte-u-celicu\/"]}]},{"@type":"ImageObject","inLanguage":"bs-BA","@id":"https:\/\/tuzlainfo.ba\/index.php\/novosti\/item\/294243-vlada-tk-ulozila-2-miliona-km-ministar-durakovic-obisao-infrastrukturne-projekte-u-celicu\/#primaryimage","url":"https:\/\/tuzlainfo.ba\/wp-content\/uploads\/2026\/02\/1002_celic1.jpg","contentUrl":"https:\/\/tuzlainfo.ba\/wp-content\/uploads\/2026\/02\/1002_celic1.jpg","width":800,"height":514},{"@type":"BreadcrumbList","@id":"https:\/\/tuzlainfo.ba\/index.php\/novosti\/item\/294243-vlada-tk-ulozila-2-miliona-km-ministar-durakovic-obisao-infrastrukturne-projekte-u-celicu\/#breadcrumb","itemListElement":[{"@type":"ListItem","position":1,"name":"Home","item":"https:\/\/tuzlainfo.ba\/"},{"@type":"ListItem","position":2,"name":"Vlada TK ulo\u017eila 2 miliona KM: Ministar Durakovi\u0107 obi\u0161ao infrastrukturne projekte u \u010celi\u0107u"}]},{"@type":"WebSite","@id":"https:\/\/tuzlainfo.ba\/#website","url":"https:\/\/tuzlainfo.ba\/","name":"TuzlaInfo.ba","description":"Tuzla info, gradski informator - Tuzla na dlanu","publisher":{"@id":"https:\/\/tuzlainfo.ba\/#organization"},"potentialAction":[{"@type":"SearchAction","target":{"@type":"EntryPoint","urlTemplate":"https:\/\/tuzlainfo.ba\/?s={search_term_string}"},"query-input":{"@type":"PropertyValueSpecification","valueRequired":true,"valueName":"search_term_string"}}],"inLanguage":"bs-BA"},{"@type":"Organization","@id":"https:\/\/tuzlainfo.ba\/#organization","name":"TuzlaInfo.ba","url":"https:\/\/tuzlainfo.ba\/","logo":{"@type":"ImageObject","inLanguage":"bs-BA","@id":"https:\/\/tuzlainfo.ba\/#\/schema\/logo\/image\/","url":"https:\/\/tuzlainfo.ba\/wp-content\/uploads\/2021\/03\/logo-ver-3-1.png","contentUrl":"https:\/\/tuzlainfo.ba\/wp-content\/uploads\/2021\/03\/logo-ver-3-1.png","width":350,"height":95,"caption":"TuzlaInfo.ba"},"image":{"@id":"https:\/\/tuzlainfo.ba\/#\/schema\/logo\/image\/"},"sameAs":["https:\/\/www.facebook.com\/tuzlainfo.ba\/"]},{"@type":"Person","@id":"https:\/\/tuzlainfo.ba\/#\/schema\/person\/f434e20dc27ea133923aab08451b7f7f","name":"nedim","image":{"@type":"ImageObject","inLanguage":"bs-BA","@id":"https:\/\/secure.gravatar.com\/avatar\/5b928a2e7e70a54208d2eb6c1edcb75a5350d6ae97d5f0a701203d456823f6f3?s=96&d=mm&r=g","url":"https:\/\/secure.gravatar.com\/avatar\/5b928a2e7e70a54208d2eb6c1edcb75a5350d6ae97d5f0a701203d456823f6f3?s=96&d=mm&r=g","contentUrl":"https:\/\/secure.gravatar.com\/avatar\/5b928a2e7e70a54208d2eb6c1edcb75a5350d6ae97d5f0a701203d456823f6f3?s=96&d=mm&r=g","caption":"nedim"},"description":"Tuzlainfo.ba pratite na dru\u0161tvenim mre\u017eama: Facebook, Instagram i Youtube. Svoje pri\u010de, upite i fotografije \u0161aljite na na\u0161u e-mail adresu."}]}},"_links":{"self":[{"href":"https:\/\/tuzlainfo.ba\/index.php\/wp-json\/wp\/v2\/posts\/294243","targetHints":{"allow":["GET"]}}],"collection":[{"href":"https:\/\/tuzlainfo.ba\/index.php\/wp-json\/wp\/v2\/posts"}],"about":[{"href":"https:\/\/tuzlainfo.ba\/index.php\/wp-json\/wp\/v2\/types\/post"}],"author":[{"embeddable":true,"href":"https:\/\/tuzlainfo.ba\/index.php\/wp-json\/wp\/v2\/users\/2"}],"replies":[{"embeddable":true,"href":"https:\/\/tuzlainfo.ba\/index.php\/wp-json\/wp\/v2\/comments?post=294243"}],"version-history":[{"count":1,"href":"https:\/\/tuzlainfo.ba\/index.php\/wp-json\/wp\/v2\/posts\/294243\/revisions"}],"predecessor-version":[{"id":294245,"href":"https:\/\/tuzlainfo.ba\/index.php\/wp-json\/wp\/v2\/posts\/294243\/revisions\/294245"}],"wp:featuredmedia":[{"embeddable":true,"href":"https:\/\/tuzlainfo.ba\/index.php\/wp-json\/wp\/v2\/media\/294244"}],"wp:attachment":[{"href":"https:\/\/tuzlainfo.ba\/index.php\/wp-json\/wp\/v2\/media?parent=294243"}],"wp:term":[{"taxonomy":"category","embeddable":true,"href":"https:\/\/tuzlainfo.ba\/index.php\/wp-json\/wp\/v2\/categories?post=294243"},{"taxonomy":"post_tag","embeddable":true,"href":"https:\/\/tuzlainfo.ba\/index.php\/wp-json\/wp\/v2\/tags?post=294243"}],"curies":[{"name":"wp","href":"https:\/\/api.w.org\/{rel}","templated":true}]}}