{"id":294167,"date":"2026-02-10T10:22:37","date_gmt":"2026-02-10T09:22:37","guid":{"rendered":"https:\/\/tuzlainfo.ba\/?p=294167"},"modified":"2026-02-10T10:02:10","modified_gmt":"2026-02-10T09:02:10","slug":"isak-o-rezultatu-fup-a-u-dubaiju-nismo-smjeli-poslati-najbolje","status":"publish","type":"post","link":"https:\/\/tuzlainfo.ba\/index.php\/bosna-i-hercegovina\/item\/294167-isak-o-rezultatu-fup-a-u-dubaiju-nismo-smjeli-poslati-najbolje\/","title":{"rendered":"Isak o rezultatu FUP-a u Dubaiju: Nismo smjeli poslati najbolje"},"content":{"rendered":"<p>Federalni ministar unutra\u0161njih poslova Ramo Isak poku\u0161ao je objasniti slab plasman Specijalne jedinice Federalne uprave policije na me\u0111unarodnom takmi\u010denju specijalnih policijskih timova u Dubaiju, gdje je FUP zauzeo mjesto pri dnu tabele, dok je tim MUP-a Republike Srpske bio znatno bolje rangiran.<\/p>\n<p>Nastup FUP-a u javnosti je ocijenjen kao razo\u010daravaju\u0107i, posebno jer je rije\u010d o jedinici koja je ranijih godina ostvarivala zapa\u017eene rezultate na sli\u010dnim takmi\u010denjima. Govore\u0107i za N1, Isak je naveo da u Dubai nije upu\u0107en najja\u010di sastav.<\/p>\n<p>\u201eTa\u010dno je to. Ljudi su dobili poziv zadnji dan, spisak je pravljen u zadnji \u010das. Da sam ja sastavljao tim, to bi se radilo pet mjeseci ranije, trenirali bi zajedno. Ovako, sastavljen je tim samo da se ode i prezentira, jer nam generalno nedostaje policijskih slu\u017ebenika\u201c, rekao je Isak.<\/p>\n<p>Na pitanje kako komentari\u0161e to \u0161to su specijalci iz Republike Srpske bili daleko ispred i djelovali spremnije, ministar je ustvrdio da najbolji pripadnici FUP-a nisu ni poslani na takmi\u010denje.<\/p>\n<p>\u201eNisu nam najbolji oti\u0161li iz Sarajeva zbog Milorada Dodika i takvih kao \u0161to je on. Nismo ih smjeli poslati. Jer, ako te ljude po\u0161aljemo, ko \u0107e sutra odgovoriti u momentu da bude potrebno. Oni su tu da brane dr\u017eavu\u201c, kazao je Isak, dodaju\u0107i da su FUP-ovi timovi ranije na takmi\u010denjima u Americi i Turskoj bili me\u0111u prva tri.<\/p>\n<p>Ministar je iznio i tvrdnje o djelovanju stranih obavje\u0161tajnih struktura, govore\u0107i o, kako je naveo, procjenama srbijanske obavje\u0161tajne agencije.<\/p>\n<p>\u201eBIA je nedavno radila procjenu kada su trebali proteste iz Beograda prenijeti na prostore Federacije BiH. Tada su zaklju\u010dili da moraju oslabiti Federalnu upravu policije jer ima jak utjecaj na kantonalne MUP-ove, dobru koordinaciju i jak tim\u201c, tvrdi Isak.<\/p>\n<p>Oti\u0161ao je i korak dalje, dovode\u0107i kritike na ra\u010dun FUP-a u vezu sa stranim slu\u017ebama.<\/p>\n<p>\u201eMorali su ne\u0161to uraditi da nas oslabe. Sad pogledajte sve zastupnike, medije i novinare koji rade protiv Uprave policije, ne treba vam mnogo da saznate ko je saradnik ove agencije koja se nalazi u susjednoj dr\u017eavi. To vam je odgovor na sve udare koje trpimo\u201c, rekao je Isak.<\/p>\n<p>Na takmi\u010denju u Dubaiju u\u010destvovalo je 109 timova iz 48 zemalja, a ukupni nagradni fond iznosio je 260.000 dolara. Tokom vi\u0161ednevnog nadmetanja, tim FUP-a je bilje\u017eio pad plasmana, dok je Specijalna antiteroristi\u010dka jedinica MUP-a RS ostvarila znatno bolji rezultat.<\/p>\n","protected":false},"excerpt":{"rendered":"<p>Federalni ministar unutra\u0161njih poslova Ramo Isak poku\u0161ao je objasniti slab plasman Specijalne jedinice Federalne uprave&hellip;<\/p>\n","protected":false},"author":8,"featured_media":270062,"comment_status":"closed","ping_status":"closed","sticky":false,"template":"","format":"standard","meta":{"_acf_changed":false,"footnotes":""},"categories":[291],"tags":[5070,6796],"acf":[],"yoast_head":"<!-- This site is optimized with the Yoast SEO plugin v23.5 - https:\/\/yoast.com\/wordpress\/plugins\/seo\/ -->\n<title>Isak o rezultatu FUP-a u Dubaiju: Nismo smjeli poslati najbolje - TuzlaInfo.ba<\/title>\n<meta name=\"robots\" content=\"index, follow, max-snippet:-1, max-image-preview:large, max-video-preview:-1\" \/>\n<link rel=\"canonical\" href=\"https:\/\/tuzlainfo.ba\/index.php\/bosna-i-hercegovina\/item\/294167-isak-o-rezultatu-fup-a-u-dubaiju-nismo-smjeli-poslati-najbolje\/\" \/>\n<meta property=\"og:locale\" content=\"bs_BA\" \/>\n<meta property=\"og:type\" content=\"article\" \/>\n<meta property=\"og:title\" content=\"Isak o rezultatu FUP-a u Dubaiju: Nismo smjeli poslati najbolje - TuzlaInfo.ba\" \/>\n<meta property=\"og:description\" content=\"Federalni ministar unutra\u0161njih poslova Ramo Isak poku\u0161ao je objasniti slab plasman Specijalne jedinice Federalne uprave&hellip;\" \/>\n<meta property=\"og:url\" content=\"https:\/\/tuzlainfo.ba\/index.php\/bosna-i-hercegovina\/item\/294167-isak-o-rezultatu-fup-a-u-dubaiju-nismo-smjeli-poslati-najbolje\/\" \/>\n<meta property=\"og:site_name\" content=\"TuzlaInfo.ba\" \/>\n<meta property=\"article:publisher\" content=\"https:\/\/www.facebook.com\/tuzlainfo.ba\/\" \/>\n<meta property=\"article:published_time\" content=\"2026-02-10T09:22:37+00:00\" \/>\n<meta property=\"article:modified_time\" content=\"2026-02-10T09:02:10+00:00\" \/>\n<meta property=\"og:image\" content=\"https:\/\/tuzlainfo.ba\/wp-content\/uploads\/2025\/05\/2205_ramo_isak.jpg\" \/>\n\t<meta property=\"og:image:width\" content=\"1000\" \/>\n\t<meta property=\"og:image:height\" content=\"590\" \/>\n\t<meta property=\"og:image:type\" content=\"image\/jpeg\" \/>\n<meta name=\"author\" content=\"Admin Tri\" \/>\n<meta name=\"twitter:card\" content=\"summary_large_image\" \/>\n<meta name=\"twitter:label1\" content=\"Written by\" \/>\n\t<meta name=\"twitter:data1\" content=\"Admin Tri\" \/>\n\t<meta name=\"twitter:label2\" content=\"Est. reading time\" \/>\n\t<meta name=\"twitter:data2\" content=\"3 minute\" \/>\n<script type=\"application\/ld+json\" class=\"yoast-schema-graph\">{\"@context\":\"https:\/\/schema.org\",\"@graph\":[{\"@type\":\"Article\",\"@id\":\"https:\/\/tuzlainfo.ba\/index.php\/bosna-i-hercegovina\/item\/294167-isak-o-rezultatu-fup-a-u-dubaiju-nismo-smjeli-poslati-najbolje\/#article\",\"isPartOf\":{\"@id\":\"https:\/\/tuzlainfo.ba\/index.php\/bosna-i-hercegovina\/item\/294167-isak-o-rezultatu-fup-a-u-dubaiju-nismo-smjeli-poslati-najbolje\/\"},\"author\":{\"name\":\"Admin Tri\",\"@id\":\"https:\/\/tuzlainfo.ba\/#\/schema\/person\/593e78a2f6378c5ba3e7600ecfa4e63a\"},\"headline\":\"Isak o rezultatu FUP-a u Dubaiju: Nismo smjeli poslati najbolje\",\"datePublished\":\"2026-02-10T09:22:37+00:00\",\"dateModified\":\"2026-02-10T09:02:10+00:00\",\"mainEntityOfPage\":{\"@id\":\"https:\/\/tuzlainfo.ba\/index.php\/bosna-i-hercegovina\/item\/294167-isak-o-rezultatu-fup-a-u-dubaiju-nismo-smjeli-poslati-najbolje\/\"},\"wordCount\":419,\"publisher\":{\"@id\":\"https:\/\/tuzlainfo.ba\/#organization\"},\"image\":{\"@id\":\"https:\/\/tuzlainfo.ba\/index.php\/bosna-i-hercegovina\/item\/294167-isak-o-rezultatu-fup-a-u-dubaiju-nismo-smjeli-poslati-najbolje\/#primaryimage\"},\"thumbnailUrl\":\"https:\/\/tuzlainfo.ba\/wp-content\/uploads\/2025\/05\/2205_ramo_isak.jpg\",\"keywords\":[\"fup\",\"Ramo Isak\"],\"articleSection\":[\"Bosna i Hercegovina\"],\"inLanguage\":\"bs-BA\"},{\"@type\":\"WebPage\",\"@id\":\"https:\/\/tuzlainfo.ba\/index.php\/bosna-i-hercegovina\/item\/294167-isak-o-rezultatu-fup-a-u-dubaiju-nismo-smjeli-poslati-najbolje\/\",\"url\":\"https:\/\/tuzlainfo.ba\/index.php\/bosna-i-hercegovina\/item\/294167-isak-o-rezultatu-fup-a-u-dubaiju-nismo-smjeli-poslati-najbolje\/\",\"name\":\"Isak o rezultatu FUP-a u Dubaiju: Nismo smjeli poslati najbolje - TuzlaInfo.ba\",\"isPartOf\":{\"@id\":\"https:\/\/tuzlainfo.ba\/#website\"},\"primaryImageOfPage\":{\"@id\":\"https:\/\/tuzlainfo.ba\/index.php\/bosna-i-hercegovina\/item\/294167-isak-o-rezultatu-fup-a-u-dubaiju-nismo-smjeli-poslati-najbolje\/#primaryimage\"},\"image\":{\"@id\":\"https:\/\/tuzlainfo.ba\/index.php\/bosna-i-hercegovina\/item\/294167-isak-o-rezultatu-fup-a-u-dubaiju-nismo-smjeli-poslati-najbolje\/#primaryimage\"},\"thumbnailUrl\":\"https:\/\/tuzlainfo.ba\/wp-content\/uploads\/2025\/05\/2205_ramo_isak.jpg\",\"datePublished\":\"2026-02-10T09:22:37+00:00\",\"dateModified\":\"2026-02-10T09:02:10+00:00\",\"breadcrumb\":{\"@id\":\"https:\/\/tuzlainfo.ba\/index.php\/bosna-i-hercegovina\/item\/294167-isak-o-rezultatu-fup-a-u-dubaiju-nismo-smjeli-poslati-najbolje\/#breadcrumb\"},\"inLanguage\":\"bs-BA\",\"potentialAction\":[{\"@type\":\"ReadAction\",\"target\":[\"https:\/\/tuzlainfo.ba\/index.php\/bosna-i-hercegovina\/item\/294167-isak-o-rezultatu-fup-a-u-dubaiju-nismo-smjeli-poslati-najbolje\/\"]}]},{\"@type\":\"ImageObject\",\"inLanguage\":\"bs-BA\",\"@id\":\"https:\/\/tuzlainfo.ba\/index.php\/bosna-i-hercegovina\/item\/294167-isak-o-rezultatu-fup-a-u-dubaiju-nismo-smjeli-poslati-najbolje\/#primaryimage\",\"url\":\"https:\/\/tuzlainfo.ba\/wp-content\/uploads\/2025\/05\/2205_ramo_isak.jpg\",\"contentUrl\":\"https:\/\/tuzlainfo.ba\/wp-content\/uploads\/2025\/05\/2205_ramo_isak.jpg\",\"width\":1000,\"height\":590},{\"@type\":\"BreadcrumbList\",\"@id\":\"https:\/\/tuzlainfo.ba\/index.php\/bosna-i-hercegovina\/item\/294167-isak-o-rezultatu-fup-a-u-dubaiju-nismo-smjeli-poslati-najbolje\/#breadcrumb\",\"itemListElement\":[{\"@type\":\"ListItem\",\"position\":1,\"name\":\"Home\",\"item\":\"https:\/\/tuzlainfo.ba\/\"},{\"@type\":\"ListItem\",\"position\":2,\"name\":\"Isak o rezultatu FUP-a u Dubaiju: Nismo smjeli poslati najbolje\"}]},{\"@type\":\"WebSite\",\"@id\":\"https:\/\/tuzlainfo.ba\/#website\",\"url\":\"https:\/\/tuzlainfo.ba\/\",\"name\":\"TuzlaInfo.ba\",\"description\":\"Tuzla info, gradski informator - Tuzla na dlanu\",\"publisher\":{\"@id\":\"https:\/\/tuzlainfo.ba\/#organization\"},\"potentialAction\":[{\"@type\":\"SearchAction\",\"target\":{\"@type\":\"EntryPoint\",\"urlTemplate\":\"https:\/\/tuzlainfo.ba\/?s={search_term_string}\"},\"query-input\":{\"@type\":\"PropertyValueSpecification\",\"valueRequired\":true,\"valueName\":\"search_term_string\"}}],\"inLanguage\":\"bs-BA\"},{\"@type\":\"Organization\",\"@id\":\"https:\/\/tuzlainfo.ba\/#organization\",\"name\":\"TuzlaInfo.ba\",\"url\":\"https:\/\/tuzlainfo.ba\/\",\"logo\":{\"@type\":\"ImageObject\",\"inLanguage\":\"bs-BA\",\"@id\":\"https:\/\/tuzlainfo.ba\/#\/schema\/logo\/image\/\",\"url\":\"https:\/\/tuzlainfo.ba\/wp-content\/uploads\/2021\/03\/logo-ver-3-1.png\",\"contentUrl\":\"https:\/\/tuzlainfo.ba\/wp-content\/uploads\/2021\/03\/logo-ver-3-1.png\",\"width\":350,\"height\":95,\"caption\":\"TuzlaInfo.ba\"},\"image\":{\"@id\":\"https:\/\/tuzlainfo.ba\/#\/schema\/logo\/image\/\"},\"sameAs\":[\"https:\/\/www.facebook.com\/tuzlainfo.ba\/\"]},{\"@type\":\"Person\",\"@id\":\"https:\/\/tuzlainfo.ba\/#\/schema\/person\/593e78a2f6378c5ba3e7600ecfa4e63a\",\"name\":\"Admin Tri\",\"image\":{\"@type\":\"ImageObject\",\"inLanguage\":\"bs-BA\",\"@id\":\"https:\/\/tuzlainfo.ba\/#\/schema\/person\/image\/\",\"url\":\"https:\/\/tuzlainfo.ba\/wp-content\/litespeed\/avatar\/b7920db4cc34a71ad12497283ad2fe3f.jpg?ver=1777100914\",\"contentUrl\":\"https:\/\/tuzlainfo.ba\/wp-content\/litespeed\/avatar\/b7920db4cc34a71ad12497283ad2fe3f.jpg?ver=1777100914\",\"caption\":\"Admin Tri\"},\"sameAs\":[\"https:\/\/tuzlainfo.ba\"]}]}<\/script>\n<!-- \/ Yoast SEO plugin. -->","yoast_head_json":{"title":"Isak o rezultatu FUP-a u Dubaiju: Nismo smjeli poslati najbolje - TuzlaInfo.ba","robots":{"index":"index","follow":"follow","max-snippet":"max-snippet:-1","max-image-preview":"max-image-preview:large","max-video-preview":"max-video-preview:-1"},"canonical":"https:\/\/tuzlainfo.ba\/index.php\/bosna-i-hercegovina\/item\/294167-isak-o-rezultatu-fup-a-u-dubaiju-nismo-smjeli-poslati-najbolje\/","og_locale":"bs_BA","og_type":"article","og_title":"Isak o rezultatu FUP-a u Dubaiju: Nismo smjeli poslati najbolje - TuzlaInfo.ba","og_description":"Federalni ministar unutra\u0161njih poslova Ramo Isak poku\u0161ao je objasniti slab plasman Specijalne jedinice Federalne uprave&hellip;","og_url":"https:\/\/tuzlainfo.ba\/index.php\/bosna-i-hercegovina\/item\/294167-isak-o-rezultatu-fup-a-u-dubaiju-nismo-smjeli-poslati-najbolje\/","og_site_name":"TuzlaInfo.ba","article_publisher":"https:\/\/www.facebook.com\/tuzlainfo.ba\/","article_published_time":"2026-02-10T09:22:37+00:00","article_modified_time":"2026-02-10T09:02:10+00:00","og_image":[{"width":1000,"height":590,"url":"https:\/\/tuzlainfo.ba\/wp-content\/uploads\/2025\/05\/2205_ramo_isak.jpg","type":"image\/jpeg"}],"author":"Admin Tri","twitter_card":"summary_large_image","twitter_misc":{"Written by":"Admin Tri","Est. reading time":"3 minute"},"schema":{"@context":"https:\/\/schema.org","@graph":[{"@type":"Article","@id":"https:\/\/tuzlainfo.ba\/index.php\/bosna-i-hercegovina\/item\/294167-isak-o-rezultatu-fup-a-u-dubaiju-nismo-smjeli-poslati-najbolje\/#article","isPartOf":{"@id":"https:\/\/tuzlainfo.ba\/index.php\/bosna-i-hercegovina\/item\/294167-isak-o-rezultatu-fup-a-u-dubaiju-nismo-smjeli-poslati-najbolje\/"},"author":{"name":"Admin Tri","@id":"https:\/\/tuzlainfo.ba\/#\/schema\/person\/593e78a2f6378c5ba3e7600ecfa4e63a"},"headline":"Isak o rezultatu FUP-a u Dubaiju: Nismo smjeli poslati najbolje","datePublished":"2026-02-10T09:22:37+00:00","dateModified":"2026-02-10T09:02:10+00:00","mainEntityOfPage":{"@id":"https:\/\/tuzlainfo.ba\/index.php\/bosna-i-hercegovina\/item\/294167-isak-o-rezultatu-fup-a-u-dubaiju-nismo-smjeli-poslati-najbolje\/"},"wordCount":419,"publisher":{"@id":"https:\/\/tuzlainfo.ba\/#organization"},"image":{"@id":"https:\/\/tuzlainfo.ba\/index.php\/bosna-i-hercegovina\/item\/294167-isak-o-rezultatu-fup-a-u-dubaiju-nismo-smjeli-poslati-najbolje\/#primaryimage"},"thumbnailUrl":"https:\/\/tuzlainfo.ba\/wp-content\/uploads\/2025\/05\/2205_ramo_isak.jpg","keywords":["fup","Ramo Isak"],"articleSection":["Bosna i Hercegovina"],"inLanguage":"bs-BA"},{"@type":"WebPage","@id":"https:\/\/tuzlainfo.ba\/index.php\/bosna-i-hercegovina\/item\/294167-isak-o-rezultatu-fup-a-u-dubaiju-nismo-smjeli-poslati-najbolje\/","url":"https:\/\/tuzlainfo.ba\/index.php\/bosna-i-hercegovina\/item\/294167-isak-o-rezultatu-fup-a-u-dubaiju-nismo-smjeli-poslati-najbolje\/","name":"Isak o rezultatu FUP-a u Dubaiju: Nismo smjeli poslati najbolje - TuzlaInfo.ba","isPartOf":{"@id":"https:\/\/tuzlainfo.ba\/#website"},"primaryImageOfPage":{"@id":"https:\/\/tuzlainfo.ba\/index.php\/bosna-i-hercegovina\/item\/294167-isak-o-rezultatu-fup-a-u-dubaiju-nismo-smjeli-poslati-najbolje\/#primaryimage"},"image":{"@id":"https:\/\/tuzlainfo.ba\/index.php\/bosna-i-hercegovina\/item\/294167-isak-o-rezultatu-fup-a-u-dubaiju-nismo-smjeli-poslati-najbolje\/#primaryimage"},"thumbnailUrl":"https:\/\/tuzlainfo.ba\/wp-content\/uploads\/2025\/05\/2205_ramo_isak.jpg","datePublished":"2026-02-10T09:22:37+00:00","dateModified":"2026-02-10T09:02:10+00:00","breadcrumb":{"@id":"https:\/\/tuzlainfo.ba\/index.php\/bosna-i-hercegovina\/item\/294167-isak-o-rezultatu-fup-a-u-dubaiju-nismo-smjeli-poslati-najbolje\/#breadcrumb"},"inLanguage":"bs-BA","potentialAction":[{"@type":"ReadAction","target":["https:\/\/tuzlainfo.ba\/index.php\/bosna-i-hercegovina\/item\/294167-isak-o-rezultatu-fup-a-u-dubaiju-nismo-smjeli-poslati-najbolje\/"]}]},{"@type":"ImageObject","inLanguage":"bs-BA","@id":"https:\/\/tuzlainfo.ba\/index.php\/bosna-i-hercegovina\/item\/294167-isak-o-rezultatu-fup-a-u-dubaiju-nismo-smjeli-poslati-najbolje\/#primaryimage","url":"https:\/\/tuzlainfo.ba\/wp-content\/uploads\/2025\/05\/2205_ramo_isak.jpg","contentUrl":"https:\/\/tuzlainfo.ba\/wp-content\/uploads\/2025\/05\/2205_ramo_isak.jpg","width":1000,"height":590},{"@type":"BreadcrumbList","@id":"https:\/\/tuzlainfo.ba\/index.php\/bosna-i-hercegovina\/item\/294167-isak-o-rezultatu-fup-a-u-dubaiju-nismo-smjeli-poslati-najbolje\/#breadcrumb","itemListElement":[{"@type":"ListItem","position":1,"name":"Home","item":"https:\/\/tuzlainfo.ba\/"},{"@type":"ListItem","position":2,"name":"Isak o rezultatu FUP-a u Dubaiju: Nismo smjeli poslati najbolje"}]},{"@type":"WebSite","@id":"https:\/\/tuzlainfo.ba\/#website","url":"https:\/\/tuzlainfo.ba\/","name":"TuzlaInfo.ba","description":"Tuzla info, gradski informator - Tuzla na dlanu","publisher":{"@id":"https:\/\/tuzlainfo.ba\/#organization"},"potentialAction":[{"@type":"SearchAction","target":{"@type":"EntryPoint","urlTemplate":"https:\/\/tuzlainfo.ba\/?s={search_term_string}"},"query-input":{"@type":"PropertyValueSpecification","valueRequired":true,"valueName":"search_term_string"}}],"inLanguage":"bs-BA"},{"@type":"Organization","@id":"https:\/\/tuzlainfo.ba\/#organization","name":"TuzlaInfo.ba","url":"https:\/\/tuzlainfo.ba\/","logo":{"@type":"ImageObject","inLanguage":"bs-BA","@id":"https:\/\/tuzlainfo.ba\/#\/schema\/logo\/image\/","url":"https:\/\/tuzlainfo.ba\/wp-content\/uploads\/2021\/03\/logo-ver-3-1.png","contentUrl":"https:\/\/tuzlainfo.ba\/wp-content\/uploads\/2021\/03\/logo-ver-3-1.png","width":350,"height":95,"caption":"TuzlaInfo.ba"},"image":{"@id":"https:\/\/tuzlainfo.ba\/#\/schema\/logo\/image\/"},"sameAs":["https:\/\/www.facebook.com\/tuzlainfo.ba\/"]},{"@type":"Person","@id":"https:\/\/tuzlainfo.ba\/#\/schema\/person\/593e78a2f6378c5ba3e7600ecfa4e63a","name":"Admin Tri","image":{"@type":"ImageObject","inLanguage":"bs-BA","@id":"https:\/\/tuzlainfo.ba\/#\/schema\/person\/image\/","url":"https:\/\/tuzlainfo.ba\/wp-content\/litespeed\/avatar\/b7920db4cc34a71ad12497283ad2fe3f.jpg?ver=1777100914","contentUrl":"https:\/\/tuzlainfo.ba\/wp-content\/litespeed\/avatar\/b7920db4cc34a71ad12497283ad2fe3f.jpg?ver=1777100914","caption":"Admin Tri"},"sameAs":["https:\/\/tuzlainfo.ba"]}]}},"_links":{"self":[{"href":"https:\/\/tuzlainfo.ba\/index.php\/wp-json\/wp\/v2\/posts\/294167"}],"collection":[{"href":"https:\/\/tuzlainfo.ba\/index.php\/wp-json\/wp\/v2\/posts"}],"about":[{"href":"https:\/\/tuzlainfo.ba\/index.php\/wp-json\/wp\/v2\/types\/post"}],"author":[{"embeddable":true,"href":"https:\/\/tuzlainfo.ba\/index.php\/wp-json\/wp\/v2\/users\/8"}],"replies":[{"embeddable":true,"href":"https:\/\/tuzlainfo.ba\/index.php\/wp-json\/wp\/v2\/comments?post=294167"}],"version-history":[{"count":2,"href":"https:\/\/tuzlainfo.ba\/index.php\/wp-json\/wp\/v2\/posts\/294167\/revisions"}],"predecessor-version":[{"id":294170,"href":"https:\/\/tuzlainfo.ba\/index.php\/wp-json\/wp\/v2\/posts\/294167\/revisions\/294170"}],"wp:featuredmedia":[{"embeddable":true,"href":"https:\/\/tuzlainfo.ba\/index.php\/wp-json\/wp\/v2\/media\/270062"}],"wp:attachment":[{"href":"https:\/\/tuzlainfo.ba\/index.php\/wp-json\/wp\/v2\/media?parent=294167"}],"wp:term":[{"taxonomy":"category","embeddable":true,"href":"https:\/\/tuzlainfo.ba\/index.php\/wp-json\/wp\/v2\/categories?post=294167"},{"taxonomy":"post_tag","embeddable":true,"href":"https:\/\/tuzlainfo.ba\/index.php\/wp-json\/wp\/v2\/tags?post=294167"}],"curies":[{"name":"wp","href":"https:\/\/api.w.org\/{rel}","templated":true}]}}