{"id":294114,"date":"2026-02-09T17:30:10","date_gmt":"2026-02-09T16:30:10","guid":{"rendered":"https:\/\/tuzlainfo.ba\/?p=294114"},"modified":"2026-02-09T17:30:10","modified_gmt":"2026-02-09T16:30:10","slug":"tk-centralno-obiljezavanje-dana-nezavisnosti-bih-ove-godine-u-gracanici","status":"publish","type":"post","link":"https:\/\/tuzlainfo.ba\/index.php\/novosti\/item\/294114-tk-centralno-obiljezavanje-dana-nezavisnosti-bih-ove-godine-u-gracanici\/","title":{"rendered":"TK: Centralno obilje\u017eavanje Dana nezavisnosti BiH ove godine u Gra\u010danici"},"content":{"rendered":"<p data-start=\"74\" data-end=\"241\">Ministar obrazovanja i nauke Tuzlanskog kantona Ahmed Omerovi\u0107 potvrdio e da je dogovorena organizacija centralnog obilje\u017eavanja Dana nezavisnosti Bosne i Hercegovine.<\/p>\n<p data-start=\"243\" data-end=\"493\">Kako je naveo, dogovor je postignut na sastanku s gradona\u010delnikom Gra\u010danice Sadmirom D\u017eebom i na\u010delnikom Op\u0107ine Doboj Istok, a centralna manifestacija, kao i prethodnih godina, okupit \u0107e vi\u0161e hiljada u\u010denika iz razli\u010ditih dijelova Tuzlanskog kantona.<\/p>\n<p data-start=\"495\" data-end=\"848\">Centralno obilje\u017eavanje bit \u0107e odr\u017eano u sportskoj dvorani \u201eBazen\u201c u Gra\u010danici, a manifestaciji \u0107e prisustvovati u\u010denici osnovnih i srednjih \u0161kola iz Gra\u010danice, kao i iz susjednih lokalnih zajednica. Istovremeno, u svim gradovima i op\u0107inama te \u0161kolama \u0161irom kantona bit \u0107e organizirane i pojedina\u010dne prigodne aktivnosti, u skladu s vlastitim programima.<\/p>\n<p data-start=\"495\" data-end=\"848\"><img fetchpriority=\"high\" decoding=\"async\" class=\"alignnone size-full wp-image-294115\" src=\"https:\/\/tuzlainfo.ba\/wp-content\/uploads\/2026\/02\/0902_omerovic_dzebo.jpg\" alt=\"\" width=\"800\" height=\"502\" srcset=\"https:\/\/tuzlainfo.ba\/wp-content\/uploads\/2026\/02\/0902_omerovic_dzebo.jpg 800w, https:\/\/tuzlainfo.ba\/wp-content\/uploads\/2026\/02\/0902_omerovic_dzebo-300x188.jpg 300w, https:\/\/tuzlainfo.ba\/wp-content\/uploads\/2026\/02\/0902_omerovic_dzebo-768x482.jpg 768w, https:\/\/tuzlainfo.ba\/wp-content\/uploads\/2026\/02\/0902_omerovic_dzebo-585x367.jpg 585w, https:\/\/tuzlainfo.ba\/wp-content\/uploads\/2026\/02\/0902_omerovic_dzebo-150x94.jpg 150w, https:\/\/tuzlainfo.ba\/wp-content\/uploads\/2026\/02\/0902_omerovic_dzebo-500x314.jpg 500w\" sizes=\"(max-width: 800px) 100vw, 800px\" \/><\/p>\n<p data-start=\"850\" data-end=\"1077\">Poseban dio programa \u010dinit \u0107e sve\u010dani defile u\u010denika osnovnih i srednjih \u0161kola, kojim \u0107e se, kako je istaknuto, dodatno naglasiti va\u017ena uloga mladih u o\u010duvanju vrijednosti nezavisnosti, slobode i dr\u017eavnosti Bosne i Hercegovine.<\/p>\n<p data-start=\"1079\" data-end=\"1199\" data-is-last-node=\"\" data-is-only-node=\"\">Prema najavama, centralnoj manifestaciji \u0107e, uz bogat kulturno-umjetni\u010dki program, prisustvovati vi\u0161e od 3.000 u\u010desnika.<\/p>\n","protected":false},"excerpt":{"rendered":"<p>Ministar obrazovanja i nauke Tuzlanskog kantona Ahmed Omerovi\u0107 potvrdio e da je dogovorena organizacija centralnog&hellip;<\/p>\n","protected":false},"author":2,"featured_media":287209,"comment_status":"closed","ping_status":"closed","sticky":false,"template":"","format":"standard","meta":{"_acf_changed":false,"footnotes":""},"categories":[304,12],"tags":[4231,584,360],"acf":[],"yoast_head":"<!-- This site is optimized with the Yoast SEO plugin v23.5 - https:\/\/yoast.com\/wordpress\/plugins\/seo\/ -->\n<title>TK: Centralno obilje\u017eavanje Dana nezavisnosti BiH ove godine u Gra\u010danici - TuzlaInfo.ba<\/title>\n<meta name=\"robots\" content=\"index, follow, max-snippet:-1, max-image-preview:large, max-video-preview:-1\" \/>\n<link rel=\"canonical\" href=\"https:\/\/tuzlainfo.ba\/index.php\/novosti\/item\/294114-tk-centralno-obiljezavanje-dana-nezavisnosti-bih-ove-godine-u-gracanici\/\" \/>\n<meta property=\"og:locale\" content=\"bs_BA\" \/>\n<meta property=\"og:type\" content=\"article\" \/>\n<meta property=\"og:title\" content=\"TK: Centralno obilje\u017eavanje Dana nezavisnosti BiH ove godine u Gra\u010danici - TuzlaInfo.ba\" \/>\n<meta property=\"og:description\" content=\"Ministar obrazovanja i nauke Tuzlanskog kantona Ahmed Omerovi\u0107 potvrdio e da je dogovorena organizacija centralnog&hellip;\" \/>\n<meta property=\"og:url\" content=\"https:\/\/tuzlainfo.ba\/index.php\/novosti\/item\/294114-tk-centralno-obiljezavanje-dana-nezavisnosti-bih-ove-godine-u-gracanici\/\" \/>\n<meta property=\"og:site_name\" content=\"TuzlaInfo.ba\" \/>\n<meta property=\"article:publisher\" content=\"https:\/\/www.facebook.com\/tuzlainfo.ba\/\" \/>\n<meta property=\"article:published_time\" content=\"2026-02-09T16:30:10+00:00\" \/>\n<meta property=\"og:image\" content=\"https:\/\/tuzlainfo.ba\/wp-content\/uploads\/2025\/11\/2311_dandrzavnosti.jpg\" \/>\n\t<meta property=\"og:image:width\" content=\"800\" \/>\n\t<meta property=\"og:image:height\" content=\"533\" \/>\n\t<meta property=\"og:image:type\" content=\"image\/jpeg\" \/>\n<meta name=\"author\" content=\"nedim\" \/>\n<meta name=\"twitter:card\" content=\"summary_large_image\" \/>\n<meta name=\"twitter:label1\" content=\"Written by\" \/>\n\t<meta name=\"twitter:data1\" content=\"nedim\" \/>\n\t<meta name=\"twitter:label2\" content=\"Est. reading time\" \/>\n\t<meta name=\"twitter:data2\" content=\"2 minute\" \/>\n<script type=\"application\/ld+json\" class=\"yoast-schema-graph\">{\"@context\":\"https:\/\/schema.org\",\"@graph\":[{\"@type\":\"Article\",\"@id\":\"https:\/\/tuzlainfo.ba\/index.php\/novosti\/item\/294114-tk-centralno-obiljezavanje-dana-nezavisnosti-bih-ove-godine-u-gracanici\/#article\",\"isPartOf\":{\"@id\":\"https:\/\/tuzlainfo.ba\/index.php\/novosti\/item\/294114-tk-centralno-obiljezavanje-dana-nezavisnosti-bih-ove-godine-u-gracanici\/\"},\"author\":{\"name\":\"nedim\",\"@id\":\"https:\/\/tuzlainfo.ba\/#\/schema\/person\/f434e20dc27ea133923aab08451b7f7f\"},\"headline\":\"TK: Centralno obilje\u017eavanje Dana nezavisnosti BiH ove godine u Gra\u010danici\",\"datePublished\":\"2026-02-09T16:30:10+00:00\",\"dateModified\":\"2026-02-09T16:30:10+00:00\",\"mainEntityOfPage\":{\"@id\":\"https:\/\/tuzlainfo.ba\/index.php\/novosti\/item\/294114-tk-centralno-obiljezavanje-dana-nezavisnosti-bih-ove-godine-u-gracanici\/\"},\"wordCount\":188,\"publisher\":{\"@id\":\"https:\/\/tuzlainfo.ba\/#organization\"},\"image\":{\"@id\":\"https:\/\/tuzlainfo.ba\/index.php\/novosti\/item\/294114-tk-centralno-obiljezavanje-dana-nezavisnosti-bih-ove-godine-u-gracanici\/#primaryimage\"},\"thumbnailUrl\":\"https:\/\/tuzlainfo.ba\/wp-content\/uploads\/2025\/11\/2311_dandrzavnosti.jpg\",\"keywords\":[\"dan nezavisnosti\",\"gra\u010danica\",\"tuzlanski kanton\"],\"articleSection\":[\"Istaknuto\",\"Novosti\"],\"inLanguage\":\"bs-BA\"},{\"@type\":\"WebPage\",\"@id\":\"https:\/\/tuzlainfo.ba\/index.php\/novosti\/item\/294114-tk-centralno-obiljezavanje-dana-nezavisnosti-bih-ove-godine-u-gracanici\/\",\"url\":\"https:\/\/tuzlainfo.ba\/index.php\/novosti\/item\/294114-tk-centralno-obiljezavanje-dana-nezavisnosti-bih-ove-godine-u-gracanici\/\",\"name\":\"TK: Centralno obilje\u017eavanje Dana nezavisnosti BiH ove godine u Gra\u010danici - TuzlaInfo.ba\",\"isPartOf\":{\"@id\":\"https:\/\/tuzlainfo.ba\/#website\"},\"primaryImageOfPage\":{\"@id\":\"https:\/\/tuzlainfo.ba\/index.php\/novosti\/item\/294114-tk-centralno-obiljezavanje-dana-nezavisnosti-bih-ove-godine-u-gracanici\/#primaryimage\"},\"image\":{\"@id\":\"https:\/\/tuzlainfo.ba\/index.php\/novosti\/item\/294114-tk-centralno-obiljezavanje-dana-nezavisnosti-bih-ove-godine-u-gracanici\/#primaryimage\"},\"thumbnailUrl\":\"https:\/\/tuzlainfo.ba\/wp-content\/uploads\/2025\/11\/2311_dandrzavnosti.jpg\",\"datePublished\":\"2026-02-09T16:30:10+00:00\",\"dateModified\":\"2026-02-09T16:30:10+00:00\",\"breadcrumb\":{\"@id\":\"https:\/\/tuzlainfo.ba\/index.php\/novosti\/item\/294114-tk-centralno-obiljezavanje-dana-nezavisnosti-bih-ove-godine-u-gracanici\/#breadcrumb\"},\"inLanguage\":\"bs-BA\",\"potentialAction\":[{\"@type\":\"ReadAction\",\"target\":[\"https:\/\/tuzlainfo.ba\/index.php\/novosti\/item\/294114-tk-centralno-obiljezavanje-dana-nezavisnosti-bih-ove-godine-u-gracanici\/\"]}]},{\"@type\":\"ImageObject\",\"inLanguage\":\"bs-BA\",\"@id\":\"https:\/\/tuzlainfo.ba\/index.php\/novosti\/item\/294114-tk-centralno-obiljezavanje-dana-nezavisnosti-bih-ove-godine-u-gracanici\/#primaryimage\",\"url\":\"https:\/\/tuzlainfo.ba\/wp-content\/uploads\/2025\/11\/2311_dandrzavnosti.jpg\",\"contentUrl\":\"https:\/\/tuzlainfo.ba\/wp-content\/uploads\/2025\/11\/2311_dandrzavnosti.jpg\",\"width\":800,\"height\":533},{\"@type\":\"BreadcrumbList\",\"@id\":\"https:\/\/tuzlainfo.ba\/index.php\/novosti\/item\/294114-tk-centralno-obiljezavanje-dana-nezavisnosti-bih-ove-godine-u-gracanici\/#breadcrumb\",\"itemListElement\":[{\"@type\":\"ListItem\",\"position\":1,\"name\":\"Home\",\"item\":\"https:\/\/tuzlainfo.ba\/\"},{\"@type\":\"ListItem\",\"position\":2,\"name\":\"TK: Centralno obilje\u017eavanje Dana nezavisnosti BiH ove godine u Gra\u010danici\"}]},{\"@type\":\"WebSite\",\"@id\":\"https:\/\/tuzlainfo.ba\/#website\",\"url\":\"https:\/\/tuzlainfo.ba\/\",\"name\":\"TuzlaInfo.ba\",\"description\":\"Tuzla info, gradski informator - Tuzla na dlanu\",\"publisher\":{\"@id\":\"https:\/\/tuzlainfo.ba\/#organization\"},\"potentialAction\":[{\"@type\":\"SearchAction\",\"target\":{\"@type\":\"EntryPoint\",\"urlTemplate\":\"https:\/\/tuzlainfo.ba\/?s={search_term_string}\"},\"query-input\":{\"@type\":\"PropertyValueSpecification\",\"valueRequired\":true,\"valueName\":\"search_term_string\"}}],\"inLanguage\":\"bs-BA\"},{\"@type\":\"Organization\",\"@id\":\"https:\/\/tuzlainfo.ba\/#organization\",\"name\":\"TuzlaInfo.ba\",\"url\":\"https:\/\/tuzlainfo.ba\/\",\"logo\":{\"@type\":\"ImageObject\",\"inLanguage\":\"bs-BA\",\"@id\":\"https:\/\/tuzlainfo.ba\/#\/schema\/logo\/image\/\",\"url\":\"https:\/\/tuzlainfo.ba\/wp-content\/uploads\/2021\/03\/logo-ver-3-1.png\",\"contentUrl\":\"https:\/\/tuzlainfo.ba\/wp-content\/uploads\/2021\/03\/logo-ver-3-1.png\",\"width\":350,\"height\":95,\"caption\":\"TuzlaInfo.ba\"},\"image\":{\"@id\":\"https:\/\/tuzlainfo.ba\/#\/schema\/logo\/image\/\"},\"sameAs\":[\"https:\/\/www.facebook.com\/tuzlainfo.ba\/\"]},{\"@type\":\"Person\",\"@id\":\"https:\/\/tuzlainfo.ba\/#\/schema\/person\/f434e20dc27ea133923aab08451b7f7f\",\"name\":\"nedim\",\"image\":{\"@type\":\"ImageObject\",\"inLanguage\":\"bs-BA\",\"@id\":\"https:\/\/tuzlainfo.ba\/#\/schema\/person\/image\/\",\"url\":\"https:\/\/tuzlainfo.ba\/wp-content\/litespeed\/avatar\/aabad687af24844af817603ac1cbdc4f.jpg?ver=1776702173\",\"contentUrl\":\"https:\/\/tuzlainfo.ba\/wp-content\/litespeed\/avatar\/aabad687af24844af817603ac1cbdc4f.jpg?ver=1776702173\",\"caption\":\"nedim\"},\"description\":\"Tuzlainfo.ba pratite na dru\u0161tvenim mre\u017eama: Facebook, Instagram i Youtube. Svoje pri\u010de, upite i fotografije \u0161aljite na na\u0161u e-mail adresu.\"}]}<\/script>\n<!-- \/ Yoast SEO plugin. -->","yoast_head_json":{"title":"TK: Centralno obilje\u017eavanje Dana nezavisnosti BiH ove godine u Gra\u010danici - TuzlaInfo.ba","robots":{"index":"index","follow":"follow","max-snippet":"max-snippet:-1","max-image-preview":"max-image-preview:large","max-video-preview":"max-video-preview:-1"},"canonical":"https:\/\/tuzlainfo.ba\/index.php\/novosti\/item\/294114-tk-centralno-obiljezavanje-dana-nezavisnosti-bih-ove-godine-u-gracanici\/","og_locale":"bs_BA","og_type":"article","og_title":"TK: Centralno obilje\u017eavanje Dana nezavisnosti BiH ove godine u Gra\u010danici - TuzlaInfo.ba","og_description":"Ministar obrazovanja i nauke Tuzlanskog kantona Ahmed Omerovi\u0107 potvrdio e da je dogovorena organizacija centralnog&hellip;","og_url":"https:\/\/tuzlainfo.ba\/index.php\/novosti\/item\/294114-tk-centralno-obiljezavanje-dana-nezavisnosti-bih-ove-godine-u-gracanici\/","og_site_name":"TuzlaInfo.ba","article_publisher":"https:\/\/www.facebook.com\/tuzlainfo.ba\/","article_published_time":"2026-02-09T16:30:10+00:00","og_image":[{"width":800,"height":533,"url":"https:\/\/tuzlainfo.ba\/wp-content\/uploads\/2025\/11\/2311_dandrzavnosti.jpg","type":"image\/jpeg"}],"author":"nedim","twitter_card":"summary_large_image","twitter_misc":{"Written by":"nedim","Est. reading time":"2 minute"},"schema":{"@context":"https:\/\/schema.org","@graph":[{"@type":"Article","@id":"https:\/\/tuzlainfo.ba\/index.php\/novosti\/item\/294114-tk-centralno-obiljezavanje-dana-nezavisnosti-bih-ove-godine-u-gracanici\/#article","isPartOf":{"@id":"https:\/\/tuzlainfo.ba\/index.php\/novosti\/item\/294114-tk-centralno-obiljezavanje-dana-nezavisnosti-bih-ove-godine-u-gracanici\/"},"author":{"name":"nedim","@id":"https:\/\/tuzlainfo.ba\/#\/schema\/person\/f434e20dc27ea133923aab08451b7f7f"},"headline":"TK: Centralno obilje\u017eavanje Dana nezavisnosti BiH ove godine u Gra\u010danici","datePublished":"2026-02-09T16:30:10+00:00","dateModified":"2026-02-09T16:30:10+00:00","mainEntityOfPage":{"@id":"https:\/\/tuzlainfo.ba\/index.php\/novosti\/item\/294114-tk-centralno-obiljezavanje-dana-nezavisnosti-bih-ove-godine-u-gracanici\/"},"wordCount":188,"publisher":{"@id":"https:\/\/tuzlainfo.ba\/#organization"},"image":{"@id":"https:\/\/tuzlainfo.ba\/index.php\/novosti\/item\/294114-tk-centralno-obiljezavanje-dana-nezavisnosti-bih-ove-godine-u-gracanici\/#primaryimage"},"thumbnailUrl":"https:\/\/tuzlainfo.ba\/wp-content\/uploads\/2025\/11\/2311_dandrzavnosti.jpg","keywords":["dan nezavisnosti","gra\u010danica","tuzlanski kanton"],"articleSection":["Istaknuto","Novosti"],"inLanguage":"bs-BA"},{"@type":"WebPage","@id":"https:\/\/tuzlainfo.ba\/index.php\/novosti\/item\/294114-tk-centralno-obiljezavanje-dana-nezavisnosti-bih-ove-godine-u-gracanici\/","url":"https:\/\/tuzlainfo.ba\/index.php\/novosti\/item\/294114-tk-centralno-obiljezavanje-dana-nezavisnosti-bih-ove-godine-u-gracanici\/","name":"TK: Centralno obilje\u017eavanje Dana nezavisnosti BiH ove godine u Gra\u010danici - TuzlaInfo.ba","isPartOf":{"@id":"https:\/\/tuzlainfo.ba\/#website"},"primaryImageOfPage":{"@id":"https:\/\/tuzlainfo.ba\/index.php\/novosti\/item\/294114-tk-centralno-obiljezavanje-dana-nezavisnosti-bih-ove-godine-u-gracanici\/#primaryimage"},"image":{"@id":"https:\/\/tuzlainfo.ba\/index.php\/novosti\/item\/294114-tk-centralno-obiljezavanje-dana-nezavisnosti-bih-ove-godine-u-gracanici\/#primaryimage"},"thumbnailUrl":"https:\/\/tuzlainfo.ba\/wp-content\/uploads\/2025\/11\/2311_dandrzavnosti.jpg","datePublished":"2026-02-09T16:30:10+00:00","dateModified":"2026-02-09T16:30:10+00:00","breadcrumb":{"@id":"https:\/\/tuzlainfo.ba\/index.php\/novosti\/item\/294114-tk-centralno-obiljezavanje-dana-nezavisnosti-bih-ove-godine-u-gracanici\/#breadcrumb"},"inLanguage":"bs-BA","potentialAction":[{"@type":"ReadAction","target":["https:\/\/tuzlainfo.ba\/index.php\/novosti\/item\/294114-tk-centralno-obiljezavanje-dana-nezavisnosti-bih-ove-godine-u-gracanici\/"]}]},{"@type":"ImageObject","inLanguage":"bs-BA","@id":"https:\/\/tuzlainfo.ba\/index.php\/novosti\/item\/294114-tk-centralno-obiljezavanje-dana-nezavisnosti-bih-ove-godine-u-gracanici\/#primaryimage","url":"https:\/\/tuzlainfo.ba\/wp-content\/uploads\/2025\/11\/2311_dandrzavnosti.jpg","contentUrl":"https:\/\/tuzlainfo.ba\/wp-content\/uploads\/2025\/11\/2311_dandrzavnosti.jpg","width":800,"height":533},{"@type":"BreadcrumbList","@id":"https:\/\/tuzlainfo.ba\/index.php\/novosti\/item\/294114-tk-centralno-obiljezavanje-dana-nezavisnosti-bih-ove-godine-u-gracanici\/#breadcrumb","itemListElement":[{"@type":"ListItem","position":1,"name":"Home","item":"https:\/\/tuzlainfo.ba\/"},{"@type":"ListItem","position":2,"name":"TK: Centralno obilje\u017eavanje Dana nezavisnosti BiH ove godine u Gra\u010danici"}]},{"@type":"WebSite","@id":"https:\/\/tuzlainfo.ba\/#website","url":"https:\/\/tuzlainfo.ba\/","name":"TuzlaInfo.ba","description":"Tuzla info, gradski informator - Tuzla na dlanu","publisher":{"@id":"https:\/\/tuzlainfo.ba\/#organization"},"potentialAction":[{"@type":"SearchAction","target":{"@type":"EntryPoint","urlTemplate":"https:\/\/tuzlainfo.ba\/?s={search_term_string}"},"query-input":{"@type":"PropertyValueSpecification","valueRequired":true,"valueName":"search_term_string"}}],"inLanguage":"bs-BA"},{"@type":"Organization","@id":"https:\/\/tuzlainfo.ba\/#organization","name":"TuzlaInfo.ba","url":"https:\/\/tuzlainfo.ba\/","logo":{"@type":"ImageObject","inLanguage":"bs-BA","@id":"https:\/\/tuzlainfo.ba\/#\/schema\/logo\/image\/","url":"https:\/\/tuzlainfo.ba\/wp-content\/uploads\/2021\/03\/logo-ver-3-1.png","contentUrl":"https:\/\/tuzlainfo.ba\/wp-content\/uploads\/2021\/03\/logo-ver-3-1.png","width":350,"height":95,"caption":"TuzlaInfo.ba"},"image":{"@id":"https:\/\/tuzlainfo.ba\/#\/schema\/logo\/image\/"},"sameAs":["https:\/\/www.facebook.com\/tuzlainfo.ba\/"]},{"@type":"Person","@id":"https:\/\/tuzlainfo.ba\/#\/schema\/person\/f434e20dc27ea133923aab08451b7f7f","name":"nedim","image":{"@type":"ImageObject","inLanguage":"bs-BA","@id":"https:\/\/tuzlainfo.ba\/#\/schema\/person\/image\/","url":"https:\/\/tuzlainfo.ba\/wp-content\/litespeed\/avatar\/aabad687af24844af817603ac1cbdc4f.jpg?ver=1776702173","contentUrl":"https:\/\/tuzlainfo.ba\/wp-content\/litespeed\/avatar\/aabad687af24844af817603ac1cbdc4f.jpg?ver=1776702173","caption":"nedim"},"description":"Tuzlainfo.ba pratite na dru\u0161tvenim mre\u017eama: Facebook, Instagram i Youtube. Svoje pri\u010de, upite i fotografije \u0161aljite na na\u0161u e-mail adresu."}]}},"_links":{"self":[{"href":"https:\/\/tuzlainfo.ba\/index.php\/wp-json\/wp\/v2\/posts\/294114"}],"collection":[{"href":"https:\/\/tuzlainfo.ba\/index.php\/wp-json\/wp\/v2\/posts"}],"about":[{"href":"https:\/\/tuzlainfo.ba\/index.php\/wp-json\/wp\/v2\/types\/post"}],"author":[{"embeddable":true,"href":"https:\/\/tuzlainfo.ba\/index.php\/wp-json\/wp\/v2\/users\/2"}],"replies":[{"embeddable":true,"href":"https:\/\/tuzlainfo.ba\/index.php\/wp-json\/wp\/v2\/comments?post=294114"}],"version-history":[{"count":1,"href":"https:\/\/tuzlainfo.ba\/index.php\/wp-json\/wp\/v2\/posts\/294114\/revisions"}],"predecessor-version":[{"id":294116,"href":"https:\/\/tuzlainfo.ba\/index.php\/wp-json\/wp\/v2\/posts\/294114\/revisions\/294116"}],"wp:featuredmedia":[{"embeddable":true,"href":"https:\/\/tuzlainfo.ba\/index.php\/wp-json\/wp\/v2\/media\/287209"}],"wp:attachment":[{"href":"https:\/\/tuzlainfo.ba\/index.php\/wp-json\/wp\/v2\/media?parent=294114"}],"wp:term":[{"taxonomy":"category","embeddable":true,"href":"https:\/\/tuzlainfo.ba\/index.php\/wp-json\/wp\/v2\/categories?post=294114"},{"taxonomy":"post_tag","embeddable":true,"href":"https:\/\/tuzlainfo.ba\/index.php\/wp-json\/wp\/v2\/tags?post=294114"}],"curies":[{"name":"wp","href":"https:\/\/api.w.org\/{rel}","templated":true}]}}