{"id":294055,"date":"2026-02-09T18:20:12","date_gmt":"2026-02-09T17:20:12","guid":{"rendered":"https:\/\/tuzlainfo.ba\/?p=294055"},"modified":"2026-02-09T17:33:36","modified_gmt":"2026-02-09T16:33:36","slug":"medzlis-iz-tuzla-obiljezava-15-februar-mevludskom-svecanoscu","status":"publish","type":"post","link":"https:\/\/tuzlainfo.ba\/index.php\/najava-dogadaja-2\/item\/294055-medzlis-iz-tuzla-obiljezava-15-februar-mevludskom-svecanoscu\/","title":{"rendered":"Med\u017elis IZ Tuzla obilje\u017eava 15. februar mevludskom sve\u010dano\u0161\u0107u"},"content":{"rendered":"<p data-start=\"0\" data-end=\"172\">Med\u017elis Islamske zajednice Tuzla organizuje mevludsku sve\u010danost povodom 15. februara \u2013 Dana Med\u017elisa, te obilje\u017eavanja 454 godine od vakufname Gazi Turali-bega (1572\u20132026).<\/p>\n<p data-start=\"174\" data-end=\"297\">Sve\u010danost \u0107e biti odr\u017eana u petak, 13. februara 2026. godine, u Gazi Turali-begovoj d\u017eamiji u Tuzli, poslije jacija-namaza.<\/p>\n<p data-start=\"299\" data-end=\"440\" data-is-last-node=\"\" data-is-only-node=\"\">U okviru programa u\u010destvovat \u0107e Hor Behram-begove medrese, a organizatori pozivaju vjernike i gra\u0111ane da prisustvuju ovom zna\u010dajnom doga\u0111aju.<\/p>\n","protected":false},"excerpt":{"rendered":"<p>Med\u017elis Islamske zajednice Tuzla organizuje mevludsku sve\u010danost povodom 15. februara \u2013 Dana Med\u017elisa, te obilje\u017eavanja&hellip;<\/p>\n","protected":false},"author":4,"featured_media":229414,"comment_status":"closed","ping_status":"closed","sticky":false,"template":"","format":"standard","meta":{"_acf_changed":false,"footnotes":""},"categories":[11],"tags":[8331],"acf":[],"yoast_head":"<!-- This site is optimized with the Yoast SEO plugin v23.5 - https:\/\/yoast.com\/wordpress\/plugins\/seo\/ -->\n<title>Med\u017elis IZ Tuzla obilje\u017eava 15. februar mevludskom sve\u010dano\u0161\u0107u - TuzlaInfo.ba<\/title>\n<meta name=\"robots\" content=\"index, follow, max-snippet:-1, max-image-preview:large, max-video-preview:-1\" \/>\n<link rel=\"canonical\" href=\"https:\/\/tuzlainfo.ba\/index.php\/najava-dogadaja-2\/item\/294055-medzlis-iz-tuzla-obiljezava-15-februar-mevludskom-svecanoscu\/\" \/>\n<meta property=\"og:locale\" content=\"bs_BA\" \/>\n<meta property=\"og:type\" content=\"article\" \/>\n<meta property=\"og:title\" content=\"Med\u017elis IZ Tuzla obilje\u017eava 15. februar mevludskom sve\u010dano\u0161\u0107u - TuzlaInfo.ba\" \/>\n<meta property=\"og:description\" content=\"Med\u017elis Islamske zajednice Tuzla organizuje mevludsku sve\u010danost povodom 15. februara \u2013 Dana Med\u017elisa, te obilje\u017eavanja&hellip;\" \/>\n<meta property=\"og:url\" content=\"https:\/\/tuzlainfo.ba\/index.php\/najava-dogadaja-2\/item\/294055-medzlis-iz-tuzla-obiljezava-15-februar-mevludskom-svecanoscu\/\" \/>\n<meta property=\"og:site_name\" content=\"TuzlaInfo.ba\" \/>\n<meta property=\"article:publisher\" content=\"https:\/\/www.facebook.com\/tuzlainfo.ba\/\" \/>\n<meta property=\"article:published_time\" content=\"2026-02-09T17:20:12+00:00\" \/>\n<meta property=\"article:modified_time\" content=\"2026-02-09T16:33:36+00:00\" \/>\n<meta property=\"og:image\" content=\"https:\/\/tuzlainfo.ba\/wp-content\/uploads\/2024\/02\/0702_turalibegova.jpg\" \/>\n\t<meta property=\"og:image:width\" content=\"2048\" \/>\n\t<meta property=\"og:image:height\" content=\"1152\" \/>\n\t<meta property=\"og:image:type\" content=\"image\/jpeg\" \/>\n<meta name=\"author\" content=\"Tuzla Info\" \/>\n<meta name=\"twitter:card\" content=\"summary_large_image\" \/>\n<meta name=\"twitter:label1\" content=\"Written by\" \/>\n\t<meta name=\"twitter:data1\" content=\"Tuzla Info\" \/>\n\t<meta name=\"twitter:label2\" content=\"Est. reading time\" \/>\n\t<meta name=\"twitter:data2\" content=\"1 minuta\" \/>\n<script type=\"application\/ld+json\" class=\"yoast-schema-graph\">{\"@context\":\"https:\/\/schema.org\",\"@graph\":[{\"@type\":\"Article\",\"@id\":\"https:\/\/tuzlainfo.ba\/index.php\/najava-dogadaja-2\/item\/294055-medzlis-iz-tuzla-obiljezava-15-februar-mevludskom-svecanoscu\/#article\",\"isPartOf\":{\"@id\":\"https:\/\/tuzlainfo.ba\/index.php\/najava-dogadaja-2\/item\/294055-medzlis-iz-tuzla-obiljezava-15-februar-mevludskom-svecanoscu\/\"},\"author\":{\"name\":\"Tuzla Info\",\"@id\":\"https:\/\/tuzlainfo.ba\/#\/schema\/person\/46cad4c57790cbc50781edd14870825a\"},\"headline\":\"Med\u017elis IZ Tuzla obilje\u017eava 15. februar mevludskom sve\u010dano\u0161\u0107u\",\"datePublished\":\"2026-02-09T17:20:12+00:00\",\"dateModified\":\"2026-02-09T16:33:36+00:00\",\"mainEntityOfPage\":{\"@id\":\"https:\/\/tuzlainfo.ba\/index.php\/najava-dogadaja-2\/item\/294055-medzlis-iz-tuzla-obiljezava-15-februar-mevludskom-svecanoscu\/\"},\"wordCount\":75,\"publisher\":{\"@id\":\"https:\/\/tuzlainfo.ba\/#organization\"},\"image\":{\"@id\":\"https:\/\/tuzlainfo.ba\/index.php\/najava-dogadaja-2\/item\/294055-medzlis-iz-tuzla-obiljezava-15-februar-mevludskom-svecanoscu\/#primaryimage\"},\"thumbnailUrl\":\"https:\/\/tuzlainfo.ba\/wp-content\/uploads\/2024\/02\/0702_turalibegova.jpg\",\"keywords\":[\"mevludska sve\u010danost\"],\"articleSection\":[\"Najave i doga\u0111aji\"],\"inLanguage\":\"bs-BA\"},{\"@type\":\"WebPage\",\"@id\":\"https:\/\/tuzlainfo.ba\/index.php\/najava-dogadaja-2\/item\/294055-medzlis-iz-tuzla-obiljezava-15-februar-mevludskom-svecanoscu\/\",\"url\":\"https:\/\/tuzlainfo.ba\/index.php\/najava-dogadaja-2\/item\/294055-medzlis-iz-tuzla-obiljezava-15-februar-mevludskom-svecanoscu\/\",\"name\":\"Med\u017elis IZ Tuzla obilje\u017eava 15. februar mevludskom sve\u010dano\u0161\u0107u - TuzlaInfo.ba\",\"isPartOf\":{\"@id\":\"https:\/\/tuzlainfo.ba\/#website\"},\"primaryImageOfPage\":{\"@id\":\"https:\/\/tuzlainfo.ba\/index.php\/najava-dogadaja-2\/item\/294055-medzlis-iz-tuzla-obiljezava-15-februar-mevludskom-svecanoscu\/#primaryimage\"},\"image\":{\"@id\":\"https:\/\/tuzlainfo.ba\/index.php\/najava-dogadaja-2\/item\/294055-medzlis-iz-tuzla-obiljezava-15-februar-mevludskom-svecanoscu\/#primaryimage\"},\"thumbnailUrl\":\"https:\/\/tuzlainfo.ba\/wp-content\/uploads\/2024\/02\/0702_turalibegova.jpg\",\"datePublished\":\"2026-02-09T17:20:12+00:00\",\"dateModified\":\"2026-02-09T16:33:36+00:00\",\"breadcrumb\":{\"@id\":\"https:\/\/tuzlainfo.ba\/index.php\/najava-dogadaja-2\/item\/294055-medzlis-iz-tuzla-obiljezava-15-februar-mevludskom-svecanoscu\/#breadcrumb\"},\"inLanguage\":\"bs-BA\",\"potentialAction\":[{\"@type\":\"ReadAction\",\"target\":[\"https:\/\/tuzlainfo.ba\/index.php\/najava-dogadaja-2\/item\/294055-medzlis-iz-tuzla-obiljezava-15-februar-mevludskom-svecanoscu\/\"]}]},{\"@type\":\"ImageObject\",\"inLanguage\":\"bs-BA\",\"@id\":\"https:\/\/tuzlainfo.ba\/index.php\/najava-dogadaja-2\/item\/294055-medzlis-iz-tuzla-obiljezava-15-februar-mevludskom-svecanoscu\/#primaryimage\",\"url\":\"https:\/\/tuzlainfo.ba\/wp-content\/uploads\/2024\/02\/0702_turalibegova.jpg\",\"contentUrl\":\"https:\/\/tuzlainfo.ba\/wp-content\/uploads\/2024\/02\/0702_turalibegova.jpg\",\"width\":2048,\"height\":1152},{\"@type\":\"BreadcrumbList\",\"@id\":\"https:\/\/tuzlainfo.ba\/index.php\/najava-dogadaja-2\/item\/294055-medzlis-iz-tuzla-obiljezava-15-februar-mevludskom-svecanoscu\/#breadcrumb\",\"itemListElement\":[{\"@type\":\"ListItem\",\"position\":1,\"name\":\"Home\",\"item\":\"https:\/\/tuzlainfo.ba\/\"},{\"@type\":\"ListItem\",\"position\":2,\"name\":\"Med\u017elis IZ Tuzla obilje\u017eava 15. februar mevludskom sve\u010dano\u0161\u0107u\"}]},{\"@type\":\"WebSite\",\"@id\":\"https:\/\/tuzlainfo.ba\/#website\",\"url\":\"https:\/\/tuzlainfo.ba\/\",\"name\":\"TuzlaInfo.ba\",\"description\":\"Tuzla info, gradski informator - Tuzla na dlanu\",\"publisher\":{\"@id\":\"https:\/\/tuzlainfo.ba\/#organization\"},\"potentialAction\":[{\"@type\":\"SearchAction\",\"target\":{\"@type\":\"EntryPoint\",\"urlTemplate\":\"https:\/\/tuzlainfo.ba\/?s={search_term_string}\"},\"query-input\":{\"@type\":\"PropertyValueSpecification\",\"valueRequired\":true,\"valueName\":\"search_term_string\"}}],\"inLanguage\":\"bs-BA\"},{\"@type\":\"Organization\",\"@id\":\"https:\/\/tuzlainfo.ba\/#organization\",\"name\":\"TuzlaInfo.ba\",\"url\":\"https:\/\/tuzlainfo.ba\/\",\"logo\":{\"@type\":\"ImageObject\",\"inLanguage\":\"bs-BA\",\"@id\":\"https:\/\/tuzlainfo.ba\/#\/schema\/logo\/image\/\",\"url\":\"https:\/\/tuzlainfo.ba\/wp-content\/uploads\/2021\/03\/logo-ver-3-1.png\",\"contentUrl\":\"https:\/\/tuzlainfo.ba\/wp-content\/uploads\/2021\/03\/logo-ver-3-1.png\",\"width\":350,\"height\":95,\"caption\":\"TuzlaInfo.ba\"},\"image\":{\"@id\":\"https:\/\/tuzlainfo.ba\/#\/schema\/logo\/image\/\"},\"sameAs\":[\"https:\/\/www.facebook.com\/tuzlainfo.ba\/\"]},{\"@type\":\"Person\",\"@id\":\"https:\/\/tuzlainfo.ba\/#\/schema\/person\/46cad4c57790cbc50781edd14870825a\",\"name\":\"Tuzla Info\",\"image\":{\"@type\":\"ImageObject\",\"inLanguage\":\"bs-BA\",\"@id\":\"https:\/\/tuzlainfo.ba\/#\/schema\/person\/image\/\",\"url\":\"https:\/\/tuzlainfo.ba\/wp-content\/litespeed\/avatar\/b6c453a6c38e3654f2e4416c643fc25c.jpg?ver=1777051911\",\"contentUrl\":\"https:\/\/tuzlainfo.ba\/wp-content\/litespeed\/avatar\/b6c453a6c38e3654f2e4416c643fc25c.jpg?ver=1777051911\",\"caption\":\"Tuzla Info\"}}]}<\/script>\n<!-- \/ Yoast SEO plugin. -->","yoast_head_json":{"title":"Med\u017elis IZ Tuzla obilje\u017eava 15. februar mevludskom sve\u010dano\u0161\u0107u - TuzlaInfo.ba","robots":{"index":"index","follow":"follow","max-snippet":"max-snippet:-1","max-image-preview":"max-image-preview:large","max-video-preview":"max-video-preview:-1"},"canonical":"https:\/\/tuzlainfo.ba\/index.php\/najava-dogadaja-2\/item\/294055-medzlis-iz-tuzla-obiljezava-15-februar-mevludskom-svecanoscu\/","og_locale":"bs_BA","og_type":"article","og_title":"Med\u017elis IZ Tuzla obilje\u017eava 15. februar mevludskom sve\u010dano\u0161\u0107u - TuzlaInfo.ba","og_description":"Med\u017elis Islamske zajednice Tuzla organizuje mevludsku sve\u010danost povodom 15. februara \u2013 Dana Med\u017elisa, te obilje\u017eavanja&hellip;","og_url":"https:\/\/tuzlainfo.ba\/index.php\/najava-dogadaja-2\/item\/294055-medzlis-iz-tuzla-obiljezava-15-februar-mevludskom-svecanoscu\/","og_site_name":"TuzlaInfo.ba","article_publisher":"https:\/\/www.facebook.com\/tuzlainfo.ba\/","article_published_time":"2026-02-09T17:20:12+00:00","article_modified_time":"2026-02-09T16:33:36+00:00","og_image":[{"width":2048,"height":1152,"url":"https:\/\/tuzlainfo.ba\/wp-content\/uploads\/2024\/02\/0702_turalibegova.jpg","type":"image\/jpeg"}],"author":"Tuzla Info","twitter_card":"summary_large_image","twitter_misc":{"Written by":"Tuzla Info","Est. reading time":"1 minuta"},"schema":{"@context":"https:\/\/schema.org","@graph":[{"@type":"Article","@id":"https:\/\/tuzlainfo.ba\/index.php\/najava-dogadaja-2\/item\/294055-medzlis-iz-tuzla-obiljezava-15-februar-mevludskom-svecanoscu\/#article","isPartOf":{"@id":"https:\/\/tuzlainfo.ba\/index.php\/najava-dogadaja-2\/item\/294055-medzlis-iz-tuzla-obiljezava-15-februar-mevludskom-svecanoscu\/"},"author":{"name":"Tuzla Info","@id":"https:\/\/tuzlainfo.ba\/#\/schema\/person\/46cad4c57790cbc50781edd14870825a"},"headline":"Med\u017elis IZ Tuzla obilje\u017eava 15. februar mevludskom sve\u010dano\u0161\u0107u","datePublished":"2026-02-09T17:20:12+00:00","dateModified":"2026-02-09T16:33:36+00:00","mainEntityOfPage":{"@id":"https:\/\/tuzlainfo.ba\/index.php\/najava-dogadaja-2\/item\/294055-medzlis-iz-tuzla-obiljezava-15-februar-mevludskom-svecanoscu\/"},"wordCount":75,"publisher":{"@id":"https:\/\/tuzlainfo.ba\/#organization"},"image":{"@id":"https:\/\/tuzlainfo.ba\/index.php\/najava-dogadaja-2\/item\/294055-medzlis-iz-tuzla-obiljezava-15-februar-mevludskom-svecanoscu\/#primaryimage"},"thumbnailUrl":"https:\/\/tuzlainfo.ba\/wp-content\/uploads\/2024\/02\/0702_turalibegova.jpg","keywords":["mevludska sve\u010danost"],"articleSection":["Najave i doga\u0111aji"],"inLanguage":"bs-BA"},{"@type":"WebPage","@id":"https:\/\/tuzlainfo.ba\/index.php\/najava-dogadaja-2\/item\/294055-medzlis-iz-tuzla-obiljezava-15-februar-mevludskom-svecanoscu\/","url":"https:\/\/tuzlainfo.ba\/index.php\/najava-dogadaja-2\/item\/294055-medzlis-iz-tuzla-obiljezava-15-februar-mevludskom-svecanoscu\/","name":"Med\u017elis IZ Tuzla obilje\u017eava 15. februar mevludskom sve\u010dano\u0161\u0107u - TuzlaInfo.ba","isPartOf":{"@id":"https:\/\/tuzlainfo.ba\/#website"},"primaryImageOfPage":{"@id":"https:\/\/tuzlainfo.ba\/index.php\/najava-dogadaja-2\/item\/294055-medzlis-iz-tuzla-obiljezava-15-februar-mevludskom-svecanoscu\/#primaryimage"},"image":{"@id":"https:\/\/tuzlainfo.ba\/index.php\/najava-dogadaja-2\/item\/294055-medzlis-iz-tuzla-obiljezava-15-februar-mevludskom-svecanoscu\/#primaryimage"},"thumbnailUrl":"https:\/\/tuzlainfo.ba\/wp-content\/uploads\/2024\/02\/0702_turalibegova.jpg","datePublished":"2026-02-09T17:20:12+00:00","dateModified":"2026-02-09T16:33:36+00:00","breadcrumb":{"@id":"https:\/\/tuzlainfo.ba\/index.php\/najava-dogadaja-2\/item\/294055-medzlis-iz-tuzla-obiljezava-15-februar-mevludskom-svecanoscu\/#breadcrumb"},"inLanguage":"bs-BA","potentialAction":[{"@type":"ReadAction","target":["https:\/\/tuzlainfo.ba\/index.php\/najava-dogadaja-2\/item\/294055-medzlis-iz-tuzla-obiljezava-15-februar-mevludskom-svecanoscu\/"]}]},{"@type":"ImageObject","inLanguage":"bs-BA","@id":"https:\/\/tuzlainfo.ba\/index.php\/najava-dogadaja-2\/item\/294055-medzlis-iz-tuzla-obiljezava-15-februar-mevludskom-svecanoscu\/#primaryimage","url":"https:\/\/tuzlainfo.ba\/wp-content\/uploads\/2024\/02\/0702_turalibegova.jpg","contentUrl":"https:\/\/tuzlainfo.ba\/wp-content\/uploads\/2024\/02\/0702_turalibegova.jpg","width":2048,"height":1152},{"@type":"BreadcrumbList","@id":"https:\/\/tuzlainfo.ba\/index.php\/najava-dogadaja-2\/item\/294055-medzlis-iz-tuzla-obiljezava-15-februar-mevludskom-svecanoscu\/#breadcrumb","itemListElement":[{"@type":"ListItem","position":1,"name":"Home","item":"https:\/\/tuzlainfo.ba\/"},{"@type":"ListItem","position":2,"name":"Med\u017elis IZ Tuzla obilje\u017eava 15. februar mevludskom sve\u010dano\u0161\u0107u"}]},{"@type":"WebSite","@id":"https:\/\/tuzlainfo.ba\/#website","url":"https:\/\/tuzlainfo.ba\/","name":"TuzlaInfo.ba","description":"Tuzla info, gradski informator - Tuzla na dlanu","publisher":{"@id":"https:\/\/tuzlainfo.ba\/#organization"},"potentialAction":[{"@type":"SearchAction","target":{"@type":"EntryPoint","urlTemplate":"https:\/\/tuzlainfo.ba\/?s={search_term_string}"},"query-input":{"@type":"PropertyValueSpecification","valueRequired":true,"valueName":"search_term_string"}}],"inLanguage":"bs-BA"},{"@type":"Organization","@id":"https:\/\/tuzlainfo.ba\/#organization","name":"TuzlaInfo.ba","url":"https:\/\/tuzlainfo.ba\/","logo":{"@type":"ImageObject","inLanguage":"bs-BA","@id":"https:\/\/tuzlainfo.ba\/#\/schema\/logo\/image\/","url":"https:\/\/tuzlainfo.ba\/wp-content\/uploads\/2021\/03\/logo-ver-3-1.png","contentUrl":"https:\/\/tuzlainfo.ba\/wp-content\/uploads\/2021\/03\/logo-ver-3-1.png","width":350,"height":95,"caption":"TuzlaInfo.ba"},"image":{"@id":"https:\/\/tuzlainfo.ba\/#\/schema\/logo\/image\/"},"sameAs":["https:\/\/www.facebook.com\/tuzlainfo.ba\/"]},{"@type":"Person","@id":"https:\/\/tuzlainfo.ba\/#\/schema\/person\/46cad4c57790cbc50781edd14870825a","name":"Tuzla Info","image":{"@type":"ImageObject","inLanguage":"bs-BA","@id":"https:\/\/tuzlainfo.ba\/#\/schema\/person\/image\/","url":"https:\/\/tuzlainfo.ba\/wp-content\/litespeed\/avatar\/b6c453a6c38e3654f2e4416c643fc25c.jpg?ver=1777051911","contentUrl":"https:\/\/tuzlainfo.ba\/wp-content\/litespeed\/avatar\/b6c453a6c38e3654f2e4416c643fc25c.jpg?ver=1777051911","caption":"Tuzla Info"}}]}},"_links":{"self":[{"href":"https:\/\/tuzlainfo.ba\/index.php\/wp-json\/wp\/v2\/posts\/294055"}],"collection":[{"href":"https:\/\/tuzlainfo.ba\/index.php\/wp-json\/wp\/v2\/posts"}],"about":[{"href":"https:\/\/tuzlainfo.ba\/index.php\/wp-json\/wp\/v2\/types\/post"}],"author":[{"embeddable":true,"href":"https:\/\/tuzlainfo.ba\/index.php\/wp-json\/wp\/v2\/users\/4"}],"replies":[{"embeddable":true,"href":"https:\/\/tuzlainfo.ba\/index.php\/wp-json\/wp\/v2\/comments?post=294055"}],"version-history":[{"count":1,"href":"https:\/\/tuzlainfo.ba\/index.php\/wp-json\/wp\/v2\/posts\/294055\/revisions"}],"predecessor-version":[{"id":294059,"href":"https:\/\/tuzlainfo.ba\/index.php\/wp-json\/wp\/v2\/posts\/294055\/revisions\/294059"}],"wp:featuredmedia":[{"embeddable":true,"href":"https:\/\/tuzlainfo.ba\/index.php\/wp-json\/wp\/v2\/media\/229414"}],"wp:attachment":[{"href":"https:\/\/tuzlainfo.ba\/index.php\/wp-json\/wp\/v2\/media?parent=294055"}],"wp:term":[{"taxonomy":"category","embeddable":true,"href":"https:\/\/tuzlainfo.ba\/index.php\/wp-json\/wp\/v2\/categories?post=294055"},{"taxonomy":"post_tag","embeddable":true,"href":"https:\/\/tuzlainfo.ba\/index.php\/wp-json\/wp\/v2\/tags?post=294055"}],"curies":[{"name":"wp","href":"https:\/\/api.w.org\/{rel}","templated":true}]}}