{"id":294033,"date":"2026-02-09T10:48:00","date_gmt":"2026-02-09T09:48:00","guid":{"rendered":"https:\/\/tuzlainfo.ba\/?p=294033"},"modified":"2026-02-09T10:39:53","modified_gmt":"2026-02-09T09:39:53","slug":"vukanovic-narod-bi-glasao-i-za-magare-da-ga-je-dodik-postavio","status":"publish","type":"post","link":"https:\/\/tuzlainfo.ba\/index.php\/bosna-i-hercegovina\/item\/294033-vukanovic-narod-bi-glasao-i-za-magare-da-ga-je-dodik-postavio\/","title":{"rendered":"Vukanovi\u0107: Narod bi glasao i za magare da ga je Dodik postavio"},"content":{"rendered":"<p>Neboj\u0161a Vukanovi\u0107, poslanik u Narodnoj skup\u0161tini Republike Srpske i lider Liste za pravdu i red, o\u0161tro je reagovao na rezultate ponovljenih izbora za predsjednika RS, na kojima je kandidat SNSD-a Sini\u0161a Karan pobijedio opozicionog kandidata Branka Blanu\u0161u sa gotovo 11 hiljada glasova razlike.<\/p>\n<p>Komentari\u0161u\u0107i ishod glasanja, Vukanovi\u0107 je izjavio da su rezultati pokazali politi\u010dko raspolo\u017eenje bira\u010da i na\u010din na koji se donose odluke na izborima.<\/p>\n<p>\u201eSve je jasno. Izbori su pokazali \u0161ta vole i \u0161ta \u017eele gra\u0111ani RS i da su spremni za novac glasati za one koji ih godinama uni\u0161tavaju\u201c, rekao je Vukanovi\u0107.<\/p>\n<p>Dodao je da su, prema njegovoj ocjeni, bira\u010di razli\u010ditih nacionalnosti dali podr\u0161ku kandidatu SNSD-a. \u201eNarod voli pare, okove i lance. \u010cestitam Srbima i Bo\u0161njacima koji su se ujedinili i sna\u017eno podr\u017eali Karana. \u0160ta da ka\u017eem. \u0160to ih Dodik vi\u0161e poni\u017eava i gazi, \u0161to ih vi\u0161e vrije\u0111a, oni jo\u0161 vi\u0161e glasaju. I Srbi i Bo\u0161njaci slo\u017eno su podr\u017eali Karana. Ovo je sada pitanje od milion dolara. Za\u0161to podr\u017eavaju i glasaju za one koje ih tla\u010de\u201c, naveo je.<\/p>\n<p>Vukanovi\u0107 tvrdi da je klju\u010dni faktor izbornog rezultata bio novac i resursi kojima raspola\u017ee vlast. \u201ePresudile su pare, to je jasno kao dan. Ljudi ne shvataju da je to njihov novac. Glasali su za Karana, \u010dovjeka kojeg nisu vidjeli tri mjeseca. Da je Dodik postavi magare, oni bi glasali za njega, jer nisu gledali ni za koga glasaju\u201c, rekao je.<\/p>\n<p>Govore\u0107i o odnosu snaga na politi\u010dkoj sceni, naveo je da je opozicija u znatno lo\u0161ijem polo\u017eaju. \u201eOd ovoga nema odbrane. Sve su resurse tome podredili. Opozicija nema nijednu marku od maja pro\u0161le godine. I sve prolazi, svi sve gledaju\u201c, kazao je Vukanovi\u0107.<\/p>\n<p>U izjavi se osvrnuo i na me\u0111unarodni faktor. \u201eI onda vidimo da Dodika podr\u017eavaju i sve sile svijeta. \u0160to je ve\u0107i problem za zemlju, ima ve\u0107u podr\u0161ku. \u0160uti me\u0111unarodna zajednica, \u0161ute svi. Oni se bahate i vrije\u0111aju, cijela Evropa i svijet sve vide\u201c, rekao je Vukanovi\u0107 za <a href=\"https:\/\/raport.ba\/vukanovic-za-raport-o-izborima-u-rs-narod-voli-pare-okove-i-lance-da-je-dodik-postavio-i-magare-narod-bi-glasao-za-magare\" target=\"_blank\" rel=\"noopener\">Raport<\/a>.<\/p>\n","protected":false},"excerpt":{"rendered":"<p>Neboj\u0161a Vukanovi\u0107, poslanik u Narodnoj skup\u0161tini Republike Srpske i lider Liste za pravdu i red,&hellip;<\/p>\n","protected":false},"author":8,"featured_media":287275,"comment_status":"closed","ping_status":"closed","sticky":false,"template":"","format":"standard","meta":{"_acf_changed":false,"footnotes":""},"categories":[291],"tags":[535,1341],"acf":[],"yoast_head":"<!-- This site is optimized with the Yoast SEO plugin v23.5 - https:\/\/yoast.com\/wordpress\/plugins\/seo\/ -->\n<title>Vukanovi\u0107: Narod bi glasao i za magare da ga je Dodik postavio - TuzlaInfo.ba<\/title>\n<meta name=\"robots\" content=\"index, follow, max-snippet:-1, max-image-preview:large, max-video-preview:-1\" \/>\n<link rel=\"canonical\" href=\"https:\/\/tuzlainfo.ba\/index.php\/bosna-i-hercegovina\/item\/294033-vukanovic-narod-bi-glasao-i-za-magare-da-ga-je-dodik-postavio\/\" \/>\n<meta property=\"og:locale\" content=\"bs_BA\" \/>\n<meta property=\"og:type\" content=\"article\" \/>\n<meta property=\"og:title\" content=\"Vukanovi\u0107: Narod bi glasao i za magare da ga je Dodik postavio - TuzlaInfo.ba\" \/>\n<meta property=\"og:description\" content=\"Neboj\u0161a Vukanovi\u0107, poslanik u Narodnoj skup\u0161tini Republike Srpske i lider Liste za pravdu i red,&hellip;\" \/>\n<meta property=\"og:url\" content=\"https:\/\/tuzlainfo.ba\/index.php\/bosna-i-hercegovina\/item\/294033-vukanovic-narod-bi-glasao-i-za-magare-da-ga-je-dodik-postavio\/\" \/>\n<meta property=\"og:site_name\" content=\"TuzlaInfo.ba\" \/>\n<meta property=\"article:publisher\" content=\"https:\/\/www.facebook.com\/tuzlainfo.ba\/\" \/>\n<meta property=\"article:published_time\" content=\"2026-02-09T09:48:00+00:00\" \/>\n<meta property=\"article:modified_time\" content=\"2026-02-09T09:39:53+00:00\" \/>\n<meta property=\"og:image\" content=\"https:\/\/tuzlainfo.ba\/wp-content\/uploads\/2025\/11\/2411_nebojsa-vukanovic.jpeg\" \/>\n\t<meta property=\"og:image:width\" content=\"2560\" \/>\n\t<meta property=\"og:image:height\" content=\"1439\" \/>\n\t<meta property=\"og:image:type\" content=\"image\/jpeg\" \/>\n<meta name=\"author\" content=\"Admin Tri\" \/>\n<meta name=\"twitter:card\" content=\"summary_large_image\" \/>\n<meta name=\"twitter:label1\" content=\"Written by\" \/>\n\t<meta name=\"twitter:data1\" content=\"Admin Tri\" \/>\n\t<meta name=\"twitter:label2\" content=\"Est. reading time\" \/>\n\t<meta name=\"twitter:data2\" content=\"2 minute\" \/>\n<script type=\"application\/ld+json\" class=\"yoast-schema-graph\">{\"@context\":\"https:\/\/schema.org\",\"@graph\":[{\"@type\":\"Article\",\"@id\":\"https:\/\/tuzlainfo.ba\/index.php\/bosna-i-hercegovina\/item\/294033-vukanovic-narod-bi-glasao-i-za-magare-da-ga-je-dodik-postavio\/#article\",\"isPartOf\":{\"@id\":\"https:\/\/tuzlainfo.ba\/index.php\/bosna-i-hercegovina\/item\/294033-vukanovic-narod-bi-glasao-i-za-magare-da-ga-je-dodik-postavio\/\"},\"author\":{\"name\":\"Admin Tri\",\"@id\":\"https:\/\/tuzlainfo.ba\/#\/schema\/person\/593e78a2f6378c5ba3e7600ecfa4e63a\"},\"headline\":\"Vukanovi\u0107: Narod bi glasao i za magare da ga je Dodik postavio\",\"datePublished\":\"2026-02-09T09:48:00+00:00\",\"dateModified\":\"2026-02-09T09:39:53+00:00\",\"mainEntityOfPage\":{\"@id\":\"https:\/\/tuzlainfo.ba\/index.php\/bosna-i-hercegovina\/item\/294033-vukanovic-narod-bi-glasao-i-za-magare-da-ga-je-dodik-postavio\/\"},\"wordCount\":376,\"publisher\":{\"@id\":\"https:\/\/tuzlainfo.ba\/#organization\"},\"image\":{\"@id\":\"https:\/\/tuzlainfo.ba\/index.php\/bosna-i-hercegovina\/item\/294033-vukanovic-narod-bi-glasao-i-za-magare-da-ga-je-dodik-postavio\/#primaryimage\"},\"thumbnailUrl\":\"https:\/\/tuzlainfo.ba\/wp-content\/uploads\/2025\/11\/2411_nebojsa-vukanovic.jpeg\",\"keywords\":[\"milorad dodik\",\"neboj\u0161a Vukanovi\u0107\"],\"articleSection\":[\"Bosna i Hercegovina\"],\"inLanguage\":\"bs-BA\"},{\"@type\":\"WebPage\",\"@id\":\"https:\/\/tuzlainfo.ba\/index.php\/bosna-i-hercegovina\/item\/294033-vukanovic-narod-bi-glasao-i-za-magare-da-ga-je-dodik-postavio\/\",\"url\":\"https:\/\/tuzlainfo.ba\/index.php\/bosna-i-hercegovina\/item\/294033-vukanovic-narod-bi-glasao-i-za-magare-da-ga-je-dodik-postavio\/\",\"name\":\"Vukanovi\u0107: Narod bi glasao i za magare da ga je Dodik postavio - TuzlaInfo.ba\",\"isPartOf\":{\"@id\":\"https:\/\/tuzlainfo.ba\/#website\"},\"primaryImageOfPage\":{\"@id\":\"https:\/\/tuzlainfo.ba\/index.php\/bosna-i-hercegovina\/item\/294033-vukanovic-narod-bi-glasao-i-za-magare-da-ga-je-dodik-postavio\/#primaryimage\"},\"image\":{\"@id\":\"https:\/\/tuzlainfo.ba\/index.php\/bosna-i-hercegovina\/item\/294033-vukanovic-narod-bi-glasao-i-za-magare-da-ga-je-dodik-postavio\/#primaryimage\"},\"thumbnailUrl\":\"https:\/\/tuzlainfo.ba\/wp-content\/uploads\/2025\/11\/2411_nebojsa-vukanovic.jpeg\",\"datePublished\":\"2026-02-09T09:48:00+00:00\",\"dateModified\":\"2026-02-09T09:39:53+00:00\",\"breadcrumb\":{\"@id\":\"https:\/\/tuzlainfo.ba\/index.php\/bosna-i-hercegovina\/item\/294033-vukanovic-narod-bi-glasao-i-za-magare-da-ga-je-dodik-postavio\/#breadcrumb\"},\"inLanguage\":\"bs-BA\",\"potentialAction\":[{\"@type\":\"ReadAction\",\"target\":[\"https:\/\/tuzlainfo.ba\/index.php\/bosna-i-hercegovina\/item\/294033-vukanovic-narod-bi-glasao-i-za-magare-da-ga-je-dodik-postavio\/\"]}]},{\"@type\":\"ImageObject\",\"inLanguage\":\"bs-BA\",\"@id\":\"https:\/\/tuzlainfo.ba\/index.php\/bosna-i-hercegovina\/item\/294033-vukanovic-narod-bi-glasao-i-za-magare-da-ga-je-dodik-postavio\/#primaryimage\",\"url\":\"https:\/\/tuzlainfo.ba\/wp-content\/uploads\/2025\/11\/2411_nebojsa-vukanovic.jpeg\",\"contentUrl\":\"https:\/\/tuzlainfo.ba\/wp-content\/uploads\/2025\/11\/2411_nebojsa-vukanovic.jpeg\",\"width\":2560,\"height\":1439},{\"@type\":\"BreadcrumbList\",\"@id\":\"https:\/\/tuzlainfo.ba\/index.php\/bosna-i-hercegovina\/item\/294033-vukanovic-narod-bi-glasao-i-za-magare-da-ga-je-dodik-postavio\/#breadcrumb\",\"itemListElement\":[{\"@type\":\"ListItem\",\"position\":1,\"name\":\"Home\",\"item\":\"https:\/\/tuzlainfo.ba\/\"},{\"@type\":\"ListItem\",\"position\":2,\"name\":\"Vukanovi\u0107: Narod bi glasao i za magare da ga je Dodik postavio\"}]},{\"@type\":\"WebSite\",\"@id\":\"https:\/\/tuzlainfo.ba\/#website\",\"url\":\"https:\/\/tuzlainfo.ba\/\",\"name\":\"TuzlaInfo.ba\",\"description\":\"Tuzla info, gradski informator - Tuzla na dlanu\",\"publisher\":{\"@id\":\"https:\/\/tuzlainfo.ba\/#organization\"},\"potentialAction\":[{\"@type\":\"SearchAction\",\"target\":{\"@type\":\"EntryPoint\",\"urlTemplate\":\"https:\/\/tuzlainfo.ba\/?s={search_term_string}\"},\"query-input\":{\"@type\":\"PropertyValueSpecification\",\"valueRequired\":true,\"valueName\":\"search_term_string\"}}],\"inLanguage\":\"bs-BA\"},{\"@type\":\"Organization\",\"@id\":\"https:\/\/tuzlainfo.ba\/#organization\",\"name\":\"TuzlaInfo.ba\",\"url\":\"https:\/\/tuzlainfo.ba\/\",\"logo\":{\"@type\":\"ImageObject\",\"inLanguage\":\"bs-BA\",\"@id\":\"https:\/\/tuzlainfo.ba\/#\/schema\/logo\/image\/\",\"url\":\"https:\/\/tuzlainfo.ba\/wp-content\/uploads\/2021\/03\/logo-ver-3-1.png\",\"contentUrl\":\"https:\/\/tuzlainfo.ba\/wp-content\/uploads\/2021\/03\/logo-ver-3-1.png\",\"width\":350,\"height\":95,\"caption\":\"TuzlaInfo.ba\"},\"image\":{\"@id\":\"https:\/\/tuzlainfo.ba\/#\/schema\/logo\/image\/\"},\"sameAs\":[\"https:\/\/www.facebook.com\/tuzlainfo.ba\/\"]},{\"@type\":\"Person\",\"@id\":\"https:\/\/tuzlainfo.ba\/#\/schema\/person\/593e78a2f6378c5ba3e7600ecfa4e63a\",\"name\":\"Admin Tri\",\"image\":{\"@type\":\"ImageObject\",\"inLanguage\":\"bs-BA\",\"@id\":\"https:\/\/tuzlainfo.ba\/#\/schema\/person\/image\/\",\"url\":\"https:\/\/tuzlainfo.ba\/wp-content\/litespeed\/avatar\/b7920db4cc34a71ad12497283ad2fe3f.jpg?ver=1777100914\",\"contentUrl\":\"https:\/\/tuzlainfo.ba\/wp-content\/litespeed\/avatar\/b7920db4cc34a71ad12497283ad2fe3f.jpg?ver=1777100914\",\"caption\":\"Admin Tri\"},\"sameAs\":[\"https:\/\/tuzlainfo.ba\"]}]}<\/script>\n<!-- \/ Yoast SEO plugin. -->","yoast_head_json":{"title":"Vukanovi\u0107: Narod bi glasao i za magare da ga je Dodik postavio - TuzlaInfo.ba","robots":{"index":"index","follow":"follow","max-snippet":"max-snippet:-1","max-image-preview":"max-image-preview:large","max-video-preview":"max-video-preview:-1"},"canonical":"https:\/\/tuzlainfo.ba\/index.php\/bosna-i-hercegovina\/item\/294033-vukanovic-narod-bi-glasao-i-za-magare-da-ga-je-dodik-postavio\/","og_locale":"bs_BA","og_type":"article","og_title":"Vukanovi\u0107: Narod bi glasao i za magare da ga je Dodik postavio - TuzlaInfo.ba","og_description":"Neboj\u0161a Vukanovi\u0107, poslanik u Narodnoj skup\u0161tini Republike Srpske i lider Liste za pravdu i red,&hellip;","og_url":"https:\/\/tuzlainfo.ba\/index.php\/bosna-i-hercegovina\/item\/294033-vukanovic-narod-bi-glasao-i-za-magare-da-ga-je-dodik-postavio\/","og_site_name":"TuzlaInfo.ba","article_publisher":"https:\/\/www.facebook.com\/tuzlainfo.ba\/","article_published_time":"2026-02-09T09:48:00+00:00","article_modified_time":"2026-02-09T09:39:53+00:00","og_image":[{"width":2560,"height":1439,"url":"https:\/\/tuzlainfo.ba\/wp-content\/uploads\/2025\/11\/2411_nebojsa-vukanovic.jpeg","type":"image\/jpeg"}],"author":"Admin Tri","twitter_card":"summary_large_image","twitter_misc":{"Written by":"Admin Tri","Est. reading time":"2 minute"},"schema":{"@context":"https:\/\/schema.org","@graph":[{"@type":"Article","@id":"https:\/\/tuzlainfo.ba\/index.php\/bosna-i-hercegovina\/item\/294033-vukanovic-narod-bi-glasao-i-za-magare-da-ga-je-dodik-postavio\/#article","isPartOf":{"@id":"https:\/\/tuzlainfo.ba\/index.php\/bosna-i-hercegovina\/item\/294033-vukanovic-narod-bi-glasao-i-za-magare-da-ga-je-dodik-postavio\/"},"author":{"name":"Admin Tri","@id":"https:\/\/tuzlainfo.ba\/#\/schema\/person\/593e78a2f6378c5ba3e7600ecfa4e63a"},"headline":"Vukanovi\u0107: Narod bi glasao i za magare da ga je Dodik postavio","datePublished":"2026-02-09T09:48:00+00:00","dateModified":"2026-02-09T09:39:53+00:00","mainEntityOfPage":{"@id":"https:\/\/tuzlainfo.ba\/index.php\/bosna-i-hercegovina\/item\/294033-vukanovic-narod-bi-glasao-i-za-magare-da-ga-je-dodik-postavio\/"},"wordCount":376,"publisher":{"@id":"https:\/\/tuzlainfo.ba\/#organization"},"image":{"@id":"https:\/\/tuzlainfo.ba\/index.php\/bosna-i-hercegovina\/item\/294033-vukanovic-narod-bi-glasao-i-za-magare-da-ga-je-dodik-postavio\/#primaryimage"},"thumbnailUrl":"https:\/\/tuzlainfo.ba\/wp-content\/uploads\/2025\/11\/2411_nebojsa-vukanovic.jpeg","keywords":["milorad dodik","neboj\u0161a Vukanovi\u0107"],"articleSection":["Bosna i Hercegovina"],"inLanguage":"bs-BA"},{"@type":"WebPage","@id":"https:\/\/tuzlainfo.ba\/index.php\/bosna-i-hercegovina\/item\/294033-vukanovic-narod-bi-glasao-i-za-magare-da-ga-je-dodik-postavio\/","url":"https:\/\/tuzlainfo.ba\/index.php\/bosna-i-hercegovina\/item\/294033-vukanovic-narod-bi-glasao-i-za-magare-da-ga-je-dodik-postavio\/","name":"Vukanovi\u0107: Narod bi glasao i za magare da ga je Dodik postavio - TuzlaInfo.ba","isPartOf":{"@id":"https:\/\/tuzlainfo.ba\/#website"},"primaryImageOfPage":{"@id":"https:\/\/tuzlainfo.ba\/index.php\/bosna-i-hercegovina\/item\/294033-vukanovic-narod-bi-glasao-i-za-magare-da-ga-je-dodik-postavio\/#primaryimage"},"image":{"@id":"https:\/\/tuzlainfo.ba\/index.php\/bosna-i-hercegovina\/item\/294033-vukanovic-narod-bi-glasao-i-za-magare-da-ga-je-dodik-postavio\/#primaryimage"},"thumbnailUrl":"https:\/\/tuzlainfo.ba\/wp-content\/uploads\/2025\/11\/2411_nebojsa-vukanovic.jpeg","datePublished":"2026-02-09T09:48:00+00:00","dateModified":"2026-02-09T09:39:53+00:00","breadcrumb":{"@id":"https:\/\/tuzlainfo.ba\/index.php\/bosna-i-hercegovina\/item\/294033-vukanovic-narod-bi-glasao-i-za-magare-da-ga-je-dodik-postavio\/#breadcrumb"},"inLanguage":"bs-BA","potentialAction":[{"@type":"ReadAction","target":["https:\/\/tuzlainfo.ba\/index.php\/bosna-i-hercegovina\/item\/294033-vukanovic-narod-bi-glasao-i-za-magare-da-ga-je-dodik-postavio\/"]}]},{"@type":"ImageObject","inLanguage":"bs-BA","@id":"https:\/\/tuzlainfo.ba\/index.php\/bosna-i-hercegovina\/item\/294033-vukanovic-narod-bi-glasao-i-za-magare-da-ga-je-dodik-postavio\/#primaryimage","url":"https:\/\/tuzlainfo.ba\/wp-content\/uploads\/2025\/11\/2411_nebojsa-vukanovic.jpeg","contentUrl":"https:\/\/tuzlainfo.ba\/wp-content\/uploads\/2025\/11\/2411_nebojsa-vukanovic.jpeg","width":2560,"height":1439},{"@type":"BreadcrumbList","@id":"https:\/\/tuzlainfo.ba\/index.php\/bosna-i-hercegovina\/item\/294033-vukanovic-narod-bi-glasao-i-za-magare-da-ga-je-dodik-postavio\/#breadcrumb","itemListElement":[{"@type":"ListItem","position":1,"name":"Home","item":"https:\/\/tuzlainfo.ba\/"},{"@type":"ListItem","position":2,"name":"Vukanovi\u0107: Narod bi glasao i za magare da ga je Dodik postavio"}]},{"@type":"WebSite","@id":"https:\/\/tuzlainfo.ba\/#website","url":"https:\/\/tuzlainfo.ba\/","name":"TuzlaInfo.ba","description":"Tuzla info, gradski informator - Tuzla na dlanu","publisher":{"@id":"https:\/\/tuzlainfo.ba\/#organization"},"potentialAction":[{"@type":"SearchAction","target":{"@type":"EntryPoint","urlTemplate":"https:\/\/tuzlainfo.ba\/?s={search_term_string}"},"query-input":{"@type":"PropertyValueSpecification","valueRequired":true,"valueName":"search_term_string"}}],"inLanguage":"bs-BA"},{"@type":"Organization","@id":"https:\/\/tuzlainfo.ba\/#organization","name":"TuzlaInfo.ba","url":"https:\/\/tuzlainfo.ba\/","logo":{"@type":"ImageObject","inLanguage":"bs-BA","@id":"https:\/\/tuzlainfo.ba\/#\/schema\/logo\/image\/","url":"https:\/\/tuzlainfo.ba\/wp-content\/uploads\/2021\/03\/logo-ver-3-1.png","contentUrl":"https:\/\/tuzlainfo.ba\/wp-content\/uploads\/2021\/03\/logo-ver-3-1.png","width":350,"height":95,"caption":"TuzlaInfo.ba"},"image":{"@id":"https:\/\/tuzlainfo.ba\/#\/schema\/logo\/image\/"},"sameAs":["https:\/\/www.facebook.com\/tuzlainfo.ba\/"]},{"@type":"Person","@id":"https:\/\/tuzlainfo.ba\/#\/schema\/person\/593e78a2f6378c5ba3e7600ecfa4e63a","name":"Admin Tri","image":{"@type":"ImageObject","inLanguage":"bs-BA","@id":"https:\/\/tuzlainfo.ba\/#\/schema\/person\/image\/","url":"https:\/\/tuzlainfo.ba\/wp-content\/litespeed\/avatar\/b7920db4cc34a71ad12497283ad2fe3f.jpg?ver=1777100914","contentUrl":"https:\/\/tuzlainfo.ba\/wp-content\/litespeed\/avatar\/b7920db4cc34a71ad12497283ad2fe3f.jpg?ver=1777100914","caption":"Admin Tri"},"sameAs":["https:\/\/tuzlainfo.ba"]}]}},"_links":{"self":[{"href":"https:\/\/tuzlainfo.ba\/index.php\/wp-json\/wp\/v2\/posts\/294033"}],"collection":[{"href":"https:\/\/tuzlainfo.ba\/index.php\/wp-json\/wp\/v2\/posts"}],"about":[{"href":"https:\/\/tuzlainfo.ba\/index.php\/wp-json\/wp\/v2\/types\/post"}],"author":[{"embeddable":true,"href":"https:\/\/tuzlainfo.ba\/index.php\/wp-json\/wp\/v2\/users\/8"}],"replies":[{"embeddable":true,"href":"https:\/\/tuzlainfo.ba\/index.php\/wp-json\/wp\/v2\/comments?post=294033"}],"version-history":[{"count":1,"href":"https:\/\/tuzlainfo.ba\/index.php\/wp-json\/wp\/v2\/posts\/294033\/revisions"}],"predecessor-version":[{"id":294034,"href":"https:\/\/tuzlainfo.ba\/index.php\/wp-json\/wp\/v2\/posts\/294033\/revisions\/294034"}],"wp:featuredmedia":[{"embeddable":true,"href":"https:\/\/tuzlainfo.ba\/index.php\/wp-json\/wp\/v2\/media\/287275"}],"wp:attachment":[{"href":"https:\/\/tuzlainfo.ba\/index.php\/wp-json\/wp\/v2\/media?parent=294033"}],"wp:term":[{"taxonomy":"category","embeddable":true,"href":"https:\/\/tuzlainfo.ba\/index.php\/wp-json\/wp\/v2\/categories?post=294033"},{"taxonomy":"post_tag","embeddable":true,"href":"https:\/\/tuzlainfo.ba\/index.php\/wp-json\/wp\/v2\/tags?post=294033"}],"curies":[{"name":"wp","href":"https:\/\/api.w.org\/{rel}","templated":true}]}}