{"id":293911,"date":"2026-02-07T18:07:39","date_gmt":"2026-02-07T17:07:39","guid":{"rendered":"https:\/\/tuzlainfo.ba\/?p=293911"},"modified":"2026-02-07T11:48:42","modified_gmt":"2026-02-07T10:48:42","slug":"os-novi-grad-tuzla-organizuje-dogadjaj-na-krilima-knjige-bosna-i-hercegovina-ispricana-srcem","status":"publish","type":"post","link":"https:\/\/tuzlainfo.ba\/index.php\/najava-dogadaja-2\/item\/293911-os-novi-grad-tuzla-organizuje-dogadjaj-na-krilima-knjige-bosna-i-hercegovina-ispricana-srcem\/","title":{"rendered":"O\u0160 \u201eNovi Grad\u201c Tuzla organizuje doga\u0111aj \u201eNa krilima knjige: Bosna i Hercegovina ispri\u010dana srcem\u201c"},"content":{"rendered":"<p>JU O\u0160 \u201eNovi Grad\u201c Tuzla organizuje knji\u017eevno-edukativni doga\u0111aj \u201eNa krilima knjige: Bosna i Hercegovina ispri\u010dana srcem\u201c, koji \u0107e biti odr\u017ean u \u010detvrtak, 12. februara 2026. godine, s po\u010detkom u 13.00 sati.<\/p>\n<p>Gost programa je Amela D\u017eini\u0107 Isanovi\u0107, koja \u0107e kroz razgovor, pri\u010du i knji\u017eevni pristup u\u010denicima pribli\u017eiti Bosnu i Hercegovinu, njenu historiju, vrijednosti i identitet, ispri\u010dane na topao i djeci blizak na\u010din.<\/p>\n<p>Cilj doga\u0111aja je razvijanje ljubavi prema knjizi, ja\u010danje \u010ditala\u010dke kulture te poticanje djece na promi\u0161ljanje o vlastitoj zemlji kroz emociju, pri\u010du i zajedni\u010dko iskustvo.<\/p>\n<p><img fetchpriority=\"high\" decoding=\"async\" class=\"alignnone size-full wp-image-293912\" src=\"https:\/\/tuzlainfo.ba\/wp-content\/uploads\/2026\/02\/1255eac6-d57b-4812-91fe-49f51d543db0.jpg\" alt=\"\" width=\"1414\" height=\"2000\" srcset=\"https:\/\/tuzlainfo.ba\/wp-content\/uploads\/2026\/02\/1255eac6-d57b-4812-91fe-49f51d543db0.jpg 1414w, https:\/\/tuzlainfo.ba\/wp-content\/uploads\/2026\/02\/1255eac6-d57b-4812-91fe-49f51d543db0-212x300.jpg 212w, https:\/\/tuzlainfo.ba\/wp-content\/uploads\/2026\/02\/1255eac6-d57b-4812-91fe-49f51d543db0-724x1024.jpg 724w, https:\/\/tuzlainfo.ba\/wp-content\/uploads\/2026\/02\/1255eac6-d57b-4812-91fe-49f51d543db0-768x1086.jpg 768w, https:\/\/tuzlainfo.ba\/wp-content\/uploads\/2026\/02\/1255eac6-d57b-4812-91fe-49f51d543db0-1086x1536.jpg 1086w, https:\/\/tuzlainfo.ba\/wp-content\/uploads\/2026\/02\/1255eac6-d57b-4812-91fe-49f51d543db0-1170x1655.jpg 1170w, https:\/\/tuzlainfo.ba\/wp-content\/uploads\/2026\/02\/1255eac6-d57b-4812-91fe-49f51d543db0-585x827.jpg 585w, https:\/\/tuzlainfo.ba\/wp-content\/uploads\/2026\/02\/1255eac6-d57b-4812-91fe-49f51d543db0-150x212.jpg 150w, https:\/\/tuzlainfo.ba\/wp-content\/uploads\/2026\/02\/1255eac6-d57b-4812-91fe-49f51d543db0-354x500.jpg 354w\" sizes=\"(max-width: 1414px) 100vw, 1414px\" \/><\/p>\n<p>Program je namijenjen u\u010denicima \u0161kole, a realizuje se u okviru aktivnosti koje JU O\u0160 \u201eNovi Grad\u201c Tuzla kontinuirano provodi s ciljem promocije znanja, kulture i \u010ditanja.<\/p>\n","protected":false},"excerpt":{"rendered":"<p>JU O\u0160 \u201eNovi Grad\u201c Tuzla organizuje knji\u017eevno-edukativni doga\u0111aj \u201eNa krilima knjige: Bosna i Hercegovina ispri\u010dana&hellip;<\/p>\n","protected":false},"author":2,"featured_media":287304,"comment_status":"closed","ping_status":"closed","sticky":false,"template":"","format":"standard","meta":{"_acf_changed":false,"footnotes":""},"categories":[11],"tags":[4843],"acf":[],"yoast_head":"<!-- This site is optimized with the Yoast SEO plugin v23.5 - https:\/\/yoast.com\/wordpress\/plugins\/seo\/ -->\n<title>O\u0160 \u201eNovi Grad\u201c Tuzla organizuje doga\u0111aj \u201eNa krilima knjige: Bosna i Hercegovina ispri\u010dana srcem\u201c - TuzlaInfo.ba<\/title>\n<meta name=\"robots\" content=\"index, follow, max-snippet:-1, max-image-preview:large, max-video-preview:-1\" \/>\n<link rel=\"canonical\" href=\"https:\/\/tuzlainfo.ba\/index.php\/najava-dogadaja-2\/item\/293911-os-novi-grad-tuzla-organizuje-dogadjaj-na-krilima-knjige-bosna-i-hercegovina-ispricana-srcem\/\" \/>\n<meta property=\"og:locale\" content=\"bs_BA\" \/>\n<meta property=\"og:type\" content=\"article\" \/>\n<meta property=\"og:title\" content=\"O\u0160 \u201eNovi Grad\u201c Tuzla organizuje doga\u0111aj \u201eNa krilima knjige: Bosna i Hercegovina ispri\u010dana srcem\u201c - TuzlaInfo.ba\" \/>\n<meta property=\"og:description\" content=\"JU O\u0160 \u201eNovi Grad\u201c Tuzla organizuje knji\u017eevno-edukativni doga\u0111aj \u201eNa krilima knjige: Bosna i Hercegovina ispri\u010dana&hellip;\" \/>\n<meta property=\"og:url\" content=\"https:\/\/tuzlainfo.ba\/index.php\/najava-dogadaja-2\/item\/293911-os-novi-grad-tuzla-organizuje-dogadjaj-na-krilima-knjige-bosna-i-hercegovina-ispricana-srcem\/\" \/>\n<meta property=\"og:site_name\" content=\"TuzlaInfo.ba\" \/>\n<meta property=\"article:publisher\" content=\"https:\/\/www.facebook.com\/tuzlainfo.ba\/\" \/>\n<meta property=\"article:published_time\" content=\"2026-02-07T17:07:39+00:00\" \/>\n<meta property=\"article:modified_time\" content=\"2026-02-07T10:48:42+00:00\" \/>\n<meta property=\"og:image\" content=\"https:\/\/tuzlainfo.ba\/wp-content\/uploads\/2025\/11\/novi-grad.jpg\" \/>\n\t<meta property=\"og:image:width\" content=\"1600\" \/>\n\t<meta property=\"og:image:height\" content=\"1205\" \/>\n\t<meta property=\"og:image:type\" content=\"image\/jpeg\" \/>\n<meta name=\"author\" content=\"nedim\" \/>\n<meta name=\"twitter:card\" content=\"summary_large_image\" \/>\n<meta name=\"twitter:label1\" content=\"Written by\" \/>\n\t<meta name=\"twitter:data1\" content=\"nedim\" \/>\n\t<meta name=\"twitter:label2\" content=\"Est. reading time\" \/>\n\t<meta name=\"twitter:data2\" content=\"2 minute\" \/>\n<script type=\"application\/ld+json\" class=\"yoast-schema-graph\">{\"@context\":\"https:\/\/schema.org\",\"@graph\":[{\"@type\":\"Article\",\"@id\":\"https:\/\/tuzlainfo.ba\/index.php\/najava-dogadaja-2\/item\/293911-os-novi-grad-tuzla-organizuje-dogadjaj-na-krilima-knjige-bosna-i-hercegovina-ispricana-srcem\/#article\",\"isPartOf\":{\"@id\":\"https:\/\/tuzlainfo.ba\/index.php\/najava-dogadaja-2\/item\/293911-os-novi-grad-tuzla-organizuje-dogadjaj-na-krilima-knjige-bosna-i-hercegovina-ispricana-srcem\/\"},\"author\":{\"name\":\"nedim\",\"@id\":\"https:\/\/tuzlainfo.ba\/#\/schema\/person\/f434e20dc27ea133923aab08451b7f7f\"},\"headline\":\"O\u0160 \u201eNovi Grad\u201c Tuzla organizuje doga\u0111aj \u201eNa krilima knjige: Bosna i Hercegovina ispri\u010dana srcem\u201c\",\"datePublished\":\"2026-02-07T17:07:39+00:00\",\"dateModified\":\"2026-02-07T10:48:42+00:00\",\"mainEntityOfPage\":{\"@id\":\"https:\/\/tuzlainfo.ba\/index.php\/najava-dogadaja-2\/item\/293911-os-novi-grad-tuzla-organizuje-dogadjaj-na-krilima-knjige-bosna-i-hercegovina-ispricana-srcem\/\"},\"wordCount\":144,\"publisher\":{\"@id\":\"https:\/\/tuzlainfo.ba\/#organization\"},\"image\":{\"@id\":\"https:\/\/tuzlainfo.ba\/index.php\/najava-dogadaja-2\/item\/293911-os-novi-grad-tuzla-organizuje-dogadjaj-na-krilima-knjige-bosna-i-hercegovina-ispricana-srcem\/#primaryimage\"},\"thumbnailUrl\":\"https:\/\/tuzlainfo.ba\/wp-content\/uploads\/2025\/11\/novi-grad.jpg\",\"keywords\":[\"o\u0161 novi grad\"],\"articleSection\":[\"Najave i doga\u0111aji\"],\"inLanguage\":\"bs-BA\"},{\"@type\":\"WebPage\",\"@id\":\"https:\/\/tuzlainfo.ba\/index.php\/najava-dogadaja-2\/item\/293911-os-novi-grad-tuzla-organizuje-dogadjaj-na-krilima-knjige-bosna-i-hercegovina-ispricana-srcem\/\",\"url\":\"https:\/\/tuzlainfo.ba\/index.php\/najava-dogadaja-2\/item\/293911-os-novi-grad-tuzla-organizuje-dogadjaj-na-krilima-knjige-bosna-i-hercegovina-ispricana-srcem\/\",\"name\":\"O\u0160 \u201eNovi Grad\u201c Tuzla organizuje doga\u0111aj \u201eNa krilima knjige: Bosna i Hercegovina ispri\u010dana srcem\u201c - TuzlaInfo.ba\",\"isPartOf\":{\"@id\":\"https:\/\/tuzlainfo.ba\/#website\"},\"primaryImageOfPage\":{\"@id\":\"https:\/\/tuzlainfo.ba\/index.php\/najava-dogadaja-2\/item\/293911-os-novi-grad-tuzla-organizuje-dogadjaj-na-krilima-knjige-bosna-i-hercegovina-ispricana-srcem\/#primaryimage\"},\"image\":{\"@id\":\"https:\/\/tuzlainfo.ba\/index.php\/najava-dogadaja-2\/item\/293911-os-novi-grad-tuzla-organizuje-dogadjaj-na-krilima-knjige-bosna-i-hercegovina-ispricana-srcem\/#primaryimage\"},\"thumbnailUrl\":\"https:\/\/tuzlainfo.ba\/wp-content\/uploads\/2025\/11\/novi-grad.jpg\",\"datePublished\":\"2026-02-07T17:07:39+00:00\",\"dateModified\":\"2026-02-07T10:48:42+00:00\",\"breadcrumb\":{\"@id\":\"https:\/\/tuzlainfo.ba\/index.php\/najava-dogadaja-2\/item\/293911-os-novi-grad-tuzla-organizuje-dogadjaj-na-krilima-knjige-bosna-i-hercegovina-ispricana-srcem\/#breadcrumb\"},\"inLanguage\":\"bs-BA\",\"potentialAction\":[{\"@type\":\"ReadAction\",\"target\":[\"https:\/\/tuzlainfo.ba\/index.php\/najava-dogadaja-2\/item\/293911-os-novi-grad-tuzla-organizuje-dogadjaj-na-krilima-knjige-bosna-i-hercegovina-ispricana-srcem\/\"]}]},{\"@type\":\"ImageObject\",\"inLanguage\":\"bs-BA\",\"@id\":\"https:\/\/tuzlainfo.ba\/index.php\/najava-dogadaja-2\/item\/293911-os-novi-grad-tuzla-organizuje-dogadjaj-na-krilima-knjige-bosna-i-hercegovina-ispricana-srcem\/#primaryimage\",\"url\":\"https:\/\/tuzlainfo.ba\/wp-content\/uploads\/2025\/11\/novi-grad.jpg\",\"contentUrl\":\"https:\/\/tuzlainfo.ba\/wp-content\/uploads\/2025\/11\/novi-grad.jpg\",\"width\":1600,\"height\":1205},{\"@type\":\"BreadcrumbList\",\"@id\":\"https:\/\/tuzlainfo.ba\/index.php\/najava-dogadaja-2\/item\/293911-os-novi-grad-tuzla-organizuje-dogadjaj-na-krilima-knjige-bosna-i-hercegovina-ispricana-srcem\/#breadcrumb\",\"itemListElement\":[{\"@type\":\"ListItem\",\"position\":1,\"name\":\"Home\",\"item\":\"https:\/\/tuzlainfo.ba\/\"},{\"@type\":\"ListItem\",\"position\":2,\"name\":\"O\u0160 \u201eNovi Grad\u201c Tuzla organizuje doga\u0111aj \u201eNa krilima knjige: Bosna i Hercegovina ispri\u010dana srcem\u201c\"}]},{\"@type\":\"WebSite\",\"@id\":\"https:\/\/tuzlainfo.ba\/#website\",\"url\":\"https:\/\/tuzlainfo.ba\/\",\"name\":\"TuzlaInfo.ba\",\"description\":\"Tuzla info, gradski informator - Tuzla na dlanu\",\"publisher\":{\"@id\":\"https:\/\/tuzlainfo.ba\/#organization\"},\"potentialAction\":[{\"@type\":\"SearchAction\",\"target\":{\"@type\":\"EntryPoint\",\"urlTemplate\":\"https:\/\/tuzlainfo.ba\/?s={search_term_string}\"},\"query-input\":{\"@type\":\"PropertyValueSpecification\",\"valueRequired\":true,\"valueName\":\"search_term_string\"}}],\"inLanguage\":\"bs-BA\"},{\"@type\":\"Organization\",\"@id\":\"https:\/\/tuzlainfo.ba\/#organization\",\"name\":\"TuzlaInfo.ba\",\"url\":\"https:\/\/tuzlainfo.ba\/\",\"logo\":{\"@type\":\"ImageObject\",\"inLanguage\":\"bs-BA\",\"@id\":\"https:\/\/tuzlainfo.ba\/#\/schema\/logo\/image\/\",\"url\":\"https:\/\/tuzlainfo.ba\/wp-content\/uploads\/2021\/03\/logo-ver-3-1.png\",\"contentUrl\":\"https:\/\/tuzlainfo.ba\/wp-content\/uploads\/2021\/03\/logo-ver-3-1.png\",\"width\":350,\"height\":95,\"caption\":\"TuzlaInfo.ba\"},\"image\":{\"@id\":\"https:\/\/tuzlainfo.ba\/#\/schema\/logo\/image\/\"},\"sameAs\":[\"https:\/\/www.facebook.com\/tuzlainfo.ba\/\"]},{\"@type\":\"Person\",\"@id\":\"https:\/\/tuzlainfo.ba\/#\/schema\/person\/f434e20dc27ea133923aab08451b7f7f\",\"name\":\"nedim\",\"image\":{\"@type\":\"ImageObject\",\"inLanguage\":\"bs-BA\",\"@id\":\"https:\/\/tuzlainfo.ba\/#\/schema\/person\/image\/\",\"url\":\"https:\/\/tuzlainfo.ba\/wp-content\/litespeed\/avatar\/aabad687af24844af817603ac1cbdc4f.jpg?ver=1777306975\",\"contentUrl\":\"https:\/\/tuzlainfo.ba\/wp-content\/litespeed\/avatar\/aabad687af24844af817603ac1cbdc4f.jpg?ver=1777306975\",\"caption\":\"nedim\"},\"description\":\"Tuzlainfo.ba pratite na dru\u0161tvenim mre\u017eama: Facebook, Instagram i Youtube. Svoje pri\u010de, upite i fotografije \u0161aljite na na\u0161u e-mail adresu.\"}]}<\/script>\n<!-- \/ Yoast SEO plugin. -->","yoast_head_json":{"title":"O\u0160 \u201eNovi Grad\u201c Tuzla organizuje doga\u0111aj \u201eNa krilima knjige: Bosna i Hercegovina ispri\u010dana srcem\u201c - TuzlaInfo.ba","robots":{"index":"index","follow":"follow","max-snippet":"max-snippet:-1","max-image-preview":"max-image-preview:large","max-video-preview":"max-video-preview:-1"},"canonical":"https:\/\/tuzlainfo.ba\/index.php\/najava-dogadaja-2\/item\/293911-os-novi-grad-tuzla-organizuje-dogadjaj-na-krilima-knjige-bosna-i-hercegovina-ispricana-srcem\/","og_locale":"bs_BA","og_type":"article","og_title":"O\u0160 \u201eNovi Grad\u201c Tuzla organizuje doga\u0111aj \u201eNa krilima knjige: Bosna i Hercegovina ispri\u010dana srcem\u201c - TuzlaInfo.ba","og_description":"JU O\u0160 \u201eNovi Grad\u201c Tuzla organizuje knji\u017eevno-edukativni doga\u0111aj \u201eNa krilima knjige: Bosna i Hercegovina ispri\u010dana&hellip;","og_url":"https:\/\/tuzlainfo.ba\/index.php\/najava-dogadaja-2\/item\/293911-os-novi-grad-tuzla-organizuje-dogadjaj-na-krilima-knjige-bosna-i-hercegovina-ispricana-srcem\/","og_site_name":"TuzlaInfo.ba","article_publisher":"https:\/\/www.facebook.com\/tuzlainfo.ba\/","article_published_time":"2026-02-07T17:07:39+00:00","article_modified_time":"2026-02-07T10:48:42+00:00","og_image":[{"width":1600,"height":1205,"url":"https:\/\/tuzlainfo.ba\/wp-content\/uploads\/2025\/11\/novi-grad.jpg","type":"image\/jpeg"}],"author":"nedim","twitter_card":"summary_large_image","twitter_misc":{"Written by":"nedim","Est. reading time":"2 minute"},"schema":{"@context":"https:\/\/schema.org","@graph":[{"@type":"Article","@id":"https:\/\/tuzlainfo.ba\/index.php\/najava-dogadaja-2\/item\/293911-os-novi-grad-tuzla-organizuje-dogadjaj-na-krilima-knjige-bosna-i-hercegovina-ispricana-srcem\/#article","isPartOf":{"@id":"https:\/\/tuzlainfo.ba\/index.php\/najava-dogadaja-2\/item\/293911-os-novi-grad-tuzla-organizuje-dogadjaj-na-krilima-knjige-bosna-i-hercegovina-ispricana-srcem\/"},"author":{"name":"nedim","@id":"https:\/\/tuzlainfo.ba\/#\/schema\/person\/f434e20dc27ea133923aab08451b7f7f"},"headline":"O\u0160 \u201eNovi Grad\u201c Tuzla organizuje doga\u0111aj \u201eNa krilima knjige: Bosna i Hercegovina ispri\u010dana srcem\u201c","datePublished":"2026-02-07T17:07:39+00:00","dateModified":"2026-02-07T10:48:42+00:00","mainEntityOfPage":{"@id":"https:\/\/tuzlainfo.ba\/index.php\/najava-dogadaja-2\/item\/293911-os-novi-grad-tuzla-organizuje-dogadjaj-na-krilima-knjige-bosna-i-hercegovina-ispricana-srcem\/"},"wordCount":144,"publisher":{"@id":"https:\/\/tuzlainfo.ba\/#organization"},"image":{"@id":"https:\/\/tuzlainfo.ba\/index.php\/najava-dogadaja-2\/item\/293911-os-novi-grad-tuzla-organizuje-dogadjaj-na-krilima-knjige-bosna-i-hercegovina-ispricana-srcem\/#primaryimage"},"thumbnailUrl":"https:\/\/tuzlainfo.ba\/wp-content\/uploads\/2025\/11\/novi-grad.jpg","keywords":["o\u0161 novi grad"],"articleSection":["Najave i doga\u0111aji"],"inLanguage":"bs-BA"},{"@type":"WebPage","@id":"https:\/\/tuzlainfo.ba\/index.php\/najava-dogadaja-2\/item\/293911-os-novi-grad-tuzla-organizuje-dogadjaj-na-krilima-knjige-bosna-i-hercegovina-ispricana-srcem\/","url":"https:\/\/tuzlainfo.ba\/index.php\/najava-dogadaja-2\/item\/293911-os-novi-grad-tuzla-organizuje-dogadjaj-na-krilima-knjige-bosna-i-hercegovina-ispricana-srcem\/","name":"O\u0160 \u201eNovi Grad\u201c Tuzla organizuje doga\u0111aj \u201eNa krilima knjige: Bosna i Hercegovina ispri\u010dana srcem\u201c - TuzlaInfo.ba","isPartOf":{"@id":"https:\/\/tuzlainfo.ba\/#website"},"primaryImageOfPage":{"@id":"https:\/\/tuzlainfo.ba\/index.php\/najava-dogadaja-2\/item\/293911-os-novi-grad-tuzla-organizuje-dogadjaj-na-krilima-knjige-bosna-i-hercegovina-ispricana-srcem\/#primaryimage"},"image":{"@id":"https:\/\/tuzlainfo.ba\/index.php\/najava-dogadaja-2\/item\/293911-os-novi-grad-tuzla-organizuje-dogadjaj-na-krilima-knjige-bosna-i-hercegovina-ispricana-srcem\/#primaryimage"},"thumbnailUrl":"https:\/\/tuzlainfo.ba\/wp-content\/uploads\/2025\/11\/novi-grad.jpg","datePublished":"2026-02-07T17:07:39+00:00","dateModified":"2026-02-07T10:48:42+00:00","breadcrumb":{"@id":"https:\/\/tuzlainfo.ba\/index.php\/najava-dogadaja-2\/item\/293911-os-novi-grad-tuzla-organizuje-dogadjaj-na-krilima-knjige-bosna-i-hercegovina-ispricana-srcem\/#breadcrumb"},"inLanguage":"bs-BA","potentialAction":[{"@type":"ReadAction","target":["https:\/\/tuzlainfo.ba\/index.php\/najava-dogadaja-2\/item\/293911-os-novi-grad-tuzla-organizuje-dogadjaj-na-krilima-knjige-bosna-i-hercegovina-ispricana-srcem\/"]}]},{"@type":"ImageObject","inLanguage":"bs-BA","@id":"https:\/\/tuzlainfo.ba\/index.php\/najava-dogadaja-2\/item\/293911-os-novi-grad-tuzla-organizuje-dogadjaj-na-krilima-knjige-bosna-i-hercegovina-ispricana-srcem\/#primaryimage","url":"https:\/\/tuzlainfo.ba\/wp-content\/uploads\/2025\/11\/novi-grad.jpg","contentUrl":"https:\/\/tuzlainfo.ba\/wp-content\/uploads\/2025\/11\/novi-grad.jpg","width":1600,"height":1205},{"@type":"BreadcrumbList","@id":"https:\/\/tuzlainfo.ba\/index.php\/najava-dogadaja-2\/item\/293911-os-novi-grad-tuzla-organizuje-dogadjaj-na-krilima-knjige-bosna-i-hercegovina-ispricana-srcem\/#breadcrumb","itemListElement":[{"@type":"ListItem","position":1,"name":"Home","item":"https:\/\/tuzlainfo.ba\/"},{"@type":"ListItem","position":2,"name":"O\u0160 \u201eNovi Grad\u201c Tuzla organizuje doga\u0111aj \u201eNa krilima knjige: Bosna i Hercegovina ispri\u010dana srcem\u201c"}]},{"@type":"WebSite","@id":"https:\/\/tuzlainfo.ba\/#website","url":"https:\/\/tuzlainfo.ba\/","name":"TuzlaInfo.ba","description":"Tuzla info, gradski informator - Tuzla na dlanu","publisher":{"@id":"https:\/\/tuzlainfo.ba\/#organization"},"potentialAction":[{"@type":"SearchAction","target":{"@type":"EntryPoint","urlTemplate":"https:\/\/tuzlainfo.ba\/?s={search_term_string}"},"query-input":{"@type":"PropertyValueSpecification","valueRequired":true,"valueName":"search_term_string"}}],"inLanguage":"bs-BA"},{"@type":"Organization","@id":"https:\/\/tuzlainfo.ba\/#organization","name":"TuzlaInfo.ba","url":"https:\/\/tuzlainfo.ba\/","logo":{"@type":"ImageObject","inLanguage":"bs-BA","@id":"https:\/\/tuzlainfo.ba\/#\/schema\/logo\/image\/","url":"https:\/\/tuzlainfo.ba\/wp-content\/uploads\/2021\/03\/logo-ver-3-1.png","contentUrl":"https:\/\/tuzlainfo.ba\/wp-content\/uploads\/2021\/03\/logo-ver-3-1.png","width":350,"height":95,"caption":"TuzlaInfo.ba"},"image":{"@id":"https:\/\/tuzlainfo.ba\/#\/schema\/logo\/image\/"},"sameAs":["https:\/\/www.facebook.com\/tuzlainfo.ba\/"]},{"@type":"Person","@id":"https:\/\/tuzlainfo.ba\/#\/schema\/person\/f434e20dc27ea133923aab08451b7f7f","name":"nedim","image":{"@type":"ImageObject","inLanguage":"bs-BA","@id":"https:\/\/tuzlainfo.ba\/#\/schema\/person\/image\/","url":"https:\/\/tuzlainfo.ba\/wp-content\/litespeed\/avatar\/aabad687af24844af817603ac1cbdc4f.jpg?ver=1777306975","contentUrl":"https:\/\/tuzlainfo.ba\/wp-content\/litespeed\/avatar\/aabad687af24844af817603ac1cbdc4f.jpg?ver=1777306975","caption":"nedim"},"description":"Tuzlainfo.ba pratite na dru\u0161tvenim mre\u017eama: Facebook, Instagram i Youtube. Svoje pri\u010de, upite i fotografije \u0161aljite na na\u0161u e-mail adresu."}]}},"_links":{"self":[{"href":"https:\/\/tuzlainfo.ba\/index.php\/wp-json\/wp\/v2\/posts\/293911"}],"collection":[{"href":"https:\/\/tuzlainfo.ba\/index.php\/wp-json\/wp\/v2\/posts"}],"about":[{"href":"https:\/\/tuzlainfo.ba\/index.php\/wp-json\/wp\/v2\/types\/post"}],"author":[{"embeddable":true,"href":"https:\/\/tuzlainfo.ba\/index.php\/wp-json\/wp\/v2\/users\/2"}],"replies":[{"embeddable":true,"href":"https:\/\/tuzlainfo.ba\/index.php\/wp-json\/wp\/v2\/comments?post=293911"}],"version-history":[{"count":1,"href":"https:\/\/tuzlainfo.ba\/index.php\/wp-json\/wp\/v2\/posts\/293911\/revisions"}],"predecessor-version":[{"id":293913,"href":"https:\/\/tuzlainfo.ba\/index.php\/wp-json\/wp\/v2\/posts\/293911\/revisions\/293913"}],"wp:featuredmedia":[{"embeddable":true,"href":"https:\/\/tuzlainfo.ba\/index.php\/wp-json\/wp\/v2\/media\/287304"}],"wp:attachment":[{"href":"https:\/\/tuzlainfo.ba\/index.php\/wp-json\/wp\/v2\/media?parent=293911"}],"wp:term":[{"taxonomy":"category","embeddable":true,"href":"https:\/\/tuzlainfo.ba\/index.php\/wp-json\/wp\/v2\/categories?post=293911"},{"taxonomy":"post_tag","embeddable":true,"href":"https:\/\/tuzlainfo.ba\/index.php\/wp-json\/wp\/v2\/tags?post=293911"}],"curies":[{"name":"wp","href":"https:\/\/api.w.org\/{rel}","templated":true}]}}