{"id":293892,"date":"2026-02-06T21:02:13","date_gmt":"2026-02-06T20:02:13","guid":{"rendered":"https:\/\/tuzlainfo.ba\/?p=293892"},"modified":"2026-02-06T20:31:05","modified_gmt":"2026-02-06T19:31:05","slug":"prijavljeno-48-radova-zatvoren-konkurs-za-izbor-sportske-fotografije-godine-tomislav-trojak","status":"publish","type":"post","link":"https:\/\/tuzlainfo.ba\/index.php\/novosti\/item\/293892-prijavljeno-48-radova-zatvoren-konkurs-za-izbor-sportske-fotografije-godine-tomislav-trojak\/","title":{"rendered":"Prijavljeno 48 radova: Zatvoren konkurs za Izbor sportske fotografije godine \u201eTomislav Trojak\u201c"},"content":{"rendered":"<p data-start=\"325\" data-end=\"477\">Zatvoren je konkurs za Izbor najbolje sportske fotografije godine \u201eTomislav Trojak\u201c, na koji se ove godine prijavilo 26 autora sa ukupno 48 fotografija.<\/p>\n<p data-start=\"479\" data-end=\"716\">Deveto izdanje Izbora sportske fotografije godine \u201eTomislav Trojak\u201c bit \u0107e odr\u017eano 13. februara u Bosanskom kulturnom centru Tuzlanskog kantona, sa po\u010detkom u 18 sati, kada \u0107e biti progla\u0161eni ovogodi\u0161nji pobjednici i dodijeljene nagrade.<\/p>\n<p data-start=\"718\" data-end=\"1355\">Na konkurs su se prijavili autori iz Bosne i Hercegovine i inostranstva, me\u0111u kojima su fotografi iz Tuzle, Sarajeva, Zenice, Banja Luke, Mostara, Biha\u0107a, Bugojna, Gra\u010danice, Trebinja, Mrkonji\u0107 Grada, kao i iz Hrvatske i Njema\u010dke. Me\u0111u prijavljenima su, izme\u0111u ostalih, Adin Jusufovi\u0107, Nermin Stambolija, Dra\u017eenko Juri\u0161i\u0107, Ivan \u0160ebalj, Ivan Mandi\u0107, Ivica \u010cavka, D\u017eenan Krije\u0161torac, Amir Ahmelji\u0107, Hasan Brati\u0107, Drago Ili\u0161inovi\u0107, Predrag Mucovi\u0107, Budimir Bo\u0161njak, Dalibor Gruji\u010di\u0107, Husein \u0160ljivo, Ahmed Be\u0161i\u0107, Aldin Be\u0161i\u0107, Ahmet Bajri\u0107, Darko Zabu\u0161, Ines Lu\u010di\u0107, Damir Hajdarba\u0161i\u0107, Eldina Had\u017ei\u0107, Jasmin Had\u017ei\u0107, Denis Ruvi\u0107 i Dejan Rakita.<\/p>\n<p data-start=\"1357\" data-end=\"1561\">Izbor sportske fotografije godine \u201eTomislav Trojak\u201c ve\u0107 godinama predstavlja jedno od zna\u010dajnijih regionalnih takmi\u010denja u oblasti sportske fotografije, okupljaju\u0107i autore razli\u010ditih stilova i generacija.<\/p>\n<p data-start=\"1563\" data-end=\"1928\">Podsje\u0107amo da je na prvom izboru prvu nagradu osvojio Denis Ruvi\u0107 iz Sarajeva, drugo mjesto pripalo je Ahmetu Bajri\u0107u Blicku iz Tuzle, dok je tre\u0107e mjesto zauzeo Aleksandar \u010cavi\u0107 iz Banja Luke. Na drugom izboru pobjednik je bio Aleksandar \u010cavi\u0107, ispred Jasmina Had\u017ei\u0107a iz Zenice, dok su tre\u0107e mjesto podijelili Jelena \u0110ur\u0111evi\u0107 iz Banja Luke i Goran Lon\u010dar iz Tuzle.<\/p>\n<p data-start=\"1930\" data-end=\"2219\">Na tre\u0107em izboru prvo mjesto osvojila je Jelena \u0110ur\u0111evi\u0107 iz Banja Luke, dok su drugo i tre\u0107e mjesto pripali Vladimiru Stojakovi\u0107u iz Banja Luke i Dejanu Milosavljevi\u0107u iz Doboja. \u010cetvrti izbor donio je pobjedu Ivanu \u0160eblju iz Sarajeva, ispred Jasmina Had\u017ei\u0107a i Dra\u017eenka Juri\u0161i\u0107a iz Zenice.<\/p>\n<p data-start=\"2221\" data-end=\"2469\">Peto izdanje obilje\u017eila je pobjeda Tarika Saletovi\u0107a iz Sarajeva, dok su drugo i tre\u0107e mjesto osvojili Ahmed Be\u0161i\u0107 iz Tuzle i Husein \u0160ljivo iz Bugojna. Na \u0161estom izboru najbolji je bio Darko Zabu\u0161 iz Tuzle, ispred Dra\u017eenka Juri\u0161i\u0107a i Ajdina Be\u0161i\u0107a.<\/p>\n<p data-start=\"2471\" data-end=\"2788\">Sedmi izbor donio je pobjedu Ines Lu\u010di\u0107 iz Sarajeva, drugo mjesto pripalo je Jasminu Had\u017ei\u0107u, a tre\u0107e Jasminu Duvnjakovi\u0107u iz Tuzle. Na osmom izboru slavili su tuzlanski autori, a pobjednik je bio Ahmet Bajri\u0107 Blicko, ispred Darka Zabu\u0161a, dok su tre\u0107e mjesto podijelili Ivan Mandi\u0107 iz Tuzle i Eldina Had\u017ei\u0107 iz Zenice.<\/p>\n<p data-start=\"2790\" data-end=\"2972\" data-is-last-node=\"\" data-is-only-node=\"\">Ovogodi\u0161nji izbor nastavlja tradiciju promocije sportske fotografije i sje\u0107anja na Tomislava Trojaka, uz o\u010dekivanje jo\u0161 jednog kvalitetnog i sadr\u017eajnog izdanja manifestacije u Tuzli.<\/p>\n","protected":false},"excerpt":{"rendered":"<p>Zatvoren je konkurs za Izbor najbolje sportske fotografije godine \u201eTomislav Trojak\u201c, na koji se ove&hellip;<\/p>\n","protected":false},"author":2,"featured_media":162872,"comment_status":"closed","ping_status":"closed","sticky":false,"template":"","format":"standard","meta":{"_acf_changed":false,"footnotes":""},"categories":[304,12],"tags":[3674],"acf":[],"yoast_head":"<!-- This site is optimized with the Yoast SEO plugin v23.5 - https:\/\/yoast.com\/wordpress\/plugins\/seo\/ -->\n<title>Prijavljeno 48 radova: Zatvoren konkurs za Izbor sportske fotografije godine \u201eTomislav Trojak\u201c - TuzlaInfo.ba<\/title>\n<meta name=\"robots\" content=\"index, follow, max-snippet:-1, max-image-preview:large, max-video-preview:-1\" \/>\n<link rel=\"canonical\" href=\"https:\/\/tuzlainfo.ba\/index.php\/novosti\/item\/293892-prijavljeno-48-radova-zatvoren-konkurs-za-izbor-sportske-fotografije-godine-tomislav-trojak\/\" \/>\n<meta property=\"og:locale\" content=\"bs_BA\" \/>\n<meta property=\"og:type\" content=\"article\" \/>\n<meta property=\"og:title\" content=\"Prijavljeno 48 radova: Zatvoren konkurs za Izbor sportske fotografije godine \u201eTomislav Trojak\u201c - TuzlaInfo.ba\" \/>\n<meta property=\"og:description\" content=\"Zatvoren je konkurs za Izbor najbolje sportske fotografije godine \u201eTomislav Trojak\u201c, na koji se ove&hellip;\" \/>\n<meta property=\"og:url\" content=\"https:\/\/tuzlainfo.ba\/index.php\/novosti\/item\/293892-prijavljeno-48-radova-zatvoren-konkurs-za-izbor-sportske-fotografije-godine-tomislav-trojak\/\" \/>\n<meta property=\"og:site_name\" content=\"TuzlaInfo.ba\" \/>\n<meta property=\"article:publisher\" content=\"https:\/\/www.facebook.com\/tuzlainfo.ba\/\" \/>\n<meta property=\"article:published_time\" content=\"2026-02-06T20:02:13+00:00\" \/>\n<meta property=\"article:modified_time\" content=\"2026-02-06T19:31:05+00:00\" \/>\n<meta property=\"og:image\" content=\"https:\/\/tuzlainfo.ba\/wp-content\/uploads\/2022\/02\/0302_2trojak-1.jpg\" \/>\n\t<meta property=\"og:image:width\" content=\"1000\" \/>\n\t<meta property=\"og:image:height\" content=\"666\" \/>\n\t<meta property=\"og:image:type\" content=\"image\/jpeg\" \/>\n<meta name=\"author\" content=\"nedim\" \/>\n<meta name=\"twitter:card\" content=\"summary_large_image\" \/>\n<meta name=\"twitter:label1\" content=\"Written by\" \/>\n\t<meta name=\"twitter:data1\" content=\"nedim\" \/>\n\t<meta name=\"twitter:label2\" content=\"Est. reading time\" \/>\n\t<meta name=\"twitter:data2\" content=\"3 minute\" \/>\n<script type=\"application\/ld+json\" class=\"yoast-schema-graph\">{\"@context\":\"https:\/\/schema.org\",\"@graph\":[{\"@type\":\"Article\",\"@id\":\"https:\/\/tuzlainfo.ba\/index.php\/novosti\/item\/293892-prijavljeno-48-radova-zatvoren-konkurs-za-izbor-sportske-fotografije-godine-tomislav-trojak\/#article\",\"isPartOf\":{\"@id\":\"https:\/\/tuzlainfo.ba\/index.php\/novosti\/item\/293892-prijavljeno-48-radova-zatvoren-konkurs-za-izbor-sportske-fotografije-godine-tomislav-trojak\/\"},\"author\":{\"name\":\"nedim\",\"@id\":\"https:\/\/tuzlainfo.ba\/#\/schema\/person\/f434e20dc27ea133923aab08451b7f7f\"},\"headline\":\"Prijavljeno 48 radova: Zatvoren konkurs za Izbor sportske fotografije godine \u201eTomislav Trojak\u201c\",\"datePublished\":\"2026-02-06T20:02:13+00:00\",\"dateModified\":\"2026-02-06T19:31:05+00:00\",\"mainEntityOfPage\":{\"@id\":\"https:\/\/tuzlainfo.ba\/index.php\/novosti\/item\/293892-prijavljeno-48-radova-zatvoren-konkurs-za-izbor-sportske-fotografije-godine-tomislav-trojak\/\"},\"wordCount\":464,\"publisher\":{\"@id\":\"https:\/\/tuzlainfo.ba\/#organization\"},\"image\":{\"@id\":\"https:\/\/tuzlainfo.ba\/index.php\/novosti\/item\/293892-prijavljeno-48-radova-zatvoren-konkurs-za-izbor-sportske-fotografije-godine-tomislav-trojak\/#primaryimage\"},\"thumbnailUrl\":\"https:\/\/tuzlainfo.ba\/wp-content\/uploads\/2022\/02\/0302_2trojak-1.jpg\",\"keywords\":[\"tomislav trojak\"],\"articleSection\":[\"Istaknuto\",\"Novosti\"],\"inLanguage\":\"bs-BA\"},{\"@type\":\"WebPage\",\"@id\":\"https:\/\/tuzlainfo.ba\/index.php\/novosti\/item\/293892-prijavljeno-48-radova-zatvoren-konkurs-za-izbor-sportske-fotografije-godine-tomislav-trojak\/\",\"url\":\"https:\/\/tuzlainfo.ba\/index.php\/novosti\/item\/293892-prijavljeno-48-radova-zatvoren-konkurs-za-izbor-sportske-fotografije-godine-tomislav-trojak\/\",\"name\":\"Prijavljeno 48 radova: Zatvoren konkurs za Izbor sportske fotografije godine \u201eTomislav Trojak\u201c - TuzlaInfo.ba\",\"isPartOf\":{\"@id\":\"https:\/\/tuzlainfo.ba\/#website\"},\"primaryImageOfPage\":{\"@id\":\"https:\/\/tuzlainfo.ba\/index.php\/novosti\/item\/293892-prijavljeno-48-radova-zatvoren-konkurs-za-izbor-sportske-fotografije-godine-tomislav-trojak\/#primaryimage\"},\"image\":{\"@id\":\"https:\/\/tuzlainfo.ba\/index.php\/novosti\/item\/293892-prijavljeno-48-radova-zatvoren-konkurs-za-izbor-sportske-fotografije-godine-tomislav-trojak\/#primaryimage\"},\"thumbnailUrl\":\"https:\/\/tuzlainfo.ba\/wp-content\/uploads\/2022\/02\/0302_2trojak-1.jpg\",\"datePublished\":\"2026-02-06T20:02:13+00:00\",\"dateModified\":\"2026-02-06T19:31:05+00:00\",\"breadcrumb\":{\"@id\":\"https:\/\/tuzlainfo.ba\/index.php\/novosti\/item\/293892-prijavljeno-48-radova-zatvoren-konkurs-za-izbor-sportske-fotografije-godine-tomislav-trojak\/#breadcrumb\"},\"inLanguage\":\"bs-BA\",\"potentialAction\":[{\"@type\":\"ReadAction\",\"target\":[\"https:\/\/tuzlainfo.ba\/index.php\/novosti\/item\/293892-prijavljeno-48-radova-zatvoren-konkurs-za-izbor-sportske-fotografije-godine-tomislav-trojak\/\"]}]},{\"@type\":\"ImageObject\",\"inLanguage\":\"bs-BA\",\"@id\":\"https:\/\/tuzlainfo.ba\/index.php\/novosti\/item\/293892-prijavljeno-48-radova-zatvoren-konkurs-za-izbor-sportske-fotografije-godine-tomislav-trojak\/#primaryimage\",\"url\":\"https:\/\/tuzlainfo.ba\/wp-content\/uploads\/2022\/02\/0302_2trojak-1.jpg\",\"contentUrl\":\"https:\/\/tuzlainfo.ba\/wp-content\/uploads\/2022\/02\/0302_2trojak-1.jpg\",\"width\":1000,\"height\":666},{\"@type\":\"BreadcrumbList\",\"@id\":\"https:\/\/tuzlainfo.ba\/index.php\/novosti\/item\/293892-prijavljeno-48-radova-zatvoren-konkurs-za-izbor-sportske-fotografije-godine-tomislav-trojak\/#breadcrumb\",\"itemListElement\":[{\"@type\":\"ListItem\",\"position\":1,\"name\":\"Home\",\"item\":\"https:\/\/tuzlainfo.ba\/\"},{\"@type\":\"ListItem\",\"position\":2,\"name\":\"Prijavljeno 48 radova: Zatvoren konkurs za Izbor sportske fotografije godine \u201eTomislav Trojak\u201c\"}]},{\"@type\":\"WebSite\",\"@id\":\"https:\/\/tuzlainfo.ba\/#website\",\"url\":\"https:\/\/tuzlainfo.ba\/\",\"name\":\"TuzlaInfo.ba\",\"description\":\"Tuzla info, gradski informator - Tuzla na dlanu\",\"publisher\":{\"@id\":\"https:\/\/tuzlainfo.ba\/#organization\"},\"potentialAction\":[{\"@type\":\"SearchAction\",\"target\":{\"@type\":\"EntryPoint\",\"urlTemplate\":\"https:\/\/tuzlainfo.ba\/?s={search_term_string}\"},\"query-input\":{\"@type\":\"PropertyValueSpecification\",\"valueRequired\":true,\"valueName\":\"search_term_string\"}}],\"inLanguage\":\"bs-BA\"},{\"@type\":\"Organization\",\"@id\":\"https:\/\/tuzlainfo.ba\/#organization\",\"name\":\"TuzlaInfo.ba\",\"url\":\"https:\/\/tuzlainfo.ba\/\",\"logo\":{\"@type\":\"ImageObject\",\"inLanguage\":\"bs-BA\",\"@id\":\"https:\/\/tuzlainfo.ba\/#\/schema\/logo\/image\/\",\"url\":\"https:\/\/tuzlainfo.ba\/wp-content\/uploads\/2021\/03\/logo-ver-3-1.png\",\"contentUrl\":\"https:\/\/tuzlainfo.ba\/wp-content\/uploads\/2021\/03\/logo-ver-3-1.png\",\"width\":350,\"height\":95,\"caption\":\"TuzlaInfo.ba\"},\"image\":{\"@id\":\"https:\/\/tuzlainfo.ba\/#\/schema\/logo\/image\/\"},\"sameAs\":[\"https:\/\/www.facebook.com\/tuzlainfo.ba\/\"]},{\"@type\":\"Person\",\"@id\":\"https:\/\/tuzlainfo.ba\/#\/schema\/person\/f434e20dc27ea133923aab08451b7f7f\",\"name\":\"nedim\",\"image\":{\"@type\":\"ImageObject\",\"inLanguage\":\"bs-BA\",\"@id\":\"https:\/\/tuzlainfo.ba\/#\/schema\/person\/image\/\",\"url\":\"https:\/\/tuzlainfo.ba\/wp-content\/litespeed\/avatar\/aabad687af24844af817603ac1cbdc4f.jpg?ver=1777306975\",\"contentUrl\":\"https:\/\/tuzlainfo.ba\/wp-content\/litespeed\/avatar\/aabad687af24844af817603ac1cbdc4f.jpg?ver=1777306975\",\"caption\":\"nedim\"},\"description\":\"Tuzlainfo.ba pratite na dru\u0161tvenim mre\u017eama: Facebook, Instagram i Youtube. Svoje pri\u010de, upite i fotografije \u0161aljite na na\u0161u e-mail adresu.\"}]}<\/script>\n<!-- \/ Yoast SEO plugin. -->","yoast_head_json":{"title":"Prijavljeno 48 radova: Zatvoren konkurs za Izbor sportske fotografije godine \u201eTomislav Trojak\u201c - TuzlaInfo.ba","robots":{"index":"index","follow":"follow","max-snippet":"max-snippet:-1","max-image-preview":"max-image-preview:large","max-video-preview":"max-video-preview:-1"},"canonical":"https:\/\/tuzlainfo.ba\/index.php\/novosti\/item\/293892-prijavljeno-48-radova-zatvoren-konkurs-za-izbor-sportske-fotografije-godine-tomislav-trojak\/","og_locale":"bs_BA","og_type":"article","og_title":"Prijavljeno 48 radova: Zatvoren konkurs za Izbor sportske fotografije godine \u201eTomislav Trojak\u201c - TuzlaInfo.ba","og_description":"Zatvoren je konkurs za Izbor najbolje sportske fotografije godine \u201eTomislav Trojak\u201c, na koji se ove&hellip;","og_url":"https:\/\/tuzlainfo.ba\/index.php\/novosti\/item\/293892-prijavljeno-48-radova-zatvoren-konkurs-za-izbor-sportske-fotografije-godine-tomislav-trojak\/","og_site_name":"TuzlaInfo.ba","article_publisher":"https:\/\/www.facebook.com\/tuzlainfo.ba\/","article_published_time":"2026-02-06T20:02:13+00:00","article_modified_time":"2026-02-06T19:31:05+00:00","og_image":[{"width":1000,"height":666,"url":"https:\/\/tuzlainfo.ba\/wp-content\/uploads\/2022\/02\/0302_2trojak-1.jpg","type":"image\/jpeg"}],"author":"nedim","twitter_card":"summary_large_image","twitter_misc":{"Written by":"nedim","Est. reading time":"3 minute"},"schema":{"@context":"https:\/\/schema.org","@graph":[{"@type":"Article","@id":"https:\/\/tuzlainfo.ba\/index.php\/novosti\/item\/293892-prijavljeno-48-radova-zatvoren-konkurs-za-izbor-sportske-fotografije-godine-tomislav-trojak\/#article","isPartOf":{"@id":"https:\/\/tuzlainfo.ba\/index.php\/novosti\/item\/293892-prijavljeno-48-radova-zatvoren-konkurs-za-izbor-sportske-fotografije-godine-tomislav-trojak\/"},"author":{"name":"nedim","@id":"https:\/\/tuzlainfo.ba\/#\/schema\/person\/f434e20dc27ea133923aab08451b7f7f"},"headline":"Prijavljeno 48 radova: Zatvoren konkurs za Izbor sportske fotografije godine \u201eTomislav Trojak\u201c","datePublished":"2026-02-06T20:02:13+00:00","dateModified":"2026-02-06T19:31:05+00:00","mainEntityOfPage":{"@id":"https:\/\/tuzlainfo.ba\/index.php\/novosti\/item\/293892-prijavljeno-48-radova-zatvoren-konkurs-za-izbor-sportske-fotografije-godine-tomislav-trojak\/"},"wordCount":464,"publisher":{"@id":"https:\/\/tuzlainfo.ba\/#organization"},"image":{"@id":"https:\/\/tuzlainfo.ba\/index.php\/novosti\/item\/293892-prijavljeno-48-radova-zatvoren-konkurs-za-izbor-sportske-fotografije-godine-tomislav-trojak\/#primaryimage"},"thumbnailUrl":"https:\/\/tuzlainfo.ba\/wp-content\/uploads\/2022\/02\/0302_2trojak-1.jpg","keywords":["tomislav trojak"],"articleSection":["Istaknuto","Novosti"],"inLanguage":"bs-BA"},{"@type":"WebPage","@id":"https:\/\/tuzlainfo.ba\/index.php\/novosti\/item\/293892-prijavljeno-48-radova-zatvoren-konkurs-za-izbor-sportske-fotografije-godine-tomislav-trojak\/","url":"https:\/\/tuzlainfo.ba\/index.php\/novosti\/item\/293892-prijavljeno-48-radova-zatvoren-konkurs-za-izbor-sportske-fotografije-godine-tomislav-trojak\/","name":"Prijavljeno 48 radova: Zatvoren konkurs za Izbor sportske fotografije godine \u201eTomislav Trojak\u201c - TuzlaInfo.ba","isPartOf":{"@id":"https:\/\/tuzlainfo.ba\/#website"},"primaryImageOfPage":{"@id":"https:\/\/tuzlainfo.ba\/index.php\/novosti\/item\/293892-prijavljeno-48-radova-zatvoren-konkurs-za-izbor-sportske-fotografije-godine-tomislav-trojak\/#primaryimage"},"image":{"@id":"https:\/\/tuzlainfo.ba\/index.php\/novosti\/item\/293892-prijavljeno-48-radova-zatvoren-konkurs-za-izbor-sportske-fotografije-godine-tomislav-trojak\/#primaryimage"},"thumbnailUrl":"https:\/\/tuzlainfo.ba\/wp-content\/uploads\/2022\/02\/0302_2trojak-1.jpg","datePublished":"2026-02-06T20:02:13+00:00","dateModified":"2026-02-06T19:31:05+00:00","breadcrumb":{"@id":"https:\/\/tuzlainfo.ba\/index.php\/novosti\/item\/293892-prijavljeno-48-radova-zatvoren-konkurs-za-izbor-sportske-fotografije-godine-tomislav-trojak\/#breadcrumb"},"inLanguage":"bs-BA","potentialAction":[{"@type":"ReadAction","target":["https:\/\/tuzlainfo.ba\/index.php\/novosti\/item\/293892-prijavljeno-48-radova-zatvoren-konkurs-za-izbor-sportske-fotografije-godine-tomislav-trojak\/"]}]},{"@type":"ImageObject","inLanguage":"bs-BA","@id":"https:\/\/tuzlainfo.ba\/index.php\/novosti\/item\/293892-prijavljeno-48-radova-zatvoren-konkurs-za-izbor-sportske-fotografije-godine-tomislav-trojak\/#primaryimage","url":"https:\/\/tuzlainfo.ba\/wp-content\/uploads\/2022\/02\/0302_2trojak-1.jpg","contentUrl":"https:\/\/tuzlainfo.ba\/wp-content\/uploads\/2022\/02\/0302_2trojak-1.jpg","width":1000,"height":666},{"@type":"BreadcrumbList","@id":"https:\/\/tuzlainfo.ba\/index.php\/novosti\/item\/293892-prijavljeno-48-radova-zatvoren-konkurs-za-izbor-sportske-fotografije-godine-tomislav-trojak\/#breadcrumb","itemListElement":[{"@type":"ListItem","position":1,"name":"Home","item":"https:\/\/tuzlainfo.ba\/"},{"@type":"ListItem","position":2,"name":"Prijavljeno 48 radova: Zatvoren konkurs za Izbor sportske fotografije godine \u201eTomislav Trojak\u201c"}]},{"@type":"WebSite","@id":"https:\/\/tuzlainfo.ba\/#website","url":"https:\/\/tuzlainfo.ba\/","name":"TuzlaInfo.ba","description":"Tuzla info, gradski informator - Tuzla na dlanu","publisher":{"@id":"https:\/\/tuzlainfo.ba\/#organization"},"potentialAction":[{"@type":"SearchAction","target":{"@type":"EntryPoint","urlTemplate":"https:\/\/tuzlainfo.ba\/?s={search_term_string}"},"query-input":{"@type":"PropertyValueSpecification","valueRequired":true,"valueName":"search_term_string"}}],"inLanguage":"bs-BA"},{"@type":"Organization","@id":"https:\/\/tuzlainfo.ba\/#organization","name":"TuzlaInfo.ba","url":"https:\/\/tuzlainfo.ba\/","logo":{"@type":"ImageObject","inLanguage":"bs-BA","@id":"https:\/\/tuzlainfo.ba\/#\/schema\/logo\/image\/","url":"https:\/\/tuzlainfo.ba\/wp-content\/uploads\/2021\/03\/logo-ver-3-1.png","contentUrl":"https:\/\/tuzlainfo.ba\/wp-content\/uploads\/2021\/03\/logo-ver-3-1.png","width":350,"height":95,"caption":"TuzlaInfo.ba"},"image":{"@id":"https:\/\/tuzlainfo.ba\/#\/schema\/logo\/image\/"},"sameAs":["https:\/\/www.facebook.com\/tuzlainfo.ba\/"]},{"@type":"Person","@id":"https:\/\/tuzlainfo.ba\/#\/schema\/person\/f434e20dc27ea133923aab08451b7f7f","name":"nedim","image":{"@type":"ImageObject","inLanguage":"bs-BA","@id":"https:\/\/tuzlainfo.ba\/#\/schema\/person\/image\/","url":"https:\/\/tuzlainfo.ba\/wp-content\/litespeed\/avatar\/aabad687af24844af817603ac1cbdc4f.jpg?ver=1777306975","contentUrl":"https:\/\/tuzlainfo.ba\/wp-content\/litespeed\/avatar\/aabad687af24844af817603ac1cbdc4f.jpg?ver=1777306975","caption":"nedim"},"description":"Tuzlainfo.ba pratite na dru\u0161tvenim mre\u017eama: Facebook, Instagram i Youtube. Svoje pri\u010de, upite i fotografije \u0161aljite na na\u0161u e-mail adresu."}]}},"_links":{"self":[{"href":"https:\/\/tuzlainfo.ba\/index.php\/wp-json\/wp\/v2\/posts\/293892"}],"collection":[{"href":"https:\/\/tuzlainfo.ba\/index.php\/wp-json\/wp\/v2\/posts"}],"about":[{"href":"https:\/\/tuzlainfo.ba\/index.php\/wp-json\/wp\/v2\/types\/post"}],"author":[{"embeddable":true,"href":"https:\/\/tuzlainfo.ba\/index.php\/wp-json\/wp\/v2\/users\/2"}],"replies":[{"embeddable":true,"href":"https:\/\/tuzlainfo.ba\/index.php\/wp-json\/wp\/v2\/comments?post=293892"}],"version-history":[{"count":1,"href":"https:\/\/tuzlainfo.ba\/index.php\/wp-json\/wp\/v2\/posts\/293892\/revisions"}],"predecessor-version":[{"id":293893,"href":"https:\/\/tuzlainfo.ba\/index.php\/wp-json\/wp\/v2\/posts\/293892\/revisions\/293893"}],"wp:featuredmedia":[{"embeddable":true,"href":"https:\/\/tuzlainfo.ba\/index.php\/wp-json\/wp\/v2\/media\/162872"}],"wp:attachment":[{"href":"https:\/\/tuzlainfo.ba\/index.php\/wp-json\/wp\/v2\/media?parent=293892"}],"wp:term":[{"taxonomy":"category","embeddable":true,"href":"https:\/\/tuzlainfo.ba\/index.php\/wp-json\/wp\/v2\/categories?post=293892"},{"taxonomy":"post_tag","embeddable":true,"href":"https:\/\/tuzlainfo.ba\/index.php\/wp-json\/wp\/v2\/tags?post=293892"}],"curies":[{"name":"wp","href":"https:\/\/api.w.org\/{rel}","templated":true}]}}