{"id":293853,"date":"2026-02-07T14:02:40","date_gmt":"2026-02-07T13:02:40","guid":{"rendered":"https:\/\/tuzlainfo.ba\/?p=293853"},"modified":"2026-02-07T14:03:38","modified_gmt":"2026-02-07T13:03:38","slug":"u-tuzli-danas-obiljezavanje-presernovog-dana-uz-izlozbu-i-muzicki-program","status":"publish","type":"post","link":"https:\/\/tuzlainfo.ba\/index.php\/najava-dogadaja-2\/item\/293853-u-tuzli-danas-obiljezavanje-presernovog-dana-uz-izlozbu-i-muzicki-program\/","title":{"rendered":"U Tuzli danas obilje\u017eavanje Pre\u0161ernovog dana uz izlo\u017ebu i muzi\u010dki program"},"content":{"rendered":"<p>Kulturno-umjetni\u010dki program povodom Dana kulture Republike Slovenije, Pre\u0161ernovog dana, odr\u017eava se danas u Tuzli u ateljeu \u201cIsmet Mujezinovi\u0107\u201d, u sastavu Centra za kulturu Tuzla, s po\u010detkom u 18 sati.<\/p>\n<p>Program obilje\u017eavanja obuhvata izlo\u017ebu fotografija pod nazivom \u201cJa BIH te ljubio\u201d, \u010diji je autor dr. Zvone \u017digon, konzul Republike Slovenije u Bosni i Hercegovini. Izlo\u017eba donosi fotografski prikaz motiva iz Bosne i Hercegovine, kao li\u010dni oma\u017e autora zemlji u kojoj je proveo posljednje \u010detiri godine slu\u017ebe.<\/p>\n<p>Dr. \u017digon je ve\u0107i dio profesionalne karijere posvetio radu sa slovena\u010dkom dijasporom i istra\u017eivanju etni\u010dkog identiteta iseljenika. Radio je kao novinar, istra\u017eiva\u010d i diplomata, bio je generalni konzul u Clevelandu i otpravnik poslova u Canberri, a od septembra pro\u0161le godine vodi Konzularnu kancelariju Ambasade Slovenije u BiH u Banjoj Luci. Do sada je objavio \u010detiri stru\u010dne knjige iz oblasti dijaspore. Fotografijom se bavi amaterski, oslanjaju\u0107i se na trenutnu inspiraciju, igru svjetla, boja i oblika.<\/p>\n<p>U nastavku ve\u010dera\u0161njeg programa nastupit \u0107e \u017denski pjeva\u010dki zbor \u201cSloven\u010dice\u201d Tuzla i vokalni ansambl JU BKC TK pod dirigentskim vodstvom Mirele Ibrahimovi\u0107 Mehanovi\u0107. Program je otvoren za posjetioce.<\/p>\n","protected":false},"excerpt":{"rendered":"<p>Kulturno-umjetni\u010dki program povodom Dana kulture Republike Slovenije, Pre\u0161ernovog dana, odr\u017eava se danas u Tuzli u&hellip;<\/p>\n","protected":false},"author":8,"featured_media":293200,"comment_status":"closed","ping_status":"closed","sticky":false,"template":"","format":"standard","meta":{"_acf_changed":false,"footnotes":""},"categories":[11],"tags":[11864],"acf":[],"yoast_head":"<!-- This site is optimized with the Yoast SEO plugin v23.5 - https:\/\/yoast.com\/wordpress\/plugins\/seo\/ -->\n<title>U Tuzli danas obilje\u017eavanje Pre\u0161ernovog dana uz izlo\u017ebu i muzi\u010dki program - TuzlaInfo.ba<\/title>\n<meta name=\"robots\" content=\"index, follow, max-snippet:-1, max-image-preview:large, max-video-preview:-1\" \/>\n<link rel=\"canonical\" href=\"https:\/\/tuzlainfo.ba\/index.php\/najava-dogadaja-2\/item\/293853-u-tuzli-danas-obiljezavanje-presernovog-dana-uz-izlozbu-i-muzicki-program\/\" \/>\n<meta property=\"og:locale\" content=\"bs_BA\" \/>\n<meta property=\"og:type\" content=\"article\" \/>\n<meta property=\"og:title\" content=\"U Tuzli danas obilje\u017eavanje Pre\u0161ernovog dana uz izlo\u017ebu i muzi\u010dki program - TuzlaInfo.ba\" \/>\n<meta property=\"og:description\" content=\"Kulturno-umjetni\u010dki program povodom Dana kulture Republike Slovenije, Pre\u0161ernovog dana, odr\u017eava se danas u Tuzli u&hellip;\" \/>\n<meta property=\"og:url\" content=\"https:\/\/tuzlainfo.ba\/index.php\/najava-dogadaja-2\/item\/293853-u-tuzli-danas-obiljezavanje-presernovog-dana-uz-izlozbu-i-muzicki-program\/\" \/>\n<meta property=\"og:site_name\" content=\"TuzlaInfo.ba\" \/>\n<meta property=\"article:publisher\" content=\"https:\/\/www.facebook.com\/tuzlainfo.ba\/\" \/>\n<meta property=\"article:published_time\" content=\"2026-02-07T13:02:40+00:00\" \/>\n<meta property=\"article:modified_time\" content=\"2026-02-07T13:03:38+00:00\" \/>\n<meta property=\"og:image\" content=\"https:\/\/tuzlainfo.ba\/wp-content\/uploads\/2026\/01\/presernov-dan111.jpg\" \/>\n\t<meta property=\"og:image:width\" content=\"770\" \/>\n\t<meta property=\"og:image:height\" content=\"588\" \/>\n\t<meta property=\"og:image:type\" content=\"image\/jpeg\" \/>\n<meta name=\"author\" content=\"Admin Tri\" \/>\n<meta name=\"twitter:card\" content=\"summary_large_image\" \/>\n<meta name=\"twitter:label1\" content=\"Written by\" \/>\n\t<meta name=\"twitter:data1\" content=\"Admin Tri\" \/>\n\t<meta name=\"twitter:label2\" content=\"Est. reading time\" \/>\n\t<meta name=\"twitter:data2\" content=\"2 minute\" \/>\n<script type=\"application\/ld+json\" class=\"yoast-schema-graph\">{\"@context\":\"https:\/\/schema.org\",\"@graph\":[{\"@type\":\"Article\",\"@id\":\"https:\/\/tuzlainfo.ba\/index.php\/najava-dogadaja-2\/item\/293853-u-tuzli-danas-obiljezavanje-presernovog-dana-uz-izlozbu-i-muzicki-program\/#article\",\"isPartOf\":{\"@id\":\"https:\/\/tuzlainfo.ba\/index.php\/najava-dogadaja-2\/item\/293853-u-tuzli-danas-obiljezavanje-presernovog-dana-uz-izlozbu-i-muzicki-program\/\"},\"author\":{\"name\":\"Admin Tri\",\"@id\":\"https:\/\/tuzlainfo.ba\/#\/schema\/person\/593e78a2f6378c5ba3e7600ecfa4e63a\"},\"headline\":\"U Tuzli danas obilje\u017eavanje Pre\u0161ernovog dana uz izlo\u017ebu i muzi\u010dki program\",\"datePublished\":\"2026-02-07T13:02:40+00:00\",\"dateModified\":\"2026-02-07T13:03:38+00:00\",\"mainEntityOfPage\":{\"@id\":\"https:\/\/tuzlainfo.ba\/index.php\/najava-dogadaja-2\/item\/293853-u-tuzli-danas-obiljezavanje-presernovog-dana-uz-izlozbu-i-muzicki-program\/\"},\"wordCount\":212,\"publisher\":{\"@id\":\"https:\/\/tuzlainfo.ba\/#organization\"},\"image\":{\"@id\":\"https:\/\/tuzlainfo.ba\/index.php\/najava-dogadaja-2\/item\/293853-u-tuzli-danas-obiljezavanje-presernovog-dana-uz-izlozbu-i-muzicki-program\/#primaryimage\"},\"thumbnailUrl\":\"https:\/\/tuzlainfo.ba\/wp-content\/uploads\/2026\/01\/presernov-dan111.jpg\",\"keywords\":[\"pre\u0161ernov dan\"],\"articleSection\":[\"Najave i doga\u0111aji\"],\"inLanguage\":\"bs-BA\"},{\"@type\":\"WebPage\",\"@id\":\"https:\/\/tuzlainfo.ba\/index.php\/najava-dogadaja-2\/item\/293853-u-tuzli-danas-obiljezavanje-presernovog-dana-uz-izlozbu-i-muzicki-program\/\",\"url\":\"https:\/\/tuzlainfo.ba\/index.php\/najava-dogadaja-2\/item\/293853-u-tuzli-danas-obiljezavanje-presernovog-dana-uz-izlozbu-i-muzicki-program\/\",\"name\":\"U Tuzli danas obilje\u017eavanje Pre\u0161ernovog dana uz izlo\u017ebu i muzi\u010dki program - TuzlaInfo.ba\",\"isPartOf\":{\"@id\":\"https:\/\/tuzlainfo.ba\/#website\"},\"primaryImageOfPage\":{\"@id\":\"https:\/\/tuzlainfo.ba\/index.php\/najava-dogadaja-2\/item\/293853-u-tuzli-danas-obiljezavanje-presernovog-dana-uz-izlozbu-i-muzicki-program\/#primaryimage\"},\"image\":{\"@id\":\"https:\/\/tuzlainfo.ba\/index.php\/najava-dogadaja-2\/item\/293853-u-tuzli-danas-obiljezavanje-presernovog-dana-uz-izlozbu-i-muzicki-program\/#primaryimage\"},\"thumbnailUrl\":\"https:\/\/tuzlainfo.ba\/wp-content\/uploads\/2026\/01\/presernov-dan111.jpg\",\"datePublished\":\"2026-02-07T13:02:40+00:00\",\"dateModified\":\"2026-02-07T13:03:38+00:00\",\"breadcrumb\":{\"@id\":\"https:\/\/tuzlainfo.ba\/index.php\/najava-dogadaja-2\/item\/293853-u-tuzli-danas-obiljezavanje-presernovog-dana-uz-izlozbu-i-muzicki-program\/#breadcrumb\"},\"inLanguage\":\"bs-BA\",\"potentialAction\":[{\"@type\":\"ReadAction\",\"target\":[\"https:\/\/tuzlainfo.ba\/index.php\/najava-dogadaja-2\/item\/293853-u-tuzli-danas-obiljezavanje-presernovog-dana-uz-izlozbu-i-muzicki-program\/\"]}]},{\"@type\":\"ImageObject\",\"inLanguage\":\"bs-BA\",\"@id\":\"https:\/\/tuzlainfo.ba\/index.php\/najava-dogadaja-2\/item\/293853-u-tuzli-danas-obiljezavanje-presernovog-dana-uz-izlozbu-i-muzicki-program\/#primaryimage\",\"url\":\"https:\/\/tuzlainfo.ba\/wp-content\/uploads\/2026\/01\/presernov-dan111.jpg\",\"contentUrl\":\"https:\/\/tuzlainfo.ba\/wp-content\/uploads\/2026\/01\/presernov-dan111.jpg\",\"width\":770,\"height\":588},{\"@type\":\"BreadcrumbList\",\"@id\":\"https:\/\/tuzlainfo.ba\/index.php\/najava-dogadaja-2\/item\/293853-u-tuzli-danas-obiljezavanje-presernovog-dana-uz-izlozbu-i-muzicki-program\/#breadcrumb\",\"itemListElement\":[{\"@type\":\"ListItem\",\"position\":1,\"name\":\"Home\",\"item\":\"https:\/\/tuzlainfo.ba\/\"},{\"@type\":\"ListItem\",\"position\":2,\"name\":\"U Tuzli danas obilje\u017eavanje Pre\u0161ernovog dana uz izlo\u017ebu i muzi\u010dki program\"}]},{\"@type\":\"WebSite\",\"@id\":\"https:\/\/tuzlainfo.ba\/#website\",\"url\":\"https:\/\/tuzlainfo.ba\/\",\"name\":\"TuzlaInfo.ba\",\"description\":\"Tuzla info, gradski informator - Tuzla na dlanu\",\"publisher\":{\"@id\":\"https:\/\/tuzlainfo.ba\/#organization\"},\"potentialAction\":[{\"@type\":\"SearchAction\",\"target\":{\"@type\":\"EntryPoint\",\"urlTemplate\":\"https:\/\/tuzlainfo.ba\/?s={search_term_string}\"},\"query-input\":{\"@type\":\"PropertyValueSpecification\",\"valueRequired\":true,\"valueName\":\"search_term_string\"}}],\"inLanguage\":\"bs-BA\"},{\"@type\":\"Organization\",\"@id\":\"https:\/\/tuzlainfo.ba\/#organization\",\"name\":\"TuzlaInfo.ba\",\"url\":\"https:\/\/tuzlainfo.ba\/\",\"logo\":{\"@type\":\"ImageObject\",\"inLanguage\":\"bs-BA\",\"@id\":\"https:\/\/tuzlainfo.ba\/#\/schema\/logo\/image\/\",\"url\":\"https:\/\/tuzlainfo.ba\/wp-content\/uploads\/2021\/03\/logo-ver-3-1.png\",\"contentUrl\":\"https:\/\/tuzlainfo.ba\/wp-content\/uploads\/2021\/03\/logo-ver-3-1.png\",\"width\":350,\"height\":95,\"caption\":\"TuzlaInfo.ba\"},\"image\":{\"@id\":\"https:\/\/tuzlainfo.ba\/#\/schema\/logo\/image\/\"},\"sameAs\":[\"https:\/\/www.facebook.com\/tuzlainfo.ba\/\"]},{\"@type\":\"Person\",\"@id\":\"https:\/\/tuzlainfo.ba\/#\/schema\/person\/593e78a2f6378c5ba3e7600ecfa4e63a\",\"name\":\"Admin Tri\",\"image\":{\"@type\":\"ImageObject\",\"inLanguage\":\"bs-BA\",\"@id\":\"https:\/\/tuzlainfo.ba\/#\/schema\/person\/image\/\",\"url\":\"https:\/\/tuzlainfo.ba\/wp-content\/litespeed\/avatar\/b7920db4cc34a71ad12497283ad2fe3f.jpg?ver=1777100914\",\"contentUrl\":\"https:\/\/tuzlainfo.ba\/wp-content\/litespeed\/avatar\/b7920db4cc34a71ad12497283ad2fe3f.jpg?ver=1777100914\",\"caption\":\"Admin Tri\"},\"sameAs\":[\"https:\/\/tuzlainfo.ba\"]}]}<\/script>\n<!-- \/ Yoast SEO plugin. -->","yoast_head_json":{"title":"U Tuzli danas obilje\u017eavanje Pre\u0161ernovog dana uz izlo\u017ebu i muzi\u010dki program - TuzlaInfo.ba","robots":{"index":"index","follow":"follow","max-snippet":"max-snippet:-1","max-image-preview":"max-image-preview:large","max-video-preview":"max-video-preview:-1"},"canonical":"https:\/\/tuzlainfo.ba\/index.php\/najava-dogadaja-2\/item\/293853-u-tuzli-danas-obiljezavanje-presernovog-dana-uz-izlozbu-i-muzicki-program\/","og_locale":"bs_BA","og_type":"article","og_title":"U Tuzli danas obilje\u017eavanje Pre\u0161ernovog dana uz izlo\u017ebu i muzi\u010dki program - TuzlaInfo.ba","og_description":"Kulturno-umjetni\u010dki program povodom Dana kulture Republike Slovenije, Pre\u0161ernovog dana, odr\u017eava se danas u Tuzli u&hellip;","og_url":"https:\/\/tuzlainfo.ba\/index.php\/najava-dogadaja-2\/item\/293853-u-tuzli-danas-obiljezavanje-presernovog-dana-uz-izlozbu-i-muzicki-program\/","og_site_name":"TuzlaInfo.ba","article_publisher":"https:\/\/www.facebook.com\/tuzlainfo.ba\/","article_published_time":"2026-02-07T13:02:40+00:00","article_modified_time":"2026-02-07T13:03:38+00:00","og_image":[{"width":770,"height":588,"url":"https:\/\/tuzlainfo.ba\/wp-content\/uploads\/2026\/01\/presernov-dan111.jpg","type":"image\/jpeg"}],"author":"Admin Tri","twitter_card":"summary_large_image","twitter_misc":{"Written by":"Admin Tri","Est. reading time":"2 minute"},"schema":{"@context":"https:\/\/schema.org","@graph":[{"@type":"Article","@id":"https:\/\/tuzlainfo.ba\/index.php\/najava-dogadaja-2\/item\/293853-u-tuzli-danas-obiljezavanje-presernovog-dana-uz-izlozbu-i-muzicki-program\/#article","isPartOf":{"@id":"https:\/\/tuzlainfo.ba\/index.php\/najava-dogadaja-2\/item\/293853-u-tuzli-danas-obiljezavanje-presernovog-dana-uz-izlozbu-i-muzicki-program\/"},"author":{"name":"Admin Tri","@id":"https:\/\/tuzlainfo.ba\/#\/schema\/person\/593e78a2f6378c5ba3e7600ecfa4e63a"},"headline":"U Tuzli danas obilje\u017eavanje Pre\u0161ernovog dana uz izlo\u017ebu i muzi\u010dki program","datePublished":"2026-02-07T13:02:40+00:00","dateModified":"2026-02-07T13:03:38+00:00","mainEntityOfPage":{"@id":"https:\/\/tuzlainfo.ba\/index.php\/najava-dogadaja-2\/item\/293853-u-tuzli-danas-obiljezavanje-presernovog-dana-uz-izlozbu-i-muzicki-program\/"},"wordCount":212,"publisher":{"@id":"https:\/\/tuzlainfo.ba\/#organization"},"image":{"@id":"https:\/\/tuzlainfo.ba\/index.php\/najava-dogadaja-2\/item\/293853-u-tuzli-danas-obiljezavanje-presernovog-dana-uz-izlozbu-i-muzicki-program\/#primaryimage"},"thumbnailUrl":"https:\/\/tuzlainfo.ba\/wp-content\/uploads\/2026\/01\/presernov-dan111.jpg","keywords":["pre\u0161ernov dan"],"articleSection":["Najave i doga\u0111aji"],"inLanguage":"bs-BA"},{"@type":"WebPage","@id":"https:\/\/tuzlainfo.ba\/index.php\/najava-dogadaja-2\/item\/293853-u-tuzli-danas-obiljezavanje-presernovog-dana-uz-izlozbu-i-muzicki-program\/","url":"https:\/\/tuzlainfo.ba\/index.php\/najava-dogadaja-2\/item\/293853-u-tuzli-danas-obiljezavanje-presernovog-dana-uz-izlozbu-i-muzicki-program\/","name":"U Tuzli danas obilje\u017eavanje Pre\u0161ernovog dana uz izlo\u017ebu i muzi\u010dki program - TuzlaInfo.ba","isPartOf":{"@id":"https:\/\/tuzlainfo.ba\/#website"},"primaryImageOfPage":{"@id":"https:\/\/tuzlainfo.ba\/index.php\/najava-dogadaja-2\/item\/293853-u-tuzli-danas-obiljezavanje-presernovog-dana-uz-izlozbu-i-muzicki-program\/#primaryimage"},"image":{"@id":"https:\/\/tuzlainfo.ba\/index.php\/najava-dogadaja-2\/item\/293853-u-tuzli-danas-obiljezavanje-presernovog-dana-uz-izlozbu-i-muzicki-program\/#primaryimage"},"thumbnailUrl":"https:\/\/tuzlainfo.ba\/wp-content\/uploads\/2026\/01\/presernov-dan111.jpg","datePublished":"2026-02-07T13:02:40+00:00","dateModified":"2026-02-07T13:03:38+00:00","breadcrumb":{"@id":"https:\/\/tuzlainfo.ba\/index.php\/najava-dogadaja-2\/item\/293853-u-tuzli-danas-obiljezavanje-presernovog-dana-uz-izlozbu-i-muzicki-program\/#breadcrumb"},"inLanguage":"bs-BA","potentialAction":[{"@type":"ReadAction","target":["https:\/\/tuzlainfo.ba\/index.php\/najava-dogadaja-2\/item\/293853-u-tuzli-danas-obiljezavanje-presernovog-dana-uz-izlozbu-i-muzicki-program\/"]}]},{"@type":"ImageObject","inLanguage":"bs-BA","@id":"https:\/\/tuzlainfo.ba\/index.php\/najava-dogadaja-2\/item\/293853-u-tuzli-danas-obiljezavanje-presernovog-dana-uz-izlozbu-i-muzicki-program\/#primaryimage","url":"https:\/\/tuzlainfo.ba\/wp-content\/uploads\/2026\/01\/presernov-dan111.jpg","contentUrl":"https:\/\/tuzlainfo.ba\/wp-content\/uploads\/2026\/01\/presernov-dan111.jpg","width":770,"height":588},{"@type":"BreadcrumbList","@id":"https:\/\/tuzlainfo.ba\/index.php\/najava-dogadaja-2\/item\/293853-u-tuzli-danas-obiljezavanje-presernovog-dana-uz-izlozbu-i-muzicki-program\/#breadcrumb","itemListElement":[{"@type":"ListItem","position":1,"name":"Home","item":"https:\/\/tuzlainfo.ba\/"},{"@type":"ListItem","position":2,"name":"U Tuzli danas obilje\u017eavanje Pre\u0161ernovog dana uz izlo\u017ebu i muzi\u010dki program"}]},{"@type":"WebSite","@id":"https:\/\/tuzlainfo.ba\/#website","url":"https:\/\/tuzlainfo.ba\/","name":"TuzlaInfo.ba","description":"Tuzla info, gradski informator - Tuzla na dlanu","publisher":{"@id":"https:\/\/tuzlainfo.ba\/#organization"},"potentialAction":[{"@type":"SearchAction","target":{"@type":"EntryPoint","urlTemplate":"https:\/\/tuzlainfo.ba\/?s={search_term_string}"},"query-input":{"@type":"PropertyValueSpecification","valueRequired":true,"valueName":"search_term_string"}}],"inLanguage":"bs-BA"},{"@type":"Organization","@id":"https:\/\/tuzlainfo.ba\/#organization","name":"TuzlaInfo.ba","url":"https:\/\/tuzlainfo.ba\/","logo":{"@type":"ImageObject","inLanguage":"bs-BA","@id":"https:\/\/tuzlainfo.ba\/#\/schema\/logo\/image\/","url":"https:\/\/tuzlainfo.ba\/wp-content\/uploads\/2021\/03\/logo-ver-3-1.png","contentUrl":"https:\/\/tuzlainfo.ba\/wp-content\/uploads\/2021\/03\/logo-ver-3-1.png","width":350,"height":95,"caption":"TuzlaInfo.ba"},"image":{"@id":"https:\/\/tuzlainfo.ba\/#\/schema\/logo\/image\/"},"sameAs":["https:\/\/www.facebook.com\/tuzlainfo.ba\/"]},{"@type":"Person","@id":"https:\/\/tuzlainfo.ba\/#\/schema\/person\/593e78a2f6378c5ba3e7600ecfa4e63a","name":"Admin Tri","image":{"@type":"ImageObject","inLanguage":"bs-BA","@id":"https:\/\/tuzlainfo.ba\/#\/schema\/person\/image\/","url":"https:\/\/tuzlainfo.ba\/wp-content\/litespeed\/avatar\/b7920db4cc34a71ad12497283ad2fe3f.jpg?ver=1777100914","contentUrl":"https:\/\/tuzlainfo.ba\/wp-content\/litespeed\/avatar\/b7920db4cc34a71ad12497283ad2fe3f.jpg?ver=1777100914","caption":"Admin Tri"},"sameAs":["https:\/\/tuzlainfo.ba"]}]}},"_links":{"self":[{"href":"https:\/\/tuzlainfo.ba\/index.php\/wp-json\/wp\/v2\/posts\/293853"}],"collection":[{"href":"https:\/\/tuzlainfo.ba\/index.php\/wp-json\/wp\/v2\/posts"}],"about":[{"href":"https:\/\/tuzlainfo.ba\/index.php\/wp-json\/wp\/v2\/types\/post"}],"author":[{"embeddable":true,"href":"https:\/\/tuzlainfo.ba\/index.php\/wp-json\/wp\/v2\/users\/8"}],"replies":[{"embeddable":true,"href":"https:\/\/tuzlainfo.ba\/index.php\/wp-json\/wp\/v2\/comments?post=293853"}],"version-history":[{"count":1,"href":"https:\/\/tuzlainfo.ba\/index.php\/wp-json\/wp\/v2\/posts\/293853\/revisions"}],"predecessor-version":[{"id":293855,"href":"https:\/\/tuzlainfo.ba\/index.php\/wp-json\/wp\/v2\/posts\/293853\/revisions\/293855"}],"wp:featuredmedia":[{"embeddable":true,"href":"https:\/\/tuzlainfo.ba\/index.php\/wp-json\/wp\/v2\/media\/293200"}],"wp:attachment":[{"href":"https:\/\/tuzlainfo.ba\/index.php\/wp-json\/wp\/v2\/media?parent=293853"}],"wp:term":[{"taxonomy":"category","embeddable":true,"href":"https:\/\/tuzlainfo.ba\/index.php\/wp-json\/wp\/v2\/categories?post=293853"},{"taxonomy":"post_tag","embeddable":true,"href":"https:\/\/tuzlainfo.ba\/index.php\/wp-json\/wp\/v2\/tags?post=293853"}],"curies":[{"name":"wp","href":"https:\/\/api.w.org\/{rel}","templated":true}]}}