{"id":293850,"date":"2026-02-06T15:10:24","date_gmt":"2026-02-06T14:10:24","guid":{"rendered":"https:\/\/tuzlainfo.ba\/?p=293850"},"modified":"2026-02-06T14:32:47","modified_gmt":"2026-02-06T13:32:47","slug":"pocela-edukacija-mladih-policajaca-u-mup-u-tk","status":"publish","type":"post","link":"https:\/\/tuzlainfo.ba\/index.php\/novosti\/item\/293850-pocela-edukacija-mladih-policajaca-u-mup-u-tk\/","title":{"rendered":"Po\u010dela edukacija mladih policajaca u MUP-u TK"},"content":{"rendered":"<p>U okviru predvi\u0111enih aktivnosti i godi\u0161njeg Plana edukacije policijskih slu\u017ebenika Uprave policije MUP TK-a, dana 4.2.2026. godine zapo\u010dela je edukacija za mlade policijske slu\u017ebenike u po\u010detnom \u010dinu &#8220;policajac&#8221;, s ciljem unapre\u0111enja\u00a0profesionalne etike i odgovornosti, kao i efikasnijeg\u00a0izvr\u0161avanja policijskih zadataka.<\/p>\n<p>Predava\u010di na predmetnim edukacijama\u00a0su policijski slu\u017ebenici Jedinice za profesionalne standarde i Odsjeka za edukaciju Uprave policije MUP TK-a, a teme koje su obra\u0111uju su Eti\u010dki kodeks, Instrukcija o pravilima pona\u0161anja policijskih slu\u017ebenika, upotreba sredstava prinude, te primjena zakonskih propisa iz oblasti za\u0161tite li\u010dnih podataka, unutra\u0161njih poslova i nasilja u porodici.\u00a0Koriste\u0107i prakti\u010dne primjere i analizu relevantnih propisa, mladi policajci \u0107e ste\u0107i neophodna znanja za efikasnije obavljanje redovnih poslova i zadataka, te pravilnu primjenu zakonskih mjera i ovla\u0161tenja.<\/p>\n<p>Kroz planirani program vi\u0161ednevnih predavanja bi\u0107e obuhva\u0107eni svi novoprimljeni policijski slu\u017ebenici u po\u010detnom \u010dinu &#8220;policajac&#8221; raspore\u0111eni u grupe, dok su policijski slu\u017ebenici u po\u010detnom \u010dinu &#8220;mla\u0111i inspektor&#8221; navedenu edukaciju uspje\u0161no zavr\u0161ili u prethodnom mjesecu u sklopu kontinuiranog programa edukacije.<\/p>\n<p>Uprava policije MUP TK-a \u0107e i u narednom periodu, kroz redovne planove i programe edukacije, nastaviti aktivnosti na profesionalnom usavr\u0161avanju i edukaciji policijskih slu\u017ebenika obradom posebnih tematskih cjelina odabranih u skladu s izra\u017eenim sigurnosnim pojavama, kao i va\u017ee\u0107im zakonskim i podzakonskim propisima.<\/p>\n","protected":false},"excerpt":{"rendered":"<p>U okviru predvi\u0111enih aktivnosti i godi\u0161njeg Plana edukacije policijskih slu\u017ebenika Uprave policije MUP TK-a, dana&hellip;<\/p>\n","protected":false},"author":4,"featured_media":293856,"comment_status":"closed","ping_status":"closed","sticky":false,"template":"","format":"standard","meta":{"_acf_changed":false,"footnotes":""},"categories":[304,12],"tags":[4157],"acf":[],"yoast_head":"<!-- This site is optimized with the Yoast SEO plugin v23.5 - https:\/\/yoast.com\/wordpress\/plugins\/seo\/ -->\n<title>Po\u010dela edukacija mladih policajaca u MUP-u TK - TuzlaInfo.ba<\/title>\n<meta name=\"robots\" content=\"index, follow, max-snippet:-1, max-image-preview:large, max-video-preview:-1\" \/>\n<link rel=\"canonical\" href=\"https:\/\/tuzlainfo.ba\/index.php\/novosti\/item\/293850-pocela-edukacija-mladih-policajaca-u-mup-u-tk\/\" \/>\n<meta property=\"og:locale\" content=\"bs_BA\" \/>\n<meta property=\"og:type\" content=\"article\" \/>\n<meta property=\"og:title\" content=\"Po\u010dela edukacija mladih policajaca u MUP-u TK - TuzlaInfo.ba\" \/>\n<meta property=\"og:description\" content=\"U okviru predvi\u0111enih aktivnosti i godi\u0161njeg Plana edukacije policijskih slu\u017ebenika Uprave policije MUP TK-a, dana&hellip;\" \/>\n<meta property=\"og:url\" content=\"https:\/\/tuzlainfo.ba\/index.php\/novosti\/item\/293850-pocela-edukacija-mladih-policajaca-u-mup-u-tk\/\" \/>\n<meta property=\"og:site_name\" content=\"TuzlaInfo.ba\" \/>\n<meta property=\"article:publisher\" content=\"https:\/\/www.facebook.com\/tuzlainfo.ba\/\" \/>\n<meta property=\"article:published_time\" content=\"2026-02-06T14:10:24+00:00\" \/>\n<meta property=\"article:modified_time\" content=\"2026-02-06T13:32:47+00:00\" \/>\n<meta property=\"og:image\" content=\"https:\/\/tuzlainfo.ba\/wp-content\/uploads\/2026\/02\/mladi-policajci.webp\" \/>\n\t<meta property=\"og:image:width\" content=\"1024\" \/>\n\t<meta property=\"og:image:height\" content=\"565\" \/>\n\t<meta property=\"og:image:type\" content=\"image\/webp\" \/>\n<meta name=\"author\" content=\"Tuzla Info\" \/>\n<meta name=\"twitter:card\" content=\"summary_large_image\" \/>\n<meta name=\"twitter:label1\" content=\"Written by\" \/>\n\t<meta name=\"twitter:data1\" content=\"Tuzla Info\" \/>\n\t<meta name=\"twitter:label2\" content=\"Est. reading time\" \/>\n\t<meta name=\"twitter:data2\" content=\"2 minute\" \/>\n<script type=\"application\/ld+json\" class=\"yoast-schema-graph\">{\"@context\":\"https:\/\/schema.org\",\"@graph\":[{\"@type\":\"Article\",\"@id\":\"https:\/\/tuzlainfo.ba\/index.php\/novosti\/item\/293850-pocela-edukacija-mladih-policajaca-u-mup-u-tk\/#article\",\"isPartOf\":{\"@id\":\"https:\/\/tuzlainfo.ba\/index.php\/novosti\/item\/293850-pocela-edukacija-mladih-policajaca-u-mup-u-tk\/\"},\"author\":{\"name\":\"Tuzla Info\",\"@id\":\"https:\/\/tuzlainfo.ba\/#\/schema\/person\/46cad4c57790cbc50781edd14870825a\"},\"headline\":\"Po\u010dela edukacija mladih policajaca u MUP-u TK\",\"datePublished\":\"2026-02-06T14:10:24+00:00\",\"dateModified\":\"2026-02-06T13:32:47+00:00\",\"mainEntityOfPage\":{\"@id\":\"https:\/\/tuzlainfo.ba\/index.php\/novosti\/item\/293850-pocela-edukacija-mladih-policajaca-u-mup-u-tk\/\"},\"wordCount\":244,\"publisher\":{\"@id\":\"https:\/\/tuzlainfo.ba\/#organization\"},\"image\":{\"@id\":\"https:\/\/tuzlainfo.ba\/index.php\/novosti\/item\/293850-pocela-edukacija-mladih-policajaca-u-mup-u-tk\/#primaryimage\"},\"thumbnailUrl\":\"https:\/\/tuzlainfo.ba\/wp-content\/uploads\/2026\/02\/mladi-policajci.webp\",\"keywords\":[\"Uprava policije MUP TK\"],\"articleSection\":[\"Istaknuto\",\"Novosti\"],\"inLanguage\":\"bs-BA\"},{\"@type\":\"WebPage\",\"@id\":\"https:\/\/tuzlainfo.ba\/index.php\/novosti\/item\/293850-pocela-edukacija-mladih-policajaca-u-mup-u-tk\/\",\"url\":\"https:\/\/tuzlainfo.ba\/index.php\/novosti\/item\/293850-pocela-edukacija-mladih-policajaca-u-mup-u-tk\/\",\"name\":\"Po\u010dela edukacija mladih policajaca u MUP-u TK - TuzlaInfo.ba\",\"isPartOf\":{\"@id\":\"https:\/\/tuzlainfo.ba\/#website\"},\"primaryImageOfPage\":{\"@id\":\"https:\/\/tuzlainfo.ba\/index.php\/novosti\/item\/293850-pocela-edukacija-mladih-policajaca-u-mup-u-tk\/#primaryimage\"},\"image\":{\"@id\":\"https:\/\/tuzlainfo.ba\/index.php\/novosti\/item\/293850-pocela-edukacija-mladih-policajaca-u-mup-u-tk\/#primaryimage\"},\"thumbnailUrl\":\"https:\/\/tuzlainfo.ba\/wp-content\/uploads\/2026\/02\/mladi-policajci.webp\",\"datePublished\":\"2026-02-06T14:10:24+00:00\",\"dateModified\":\"2026-02-06T13:32:47+00:00\",\"breadcrumb\":{\"@id\":\"https:\/\/tuzlainfo.ba\/index.php\/novosti\/item\/293850-pocela-edukacija-mladih-policajaca-u-mup-u-tk\/#breadcrumb\"},\"inLanguage\":\"bs-BA\",\"potentialAction\":[{\"@type\":\"ReadAction\",\"target\":[\"https:\/\/tuzlainfo.ba\/index.php\/novosti\/item\/293850-pocela-edukacija-mladih-policajaca-u-mup-u-tk\/\"]}]},{\"@type\":\"ImageObject\",\"inLanguage\":\"bs-BA\",\"@id\":\"https:\/\/tuzlainfo.ba\/index.php\/novosti\/item\/293850-pocela-edukacija-mladih-policajaca-u-mup-u-tk\/#primaryimage\",\"url\":\"https:\/\/tuzlainfo.ba\/wp-content\/uploads\/2026\/02\/mladi-policajci.webp\",\"contentUrl\":\"https:\/\/tuzlainfo.ba\/wp-content\/uploads\/2026\/02\/mladi-policajci.webp\",\"width\":1024,\"height\":565},{\"@type\":\"BreadcrumbList\",\"@id\":\"https:\/\/tuzlainfo.ba\/index.php\/novosti\/item\/293850-pocela-edukacija-mladih-policajaca-u-mup-u-tk\/#breadcrumb\",\"itemListElement\":[{\"@type\":\"ListItem\",\"position\":1,\"name\":\"Home\",\"item\":\"https:\/\/tuzlainfo.ba\/\"},{\"@type\":\"ListItem\",\"position\":2,\"name\":\"Po\u010dela edukacija mladih policajaca u MUP-u TK\"}]},{\"@type\":\"WebSite\",\"@id\":\"https:\/\/tuzlainfo.ba\/#website\",\"url\":\"https:\/\/tuzlainfo.ba\/\",\"name\":\"TuzlaInfo.ba\",\"description\":\"Tuzla info, gradski informator - Tuzla na dlanu\",\"publisher\":{\"@id\":\"https:\/\/tuzlainfo.ba\/#organization\"},\"potentialAction\":[{\"@type\":\"SearchAction\",\"target\":{\"@type\":\"EntryPoint\",\"urlTemplate\":\"https:\/\/tuzlainfo.ba\/?s={search_term_string}\"},\"query-input\":{\"@type\":\"PropertyValueSpecification\",\"valueRequired\":true,\"valueName\":\"search_term_string\"}}],\"inLanguage\":\"bs-BA\"},{\"@type\":\"Organization\",\"@id\":\"https:\/\/tuzlainfo.ba\/#organization\",\"name\":\"TuzlaInfo.ba\",\"url\":\"https:\/\/tuzlainfo.ba\/\",\"logo\":{\"@type\":\"ImageObject\",\"inLanguage\":\"bs-BA\",\"@id\":\"https:\/\/tuzlainfo.ba\/#\/schema\/logo\/image\/\",\"url\":\"https:\/\/tuzlainfo.ba\/wp-content\/uploads\/2021\/03\/logo-ver-3-1.png\",\"contentUrl\":\"https:\/\/tuzlainfo.ba\/wp-content\/uploads\/2021\/03\/logo-ver-3-1.png\",\"width\":350,\"height\":95,\"caption\":\"TuzlaInfo.ba\"},\"image\":{\"@id\":\"https:\/\/tuzlainfo.ba\/#\/schema\/logo\/image\/\"},\"sameAs\":[\"https:\/\/www.facebook.com\/tuzlainfo.ba\/\"]},{\"@type\":\"Person\",\"@id\":\"https:\/\/tuzlainfo.ba\/#\/schema\/person\/46cad4c57790cbc50781edd14870825a\",\"name\":\"Tuzla Info\",\"image\":{\"@type\":\"ImageObject\",\"inLanguage\":\"bs-BA\",\"@id\":\"https:\/\/tuzlainfo.ba\/#\/schema\/person\/image\/\",\"url\":\"https:\/\/tuzlainfo.ba\/wp-content\/litespeed\/avatar\/b6c453a6c38e3654f2e4416c643fc25c.jpg?ver=1777051911\",\"contentUrl\":\"https:\/\/tuzlainfo.ba\/wp-content\/litespeed\/avatar\/b6c453a6c38e3654f2e4416c643fc25c.jpg?ver=1777051911\",\"caption\":\"Tuzla Info\"}}]}<\/script>\n<!-- \/ Yoast SEO plugin. -->","yoast_head_json":{"title":"Po\u010dela edukacija mladih policajaca u MUP-u TK - TuzlaInfo.ba","robots":{"index":"index","follow":"follow","max-snippet":"max-snippet:-1","max-image-preview":"max-image-preview:large","max-video-preview":"max-video-preview:-1"},"canonical":"https:\/\/tuzlainfo.ba\/index.php\/novosti\/item\/293850-pocela-edukacija-mladih-policajaca-u-mup-u-tk\/","og_locale":"bs_BA","og_type":"article","og_title":"Po\u010dela edukacija mladih policajaca u MUP-u TK - TuzlaInfo.ba","og_description":"U okviru predvi\u0111enih aktivnosti i godi\u0161njeg Plana edukacije policijskih slu\u017ebenika Uprave policije MUP TK-a, dana&hellip;","og_url":"https:\/\/tuzlainfo.ba\/index.php\/novosti\/item\/293850-pocela-edukacija-mladih-policajaca-u-mup-u-tk\/","og_site_name":"TuzlaInfo.ba","article_publisher":"https:\/\/www.facebook.com\/tuzlainfo.ba\/","article_published_time":"2026-02-06T14:10:24+00:00","article_modified_time":"2026-02-06T13:32:47+00:00","og_image":[{"width":1024,"height":565,"url":"https:\/\/tuzlainfo.ba\/wp-content\/uploads\/2026\/02\/mladi-policajci.webp","type":"image\/webp"}],"author":"Tuzla Info","twitter_card":"summary_large_image","twitter_misc":{"Written by":"Tuzla Info","Est. reading time":"2 minute"},"schema":{"@context":"https:\/\/schema.org","@graph":[{"@type":"Article","@id":"https:\/\/tuzlainfo.ba\/index.php\/novosti\/item\/293850-pocela-edukacija-mladih-policajaca-u-mup-u-tk\/#article","isPartOf":{"@id":"https:\/\/tuzlainfo.ba\/index.php\/novosti\/item\/293850-pocela-edukacija-mladih-policajaca-u-mup-u-tk\/"},"author":{"name":"Tuzla Info","@id":"https:\/\/tuzlainfo.ba\/#\/schema\/person\/46cad4c57790cbc50781edd14870825a"},"headline":"Po\u010dela edukacija mladih policajaca u MUP-u TK","datePublished":"2026-02-06T14:10:24+00:00","dateModified":"2026-02-06T13:32:47+00:00","mainEntityOfPage":{"@id":"https:\/\/tuzlainfo.ba\/index.php\/novosti\/item\/293850-pocela-edukacija-mladih-policajaca-u-mup-u-tk\/"},"wordCount":244,"publisher":{"@id":"https:\/\/tuzlainfo.ba\/#organization"},"image":{"@id":"https:\/\/tuzlainfo.ba\/index.php\/novosti\/item\/293850-pocela-edukacija-mladih-policajaca-u-mup-u-tk\/#primaryimage"},"thumbnailUrl":"https:\/\/tuzlainfo.ba\/wp-content\/uploads\/2026\/02\/mladi-policajci.webp","keywords":["Uprava policije MUP TK"],"articleSection":["Istaknuto","Novosti"],"inLanguage":"bs-BA"},{"@type":"WebPage","@id":"https:\/\/tuzlainfo.ba\/index.php\/novosti\/item\/293850-pocela-edukacija-mladih-policajaca-u-mup-u-tk\/","url":"https:\/\/tuzlainfo.ba\/index.php\/novosti\/item\/293850-pocela-edukacija-mladih-policajaca-u-mup-u-tk\/","name":"Po\u010dela edukacija mladih policajaca u MUP-u TK - TuzlaInfo.ba","isPartOf":{"@id":"https:\/\/tuzlainfo.ba\/#website"},"primaryImageOfPage":{"@id":"https:\/\/tuzlainfo.ba\/index.php\/novosti\/item\/293850-pocela-edukacija-mladih-policajaca-u-mup-u-tk\/#primaryimage"},"image":{"@id":"https:\/\/tuzlainfo.ba\/index.php\/novosti\/item\/293850-pocela-edukacija-mladih-policajaca-u-mup-u-tk\/#primaryimage"},"thumbnailUrl":"https:\/\/tuzlainfo.ba\/wp-content\/uploads\/2026\/02\/mladi-policajci.webp","datePublished":"2026-02-06T14:10:24+00:00","dateModified":"2026-02-06T13:32:47+00:00","breadcrumb":{"@id":"https:\/\/tuzlainfo.ba\/index.php\/novosti\/item\/293850-pocela-edukacija-mladih-policajaca-u-mup-u-tk\/#breadcrumb"},"inLanguage":"bs-BA","potentialAction":[{"@type":"ReadAction","target":["https:\/\/tuzlainfo.ba\/index.php\/novosti\/item\/293850-pocela-edukacija-mladih-policajaca-u-mup-u-tk\/"]}]},{"@type":"ImageObject","inLanguage":"bs-BA","@id":"https:\/\/tuzlainfo.ba\/index.php\/novosti\/item\/293850-pocela-edukacija-mladih-policajaca-u-mup-u-tk\/#primaryimage","url":"https:\/\/tuzlainfo.ba\/wp-content\/uploads\/2026\/02\/mladi-policajci.webp","contentUrl":"https:\/\/tuzlainfo.ba\/wp-content\/uploads\/2026\/02\/mladi-policajci.webp","width":1024,"height":565},{"@type":"BreadcrumbList","@id":"https:\/\/tuzlainfo.ba\/index.php\/novosti\/item\/293850-pocela-edukacija-mladih-policajaca-u-mup-u-tk\/#breadcrumb","itemListElement":[{"@type":"ListItem","position":1,"name":"Home","item":"https:\/\/tuzlainfo.ba\/"},{"@type":"ListItem","position":2,"name":"Po\u010dela edukacija mladih policajaca u MUP-u TK"}]},{"@type":"WebSite","@id":"https:\/\/tuzlainfo.ba\/#website","url":"https:\/\/tuzlainfo.ba\/","name":"TuzlaInfo.ba","description":"Tuzla info, gradski informator - Tuzla na dlanu","publisher":{"@id":"https:\/\/tuzlainfo.ba\/#organization"},"potentialAction":[{"@type":"SearchAction","target":{"@type":"EntryPoint","urlTemplate":"https:\/\/tuzlainfo.ba\/?s={search_term_string}"},"query-input":{"@type":"PropertyValueSpecification","valueRequired":true,"valueName":"search_term_string"}}],"inLanguage":"bs-BA"},{"@type":"Organization","@id":"https:\/\/tuzlainfo.ba\/#organization","name":"TuzlaInfo.ba","url":"https:\/\/tuzlainfo.ba\/","logo":{"@type":"ImageObject","inLanguage":"bs-BA","@id":"https:\/\/tuzlainfo.ba\/#\/schema\/logo\/image\/","url":"https:\/\/tuzlainfo.ba\/wp-content\/uploads\/2021\/03\/logo-ver-3-1.png","contentUrl":"https:\/\/tuzlainfo.ba\/wp-content\/uploads\/2021\/03\/logo-ver-3-1.png","width":350,"height":95,"caption":"TuzlaInfo.ba"},"image":{"@id":"https:\/\/tuzlainfo.ba\/#\/schema\/logo\/image\/"},"sameAs":["https:\/\/www.facebook.com\/tuzlainfo.ba\/"]},{"@type":"Person","@id":"https:\/\/tuzlainfo.ba\/#\/schema\/person\/46cad4c57790cbc50781edd14870825a","name":"Tuzla Info","image":{"@type":"ImageObject","inLanguage":"bs-BA","@id":"https:\/\/tuzlainfo.ba\/#\/schema\/person\/image\/","url":"https:\/\/tuzlainfo.ba\/wp-content\/litespeed\/avatar\/b6c453a6c38e3654f2e4416c643fc25c.jpg?ver=1777051911","contentUrl":"https:\/\/tuzlainfo.ba\/wp-content\/litespeed\/avatar\/b6c453a6c38e3654f2e4416c643fc25c.jpg?ver=1777051911","caption":"Tuzla Info"}}]}},"_links":{"self":[{"href":"https:\/\/tuzlainfo.ba\/index.php\/wp-json\/wp\/v2\/posts\/293850"}],"collection":[{"href":"https:\/\/tuzlainfo.ba\/index.php\/wp-json\/wp\/v2\/posts"}],"about":[{"href":"https:\/\/tuzlainfo.ba\/index.php\/wp-json\/wp\/v2\/types\/post"}],"author":[{"embeddable":true,"href":"https:\/\/tuzlainfo.ba\/index.php\/wp-json\/wp\/v2\/users\/4"}],"replies":[{"embeddable":true,"href":"https:\/\/tuzlainfo.ba\/index.php\/wp-json\/wp\/v2\/comments?post=293850"}],"version-history":[{"count":1,"href":"https:\/\/tuzlainfo.ba\/index.php\/wp-json\/wp\/v2\/posts\/293850\/revisions"}],"predecessor-version":[{"id":293857,"href":"https:\/\/tuzlainfo.ba\/index.php\/wp-json\/wp\/v2\/posts\/293850\/revisions\/293857"}],"wp:featuredmedia":[{"embeddable":true,"href":"https:\/\/tuzlainfo.ba\/index.php\/wp-json\/wp\/v2\/media\/293856"}],"wp:attachment":[{"href":"https:\/\/tuzlainfo.ba\/index.php\/wp-json\/wp\/v2\/media?parent=293850"}],"wp:term":[{"taxonomy":"category","embeddable":true,"href":"https:\/\/tuzlainfo.ba\/index.php\/wp-json\/wp\/v2\/categories?post=293850"},{"taxonomy":"post_tag","embeddable":true,"href":"https:\/\/tuzlainfo.ba\/index.php\/wp-json\/wp\/v2\/tags?post=293850"}],"curies":[{"name":"wp","href":"https:\/\/api.w.org\/{rel}","templated":true}]}}