{"id":293834,"date":"2026-02-06T18:08:37","date_gmt":"2026-02-06T17:08:37","guid":{"rendered":"https:\/\/tuzlainfo.ba\/?p=293834"},"modified":"2026-02-06T14:50:05","modified_gmt":"2026-02-06T13:50:05","slug":"pozoriste-mladih-tuzle-otvara-22-dane-mladih-predstavom-rode","status":"publish","type":"post","link":"https:\/\/tuzlainfo.ba\/index.php\/najava-dogadaja-2\/item\/293834-pozoriste-mladih-tuzle-otvara-22-dane-mladih-predstavom-rode\/","title":{"rendered":"Pozori\u0161te mladih Tuzle otvara 22. Dane mladih predstavom \u201eRODE\u201c"},"content":{"rendered":"<article class=\"text-token-text-primary w-full focus:outline-none [--shadow-height:45px] has-data-writing-block:pointer-events-none has-data-writing-block:-mt-(--shadow-height) has-data-writing-block:pt-(--shadow-height) [&amp;:has([data-writing-block])&gt;*]:pointer-events-auto scroll-mt-(--header-height)\" dir=\"auto\" tabindex=\"-1\" data-turn-id=\"759cb311-78db-4ad6-8575-c07ae82431fc\" data-testid=\"conversation-turn-17\" data-scroll-anchor=\"false\" data-turn=\"user\"><\/article>\n<article class=\"text-token-text-primary w-full focus:outline-none [--shadow-height:45px] has-data-writing-block:pointer-events-none has-data-writing-block:-mt-(--shadow-height) has-data-writing-block:pt-(--shadow-height) [&amp;:has([data-writing-block])&gt;*]:pointer-events-auto scroll-mt-[calc(var(--header-height)+min(200px,max(70px,20svh)))]\" dir=\"auto\" tabindex=\"-1\" data-turn-id=\"request-WEB:a88950df-31b1-4b35-a5e1-a927c2c0b639-8\" data-testid=\"conversation-turn-18\" data-scroll-anchor=\"true\" data-turn=\"assistant\">\n<div class=\"text-base my-auto mx-auto pb-10 [--thread-content-margin:--spacing(4)] @w-sm\/main:[--thread-content-margin:--spacing(6)] @w-lg\/main:[--thread-content-margin:--spacing(16)] px-(--thread-content-margin)\">\n<div class=\"[--thread-content-max-width:40rem] @w-lg\/main:[--thread-content-max-width:48rem] mx-auto max-w-(--thread-content-max-width) flex-1 group\/turn-messages focus-visible:outline-hidden relative flex w-full min-w-0 flex-col agent-turn\" tabindex=\"-1\">\n<div class=\"flex max-w-full flex-col grow\">\n<div class=\"min-h-8 text-message relative flex w-full flex-col items-end gap-2 text-start break-words whitespace-normal [.text-message+&amp;]:mt-1\" dir=\"auto\" data-message-author-role=\"assistant\" data-message-id=\"17388634-c8a8-47f5-ab8d-1a0611ae6a33\" data-message-model-slug=\"gpt-5-2\">\n<div class=\"flex w-full flex-col gap-1 empty:hidden first:pt-[1px]\">\n<div class=\"markdown prose dark:prose-invert w-full wrap-break-word light markdown-new-styling\">\n<p data-start=\"0\" data-end=\"191\">Pozori\u0161te mladih Tuzle najavilo je premijeru predstave \u201eRODE\u201c, u re\u017eiji Adnana Mujki\u0107a, koja \u0107e biti izvedena u dvije premijerne ve\u010deri na sceni Bosanskog kulturnog centra Tuzlanskog kantona.<\/p>\n<p data-start=\"193\" data-end=\"357\">Prva premijera zakazana je za ponedjeljak, 16. februara 2026. godine u 19.30 sati, dok \u0107e druga premijera biti odr\u017eana u utorak, 17. februara, tako\u0111er u 19.30 sati.<\/p>\n<p data-start=\"359\" data-end=\"529\">Premijernim izvo\u0111enjima predstave \u201eRODE\u201c bit \u0107e otvoreni 22. Dani mladih Tuzle, manifestacija kojom se obilje\u017eava 22. godi\u0161njica postojanja i rada Pozori\u0161ta mladih Tuzle.<\/p>\n<p data-start=\"531\" data-end=\"783\">Predstava nastaje u okviru projekta \u201eKatarza za budu\u0107nost\u201c, koji se realizuje kroz projekat \u201ePodr\u0161ka Evropske unije izgradnji povjerenja na Zapadnom Balkanu\u201c, finansiran od Evropske unije u Bosni i Hercegovini, a provodi ga UNDP Bosnia and Herzegovina.<\/p>\n<p data-start=\"785\" data-end=\"939\">Produkciju potpisuje Pozori\u0161te mladih Tuzle, dok su koproducenti JU Bosanski kulturni centar TK, Udru\u017eenje Mladi Tuzle i Savremeno-umjetni\u010dka \u0161kola Tuzla.<\/p>\n<p data-start=\"941\" data-end=\"1000\" data-is-last-node=\"\" data-is-only-node=\"\">Vi\u0161e informacija dostupno je na broj telefona 061 36 56 00.<\/p>\n<\/div>\n<\/div>\n<\/div>\n<\/div>\n<\/div>\n<\/div>\n<\/article>\n","protected":false},"excerpt":{"rendered":"<p>Pozori\u0161te mladih Tuzle najavilo je premijeru predstave \u201eRODE\u201c, u re\u017eiji Adnana Mujki\u0107a, koja \u0107e biti&hellip;<\/p>\n","protected":false},"author":4,"featured_media":293835,"comment_status":"closed","ping_status":"closed","sticky":false,"template":"","format":"standard","meta":{"_acf_changed":false,"footnotes":""},"categories":[304,11],"tags":[2926,13420],"acf":[],"yoast_head":"<!-- This site is optimized with the Yoast SEO plugin v23.5 - https:\/\/yoast.com\/wordpress\/plugins\/seo\/ -->\n<title>Pozori\u0161te mladih Tuzle otvara 22. Dane mladih predstavom \u201eRODE\u201c - TuzlaInfo.ba<\/title>\n<meta name=\"robots\" content=\"index, follow, max-snippet:-1, max-image-preview:large, max-video-preview:-1\" \/>\n<link rel=\"canonical\" href=\"https:\/\/tuzlainfo.ba\/index.php\/najava-dogadaja-2\/item\/293834-pozoriste-mladih-tuzle-otvara-22-dane-mladih-predstavom-rode\/\" \/>\n<meta property=\"og:locale\" content=\"bs_BA\" \/>\n<meta property=\"og:type\" content=\"article\" \/>\n<meta property=\"og:title\" content=\"Pozori\u0161te mladih Tuzle otvara 22. Dane mladih predstavom \u201eRODE\u201c - TuzlaInfo.ba\" \/>\n<meta property=\"og:description\" content=\"Pozori\u0161te mladih Tuzle najavilo je premijeru predstave \u201eRODE\u201c, u re\u017eiji Adnana Mujki\u0107a, koja \u0107e biti&hellip;\" \/>\n<meta property=\"og:url\" content=\"https:\/\/tuzlainfo.ba\/index.php\/najava-dogadaja-2\/item\/293834-pozoriste-mladih-tuzle-otvara-22-dane-mladih-predstavom-rode\/\" \/>\n<meta property=\"og:site_name\" content=\"TuzlaInfo.ba\" \/>\n<meta property=\"article:publisher\" content=\"https:\/\/www.facebook.com\/tuzlainfo.ba\/\" \/>\n<meta property=\"article:published_time\" content=\"2026-02-06T17:08:37+00:00\" \/>\n<meta property=\"article:modified_time\" content=\"2026-02-06T13:50:05+00:00\" \/>\n<meta property=\"og:image\" content=\"https:\/\/tuzlainfo.ba\/wp-content\/uploads\/2026\/02\/rode.jpg\" \/>\n\t<meta property=\"og:image:width\" content=\"1536\" \/>\n\t<meta property=\"og:image:height\" content=\"1342\" \/>\n\t<meta property=\"og:image:type\" content=\"image\/jpeg\" \/>\n<meta name=\"author\" content=\"Tuzla Info\" \/>\n<meta name=\"twitter:card\" content=\"summary_large_image\" \/>\n<meta name=\"twitter:label1\" content=\"Written by\" \/>\n\t<meta name=\"twitter:data1\" content=\"Tuzla Info\" \/>\n\t<meta name=\"twitter:label2\" content=\"Est. reading time\" \/>\n\t<meta name=\"twitter:data2\" content=\"2 minute\" \/>\n<script type=\"application\/ld+json\" class=\"yoast-schema-graph\">{\"@context\":\"https:\/\/schema.org\",\"@graph\":[{\"@type\":\"Article\",\"@id\":\"https:\/\/tuzlainfo.ba\/index.php\/najava-dogadaja-2\/item\/293834-pozoriste-mladih-tuzle-otvara-22-dane-mladih-predstavom-rode\/#article\",\"isPartOf\":{\"@id\":\"https:\/\/tuzlainfo.ba\/index.php\/najava-dogadaja-2\/item\/293834-pozoriste-mladih-tuzle-otvara-22-dane-mladih-predstavom-rode\/\"},\"author\":{\"name\":\"Tuzla Info\",\"@id\":\"https:\/\/tuzlainfo.ba\/#\/schema\/person\/46cad4c57790cbc50781edd14870825a\"},\"headline\":\"Pozori\u0161te mladih Tuzle otvara 22. Dane mladih predstavom \u201eRODE\u201c\",\"datePublished\":\"2026-02-06T17:08:37+00:00\",\"dateModified\":\"2026-02-06T13:50:05+00:00\",\"mainEntityOfPage\":{\"@id\":\"https:\/\/tuzlainfo.ba\/index.php\/najava-dogadaja-2\/item\/293834-pozoriste-mladih-tuzle-otvara-22-dane-mladih-predstavom-rode\/\"},\"wordCount\":158,\"publisher\":{\"@id\":\"https:\/\/tuzlainfo.ba\/#organization\"},\"image\":{\"@id\":\"https:\/\/tuzlainfo.ba\/index.php\/najava-dogadaja-2\/item\/293834-pozoriste-mladih-tuzle-otvara-22-dane-mladih-predstavom-rode\/#primaryimage\"},\"thumbnailUrl\":\"https:\/\/tuzlainfo.ba\/wp-content\/uploads\/2026\/02\/rode.jpg\",\"keywords\":[\"pozori\u0161te mladih tuzla\",\"rode\"],\"articleSection\":[\"Istaknuto\",\"Najave i doga\u0111aji\"],\"inLanguage\":\"bs-BA\"},{\"@type\":\"WebPage\",\"@id\":\"https:\/\/tuzlainfo.ba\/index.php\/najava-dogadaja-2\/item\/293834-pozoriste-mladih-tuzle-otvara-22-dane-mladih-predstavom-rode\/\",\"url\":\"https:\/\/tuzlainfo.ba\/index.php\/najava-dogadaja-2\/item\/293834-pozoriste-mladih-tuzle-otvara-22-dane-mladih-predstavom-rode\/\",\"name\":\"Pozori\u0161te mladih Tuzle otvara 22. Dane mladih predstavom \u201eRODE\u201c - TuzlaInfo.ba\",\"isPartOf\":{\"@id\":\"https:\/\/tuzlainfo.ba\/#website\"},\"primaryImageOfPage\":{\"@id\":\"https:\/\/tuzlainfo.ba\/index.php\/najava-dogadaja-2\/item\/293834-pozoriste-mladih-tuzle-otvara-22-dane-mladih-predstavom-rode\/#primaryimage\"},\"image\":{\"@id\":\"https:\/\/tuzlainfo.ba\/index.php\/najava-dogadaja-2\/item\/293834-pozoriste-mladih-tuzle-otvara-22-dane-mladih-predstavom-rode\/#primaryimage\"},\"thumbnailUrl\":\"https:\/\/tuzlainfo.ba\/wp-content\/uploads\/2026\/02\/rode.jpg\",\"datePublished\":\"2026-02-06T17:08:37+00:00\",\"dateModified\":\"2026-02-06T13:50:05+00:00\",\"breadcrumb\":{\"@id\":\"https:\/\/tuzlainfo.ba\/index.php\/najava-dogadaja-2\/item\/293834-pozoriste-mladih-tuzle-otvara-22-dane-mladih-predstavom-rode\/#breadcrumb\"},\"inLanguage\":\"bs-BA\",\"potentialAction\":[{\"@type\":\"ReadAction\",\"target\":[\"https:\/\/tuzlainfo.ba\/index.php\/najava-dogadaja-2\/item\/293834-pozoriste-mladih-tuzle-otvara-22-dane-mladih-predstavom-rode\/\"]}]},{\"@type\":\"ImageObject\",\"inLanguage\":\"bs-BA\",\"@id\":\"https:\/\/tuzlainfo.ba\/index.php\/najava-dogadaja-2\/item\/293834-pozoriste-mladih-tuzle-otvara-22-dane-mladih-predstavom-rode\/#primaryimage\",\"url\":\"https:\/\/tuzlainfo.ba\/wp-content\/uploads\/2026\/02\/rode.jpg\",\"contentUrl\":\"https:\/\/tuzlainfo.ba\/wp-content\/uploads\/2026\/02\/rode.jpg\",\"width\":1536,\"height\":1342},{\"@type\":\"BreadcrumbList\",\"@id\":\"https:\/\/tuzlainfo.ba\/index.php\/najava-dogadaja-2\/item\/293834-pozoriste-mladih-tuzle-otvara-22-dane-mladih-predstavom-rode\/#breadcrumb\",\"itemListElement\":[{\"@type\":\"ListItem\",\"position\":1,\"name\":\"Home\",\"item\":\"https:\/\/tuzlainfo.ba\/\"},{\"@type\":\"ListItem\",\"position\":2,\"name\":\"Pozori\u0161te mladih Tuzle otvara 22. Dane mladih predstavom \u201eRODE\u201c\"}]},{\"@type\":\"WebSite\",\"@id\":\"https:\/\/tuzlainfo.ba\/#website\",\"url\":\"https:\/\/tuzlainfo.ba\/\",\"name\":\"TuzlaInfo.ba\",\"description\":\"Tuzla info, gradski informator - Tuzla na dlanu\",\"publisher\":{\"@id\":\"https:\/\/tuzlainfo.ba\/#organization\"},\"potentialAction\":[{\"@type\":\"SearchAction\",\"target\":{\"@type\":\"EntryPoint\",\"urlTemplate\":\"https:\/\/tuzlainfo.ba\/?s={search_term_string}\"},\"query-input\":{\"@type\":\"PropertyValueSpecification\",\"valueRequired\":true,\"valueName\":\"search_term_string\"}}],\"inLanguage\":\"bs-BA\"},{\"@type\":\"Organization\",\"@id\":\"https:\/\/tuzlainfo.ba\/#organization\",\"name\":\"TuzlaInfo.ba\",\"url\":\"https:\/\/tuzlainfo.ba\/\",\"logo\":{\"@type\":\"ImageObject\",\"inLanguage\":\"bs-BA\",\"@id\":\"https:\/\/tuzlainfo.ba\/#\/schema\/logo\/image\/\",\"url\":\"https:\/\/tuzlainfo.ba\/wp-content\/uploads\/2021\/03\/logo-ver-3-1.png\",\"contentUrl\":\"https:\/\/tuzlainfo.ba\/wp-content\/uploads\/2021\/03\/logo-ver-3-1.png\",\"width\":350,\"height\":95,\"caption\":\"TuzlaInfo.ba\"},\"image\":{\"@id\":\"https:\/\/tuzlainfo.ba\/#\/schema\/logo\/image\/\"},\"sameAs\":[\"https:\/\/www.facebook.com\/tuzlainfo.ba\/\"]},{\"@type\":\"Person\",\"@id\":\"https:\/\/tuzlainfo.ba\/#\/schema\/person\/46cad4c57790cbc50781edd14870825a\",\"name\":\"Tuzla Info\",\"image\":{\"@type\":\"ImageObject\",\"inLanguage\":\"bs-BA\",\"@id\":\"https:\/\/tuzlainfo.ba\/#\/schema\/person\/image\/\",\"url\":\"https:\/\/tuzlainfo.ba\/wp-content\/litespeed\/avatar\/b6c453a6c38e3654f2e4416c643fc25c.jpg?ver=1777051911\",\"contentUrl\":\"https:\/\/tuzlainfo.ba\/wp-content\/litespeed\/avatar\/b6c453a6c38e3654f2e4416c643fc25c.jpg?ver=1777051911\",\"caption\":\"Tuzla Info\"}}]}<\/script>\n<!-- \/ Yoast SEO plugin. -->","yoast_head_json":{"title":"Pozori\u0161te mladih Tuzle otvara 22. Dane mladih predstavom \u201eRODE\u201c - TuzlaInfo.ba","robots":{"index":"index","follow":"follow","max-snippet":"max-snippet:-1","max-image-preview":"max-image-preview:large","max-video-preview":"max-video-preview:-1"},"canonical":"https:\/\/tuzlainfo.ba\/index.php\/najava-dogadaja-2\/item\/293834-pozoriste-mladih-tuzle-otvara-22-dane-mladih-predstavom-rode\/","og_locale":"bs_BA","og_type":"article","og_title":"Pozori\u0161te mladih Tuzle otvara 22. Dane mladih predstavom \u201eRODE\u201c - TuzlaInfo.ba","og_description":"Pozori\u0161te mladih Tuzle najavilo je premijeru predstave \u201eRODE\u201c, u re\u017eiji Adnana Mujki\u0107a, koja \u0107e biti&hellip;","og_url":"https:\/\/tuzlainfo.ba\/index.php\/najava-dogadaja-2\/item\/293834-pozoriste-mladih-tuzle-otvara-22-dane-mladih-predstavom-rode\/","og_site_name":"TuzlaInfo.ba","article_publisher":"https:\/\/www.facebook.com\/tuzlainfo.ba\/","article_published_time":"2026-02-06T17:08:37+00:00","article_modified_time":"2026-02-06T13:50:05+00:00","og_image":[{"width":1536,"height":1342,"url":"https:\/\/tuzlainfo.ba\/wp-content\/uploads\/2026\/02\/rode.jpg","type":"image\/jpeg"}],"author":"Tuzla Info","twitter_card":"summary_large_image","twitter_misc":{"Written by":"Tuzla Info","Est. reading time":"2 minute"},"schema":{"@context":"https:\/\/schema.org","@graph":[{"@type":"Article","@id":"https:\/\/tuzlainfo.ba\/index.php\/najava-dogadaja-2\/item\/293834-pozoriste-mladih-tuzle-otvara-22-dane-mladih-predstavom-rode\/#article","isPartOf":{"@id":"https:\/\/tuzlainfo.ba\/index.php\/najava-dogadaja-2\/item\/293834-pozoriste-mladih-tuzle-otvara-22-dane-mladih-predstavom-rode\/"},"author":{"name":"Tuzla Info","@id":"https:\/\/tuzlainfo.ba\/#\/schema\/person\/46cad4c57790cbc50781edd14870825a"},"headline":"Pozori\u0161te mladih Tuzle otvara 22. Dane mladih predstavom \u201eRODE\u201c","datePublished":"2026-02-06T17:08:37+00:00","dateModified":"2026-02-06T13:50:05+00:00","mainEntityOfPage":{"@id":"https:\/\/tuzlainfo.ba\/index.php\/najava-dogadaja-2\/item\/293834-pozoriste-mladih-tuzle-otvara-22-dane-mladih-predstavom-rode\/"},"wordCount":158,"publisher":{"@id":"https:\/\/tuzlainfo.ba\/#organization"},"image":{"@id":"https:\/\/tuzlainfo.ba\/index.php\/najava-dogadaja-2\/item\/293834-pozoriste-mladih-tuzle-otvara-22-dane-mladih-predstavom-rode\/#primaryimage"},"thumbnailUrl":"https:\/\/tuzlainfo.ba\/wp-content\/uploads\/2026\/02\/rode.jpg","keywords":["pozori\u0161te mladih tuzla","rode"],"articleSection":["Istaknuto","Najave i doga\u0111aji"],"inLanguage":"bs-BA"},{"@type":"WebPage","@id":"https:\/\/tuzlainfo.ba\/index.php\/najava-dogadaja-2\/item\/293834-pozoriste-mladih-tuzle-otvara-22-dane-mladih-predstavom-rode\/","url":"https:\/\/tuzlainfo.ba\/index.php\/najava-dogadaja-2\/item\/293834-pozoriste-mladih-tuzle-otvara-22-dane-mladih-predstavom-rode\/","name":"Pozori\u0161te mladih Tuzle otvara 22. Dane mladih predstavom \u201eRODE\u201c - TuzlaInfo.ba","isPartOf":{"@id":"https:\/\/tuzlainfo.ba\/#website"},"primaryImageOfPage":{"@id":"https:\/\/tuzlainfo.ba\/index.php\/najava-dogadaja-2\/item\/293834-pozoriste-mladih-tuzle-otvara-22-dane-mladih-predstavom-rode\/#primaryimage"},"image":{"@id":"https:\/\/tuzlainfo.ba\/index.php\/najava-dogadaja-2\/item\/293834-pozoriste-mladih-tuzle-otvara-22-dane-mladih-predstavom-rode\/#primaryimage"},"thumbnailUrl":"https:\/\/tuzlainfo.ba\/wp-content\/uploads\/2026\/02\/rode.jpg","datePublished":"2026-02-06T17:08:37+00:00","dateModified":"2026-02-06T13:50:05+00:00","breadcrumb":{"@id":"https:\/\/tuzlainfo.ba\/index.php\/najava-dogadaja-2\/item\/293834-pozoriste-mladih-tuzle-otvara-22-dane-mladih-predstavom-rode\/#breadcrumb"},"inLanguage":"bs-BA","potentialAction":[{"@type":"ReadAction","target":["https:\/\/tuzlainfo.ba\/index.php\/najava-dogadaja-2\/item\/293834-pozoriste-mladih-tuzle-otvara-22-dane-mladih-predstavom-rode\/"]}]},{"@type":"ImageObject","inLanguage":"bs-BA","@id":"https:\/\/tuzlainfo.ba\/index.php\/najava-dogadaja-2\/item\/293834-pozoriste-mladih-tuzle-otvara-22-dane-mladih-predstavom-rode\/#primaryimage","url":"https:\/\/tuzlainfo.ba\/wp-content\/uploads\/2026\/02\/rode.jpg","contentUrl":"https:\/\/tuzlainfo.ba\/wp-content\/uploads\/2026\/02\/rode.jpg","width":1536,"height":1342},{"@type":"BreadcrumbList","@id":"https:\/\/tuzlainfo.ba\/index.php\/najava-dogadaja-2\/item\/293834-pozoriste-mladih-tuzle-otvara-22-dane-mladih-predstavom-rode\/#breadcrumb","itemListElement":[{"@type":"ListItem","position":1,"name":"Home","item":"https:\/\/tuzlainfo.ba\/"},{"@type":"ListItem","position":2,"name":"Pozori\u0161te mladih Tuzle otvara 22. Dane mladih predstavom \u201eRODE\u201c"}]},{"@type":"WebSite","@id":"https:\/\/tuzlainfo.ba\/#website","url":"https:\/\/tuzlainfo.ba\/","name":"TuzlaInfo.ba","description":"Tuzla info, gradski informator - Tuzla na dlanu","publisher":{"@id":"https:\/\/tuzlainfo.ba\/#organization"},"potentialAction":[{"@type":"SearchAction","target":{"@type":"EntryPoint","urlTemplate":"https:\/\/tuzlainfo.ba\/?s={search_term_string}"},"query-input":{"@type":"PropertyValueSpecification","valueRequired":true,"valueName":"search_term_string"}}],"inLanguage":"bs-BA"},{"@type":"Organization","@id":"https:\/\/tuzlainfo.ba\/#organization","name":"TuzlaInfo.ba","url":"https:\/\/tuzlainfo.ba\/","logo":{"@type":"ImageObject","inLanguage":"bs-BA","@id":"https:\/\/tuzlainfo.ba\/#\/schema\/logo\/image\/","url":"https:\/\/tuzlainfo.ba\/wp-content\/uploads\/2021\/03\/logo-ver-3-1.png","contentUrl":"https:\/\/tuzlainfo.ba\/wp-content\/uploads\/2021\/03\/logo-ver-3-1.png","width":350,"height":95,"caption":"TuzlaInfo.ba"},"image":{"@id":"https:\/\/tuzlainfo.ba\/#\/schema\/logo\/image\/"},"sameAs":["https:\/\/www.facebook.com\/tuzlainfo.ba\/"]},{"@type":"Person","@id":"https:\/\/tuzlainfo.ba\/#\/schema\/person\/46cad4c57790cbc50781edd14870825a","name":"Tuzla Info","image":{"@type":"ImageObject","inLanguage":"bs-BA","@id":"https:\/\/tuzlainfo.ba\/#\/schema\/person\/image\/","url":"https:\/\/tuzlainfo.ba\/wp-content\/litespeed\/avatar\/b6c453a6c38e3654f2e4416c643fc25c.jpg?ver=1777051911","contentUrl":"https:\/\/tuzlainfo.ba\/wp-content\/litespeed\/avatar\/b6c453a6c38e3654f2e4416c643fc25c.jpg?ver=1777051911","caption":"Tuzla Info"}}]}},"_links":{"self":[{"href":"https:\/\/tuzlainfo.ba\/index.php\/wp-json\/wp\/v2\/posts\/293834"}],"collection":[{"href":"https:\/\/tuzlainfo.ba\/index.php\/wp-json\/wp\/v2\/posts"}],"about":[{"href":"https:\/\/tuzlainfo.ba\/index.php\/wp-json\/wp\/v2\/types\/post"}],"author":[{"embeddable":true,"href":"https:\/\/tuzlainfo.ba\/index.php\/wp-json\/wp\/v2\/users\/4"}],"replies":[{"embeddable":true,"href":"https:\/\/tuzlainfo.ba\/index.php\/wp-json\/wp\/v2\/comments?post=293834"}],"version-history":[{"count":1,"href":"https:\/\/tuzlainfo.ba\/index.php\/wp-json\/wp\/v2\/posts\/293834\/revisions"}],"predecessor-version":[{"id":293836,"href":"https:\/\/tuzlainfo.ba\/index.php\/wp-json\/wp\/v2\/posts\/293834\/revisions\/293836"}],"wp:featuredmedia":[{"embeddable":true,"href":"https:\/\/tuzlainfo.ba\/index.php\/wp-json\/wp\/v2\/media\/293835"}],"wp:attachment":[{"href":"https:\/\/tuzlainfo.ba\/index.php\/wp-json\/wp\/v2\/media?parent=293834"}],"wp:term":[{"taxonomy":"category","embeddable":true,"href":"https:\/\/tuzlainfo.ba\/index.php\/wp-json\/wp\/v2\/categories?post=293834"},{"taxonomy":"post_tag","embeddable":true,"href":"https:\/\/tuzlainfo.ba\/index.php\/wp-json\/wp\/v2\/tags?post=293834"}],"curies":[{"name":"wp","href":"https:\/\/api.w.org\/{rel}","templated":true}]}}