{"id":293805,"date":"2026-02-07T21:58:07","date_gmt":"2026-02-07T20:58:07","guid":{"rendered":"https:\/\/tuzlainfo.ba\/?p=293805"},"modified":"2026-02-06T13:29:14","modified_gmt":"2026-02-06T12:29:14","slug":"ed-tuzla-planska-iskljucenja-el-energije-za-nedjelju-8-februar","status":"publish","type":"post","link":"https:\/\/tuzlainfo.ba\/index.php\/novosti\/item\/293805-ed-tuzla-planska-iskljucenja-el-energije-za-nedjelju-8-februar\/","title":{"rendered":"ED Tuzla: Planska isklju\u010denja el. energije za nedjelju 8. februar"},"content":{"rendered":"<p>Zbog planiranih radova na elektroenergetskoj mre\u017ei, do\u0107i \u0107e do privremenih obustava u isporuci elektri\u010dne energije na podru\u010dju Tuzlanskog kantona.<\/p>\n<table>\n<thead>\n<tr>\n<td><strong>Grad \/ Op\u0107ina<\/strong><\/td>\n<td><strong>Naselje<\/strong><\/td>\n<td><strong>Ulice \/ brojevi<\/strong><\/td>\n<td><strong>Datum<\/strong><\/td>\n<td><strong>Termin<\/strong><\/td>\n<\/tr>\n<\/thead>\n<tbody>\n<tr>\n<td>\u017divinice<\/td>\n<td>Barice<\/td>\n<td>2, 301, 327, 329, 333, 335, 337, 339, 341, 343, 349, 351, 353, 355, 359, 363, 365, 369, 371, 373, 375, 377, 379, 383, 387, 389, 391, 393, 399, 401, 403, 405, 407\u2013411, 413, 415, 417, 419\u2013426, 428, 432, 434, 436, 438, B, BB<\/td>\n<td>08.02.2026<\/td>\n<td>09:30\u201316:30<\/td>\n<\/tr>\n<tr>\n<td>\u017divinice<\/td>\n<td>Bari\u010dki Gaj<\/td>\n<td>BB<\/td>\n<td>08.02.2026<\/td>\n<td>09:30\u201316:30<\/td>\n<\/tr>\n<tr>\n<td>\u017divinice<\/td>\n<td>Mu\u0161i\u0107i<\/td>\n<td>400, 402, 414\u2013415, 418, BB<\/td>\n<td>08.02.2026<\/td>\n<td>09:30\u201316:30<\/td>\n<\/tr>\n<tr>\n<td>\u017divinice<\/td>\n<td>Puzi\u0107i<\/td>\n<td>BB<\/td>\n<td>08.02.2026<\/td>\n<td>09:30\u201316:30<\/td>\n<\/tr>\n<tr>\n<td>Kalesija<\/td>\n<td>Lipovice<\/td>\n<td>BB<\/td>\n<td>10.02.2026<\/td>\n<td>09:00\u201315:00<\/td>\n<\/tr>\n<tr>\n<td>Kalesija<\/td>\n<td>Gornji Rainci Pjani\u0107i<\/td>\n<td>BB<\/td>\n<td>10.02.2026<\/td>\n<td>09:00\u201315:00<\/td>\n<\/tr>\n<tr>\n<td>Kalesija<\/td>\n<td>Me\u0161kovi\u0107i<\/td>\n<td>BB<\/td>\n<td>10.02.2026<\/td>\n<td>09:00\u201315:00<\/td>\n<\/tr>\n<\/tbody>\n<\/table>\n<p>Podsje\u0107amo, do isklju\u010denja dolazi zbog izvo\u0111enja radova na odr\u017eavanju i unapre\u0111enju mre\u017ee, kao i priklju\u010denja novih korisnika.<\/p>\n","protected":false},"excerpt":{"rendered":"<p>Zbog planiranih radova na elektroenergetskoj mre\u017ei, do\u0107i \u0107e do privremenih obustava u isporuci elektri\u010dne energije&hellip;<\/p>\n","protected":false},"author":8,"featured_media":170403,"comment_status":"closed","ping_status":"closed","sticky":false,"template":"","format":"standard","meta":{"_acf_changed":false,"footnotes":""},"categories":[12],"tags":[2148,1880],"acf":[],"yoast_head":"<!-- This site is optimized with the Yoast SEO plugin v23.5 - https:\/\/yoast.com\/wordpress\/plugins\/seo\/ -->\n<title>ED Tuzla: Planska isklju\u010denja el. energije za nedjelju 8. februar - TuzlaInfo.ba<\/title>\n<meta name=\"robots\" content=\"index, follow, max-snippet:-1, max-image-preview:large, max-video-preview:-1\" \/>\n<link rel=\"canonical\" href=\"https:\/\/tuzlainfo.ba\/index.php\/novosti\/item\/293805-ed-tuzla-planska-iskljucenja-el-energije-za-nedjelju-8-februar\/\" \/>\n<meta property=\"og:locale\" content=\"bs_BA\" \/>\n<meta property=\"og:type\" content=\"article\" \/>\n<meta property=\"og:title\" content=\"ED Tuzla: Planska isklju\u010denja el. energije za nedjelju 8. februar - TuzlaInfo.ba\" \/>\n<meta property=\"og:description\" content=\"Zbog planiranih radova na elektroenergetskoj mre\u017ei, do\u0107i \u0107e do privremenih obustava u isporuci elektri\u010dne energije&hellip;\" \/>\n<meta property=\"og:url\" content=\"https:\/\/tuzlainfo.ba\/index.php\/novosti\/item\/293805-ed-tuzla-planska-iskljucenja-el-energije-za-nedjelju-8-februar\/\" \/>\n<meta property=\"og:site_name\" content=\"TuzlaInfo.ba\" \/>\n<meta property=\"article:publisher\" content=\"https:\/\/www.facebook.com\/tuzlainfo.ba\/\" \/>\n<meta property=\"article:published_time\" content=\"2026-02-07T20:58:07+00:00\" \/>\n<meta property=\"article:modified_time\" content=\"2026-02-06T12:29:14+00:00\" \/>\n<meta property=\"og:image\" content=\"https:\/\/tuzlainfo.ba\/wp-content\/uploads\/2022\/04\/2504_elektro_planska_struja.jpg\" \/>\n\t<meta property=\"og:image:width\" content=\"1000\" \/>\n\t<meta property=\"og:image:height\" content=\"732\" \/>\n\t<meta property=\"og:image:type\" content=\"image\/jpeg\" \/>\n<meta name=\"author\" content=\"Admin Tri\" \/>\n<meta name=\"twitter:card\" content=\"summary_large_image\" \/>\n<meta name=\"twitter:label1\" content=\"Written by\" \/>\n\t<meta name=\"twitter:data1\" content=\"Admin Tri\" \/>\n\t<meta name=\"twitter:label2\" content=\"Est. reading time\" \/>\n\t<meta name=\"twitter:data2\" content=\"1 minuta\" \/>\n<script type=\"application\/ld+json\" class=\"yoast-schema-graph\">{\"@context\":\"https:\/\/schema.org\",\"@graph\":[{\"@type\":\"Article\",\"@id\":\"https:\/\/tuzlainfo.ba\/index.php\/novosti\/item\/293805-ed-tuzla-planska-iskljucenja-el-energije-za-nedjelju-8-februar\/#article\",\"isPartOf\":{\"@id\":\"https:\/\/tuzlainfo.ba\/index.php\/novosti\/item\/293805-ed-tuzla-planska-iskljucenja-el-energije-za-nedjelju-8-februar\/\"},\"author\":{\"name\":\"Admin Tri\",\"@id\":\"https:\/\/tuzlainfo.ba\/#\/schema\/person\/593e78a2f6378c5ba3e7600ecfa4e63a\"},\"headline\":\"ED Tuzla: Planska isklju\u010denja el. energije za nedjelju 8. februar\",\"datePublished\":\"2026-02-07T20:58:07+00:00\",\"dateModified\":\"2026-02-06T12:29:14+00:00\",\"mainEntityOfPage\":{\"@id\":\"https:\/\/tuzlainfo.ba\/index.php\/novosti\/item\/293805-ed-tuzla-planska-iskljucenja-el-energije-za-nedjelju-8-februar\/\"},\"wordCount\":97,\"publisher\":{\"@id\":\"https:\/\/tuzlainfo.ba\/#organization\"},\"image\":{\"@id\":\"https:\/\/tuzlainfo.ba\/index.php\/novosti\/item\/293805-ed-tuzla-planska-iskljucenja-el-energije-za-nedjelju-8-februar\/#primaryimage\"},\"thumbnailUrl\":\"https:\/\/tuzlainfo.ba\/wp-content\/uploads\/2022\/04\/2504_elektro_planska_struja.jpg\",\"keywords\":[\"elektri\u010dna energija\",\"struja\"],\"articleSection\":[\"Novosti\"],\"inLanguage\":\"bs-BA\"},{\"@type\":\"WebPage\",\"@id\":\"https:\/\/tuzlainfo.ba\/index.php\/novosti\/item\/293805-ed-tuzla-planska-iskljucenja-el-energije-za-nedjelju-8-februar\/\",\"url\":\"https:\/\/tuzlainfo.ba\/index.php\/novosti\/item\/293805-ed-tuzla-planska-iskljucenja-el-energije-za-nedjelju-8-februar\/\",\"name\":\"ED Tuzla: Planska isklju\u010denja el. energije za nedjelju 8. februar - TuzlaInfo.ba\",\"isPartOf\":{\"@id\":\"https:\/\/tuzlainfo.ba\/#website\"},\"primaryImageOfPage\":{\"@id\":\"https:\/\/tuzlainfo.ba\/index.php\/novosti\/item\/293805-ed-tuzla-planska-iskljucenja-el-energije-za-nedjelju-8-februar\/#primaryimage\"},\"image\":{\"@id\":\"https:\/\/tuzlainfo.ba\/index.php\/novosti\/item\/293805-ed-tuzla-planska-iskljucenja-el-energije-za-nedjelju-8-februar\/#primaryimage\"},\"thumbnailUrl\":\"https:\/\/tuzlainfo.ba\/wp-content\/uploads\/2022\/04\/2504_elektro_planska_struja.jpg\",\"datePublished\":\"2026-02-07T20:58:07+00:00\",\"dateModified\":\"2026-02-06T12:29:14+00:00\",\"breadcrumb\":{\"@id\":\"https:\/\/tuzlainfo.ba\/index.php\/novosti\/item\/293805-ed-tuzla-planska-iskljucenja-el-energije-za-nedjelju-8-februar\/#breadcrumb\"},\"inLanguage\":\"bs-BA\",\"potentialAction\":[{\"@type\":\"ReadAction\",\"target\":[\"https:\/\/tuzlainfo.ba\/index.php\/novosti\/item\/293805-ed-tuzla-planska-iskljucenja-el-energije-za-nedjelju-8-februar\/\"]}]},{\"@type\":\"ImageObject\",\"inLanguage\":\"bs-BA\",\"@id\":\"https:\/\/tuzlainfo.ba\/index.php\/novosti\/item\/293805-ed-tuzla-planska-iskljucenja-el-energije-za-nedjelju-8-februar\/#primaryimage\",\"url\":\"https:\/\/tuzlainfo.ba\/wp-content\/uploads\/2022\/04\/2504_elektro_planska_struja.jpg\",\"contentUrl\":\"https:\/\/tuzlainfo.ba\/wp-content\/uploads\/2022\/04\/2504_elektro_planska_struja.jpg\",\"width\":1000,\"height\":732},{\"@type\":\"BreadcrumbList\",\"@id\":\"https:\/\/tuzlainfo.ba\/index.php\/novosti\/item\/293805-ed-tuzla-planska-iskljucenja-el-energije-za-nedjelju-8-februar\/#breadcrumb\",\"itemListElement\":[{\"@type\":\"ListItem\",\"position\":1,\"name\":\"Home\",\"item\":\"https:\/\/tuzlainfo.ba\/\"},{\"@type\":\"ListItem\",\"position\":2,\"name\":\"ED Tuzla: Planska isklju\u010denja el. energije za nedjelju 8. februar\"}]},{\"@type\":\"WebSite\",\"@id\":\"https:\/\/tuzlainfo.ba\/#website\",\"url\":\"https:\/\/tuzlainfo.ba\/\",\"name\":\"TuzlaInfo.ba\",\"description\":\"Tuzla info, gradski informator - Tuzla na dlanu\",\"publisher\":{\"@id\":\"https:\/\/tuzlainfo.ba\/#organization\"},\"potentialAction\":[{\"@type\":\"SearchAction\",\"target\":{\"@type\":\"EntryPoint\",\"urlTemplate\":\"https:\/\/tuzlainfo.ba\/?s={search_term_string}\"},\"query-input\":{\"@type\":\"PropertyValueSpecification\",\"valueRequired\":true,\"valueName\":\"search_term_string\"}}],\"inLanguage\":\"bs-BA\"},{\"@type\":\"Organization\",\"@id\":\"https:\/\/tuzlainfo.ba\/#organization\",\"name\":\"TuzlaInfo.ba\",\"url\":\"https:\/\/tuzlainfo.ba\/\",\"logo\":{\"@type\":\"ImageObject\",\"inLanguage\":\"bs-BA\",\"@id\":\"https:\/\/tuzlainfo.ba\/#\/schema\/logo\/image\/\",\"url\":\"https:\/\/tuzlainfo.ba\/wp-content\/uploads\/2021\/03\/logo-ver-3-1.png\",\"contentUrl\":\"https:\/\/tuzlainfo.ba\/wp-content\/uploads\/2021\/03\/logo-ver-3-1.png\",\"width\":350,\"height\":95,\"caption\":\"TuzlaInfo.ba\"},\"image\":{\"@id\":\"https:\/\/tuzlainfo.ba\/#\/schema\/logo\/image\/\"},\"sameAs\":[\"https:\/\/www.facebook.com\/tuzlainfo.ba\/\"]},{\"@type\":\"Person\",\"@id\":\"https:\/\/tuzlainfo.ba\/#\/schema\/person\/593e78a2f6378c5ba3e7600ecfa4e63a\",\"name\":\"Admin Tri\",\"image\":{\"@type\":\"ImageObject\",\"inLanguage\":\"bs-BA\",\"@id\":\"https:\/\/tuzlainfo.ba\/#\/schema\/person\/image\/\",\"url\":\"https:\/\/tuzlainfo.ba\/wp-content\/litespeed\/avatar\/b7920db4cc34a71ad12497283ad2fe3f.jpg?ver=1777100914\",\"contentUrl\":\"https:\/\/tuzlainfo.ba\/wp-content\/litespeed\/avatar\/b7920db4cc34a71ad12497283ad2fe3f.jpg?ver=1777100914\",\"caption\":\"Admin Tri\"},\"sameAs\":[\"https:\/\/tuzlainfo.ba\"]}]}<\/script>\n<!-- \/ Yoast SEO plugin. -->","yoast_head_json":{"title":"ED Tuzla: Planska isklju\u010denja el. energije za nedjelju 8. februar - TuzlaInfo.ba","robots":{"index":"index","follow":"follow","max-snippet":"max-snippet:-1","max-image-preview":"max-image-preview:large","max-video-preview":"max-video-preview:-1"},"canonical":"https:\/\/tuzlainfo.ba\/index.php\/novosti\/item\/293805-ed-tuzla-planska-iskljucenja-el-energije-za-nedjelju-8-februar\/","og_locale":"bs_BA","og_type":"article","og_title":"ED Tuzla: Planska isklju\u010denja el. energije za nedjelju 8. februar - TuzlaInfo.ba","og_description":"Zbog planiranih radova na elektroenergetskoj mre\u017ei, do\u0107i \u0107e do privremenih obustava u isporuci elektri\u010dne energije&hellip;","og_url":"https:\/\/tuzlainfo.ba\/index.php\/novosti\/item\/293805-ed-tuzla-planska-iskljucenja-el-energije-za-nedjelju-8-februar\/","og_site_name":"TuzlaInfo.ba","article_publisher":"https:\/\/www.facebook.com\/tuzlainfo.ba\/","article_published_time":"2026-02-07T20:58:07+00:00","article_modified_time":"2026-02-06T12:29:14+00:00","og_image":[{"width":1000,"height":732,"url":"https:\/\/tuzlainfo.ba\/wp-content\/uploads\/2022\/04\/2504_elektro_planska_struja.jpg","type":"image\/jpeg"}],"author":"Admin Tri","twitter_card":"summary_large_image","twitter_misc":{"Written by":"Admin Tri","Est. reading time":"1 minuta"},"schema":{"@context":"https:\/\/schema.org","@graph":[{"@type":"Article","@id":"https:\/\/tuzlainfo.ba\/index.php\/novosti\/item\/293805-ed-tuzla-planska-iskljucenja-el-energije-za-nedjelju-8-februar\/#article","isPartOf":{"@id":"https:\/\/tuzlainfo.ba\/index.php\/novosti\/item\/293805-ed-tuzla-planska-iskljucenja-el-energije-za-nedjelju-8-februar\/"},"author":{"name":"Admin Tri","@id":"https:\/\/tuzlainfo.ba\/#\/schema\/person\/593e78a2f6378c5ba3e7600ecfa4e63a"},"headline":"ED Tuzla: Planska isklju\u010denja el. energije za nedjelju 8. februar","datePublished":"2026-02-07T20:58:07+00:00","dateModified":"2026-02-06T12:29:14+00:00","mainEntityOfPage":{"@id":"https:\/\/tuzlainfo.ba\/index.php\/novosti\/item\/293805-ed-tuzla-planska-iskljucenja-el-energije-za-nedjelju-8-februar\/"},"wordCount":97,"publisher":{"@id":"https:\/\/tuzlainfo.ba\/#organization"},"image":{"@id":"https:\/\/tuzlainfo.ba\/index.php\/novosti\/item\/293805-ed-tuzla-planska-iskljucenja-el-energije-za-nedjelju-8-februar\/#primaryimage"},"thumbnailUrl":"https:\/\/tuzlainfo.ba\/wp-content\/uploads\/2022\/04\/2504_elektro_planska_struja.jpg","keywords":["elektri\u010dna energija","struja"],"articleSection":["Novosti"],"inLanguage":"bs-BA"},{"@type":"WebPage","@id":"https:\/\/tuzlainfo.ba\/index.php\/novosti\/item\/293805-ed-tuzla-planska-iskljucenja-el-energije-za-nedjelju-8-februar\/","url":"https:\/\/tuzlainfo.ba\/index.php\/novosti\/item\/293805-ed-tuzla-planska-iskljucenja-el-energije-za-nedjelju-8-februar\/","name":"ED Tuzla: Planska isklju\u010denja el. energije za nedjelju 8. februar - TuzlaInfo.ba","isPartOf":{"@id":"https:\/\/tuzlainfo.ba\/#website"},"primaryImageOfPage":{"@id":"https:\/\/tuzlainfo.ba\/index.php\/novosti\/item\/293805-ed-tuzla-planska-iskljucenja-el-energije-za-nedjelju-8-februar\/#primaryimage"},"image":{"@id":"https:\/\/tuzlainfo.ba\/index.php\/novosti\/item\/293805-ed-tuzla-planska-iskljucenja-el-energije-za-nedjelju-8-februar\/#primaryimage"},"thumbnailUrl":"https:\/\/tuzlainfo.ba\/wp-content\/uploads\/2022\/04\/2504_elektro_planska_struja.jpg","datePublished":"2026-02-07T20:58:07+00:00","dateModified":"2026-02-06T12:29:14+00:00","breadcrumb":{"@id":"https:\/\/tuzlainfo.ba\/index.php\/novosti\/item\/293805-ed-tuzla-planska-iskljucenja-el-energije-za-nedjelju-8-februar\/#breadcrumb"},"inLanguage":"bs-BA","potentialAction":[{"@type":"ReadAction","target":["https:\/\/tuzlainfo.ba\/index.php\/novosti\/item\/293805-ed-tuzla-planska-iskljucenja-el-energije-za-nedjelju-8-februar\/"]}]},{"@type":"ImageObject","inLanguage":"bs-BA","@id":"https:\/\/tuzlainfo.ba\/index.php\/novosti\/item\/293805-ed-tuzla-planska-iskljucenja-el-energije-za-nedjelju-8-februar\/#primaryimage","url":"https:\/\/tuzlainfo.ba\/wp-content\/uploads\/2022\/04\/2504_elektro_planska_struja.jpg","contentUrl":"https:\/\/tuzlainfo.ba\/wp-content\/uploads\/2022\/04\/2504_elektro_planska_struja.jpg","width":1000,"height":732},{"@type":"BreadcrumbList","@id":"https:\/\/tuzlainfo.ba\/index.php\/novosti\/item\/293805-ed-tuzla-planska-iskljucenja-el-energije-za-nedjelju-8-februar\/#breadcrumb","itemListElement":[{"@type":"ListItem","position":1,"name":"Home","item":"https:\/\/tuzlainfo.ba\/"},{"@type":"ListItem","position":2,"name":"ED Tuzla: Planska isklju\u010denja el. energije za nedjelju 8. februar"}]},{"@type":"WebSite","@id":"https:\/\/tuzlainfo.ba\/#website","url":"https:\/\/tuzlainfo.ba\/","name":"TuzlaInfo.ba","description":"Tuzla info, gradski informator - Tuzla na dlanu","publisher":{"@id":"https:\/\/tuzlainfo.ba\/#organization"},"potentialAction":[{"@type":"SearchAction","target":{"@type":"EntryPoint","urlTemplate":"https:\/\/tuzlainfo.ba\/?s={search_term_string}"},"query-input":{"@type":"PropertyValueSpecification","valueRequired":true,"valueName":"search_term_string"}}],"inLanguage":"bs-BA"},{"@type":"Organization","@id":"https:\/\/tuzlainfo.ba\/#organization","name":"TuzlaInfo.ba","url":"https:\/\/tuzlainfo.ba\/","logo":{"@type":"ImageObject","inLanguage":"bs-BA","@id":"https:\/\/tuzlainfo.ba\/#\/schema\/logo\/image\/","url":"https:\/\/tuzlainfo.ba\/wp-content\/uploads\/2021\/03\/logo-ver-3-1.png","contentUrl":"https:\/\/tuzlainfo.ba\/wp-content\/uploads\/2021\/03\/logo-ver-3-1.png","width":350,"height":95,"caption":"TuzlaInfo.ba"},"image":{"@id":"https:\/\/tuzlainfo.ba\/#\/schema\/logo\/image\/"},"sameAs":["https:\/\/www.facebook.com\/tuzlainfo.ba\/"]},{"@type":"Person","@id":"https:\/\/tuzlainfo.ba\/#\/schema\/person\/593e78a2f6378c5ba3e7600ecfa4e63a","name":"Admin Tri","image":{"@type":"ImageObject","inLanguage":"bs-BA","@id":"https:\/\/tuzlainfo.ba\/#\/schema\/person\/image\/","url":"https:\/\/tuzlainfo.ba\/wp-content\/litespeed\/avatar\/b7920db4cc34a71ad12497283ad2fe3f.jpg?ver=1777100914","contentUrl":"https:\/\/tuzlainfo.ba\/wp-content\/litespeed\/avatar\/b7920db4cc34a71ad12497283ad2fe3f.jpg?ver=1777100914","caption":"Admin Tri"},"sameAs":["https:\/\/tuzlainfo.ba"]}]}},"_links":{"self":[{"href":"https:\/\/tuzlainfo.ba\/index.php\/wp-json\/wp\/v2\/posts\/293805"}],"collection":[{"href":"https:\/\/tuzlainfo.ba\/index.php\/wp-json\/wp\/v2\/posts"}],"about":[{"href":"https:\/\/tuzlainfo.ba\/index.php\/wp-json\/wp\/v2\/types\/post"}],"author":[{"embeddable":true,"href":"https:\/\/tuzlainfo.ba\/index.php\/wp-json\/wp\/v2\/users\/8"}],"replies":[{"embeddable":true,"href":"https:\/\/tuzlainfo.ba\/index.php\/wp-json\/wp\/v2\/comments?post=293805"}],"version-history":[{"count":1,"href":"https:\/\/tuzlainfo.ba\/index.php\/wp-json\/wp\/v2\/posts\/293805\/revisions"}],"predecessor-version":[{"id":293806,"href":"https:\/\/tuzlainfo.ba\/index.php\/wp-json\/wp\/v2\/posts\/293805\/revisions\/293806"}],"wp:featuredmedia":[{"embeddable":true,"href":"https:\/\/tuzlainfo.ba\/index.php\/wp-json\/wp\/v2\/media\/170403"}],"wp:attachment":[{"href":"https:\/\/tuzlainfo.ba\/index.php\/wp-json\/wp\/v2\/media?parent=293805"}],"wp:term":[{"taxonomy":"category","embeddable":true,"href":"https:\/\/tuzlainfo.ba\/index.php\/wp-json\/wp\/v2\/categories?post=293805"},{"taxonomy":"post_tag","embeddable":true,"href":"https:\/\/tuzlainfo.ba\/index.php\/wp-json\/wp\/v2\/tags?post=293805"}],"curies":[{"name":"wp","href":"https:\/\/api.w.org\/{rel}","templated":true}]}}