{"id":293742,"date":"2026-02-05T18:31:31","date_gmt":"2026-02-05T17:31:31","guid":{"rendered":"https:\/\/tuzlainfo.ba\/?p=293742"},"modified":"2026-02-05T18:06:09","modified_gmt":"2026-02-05T17:06:09","slug":"zabranjeno-pusenje-kao-neustekani-u-tuzli","status":"publish","type":"post","link":"https:\/\/tuzlainfo.ba\/index.php\/najava-dogadaja-2\/item\/293742-zabranjeno-pusenje-kao-neustekani-u-tuzli\/","title":{"rendered":"\u201cZabranjeno pu\u0161enje\u201d kao \u201cNeu\u0161tekani\u201d u Tuzli"},"content":{"rendered":"<p data-start=\"91\" data-end=\"288\">Nakon rasprodanih koncerata u Sarajevu, Ljubljani, Zagrebu, Beogradu, Zadru i Osijeku, legendarni bend u akusti\u010dnoj postavi sti\u017ee i u Tuzlu. Koncert u Tuzli odr\u017eat \u0107e se 17. aprila 2026. u BKC-u.<\/p>\n<p data-start=\"290\" data-end=\"491\">Legendarni bend, koji je 2024. godine obilje\u017eio 40 godina od izlaska kultnog albuma <em data-start=\"374\" data-end=\"392\">\u201cDas Ist Walter\u201d<\/em>, projektom <em data-start=\"404\" data-end=\"418\">\u201cNeu\u0161tekani\u201d<\/em> jo\u0161 jednom je pokazao da je \u201czauvijek mlad\u201d i spreman za nove izazove.<\/p>\n<p data-start=\"493\" data-end=\"755\">Ovaj projekt, kojim je Sejo Sexon \u017eelio da, kako ka\u017ee, \u201cispravi nepravdu i izvede u\u017eivo pjesme od kojih su mnoge, po prvi puta, ugledale svjetla pozornice\u201d, nudi Zabranjeno pu\u0161enje u unplugged verziji, na akusti\u010dnim instrumentima, kao pri\u010du i dirljivu emociju.<\/p>\n<p data-start=\"757\" data-end=\"1103\">U intimnijoj atmosferi, uz do sada neotkriveni glazbeni repertoar, publika \u0107e i u Tuzli i u Mostaru biti u prilici \u010duti i kratke pri\u010de vezane za nastanak i ro\u0111enje Zabranjenog pu\u0161enja, kao i pjesme koje do sada nisu izvo\u0111ene na koncertima, poput <em data-start=\"1003\" data-end=\"1019\">\u201cPismo Elvisu\u201d<\/em>, <em data-start=\"1021\" data-end=\"1040\">\u201cLaku no\u0107, stari\u201d<\/em>, <em data-start=\"1042\" data-end=\"1059\">\u201cArizona dream\u201d<\/em>, <em data-start=\"1061\" data-end=\"1074\">\u201cNema vi\u0161e\u201d<\/em> ili <em data-start=\"1079\" data-end=\"1100\">\u201cKad dernek utihne\u201d<\/em>.<\/p>\n<p data-start=\"1105\" data-end=\"1456\">Virtuozna svirka benda, koji je u \u201cneu\u0161tekanoj\u201d verziji dobio priliku pokazati svoje muzi\u010dko umije\u0107e u punom sjaju, u\u010dinit \u0107e da i najpoznatije pjesme Zabranjenog pu\u0161enja, poput <em data-start=\"1283\" data-end=\"1316\">\u201cDjevoj\u010dica kojima miri\u0161e ko\u017ea\u201d<\/em>, <em data-start=\"1318\" data-end=\"1329\">\u201cFikrete\u201d<\/em> i <em data-start=\"1332\" data-end=\"1347\">\u201cLijepe Alme\u201d<\/em>, zazvu\u010de malo druga\u010dije. Publika \u0107e u\u017eivati u jedinstvenoj \u201cvo\u017enji\u201d kroz dugu i plodnu karijeru ove grupe.<\/p>\n<p data-start=\"1458\" data-end=\"1867\">\u201cPred prvi nastup Neu\u0161tekanih u Sarajevu imao sam ogromnu tremu, kao da prvi put izlazim na scenu, a nakon sjajnih koncerata u mom rodnom gradu, a potom i u Ljubljani, Zagrebu, Zadru, Beogradu, Podgorici te Osijeku, jedva \u010dekam susret s publikom u Tuzli i Mostaru i veselim se \u0161to \u0107emo biti u prilici da i s njima podijelimo ovo za nas, a nadam se i za njih, fantasti\u010dno glazbeno iskustvo\u201d, ka\u017ee Sejo Sexon.<\/p>\n<p data-start=\"1869\" data-end=\"2123\">Ulaznice za koncerte su u prodaji po cijeni od 40 i 50 KM, a mogu se nabaviti preko servisa za prodaju ulaznica <em data-start=\"1981\" data-end=\"1992\">entrio.ba<\/em>. U Tuzli se, osim putem Entrija, ulaznice mogu kupiti i u CD shopu Mido, EXC mjenja\u010dnici u Mercatoru te na blagajni BKC-a Tuzla.<\/p>\n","protected":false},"excerpt":{"rendered":"<p>Nakon rasprodanih koncerata u Sarajevu, Ljubljani, Zagrebu, Beogradu, Zadru i Osijeku, legendarni bend u akusti\u010dnoj&hellip;<\/p>\n","protected":false},"author":4,"featured_media":293747,"comment_status":"closed","ping_status":"closed","sticky":false,"template":"","format":"standard","meta":{"_acf_changed":false,"footnotes":""},"categories":[11],"tags":[1597,13404,42,5252],"acf":[],"yoast_head":"<!-- This site is optimized with the Yoast SEO plugin v23.5 - https:\/\/yoast.com\/wordpress\/plugins\/seo\/ -->\n<title>\u201cZabranjeno pu\u0161enje\u201d kao \u201cNeu\u0161tekani\u201d u Tuzli - TuzlaInfo.ba<\/title>\n<meta name=\"robots\" content=\"index, follow, max-snippet:-1, max-image-preview:large, max-video-preview:-1\" \/>\n<link rel=\"canonical\" href=\"https:\/\/tuzlainfo.ba\/index.php\/najava-dogadaja-2\/item\/293742-zabranjeno-pusenje-kao-neustekani-u-tuzli\/\" \/>\n<meta property=\"og:locale\" content=\"bs_BA\" \/>\n<meta property=\"og:type\" content=\"article\" \/>\n<meta property=\"og:title\" content=\"\u201cZabranjeno pu\u0161enje\u201d kao \u201cNeu\u0161tekani\u201d u Tuzli - TuzlaInfo.ba\" \/>\n<meta property=\"og:description\" content=\"Nakon rasprodanih koncerata u Sarajevu, Ljubljani, Zagrebu, Beogradu, Zadru i Osijeku, legendarni bend u akusti\u010dnoj&hellip;\" \/>\n<meta property=\"og:url\" content=\"https:\/\/tuzlainfo.ba\/index.php\/najava-dogadaja-2\/item\/293742-zabranjeno-pusenje-kao-neustekani-u-tuzli\/\" \/>\n<meta property=\"og:site_name\" content=\"TuzlaInfo.ba\" \/>\n<meta property=\"article:publisher\" content=\"https:\/\/www.facebook.com\/tuzlainfo.ba\/\" \/>\n<meta property=\"article:published_time\" content=\"2026-02-05T17:31:31+00:00\" \/>\n<meta property=\"article:modified_time\" content=\"2026-02-05T17:06:09+00:00\" \/>\n<meta property=\"og:image\" content=\"https:\/\/tuzlainfo.ba\/wp-content\/uploads\/2026\/02\/neustekani.jpg\" \/>\n\t<meta property=\"og:image:width\" content=\"1536\" \/>\n\t<meta property=\"og:image:height\" content=\"864\" \/>\n\t<meta property=\"og:image:type\" content=\"image\/jpeg\" \/>\n<meta name=\"author\" content=\"Tuzla Info\" \/>\n<meta name=\"twitter:card\" content=\"summary_large_image\" \/>\n<meta name=\"twitter:label1\" content=\"Written by\" \/>\n\t<meta name=\"twitter:data1\" content=\"Tuzla Info\" \/>\n\t<meta name=\"twitter:label2\" content=\"Est. reading time\" \/>\n\t<meta name=\"twitter:data2\" content=\"2 minute\" \/>\n<script type=\"application\/ld+json\" class=\"yoast-schema-graph\">{\"@context\":\"https:\/\/schema.org\",\"@graph\":[{\"@type\":\"Article\",\"@id\":\"https:\/\/tuzlainfo.ba\/index.php\/najava-dogadaja-2\/item\/293742-zabranjeno-pusenje-kao-neustekani-u-tuzli\/#article\",\"isPartOf\":{\"@id\":\"https:\/\/tuzlainfo.ba\/index.php\/najava-dogadaja-2\/item\/293742-zabranjeno-pusenje-kao-neustekani-u-tuzli\/\"},\"author\":{\"name\":\"Tuzla Info\",\"@id\":\"https:\/\/tuzlainfo.ba\/#\/schema\/person\/46cad4c57790cbc50781edd14870825a\"},\"headline\":\"\u201cZabranjeno pu\u0161enje\u201d kao \u201cNeu\u0161tekani\u201d u Tuzli\",\"datePublished\":\"2026-02-05T17:31:31+00:00\",\"dateModified\":\"2026-02-05T17:06:09+00:00\",\"mainEntityOfPage\":{\"@id\":\"https:\/\/tuzlainfo.ba\/index.php\/najava-dogadaja-2\/item\/293742-zabranjeno-pusenje-kao-neustekani-u-tuzli\/\"},\"wordCount\":360,\"publisher\":{\"@id\":\"https:\/\/tuzlainfo.ba\/#organization\"},\"image\":{\"@id\":\"https:\/\/tuzlainfo.ba\/index.php\/najava-dogadaja-2\/item\/293742-zabranjeno-pusenje-kao-neustekani-u-tuzli\/#primaryimage\"},\"thumbnailUrl\":\"https:\/\/tuzlainfo.ba\/wp-content\/uploads\/2026\/02\/neustekani.jpg\",\"keywords\":[\"koncert\",\"neu\u0161tekani\",\"tuzla\",\"Zabranjeno pu\u0161enje\"],\"articleSection\":[\"Najave i doga\u0111aji\"],\"inLanguage\":\"bs-BA\"},{\"@type\":\"WebPage\",\"@id\":\"https:\/\/tuzlainfo.ba\/index.php\/najava-dogadaja-2\/item\/293742-zabranjeno-pusenje-kao-neustekani-u-tuzli\/\",\"url\":\"https:\/\/tuzlainfo.ba\/index.php\/najava-dogadaja-2\/item\/293742-zabranjeno-pusenje-kao-neustekani-u-tuzli\/\",\"name\":\"\u201cZabranjeno pu\u0161enje\u201d kao \u201cNeu\u0161tekani\u201d u Tuzli - TuzlaInfo.ba\",\"isPartOf\":{\"@id\":\"https:\/\/tuzlainfo.ba\/#website\"},\"primaryImageOfPage\":{\"@id\":\"https:\/\/tuzlainfo.ba\/index.php\/najava-dogadaja-2\/item\/293742-zabranjeno-pusenje-kao-neustekani-u-tuzli\/#primaryimage\"},\"image\":{\"@id\":\"https:\/\/tuzlainfo.ba\/index.php\/najava-dogadaja-2\/item\/293742-zabranjeno-pusenje-kao-neustekani-u-tuzli\/#primaryimage\"},\"thumbnailUrl\":\"https:\/\/tuzlainfo.ba\/wp-content\/uploads\/2026\/02\/neustekani.jpg\",\"datePublished\":\"2026-02-05T17:31:31+00:00\",\"dateModified\":\"2026-02-05T17:06:09+00:00\",\"breadcrumb\":{\"@id\":\"https:\/\/tuzlainfo.ba\/index.php\/najava-dogadaja-2\/item\/293742-zabranjeno-pusenje-kao-neustekani-u-tuzli\/#breadcrumb\"},\"inLanguage\":\"bs-BA\",\"potentialAction\":[{\"@type\":\"ReadAction\",\"target\":[\"https:\/\/tuzlainfo.ba\/index.php\/najava-dogadaja-2\/item\/293742-zabranjeno-pusenje-kao-neustekani-u-tuzli\/\"]}]},{\"@type\":\"ImageObject\",\"inLanguage\":\"bs-BA\",\"@id\":\"https:\/\/tuzlainfo.ba\/index.php\/najava-dogadaja-2\/item\/293742-zabranjeno-pusenje-kao-neustekani-u-tuzli\/#primaryimage\",\"url\":\"https:\/\/tuzlainfo.ba\/wp-content\/uploads\/2026\/02\/neustekani.jpg\",\"contentUrl\":\"https:\/\/tuzlainfo.ba\/wp-content\/uploads\/2026\/02\/neustekani.jpg\",\"width\":1536,\"height\":864},{\"@type\":\"BreadcrumbList\",\"@id\":\"https:\/\/tuzlainfo.ba\/index.php\/najava-dogadaja-2\/item\/293742-zabranjeno-pusenje-kao-neustekani-u-tuzli\/#breadcrumb\",\"itemListElement\":[{\"@type\":\"ListItem\",\"position\":1,\"name\":\"Home\",\"item\":\"https:\/\/tuzlainfo.ba\/\"},{\"@type\":\"ListItem\",\"position\":2,\"name\":\"\u201cZabranjeno pu\u0161enje\u201d kao \u201cNeu\u0161tekani\u201d u Tuzli\"}]},{\"@type\":\"WebSite\",\"@id\":\"https:\/\/tuzlainfo.ba\/#website\",\"url\":\"https:\/\/tuzlainfo.ba\/\",\"name\":\"TuzlaInfo.ba\",\"description\":\"Tuzla info, gradski informator - Tuzla na dlanu\",\"publisher\":{\"@id\":\"https:\/\/tuzlainfo.ba\/#organization\"},\"potentialAction\":[{\"@type\":\"SearchAction\",\"target\":{\"@type\":\"EntryPoint\",\"urlTemplate\":\"https:\/\/tuzlainfo.ba\/?s={search_term_string}\"},\"query-input\":{\"@type\":\"PropertyValueSpecification\",\"valueRequired\":true,\"valueName\":\"search_term_string\"}}],\"inLanguage\":\"bs-BA\"},{\"@type\":\"Organization\",\"@id\":\"https:\/\/tuzlainfo.ba\/#organization\",\"name\":\"TuzlaInfo.ba\",\"url\":\"https:\/\/tuzlainfo.ba\/\",\"logo\":{\"@type\":\"ImageObject\",\"inLanguage\":\"bs-BA\",\"@id\":\"https:\/\/tuzlainfo.ba\/#\/schema\/logo\/image\/\",\"url\":\"https:\/\/tuzlainfo.ba\/wp-content\/uploads\/2021\/03\/logo-ver-3-1.png\",\"contentUrl\":\"https:\/\/tuzlainfo.ba\/wp-content\/uploads\/2021\/03\/logo-ver-3-1.png\",\"width\":350,\"height\":95,\"caption\":\"TuzlaInfo.ba\"},\"image\":{\"@id\":\"https:\/\/tuzlainfo.ba\/#\/schema\/logo\/image\/\"},\"sameAs\":[\"https:\/\/www.facebook.com\/tuzlainfo.ba\/\"]},{\"@type\":\"Person\",\"@id\":\"https:\/\/tuzlainfo.ba\/#\/schema\/person\/46cad4c57790cbc50781edd14870825a\",\"name\":\"Tuzla Info\",\"image\":{\"@type\":\"ImageObject\",\"inLanguage\":\"bs-BA\",\"@id\":\"https:\/\/tuzlainfo.ba\/#\/schema\/person\/image\/\",\"url\":\"https:\/\/tuzlainfo.ba\/wp-content\/litespeed\/avatar\/b6c453a6c38e3654f2e4416c643fc25c.jpg?ver=1777051911\",\"contentUrl\":\"https:\/\/tuzlainfo.ba\/wp-content\/litespeed\/avatar\/b6c453a6c38e3654f2e4416c643fc25c.jpg?ver=1777051911\",\"caption\":\"Tuzla Info\"}}]}<\/script>\n<!-- \/ Yoast SEO plugin. -->","yoast_head_json":{"title":"\u201cZabranjeno pu\u0161enje\u201d kao \u201cNeu\u0161tekani\u201d u Tuzli - TuzlaInfo.ba","robots":{"index":"index","follow":"follow","max-snippet":"max-snippet:-1","max-image-preview":"max-image-preview:large","max-video-preview":"max-video-preview:-1"},"canonical":"https:\/\/tuzlainfo.ba\/index.php\/najava-dogadaja-2\/item\/293742-zabranjeno-pusenje-kao-neustekani-u-tuzli\/","og_locale":"bs_BA","og_type":"article","og_title":"\u201cZabranjeno pu\u0161enje\u201d kao \u201cNeu\u0161tekani\u201d u Tuzli - TuzlaInfo.ba","og_description":"Nakon rasprodanih koncerata u Sarajevu, Ljubljani, Zagrebu, Beogradu, Zadru i Osijeku, legendarni bend u akusti\u010dnoj&hellip;","og_url":"https:\/\/tuzlainfo.ba\/index.php\/najava-dogadaja-2\/item\/293742-zabranjeno-pusenje-kao-neustekani-u-tuzli\/","og_site_name":"TuzlaInfo.ba","article_publisher":"https:\/\/www.facebook.com\/tuzlainfo.ba\/","article_published_time":"2026-02-05T17:31:31+00:00","article_modified_time":"2026-02-05T17:06:09+00:00","og_image":[{"width":1536,"height":864,"url":"https:\/\/tuzlainfo.ba\/wp-content\/uploads\/2026\/02\/neustekani.jpg","type":"image\/jpeg"}],"author":"Tuzla Info","twitter_card":"summary_large_image","twitter_misc":{"Written by":"Tuzla Info","Est. reading time":"2 minute"},"schema":{"@context":"https:\/\/schema.org","@graph":[{"@type":"Article","@id":"https:\/\/tuzlainfo.ba\/index.php\/najava-dogadaja-2\/item\/293742-zabranjeno-pusenje-kao-neustekani-u-tuzli\/#article","isPartOf":{"@id":"https:\/\/tuzlainfo.ba\/index.php\/najava-dogadaja-2\/item\/293742-zabranjeno-pusenje-kao-neustekani-u-tuzli\/"},"author":{"name":"Tuzla Info","@id":"https:\/\/tuzlainfo.ba\/#\/schema\/person\/46cad4c57790cbc50781edd14870825a"},"headline":"\u201cZabranjeno pu\u0161enje\u201d kao \u201cNeu\u0161tekani\u201d u Tuzli","datePublished":"2026-02-05T17:31:31+00:00","dateModified":"2026-02-05T17:06:09+00:00","mainEntityOfPage":{"@id":"https:\/\/tuzlainfo.ba\/index.php\/najava-dogadaja-2\/item\/293742-zabranjeno-pusenje-kao-neustekani-u-tuzli\/"},"wordCount":360,"publisher":{"@id":"https:\/\/tuzlainfo.ba\/#organization"},"image":{"@id":"https:\/\/tuzlainfo.ba\/index.php\/najava-dogadaja-2\/item\/293742-zabranjeno-pusenje-kao-neustekani-u-tuzli\/#primaryimage"},"thumbnailUrl":"https:\/\/tuzlainfo.ba\/wp-content\/uploads\/2026\/02\/neustekani.jpg","keywords":["koncert","neu\u0161tekani","tuzla","Zabranjeno pu\u0161enje"],"articleSection":["Najave i doga\u0111aji"],"inLanguage":"bs-BA"},{"@type":"WebPage","@id":"https:\/\/tuzlainfo.ba\/index.php\/najava-dogadaja-2\/item\/293742-zabranjeno-pusenje-kao-neustekani-u-tuzli\/","url":"https:\/\/tuzlainfo.ba\/index.php\/najava-dogadaja-2\/item\/293742-zabranjeno-pusenje-kao-neustekani-u-tuzli\/","name":"\u201cZabranjeno pu\u0161enje\u201d kao \u201cNeu\u0161tekani\u201d u Tuzli - TuzlaInfo.ba","isPartOf":{"@id":"https:\/\/tuzlainfo.ba\/#website"},"primaryImageOfPage":{"@id":"https:\/\/tuzlainfo.ba\/index.php\/najava-dogadaja-2\/item\/293742-zabranjeno-pusenje-kao-neustekani-u-tuzli\/#primaryimage"},"image":{"@id":"https:\/\/tuzlainfo.ba\/index.php\/najava-dogadaja-2\/item\/293742-zabranjeno-pusenje-kao-neustekani-u-tuzli\/#primaryimage"},"thumbnailUrl":"https:\/\/tuzlainfo.ba\/wp-content\/uploads\/2026\/02\/neustekani.jpg","datePublished":"2026-02-05T17:31:31+00:00","dateModified":"2026-02-05T17:06:09+00:00","breadcrumb":{"@id":"https:\/\/tuzlainfo.ba\/index.php\/najava-dogadaja-2\/item\/293742-zabranjeno-pusenje-kao-neustekani-u-tuzli\/#breadcrumb"},"inLanguage":"bs-BA","potentialAction":[{"@type":"ReadAction","target":["https:\/\/tuzlainfo.ba\/index.php\/najava-dogadaja-2\/item\/293742-zabranjeno-pusenje-kao-neustekani-u-tuzli\/"]}]},{"@type":"ImageObject","inLanguage":"bs-BA","@id":"https:\/\/tuzlainfo.ba\/index.php\/najava-dogadaja-2\/item\/293742-zabranjeno-pusenje-kao-neustekani-u-tuzli\/#primaryimage","url":"https:\/\/tuzlainfo.ba\/wp-content\/uploads\/2026\/02\/neustekani.jpg","contentUrl":"https:\/\/tuzlainfo.ba\/wp-content\/uploads\/2026\/02\/neustekani.jpg","width":1536,"height":864},{"@type":"BreadcrumbList","@id":"https:\/\/tuzlainfo.ba\/index.php\/najava-dogadaja-2\/item\/293742-zabranjeno-pusenje-kao-neustekani-u-tuzli\/#breadcrumb","itemListElement":[{"@type":"ListItem","position":1,"name":"Home","item":"https:\/\/tuzlainfo.ba\/"},{"@type":"ListItem","position":2,"name":"\u201cZabranjeno pu\u0161enje\u201d kao \u201cNeu\u0161tekani\u201d u Tuzli"}]},{"@type":"WebSite","@id":"https:\/\/tuzlainfo.ba\/#website","url":"https:\/\/tuzlainfo.ba\/","name":"TuzlaInfo.ba","description":"Tuzla info, gradski informator - Tuzla na dlanu","publisher":{"@id":"https:\/\/tuzlainfo.ba\/#organization"},"potentialAction":[{"@type":"SearchAction","target":{"@type":"EntryPoint","urlTemplate":"https:\/\/tuzlainfo.ba\/?s={search_term_string}"},"query-input":{"@type":"PropertyValueSpecification","valueRequired":true,"valueName":"search_term_string"}}],"inLanguage":"bs-BA"},{"@type":"Organization","@id":"https:\/\/tuzlainfo.ba\/#organization","name":"TuzlaInfo.ba","url":"https:\/\/tuzlainfo.ba\/","logo":{"@type":"ImageObject","inLanguage":"bs-BA","@id":"https:\/\/tuzlainfo.ba\/#\/schema\/logo\/image\/","url":"https:\/\/tuzlainfo.ba\/wp-content\/uploads\/2021\/03\/logo-ver-3-1.png","contentUrl":"https:\/\/tuzlainfo.ba\/wp-content\/uploads\/2021\/03\/logo-ver-3-1.png","width":350,"height":95,"caption":"TuzlaInfo.ba"},"image":{"@id":"https:\/\/tuzlainfo.ba\/#\/schema\/logo\/image\/"},"sameAs":["https:\/\/www.facebook.com\/tuzlainfo.ba\/"]},{"@type":"Person","@id":"https:\/\/tuzlainfo.ba\/#\/schema\/person\/46cad4c57790cbc50781edd14870825a","name":"Tuzla Info","image":{"@type":"ImageObject","inLanguage":"bs-BA","@id":"https:\/\/tuzlainfo.ba\/#\/schema\/person\/image\/","url":"https:\/\/tuzlainfo.ba\/wp-content\/litespeed\/avatar\/b6c453a6c38e3654f2e4416c643fc25c.jpg?ver=1777051911","contentUrl":"https:\/\/tuzlainfo.ba\/wp-content\/litespeed\/avatar\/b6c453a6c38e3654f2e4416c643fc25c.jpg?ver=1777051911","caption":"Tuzla Info"}}]}},"_links":{"self":[{"href":"https:\/\/tuzlainfo.ba\/index.php\/wp-json\/wp\/v2\/posts\/293742"}],"collection":[{"href":"https:\/\/tuzlainfo.ba\/index.php\/wp-json\/wp\/v2\/posts"}],"about":[{"href":"https:\/\/tuzlainfo.ba\/index.php\/wp-json\/wp\/v2\/types\/post"}],"author":[{"embeddable":true,"href":"https:\/\/tuzlainfo.ba\/index.php\/wp-json\/wp\/v2\/users\/4"}],"replies":[{"embeddable":true,"href":"https:\/\/tuzlainfo.ba\/index.php\/wp-json\/wp\/v2\/comments?post=293742"}],"version-history":[{"count":1,"href":"https:\/\/tuzlainfo.ba\/index.php\/wp-json\/wp\/v2\/posts\/293742\/revisions"}],"predecessor-version":[{"id":293748,"href":"https:\/\/tuzlainfo.ba\/index.php\/wp-json\/wp\/v2\/posts\/293742\/revisions\/293748"}],"wp:featuredmedia":[{"embeddable":true,"href":"https:\/\/tuzlainfo.ba\/index.php\/wp-json\/wp\/v2\/media\/293747"}],"wp:attachment":[{"href":"https:\/\/tuzlainfo.ba\/index.php\/wp-json\/wp\/v2\/media?parent=293742"}],"wp:term":[{"taxonomy":"category","embeddable":true,"href":"https:\/\/tuzlainfo.ba\/index.php\/wp-json\/wp\/v2\/categories?post=293742"},{"taxonomy":"post_tag","embeddable":true,"href":"https:\/\/tuzlainfo.ba\/index.php\/wp-json\/wp\/v2\/tags?post=293742"}],"curies":[{"name":"wp","href":"https:\/\/api.w.org\/{rel}","templated":true}]}}