{"id":293707,"date":"2026-02-05T15:36:40","date_gmt":"2026-02-05T14:36:40","guid":{"rendered":"https:\/\/tuzlainfo.ba\/?p=293707"},"modified":"2026-02-05T13:54:12","modified_gmt":"2026-02-05T12:54:12","slug":"vukanovic-optuzio-dodika-i-covica-za-dogovor-o-dejtonu-radi-se-o-razbijanju-bih","status":"publish","type":"post","link":"https:\/\/tuzlainfo.ba\/index.php\/bosna-i-hercegovina\/item\/293707-vukanovic-optuzio-dodika-i-covica-za-dogovor-o-dejtonu-radi-se-o-razbijanju-bih\/","title":{"rendered":"Vukanovi\u0107 optu\u017eio Dodika i \u010covi\u0107a za dogovor o Dejtonu: Radi se o razbijanju BiH"},"content":{"rendered":"<p>Predsjednik Liste za pravdu i red i poslanik u Narodnoj skup\u0161tini RS Neboj\u0161a Vukanovi\u0107 izjavio je da ideje o \u201craspakivanju Dejtona\u201d predstavljaju ozbiljnu prijetnju stabilnosti, optu\u017euju\u0107i Milorada Dodika za, kako je naveo, opasnu politiku sukoba i blisku saradnju sa Draganom \u010covi\u0107em, dok je govorio i o odnosima u opoziciji, Dra\u0161ku Stanivukovi\u0107u i vlastitoj kandidaturi za Predsjedni\u0161tvo BiH.<\/p>\n<p>U intervjuu za <a href=\"https:\/\/www.slobodna-bosna.ba\/vijest\/464569\/sb_intervju_nebojsa_vukanovic_dodik_je_chovicev_kljuchni_korisni_idiot_u_pravljenju_treceg_entiteta_s_amerikancima_je_potpisao_tajnu_agendu_koja_znachi.html\" target=\"_blank\" rel=\"noopener\">Slobodnu Bosnu<\/a> Vukanovi\u0107 je o\u0161tro kritikovao Dodikove politi\u010dke poteze i najave o promjenama dejtonskog okvira.<\/p>\n<p>\u201cMilorad Dodik je najve\u0107i neprijatelj Republike Srpske, srpskog naroda i cijele Bosne i Hercegovine. Njegova politika stalnog sukobljavanja i blokiranja institucija je veoma opasna i mo\u017ee dovesti u pitanje mir i stabilnost ako se raspakuje Dejton\u201d, rekao je Vukanovi\u0107.<\/p>\n<p>Govore\u0107i o odnosu Dodika i lidera HDZ-a BiH Dragana \u010covi\u0107a, Vukanovi\u0107 tvrdi da tu postoji jasan politi\u010dki interes.<\/p>\n<p>\u201cStalno govorimo da je Dodik korisni idiot u rukama Dragana \u010covi\u0107a i HDZ-a. \u010covi\u0107 ne \u017eeli da on razbija BiH, nego pu\u0161ta Dodika da probija bedeme kako bi Hrvati ostvarili interes o tre\u0107em entitetu, \u0161to bi bilo i na \u0161tetu RS\u201d, naveo je Vukanovi\u0107.<\/p>\n<p>Komentari\u0161u\u0107i Dodikov boravak u SAD-u, rekao je da lider SNSD-a vodi podani\u010dku politiku prema velikim silama.<\/p>\n<p>\u201cOn slu\u0161a \u0161ta govore Amerika i zapadni centri mo\u0107i i radi ono \u0161to se od njega o\u010dekuje. Vidimo da se vi\u0161e i ne spominje Rusija, sve se svelo na veli\u010danje Amerike i Trumpa\u201d, izjavio je.<\/p>\n<p>Vukanovi\u0107 je kritikovao i gradona\u010delnika Banje Luke Dra\u0161ka Stanivukovi\u0107a, nazivaju\u0107i njegove poteze skandaloznim i politi\u010dki \u0161tetnim.<\/p>\n<p>\u201cStanivukovi\u0107 je na liniji Milorada Dodika i vodi istu politiku. Koristi javni novac da kupi naklonost i glumi velikog patriotu, a njegovi potezi u Hrvatskoj pokazali su se kao potpuni proma\u0161aj\u201d, rekao je.<\/p>\n<p>Najavio je i vlastitu kandidaturu za \u010dlana Predsjedni\u0161tva BiH iz reda srpskog naroda.<\/p>\n<p>\u201cAko bude zdravlja, donijeli smo odluku da je pravo vrijeme za kandidaturu. Ako Branko Blanu\u0161a bude kandidat ili predsjednik RS, moj plan je da se kandidujem za \u010dlana Predsjedni\u0161tva BiH. To mjesto je klju\u010dno za smirivanje tenzija i promjenu sistema\u201d, kazao je Vukanovi\u0107.<\/p>\n<p>Govore\u0107i o odnosima unutar opozicije, posebno se osvrnuo na Branislava Borenovi\u0107a, biv\u0161eg lidera PDP-a.<\/p>\n<p>\u201cOd Borenovi\u0107a ne o\u010dekujem podr\u0161ku. On je klju\u010dna osoba koja je dovela PDP i opoziciju u ovakvu situaciju jer je prepustio stranku Dra\u0161ku Stanivukovi\u0107u i znao da \u0107e je odvesti u zagrljaj Dodiku\u201d, rekao je Vukanovi\u0107.<\/p>\n","protected":false},"excerpt":{"rendered":"<p>Predsjednik Liste za pravdu i red i poslanik u Narodnoj skup\u0161tini RS Neboj\u0161a Vukanovi\u0107 izjavio&hellip;<\/p>\n","protected":false},"author":8,"featured_media":287275,"comment_status":"closed","ping_status":"closed","sticky":false,"template":"","format":"standard","meta":{"_acf_changed":false,"footnotes":""},"categories":[291],"tags":[1341],"acf":[],"yoast_head":"<!-- This site is optimized with the Yoast SEO plugin v23.5 - https:\/\/yoast.com\/wordpress\/plugins\/seo\/ -->\n<title>Vukanovi\u0107 optu\u017eio Dodika i \u010covi\u0107a za dogovor o Dejtonu: Radi se o razbijanju BiH - TuzlaInfo.ba<\/title>\n<meta name=\"robots\" content=\"index, follow, max-snippet:-1, max-image-preview:large, max-video-preview:-1\" \/>\n<link rel=\"canonical\" href=\"https:\/\/tuzlainfo.ba\/index.php\/bosna-i-hercegovina\/item\/293707-vukanovic-optuzio-dodika-i-covica-za-dogovor-o-dejtonu-radi-se-o-razbijanju-bih\/\" \/>\n<meta property=\"og:locale\" content=\"bs_BA\" \/>\n<meta property=\"og:type\" content=\"article\" \/>\n<meta property=\"og:title\" content=\"Vukanovi\u0107 optu\u017eio Dodika i \u010covi\u0107a za dogovor o Dejtonu: Radi se o razbijanju BiH - TuzlaInfo.ba\" \/>\n<meta property=\"og:description\" content=\"Predsjednik Liste za pravdu i red i poslanik u Narodnoj skup\u0161tini RS Neboj\u0161a Vukanovi\u0107 izjavio&hellip;\" \/>\n<meta property=\"og:url\" content=\"https:\/\/tuzlainfo.ba\/index.php\/bosna-i-hercegovina\/item\/293707-vukanovic-optuzio-dodika-i-covica-za-dogovor-o-dejtonu-radi-se-o-razbijanju-bih\/\" \/>\n<meta property=\"og:site_name\" content=\"TuzlaInfo.ba\" \/>\n<meta property=\"article:publisher\" content=\"https:\/\/www.facebook.com\/tuzlainfo.ba\/\" \/>\n<meta property=\"article:published_time\" content=\"2026-02-05T14:36:40+00:00\" \/>\n<meta property=\"article:modified_time\" content=\"2026-02-05T12:54:12+00:00\" \/>\n<meta property=\"og:image\" content=\"https:\/\/tuzlainfo.ba\/wp-content\/uploads\/2025\/11\/2411_nebojsa-vukanovic.jpeg\" \/>\n\t<meta property=\"og:image:width\" content=\"2560\" \/>\n\t<meta property=\"og:image:height\" content=\"1439\" \/>\n\t<meta property=\"og:image:type\" content=\"image\/jpeg\" \/>\n<meta name=\"author\" content=\"Admin Tri\" \/>\n<meta name=\"twitter:card\" content=\"summary_large_image\" \/>\n<meta name=\"twitter:label1\" content=\"Written by\" \/>\n\t<meta name=\"twitter:data1\" content=\"Admin Tri\" \/>\n\t<meta name=\"twitter:label2\" content=\"Est. reading time\" \/>\n\t<meta name=\"twitter:data2\" content=\"3 minute\" \/>\n<script type=\"application\/ld+json\" class=\"yoast-schema-graph\">{\"@context\":\"https:\/\/schema.org\",\"@graph\":[{\"@type\":\"Article\",\"@id\":\"https:\/\/tuzlainfo.ba\/index.php\/bosna-i-hercegovina\/item\/293707-vukanovic-optuzio-dodika-i-covica-za-dogovor-o-dejtonu-radi-se-o-razbijanju-bih\/#article\",\"isPartOf\":{\"@id\":\"https:\/\/tuzlainfo.ba\/index.php\/bosna-i-hercegovina\/item\/293707-vukanovic-optuzio-dodika-i-covica-za-dogovor-o-dejtonu-radi-se-o-razbijanju-bih\/\"},\"author\":{\"name\":\"Admin Tri\",\"@id\":\"https:\/\/tuzlainfo.ba\/#\/schema\/person\/593e78a2f6378c5ba3e7600ecfa4e63a\"},\"headline\":\"Vukanovi\u0107 optu\u017eio Dodika i \u010covi\u0107a za dogovor o Dejtonu: Radi se o razbijanju BiH\",\"datePublished\":\"2026-02-05T14:36:40+00:00\",\"dateModified\":\"2026-02-05T12:54:12+00:00\",\"mainEntityOfPage\":{\"@id\":\"https:\/\/tuzlainfo.ba\/index.php\/bosna-i-hercegovina\/item\/293707-vukanovic-optuzio-dodika-i-covica-za-dogovor-o-dejtonu-radi-se-o-razbijanju-bih\/\"},\"wordCount\":443,\"publisher\":{\"@id\":\"https:\/\/tuzlainfo.ba\/#organization\"},\"image\":{\"@id\":\"https:\/\/tuzlainfo.ba\/index.php\/bosna-i-hercegovina\/item\/293707-vukanovic-optuzio-dodika-i-covica-za-dogovor-o-dejtonu-radi-se-o-razbijanju-bih\/#primaryimage\"},\"thumbnailUrl\":\"https:\/\/tuzlainfo.ba\/wp-content\/uploads\/2025\/11\/2411_nebojsa-vukanovic.jpeg\",\"keywords\":[\"neboj\u0161a Vukanovi\u0107\"],\"articleSection\":[\"Bosna i Hercegovina\"],\"inLanguage\":\"bs-BA\"},{\"@type\":\"WebPage\",\"@id\":\"https:\/\/tuzlainfo.ba\/index.php\/bosna-i-hercegovina\/item\/293707-vukanovic-optuzio-dodika-i-covica-za-dogovor-o-dejtonu-radi-se-o-razbijanju-bih\/\",\"url\":\"https:\/\/tuzlainfo.ba\/index.php\/bosna-i-hercegovina\/item\/293707-vukanovic-optuzio-dodika-i-covica-za-dogovor-o-dejtonu-radi-se-o-razbijanju-bih\/\",\"name\":\"Vukanovi\u0107 optu\u017eio Dodika i \u010covi\u0107a za dogovor o Dejtonu: Radi se o razbijanju BiH - TuzlaInfo.ba\",\"isPartOf\":{\"@id\":\"https:\/\/tuzlainfo.ba\/#website\"},\"primaryImageOfPage\":{\"@id\":\"https:\/\/tuzlainfo.ba\/index.php\/bosna-i-hercegovina\/item\/293707-vukanovic-optuzio-dodika-i-covica-za-dogovor-o-dejtonu-radi-se-o-razbijanju-bih\/#primaryimage\"},\"image\":{\"@id\":\"https:\/\/tuzlainfo.ba\/index.php\/bosna-i-hercegovina\/item\/293707-vukanovic-optuzio-dodika-i-covica-za-dogovor-o-dejtonu-radi-se-o-razbijanju-bih\/#primaryimage\"},\"thumbnailUrl\":\"https:\/\/tuzlainfo.ba\/wp-content\/uploads\/2025\/11\/2411_nebojsa-vukanovic.jpeg\",\"datePublished\":\"2026-02-05T14:36:40+00:00\",\"dateModified\":\"2026-02-05T12:54:12+00:00\",\"breadcrumb\":{\"@id\":\"https:\/\/tuzlainfo.ba\/index.php\/bosna-i-hercegovina\/item\/293707-vukanovic-optuzio-dodika-i-covica-za-dogovor-o-dejtonu-radi-se-o-razbijanju-bih\/#breadcrumb\"},\"inLanguage\":\"bs-BA\",\"potentialAction\":[{\"@type\":\"ReadAction\",\"target\":[\"https:\/\/tuzlainfo.ba\/index.php\/bosna-i-hercegovina\/item\/293707-vukanovic-optuzio-dodika-i-covica-za-dogovor-o-dejtonu-radi-se-o-razbijanju-bih\/\"]}]},{\"@type\":\"ImageObject\",\"inLanguage\":\"bs-BA\",\"@id\":\"https:\/\/tuzlainfo.ba\/index.php\/bosna-i-hercegovina\/item\/293707-vukanovic-optuzio-dodika-i-covica-za-dogovor-o-dejtonu-radi-se-o-razbijanju-bih\/#primaryimage\",\"url\":\"https:\/\/tuzlainfo.ba\/wp-content\/uploads\/2025\/11\/2411_nebojsa-vukanovic.jpeg\",\"contentUrl\":\"https:\/\/tuzlainfo.ba\/wp-content\/uploads\/2025\/11\/2411_nebojsa-vukanovic.jpeg\",\"width\":2560,\"height\":1439},{\"@type\":\"BreadcrumbList\",\"@id\":\"https:\/\/tuzlainfo.ba\/index.php\/bosna-i-hercegovina\/item\/293707-vukanovic-optuzio-dodika-i-covica-za-dogovor-o-dejtonu-radi-se-o-razbijanju-bih\/#breadcrumb\",\"itemListElement\":[{\"@type\":\"ListItem\",\"position\":1,\"name\":\"Home\",\"item\":\"https:\/\/tuzlainfo.ba\/\"},{\"@type\":\"ListItem\",\"position\":2,\"name\":\"Vukanovi\u0107 optu\u017eio Dodika i \u010covi\u0107a za dogovor o Dejtonu: Radi se o razbijanju BiH\"}]},{\"@type\":\"WebSite\",\"@id\":\"https:\/\/tuzlainfo.ba\/#website\",\"url\":\"https:\/\/tuzlainfo.ba\/\",\"name\":\"TuzlaInfo.ba\",\"description\":\"Tuzla info, gradski informator - Tuzla na dlanu\",\"publisher\":{\"@id\":\"https:\/\/tuzlainfo.ba\/#organization\"},\"potentialAction\":[{\"@type\":\"SearchAction\",\"target\":{\"@type\":\"EntryPoint\",\"urlTemplate\":\"https:\/\/tuzlainfo.ba\/?s={search_term_string}\"},\"query-input\":{\"@type\":\"PropertyValueSpecification\",\"valueRequired\":true,\"valueName\":\"search_term_string\"}}],\"inLanguage\":\"bs-BA\"},{\"@type\":\"Organization\",\"@id\":\"https:\/\/tuzlainfo.ba\/#organization\",\"name\":\"TuzlaInfo.ba\",\"url\":\"https:\/\/tuzlainfo.ba\/\",\"logo\":{\"@type\":\"ImageObject\",\"inLanguage\":\"bs-BA\",\"@id\":\"https:\/\/tuzlainfo.ba\/#\/schema\/logo\/image\/\",\"url\":\"https:\/\/tuzlainfo.ba\/wp-content\/uploads\/2021\/03\/logo-ver-3-1.png\",\"contentUrl\":\"https:\/\/tuzlainfo.ba\/wp-content\/uploads\/2021\/03\/logo-ver-3-1.png\",\"width\":350,\"height\":95,\"caption\":\"TuzlaInfo.ba\"},\"image\":{\"@id\":\"https:\/\/tuzlainfo.ba\/#\/schema\/logo\/image\/\"},\"sameAs\":[\"https:\/\/www.facebook.com\/tuzlainfo.ba\/\"]},{\"@type\":\"Person\",\"@id\":\"https:\/\/tuzlainfo.ba\/#\/schema\/person\/593e78a2f6378c5ba3e7600ecfa4e63a\",\"name\":\"Admin Tri\",\"image\":{\"@type\":\"ImageObject\",\"inLanguage\":\"bs-BA\",\"@id\":\"https:\/\/tuzlainfo.ba\/#\/schema\/person\/image\/\",\"url\":\"https:\/\/tuzlainfo.ba\/wp-content\/litespeed\/avatar\/b7920db4cc34a71ad12497283ad2fe3f.jpg?ver=1777100914\",\"contentUrl\":\"https:\/\/tuzlainfo.ba\/wp-content\/litespeed\/avatar\/b7920db4cc34a71ad12497283ad2fe3f.jpg?ver=1777100914\",\"caption\":\"Admin Tri\"},\"sameAs\":[\"https:\/\/tuzlainfo.ba\"]}]}<\/script>\n<!-- \/ Yoast SEO plugin. -->","yoast_head_json":{"title":"Vukanovi\u0107 optu\u017eio Dodika i \u010covi\u0107a za dogovor o Dejtonu: Radi se o razbijanju BiH - TuzlaInfo.ba","robots":{"index":"index","follow":"follow","max-snippet":"max-snippet:-1","max-image-preview":"max-image-preview:large","max-video-preview":"max-video-preview:-1"},"canonical":"https:\/\/tuzlainfo.ba\/index.php\/bosna-i-hercegovina\/item\/293707-vukanovic-optuzio-dodika-i-covica-za-dogovor-o-dejtonu-radi-se-o-razbijanju-bih\/","og_locale":"bs_BA","og_type":"article","og_title":"Vukanovi\u0107 optu\u017eio Dodika i \u010covi\u0107a za dogovor o Dejtonu: Radi se o razbijanju BiH - TuzlaInfo.ba","og_description":"Predsjednik Liste za pravdu i red i poslanik u Narodnoj skup\u0161tini RS Neboj\u0161a Vukanovi\u0107 izjavio&hellip;","og_url":"https:\/\/tuzlainfo.ba\/index.php\/bosna-i-hercegovina\/item\/293707-vukanovic-optuzio-dodika-i-covica-za-dogovor-o-dejtonu-radi-se-o-razbijanju-bih\/","og_site_name":"TuzlaInfo.ba","article_publisher":"https:\/\/www.facebook.com\/tuzlainfo.ba\/","article_published_time":"2026-02-05T14:36:40+00:00","article_modified_time":"2026-02-05T12:54:12+00:00","og_image":[{"width":2560,"height":1439,"url":"https:\/\/tuzlainfo.ba\/wp-content\/uploads\/2025\/11\/2411_nebojsa-vukanovic.jpeg","type":"image\/jpeg"}],"author":"Admin Tri","twitter_card":"summary_large_image","twitter_misc":{"Written by":"Admin Tri","Est. reading time":"3 minute"},"schema":{"@context":"https:\/\/schema.org","@graph":[{"@type":"Article","@id":"https:\/\/tuzlainfo.ba\/index.php\/bosna-i-hercegovina\/item\/293707-vukanovic-optuzio-dodika-i-covica-za-dogovor-o-dejtonu-radi-se-o-razbijanju-bih\/#article","isPartOf":{"@id":"https:\/\/tuzlainfo.ba\/index.php\/bosna-i-hercegovina\/item\/293707-vukanovic-optuzio-dodika-i-covica-za-dogovor-o-dejtonu-radi-se-o-razbijanju-bih\/"},"author":{"name":"Admin Tri","@id":"https:\/\/tuzlainfo.ba\/#\/schema\/person\/593e78a2f6378c5ba3e7600ecfa4e63a"},"headline":"Vukanovi\u0107 optu\u017eio Dodika i \u010covi\u0107a za dogovor o Dejtonu: Radi se o razbijanju BiH","datePublished":"2026-02-05T14:36:40+00:00","dateModified":"2026-02-05T12:54:12+00:00","mainEntityOfPage":{"@id":"https:\/\/tuzlainfo.ba\/index.php\/bosna-i-hercegovina\/item\/293707-vukanovic-optuzio-dodika-i-covica-za-dogovor-o-dejtonu-radi-se-o-razbijanju-bih\/"},"wordCount":443,"publisher":{"@id":"https:\/\/tuzlainfo.ba\/#organization"},"image":{"@id":"https:\/\/tuzlainfo.ba\/index.php\/bosna-i-hercegovina\/item\/293707-vukanovic-optuzio-dodika-i-covica-za-dogovor-o-dejtonu-radi-se-o-razbijanju-bih\/#primaryimage"},"thumbnailUrl":"https:\/\/tuzlainfo.ba\/wp-content\/uploads\/2025\/11\/2411_nebojsa-vukanovic.jpeg","keywords":["neboj\u0161a Vukanovi\u0107"],"articleSection":["Bosna i Hercegovina"],"inLanguage":"bs-BA"},{"@type":"WebPage","@id":"https:\/\/tuzlainfo.ba\/index.php\/bosna-i-hercegovina\/item\/293707-vukanovic-optuzio-dodika-i-covica-za-dogovor-o-dejtonu-radi-se-o-razbijanju-bih\/","url":"https:\/\/tuzlainfo.ba\/index.php\/bosna-i-hercegovina\/item\/293707-vukanovic-optuzio-dodika-i-covica-za-dogovor-o-dejtonu-radi-se-o-razbijanju-bih\/","name":"Vukanovi\u0107 optu\u017eio Dodika i \u010covi\u0107a za dogovor o Dejtonu: Radi se o razbijanju BiH - TuzlaInfo.ba","isPartOf":{"@id":"https:\/\/tuzlainfo.ba\/#website"},"primaryImageOfPage":{"@id":"https:\/\/tuzlainfo.ba\/index.php\/bosna-i-hercegovina\/item\/293707-vukanovic-optuzio-dodika-i-covica-za-dogovor-o-dejtonu-radi-se-o-razbijanju-bih\/#primaryimage"},"image":{"@id":"https:\/\/tuzlainfo.ba\/index.php\/bosna-i-hercegovina\/item\/293707-vukanovic-optuzio-dodika-i-covica-za-dogovor-o-dejtonu-radi-se-o-razbijanju-bih\/#primaryimage"},"thumbnailUrl":"https:\/\/tuzlainfo.ba\/wp-content\/uploads\/2025\/11\/2411_nebojsa-vukanovic.jpeg","datePublished":"2026-02-05T14:36:40+00:00","dateModified":"2026-02-05T12:54:12+00:00","breadcrumb":{"@id":"https:\/\/tuzlainfo.ba\/index.php\/bosna-i-hercegovina\/item\/293707-vukanovic-optuzio-dodika-i-covica-za-dogovor-o-dejtonu-radi-se-o-razbijanju-bih\/#breadcrumb"},"inLanguage":"bs-BA","potentialAction":[{"@type":"ReadAction","target":["https:\/\/tuzlainfo.ba\/index.php\/bosna-i-hercegovina\/item\/293707-vukanovic-optuzio-dodika-i-covica-za-dogovor-o-dejtonu-radi-se-o-razbijanju-bih\/"]}]},{"@type":"ImageObject","inLanguage":"bs-BA","@id":"https:\/\/tuzlainfo.ba\/index.php\/bosna-i-hercegovina\/item\/293707-vukanovic-optuzio-dodika-i-covica-za-dogovor-o-dejtonu-radi-se-o-razbijanju-bih\/#primaryimage","url":"https:\/\/tuzlainfo.ba\/wp-content\/uploads\/2025\/11\/2411_nebojsa-vukanovic.jpeg","contentUrl":"https:\/\/tuzlainfo.ba\/wp-content\/uploads\/2025\/11\/2411_nebojsa-vukanovic.jpeg","width":2560,"height":1439},{"@type":"BreadcrumbList","@id":"https:\/\/tuzlainfo.ba\/index.php\/bosna-i-hercegovina\/item\/293707-vukanovic-optuzio-dodika-i-covica-za-dogovor-o-dejtonu-radi-se-o-razbijanju-bih\/#breadcrumb","itemListElement":[{"@type":"ListItem","position":1,"name":"Home","item":"https:\/\/tuzlainfo.ba\/"},{"@type":"ListItem","position":2,"name":"Vukanovi\u0107 optu\u017eio Dodika i \u010covi\u0107a za dogovor o Dejtonu: Radi se o razbijanju BiH"}]},{"@type":"WebSite","@id":"https:\/\/tuzlainfo.ba\/#website","url":"https:\/\/tuzlainfo.ba\/","name":"TuzlaInfo.ba","description":"Tuzla info, gradski informator - Tuzla na dlanu","publisher":{"@id":"https:\/\/tuzlainfo.ba\/#organization"},"potentialAction":[{"@type":"SearchAction","target":{"@type":"EntryPoint","urlTemplate":"https:\/\/tuzlainfo.ba\/?s={search_term_string}"},"query-input":{"@type":"PropertyValueSpecification","valueRequired":true,"valueName":"search_term_string"}}],"inLanguage":"bs-BA"},{"@type":"Organization","@id":"https:\/\/tuzlainfo.ba\/#organization","name":"TuzlaInfo.ba","url":"https:\/\/tuzlainfo.ba\/","logo":{"@type":"ImageObject","inLanguage":"bs-BA","@id":"https:\/\/tuzlainfo.ba\/#\/schema\/logo\/image\/","url":"https:\/\/tuzlainfo.ba\/wp-content\/uploads\/2021\/03\/logo-ver-3-1.png","contentUrl":"https:\/\/tuzlainfo.ba\/wp-content\/uploads\/2021\/03\/logo-ver-3-1.png","width":350,"height":95,"caption":"TuzlaInfo.ba"},"image":{"@id":"https:\/\/tuzlainfo.ba\/#\/schema\/logo\/image\/"},"sameAs":["https:\/\/www.facebook.com\/tuzlainfo.ba\/"]},{"@type":"Person","@id":"https:\/\/tuzlainfo.ba\/#\/schema\/person\/593e78a2f6378c5ba3e7600ecfa4e63a","name":"Admin Tri","image":{"@type":"ImageObject","inLanguage":"bs-BA","@id":"https:\/\/tuzlainfo.ba\/#\/schema\/person\/image\/","url":"https:\/\/tuzlainfo.ba\/wp-content\/litespeed\/avatar\/b7920db4cc34a71ad12497283ad2fe3f.jpg?ver=1777100914","contentUrl":"https:\/\/tuzlainfo.ba\/wp-content\/litespeed\/avatar\/b7920db4cc34a71ad12497283ad2fe3f.jpg?ver=1777100914","caption":"Admin Tri"},"sameAs":["https:\/\/tuzlainfo.ba"]}]}},"_links":{"self":[{"href":"https:\/\/tuzlainfo.ba\/index.php\/wp-json\/wp\/v2\/posts\/293707"}],"collection":[{"href":"https:\/\/tuzlainfo.ba\/index.php\/wp-json\/wp\/v2\/posts"}],"about":[{"href":"https:\/\/tuzlainfo.ba\/index.php\/wp-json\/wp\/v2\/types\/post"}],"author":[{"embeddable":true,"href":"https:\/\/tuzlainfo.ba\/index.php\/wp-json\/wp\/v2\/users\/8"}],"replies":[{"embeddable":true,"href":"https:\/\/tuzlainfo.ba\/index.php\/wp-json\/wp\/v2\/comments?post=293707"}],"version-history":[{"count":1,"href":"https:\/\/tuzlainfo.ba\/index.php\/wp-json\/wp\/v2\/posts\/293707\/revisions"}],"predecessor-version":[{"id":293708,"href":"https:\/\/tuzlainfo.ba\/index.php\/wp-json\/wp\/v2\/posts\/293707\/revisions\/293708"}],"wp:featuredmedia":[{"embeddable":true,"href":"https:\/\/tuzlainfo.ba\/index.php\/wp-json\/wp\/v2\/media\/287275"}],"wp:attachment":[{"href":"https:\/\/tuzlainfo.ba\/index.php\/wp-json\/wp\/v2\/media?parent=293707"}],"wp:term":[{"taxonomy":"category","embeddable":true,"href":"https:\/\/tuzlainfo.ba\/index.php\/wp-json\/wp\/v2\/categories?post=293707"},{"taxonomy":"post_tag","embeddable":true,"href":"https:\/\/tuzlainfo.ba\/index.php\/wp-json\/wp\/v2\/tags?post=293707"}],"curies":[{"name":"wp","href":"https:\/\/api.w.org\/{rel}","templated":true}]}}