{"id":293673,"date":"2026-02-08T13:48:51","date_gmt":"2026-02-08T12:48:51","guid":{"rendered":"https:\/\/tuzlainfo.ba\/?p=293673"},"modified":"2026-02-06T13:43:15","modified_gmt":"2026-02-06T12:43:15","slug":"zabranjeno-pusenje-neustekani-stize-u-tuzlu-nakon-rasprodanih-regionalnih-koncerata","status":"publish","type":"post","link":"https:\/\/tuzlainfo.ba\/index.php\/najava-dogadaja-2\/item\/293673-zabranjeno-pusenje-neustekani-stize-u-tuzlu-nakon-rasprodanih-regionalnih-koncerata\/","title":{"rendered":"Zabranjeno pu\u0161enje Neu\u0161tekani sti\u017ee u Tuzlu nakon rasprodanih regionalnih koncerata"},"content":{"rendered":"<p>Zabranjeno pu\u0161enje Neu\u0161tekani dolazi u Tuzlu i Mostar nakon rasprodanih koncerata u Sarajevu, Ljubljani, Zagrebu, Beogradu, Zadru i Osijeku, a publiku o\u010dekuju nastupi u akusti\u010dnoj, unplugged postavi. Koncert u Tuzli zakazan je za 17. april 2026. godine u BKC-u, dok \u0107e mostarski nastup biti odr\u017ean 23. aprila u Hrvatskom domu Herceg Stjepan Kosa\u010da.<\/p>\n<p>Projekt Zabranjeno pu\u0161enje Neu\u0161tekani pokrenut je u godini kada je bend obilje\u017eio \u010detiri decenije od izlaska albuma \u201eDas Ist Walter\u201c, a ideja je bila da se u\u017eivo izvedu pjesme koje ranije nisu dobijale prostor na koncertnim set listama. Kako je ranije pojasnio Sejo Sexon, cilj je bio da se dio repertoara prvi put izvede pred publikom u druga\u010dijem, ogoljenijem muzi\u010dkom izrazu.<\/p>\n<p>Akusti\u010dna postava donosi intimniju atmosferu i druga\u010diji zvuk, uz kombinaciju poznatih pjesama i rje\u0111e izvo\u0111enih numera kao \u0161to su \u201ePismo Elvisu\u201c, \u201eLaku no\u0107, stari\u201c, \u201eArizona dream\u201c, \u201eNema vi\u0161e\u201c i \u201eKad dernek utihne\u201c. Publika \u0107e uz pjesme imati priliku \u010duti i pri\u010de o nastanku benda i okolnostima u kojima su nastajali pojedini hitovi.<\/p>\n<p>Prepoznatljive kompozicije poput \u201eDjevoj\u010dica kojima miri\u0161e ko\u017ea\u201c, \u201eFikreta\u201c i \u201eLijepe Alme\u201c u ovom projektu dobijaju novo muzi\u010dko ruho, sa naglaskom na aran\u017eman i interpretaciju, \u0161to je ve\u0107 izazvalo sna\u017ene reakcije publike na dosada\u0161njim rasprodanim nastupima.<\/p>\n<p>Ulaznice za Zabranjeno pu\u0161enje Neu\u0161tekani koncerte u Tuzli i Mostaru su u prodaji po cijenama od 40 i 50 KM putem servisa entrio.ba. U Tuzli se karte mogu kupiti i u CD shopu Mido, EXC mjenja\u010dnici u Mercatoru te na blagajni BKC-a, dok su u Mostaru dostupne na blagajni Hrvatskog doma Herceg Stjepan Kosa\u010da i u EXC mjenja\u010dnicama u Mepas Mallu i Retail Parku Plaza.<\/p>\n","protected":false},"excerpt":{"rendered":"<p>Zabranjeno pu\u0161enje Neu\u0161tekani dolazi u Tuzlu i Mostar nakon rasprodanih koncerata u Sarajevu, Ljubljani, Zagrebu,&hellip;<\/p>\n","protected":false},"author":8,"featured_media":293674,"comment_status":"closed","ping_status":"closed","sticky":false,"template":"","format":"standard","meta":{"_acf_changed":false,"footnotes":""},"categories":[11],"tags":[1597,5252],"acf":[],"yoast_head":"<!-- This site is optimized with the Yoast SEO plugin v23.5 - https:\/\/yoast.com\/wordpress\/plugins\/seo\/ -->\n<title>Zabranjeno pu\u0161enje Neu\u0161tekani sti\u017ee u Tuzlu nakon rasprodanih regionalnih koncerata - TuzlaInfo.ba<\/title>\n<meta name=\"robots\" content=\"index, follow, max-snippet:-1, max-image-preview:large, max-video-preview:-1\" \/>\n<link rel=\"canonical\" href=\"https:\/\/tuzlainfo.ba\/index.php\/najava-dogadaja-2\/item\/293673-zabranjeno-pusenje-neustekani-stize-u-tuzlu-nakon-rasprodanih-regionalnih-koncerata\/\" \/>\n<meta property=\"og:locale\" content=\"bs_BA\" \/>\n<meta property=\"og:type\" content=\"article\" \/>\n<meta property=\"og:title\" content=\"Zabranjeno pu\u0161enje Neu\u0161tekani sti\u017ee u Tuzlu nakon rasprodanih regionalnih koncerata - TuzlaInfo.ba\" \/>\n<meta property=\"og:description\" content=\"Zabranjeno pu\u0161enje Neu\u0161tekani dolazi u Tuzlu i Mostar nakon rasprodanih koncerata u Sarajevu, Ljubljani, Zagrebu,&hellip;\" \/>\n<meta property=\"og:url\" content=\"https:\/\/tuzlainfo.ba\/index.php\/najava-dogadaja-2\/item\/293673-zabranjeno-pusenje-neustekani-stize-u-tuzlu-nakon-rasprodanih-regionalnih-koncerata\/\" \/>\n<meta property=\"og:site_name\" content=\"TuzlaInfo.ba\" \/>\n<meta property=\"article:publisher\" content=\"https:\/\/www.facebook.com\/tuzlainfo.ba\/\" \/>\n<meta property=\"article:published_time\" content=\"2026-02-08T12:48:51+00:00\" \/>\n<meta property=\"article:modified_time\" content=\"2026-02-06T12:43:15+00:00\" \/>\n<meta property=\"og:image\" content=\"https:\/\/tuzlainfo.ba\/wp-content\/uploads\/2026\/02\/2024-Neustekani-foto-Sasa-Midzor-Sucic-Tomislav-Fiket-1-scaled.jpg\" \/>\n\t<meta property=\"og:image:width\" content=\"2560\" \/>\n\t<meta property=\"og:image:height\" content=\"1707\" \/>\n\t<meta property=\"og:image:type\" content=\"image\/jpeg\" \/>\n<meta name=\"author\" content=\"Admin Tri\" \/>\n<meta name=\"twitter:card\" content=\"summary_large_image\" \/>\n<meta name=\"twitter:label1\" content=\"Written by\" \/>\n\t<meta name=\"twitter:data1\" content=\"Admin Tri\" \/>\n\t<meta name=\"twitter:label2\" content=\"Est. reading time\" \/>\n\t<meta name=\"twitter:data2\" content=\"2 minute\" \/>\n<script type=\"application\/ld+json\" class=\"yoast-schema-graph\">{\"@context\":\"https:\/\/schema.org\",\"@graph\":[{\"@type\":\"Article\",\"@id\":\"https:\/\/tuzlainfo.ba\/index.php\/najava-dogadaja-2\/item\/293673-zabranjeno-pusenje-neustekani-stize-u-tuzlu-nakon-rasprodanih-regionalnih-koncerata\/#article\",\"isPartOf\":{\"@id\":\"https:\/\/tuzlainfo.ba\/index.php\/najava-dogadaja-2\/item\/293673-zabranjeno-pusenje-neustekani-stize-u-tuzlu-nakon-rasprodanih-regionalnih-koncerata\/\"},\"author\":{\"name\":\"Admin Tri\",\"@id\":\"https:\/\/tuzlainfo.ba\/#\/schema\/person\/593e78a2f6378c5ba3e7600ecfa4e63a\"},\"headline\":\"Zabranjeno pu\u0161enje Neu\u0161tekani sti\u017ee u Tuzlu nakon rasprodanih regionalnih koncerata\",\"datePublished\":\"2026-02-08T12:48:51+00:00\",\"dateModified\":\"2026-02-06T12:43:15+00:00\",\"mainEntityOfPage\":{\"@id\":\"https:\/\/tuzlainfo.ba\/index.php\/najava-dogadaja-2\/item\/293673-zabranjeno-pusenje-neustekani-stize-u-tuzlu-nakon-rasprodanih-regionalnih-koncerata\/\"},\"wordCount\":305,\"publisher\":{\"@id\":\"https:\/\/tuzlainfo.ba\/#organization\"},\"image\":{\"@id\":\"https:\/\/tuzlainfo.ba\/index.php\/najava-dogadaja-2\/item\/293673-zabranjeno-pusenje-neustekani-stize-u-tuzlu-nakon-rasprodanih-regionalnih-koncerata\/#primaryimage\"},\"thumbnailUrl\":\"https:\/\/tuzlainfo.ba\/wp-content\/uploads\/2026\/02\/2024-Neustekani-foto-Sasa-Midzor-Sucic-Tomislav-Fiket-1-scaled.jpg\",\"keywords\":[\"koncert\",\"Zabranjeno pu\u0161enje\"],\"articleSection\":[\"Najave i doga\u0111aji\"],\"inLanguage\":\"bs-BA\"},{\"@type\":\"WebPage\",\"@id\":\"https:\/\/tuzlainfo.ba\/index.php\/najava-dogadaja-2\/item\/293673-zabranjeno-pusenje-neustekani-stize-u-tuzlu-nakon-rasprodanih-regionalnih-koncerata\/\",\"url\":\"https:\/\/tuzlainfo.ba\/index.php\/najava-dogadaja-2\/item\/293673-zabranjeno-pusenje-neustekani-stize-u-tuzlu-nakon-rasprodanih-regionalnih-koncerata\/\",\"name\":\"Zabranjeno pu\u0161enje Neu\u0161tekani sti\u017ee u Tuzlu nakon rasprodanih regionalnih koncerata - TuzlaInfo.ba\",\"isPartOf\":{\"@id\":\"https:\/\/tuzlainfo.ba\/#website\"},\"primaryImageOfPage\":{\"@id\":\"https:\/\/tuzlainfo.ba\/index.php\/najava-dogadaja-2\/item\/293673-zabranjeno-pusenje-neustekani-stize-u-tuzlu-nakon-rasprodanih-regionalnih-koncerata\/#primaryimage\"},\"image\":{\"@id\":\"https:\/\/tuzlainfo.ba\/index.php\/najava-dogadaja-2\/item\/293673-zabranjeno-pusenje-neustekani-stize-u-tuzlu-nakon-rasprodanih-regionalnih-koncerata\/#primaryimage\"},\"thumbnailUrl\":\"https:\/\/tuzlainfo.ba\/wp-content\/uploads\/2026\/02\/2024-Neustekani-foto-Sasa-Midzor-Sucic-Tomislav-Fiket-1-scaled.jpg\",\"datePublished\":\"2026-02-08T12:48:51+00:00\",\"dateModified\":\"2026-02-06T12:43:15+00:00\",\"breadcrumb\":{\"@id\":\"https:\/\/tuzlainfo.ba\/index.php\/najava-dogadaja-2\/item\/293673-zabranjeno-pusenje-neustekani-stize-u-tuzlu-nakon-rasprodanih-regionalnih-koncerata\/#breadcrumb\"},\"inLanguage\":\"bs-BA\",\"potentialAction\":[{\"@type\":\"ReadAction\",\"target\":[\"https:\/\/tuzlainfo.ba\/index.php\/najava-dogadaja-2\/item\/293673-zabranjeno-pusenje-neustekani-stize-u-tuzlu-nakon-rasprodanih-regionalnih-koncerata\/\"]}]},{\"@type\":\"ImageObject\",\"inLanguage\":\"bs-BA\",\"@id\":\"https:\/\/tuzlainfo.ba\/index.php\/najava-dogadaja-2\/item\/293673-zabranjeno-pusenje-neustekani-stize-u-tuzlu-nakon-rasprodanih-regionalnih-koncerata\/#primaryimage\",\"url\":\"https:\/\/tuzlainfo.ba\/wp-content\/uploads\/2026\/02\/2024-Neustekani-foto-Sasa-Midzor-Sucic-Tomislav-Fiket-1-scaled.jpg\",\"contentUrl\":\"https:\/\/tuzlainfo.ba\/wp-content\/uploads\/2026\/02\/2024-Neustekani-foto-Sasa-Midzor-Sucic-Tomislav-Fiket-1-scaled.jpg\",\"width\":2560,\"height\":1707,\"caption\":\"Foto: Zabranjeno pu\u0161enje\"},{\"@type\":\"BreadcrumbList\",\"@id\":\"https:\/\/tuzlainfo.ba\/index.php\/najava-dogadaja-2\/item\/293673-zabranjeno-pusenje-neustekani-stize-u-tuzlu-nakon-rasprodanih-regionalnih-koncerata\/#breadcrumb\",\"itemListElement\":[{\"@type\":\"ListItem\",\"position\":1,\"name\":\"Home\",\"item\":\"https:\/\/tuzlainfo.ba\/\"},{\"@type\":\"ListItem\",\"position\":2,\"name\":\"Zabranjeno pu\u0161enje Neu\u0161tekani sti\u017ee u Tuzlu nakon rasprodanih regionalnih koncerata\"}]},{\"@type\":\"WebSite\",\"@id\":\"https:\/\/tuzlainfo.ba\/#website\",\"url\":\"https:\/\/tuzlainfo.ba\/\",\"name\":\"TuzlaInfo.ba\",\"description\":\"Tuzla info, gradski informator - Tuzla na dlanu\",\"publisher\":{\"@id\":\"https:\/\/tuzlainfo.ba\/#organization\"},\"potentialAction\":[{\"@type\":\"SearchAction\",\"target\":{\"@type\":\"EntryPoint\",\"urlTemplate\":\"https:\/\/tuzlainfo.ba\/?s={search_term_string}\"},\"query-input\":{\"@type\":\"PropertyValueSpecification\",\"valueRequired\":true,\"valueName\":\"search_term_string\"}}],\"inLanguage\":\"bs-BA\"},{\"@type\":\"Organization\",\"@id\":\"https:\/\/tuzlainfo.ba\/#organization\",\"name\":\"TuzlaInfo.ba\",\"url\":\"https:\/\/tuzlainfo.ba\/\",\"logo\":{\"@type\":\"ImageObject\",\"inLanguage\":\"bs-BA\",\"@id\":\"https:\/\/tuzlainfo.ba\/#\/schema\/logo\/image\/\",\"url\":\"https:\/\/tuzlainfo.ba\/wp-content\/uploads\/2021\/03\/logo-ver-3-1.png\",\"contentUrl\":\"https:\/\/tuzlainfo.ba\/wp-content\/uploads\/2021\/03\/logo-ver-3-1.png\",\"width\":350,\"height\":95,\"caption\":\"TuzlaInfo.ba\"},\"image\":{\"@id\":\"https:\/\/tuzlainfo.ba\/#\/schema\/logo\/image\/\"},\"sameAs\":[\"https:\/\/www.facebook.com\/tuzlainfo.ba\/\"]},{\"@type\":\"Person\",\"@id\":\"https:\/\/tuzlainfo.ba\/#\/schema\/person\/593e78a2f6378c5ba3e7600ecfa4e63a\",\"name\":\"Admin Tri\",\"image\":{\"@type\":\"ImageObject\",\"inLanguage\":\"bs-BA\",\"@id\":\"https:\/\/tuzlainfo.ba\/#\/schema\/person\/image\/\",\"url\":\"https:\/\/tuzlainfo.ba\/wp-content\/litespeed\/avatar\/b7920db4cc34a71ad12497283ad2fe3f.jpg?ver=1777100914\",\"contentUrl\":\"https:\/\/tuzlainfo.ba\/wp-content\/litespeed\/avatar\/b7920db4cc34a71ad12497283ad2fe3f.jpg?ver=1777100914\",\"caption\":\"Admin Tri\"},\"sameAs\":[\"https:\/\/tuzlainfo.ba\"]}]}<\/script>\n<!-- \/ Yoast SEO plugin. -->","yoast_head_json":{"title":"Zabranjeno pu\u0161enje Neu\u0161tekani sti\u017ee u Tuzlu nakon rasprodanih regionalnih koncerata - TuzlaInfo.ba","robots":{"index":"index","follow":"follow","max-snippet":"max-snippet:-1","max-image-preview":"max-image-preview:large","max-video-preview":"max-video-preview:-1"},"canonical":"https:\/\/tuzlainfo.ba\/index.php\/najava-dogadaja-2\/item\/293673-zabranjeno-pusenje-neustekani-stize-u-tuzlu-nakon-rasprodanih-regionalnih-koncerata\/","og_locale":"bs_BA","og_type":"article","og_title":"Zabranjeno pu\u0161enje Neu\u0161tekani sti\u017ee u Tuzlu nakon rasprodanih regionalnih koncerata - TuzlaInfo.ba","og_description":"Zabranjeno pu\u0161enje Neu\u0161tekani dolazi u Tuzlu i Mostar nakon rasprodanih koncerata u Sarajevu, Ljubljani, Zagrebu,&hellip;","og_url":"https:\/\/tuzlainfo.ba\/index.php\/najava-dogadaja-2\/item\/293673-zabranjeno-pusenje-neustekani-stize-u-tuzlu-nakon-rasprodanih-regionalnih-koncerata\/","og_site_name":"TuzlaInfo.ba","article_publisher":"https:\/\/www.facebook.com\/tuzlainfo.ba\/","article_published_time":"2026-02-08T12:48:51+00:00","article_modified_time":"2026-02-06T12:43:15+00:00","og_image":[{"width":2560,"height":1707,"url":"https:\/\/tuzlainfo.ba\/wp-content\/uploads\/2026\/02\/2024-Neustekani-foto-Sasa-Midzor-Sucic-Tomislav-Fiket-1-scaled.jpg","type":"image\/jpeg"}],"author":"Admin Tri","twitter_card":"summary_large_image","twitter_misc":{"Written by":"Admin Tri","Est. reading time":"2 minute"},"schema":{"@context":"https:\/\/schema.org","@graph":[{"@type":"Article","@id":"https:\/\/tuzlainfo.ba\/index.php\/najava-dogadaja-2\/item\/293673-zabranjeno-pusenje-neustekani-stize-u-tuzlu-nakon-rasprodanih-regionalnih-koncerata\/#article","isPartOf":{"@id":"https:\/\/tuzlainfo.ba\/index.php\/najava-dogadaja-2\/item\/293673-zabranjeno-pusenje-neustekani-stize-u-tuzlu-nakon-rasprodanih-regionalnih-koncerata\/"},"author":{"name":"Admin Tri","@id":"https:\/\/tuzlainfo.ba\/#\/schema\/person\/593e78a2f6378c5ba3e7600ecfa4e63a"},"headline":"Zabranjeno pu\u0161enje Neu\u0161tekani sti\u017ee u Tuzlu nakon rasprodanih regionalnih koncerata","datePublished":"2026-02-08T12:48:51+00:00","dateModified":"2026-02-06T12:43:15+00:00","mainEntityOfPage":{"@id":"https:\/\/tuzlainfo.ba\/index.php\/najava-dogadaja-2\/item\/293673-zabranjeno-pusenje-neustekani-stize-u-tuzlu-nakon-rasprodanih-regionalnih-koncerata\/"},"wordCount":305,"publisher":{"@id":"https:\/\/tuzlainfo.ba\/#organization"},"image":{"@id":"https:\/\/tuzlainfo.ba\/index.php\/najava-dogadaja-2\/item\/293673-zabranjeno-pusenje-neustekani-stize-u-tuzlu-nakon-rasprodanih-regionalnih-koncerata\/#primaryimage"},"thumbnailUrl":"https:\/\/tuzlainfo.ba\/wp-content\/uploads\/2026\/02\/2024-Neustekani-foto-Sasa-Midzor-Sucic-Tomislav-Fiket-1-scaled.jpg","keywords":["koncert","Zabranjeno pu\u0161enje"],"articleSection":["Najave i doga\u0111aji"],"inLanguage":"bs-BA"},{"@type":"WebPage","@id":"https:\/\/tuzlainfo.ba\/index.php\/najava-dogadaja-2\/item\/293673-zabranjeno-pusenje-neustekani-stize-u-tuzlu-nakon-rasprodanih-regionalnih-koncerata\/","url":"https:\/\/tuzlainfo.ba\/index.php\/najava-dogadaja-2\/item\/293673-zabranjeno-pusenje-neustekani-stize-u-tuzlu-nakon-rasprodanih-regionalnih-koncerata\/","name":"Zabranjeno pu\u0161enje Neu\u0161tekani sti\u017ee u Tuzlu nakon rasprodanih regionalnih koncerata - TuzlaInfo.ba","isPartOf":{"@id":"https:\/\/tuzlainfo.ba\/#website"},"primaryImageOfPage":{"@id":"https:\/\/tuzlainfo.ba\/index.php\/najava-dogadaja-2\/item\/293673-zabranjeno-pusenje-neustekani-stize-u-tuzlu-nakon-rasprodanih-regionalnih-koncerata\/#primaryimage"},"image":{"@id":"https:\/\/tuzlainfo.ba\/index.php\/najava-dogadaja-2\/item\/293673-zabranjeno-pusenje-neustekani-stize-u-tuzlu-nakon-rasprodanih-regionalnih-koncerata\/#primaryimage"},"thumbnailUrl":"https:\/\/tuzlainfo.ba\/wp-content\/uploads\/2026\/02\/2024-Neustekani-foto-Sasa-Midzor-Sucic-Tomislav-Fiket-1-scaled.jpg","datePublished":"2026-02-08T12:48:51+00:00","dateModified":"2026-02-06T12:43:15+00:00","breadcrumb":{"@id":"https:\/\/tuzlainfo.ba\/index.php\/najava-dogadaja-2\/item\/293673-zabranjeno-pusenje-neustekani-stize-u-tuzlu-nakon-rasprodanih-regionalnih-koncerata\/#breadcrumb"},"inLanguage":"bs-BA","potentialAction":[{"@type":"ReadAction","target":["https:\/\/tuzlainfo.ba\/index.php\/najava-dogadaja-2\/item\/293673-zabranjeno-pusenje-neustekani-stize-u-tuzlu-nakon-rasprodanih-regionalnih-koncerata\/"]}]},{"@type":"ImageObject","inLanguage":"bs-BA","@id":"https:\/\/tuzlainfo.ba\/index.php\/najava-dogadaja-2\/item\/293673-zabranjeno-pusenje-neustekani-stize-u-tuzlu-nakon-rasprodanih-regionalnih-koncerata\/#primaryimage","url":"https:\/\/tuzlainfo.ba\/wp-content\/uploads\/2026\/02\/2024-Neustekani-foto-Sasa-Midzor-Sucic-Tomislav-Fiket-1-scaled.jpg","contentUrl":"https:\/\/tuzlainfo.ba\/wp-content\/uploads\/2026\/02\/2024-Neustekani-foto-Sasa-Midzor-Sucic-Tomislav-Fiket-1-scaled.jpg","width":2560,"height":1707,"caption":"Foto: Zabranjeno pu\u0161enje"},{"@type":"BreadcrumbList","@id":"https:\/\/tuzlainfo.ba\/index.php\/najava-dogadaja-2\/item\/293673-zabranjeno-pusenje-neustekani-stize-u-tuzlu-nakon-rasprodanih-regionalnih-koncerata\/#breadcrumb","itemListElement":[{"@type":"ListItem","position":1,"name":"Home","item":"https:\/\/tuzlainfo.ba\/"},{"@type":"ListItem","position":2,"name":"Zabranjeno pu\u0161enje Neu\u0161tekani sti\u017ee u Tuzlu nakon rasprodanih regionalnih koncerata"}]},{"@type":"WebSite","@id":"https:\/\/tuzlainfo.ba\/#website","url":"https:\/\/tuzlainfo.ba\/","name":"TuzlaInfo.ba","description":"Tuzla info, gradski informator - Tuzla na dlanu","publisher":{"@id":"https:\/\/tuzlainfo.ba\/#organization"},"potentialAction":[{"@type":"SearchAction","target":{"@type":"EntryPoint","urlTemplate":"https:\/\/tuzlainfo.ba\/?s={search_term_string}"},"query-input":{"@type":"PropertyValueSpecification","valueRequired":true,"valueName":"search_term_string"}}],"inLanguage":"bs-BA"},{"@type":"Organization","@id":"https:\/\/tuzlainfo.ba\/#organization","name":"TuzlaInfo.ba","url":"https:\/\/tuzlainfo.ba\/","logo":{"@type":"ImageObject","inLanguage":"bs-BA","@id":"https:\/\/tuzlainfo.ba\/#\/schema\/logo\/image\/","url":"https:\/\/tuzlainfo.ba\/wp-content\/uploads\/2021\/03\/logo-ver-3-1.png","contentUrl":"https:\/\/tuzlainfo.ba\/wp-content\/uploads\/2021\/03\/logo-ver-3-1.png","width":350,"height":95,"caption":"TuzlaInfo.ba"},"image":{"@id":"https:\/\/tuzlainfo.ba\/#\/schema\/logo\/image\/"},"sameAs":["https:\/\/www.facebook.com\/tuzlainfo.ba\/"]},{"@type":"Person","@id":"https:\/\/tuzlainfo.ba\/#\/schema\/person\/593e78a2f6378c5ba3e7600ecfa4e63a","name":"Admin Tri","image":{"@type":"ImageObject","inLanguage":"bs-BA","@id":"https:\/\/tuzlainfo.ba\/#\/schema\/person\/image\/","url":"https:\/\/tuzlainfo.ba\/wp-content\/litespeed\/avatar\/b7920db4cc34a71ad12497283ad2fe3f.jpg?ver=1777100914","contentUrl":"https:\/\/tuzlainfo.ba\/wp-content\/litespeed\/avatar\/b7920db4cc34a71ad12497283ad2fe3f.jpg?ver=1777100914","caption":"Admin Tri"},"sameAs":["https:\/\/tuzlainfo.ba"]}]}},"_links":{"self":[{"href":"https:\/\/tuzlainfo.ba\/index.php\/wp-json\/wp\/v2\/posts\/293673"}],"collection":[{"href":"https:\/\/tuzlainfo.ba\/index.php\/wp-json\/wp\/v2\/posts"}],"about":[{"href":"https:\/\/tuzlainfo.ba\/index.php\/wp-json\/wp\/v2\/types\/post"}],"author":[{"embeddable":true,"href":"https:\/\/tuzlainfo.ba\/index.php\/wp-json\/wp\/v2\/users\/8"}],"replies":[{"embeddable":true,"href":"https:\/\/tuzlainfo.ba\/index.php\/wp-json\/wp\/v2\/comments?post=293673"}],"version-history":[{"count":1,"href":"https:\/\/tuzlainfo.ba\/index.php\/wp-json\/wp\/v2\/posts\/293673\/revisions"}],"predecessor-version":[{"id":293675,"href":"https:\/\/tuzlainfo.ba\/index.php\/wp-json\/wp\/v2\/posts\/293673\/revisions\/293675"}],"wp:featuredmedia":[{"embeddable":true,"href":"https:\/\/tuzlainfo.ba\/index.php\/wp-json\/wp\/v2\/media\/293674"}],"wp:attachment":[{"href":"https:\/\/tuzlainfo.ba\/index.php\/wp-json\/wp\/v2\/media?parent=293673"}],"wp:term":[{"taxonomy":"category","embeddable":true,"href":"https:\/\/tuzlainfo.ba\/index.php\/wp-json\/wp\/v2\/categories?post=293673"},{"taxonomy":"post_tag","embeddable":true,"href":"https:\/\/tuzlainfo.ba\/index.php\/wp-json\/wp\/v2\/tags?post=293673"}],"curies":[{"name":"wp","href":"https:\/\/api.w.org\/{rel}","templated":true}]}}