{"id":293457,"date":"2026-02-03T13:00:01","date_gmt":"2026-02-03T12:00:01","guid":{"rendered":"https:\/\/tuzlainfo.ba\/?p=293457"},"modified":"2026-02-03T12:22:34","modified_gmt":"2026-02-03T11:22:34","slug":"odredjeni-iznosi-vlada-tk-odobrila-jednokratne-novcane-pomoci-socijalno-ugrozenima","status":"publish","type":"post","link":"https:\/\/tuzlainfo.ba\/index.php\/novosti\/item\/293457-odredjeni-iznosi-vlada-tk-odobrila-jednokratne-novcane-pomoci-socijalno-ugrozenima\/","title":{"rendered":"Odre\u0111eni iznosi: Vlada TK odobrila jednokratne nov\u010dane pomo\u0107i socijalno ugro\u017eenima"},"content":{"rendered":"<div class=\"flex flex-col text-sm pb-25\">\n<article class=\"text-token-text-primary w-full focus:outline-none [--shadow-height:45px] has-data-writing-block:pointer-events-none has-data-writing-block:-mt-(--shadow-height) has-data-writing-block:pt-(--shadow-height) [&amp;:has([data-writing-block])&gt;*]:pointer-events-auto scroll-mt-[calc(var(--header-height)+min(200px,max(70px,20svh)))]\" dir=\"auto\" tabindex=\"-1\" data-turn-id=\"request-6964b167-4608-8333-94d3-817394940a5c-5\" data-testid=\"conversation-turn-314\" data-scroll-anchor=\"true\" data-turn=\"assistant\">\n<div class=\"text-base my-auto mx-auto pb-10 [--thread-content-margin:--spacing(4)] @w-sm\/main:[--thread-content-margin:--spacing(6)] @w-lg\/main:[--thread-content-margin:--spacing(16)] px-(--thread-content-margin)\">\n<div class=\"[--thread-content-max-width:40rem] @w-lg\/main:[--thread-content-max-width:48rem] mx-auto max-w-(--thread-content-max-width) flex-1 group\/turn-messages focus-visible:outline-hidden relative flex w-full min-w-0 flex-col agent-turn\" tabindex=\"-1\">\n<div class=\"flex max-w-full flex-col grow\">\n<div class=\"min-h-8 text-message relative flex w-full flex-col items-end gap-2 text-start break-words whitespace-normal [.text-message+&amp;]:mt-1\" dir=\"auto\" data-message-author-role=\"assistant\" data-message-id=\"55e8104b-86ab-4214-bfc0-c95c31f17a53\" data-message-model-slug=\"gpt-5-2\">\n<div class=\"flex w-full flex-col gap-1 empty:hidden first:pt-[1px]\">\n<div class=\"markdown prose dark:prose-invert w-full wrap-break-word light markdown-new-styling\">\n<p data-start=\"84\" data-end=\"303\">Vlada Tuzlanskog kantona dala je saglasnost na Program raspodjele sredstava jednokratnih nov\u010danih pomo\u0107i za 2026. godinu, \u010dime je nastavljen fokus na brigu o socijalno najugro\u017eenijim kategorijama stanovni\u0161tva u kantonu.<\/p>\n<p data-start=\"305\" data-end=\"530\">Za ovaj oblik socijalne za\u0161tite Bud\u017eetom Tuzlanskog kantona za 2026. godinu planiran je iznos od <strong data-start=\"402\" data-end=\"434\">milion konvertibilnih maraka<\/strong>, a sredstva \u0107e biti raspore\u0111ena putem centara za socijalni rad u svih 13 lokalnih zajednica TK.<\/p>\n<p data-start=\"532\" data-end=\"893\">Raspodjela sredstava izvr\u0161ena je na osnovu vi\u0161e kriterija, me\u0111u kojima su broj stanovnika prema popisu iz 2013. godine, broj nezaposlenih u novembru 2025. godine, broj korisnika stalne i jednokratne nov\u010dane pomo\u0107i tokom 2025. godine, broj korisnika nov\u010dane pomo\u0107i osobama sa smetnjama u razvoju i oboljenjima, kao i broj penzionera koji primaju najni\u017eu penziju.<\/p>\n<p data-start=\"895\" data-end=\"1267\">Na osnovu ovih pokazatelja, najvi\u0161e sredstava odobreno je za <strong data-start=\"956\" data-end=\"978\">Tuzlu \u2013 211.000 KM<\/strong>, dok su ostali iznosi raspore\u0111eni kako slijedi: <strong data-start=\"1027\" data-end=\"1266\">\u017divinice 120.000 KM, Lukavac 96.000 KM, Gra\u010danica 90.000 KM, Grada\u010dac 85.000 KM, Srebrenik 84.000 KM, Kalesija 76.000 KM, Banovi\u0107i 65.000 KM, Kladanj 42.000 KM, \u010celi\u0107 36.000 KM, Sapna 35.000 KM, Doboj Istok 32.000 KM i Teo\u010dak 28.000 KM<\/strong>.<\/p>\n<p data-start=\"1269\" data-end=\"1496\" data-is-last-node=\"\" data-is-only-node=\"\">Iz Vlade TK isti\u010du da je cilj programa omogu\u0107iti brzu i efikasnu pomo\u0107 gra\u0111anima koji se na\u0111u u stanju socijalne potrebe, te osigurati ravnomjernu i pravednu raspodjelu sredstava u skladu s realnim potrebama lokalnih zajednica.<\/p>\n<\/div>\n<\/div>\n<\/div>\n<\/div>\n<div class=\"z-0 flex min-h-[46px] justify-start\"><\/div>\n<div class=\"mt-3 w-full empty:hidden\">\n<div class=\"text-center\"><\/div>\n<\/div>\n<\/div>\n<\/div>\n<\/article>\n<\/div>\n<div class=\"pointer-events-none h-px w-px absolute bottom-0\" aria-hidden=\"true\" data-edge=\"true\"><\/div>\n","protected":false},"excerpt":{"rendered":"<p>Vlada Tuzlanskog kantona dala je saglasnost na Program raspodjele sredstava jednokratnih nov\u010danih pomo\u0107i za 2026.&hellip;<\/p>\n","protected":false},"author":2,"featured_media":63456,"comment_status":"closed","ping_status":"closed","sticky":false,"template":"","format":"standard","meta":{"_acf_changed":false,"footnotes":""},"categories":[304,12],"tags":[2054,360],"acf":[],"yoast_head":"<!-- This site is optimized with the Yoast SEO plugin v23.5 - https:\/\/yoast.com\/wordpress\/plugins\/seo\/ -->\n<title>Odre\u0111eni iznosi: Vlada TK odobrila jednokratne nov\u010dane pomo\u0107i socijalno ugro\u017eenima - TuzlaInfo.ba<\/title>\n<meta name=\"robots\" content=\"index, follow, max-snippet:-1, max-image-preview:large, max-video-preview:-1\" \/>\n<link rel=\"canonical\" href=\"https:\/\/tuzlainfo.ba\/index.php\/novosti\/item\/293457-odredjeni-iznosi-vlada-tk-odobrila-jednokratne-novcane-pomoci-socijalno-ugrozenima\/\" \/>\n<meta property=\"og:locale\" content=\"bs_BA\" \/>\n<meta property=\"og:type\" content=\"article\" \/>\n<meta property=\"og:title\" content=\"Odre\u0111eni iznosi: Vlada TK odobrila jednokratne nov\u010dane pomo\u0107i socijalno ugro\u017eenima - TuzlaInfo.ba\" \/>\n<meta property=\"og:description\" content=\"Vlada Tuzlanskog kantona dala je saglasnost na Program raspodjele sredstava jednokratnih nov\u010danih pomo\u0107i za 2026.&hellip;\" \/>\n<meta property=\"og:url\" content=\"https:\/\/tuzlainfo.ba\/index.php\/novosti\/item\/293457-odredjeni-iznosi-vlada-tk-odobrila-jednokratne-novcane-pomoci-socijalno-ugrozenima\/\" \/>\n<meta property=\"og:site_name\" content=\"TuzlaInfo.ba\" \/>\n<meta property=\"article:publisher\" content=\"https:\/\/www.facebook.com\/tuzlainfo.ba\/\" \/>\n<meta property=\"article:published_time\" content=\"2026-02-03T12:00:01+00:00\" \/>\n<meta property=\"article:modified_time\" content=\"2026-02-03T11:22:34+00:00\" \/>\n<meta property=\"og:image\" content=\"https:\/\/tuzlainfo.ba\/wp-content\/uploads\/2018\/08\/sadrzaj_2018_20180801_1608_novac.jpg\" \/>\n\t<meta property=\"og:image:width\" content=\"770\" \/>\n\t<meta property=\"og:image:height\" content=\"513\" \/>\n\t<meta property=\"og:image:type\" content=\"image\/jpeg\" \/>\n<meta name=\"author\" content=\"nedim\" \/>\n<meta name=\"twitter:card\" content=\"summary_large_image\" \/>\n<meta name=\"twitter:label1\" content=\"Written by\" \/>\n\t<meta name=\"twitter:data1\" content=\"nedim\" \/>\n\t<meta name=\"twitter:label2\" content=\"Est. reading time\" \/>\n\t<meta name=\"twitter:data2\" content=\"2 minute\" \/>\n<script type=\"application\/ld+json\" class=\"yoast-schema-graph\">{\"@context\":\"https:\/\/schema.org\",\"@graph\":[{\"@type\":\"Article\",\"@id\":\"https:\/\/tuzlainfo.ba\/index.php\/novosti\/item\/293457-odredjeni-iznosi-vlada-tk-odobrila-jednokratne-novcane-pomoci-socijalno-ugrozenima\/#article\",\"isPartOf\":{\"@id\":\"https:\/\/tuzlainfo.ba\/index.php\/novosti\/item\/293457-odredjeni-iznosi-vlada-tk-odobrila-jednokratne-novcane-pomoci-socijalno-ugrozenima\/\"},\"author\":{\"name\":\"nedim\",\"@id\":\"https:\/\/tuzlainfo.ba\/#\/schema\/person\/f434e20dc27ea133923aab08451b7f7f\"},\"headline\":\"Odre\u0111eni iznosi: Vlada TK odobrila jednokratne nov\u010dane pomo\u0107i socijalno ugro\u017eenima\",\"datePublished\":\"2026-02-03T12:00:01+00:00\",\"dateModified\":\"2026-02-03T11:22:34+00:00\",\"mainEntityOfPage\":{\"@id\":\"https:\/\/tuzlainfo.ba\/index.php\/novosti\/item\/293457-odredjeni-iznosi-vlada-tk-odobrila-jednokratne-novcane-pomoci-socijalno-ugrozenima\/\"},\"wordCount\":228,\"publisher\":{\"@id\":\"https:\/\/tuzlainfo.ba\/#organization\"},\"image\":{\"@id\":\"https:\/\/tuzlainfo.ba\/index.php\/novosti\/item\/293457-odredjeni-iznosi-vlada-tk-odobrila-jednokratne-novcane-pomoci-socijalno-ugrozenima\/#primaryimage\"},\"thumbnailUrl\":\"https:\/\/tuzlainfo.ba\/wp-content\/uploads\/2018\/08\/sadrzaj_2018_20180801_1608_novac.jpg\",\"keywords\":[\"jednokratna pomo\u0107\",\"tuzlanski kanton\"],\"articleSection\":[\"Istaknuto\",\"Novosti\"],\"inLanguage\":\"bs-BA\"},{\"@type\":\"WebPage\",\"@id\":\"https:\/\/tuzlainfo.ba\/index.php\/novosti\/item\/293457-odredjeni-iznosi-vlada-tk-odobrila-jednokratne-novcane-pomoci-socijalno-ugrozenima\/\",\"url\":\"https:\/\/tuzlainfo.ba\/index.php\/novosti\/item\/293457-odredjeni-iznosi-vlada-tk-odobrila-jednokratne-novcane-pomoci-socijalno-ugrozenima\/\",\"name\":\"Odre\u0111eni iznosi: Vlada TK odobrila jednokratne nov\u010dane pomo\u0107i socijalno ugro\u017eenima - TuzlaInfo.ba\",\"isPartOf\":{\"@id\":\"https:\/\/tuzlainfo.ba\/#website\"},\"primaryImageOfPage\":{\"@id\":\"https:\/\/tuzlainfo.ba\/index.php\/novosti\/item\/293457-odredjeni-iznosi-vlada-tk-odobrila-jednokratne-novcane-pomoci-socijalno-ugrozenima\/#primaryimage\"},\"image\":{\"@id\":\"https:\/\/tuzlainfo.ba\/index.php\/novosti\/item\/293457-odredjeni-iznosi-vlada-tk-odobrila-jednokratne-novcane-pomoci-socijalno-ugrozenima\/#primaryimage\"},\"thumbnailUrl\":\"https:\/\/tuzlainfo.ba\/wp-content\/uploads\/2018\/08\/sadrzaj_2018_20180801_1608_novac.jpg\",\"datePublished\":\"2026-02-03T12:00:01+00:00\",\"dateModified\":\"2026-02-03T11:22:34+00:00\",\"breadcrumb\":{\"@id\":\"https:\/\/tuzlainfo.ba\/index.php\/novosti\/item\/293457-odredjeni-iznosi-vlada-tk-odobrila-jednokratne-novcane-pomoci-socijalno-ugrozenima\/#breadcrumb\"},\"inLanguage\":\"bs-BA\",\"potentialAction\":[{\"@type\":\"ReadAction\",\"target\":[\"https:\/\/tuzlainfo.ba\/index.php\/novosti\/item\/293457-odredjeni-iznosi-vlada-tk-odobrila-jednokratne-novcane-pomoci-socijalno-ugrozenima\/\"]}]},{\"@type\":\"ImageObject\",\"inLanguage\":\"bs-BA\",\"@id\":\"https:\/\/tuzlainfo.ba\/index.php\/novosti\/item\/293457-odredjeni-iznosi-vlada-tk-odobrila-jednokratne-novcane-pomoci-socijalno-ugrozenima\/#primaryimage\",\"url\":\"https:\/\/tuzlainfo.ba\/wp-content\/uploads\/2018\/08\/sadrzaj_2018_20180801_1608_novac.jpg\",\"contentUrl\":\"https:\/\/tuzlainfo.ba\/wp-content\/uploads\/2018\/08\/sadrzaj_2018_20180801_1608_novac.jpg\",\"width\":770,\"height\":513,\"caption\":\"1608 novac\"},{\"@type\":\"BreadcrumbList\",\"@id\":\"https:\/\/tuzlainfo.ba\/index.php\/novosti\/item\/293457-odredjeni-iznosi-vlada-tk-odobrila-jednokratne-novcane-pomoci-socijalno-ugrozenima\/#breadcrumb\",\"itemListElement\":[{\"@type\":\"ListItem\",\"position\":1,\"name\":\"Home\",\"item\":\"https:\/\/tuzlainfo.ba\/\"},{\"@type\":\"ListItem\",\"position\":2,\"name\":\"Odre\u0111eni iznosi: Vlada TK odobrila jednokratne nov\u010dane pomo\u0107i socijalno ugro\u017eenima\"}]},{\"@type\":\"WebSite\",\"@id\":\"https:\/\/tuzlainfo.ba\/#website\",\"url\":\"https:\/\/tuzlainfo.ba\/\",\"name\":\"TuzlaInfo.ba\",\"description\":\"Tuzla info, gradski informator - Tuzla na dlanu\",\"publisher\":{\"@id\":\"https:\/\/tuzlainfo.ba\/#organization\"},\"potentialAction\":[{\"@type\":\"SearchAction\",\"target\":{\"@type\":\"EntryPoint\",\"urlTemplate\":\"https:\/\/tuzlainfo.ba\/?s={search_term_string}\"},\"query-input\":{\"@type\":\"PropertyValueSpecification\",\"valueRequired\":true,\"valueName\":\"search_term_string\"}}],\"inLanguage\":\"bs-BA\"},{\"@type\":\"Organization\",\"@id\":\"https:\/\/tuzlainfo.ba\/#organization\",\"name\":\"TuzlaInfo.ba\",\"url\":\"https:\/\/tuzlainfo.ba\/\",\"logo\":{\"@type\":\"ImageObject\",\"inLanguage\":\"bs-BA\",\"@id\":\"https:\/\/tuzlainfo.ba\/#\/schema\/logo\/image\/\",\"url\":\"https:\/\/tuzlainfo.ba\/wp-content\/uploads\/2021\/03\/logo-ver-3-1.png\",\"contentUrl\":\"https:\/\/tuzlainfo.ba\/wp-content\/uploads\/2021\/03\/logo-ver-3-1.png\",\"width\":350,\"height\":95,\"caption\":\"TuzlaInfo.ba\"},\"image\":{\"@id\":\"https:\/\/tuzlainfo.ba\/#\/schema\/logo\/image\/\"},\"sameAs\":[\"https:\/\/www.facebook.com\/tuzlainfo.ba\/\"]},{\"@type\":\"Person\",\"@id\":\"https:\/\/tuzlainfo.ba\/#\/schema\/person\/f434e20dc27ea133923aab08451b7f7f\",\"name\":\"nedim\",\"image\":{\"@type\":\"ImageObject\",\"inLanguage\":\"bs-BA\",\"@id\":\"https:\/\/tuzlainfo.ba\/#\/schema\/person\/image\/\",\"url\":\"https:\/\/tuzlainfo.ba\/wp-content\/litespeed\/avatar\/aabad687af24844af817603ac1cbdc4f.jpg?ver=1776702173\",\"contentUrl\":\"https:\/\/tuzlainfo.ba\/wp-content\/litespeed\/avatar\/aabad687af24844af817603ac1cbdc4f.jpg?ver=1776702173\",\"caption\":\"nedim\"},\"description\":\"Tuzlainfo.ba pratite na dru\u0161tvenim mre\u017eama: Facebook, Instagram i Youtube. Svoje pri\u010de, upite i fotografije \u0161aljite na na\u0161u e-mail adresu.\"}]}<\/script>\n<!-- \/ Yoast SEO plugin. -->","yoast_head_json":{"title":"Odre\u0111eni iznosi: Vlada TK odobrila jednokratne nov\u010dane pomo\u0107i socijalno ugro\u017eenima - TuzlaInfo.ba","robots":{"index":"index","follow":"follow","max-snippet":"max-snippet:-1","max-image-preview":"max-image-preview:large","max-video-preview":"max-video-preview:-1"},"canonical":"https:\/\/tuzlainfo.ba\/index.php\/novosti\/item\/293457-odredjeni-iznosi-vlada-tk-odobrila-jednokratne-novcane-pomoci-socijalno-ugrozenima\/","og_locale":"bs_BA","og_type":"article","og_title":"Odre\u0111eni iznosi: Vlada TK odobrila jednokratne nov\u010dane pomo\u0107i socijalno ugro\u017eenima - TuzlaInfo.ba","og_description":"Vlada Tuzlanskog kantona dala je saglasnost na Program raspodjele sredstava jednokratnih nov\u010danih pomo\u0107i za 2026.&hellip;","og_url":"https:\/\/tuzlainfo.ba\/index.php\/novosti\/item\/293457-odredjeni-iznosi-vlada-tk-odobrila-jednokratne-novcane-pomoci-socijalno-ugrozenima\/","og_site_name":"TuzlaInfo.ba","article_publisher":"https:\/\/www.facebook.com\/tuzlainfo.ba\/","article_published_time":"2026-02-03T12:00:01+00:00","article_modified_time":"2026-02-03T11:22:34+00:00","og_image":[{"width":770,"height":513,"url":"https:\/\/tuzlainfo.ba\/wp-content\/uploads\/2018\/08\/sadrzaj_2018_20180801_1608_novac.jpg","type":"image\/jpeg"}],"author":"nedim","twitter_card":"summary_large_image","twitter_misc":{"Written by":"nedim","Est. reading time":"2 minute"},"schema":{"@context":"https:\/\/schema.org","@graph":[{"@type":"Article","@id":"https:\/\/tuzlainfo.ba\/index.php\/novosti\/item\/293457-odredjeni-iznosi-vlada-tk-odobrila-jednokratne-novcane-pomoci-socijalno-ugrozenima\/#article","isPartOf":{"@id":"https:\/\/tuzlainfo.ba\/index.php\/novosti\/item\/293457-odredjeni-iznosi-vlada-tk-odobrila-jednokratne-novcane-pomoci-socijalno-ugrozenima\/"},"author":{"name":"nedim","@id":"https:\/\/tuzlainfo.ba\/#\/schema\/person\/f434e20dc27ea133923aab08451b7f7f"},"headline":"Odre\u0111eni iznosi: Vlada TK odobrila jednokratne nov\u010dane pomo\u0107i socijalno ugro\u017eenima","datePublished":"2026-02-03T12:00:01+00:00","dateModified":"2026-02-03T11:22:34+00:00","mainEntityOfPage":{"@id":"https:\/\/tuzlainfo.ba\/index.php\/novosti\/item\/293457-odredjeni-iznosi-vlada-tk-odobrila-jednokratne-novcane-pomoci-socijalno-ugrozenima\/"},"wordCount":228,"publisher":{"@id":"https:\/\/tuzlainfo.ba\/#organization"},"image":{"@id":"https:\/\/tuzlainfo.ba\/index.php\/novosti\/item\/293457-odredjeni-iznosi-vlada-tk-odobrila-jednokratne-novcane-pomoci-socijalno-ugrozenima\/#primaryimage"},"thumbnailUrl":"https:\/\/tuzlainfo.ba\/wp-content\/uploads\/2018\/08\/sadrzaj_2018_20180801_1608_novac.jpg","keywords":["jednokratna pomo\u0107","tuzlanski kanton"],"articleSection":["Istaknuto","Novosti"],"inLanguage":"bs-BA"},{"@type":"WebPage","@id":"https:\/\/tuzlainfo.ba\/index.php\/novosti\/item\/293457-odredjeni-iznosi-vlada-tk-odobrila-jednokratne-novcane-pomoci-socijalno-ugrozenima\/","url":"https:\/\/tuzlainfo.ba\/index.php\/novosti\/item\/293457-odredjeni-iznosi-vlada-tk-odobrila-jednokratne-novcane-pomoci-socijalno-ugrozenima\/","name":"Odre\u0111eni iznosi: Vlada TK odobrila jednokratne nov\u010dane pomo\u0107i socijalno ugro\u017eenima - TuzlaInfo.ba","isPartOf":{"@id":"https:\/\/tuzlainfo.ba\/#website"},"primaryImageOfPage":{"@id":"https:\/\/tuzlainfo.ba\/index.php\/novosti\/item\/293457-odredjeni-iznosi-vlada-tk-odobrila-jednokratne-novcane-pomoci-socijalno-ugrozenima\/#primaryimage"},"image":{"@id":"https:\/\/tuzlainfo.ba\/index.php\/novosti\/item\/293457-odredjeni-iznosi-vlada-tk-odobrila-jednokratne-novcane-pomoci-socijalno-ugrozenima\/#primaryimage"},"thumbnailUrl":"https:\/\/tuzlainfo.ba\/wp-content\/uploads\/2018\/08\/sadrzaj_2018_20180801_1608_novac.jpg","datePublished":"2026-02-03T12:00:01+00:00","dateModified":"2026-02-03T11:22:34+00:00","breadcrumb":{"@id":"https:\/\/tuzlainfo.ba\/index.php\/novosti\/item\/293457-odredjeni-iznosi-vlada-tk-odobrila-jednokratne-novcane-pomoci-socijalno-ugrozenima\/#breadcrumb"},"inLanguage":"bs-BA","potentialAction":[{"@type":"ReadAction","target":["https:\/\/tuzlainfo.ba\/index.php\/novosti\/item\/293457-odredjeni-iznosi-vlada-tk-odobrila-jednokratne-novcane-pomoci-socijalno-ugrozenima\/"]}]},{"@type":"ImageObject","inLanguage":"bs-BA","@id":"https:\/\/tuzlainfo.ba\/index.php\/novosti\/item\/293457-odredjeni-iznosi-vlada-tk-odobrila-jednokratne-novcane-pomoci-socijalno-ugrozenima\/#primaryimage","url":"https:\/\/tuzlainfo.ba\/wp-content\/uploads\/2018\/08\/sadrzaj_2018_20180801_1608_novac.jpg","contentUrl":"https:\/\/tuzlainfo.ba\/wp-content\/uploads\/2018\/08\/sadrzaj_2018_20180801_1608_novac.jpg","width":770,"height":513,"caption":"1608 novac"},{"@type":"BreadcrumbList","@id":"https:\/\/tuzlainfo.ba\/index.php\/novosti\/item\/293457-odredjeni-iznosi-vlada-tk-odobrila-jednokratne-novcane-pomoci-socijalno-ugrozenima\/#breadcrumb","itemListElement":[{"@type":"ListItem","position":1,"name":"Home","item":"https:\/\/tuzlainfo.ba\/"},{"@type":"ListItem","position":2,"name":"Odre\u0111eni iznosi: Vlada TK odobrila jednokratne nov\u010dane pomo\u0107i socijalno ugro\u017eenima"}]},{"@type":"WebSite","@id":"https:\/\/tuzlainfo.ba\/#website","url":"https:\/\/tuzlainfo.ba\/","name":"TuzlaInfo.ba","description":"Tuzla info, gradski informator - Tuzla na dlanu","publisher":{"@id":"https:\/\/tuzlainfo.ba\/#organization"},"potentialAction":[{"@type":"SearchAction","target":{"@type":"EntryPoint","urlTemplate":"https:\/\/tuzlainfo.ba\/?s={search_term_string}"},"query-input":{"@type":"PropertyValueSpecification","valueRequired":true,"valueName":"search_term_string"}}],"inLanguage":"bs-BA"},{"@type":"Organization","@id":"https:\/\/tuzlainfo.ba\/#organization","name":"TuzlaInfo.ba","url":"https:\/\/tuzlainfo.ba\/","logo":{"@type":"ImageObject","inLanguage":"bs-BA","@id":"https:\/\/tuzlainfo.ba\/#\/schema\/logo\/image\/","url":"https:\/\/tuzlainfo.ba\/wp-content\/uploads\/2021\/03\/logo-ver-3-1.png","contentUrl":"https:\/\/tuzlainfo.ba\/wp-content\/uploads\/2021\/03\/logo-ver-3-1.png","width":350,"height":95,"caption":"TuzlaInfo.ba"},"image":{"@id":"https:\/\/tuzlainfo.ba\/#\/schema\/logo\/image\/"},"sameAs":["https:\/\/www.facebook.com\/tuzlainfo.ba\/"]},{"@type":"Person","@id":"https:\/\/tuzlainfo.ba\/#\/schema\/person\/f434e20dc27ea133923aab08451b7f7f","name":"nedim","image":{"@type":"ImageObject","inLanguage":"bs-BA","@id":"https:\/\/tuzlainfo.ba\/#\/schema\/person\/image\/","url":"https:\/\/tuzlainfo.ba\/wp-content\/litespeed\/avatar\/aabad687af24844af817603ac1cbdc4f.jpg?ver=1776702173","contentUrl":"https:\/\/tuzlainfo.ba\/wp-content\/litespeed\/avatar\/aabad687af24844af817603ac1cbdc4f.jpg?ver=1776702173","caption":"nedim"},"description":"Tuzlainfo.ba pratite na dru\u0161tvenim mre\u017eama: Facebook, Instagram i Youtube. Svoje pri\u010de, upite i fotografije \u0161aljite na na\u0161u e-mail adresu."}]}},"_links":{"self":[{"href":"https:\/\/tuzlainfo.ba\/index.php\/wp-json\/wp\/v2\/posts\/293457"}],"collection":[{"href":"https:\/\/tuzlainfo.ba\/index.php\/wp-json\/wp\/v2\/posts"}],"about":[{"href":"https:\/\/tuzlainfo.ba\/index.php\/wp-json\/wp\/v2\/types\/post"}],"author":[{"embeddable":true,"href":"https:\/\/tuzlainfo.ba\/index.php\/wp-json\/wp\/v2\/users\/2"}],"replies":[{"embeddable":true,"href":"https:\/\/tuzlainfo.ba\/index.php\/wp-json\/wp\/v2\/comments?post=293457"}],"version-history":[{"count":1,"href":"https:\/\/tuzlainfo.ba\/index.php\/wp-json\/wp\/v2\/posts\/293457\/revisions"}],"predecessor-version":[{"id":293458,"href":"https:\/\/tuzlainfo.ba\/index.php\/wp-json\/wp\/v2\/posts\/293457\/revisions\/293458"}],"wp:featuredmedia":[{"embeddable":true,"href":"https:\/\/tuzlainfo.ba\/index.php\/wp-json\/wp\/v2\/media\/63456"}],"wp:attachment":[{"href":"https:\/\/tuzlainfo.ba\/index.php\/wp-json\/wp\/v2\/media?parent=293457"}],"wp:term":[{"taxonomy":"category","embeddable":true,"href":"https:\/\/tuzlainfo.ba\/index.php\/wp-json\/wp\/v2\/categories?post=293457"},{"taxonomy":"post_tag","embeddable":true,"href":"https:\/\/tuzlainfo.ba\/index.php\/wp-json\/wp\/v2\/tags?post=293457"}],"curies":[{"name":"wp","href":"https:\/\/api.w.org\/{rel}","templated":true}]}}