{"id":293369,"date":"2026-02-02T20:00:35","date_gmt":"2026-02-02T19:00:35","guid":{"rendered":"https:\/\/tuzlainfo.ba\/?p=293369"},"modified":"2026-02-02T20:00:22","modified_gmt":"2026-02-02T19:00:22","slug":"foto-nova-poliklinika-u-tuzli-osteomedic-pruza-sveobuhvatnu-dijagnostiku-i-terapiju","status":"publish","type":"post","link":"https:\/\/tuzlainfo.ba\/index.php\/novosti\/item\/293369-foto-nova-poliklinika-u-tuzli-osteomedic-pruza-sveobuhvatnu-dijagnostiku-i-terapiju\/","title":{"rendered":"FOTO\/ Nova poliklinika u Tuzli: Osteomedic pru\u017ea sveobuhvatnu dijagnostiku i terapiju"},"content":{"rendered":"<p data-start=\"221\" data-end=\"471\">Poliklinika Osteomedic po\u010dela je sa radom na novoj lokaciji u Tuzli, \u010dime je ova zdravstvena ustanova otvorila svoju tre\u0107u poslovnicu. <strong>Nova poliklinika smje\u0161tena je u zgradi Titanik, u ulici 1. in\u017einjerske brigade, u samom centru Tuzle.<\/strong><\/p>\n<p data-start=\"473\" data-end=\"716\">Otvaranjem poslovnice u Tuzli, Poliklinika Osteomedic dodatno \u0161iri dostupnost svojih usluga, s obzirom na to da ve\u0107 uspje\u0161no posluje u Lukavcu i Doboj Istoku. Ova zdravstvena ustanova poznata je po pru\u017eanju \u0161irokog spektra usluga, uklju\u010duju\u0107i:<\/p>\n<p data-start=\"718\" data-end=\"1265\"><strong data-start=\"718\" data-end=\"746\">Specijalisti\u010dke preglede<\/strong> iz oblasti:<br data-start=\"758\" data-end=\"761\" \/>Fizikalna medicina i rehabilitacija, Ortopedija, Dje\u010dija ortopedija, Interna medicina, Kardiologija, Pedijatrija, Oftalmologija, Reumatologija, Gastroenterologija, Hematologija, Pulmologija, Dje\u010dija pulmologija, Hirurgija, Dje\u010dija hirurgija, Neurohirurgija, Kardiovaskularna hirurgija, Dermatovenerologija, Ginekologija i aku\u0161erstvo, Urologija, Nefrologija, Dje\u010dija nefrologija, Neurologija, Dje\u010dija neurologija, Onkologija, Estetska medicina, Nutricionista, Otorinolaringolog, Psiholog i Psihijatrija.<\/p>\n<p data-start=\"1267\" data-end=\"1746\"><strong data-start=\"1267\" data-end=\"1306\">Fizikalnu terapiju i rehabilitaciju<\/strong>, uklju\u010duju\u0107i Manuelnu terapiju, Maitland concept, Mulligan concept, PNF metodu, Kiropraktiku, Dekompresivnu terapiju ki\u010dme, Schroth metodu, Akupunkturu, Manuelnu masa\u017eu, Kineziterapiju, Elektroterapiju, Laseroterapiju, Sonoterapiju, Limfnu drena\u017eu (manuelnu i aparaturnu), Emsella stolicu, terapije za inkontinenciju, Indiba activ terapiju, Tecar terapiju, terapiju fokusiranim udarnim valom i Barbotage \u2013 tretman uklanjanja kalcifikata.<\/p>\n<p data-start=\"1748\" data-end=\"1929\"><strong data-start=\"1748\" data-end=\"1776\">Ultrazvu\u010dnu dijagnostiku<\/strong>: UZ srca, abdomena, karlice, prostate, krvnih \u017eila, \u0161titnja\u010de, dojke, mekih tkiva, mi\u0161i\u0107a, kukova kod djece, tetiva, zglobova, oka, te ginekolo\u0161ki UZ.<\/p>\n<p data-start=\"1931\" data-end=\"2068\"><strong data-start=\"1931\" data-end=\"1962\">Laboratorijsku dijagnostiku<\/strong>: Biohemija, Imunohemija, Histopatologija, Mikrobiologija, Antigenski testovi, Alergeni i Tumor markeri.<\/p>\n<div id=\"penci-post-gallery__84771\" class=\"penci-post-gallery-container masonry grid column-3\" data-height=\"150\" data-margin=\"3\"><div class=\"inner-gallery-masonry-container\"><div class=\"item-gallery-masonry grid\"><a class=\"\" href=\"https:\/\/tuzlainfo.ba\/wp-content\/uploads\/2026\/02\/osteomedic-9.jpg\"><div class=\"inner-item-masonry-gallery\"><img decoding=\"async\" src=\"https:\/\/tuzlainfo.ba\/wp-content\/uploads\/2026\/02\/osteomedic-9-585x390.jpg\" alt=\"\" title=\"osteomedic 9\"><\/div><\/a><\/div><div class=\"item-gallery-masonry grid\"><a class=\"\" href=\"https:\/\/tuzlainfo.ba\/wp-content\/uploads\/2026\/02\/osteomedic-1.jpg\"><div class=\"inner-item-masonry-gallery\"><img decoding=\"async\" src=\"https:\/\/tuzlainfo.ba\/wp-content\/uploads\/2026\/02\/osteomedic-1-585x390.jpg\" alt=\"\" title=\"osteomedic 1\"><\/div><\/a><\/div><div class=\"item-gallery-masonry grid\"><a class=\"\" href=\"https:\/\/tuzlainfo.ba\/wp-content\/uploads\/2026\/02\/osteomedic-2.jpg\"><div class=\"inner-item-masonry-gallery\"><img decoding=\"async\" src=\"https:\/\/tuzlainfo.ba\/wp-content\/uploads\/2026\/02\/osteomedic-2-585x390.jpg\" alt=\"\" title=\"osteomedic 2\"><\/div><\/a><\/div><div class=\"item-gallery-masonry grid\"><a class=\"\" href=\"https:\/\/tuzlainfo.ba\/wp-content\/uploads\/2026\/02\/osteomedic-3.jpg\"><div class=\"inner-item-masonry-gallery\"><img decoding=\"async\" src=\"https:\/\/tuzlainfo.ba\/wp-content\/uploads\/2026\/02\/osteomedic-3-585x390.jpg\" alt=\"\" title=\"osteomedic 3\"><\/div><\/a><\/div><div class=\"item-gallery-masonry grid\"><a class=\"\" href=\"https:\/\/tuzlainfo.ba\/wp-content\/uploads\/2026\/02\/osteomedic-4.jpg\"><div class=\"inner-item-masonry-gallery\"><img decoding=\"async\" src=\"https:\/\/tuzlainfo.ba\/wp-content\/uploads\/2026\/02\/osteomedic-4-585x390.jpg\" alt=\"\" title=\"osteomedic 4\"><\/div><\/a><\/div><div class=\"item-gallery-masonry grid\"><a class=\"\" href=\"https:\/\/tuzlainfo.ba\/wp-content\/uploads\/2026\/02\/osteomedic-5.jpg\"><div class=\"inner-item-masonry-gallery\"><img decoding=\"async\" src=\"https:\/\/tuzlainfo.ba\/wp-content\/uploads\/2026\/02\/osteomedic-5-585x390.jpg\" alt=\"\" title=\"osteomedic 5\"><\/div><\/a><\/div><div class=\"item-gallery-masonry grid\"><a class=\"\" href=\"https:\/\/tuzlainfo.ba\/wp-content\/uploads\/2026\/02\/osteomedic-6.jpg\"><div class=\"inner-item-masonry-gallery\"><img decoding=\"async\" src=\"https:\/\/tuzlainfo.ba\/wp-content\/uploads\/2026\/02\/osteomedic-6-585x390.jpg\" alt=\"\" title=\"osteomedic 6\"><\/div><\/a><\/div><div class=\"item-gallery-masonry grid\"><a class=\"\" href=\"https:\/\/tuzlainfo.ba\/wp-content\/uploads\/2026\/02\/osteomedic-7.jpg\"><div class=\"inner-item-masonry-gallery\"><img decoding=\"async\" src=\"https:\/\/tuzlainfo.ba\/wp-content\/uploads\/2026\/02\/osteomedic-7-585x390.jpg\" alt=\"\" title=\"osteomedic 7\"><\/div><\/a><\/div><div class=\"item-gallery-masonry grid\"><a class=\"\" href=\"https:\/\/tuzlainfo.ba\/wp-content\/uploads\/2026\/02\/osteomedic-8.jpg\"><div class=\"inner-item-masonry-gallery\"><img decoding=\"async\" src=\"https:\/\/tuzlainfo.ba\/wp-content\/uploads\/2026\/02\/osteomedic-8-585x390.jpg\" alt=\"\" title=\"osteomedic 8\"><\/div><\/a><\/div><\/div><\/div>\n<p data-start=\"2070\" data-end=\"2285\">Poliklinika Osteomedic tako\u0111e pru\u017ea <strong data-start=\"2106\" data-end=\"2191\">sve vrste ljekarskih uvjerenja, sistematske preglede i intraartikularne injekcije<\/strong> (PRP, CM, hijaluron), kao i COVID-19 testiranja, ku\u0107ne posjete ljekara i patrona\u017enu slu\u017ebu.<\/p>\n<p data-start=\"2287\" data-end=\"2492\">Nova poslovnica u Tuzli opremljena je savremenom medicinskom opremom i okuplja stru\u010dni tim ljekara i fizioterapeuta, s ciljem da pacijentima omogu\u0107i sveobuhvatnu dijagnostiku i terapiju na jednom mjestu.<\/p>\n<p data-start=\"2494\" data-end=\"2598\">Za dodatne informacije gra\u0111ani se mogu obratiti Poliklinici Osteomedic putem telefona <strong data-start=\"2580\" data-end=\"2595\">035 250 101<\/strong>.<\/p>\n","protected":false},"excerpt":{"rendered":"<p>Poliklinika Osteomedic po\u010dela je sa radom na novoj lokaciji u Tuzli, \u010dime je ova zdravstvena&hellip;<\/p>\n","protected":false},"author":4,"featured_media":293385,"comment_status":"closed","ping_status":"closed","sticky":false,"template":"","format":"standard","meta":{"_acf_changed":false,"footnotes":""},"categories":[304,12],"tags":[13355,42],"acf":[],"yoast_head":"<!-- This site is optimized with the Yoast SEO plugin v23.5 - https:\/\/yoast.com\/wordpress\/plugins\/seo\/ -->\n<title>FOTO\/ Nova poliklinika u Tuzli: Osteomedic pru\u017ea sveobuhvatnu dijagnostiku i terapiju - TuzlaInfo.ba<\/title>\n<meta name=\"robots\" content=\"index, follow, max-snippet:-1, max-image-preview:large, max-video-preview:-1\" \/>\n<link rel=\"canonical\" href=\"https:\/\/tuzlainfo.ba\/index.php\/novosti\/item\/293369-foto-nova-poliklinika-u-tuzli-osteomedic-pruza-sveobuhvatnu-dijagnostiku-i-terapiju\/\" \/>\n<meta property=\"og:locale\" content=\"bs_BA\" \/>\n<meta property=\"og:type\" content=\"article\" \/>\n<meta property=\"og:title\" content=\"FOTO\/ Nova poliklinika u Tuzli: Osteomedic pru\u017ea sveobuhvatnu dijagnostiku i terapiju - TuzlaInfo.ba\" \/>\n<meta property=\"og:description\" content=\"Poliklinika Osteomedic po\u010dela je sa radom na novoj lokaciji u Tuzli, \u010dime je ova zdravstvena&hellip;\" \/>\n<meta property=\"og:url\" content=\"https:\/\/tuzlainfo.ba\/index.php\/novosti\/item\/293369-foto-nova-poliklinika-u-tuzli-osteomedic-pruza-sveobuhvatnu-dijagnostiku-i-terapiju\/\" \/>\n<meta property=\"og:site_name\" content=\"TuzlaInfo.ba\" \/>\n<meta property=\"article:publisher\" content=\"https:\/\/www.facebook.com\/tuzlainfo.ba\/\" \/>\n<meta property=\"article:published_time\" content=\"2026-02-02T19:00:35+00:00\" \/>\n<meta property=\"article:modified_time\" content=\"2026-02-02T19:00:22+00:00\" \/>\n<meta property=\"og:image\" content=\"https:\/\/tuzlainfo.ba\/wp-content\/uploads\/2026\/02\/osteomedic-naslovna-tuzla.jpg\" \/>\n\t<meta property=\"og:image:width\" content=\"768\" \/>\n\t<meta property=\"og:image:height\" content=\"402\" \/>\n\t<meta property=\"og:image:type\" content=\"image\/jpeg\" \/>\n<meta name=\"author\" content=\"Tuzla Info\" \/>\n<meta name=\"twitter:card\" content=\"summary_large_image\" \/>\n<meta name=\"twitter:label1\" content=\"Written by\" \/>\n\t<meta name=\"twitter:data1\" content=\"Tuzla Info\" \/>\n\t<meta name=\"twitter:label2\" content=\"Est. reading time\" \/>\n\t<meta name=\"twitter:data2\" content=\"2 minute\" \/>\n<script type=\"application\/ld+json\" class=\"yoast-schema-graph\">{\"@context\":\"https:\/\/schema.org\",\"@graph\":[{\"@type\":\"Article\",\"@id\":\"https:\/\/tuzlainfo.ba\/index.php\/novosti\/item\/293369-foto-nova-poliklinika-u-tuzli-osteomedic-pruza-sveobuhvatnu-dijagnostiku-i-terapiju\/#article\",\"isPartOf\":{\"@id\":\"https:\/\/tuzlainfo.ba\/index.php\/novosti\/item\/293369-foto-nova-poliklinika-u-tuzli-osteomedic-pruza-sveobuhvatnu-dijagnostiku-i-terapiju\/\"},\"author\":{\"name\":\"Tuzla Info\",\"@id\":\"https:\/\/tuzlainfo.ba\/#\/schema\/person\/46cad4c57790cbc50781edd14870825a\"},\"headline\":\"FOTO\/ Nova poliklinika u Tuzli: Osteomedic pru\u017ea sveobuhvatnu dijagnostiku i terapiju\",\"datePublished\":\"2026-02-02T19:00:35+00:00\",\"dateModified\":\"2026-02-02T19:00:22+00:00\",\"mainEntityOfPage\":{\"@id\":\"https:\/\/tuzlainfo.ba\/index.php\/novosti\/item\/293369-foto-nova-poliklinika-u-tuzli-osteomedic-pruza-sveobuhvatnu-dijagnostiku-i-terapiju\/\"},\"wordCount\":318,\"publisher\":{\"@id\":\"https:\/\/tuzlainfo.ba\/#organization\"},\"image\":{\"@id\":\"https:\/\/tuzlainfo.ba\/index.php\/novosti\/item\/293369-foto-nova-poliklinika-u-tuzli-osteomedic-pruza-sveobuhvatnu-dijagnostiku-i-terapiju\/#primaryimage\"},\"thumbnailUrl\":\"https:\/\/tuzlainfo.ba\/wp-content\/uploads\/2026\/02\/osteomedic-naslovna-tuzla.jpg\",\"keywords\":[\"osteomedic\",\"tuzla\"],\"articleSection\":[\"Istaknuto\",\"Novosti\"],\"inLanguage\":\"bs-BA\"},{\"@type\":\"WebPage\",\"@id\":\"https:\/\/tuzlainfo.ba\/index.php\/novosti\/item\/293369-foto-nova-poliklinika-u-tuzli-osteomedic-pruza-sveobuhvatnu-dijagnostiku-i-terapiju\/\",\"url\":\"https:\/\/tuzlainfo.ba\/index.php\/novosti\/item\/293369-foto-nova-poliklinika-u-tuzli-osteomedic-pruza-sveobuhvatnu-dijagnostiku-i-terapiju\/\",\"name\":\"FOTO\/ Nova poliklinika u Tuzli: Osteomedic pru\u017ea sveobuhvatnu dijagnostiku i terapiju - TuzlaInfo.ba\",\"isPartOf\":{\"@id\":\"https:\/\/tuzlainfo.ba\/#website\"},\"primaryImageOfPage\":{\"@id\":\"https:\/\/tuzlainfo.ba\/index.php\/novosti\/item\/293369-foto-nova-poliklinika-u-tuzli-osteomedic-pruza-sveobuhvatnu-dijagnostiku-i-terapiju\/#primaryimage\"},\"image\":{\"@id\":\"https:\/\/tuzlainfo.ba\/index.php\/novosti\/item\/293369-foto-nova-poliklinika-u-tuzli-osteomedic-pruza-sveobuhvatnu-dijagnostiku-i-terapiju\/#primaryimage\"},\"thumbnailUrl\":\"https:\/\/tuzlainfo.ba\/wp-content\/uploads\/2026\/02\/osteomedic-naslovna-tuzla.jpg\",\"datePublished\":\"2026-02-02T19:00:35+00:00\",\"dateModified\":\"2026-02-02T19:00:22+00:00\",\"breadcrumb\":{\"@id\":\"https:\/\/tuzlainfo.ba\/index.php\/novosti\/item\/293369-foto-nova-poliklinika-u-tuzli-osteomedic-pruza-sveobuhvatnu-dijagnostiku-i-terapiju\/#breadcrumb\"},\"inLanguage\":\"bs-BA\",\"potentialAction\":[{\"@type\":\"ReadAction\",\"target\":[\"https:\/\/tuzlainfo.ba\/index.php\/novosti\/item\/293369-foto-nova-poliklinika-u-tuzli-osteomedic-pruza-sveobuhvatnu-dijagnostiku-i-terapiju\/\"]}]},{\"@type\":\"ImageObject\",\"inLanguage\":\"bs-BA\",\"@id\":\"https:\/\/tuzlainfo.ba\/index.php\/novosti\/item\/293369-foto-nova-poliklinika-u-tuzli-osteomedic-pruza-sveobuhvatnu-dijagnostiku-i-terapiju\/#primaryimage\",\"url\":\"https:\/\/tuzlainfo.ba\/wp-content\/uploads\/2026\/02\/osteomedic-naslovna-tuzla.jpg\",\"contentUrl\":\"https:\/\/tuzlainfo.ba\/wp-content\/uploads\/2026\/02\/osteomedic-naslovna-tuzla.jpg\",\"width\":768,\"height\":402},{\"@type\":\"BreadcrumbList\",\"@id\":\"https:\/\/tuzlainfo.ba\/index.php\/novosti\/item\/293369-foto-nova-poliklinika-u-tuzli-osteomedic-pruza-sveobuhvatnu-dijagnostiku-i-terapiju\/#breadcrumb\",\"itemListElement\":[{\"@type\":\"ListItem\",\"position\":1,\"name\":\"Home\",\"item\":\"https:\/\/tuzlainfo.ba\/\"},{\"@type\":\"ListItem\",\"position\":2,\"name\":\"FOTO\/ Nova poliklinika u Tuzli: Osteomedic pru\u017ea sveobuhvatnu dijagnostiku i terapiju\"}]},{\"@type\":\"WebSite\",\"@id\":\"https:\/\/tuzlainfo.ba\/#website\",\"url\":\"https:\/\/tuzlainfo.ba\/\",\"name\":\"TuzlaInfo.ba\",\"description\":\"Tuzla info, gradski informator - Tuzla na dlanu\",\"publisher\":{\"@id\":\"https:\/\/tuzlainfo.ba\/#organization\"},\"potentialAction\":[{\"@type\":\"SearchAction\",\"target\":{\"@type\":\"EntryPoint\",\"urlTemplate\":\"https:\/\/tuzlainfo.ba\/?s={search_term_string}\"},\"query-input\":{\"@type\":\"PropertyValueSpecification\",\"valueRequired\":true,\"valueName\":\"search_term_string\"}}],\"inLanguage\":\"bs-BA\"},{\"@type\":\"Organization\",\"@id\":\"https:\/\/tuzlainfo.ba\/#organization\",\"name\":\"TuzlaInfo.ba\",\"url\":\"https:\/\/tuzlainfo.ba\/\",\"logo\":{\"@type\":\"ImageObject\",\"inLanguage\":\"bs-BA\",\"@id\":\"https:\/\/tuzlainfo.ba\/#\/schema\/logo\/image\/\",\"url\":\"https:\/\/tuzlainfo.ba\/wp-content\/uploads\/2021\/03\/logo-ver-3-1.png\",\"contentUrl\":\"https:\/\/tuzlainfo.ba\/wp-content\/uploads\/2021\/03\/logo-ver-3-1.png\",\"width\":350,\"height\":95,\"caption\":\"TuzlaInfo.ba\"},\"image\":{\"@id\":\"https:\/\/tuzlainfo.ba\/#\/schema\/logo\/image\/\"},\"sameAs\":[\"https:\/\/www.facebook.com\/tuzlainfo.ba\/\"]},{\"@type\":\"Person\",\"@id\":\"https:\/\/tuzlainfo.ba\/#\/schema\/person\/46cad4c57790cbc50781edd14870825a\",\"name\":\"Tuzla Info\",\"image\":{\"@type\":\"ImageObject\",\"inLanguage\":\"bs-BA\",\"@id\":\"https:\/\/tuzlainfo.ba\/#\/schema\/person\/image\/\",\"url\":\"https:\/\/tuzlainfo.ba\/wp-content\/litespeed\/avatar\/b6c453a6c38e3654f2e4416c643fc25c.jpg?ver=1777656712\",\"contentUrl\":\"https:\/\/tuzlainfo.ba\/wp-content\/litespeed\/avatar\/b6c453a6c38e3654f2e4416c643fc25c.jpg?ver=1777656712\",\"caption\":\"Tuzla Info\"}}]}<\/script>\n<!-- \/ Yoast SEO plugin. -->","yoast_head_json":{"title":"FOTO\/ Nova poliklinika u Tuzli: Osteomedic pru\u017ea sveobuhvatnu dijagnostiku i terapiju - TuzlaInfo.ba","robots":{"index":"index","follow":"follow","max-snippet":"max-snippet:-1","max-image-preview":"max-image-preview:large","max-video-preview":"max-video-preview:-1"},"canonical":"https:\/\/tuzlainfo.ba\/index.php\/novosti\/item\/293369-foto-nova-poliklinika-u-tuzli-osteomedic-pruza-sveobuhvatnu-dijagnostiku-i-terapiju\/","og_locale":"bs_BA","og_type":"article","og_title":"FOTO\/ Nova poliklinika u Tuzli: Osteomedic pru\u017ea sveobuhvatnu dijagnostiku i terapiju - TuzlaInfo.ba","og_description":"Poliklinika Osteomedic po\u010dela je sa radom na novoj lokaciji u Tuzli, \u010dime je ova zdravstvena&hellip;","og_url":"https:\/\/tuzlainfo.ba\/index.php\/novosti\/item\/293369-foto-nova-poliklinika-u-tuzli-osteomedic-pruza-sveobuhvatnu-dijagnostiku-i-terapiju\/","og_site_name":"TuzlaInfo.ba","article_publisher":"https:\/\/www.facebook.com\/tuzlainfo.ba\/","article_published_time":"2026-02-02T19:00:35+00:00","article_modified_time":"2026-02-02T19:00:22+00:00","og_image":[{"width":768,"height":402,"url":"https:\/\/tuzlainfo.ba\/wp-content\/uploads\/2026\/02\/osteomedic-naslovna-tuzla.jpg","type":"image\/jpeg"}],"author":"Tuzla Info","twitter_card":"summary_large_image","twitter_misc":{"Written by":"Tuzla Info","Est. reading time":"2 minute"},"schema":{"@context":"https:\/\/schema.org","@graph":[{"@type":"Article","@id":"https:\/\/tuzlainfo.ba\/index.php\/novosti\/item\/293369-foto-nova-poliklinika-u-tuzli-osteomedic-pruza-sveobuhvatnu-dijagnostiku-i-terapiju\/#article","isPartOf":{"@id":"https:\/\/tuzlainfo.ba\/index.php\/novosti\/item\/293369-foto-nova-poliklinika-u-tuzli-osteomedic-pruza-sveobuhvatnu-dijagnostiku-i-terapiju\/"},"author":{"name":"Tuzla Info","@id":"https:\/\/tuzlainfo.ba\/#\/schema\/person\/46cad4c57790cbc50781edd14870825a"},"headline":"FOTO\/ Nova poliklinika u Tuzli: Osteomedic pru\u017ea sveobuhvatnu dijagnostiku i terapiju","datePublished":"2026-02-02T19:00:35+00:00","dateModified":"2026-02-02T19:00:22+00:00","mainEntityOfPage":{"@id":"https:\/\/tuzlainfo.ba\/index.php\/novosti\/item\/293369-foto-nova-poliklinika-u-tuzli-osteomedic-pruza-sveobuhvatnu-dijagnostiku-i-terapiju\/"},"wordCount":318,"publisher":{"@id":"https:\/\/tuzlainfo.ba\/#organization"},"image":{"@id":"https:\/\/tuzlainfo.ba\/index.php\/novosti\/item\/293369-foto-nova-poliklinika-u-tuzli-osteomedic-pruza-sveobuhvatnu-dijagnostiku-i-terapiju\/#primaryimage"},"thumbnailUrl":"https:\/\/tuzlainfo.ba\/wp-content\/uploads\/2026\/02\/osteomedic-naslovna-tuzla.jpg","keywords":["osteomedic","tuzla"],"articleSection":["Istaknuto","Novosti"],"inLanguage":"bs-BA"},{"@type":"WebPage","@id":"https:\/\/tuzlainfo.ba\/index.php\/novosti\/item\/293369-foto-nova-poliklinika-u-tuzli-osteomedic-pruza-sveobuhvatnu-dijagnostiku-i-terapiju\/","url":"https:\/\/tuzlainfo.ba\/index.php\/novosti\/item\/293369-foto-nova-poliklinika-u-tuzli-osteomedic-pruza-sveobuhvatnu-dijagnostiku-i-terapiju\/","name":"FOTO\/ Nova poliklinika u Tuzli: Osteomedic pru\u017ea sveobuhvatnu dijagnostiku i terapiju - TuzlaInfo.ba","isPartOf":{"@id":"https:\/\/tuzlainfo.ba\/#website"},"primaryImageOfPage":{"@id":"https:\/\/tuzlainfo.ba\/index.php\/novosti\/item\/293369-foto-nova-poliklinika-u-tuzli-osteomedic-pruza-sveobuhvatnu-dijagnostiku-i-terapiju\/#primaryimage"},"image":{"@id":"https:\/\/tuzlainfo.ba\/index.php\/novosti\/item\/293369-foto-nova-poliklinika-u-tuzli-osteomedic-pruza-sveobuhvatnu-dijagnostiku-i-terapiju\/#primaryimage"},"thumbnailUrl":"https:\/\/tuzlainfo.ba\/wp-content\/uploads\/2026\/02\/osteomedic-naslovna-tuzla.jpg","datePublished":"2026-02-02T19:00:35+00:00","dateModified":"2026-02-02T19:00:22+00:00","breadcrumb":{"@id":"https:\/\/tuzlainfo.ba\/index.php\/novosti\/item\/293369-foto-nova-poliklinika-u-tuzli-osteomedic-pruza-sveobuhvatnu-dijagnostiku-i-terapiju\/#breadcrumb"},"inLanguage":"bs-BA","potentialAction":[{"@type":"ReadAction","target":["https:\/\/tuzlainfo.ba\/index.php\/novosti\/item\/293369-foto-nova-poliklinika-u-tuzli-osteomedic-pruza-sveobuhvatnu-dijagnostiku-i-terapiju\/"]}]},{"@type":"ImageObject","inLanguage":"bs-BA","@id":"https:\/\/tuzlainfo.ba\/index.php\/novosti\/item\/293369-foto-nova-poliklinika-u-tuzli-osteomedic-pruza-sveobuhvatnu-dijagnostiku-i-terapiju\/#primaryimage","url":"https:\/\/tuzlainfo.ba\/wp-content\/uploads\/2026\/02\/osteomedic-naslovna-tuzla.jpg","contentUrl":"https:\/\/tuzlainfo.ba\/wp-content\/uploads\/2026\/02\/osteomedic-naslovna-tuzla.jpg","width":768,"height":402},{"@type":"BreadcrumbList","@id":"https:\/\/tuzlainfo.ba\/index.php\/novosti\/item\/293369-foto-nova-poliklinika-u-tuzli-osteomedic-pruza-sveobuhvatnu-dijagnostiku-i-terapiju\/#breadcrumb","itemListElement":[{"@type":"ListItem","position":1,"name":"Home","item":"https:\/\/tuzlainfo.ba\/"},{"@type":"ListItem","position":2,"name":"FOTO\/ Nova poliklinika u Tuzli: Osteomedic pru\u017ea sveobuhvatnu dijagnostiku i terapiju"}]},{"@type":"WebSite","@id":"https:\/\/tuzlainfo.ba\/#website","url":"https:\/\/tuzlainfo.ba\/","name":"TuzlaInfo.ba","description":"Tuzla info, gradski informator - Tuzla na dlanu","publisher":{"@id":"https:\/\/tuzlainfo.ba\/#organization"},"potentialAction":[{"@type":"SearchAction","target":{"@type":"EntryPoint","urlTemplate":"https:\/\/tuzlainfo.ba\/?s={search_term_string}"},"query-input":{"@type":"PropertyValueSpecification","valueRequired":true,"valueName":"search_term_string"}}],"inLanguage":"bs-BA"},{"@type":"Organization","@id":"https:\/\/tuzlainfo.ba\/#organization","name":"TuzlaInfo.ba","url":"https:\/\/tuzlainfo.ba\/","logo":{"@type":"ImageObject","inLanguage":"bs-BA","@id":"https:\/\/tuzlainfo.ba\/#\/schema\/logo\/image\/","url":"https:\/\/tuzlainfo.ba\/wp-content\/uploads\/2021\/03\/logo-ver-3-1.png","contentUrl":"https:\/\/tuzlainfo.ba\/wp-content\/uploads\/2021\/03\/logo-ver-3-1.png","width":350,"height":95,"caption":"TuzlaInfo.ba"},"image":{"@id":"https:\/\/tuzlainfo.ba\/#\/schema\/logo\/image\/"},"sameAs":["https:\/\/www.facebook.com\/tuzlainfo.ba\/"]},{"@type":"Person","@id":"https:\/\/tuzlainfo.ba\/#\/schema\/person\/46cad4c57790cbc50781edd14870825a","name":"Tuzla Info","image":{"@type":"ImageObject","inLanguage":"bs-BA","@id":"https:\/\/tuzlainfo.ba\/#\/schema\/person\/image\/","url":"https:\/\/tuzlainfo.ba\/wp-content\/litespeed\/avatar\/b6c453a6c38e3654f2e4416c643fc25c.jpg?ver=1777656712","contentUrl":"https:\/\/tuzlainfo.ba\/wp-content\/litespeed\/avatar\/b6c453a6c38e3654f2e4416c643fc25c.jpg?ver=1777656712","caption":"Tuzla Info"}}]}},"_links":{"self":[{"href":"https:\/\/tuzlainfo.ba\/index.php\/wp-json\/wp\/v2\/posts\/293369"}],"collection":[{"href":"https:\/\/tuzlainfo.ba\/index.php\/wp-json\/wp\/v2\/posts"}],"about":[{"href":"https:\/\/tuzlainfo.ba\/index.php\/wp-json\/wp\/v2\/types\/post"}],"author":[{"embeddable":true,"href":"https:\/\/tuzlainfo.ba\/index.php\/wp-json\/wp\/v2\/users\/4"}],"replies":[{"embeddable":true,"href":"https:\/\/tuzlainfo.ba\/index.php\/wp-json\/wp\/v2\/comments?post=293369"}],"version-history":[{"count":2,"href":"https:\/\/tuzlainfo.ba\/index.php\/wp-json\/wp\/v2\/posts\/293369\/revisions"}],"predecessor-version":[{"id":293388,"href":"https:\/\/tuzlainfo.ba\/index.php\/wp-json\/wp\/v2\/posts\/293369\/revisions\/293388"}],"wp:featuredmedia":[{"embeddable":true,"href":"https:\/\/tuzlainfo.ba\/index.php\/wp-json\/wp\/v2\/media\/293385"}],"wp:attachment":[{"href":"https:\/\/tuzlainfo.ba\/index.php\/wp-json\/wp\/v2\/media?parent=293369"}],"wp:term":[{"taxonomy":"category","embeddable":true,"href":"https:\/\/tuzlainfo.ba\/index.php\/wp-json\/wp\/v2\/categories?post=293369"},{"taxonomy":"post_tag","embeddable":true,"href":"https:\/\/tuzlainfo.ba\/index.php\/wp-json\/wp\/v2\/tags?post=293369"}],"curies":[{"name":"wp","href":"https:\/\/api.w.org\/{rel}","templated":true}]}}