{"id":293366,"date":"2026-02-02T18:08:12","date_gmt":"2026-02-02T17:08:12","guid":{"rendered":"https:\/\/tuzlainfo.ba\/?p=293366"},"modified":"2026-02-02T15:50:30","modified_gmt":"2026-02-02T14:50:30","slug":"domacini-bosni-iz-visokog-u-narednom-kolu-kuglasi-slobode-u-mejdanu-nakon-15-godina","status":"publish","type":"post","link":"https:\/\/tuzlainfo.ba\/index.php\/novosti\/item\/293366-domacini-bosni-iz-visokog-u-narednom-kolu-kuglasi-slobode-u-mejdanu-nakon-15-godina\/","title":{"rendered":"Doma\u0107ini Bosni iz Visokog u narednom kolu: Kugla\u0161i Slobode u Mejdanu nakon 15 godina"},"content":{"rendered":"<p data-start=\"199\" data-end=\"337\">Proteklu nedjelju odigrane su utakmice 13. kola Premijer lige Bosne i Hercegovine u kuglanju, kao i jedna zaostala utakmica iz 12. kola.<\/p>\n<p data-start=\"339\" data-end=\"638\">U Br\u010dkom je odigran derbi izme\u0111u tre\u0107eplasiranog Rada i drugoplasiranog Posu\u0161ja. Rad je iskoristio indisponiranost Pere Petrice i Marija Prljevi\u0107a iz Posu\u0161ja te slavio sa 5,5:2,5, vra\u0107aju\u0107i se u borbu za titulu. Posu\u0161je je istog dana nadigralo Zrinski Ljuba\u010de-Bistarac u zaostaloj utakmici sa 7:1.<\/p>\n<p data-start=\"640\" data-end=\"932\">U ostalim susretima Rudar iz Kaknja je pobijedio Hercegovca sa 7:1 i u\u010dvrstio lidersku poziciju, dok je Rudar iz Prijedora kod ku\u0107e savladao Zrinjski Mostar sa 6:2. Bosna iz Visokog je na doma\u0107em terenu sa 7:1 savladala Zrinski Ljuba\u010de-Bistarac, osigurav\u0161i va\u017ene bodove u borbi za opstanak.<\/p>\n<p data-start=\"934\" data-end=\"1168\">Ekipa Ade je ostvarila maksimalnu pobjedu 8:0 protiv Borca iz Banja Luke, oboriv\u0161i pritom dva rekorda \u2013 rekord kuglane u Gradi\u0161cu sa 3738 oborenih \u010dunjeva i rekord staze broj 2 sa 192 oborena \u010dunja kojeg je postavio Boris Novakovi\u0107.<\/p>\n<p data-start=\"1170\" data-end=\"1510\">Sloboda je gostovala kod Kozare u Gradi\u0161ci i odigrala neizvjesnu utakmicu zavr\u0161enu rezultatom 4:4. Iako su imali prednost od 73 \u010dunja u tre\u0107em bloku, doma\u0107i kugla\u010di su u posljednjim hitcima izjedna\u010dili rezultat, zahvaljuju\u0107i seriji devetki Dragana Kula\u0161a. Za Slobodu su odli\u010dnu partiju pru\u017eili Dragan Vukeli\u0107 (626) i Samir Jogun\u010di\u0107 (563).<\/p>\n<p data-start=\"1512\" data-end=\"1711\">U narednom kolu Sloboda je doma\u0107in Bosni iz Visokog, a susret bi mogao biti historijski jer postoji mogu\u0107nost da Sloboda nakon 15 godina ponovo zaigra u tuzlanskom Mejdanu na novoizgra\u0111enoj kuglani.<\/p>\n","protected":false},"excerpt":{"rendered":"<p>Proteklu nedjelju odigrane su utakmice 13. kola Premijer lige Bosne i Hercegovine u kuglanju, kao&hellip;<\/p>\n","protected":false},"author":4,"featured_media":255616,"comment_status":"closed","ping_status":"closed","sticky":false,"template":"","format":"standard","meta":{"_acf_changed":false,"footnotes":""},"categories":[12],"tags":[4116,915],"acf":[],"yoast_head":"<!-- This site is optimized with the Yoast SEO plugin v23.5 - https:\/\/yoast.com\/wordpress\/plugins\/seo\/ -->\n<title>Doma\u0107ini Bosni iz Visokog u narednom kolu: Kugla\u0161i Slobode u Mejdanu nakon 15 godina - TuzlaInfo.ba<\/title>\n<meta name=\"robots\" content=\"index, follow, max-snippet:-1, max-image-preview:large, max-video-preview:-1\" \/>\n<link rel=\"canonical\" href=\"https:\/\/tuzlainfo.ba\/index.php\/novosti\/item\/293366-domacini-bosni-iz-visokog-u-narednom-kolu-kuglasi-slobode-u-mejdanu-nakon-15-godina\/\" \/>\n<meta property=\"og:locale\" content=\"bs_BA\" \/>\n<meta property=\"og:type\" content=\"article\" \/>\n<meta property=\"og:title\" content=\"Doma\u0107ini Bosni iz Visokog u narednom kolu: Kugla\u0161i Slobode u Mejdanu nakon 15 godina - TuzlaInfo.ba\" \/>\n<meta property=\"og:description\" content=\"Proteklu nedjelju odigrane su utakmice 13. kola Premijer lige Bosne i Hercegovine u kuglanju, kao&hellip;\" \/>\n<meta property=\"og:url\" content=\"https:\/\/tuzlainfo.ba\/index.php\/novosti\/item\/293366-domacini-bosni-iz-visokog-u-narednom-kolu-kuglasi-slobode-u-mejdanu-nakon-15-godina\/\" \/>\n<meta property=\"og:site_name\" content=\"TuzlaInfo.ba\" \/>\n<meta property=\"article:publisher\" content=\"https:\/\/www.facebook.com\/tuzlainfo.ba\/\" \/>\n<meta property=\"article:published_time\" content=\"2026-02-02T17:08:12+00:00\" \/>\n<meta property=\"article:modified_time\" content=\"2026-02-02T14:50:30+00:00\" \/>\n<meta property=\"og:image\" content=\"https:\/\/tuzlainfo.ba\/wp-content\/uploads\/2024\/11\/1811_kuglanje_kuglaski.jpg\" \/>\n\t<meta property=\"og:image:width\" content=\"1000\" \/>\n\t<meta property=\"og:image:height\" content=\"675\" \/>\n\t<meta property=\"og:image:type\" content=\"image\/jpeg\" \/>\n<meta name=\"author\" content=\"Tuzla Info\" \/>\n<meta name=\"twitter:card\" content=\"summary_large_image\" \/>\n<meta name=\"twitter:label1\" content=\"Written by\" \/>\n\t<meta name=\"twitter:data1\" content=\"Tuzla Info\" \/>\n\t<meta name=\"twitter:label2\" content=\"Est. reading time\" \/>\n\t<meta name=\"twitter:data2\" content=\"2 minute\" \/>\n<script type=\"application\/ld+json\" class=\"yoast-schema-graph\">{\"@context\":\"https:\/\/schema.org\",\"@graph\":[{\"@type\":\"Article\",\"@id\":\"https:\/\/tuzlainfo.ba\/index.php\/novosti\/item\/293366-domacini-bosni-iz-visokog-u-narednom-kolu-kuglasi-slobode-u-mejdanu-nakon-15-godina\/#article\",\"isPartOf\":{\"@id\":\"https:\/\/tuzlainfo.ba\/index.php\/novosti\/item\/293366-domacini-bosni-iz-visokog-u-narednom-kolu-kuglasi-slobode-u-mejdanu-nakon-15-godina\/\"},\"author\":{\"name\":\"Tuzla Info\",\"@id\":\"https:\/\/tuzlainfo.ba\/#\/schema\/person\/46cad4c57790cbc50781edd14870825a\"},\"headline\":\"Doma\u0107ini Bosni iz Visokog u narednom kolu: Kugla\u0161i Slobode u Mejdanu nakon 15 godina\",\"datePublished\":\"2026-02-02T17:08:12+00:00\",\"dateModified\":\"2026-02-02T14:50:30+00:00\",\"mainEntityOfPage\":{\"@id\":\"https:\/\/tuzlainfo.ba\/index.php\/novosti\/item\/293366-domacini-bosni-iz-visokog-u-narednom-kolu-kuglasi-slobode-u-mejdanu-nakon-15-godina\/\"},\"wordCount\":262,\"publisher\":{\"@id\":\"https:\/\/tuzlainfo.ba\/#organization\"},\"image\":{\"@id\":\"https:\/\/tuzlainfo.ba\/index.php\/novosti\/item\/293366-domacini-bosni-iz-visokog-u-narednom-kolu-kuglasi-slobode-u-mejdanu-nakon-15-godina\/#primaryimage\"},\"thumbnailUrl\":\"https:\/\/tuzlainfo.ba\/wp-content\/uploads\/2024\/11\/1811_kuglanje_kuglaski.jpg\",\"keywords\":[\"kugla\u0161i slobode\",\"sport\"],\"articleSection\":[\"Novosti\"],\"inLanguage\":\"bs-BA\"},{\"@type\":\"WebPage\",\"@id\":\"https:\/\/tuzlainfo.ba\/index.php\/novosti\/item\/293366-domacini-bosni-iz-visokog-u-narednom-kolu-kuglasi-slobode-u-mejdanu-nakon-15-godina\/\",\"url\":\"https:\/\/tuzlainfo.ba\/index.php\/novosti\/item\/293366-domacini-bosni-iz-visokog-u-narednom-kolu-kuglasi-slobode-u-mejdanu-nakon-15-godina\/\",\"name\":\"Doma\u0107ini Bosni iz Visokog u narednom kolu: Kugla\u0161i Slobode u Mejdanu nakon 15 godina - TuzlaInfo.ba\",\"isPartOf\":{\"@id\":\"https:\/\/tuzlainfo.ba\/#website\"},\"primaryImageOfPage\":{\"@id\":\"https:\/\/tuzlainfo.ba\/index.php\/novosti\/item\/293366-domacini-bosni-iz-visokog-u-narednom-kolu-kuglasi-slobode-u-mejdanu-nakon-15-godina\/#primaryimage\"},\"image\":{\"@id\":\"https:\/\/tuzlainfo.ba\/index.php\/novosti\/item\/293366-domacini-bosni-iz-visokog-u-narednom-kolu-kuglasi-slobode-u-mejdanu-nakon-15-godina\/#primaryimage\"},\"thumbnailUrl\":\"https:\/\/tuzlainfo.ba\/wp-content\/uploads\/2024\/11\/1811_kuglanje_kuglaski.jpg\",\"datePublished\":\"2026-02-02T17:08:12+00:00\",\"dateModified\":\"2026-02-02T14:50:30+00:00\",\"breadcrumb\":{\"@id\":\"https:\/\/tuzlainfo.ba\/index.php\/novosti\/item\/293366-domacini-bosni-iz-visokog-u-narednom-kolu-kuglasi-slobode-u-mejdanu-nakon-15-godina\/#breadcrumb\"},\"inLanguage\":\"bs-BA\",\"potentialAction\":[{\"@type\":\"ReadAction\",\"target\":[\"https:\/\/tuzlainfo.ba\/index.php\/novosti\/item\/293366-domacini-bosni-iz-visokog-u-narednom-kolu-kuglasi-slobode-u-mejdanu-nakon-15-godina\/\"]}]},{\"@type\":\"ImageObject\",\"inLanguage\":\"bs-BA\",\"@id\":\"https:\/\/tuzlainfo.ba\/index.php\/novosti\/item\/293366-domacini-bosni-iz-visokog-u-narednom-kolu-kuglasi-slobode-u-mejdanu-nakon-15-godina\/#primaryimage\",\"url\":\"https:\/\/tuzlainfo.ba\/wp-content\/uploads\/2024\/11\/1811_kuglanje_kuglaski.jpg\",\"contentUrl\":\"https:\/\/tuzlainfo.ba\/wp-content\/uploads\/2024\/11\/1811_kuglanje_kuglaski.jpg\",\"width\":1000,\"height\":675},{\"@type\":\"BreadcrumbList\",\"@id\":\"https:\/\/tuzlainfo.ba\/index.php\/novosti\/item\/293366-domacini-bosni-iz-visokog-u-narednom-kolu-kuglasi-slobode-u-mejdanu-nakon-15-godina\/#breadcrumb\",\"itemListElement\":[{\"@type\":\"ListItem\",\"position\":1,\"name\":\"Home\",\"item\":\"https:\/\/tuzlainfo.ba\/\"},{\"@type\":\"ListItem\",\"position\":2,\"name\":\"Doma\u0107ini Bosni iz Visokog u narednom kolu: Kugla\u0161i Slobode u Mejdanu nakon 15 godina\"}]},{\"@type\":\"WebSite\",\"@id\":\"https:\/\/tuzlainfo.ba\/#website\",\"url\":\"https:\/\/tuzlainfo.ba\/\",\"name\":\"TuzlaInfo.ba\",\"description\":\"Tuzla info, gradski informator - Tuzla na dlanu\",\"publisher\":{\"@id\":\"https:\/\/tuzlainfo.ba\/#organization\"},\"potentialAction\":[{\"@type\":\"SearchAction\",\"target\":{\"@type\":\"EntryPoint\",\"urlTemplate\":\"https:\/\/tuzlainfo.ba\/?s={search_term_string}\"},\"query-input\":{\"@type\":\"PropertyValueSpecification\",\"valueRequired\":true,\"valueName\":\"search_term_string\"}}],\"inLanguage\":\"bs-BA\"},{\"@type\":\"Organization\",\"@id\":\"https:\/\/tuzlainfo.ba\/#organization\",\"name\":\"TuzlaInfo.ba\",\"url\":\"https:\/\/tuzlainfo.ba\/\",\"logo\":{\"@type\":\"ImageObject\",\"inLanguage\":\"bs-BA\",\"@id\":\"https:\/\/tuzlainfo.ba\/#\/schema\/logo\/image\/\",\"url\":\"https:\/\/tuzlainfo.ba\/wp-content\/uploads\/2021\/03\/logo-ver-3-1.png\",\"contentUrl\":\"https:\/\/tuzlainfo.ba\/wp-content\/uploads\/2021\/03\/logo-ver-3-1.png\",\"width\":350,\"height\":95,\"caption\":\"TuzlaInfo.ba\"},\"image\":{\"@id\":\"https:\/\/tuzlainfo.ba\/#\/schema\/logo\/image\/\"},\"sameAs\":[\"https:\/\/www.facebook.com\/tuzlainfo.ba\/\"]},{\"@type\":\"Person\",\"@id\":\"https:\/\/tuzlainfo.ba\/#\/schema\/person\/46cad4c57790cbc50781edd14870825a\",\"name\":\"Tuzla Info\",\"image\":{\"@type\":\"ImageObject\",\"inLanguage\":\"bs-BA\",\"@id\":\"https:\/\/tuzlainfo.ba\/#\/schema\/person\/image\/\",\"url\":\"https:\/\/tuzlainfo.ba\/wp-content\/litespeed\/avatar\/b6c453a6c38e3654f2e4416c643fc25c.jpg?ver=1777051911\",\"contentUrl\":\"https:\/\/tuzlainfo.ba\/wp-content\/litespeed\/avatar\/b6c453a6c38e3654f2e4416c643fc25c.jpg?ver=1777051911\",\"caption\":\"Tuzla Info\"}}]}<\/script>\n<!-- \/ Yoast SEO plugin. -->","yoast_head_json":{"title":"Doma\u0107ini Bosni iz Visokog u narednom kolu: Kugla\u0161i Slobode u Mejdanu nakon 15 godina - TuzlaInfo.ba","robots":{"index":"index","follow":"follow","max-snippet":"max-snippet:-1","max-image-preview":"max-image-preview:large","max-video-preview":"max-video-preview:-1"},"canonical":"https:\/\/tuzlainfo.ba\/index.php\/novosti\/item\/293366-domacini-bosni-iz-visokog-u-narednom-kolu-kuglasi-slobode-u-mejdanu-nakon-15-godina\/","og_locale":"bs_BA","og_type":"article","og_title":"Doma\u0107ini Bosni iz Visokog u narednom kolu: Kugla\u0161i Slobode u Mejdanu nakon 15 godina - TuzlaInfo.ba","og_description":"Proteklu nedjelju odigrane su utakmice 13. kola Premijer lige Bosne i Hercegovine u kuglanju, kao&hellip;","og_url":"https:\/\/tuzlainfo.ba\/index.php\/novosti\/item\/293366-domacini-bosni-iz-visokog-u-narednom-kolu-kuglasi-slobode-u-mejdanu-nakon-15-godina\/","og_site_name":"TuzlaInfo.ba","article_publisher":"https:\/\/www.facebook.com\/tuzlainfo.ba\/","article_published_time":"2026-02-02T17:08:12+00:00","article_modified_time":"2026-02-02T14:50:30+00:00","og_image":[{"width":1000,"height":675,"url":"https:\/\/tuzlainfo.ba\/wp-content\/uploads\/2024\/11\/1811_kuglanje_kuglaski.jpg","type":"image\/jpeg"}],"author":"Tuzla Info","twitter_card":"summary_large_image","twitter_misc":{"Written by":"Tuzla Info","Est. reading time":"2 minute"},"schema":{"@context":"https:\/\/schema.org","@graph":[{"@type":"Article","@id":"https:\/\/tuzlainfo.ba\/index.php\/novosti\/item\/293366-domacini-bosni-iz-visokog-u-narednom-kolu-kuglasi-slobode-u-mejdanu-nakon-15-godina\/#article","isPartOf":{"@id":"https:\/\/tuzlainfo.ba\/index.php\/novosti\/item\/293366-domacini-bosni-iz-visokog-u-narednom-kolu-kuglasi-slobode-u-mejdanu-nakon-15-godina\/"},"author":{"name":"Tuzla Info","@id":"https:\/\/tuzlainfo.ba\/#\/schema\/person\/46cad4c57790cbc50781edd14870825a"},"headline":"Doma\u0107ini Bosni iz Visokog u narednom kolu: Kugla\u0161i Slobode u Mejdanu nakon 15 godina","datePublished":"2026-02-02T17:08:12+00:00","dateModified":"2026-02-02T14:50:30+00:00","mainEntityOfPage":{"@id":"https:\/\/tuzlainfo.ba\/index.php\/novosti\/item\/293366-domacini-bosni-iz-visokog-u-narednom-kolu-kuglasi-slobode-u-mejdanu-nakon-15-godina\/"},"wordCount":262,"publisher":{"@id":"https:\/\/tuzlainfo.ba\/#organization"},"image":{"@id":"https:\/\/tuzlainfo.ba\/index.php\/novosti\/item\/293366-domacini-bosni-iz-visokog-u-narednom-kolu-kuglasi-slobode-u-mejdanu-nakon-15-godina\/#primaryimage"},"thumbnailUrl":"https:\/\/tuzlainfo.ba\/wp-content\/uploads\/2024\/11\/1811_kuglanje_kuglaski.jpg","keywords":["kugla\u0161i slobode","sport"],"articleSection":["Novosti"],"inLanguage":"bs-BA"},{"@type":"WebPage","@id":"https:\/\/tuzlainfo.ba\/index.php\/novosti\/item\/293366-domacini-bosni-iz-visokog-u-narednom-kolu-kuglasi-slobode-u-mejdanu-nakon-15-godina\/","url":"https:\/\/tuzlainfo.ba\/index.php\/novosti\/item\/293366-domacini-bosni-iz-visokog-u-narednom-kolu-kuglasi-slobode-u-mejdanu-nakon-15-godina\/","name":"Doma\u0107ini Bosni iz Visokog u narednom kolu: Kugla\u0161i Slobode u Mejdanu nakon 15 godina - TuzlaInfo.ba","isPartOf":{"@id":"https:\/\/tuzlainfo.ba\/#website"},"primaryImageOfPage":{"@id":"https:\/\/tuzlainfo.ba\/index.php\/novosti\/item\/293366-domacini-bosni-iz-visokog-u-narednom-kolu-kuglasi-slobode-u-mejdanu-nakon-15-godina\/#primaryimage"},"image":{"@id":"https:\/\/tuzlainfo.ba\/index.php\/novosti\/item\/293366-domacini-bosni-iz-visokog-u-narednom-kolu-kuglasi-slobode-u-mejdanu-nakon-15-godina\/#primaryimage"},"thumbnailUrl":"https:\/\/tuzlainfo.ba\/wp-content\/uploads\/2024\/11\/1811_kuglanje_kuglaski.jpg","datePublished":"2026-02-02T17:08:12+00:00","dateModified":"2026-02-02T14:50:30+00:00","breadcrumb":{"@id":"https:\/\/tuzlainfo.ba\/index.php\/novosti\/item\/293366-domacini-bosni-iz-visokog-u-narednom-kolu-kuglasi-slobode-u-mejdanu-nakon-15-godina\/#breadcrumb"},"inLanguage":"bs-BA","potentialAction":[{"@type":"ReadAction","target":["https:\/\/tuzlainfo.ba\/index.php\/novosti\/item\/293366-domacini-bosni-iz-visokog-u-narednom-kolu-kuglasi-slobode-u-mejdanu-nakon-15-godina\/"]}]},{"@type":"ImageObject","inLanguage":"bs-BA","@id":"https:\/\/tuzlainfo.ba\/index.php\/novosti\/item\/293366-domacini-bosni-iz-visokog-u-narednom-kolu-kuglasi-slobode-u-mejdanu-nakon-15-godina\/#primaryimage","url":"https:\/\/tuzlainfo.ba\/wp-content\/uploads\/2024\/11\/1811_kuglanje_kuglaski.jpg","contentUrl":"https:\/\/tuzlainfo.ba\/wp-content\/uploads\/2024\/11\/1811_kuglanje_kuglaski.jpg","width":1000,"height":675},{"@type":"BreadcrumbList","@id":"https:\/\/tuzlainfo.ba\/index.php\/novosti\/item\/293366-domacini-bosni-iz-visokog-u-narednom-kolu-kuglasi-slobode-u-mejdanu-nakon-15-godina\/#breadcrumb","itemListElement":[{"@type":"ListItem","position":1,"name":"Home","item":"https:\/\/tuzlainfo.ba\/"},{"@type":"ListItem","position":2,"name":"Doma\u0107ini Bosni iz Visokog u narednom kolu: Kugla\u0161i Slobode u Mejdanu nakon 15 godina"}]},{"@type":"WebSite","@id":"https:\/\/tuzlainfo.ba\/#website","url":"https:\/\/tuzlainfo.ba\/","name":"TuzlaInfo.ba","description":"Tuzla info, gradski informator - Tuzla na dlanu","publisher":{"@id":"https:\/\/tuzlainfo.ba\/#organization"},"potentialAction":[{"@type":"SearchAction","target":{"@type":"EntryPoint","urlTemplate":"https:\/\/tuzlainfo.ba\/?s={search_term_string}"},"query-input":{"@type":"PropertyValueSpecification","valueRequired":true,"valueName":"search_term_string"}}],"inLanguage":"bs-BA"},{"@type":"Organization","@id":"https:\/\/tuzlainfo.ba\/#organization","name":"TuzlaInfo.ba","url":"https:\/\/tuzlainfo.ba\/","logo":{"@type":"ImageObject","inLanguage":"bs-BA","@id":"https:\/\/tuzlainfo.ba\/#\/schema\/logo\/image\/","url":"https:\/\/tuzlainfo.ba\/wp-content\/uploads\/2021\/03\/logo-ver-3-1.png","contentUrl":"https:\/\/tuzlainfo.ba\/wp-content\/uploads\/2021\/03\/logo-ver-3-1.png","width":350,"height":95,"caption":"TuzlaInfo.ba"},"image":{"@id":"https:\/\/tuzlainfo.ba\/#\/schema\/logo\/image\/"},"sameAs":["https:\/\/www.facebook.com\/tuzlainfo.ba\/"]},{"@type":"Person","@id":"https:\/\/tuzlainfo.ba\/#\/schema\/person\/46cad4c57790cbc50781edd14870825a","name":"Tuzla Info","image":{"@type":"ImageObject","inLanguage":"bs-BA","@id":"https:\/\/tuzlainfo.ba\/#\/schema\/person\/image\/","url":"https:\/\/tuzlainfo.ba\/wp-content\/litespeed\/avatar\/b6c453a6c38e3654f2e4416c643fc25c.jpg?ver=1777051911","contentUrl":"https:\/\/tuzlainfo.ba\/wp-content\/litespeed\/avatar\/b6c453a6c38e3654f2e4416c643fc25c.jpg?ver=1777051911","caption":"Tuzla Info"}}]}},"_links":{"self":[{"href":"https:\/\/tuzlainfo.ba\/index.php\/wp-json\/wp\/v2\/posts\/293366"}],"collection":[{"href":"https:\/\/tuzlainfo.ba\/index.php\/wp-json\/wp\/v2\/posts"}],"about":[{"href":"https:\/\/tuzlainfo.ba\/index.php\/wp-json\/wp\/v2\/types\/post"}],"author":[{"embeddable":true,"href":"https:\/\/tuzlainfo.ba\/index.php\/wp-json\/wp\/v2\/users\/4"}],"replies":[{"embeddable":true,"href":"https:\/\/tuzlainfo.ba\/index.php\/wp-json\/wp\/v2\/comments?post=293366"}],"version-history":[{"count":1,"href":"https:\/\/tuzlainfo.ba\/index.php\/wp-json\/wp\/v2\/posts\/293366\/revisions"}],"predecessor-version":[{"id":293367,"href":"https:\/\/tuzlainfo.ba\/index.php\/wp-json\/wp\/v2\/posts\/293366\/revisions\/293367"}],"wp:featuredmedia":[{"embeddable":true,"href":"https:\/\/tuzlainfo.ba\/index.php\/wp-json\/wp\/v2\/media\/255616"}],"wp:attachment":[{"href":"https:\/\/tuzlainfo.ba\/index.php\/wp-json\/wp\/v2\/media?parent=293366"}],"wp:term":[{"taxonomy":"category","embeddable":true,"href":"https:\/\/tuzlainfo.ba\/index.php\/wp-json\/wp\/v2\/categories?post=293366"},{"taxonomy":"post_tag","embeddable":true,"href":"https:\/\/tuzlainfo.ba\/index.php\/wp-json\/wp\/v2\/tags?post=293366"}],"curies":[{"name":"wp","href":"https:\/\/api.w.org\/{rel}","templated":true}]}}