{"id":292891,"date":"2026-01-27T12:29:55","date_gmt":"2026-01-27T11:29:55","guid":{"rendered":"https:\/\/tuzlainfo.ba\/?p=292891"},"modified":"2026-01-27T12:33:57","modified_gmt":"2026-01-27T11:33:57","slug":"medju-115-primljenih-radnika-u-ukc-tuzla-nema-ni-jednog-hrvata-a-znate-li-zasto","status":"publish","type":"post","link":"https:\/\/tuzlainfo.ba\/index.php\/novosti\/item\/292891-medju-115-primljenih-radnika-u-ukc-tuzla-nema-ni-jednog-hrvata-a-znate-li-zasto\/","title":{"rendered":"Me\u0111u 115 primljenih radnika u UKC Tuzla nema ni jednog Hrvata, a znate li za\u0161to?"},"content":{"rendered":"<p data-start=\"272\" data-end=\"714\">Nakon \u0161to je objavljena informacija o rezultatima javnih oglasa za prijem 115 zdravstvenih i administrativnih radnika u UKC Tuzla, na dru\u0161tvenim mre\u017eama se ekpresno pojavila anonimna objava sa stranice koja se predstavlja kao \u201eGlas Hrvata&#8221; koji \u017eive u Tuzlanskom kantonu.<\/p>\n<p data-start=\"272\" data-end=\"714\">U toj objavi se, kako smo ve\u0107 navikli i od drugioh stranica poku\u0161alo prikazati da je rije\u010d o nacionalnoj diskriminaciji, uz tvrdnju da me\u0111u primljenim kandidatima \u201enema nijednog Hrvata\u201c.<\/p>\n<p data-start=\"272\" data-end=\"714\"><img fetchpriority=\"high\" decoding=\"async\" class=\"alignnone size-full wp-image-292894\" src=\"https:\/\/tuzlainfo.ba\/wp-content\/uploads\/2026\/01\/screen.jpg\" alt=\"\" width=\"679\" height=\"710\" srcset=\"https:\/\/tuzlainfo.ba\/wp-content\/uploads\/2026\/01\/screen.jpg 679w, https:\/\/tuzlainfo.ba\/wp-content\/uploads\/2026\/01\/screen-287x300.jpg 287w, https:\/\/tuzlainfo.ba\/wp-content\/uploads\/2026\/01\/screen-585x612.jpg 585w, https:\/\/tuzlainfo.ba\/wp-content\/uploads\/2026\/01\/screen-150x157.jpg 150w, https:\/\/tuzlainfo.ba\/wp-content\/uploads\/2026\/01\/screen-478x500.jpg 478w\" sizes=\"(max-width: 679px) 100vw, 679px\" \/><\/p>\n<p data-start=\"716\" data-end=\"789\">Zlonamjerna, manipulativna i \u010dinjeni\u010dno neutemeljena objava je lako oboriva, samo sa nekoliko klikova.<\/p>\n<p data-start=\"791\" data-end=\"1127\">Naime, u tekstu koji je Tuzlainfo.ba objavio <a href=\"https:\/\/tuzlainfo.ba\/index.php\/novosti\/item\/292832-ukc-tuzla-objavio-rezultate-konkursa-u-radni-odnos-primljeno-115-radnika\/\"><span style=\"text-decoration: underline; color: #ff0000;\"><strong>a koji je dostupan na ovom linku<\/strong><\/span><\/a>, jasno su navedeni linkovi na zvani\u010dne liste uspje\u0161nih kandidata, koje su javno dostupne i transparentne. Na tim listama se nalaze imena svih primljenih kandidata, ali i onih koji su bili ispod crte, odnosno svih osoba koje su se prijavile na konkurse, a nisu ostvarile dovoljan broj bodova.<\/p>\n<p data-start=\"1129\" data-end=\"1532\">Provjerili smo sve objavljene liste, a \u0161to mogu uraditi i svi drugi. Iako se uz imena kandidata ne navodi nacionalna pripadnost \u2013 \u0161to je zakonski ispravno i na konkursu nikom ne zna\u010di ni\u0161ta, ako pogledamo imena i prezimena, kao i imena roditelja, te uvida u kompletan spisak prijavljenih, utvr\u0111eno je da se na ove javne oglase nije prijavio nijedan kandidat hrvatske nacionalnosti.<\/p>\n<p data-start=\"1534\" data-end=\"1837\">Na konkurse se prijavilo vi\u0161e od 200 osoba, ali me\u0111u prijavljenima zaista nije bilo Hrvata. Samim tim, jasno je i logi\u010dno za\u0161to ih nema ni me\u0111u primljenim kandidatima.<\/p>\n<p data-start=\"1839\" data-end=\"2187\">Poku\u0161aj da se ovaj slu\u010daj predstavi kao \u201eetni\u010dko \u010di\u0161\u0107enje\u201c ili \u201eraspad multikulturalnosti Tuzle\u201c predstavlja grubo izvrtanje \u010dinjenica i svjesno obmanjivanje javnosti.<\/p>\n<p data-start=\"2189\" data-end=\"2572\">Na\u017ealost, anonimne stranice i profili na dru\u0161tvenim mre\u017eama sve \u010de\u0161\u0107e koriste upravo ovakve primjere kako bi, bez ikakve odgovornosti, \u0161irili neta\u010dne i zapaljive informacije. U prostoru interneta, gdje jo\u0161 uvijek ne postoji efikasan sistem regulacije i sankcionisanja, plasiranje dezinformacija je jednostavno \u2013 ali to ne zna\u010di da je dopu\u0161teno niti bez posljedica po dru\u0161tvenu atmosferu.<\/p>\n<p data-start=\"2189\" data-end=\"2572\">O drugim aspektima provedenog konkursa i eventualnim nepravilnostima bi se moglo govoriti, ali o ovom &#8220;nacionalnom&#8221; je zaista smije\u0161no. Kada bi imali uvid u podatke zanimljivo bi bilo vidjeti koliko je primljeno radnika koji imaju prebivali\u0161te u Tuzli, gradu koji \u010dini \u010detvrtinu stanovni\u0161tva u Tuzlanskom kantonu. <strong>\/Tuzlainfo.ba\/<\/strong><\/p>\n","protected":false},"excerpt":{"rendered":"<p>Nakon \u0161to je objavljena informacija o rezultatima javnih oglasa za prijem 115 zdravstvenih i administrativnih&hellip;<\/p>\n","protected":false},"author":2,"featured_media":292833,"comment_status":"closed","ping_status":"closed","sticky":false,"template":"","format":"standard","meta":{"_acf_changed":false,"footnotes":""},"categories":[304,12],"tags":[458],"acf":[],"yoast_head":"<!-- This site is optimized with the Yoast SEO plugin v23.5 - https:\/\/yoast.com\/wordpress\/plugins\/seo\/ -->\n<title>Me\u0111u 115 primljenih radnika u UKC Tuzla nema ni jednog Hrvata, a znate li za\u0161to? - TuzlaInfo.ba<\/title>\n<meta name=\"robots\" content=\"index, follow, max-snippet:-1, max-image-preview:large, max-video-preview:-1\" \/>\n<link rel=\"canonical\" href=\"https:\/\/tuzlainfo.ba\/index.php\/novosti\/item\/292891-medju-115-primljenih-radnika-u-ukc-tuzla-nema-ni-jednog-hrvata-a-znate-li-zasto\/\" \/>\n<meta property=\"og:locale\" content=\"bs_BA\" \/>\n<meta property=\"og:type\" content=\"article\" \/>\n<meta property=\"og:title\" content=\"Me\u0111u 115 primljenih radnika u UKC Tuzla nema ni jednog Hrvata, a znate li za\u0161to? - TuzlaInfo.ba\" \/>\n<meta property=\"og:description\" content=\"Nakon \u0161to je objavljena informacija o rezultatima javnih oglasa za prijem 115 zdravstvenih i administrativnih&hellip;\" \/>\n<meta property=\"og:url\" content=\"https:\/\/tuzlainfo.ba\/index.php\/novosti\/item\/292891-medju-115-primljenih-radnika-u-ukc-tuzla-nema-ni-jednog-hrvata-a-znate-li-zasto\/\" \/>\n<meta property=\"og:site_name\" content=\"TuzlaInfo.ba\" \/>\n<meta property=\"article:publisher\" content=\"https:\/\/www.facebook.com\/tuzlainfo.ba\/\" \/>\n<meta property=\"article:published_time\" content=\"2026-01-27T11:29:55+00:00\" \/>\n<meta property=\"article:modified_time\" content=\"2026-01-27T11:33:57+00:00\" \/>\n<meta property=\"og:image\" content=\"https:\/\/tuzlainfo.ba\/wp-content\/uploads\/2026\/01\/2601_lista_ukc.jpg\" \/>\n\t<meta property=\"og:image:width\" content=\"1000\" \/>\n\t<meta property=\"og:image:height\" content=\"562\" \/>\n\t<meta property=\"og:image:type\" content=\"image\/jpeg\" \/>\n<meta name=\"author\" content=\"nedim\" \/>\n<meta name=\"twitter:card\" content=\"summary_large_image\" \/>\n<meta name=\"twitter:label1\" content=\"Written by\" \/>\n\t<meta name=\"twitter:data1\" content=\"nedim\" \/>\n\t<meta name=\"twitter:label2\" content=\"Est. reading time\" \/>\n\t<meta name=\"twitter:data2\" content=\"3 minute\" \/>\n<script type=\"application\/ld+json\" class=\"yoast-schema-graph\">{\"@context\":\"https:\/\/schema.org\",\"@graph\":[{\"@type\":\"Article\",\"@id\":\"https:\/\/tuzlainfo.ba\/index.php\/novosti\/item\/292891-medju-115-primljenih-radnika-u-ukc-tuzla-nema-ni-jednog-hrvata-a-znate-li-zasto\/#article\",\"isPartOf\":{\"@id\":\"https:\/\/tuzlainfo.ba\/index.php\/novosti\/item\/292891-medju-115-primljenih-radnika-u-ukc-tuzla-nema-ni-jednog-hrvata-a-znate-li-zasto\/\"},\"author\":{\"name\":\"nedim\",\"@id\":\"https:\/\/tuzlainfo.ba\/#\/schema\/person\/f434e20dc27ea133923aab08451b7f7f\"},\"headline\":\"Me\u0111u 115 primljenih radnika u UKC Tuzla nema ni jednog Hrvata, a znate li za\u0161to?\",\"datePublished\":\"2026-01-27T11:29:55+00:00\",\"dateModified\":\"2026-01-27T11:33:57+00:00\",\"mainEntityOfPage\":{\"@id\":\"https:\/\/tuzlainfo.ba\/index.php\/novosti\/item\/292891-medju-115-primljenih-radnika-u-ukc-tuzla-nema-ni-jednog-hrvata-a-znate-li-zasto\/\"},\"wordCount\":400,\"publisher\":{\"@id\":\"https:\/\/tuzlainfo.ba\/#organization\"},\"image\":{\"@id\":\"https:\/\/tuzlainfo.ba\/index.php\/novosti\/item\/292891-medju-115-primljenih-radnika-u-ukc-tuzla-nema-ni-jednog-hrvata-a-znate-li-zasto\/#primaryimage\"},\"thumbnailUrl\":\"https:\/\/tuzlainfo.ba\/wp-content\/uploads\/2026\/01\/2601_lista_ukc.jpg\",\"keywords\":[\"ukc tuzla\"],\"articleSection\":[\"Istaknuto\",\"Novosti\"],\"inLanguage\":\"bs-BA\"},{\"@type\":\"WebPage\",\"@id\":\"https:\/\/tuzlainfo.ba\/index.php\/novosti\/item\/292891-medju-115-primljenih-radnika-u-ukc-tuzla-nema-ni-jednog-hrvata-a-znate-li-zasto\/\",\"url\":\"https:\/\/tuzlainfo.ba\/index.php\/novosti\/item\/292891-medju-115-primljenih-radnika-u-ukc-tuzla-nema-ni-jednog-hrvata-a-znate-li-zasto\/\",\"name\":\"Me\u0111u 115 primljenih radnika u UKC Tuzla nema ni jednog Hrvata, a znate li za\u0161to? - TuzlaInfo.ba\",\"isPartOf\":{\"@id\":\"https:\/\/tuzlainfo.ba\/#website\"},\"primaryImageOfPage\":{\"@id\":\"https:\/\/tuzlainfo.ba\/index.php\/novosti\/item\/292891-medju-115-primljenih-radnika-u-ukc-tuzla-nema-ni-jednog-hrvata-a-znate-li-zasto\/#primaryimage\"},\"image\":{\"@id\":\"https:\/\/tuzlainfo.ba\/index.php\/novosti\/item\/292891-medju-115-primljenih-radnika-u-ukc-tuzla-nema-ni-jednog-hrvata-a-znate-li-zasto\/#primaryimage\"},\"thumbnailUrl\":\"https:\/\/tuzlainfo.ba\/wp-content\/uploads\/2026\/01\/2601_lista_ukc.jpg\",\"datePublished\":\"2026-01-27T11:29:55+00:00\",\"dateModified\":\"2026-01-27T11:33:57+00:00\",\"breadcrumb\":{\"@id\":\"https:\/\/tuzlainfo.ba\/index.php\/novosti\/item\/292891-medju-115-primljenih-radnika-u-ukc-tuzla-nema-ni-jednog-hrvata-a-znate-li-zasto\/#breadcrumb\"},\"inLanguage\":\"bs-BA\",\"potentialAction\":[{\"@type\":\"ReadAction\",\"target\":[\"https:\/\/tuzlainfo.ba\/index.php\/novosti\/item\/292891-medju-115-primljenih-radnika-u-ukc-tuzla-nema-ni-jednog-hrvata-a-znate-li-zasto\/\"]}]},{\"@type\":\"ImageObject\",\"inLanguage\":\"bs-BA\",\"@id\":\"https:\/\/tuzlainfo.ba\/index.php\/novosti\/item\/292891-medju-115-primljenih-radnika-u-ukc-tuzla-nema-ni-jednog-hrvata-a-znate-li-zasto\/#primaryimage\",\"url\":\"https:\/\/tuzlainfo.ba\/wp-content\/uploads\/2026\/01\/2601_lista_ukc.jpg\",\"contentUrl\":\"https:\/\/tuzlainfo.ba\/wp-content\/uploads\/2026\/01\/2601_lista_ukc.jpg\",\"width\":1000,\"height\":562},{\"@type\":\"BreadcrumbList\",\"@id\":\"https:\/\/tuzlainfo.ba\/index.php\/novosti\/item\/292891-medju-115-primljenih-radnika-u-ukc-tuzla-nema-ni-jednog-hrvata-a-znate-li-zasto\/#breadcrumb\",\"itemListElement\":[{\"@type\":\"ListItem\",\"position\":1,\"name\":\"Home\",\"item\":\"https:\/\/tuzlainfo.ba\/\"},{\"@type\":\"ListItem\",\"position\":2,\"name\":\"Me\u0111u 115 primljenih radnika u UKC Tuzla nema ni jednog Hrvata, a znate li za\u0161to?\"}]},{\"@type\":\"WebSite\",\"@id\":\"https:\/\/tuzlainfo.ba\/#website\",\"url\":\"https:\/\/tuzlainfo.ba\/\",\"name\":\"TuzlaInfo.ba\",\"description\":\"Tuzla info, gradski informator - Tuzla na dlanu\",\"publisher\":{\"@id\":\"https:\/\/tuzlainfo.ba\/#organization\"},\"potentialAction\":[{\"@type\":\"SearchAction\",\"target\":{\"@type\":\"EntryPoint\",\"urlTemplate\":\"https:\/\/tuzlainfo.ba\/?s={search_term_string}\"},\"query-input\":{\"@type\":\"PropertyValueSpecification\",\"valueRequired\":true,\"valueName\":\"search_term_string\"}}],\"inLanguage\":\"bs-BA\"},{\"@type\":\"Organization\",\"@id\":\"https:\/\/tuzlainfo.ba\/#organization\",\"name\":\"TuzlaInfo.ba\",\"url\":\"https:\/\/tuzlainfo.ba\/\",\"logo\":{\"@type\":\"ImageObject\",\"inLanguage\":\"bs-BA\",\"@id\":\"https:\/\/tuzlainfo.ba\/#\/schema\/logo\/image\/\",\"url\":\"https:\/\/tuzlainfo.ba\/wp-content\/uploads\/2021\/03\/logo-ver-3-1.png\",\"contentUrl\":\"https:\/\/tuzlainfo.ba\/wp-content\/uploads\/2021\/03\/logo-ver-3-1.png\",\"width\":350,\"height\":95,\"caption\":\"TuzlaInfo.ba\"},\"image\":{\"@id\":\"https:\/\/tuzlainfo.ba\/#\/schema\/logo\/image\/\"},\"sameAs\":[\"https:\/\/www.facebook.com\/tuzlainfo.ba\/\"]},{\"@type\":\"Person\",\"@id\":\"https:\/\/tuzlainfo.ba\/#\/schema\/person\/f434e20dc27ea133923aab08451b7f7f\",\"name\":\"nedim\",\"image\":{\"@type\":\"ImageObject\",\"inLanguage\":\"bs-BA\",\"@id\":\"https:\/\/tuzlainfo.ba\/#\/schema\/person\/image\/\",\"url\":\"https:\/\/tuzlainfo.ba\/wp-content\/litespeed\/avatar\/aabad687af24844af817603ac1cbdc4f.jpg?ver=1777306975\",\"contentUrl\":\"https:\/\/tuzlainfo.ba\/wp-content\/litespeed\/avatar\/aabad687af24844af817603ac1cbdc4f.jpg?ver=1777306975\",\"caption\":\"nedim\"},\"description\":\"Tuzlainfo.ba pratite na dru\u0161tvenim mre\u017eama: Facebook, Instagram i Youtube. Svoje pri\u010de, upite i fotografije \u0161aljite na na\u0161u e-mail adresu.\"}]}<\/script>\n<!-- \/ Yoast SEO plugin. -->","yoast_head_json":{"title":"Me\u0111u 115 primljenih radnika u UKC Tuzla nema ni jednog Hrvata, a znate li za\u0161to? - TuzlaInfo.ba","robots":{"index":"index","follow":"follow","max-snippet":"max-snippet:-1","max-image-preview":"max-image-preview:large","max-video-preview":"max-video-preview:-1"},"canonical":"https:\/\/tuzlainfo.ba\/index.php\/novosti\/item\/292891-medju-115-primljenih-radnika-u-ukc-tuzla-nema-ni-jednog-hrvata-a-znate-li-zasto\/","og_locale":"bs_BA","og_type":"article","og_title":"Me\u0111u 115 primljenih radnika u UKC Tuzla nema ni jednog Hrvata, a znate li za\u0161to? - TuzlaInfo.ba","og_description":"Nakon \u0161to je objavljena informacija o rezultatima javnih oglasa za prijem 115 zdravstvenih i administrativnih&hellip;","og_url":"https:\/\/tuzlainfo.ba\/index.php\/novosti\/item\/292891-medju-115-primljenih-radnika-u-ukc-tuzla-nema-ni-jednog-hrvata-a-znate-li-zasto\/","og_site_name":"TuzlaInfo.ba","article_publisher":"https:\/\/www.facebook.com\/tuzlainfo.ba\/","article_published_time":"2026-01-27T11:29:55+00:00","article_modified_time":"2026-01-27T11:33:57+00:00","og_image":[{"width":1000,"height":562,"url":"https:\/\/tuzlainfo.ba\/wp-content\/uploads\/2026\/01\/2601_lista_ukc.jpg","type":"image\/jpeg"}],"author":"nedim","twitter_card":"summary_large_image","twitter_misc":{"Written by":"nedim","Est. reading time":"3 minute"},"schema":{"@context":"https:\/\/schema.org","@graph":[{"@type":"Article","@id":"https:\/\/tuzlainfo.ba\/index.php\/novosti\/item\/292891-medju-115-primljenih-radnika-u-ukc-tuzla-nema-ni-jednog-hrvata-a-znate-li-zasto\/#article","isPartOf":{"@id":"https:\/\/tuzlainfo.ba\/index.php\/novosti\/item\/292891-medju-115-primljenih-radnika-u-ukc-tuzla-nema-ni-jednog-hrvata-a-znate-li-zasto\/"},"author":{"name":"nedim","@id":"https:\/\/tuzlainfo.ba\/#\/schema\/person\/f434e20dc27ea133923aab08451b7f7f"},"headline":"Me\u0111u 115 primljenih radnika u UKC Tuzla nema ni jednog Hrvata, a znate li za\u0161to?","datePublished":"2026-01-27T11:29:55+00:00","dateModified":"2026-01-27T11:33:57+00:00","mainEntityOfPage":{"@id":"https:\/\/tuzlainfo.ba\/index.php\/novosti\/item\/292891-medju-115-primljenih-radnika-u-ukc-tuzla-nema-ni-jednog-hrvata-a-znate-li-zasto\/"},"wordCount":400,"publisher":{"@id":"https:\/\/tuzlainfo.ba\/#organization"},"image":{"@id":"https:\/\/tuzlainfo.ba\/index.php\/novosti\/item\/292891-medju-115-primljenih-radnika-u-ukc-tuzla-nema-ni-jednog-hrvata-a-znate-li-zasto\/#primaryimage"},"thumbnailUrl":"https:\/\/tuzlainfo.ba\/wp-content\/uploads\/2026\/01\/2601_lista_ukc.jpg","keywords":["ukc tuzla"],"articleSection":["Istaknuto","Novosti"],"inLanguage":"bs-BA"},{"@type":"WebPage","@id":"https:\/\/tuzlainfo.ba\/index.php\/novosti\/item\/292891-medju-115-primljenih-radnika-u-ukc-tuzla-nema-ni-jednog-hrvata-a-znate-li-zasto\/","url":"https:\/\/tuzlainfo.ba\/index.php\/novosti\/item\/292891-medju-115-primljenih-radnika-u-ukc-tuzla-nema-ni-jednog-hrvata-a-znate-li-zasto\/","name":"Me\u0111u 115 primljenih radnika u UKC Tuzla nema ni jednog Hrvata, a znate li za\u0161to? - TuzlaInfo.ba","isPartOf":{"@id":"https:\/\/tuzlainfo.ba\/#website"},"primaryImageOfPage":{"@id":"https:\/\/tuzlainfo.ba\/index.php\/novosti\/item\/292891-medju-115-primljenih-radnika-u-ukc-tuzla-nema-ni-jednog-hrvata-a-znate-li-zasto\/#primaryimage"},"image":{"@id":"https:\/\/tuzlainfo.ba\/index.php\/novosti\/item\/292891-medju-115-primljenih-radnika-u-ukc-tuzla-nema-ni-jednog-hrvata-a-znate-li-zasto\/#primaryimage"},"thumbnailUrl":"https:\/\/tuzlainfo.ba\/wp-content\/uploads\/2026\/01\/2601_lista_ukc.jpg","datePublished":"2026-01-27T11:29:55+00:00","dateModified":"2026-01-27T11:33:57+00:00","breadcrumb":{"@id":"https:\/\/tuzlainfo.ba\/index.php\/novosti\/item\/292891-medju-115-primljenih-radnika-u-ukc-tuzla-nema-ni-jednog-hrvata-a-znate-li-zasto\/#breadcrumb"},"inLanguage":"bs-BA","potentialAction":[{"@type":"ReadAction","target":["https:\/\/tuzlainfo.ba\/index.php\/novosti\/item\/292891-medju-115-primljenih-radnika-u-ukc-tuzla-nema-ni-jednog-hrvata-a-znate-li-zasto\/"]}]},{"@type":"ImageObject","inLanguage":"bs-BA","@id":"https:\/\/tuzlainfo.ba\/index.php\/novosti\/item\/292891-medju-115-primljenih-radnika-u-ukc-tuzla-nema-ni-jednog-hrvata-a-znate-li-zasto\/#primaryimage","url":"https:\/\/tuzlainfo.ba\/wp-content\/uploads\/2026\/01\/2601_lista_ukc.jpg","contentUrl":"https:\/\/tuzlainfo.ba\/wp-content\/uploads\/2026\/01\/2601_lista_ukc.jpg","width":1000,"height":562},{"@type":"BreadcrumbList","@id":"https:\/\/tuzlainfo.ba\/index.php\/novosti\/item\/292891-medju-115-primljenih-radnika-u-ukc-tuzla-nema-ni-jednog-hrvata-a-znate-li-zasto\/#breadcrumb","itemListElement":[{"@type":"ListItem","position":1,"name":"Home","item":"https:\/\/tuzlainfo.ba\/"},{"@type":"ListItem","position":2,"name":"Me\u0111u 115 primljenih radnika u UKC Tuzla nema ni jednog Hrvata, a znate li za\u0161to?"}]},{"@type":"WebSite","@id":"https:\/\/tuzlainfo.ba\/#website","url":"https:\/\/tuzlainfo.ba\/","name":"TuzlaInfo.ba","description":"Tuzla info, gradski informator - Tuzla na dlanu","publisher":{"@id":"https:\/\/tuzlainfo.ba\/#organization"},"potentialAction":[{"@type":"SearchAction","target":{"@type":"EntryPoint","urlTemplate":"https:\/\/tuzlainfo.ba\/?s={search_term_string}"},"query-input":{"@type":"PropertyValueSpecification","valueRequired":true,"valueName":"search_term_string"}}],"inLanguage":"bs-BA"},{"@type":"Organization","@id":"https:\/\/tuzlainfo.ba\/#organization","name":"TuzlaInfo.ba","url":"https:\/\/tuzlainfo.ba\/","logo":{"@type":"ImageObject","inLanguage":"bs-BA","@id":"https:\/\/tuzlainfo.ba\/#\/schema\/logo\/image\/","url":"https:\/\/tuzlainfo.ba\/wp-content\/uploads\/2021\/03\/logo-ver-3-1.png","contentUrl":"https:\/\/tuzlainfo.ba\/wp-content\/uploads\/2021\/03\/logo-ver-3-1.png","width":350,"height":95,"caption":"TuzlaInfo.ba"},"image":{"@id":"https:\/\/tuzlainfo.ba\/#\/schema\/logo\/image\/"},"sameAs":["https:\/\/www.facebook.com\/tuzlainfo.ba\/"]},{"@type":"Person","@id":"https:\/\/tuzlainfo.ba\/#\/schema\/person\/f434e20dc27ea133923aab08451b7f7f","name":"nedim","image":{"@type":"ImageObject","inLanguage":"bs-BA","@id":"https:\/\/tuzlainfo.ba\/#\/schema\/person\/image\/","url":"https:\/\/tuzlainfo.ba\/wp-content\/litespeed\/avatar\/aabad687af24844af817603ac1cbdc4f.jpg?ver=1777306975","contentUrl":"https:\/\/tuzlainfo.ba\/wp-content\/litespeed\/avatar\/aabad687af24844af817603ac1cbdc4f.jpg?ver=1777306975","caption":"nedim"},"description":"Tuzlainfo.ba pratite na dru\u0161tvenim mre\u017eama: Facebook, Instagram i Youtube. Svoje pri\u010de, upite i fotografije \u0161aljite na na\u0161u e-mail adresu."}]}},"_links":{"self":[{"href":"https:\/\/tuzlainfo.ba\/index.php\/wp-json\/wp\/v2\/posts\/292891"}],"collection":[{"href":"https:\/\/tuzlainfo.ba\/index.php\/wp-json\/wp\/v2\/posts"}],"about":[{"href":"https:\/\/tuzlainfo.ba\/index.php\/wp-json\/wp\/v2\/types\/post"}],"author":[{"embeddable":true,"href":"https:\/\/tuzlainfo.ba\/index.php\/wp-json\/wp\/v2\/users\/2"}],"replies":[{"embeddable":true,"href":"https:\/\/tuzlainfo.ba\/index.php\/wp-json\/wp\/v2\/comments?post=292891"}],"version-history":[{"count":3,"href":"https:\/\/tuzlainfo.ba\/index.php\/wp-json\/wp\/v2\/posts\/292891\/revisions"}],"predecessor-version":[{"id":292900,"href":"https:\/\/tuzlainfo.ba\/index.php\/wp-json\/wp\/v2\/posts\/292891\/revisions\/292900"}],"wp:featuredmedia":[{"embeddable":true,"href":"https:\/\/tuzlainfo.ba\/index.php\/wp-json\/wp\/v2\/media\/292833"}],"wp:attachment":[{"href":"https:\/\/tuzlainfo.ba\/index.php\/wp-json\/wp\/v2\/media?parent=292891"}],"wp:term":[{"taxonomy":"category","embeddable":true,"href":"https:\/\/tuzlainfo.ba\/index.php\/wp-json\/wp\/v2\/categories?post=292891"},{"taxonomy":"post_tag","embeddable":true,"href":"https:\/\/tuzlainfo.ba\/index.php\/wp-json\/wp\/v2\/tags?post=292891"}],"curies":[{"name":"wp","href":"https:\/\/api.w.org\/{rel}","templated":true}]}}