{"id":292675,"date":"2026-01-24T09:30:58","date_gmt":"2026-01-24T08:30:58","guid":{"rendered":"https:\/\/tuzlainfo.ba\/?p=292675"},"modified":"2026-01-24T10:52:25","modified_gmt":"2026-01-24T09:52:25","slug":"bez-idejnog-rjesenja-ali-s-animacijama-jp-autoceste-fbih-crtaju-brze-ceste-za-tuzlanski-kanton","status":"publish","type":"post","link":"https:\/\/tuzlainfo.ba\/index.php\/novosti\/item\/292675-bez-idejnog-rjesenja-ali-s-animacijama-jp-autoceste-fbih-crtaju-brze-ceste-za-tuzlanski-kanton\/","title":{"rendered":"Bez idejnog rje\u0161enja, ali s animacijama: JP Autoceste FBiH \u201ecrtaju\u201c brze ceste za Tuzlanski kanton"},"content":{"rendered":"<p data-start=\"272\" data-end=\"654\">Pred suo\u010davanjem s o\u010diglednim ogor\u010denjem gra\u0111ana Tuzlanskog kantona, koji za razliku od srednje Bosne i Hercegovine nemaju izgra\u0111en niti jedan metar brze ceste ili autoputa, iz JP Autoceste Federacije BiH na po\u010detku izborne godine javnosti su predstavljeni ambiciozni planovi, pra\u0107eni ilustracijama i kompjuterskim animacijama budu\u0107e putne mre\u017ee na ovom podru\u010dju.<\/p>\n<p data-start=\"656\" data-end=\"882\">Iz ovog javnog preduze\u0107a poru\u010duju da je Tuzlanski kanton kona\u010dno obuhva\u0107en ozbiljnijim planskim dokumentima, te da su zavr\u0161ena idejna rje\u0161enja i studije za dvije klju\u010dne dionice brzih cesta, ukupne du\u017eine gotovo 80 kilometara.<\/p>\n<h3 data-start=\"884\" data-end=\"933\">Zavr\u0161ena idejna rje\u0161enja i ulazak u novu fazu<\/h3>\n<p data-start=\"935\" data-end=\"1308\">Kako navode iz JP Autoceste FBiH, idejna rje\u0161enja izra\u0111ena su na osnovu detaljnih geodetskih i geolo\u0161kih podloga, uz razmatranje vi\u0161e varijantnih rje\u0161enja trasa. Nakon provedenih multikriterijalnih analiza odabrane su tehni\u010dki i ekonomski najpovoljnije varijante, koje su predstavljene i kroz vizualizacije kako bi se javnosti pribli\u017eio obim i slo\u017eenost planiranih zahvata.<\/p>\n<p data-start=\"1310\" data-end=\"1605\">U prvom kvartalu ove godine planirano je raspisivanje tendera za izradu idejnih projekata, \u010dime bi se projekti pomjerili iz faze studija prema konkretnijoj projektnoj dokumentaciji. Ove trase ujedno bi trebale \u010diniti osnovu budu\u0107eg Prostornog plana Tuzlanskog kantona, koji je trenutno u izradi.<\/p>\n<h3 data-start=\"1607\" data-end=\"1658\">Brza cesta Doboj Istok \u2013 Gra\u010danica \u2013 \u0160i\u0107ki Brod<\/h3>\n<p data-start=\"1660\" data-end=\"1822\">Prva i du\u017ea planirana dionica odnosi se na brzu cestu Doboj Istok \u2013 Gra\u010danica \u2013 \u0160i\u0107ki Brod, ukupne du\u017eine oko 42 kilometra. Za ovu trasu odabrana je varijanta V1.<\/p>\n<p><iframe title=\"JP Autoceste FBiH - Idejno rje\u0161enje brze ceste Doboj Istok \u2013 Gra\u010danica \u2013 \u0160i\u0107ki Brod\" width=\"1170\" height=\"658\" src=\"https:\/\/www.youtube.com\/embed\/CCuJ6byi8iM?feature=oembed\" frameborder=\"0\" allow=\"accelerometer; autoplay; clipboard-write; encrypted-media; gyroscope; picture-in-picture; web-share\" referrerpolicy=\"strict-origin-when-cross-origin\" allowfullscreen><\/iframe><\/p>\n<p data-start=\"1824\" data-end=\"2211\">Po\u010detak trase predvi\u0111en je na entitetskoj liniji na teritoriji op\u0107ine Doboj Istok, \u010dime bi se ostvarila veza s regijom Doboja i sjevernim dijelom zemlje. Trasa se dalje prote\u017ee prema Gra\u010danici, a zavr\u0161etak je planiran kao interregionalno \u010dvori\u0161te na podru\u010dju \u0160i\u0107kog Broda, gdje se cesta uklapa u budu\u0107u autocestu \u017dep\u010de \u2013 Tuzla \u2013 Ora\u0161je, ali i povezuje s trasom brze ceste prema Kalesiji.<\/p>\n<div id=\"penci-post-gallery__78284\" class=\"penci-post-gallery-container masonry grid column-3\" data-height=\"150\" data-margin=\"3\"><div class=\"inner-gallery-masonry-container\"><div class=\"item-gallery-masonry grid\"><a class=\"\" href=\"https:\/\/tuzlainfo.ba\/wp-content\/uploads\/2026\/01\/1.-petlja-DOBOJ-ISTOK.jpg\"><div class=\"inner-item-masonry-gallery\"><img decoding=\"async\" src=\"https:\/\/tuzlainfo.ba\/wp-content\/uploads\/2026\/01\/1.-petlja-DOBOJ-ISTOK-585x390.jpg\" alt=\"\" title=\"1.-petlja-DOBOJ-ISTOK\"><\/div><\/a><\/div><div class=\"item-gallery-masonry grid\"><a class=\"\" href=\"https:\/\/tuzlainfo.ba\/wp-content\/uploads\/2026\/01\/2.-petlja-BRIJESNICA.jpg\"><div class=\"inner-item-masonry-gallery\"><img decoding=\"async\" src=\"https:\/\/tuzlainfo.ba\/wp-content\/uploads\/2026\/01\/2.-petlja-BRIJESNICA-585x390.jpg\" alt=\"\" title=\"2.-petlja-BRIJESNICA\"><\/div><\/a><\/div><div class=\"item-gallery-masonry grid\"><a class=\"\" href=\"https:\/\/tuzlainfo.ba\/wp-content\/uploads\/2026\/01\/3.-petlja-GRACANICA.jpg\"><div class=\"inner-item-masonry-gallery\"><img decoding=\"async\" src=\"https:\/\/tuzlainfo.ba\/wp-content\/uploads\/2026\/01\/3.-petlja-GRACANICA-585x390.jpg\" alt=\"\" title=\"3.-petlja-GRACANICA\"><\/div><\/a><\/div><div class=\"item-gallery-masonry grid\"><a class=\"\" href=\"https:\/\/tuzlainfo.ba\/wp-content\/uploads\/2026\/01\/4.-petlja-ORAHOVICA.jpg\"><div class=\"inner-item-masonry-gallery\"><img decoding=\"async\" src=\"https:\/\/tuzlainfo.ba\/wp-content\/uploads\/2026\/01\/4.-petlja-ORAHOVICA-585x390.jpg\" alt=\"\" title=\"4.-petlja-ORAHOVICA\"><\/div><\/a><\/div><div class=\"item-gallery-masonry grid\"><a class=\"\" href=\"https:\/\/tuzlainfo.ba\/wp-content\/uploads\/2026\/01\/5.-petlja-GNOJNICA.jpg\"><div class=\"inner-item-masonry-gallery\"><img decoding=\"async\" src=\"https:\/\/tuzlainfo.ba\/wp-content\/uploads\/2026\/01\/5.-petlja-GNOJNICA-585x390.jpg\" alt=\"\" title=\"5.-petlja-GNOJNICA\"><\/div><\/a><\/div><div class=\"item-gallery-masonry grid\"><a class=\"\" href=\"https:\/\/tuzlainfo.ba\/wp-content\/uploads\/2026\/01\/6.-petlja-LUKAVAC.jpg\"><div class=\"inner-item-masonry-gallery\"><img decoding=\"async\" src=\"https:\/\/tuzlainfo.ba\/wp-content\/uploads\/2026\/01\/6.-petlja-LUKAVAC-585x390.jpg\" alt=\"\" title=\"6.-petlja-LUKAVAC\"><\/div><\/a><\/div><\/div><\/div>\n<p data-start=\"2213\" data-end=\"2502\">Prema tehni\u010dkom opisu, ova dionica obuhvata izuzetno zahtjevne infrastrukturne objekte, uklju\u010duju\u0107i izgradnju 16 mostova ukupne du\u017eine oko 2.670 metara, dva tunela du\u017eine pribli\u017eno 695 metara, kao i \u0161est petlji koje \u0107e omogu\u0107iti kvalitetno povezivanje lokalnih i regionalnih saobra\u0107ajnica.<\/p>\n<h3 data-start=\"2504\" data-end=\"2550\">Brza cesta \u0160i\u0107ki Brod \u2013 Dubrave \u2013 Kalesija<\/h3>\n<p data-start=\"2552\" data-end=\"2855\">Druga planirana dionica je brza cesta \u0160i\u0107ki Brod \u2013 Dubrave \u2013 Kalesija, du\u017eine oko 37 kilometara, za koju je odabrana varijanta V2. Ova trasa se nadovezuje na prethodnu dionicu putem interregionalnog \u010dvori\u0161ta u op\u0107ini Lukavac, koje ima zadatak da pove\u017ee autocestu Tuzla \u2013 Ora\u0161je s pravcem prema Zvorniku.<\/p>\n<p data-start=\"2857\" data-end=\"3034\">Zavr\u0161etak trase planiran je na podru\u010dju Kalesije, odnosno na entitetskoj liniji, \u010dime bi se ostvarila direktna veza isto\u010dnog dijela Tuzlanskog kantona s ostatkom Federacije BiH.<\/p>\n<p><iframe title=\"JP Autoceste FBiH - Idejno rje\u0161enje brze ceste \u0160i\u0107ki Brod \u2013 Dubrave \u2013 Kalesija\" width=\"1170\" height=\"658\" src=\"https:\/\/www.youtube.com\/embed\/qqAujXRncV8?feature=oembed\" frameborder=\"0\" allow=\"accelerometer; autoplay; clipboard-write; encrypted-media; gyroscope; picture-in-picture; web-share\" referrerpolicy=\"strict-origin-when-cross-origin\" allowfullscreen><\/iframe><\/p>\n<p data-start=\"3036\" data-end=\"3407\">Tehni\u010dki elementi ove dionice uklju\u010duju ukupno 32 infrastrukturna objekta, me\u0111u kojima su potputnjaci, natputnjaci, tzv. \u201ecut and cover\u201c objekti i hidrotehni\u010dki zahvati, ukupne du\u017eine oko 1.674 metra. Planirana je izgradnja \u0161est petlji, kao i centralnog interregionalnog \u010dvori\u0161ta \u0160i\u0107ki Brod, koje se u projektima ozna\u010dava kao klju\u010dna saobra\u0107ajna ta\u010dka Tuzlanskog kantona.<\/p>\n<h3 data-start=\"3409\" data-end=\"3448\">Strate\u0161ki zna\u010daj i o\u010dekivani efekti<\/h3>\n<p data-start=\"3450\" data-end=\"3812\">Iz JP Autoceste FBiH nagla\u0161avaju da bi realizacijom ovih projekata Tuzlanski kanton dobio savremenu, sigurnu i funkcionalnu saobra\u0107ajnu infrastrukturu, koja bi zna\u010dajno unaprijedila povezanost zapadnog i isto\u010dnog dijela kantona. Posebno se isti\u010de va\u017enost povezivanja s Koridorom Vc, regijama srednje i zapadne Bosne, kao i uklju\u010divanje u me\u0111unarodnu TEN-T mre\u017eu.<\/p>\n<p data-start=\"3814\" data-end=\"4235\">Interregionalno \u010dvori\u0161te \u0160i\u0107ki Brod opisuje se kao neizostavan dio cijelog sistema, bez kojeg, kako navode, Tuzlanski kanton ne mo\u017ee ostvariti puni ekonomski potencijal, ve\u0107u saobra\u0107ajnu sigurnost niti ravnopravno u\u010destvovati u regionalnim i evropskim saobra\u0107ajnim tokovima. Poseban zna\u010daj projekti imaju i za Me\u0111unarodni aerodrom Tuzla, te za privredni razvoj, skra\u0107enje vremena putovanja i kvalitet \u017eivota stanovni\u0161tva.<\/p>\n<h3 data-start=\"4237\" data-end=\"4303\">Najave u izbornoj godini i podsje\u0107anje na neispunjena obe\u0107anja<\/h3>\n<p data-start=\"4305\" data-end=\"4670\">Ipak, u javnosti se ne mo\u017ee zanemariti \u010dinjenica da se ovakve najave pojavljuju upravo u posljednjoj godini mandata aktuelne vlasti i Vlade Federacije BiH predvo\u0111ene SDP-om. Gra\u0111ani Tuzlanskog kantona podsje\u0107aju da su na predizbornim skupovima 2022. godine slu\u0161ali obe\u0107anja o potpunoj putnoj deblokadi kantona, uz jasno navedene pravce prema Br\u010dkom, \u017dep\u010du i Doboju.<\/p>\n<p data-start=\"4672\" data-end=\"5022\" data-is-last-node=\"\" data-is-only-node=\"\">Prema tada\u0161njim najavama, dio dionica trebao je biti zavr\u0161en, dio zapo\u010det, a dio barem isprojektovan. \u010cetiri godine kasnije, Tuzlanski kanton i dalje nema ni metra brze ceste ili autoputa, zbog \u010dega nove ilustracije i planovi kod velikog broja gra\u0111ana izazivaju podsmjeh\u00a0 i podsje\u0107anje da se Vlade FBiH mijenjaju a putna infrastruktura u tuzlanskom kantonu ostaje na nivou one iz 70-tih godina pro\u0161log vijeka.<strong>\/Tuzlainfo.ba\/<\/strong><\/p>\n","protected":false},"excerpt":{"rendered":"<p>Pred suo\u010davanjem s o\u010diglednim ogor\u010denjem gra\u0111ana Tuzlanskog kantona, koji za razliku od srednje Bosne i&hellip;<\/p>\n","protected":false},"author":2,"featured_media":292683,"comment_status":"closed","ping_status":"closed","sticky":false,"template":"","format":"standard","meta":{"_acf_changed":false,"footnotes":""},"categories":[304,12,306],"tags":[13349,6086,360],"acf":[],"yoast_head":"<!-- This site is optimized with the Yoast SEO plugin v23.5 - https:\/\/yoast.com\/wordpress\/plugins\/seo\/ -->\n<title>Bez idejnog rje\u0161enja, ali s animacijama: JP Autoceste FBiH \u201ecrtaju\u201c brze ceste za Tuzlanski kanton - TuzlaInfo.ba<\/title>\n<meta name=\"robots\" content=\"index, follow, max-snippet:-1, max-image-preview:large, max-video-preview:-1\" \/>\n<link rel=\"canonical\" href=\"https:\/\/tuzlainfo.ba\/index.php\/novosti\/item\/292675-bez-idejnog-rjesenja-ali-s-animacijama-jp-autoceste-fbih-crtaju-brze-ceste-za-tuzlanski-kanton\/\" \/>\n<meta property=\"og:locale\" content=\"bs_BA\" \/>\n<meta property=\"og:type\" content=\"article\" \/>\n<meta property=\"og:title\" content=\"Bez idejnog rje\u0161enja, ali s animacijama: JP Autoceste FBiH \u201ecrtaju\u201c brze ceste za Tuzlanski kanton - TuzlaInfo.ba\" \/>\n<meta property=\"og:description\" content=\"Pred suo\u010davanjem s o\u010diglednim ogor\u010denjem gra\u0111ana Tuzlanskog kantona, koji za razliku od srednje Bosne i&hellip;\" \/>\n<meta property=\"og:url\" content=\"https:\/\/tuzlainfo.ba\/index.php\/novosti\/item\/292675-bez-idejnog-rjesenja-ali-s-animacijama-jp-autoceste-fbih-crtaju-brze-ceste-za-tuzlanski-kanton\/\" \/>\n<meta property=\"og:site_name\" content=\"TuzlaInfo.ba\" \/>\n<meta property=\"article:publisher\" content=\"https:\/\/www.facebook.com\/tuzlainfo.ba\/\" \/>\n<meta property=\"article:published_time\" content=\"2026-01-24T08:30:58+00:00\" \/>\n<meta property=\"article:modified_time\" content=\"2026-01-24T09:52:25+00:00\" \/>\n<meta property=\"og:image\" content=\"https:\/\/tuzlainfo.ba\/wp-content\/uploads\/2026\/01\/2401_ceste_petlja.jpg\" \/>\n\t<meta property=\"og:image:width\" content=\"1000\" \/>\n\t<meta property=\"og:image:height\" content=\"504\" \/>\n\t<meta property=\"og:image:type\" content=\"image\/jpeg\" \/>\n<meta name=\"author\" content=\"nedim\" \/>\n<meta name=\"twitter:card\" content=\"summary_large_image\" \/>\n<meta name=\"twitter:label1\" content=\"Written by\" \/>\n\t<meta name=\"twitter:data1\" content=\"nedim\" \/>\n\t<meta name=\"twitter:label2\" content=\"Est. reading time\" \/>\n\t<meta name=\"twitter:data2\" content=\"4 minute\" \/>\n<script type=\"application\/ld+json\" class=\"yoast-schema-graph\">{\"@context\":\"https:\/\/schema.org\",\"@graph\":[{\"@type\":\"Article\",\"@id\":\"https:\/\/tuzlainfo.ba\/index.php\/novosti\/item\/292675-bez-idejnog-rjesenja-ali-s-animacijama-jp-autoceste-fbih-crtaju-brze-ceste-za-tuzlanski-kanton\/#article\",\"isPartOf\":{\"@id\":\"https:\/\/tuzlainfo.ba\/index.php\/novosti\/item\/292675-bez-idejnog-rjesenja-ali-s-animacijama-jp-autoceste-fbih-crtaju-brze-ceste-za-tuzlanski-kanton\/\"},\"author\":{\"name\":\"nedim\",\"@id\":\"https:\/\/tuzlainfo.ba\/#\/schema\/person\/f434e20dc27ea133923aab08451b7f7f\"},\"headline\":\"Bez idejnog rje\u0161enja, ali s animacijama: JP Autoceste FBiH \u201ecrtaju\u201c brze ceste za Tuzlanski kanton\",\"datePublished\":\"2026-01-24T08:30:58+00:00\",\"dateModified\":\"2026-01-24T09:52:25+00:00\",\"mainEntityOfPage\":{\"@id\":\"https:\/\/tuzlainfo.ba\/index.php\/novosti\/item\/292675-bez-idejnog-rjesenja-ali-s-animacijama-jp-autoceste-fbih-crtaju-brze-ceste-za-tuzlanski-kanton\/\"},\"wordCount\":815,\"publisher\":{\"@id\":\"https:\/\/tuzlainfo.ba\/#organization\"},\"image\":{\"@id\":\"https:\/\/tuzlainfo.ba\/index.php\/novosti\/item\/292675-bez-idejnog-rjesenja-ali-s-animacijama-jp-autoceste-fbih-crtaju-brze-ceste-za-tuzlanski-kanton\/#primaryimage\"},\"thumbnailUrl\":\"https:\/\/tuzlainfo.ba\/wp-content\/uploads\/2026\/01\/2401_ceste_petlja.jpg\",\"keywords\":[\"ceste fbih\",\"Putna deblokada TK\",\"tuzlanski kanton\"],\"articleSection\":[\"Istaknuto\",\"Novosti\",\"Preporu\u010dujemo\"],\"inLanguage\":\"bs-BA\"},{\"@type\":\"WebPage\",\"@id\":\"https:\/\/tuzlainfo.ba\/index.php\/novosti\/item\/292675-bez-idejnog-rjesenja-ali-s-animacijama-jp-autoceste-fbih-crtaju-brze-ceste-za-tuzlanski-kanton\/\",\"url\":\"https:\/\/tuzlainfo.ba\/index.php\/novosti\/item\/292675-bez-idejnog-rjesenja-ali-s-animacijama-jp-autoceste-fbih-crtaju-brze-ceste-za-tuzlanski-kanton\/\",\"name\":\"Bez idejnog rje\u0161enja, ali s animacijama: JP Autoceste FBiH \u201ecrtaju\u201c brze ceste za Tuzlanski kanton - TuzlaInfo.ba\",\"isPartOf\":{\"@id\":\"https:\/\/tuzlainfo.ba\/#website\"},\"primaryImageOfPage\":{\"@id\":\"https:\/\/tuzlainfo.ba\/index.php\/novosti\/item\/292675-bez-idejnog-rjesenja-ali-s-animacijama-jp-autoceste-fbih-crtaju-brze-ceste-za-tuzlanski-kanton\/#primaryimage\"},\"image\":{\"@id\":\"https:\/\/tuzlainfo.ba\/index.php\/novosti\/item\/292675-bez-idejnog-rjesenja-ali-s-animacijama-jp-autoceste-fbih-crtaju-brze-ceste-za-tuzlanski-kanton\/#primaryimage\"},\"thumbnailUrl\":\"https:\/\/tuzlainfo.ba\/wp-content\/uploads\/2026\/01\/2401_ceste_petlja.jpg\",\"datePublished\":\"2026-01-24T08:30:58+00:00\",\"dateModified\":\"2026-01-24T09:52:25+00:00\",\"breadcrumb\":{\"@id\":\"https:\/\/tuzlainfo.ba\/index.php\/novosti\/item\/292675-bez-idejnog-rjesenja-ali-s-animacijama-jp-autoceste-fbih-crtaju-brze-ceste-za-tuzlanski-kanton\/#breadcrumb\"},\"inLanguage\":\"bs-BA\",\"potentialAction\":[{\"@type\":\"ReadAction\",\"target\":[\"https:\/\/tuzlainfo.ba\/index.php\/novosti\/item\/292675-bez-idejnog-rjesenja-ali-s-animacijama-jp-autoceste-fbih-crtaju-brze-ceste-za-tuzlanski-kanton\/\"]}]},{\"@type\":\"ImageObject\",\"inLanguage\":\"bs-BA\",\"@id\":\"https:\/\/tuzlainfo.ba\/index.php\/novosti\/item\/292675-bez-idejnog-rjesenja-ali-s-animacijama-jp-autoceste-fbih-crtaju-brze-ceste-za-tuzlanski-kanton\/#primaryimage\",\"url\":\"https:\/\/tuzlainfo.ba\/wp-content\/uploads\/2026\/01\/2401_ceste_petlja.jpg\",\"contentUrl\":\"https:\/\/tuzlainfo.ba\/wp-content\/uploads\/2026\/01\/2401_ceste_petlja.jpg\",\"width\":1000,\"height\":504},{\"@type\":\"BreadcrumbList\",\"@id\":\"https:\/\/tuzlainfo.ba\/index.php\/novosti\/item\/292675-bez-idejnog-rjesenja-ali-s-animacijama-jp-autoceste-fbih-crtaju-brze-ceste-za-tuzlanski-kanton\/#breadcrumb\",\"itemListElement\":[{\"@type\":\"ListItem\",\"position\":1,\"name\":\"Home\",\"item\":\"https:\/\/tuzlainfo.ba\/\"},{\"@type\":\"ListItem\",\"position\":2,\"name\":\"Bez idejnog rje\u0161enja, ali s animacijama: JP Autoceste FBiH \u201ecrtaju\u201c brze ceste za Tuzlanski kanton\"}]},{\"@type\":\"WebSite\",\"@id\":\"https:\/\/tuzlainfo.ba\/#website\",\"url\":\"https:\/\/tuzlainfo.ba\/\",\"name\":\"TuzlaInfo.ba\",\"description\":\"Tuzla info, gradski informator - Tuzla na dlanu\",\"publisher\":{\"@id\":\"https:\/\/tuzlainfo.ba\/#organization\"},\"potentialAction\":[{\"@type\":\"SearchAction\",\"target\":{\"@type\":\"EntryPoint\",\"urlTemplate\":\"https:\/\/tuzlainfo.ba\/?s={search_term_string}\"},\"query-input\":{\"@type\":\"PropertyValueSpecification\",\"valueRequired\":true,\"valueName\":\"search_term_string\"}}],\"inLanguage\":\"bs-BA\"},{\"@type\":\"Organization\",\"@id\":\"https:\/\/tuzlainfo.ba\/#organization\",\"name\":\"TuzlaInfo.ba\",\"url\":\"https:\/\/tuzlainfo.ba\/\",\"logo\":{\"@type\":\"ImageObject\",\"inLanguage\":\"bs-BA\",\"@id\":\"https:\/\/tuzlainfo.ba\/#\/schema\/logo\/image\/\",\"url\":\"https:\/\/tuzlainfo.ba\/wp-content\/uploads\/2021\/03\/logo-ver-3-1.png\",\"contentUrl\":\"https:\/\/tuzlainfo.ba\/wp-content\/uploads\/2021\/03\/logo-ver-3-1.png\",\"width\":350,\"height\":95,\"caption\":\"TuzlaInfo.ba\"},\"image\":{\"@id\":\"https:\/\/tuzlainfo.ba\/#\/schema\/logo\/image\/\"},\"sameAs\":[\"https:\/\/www.facebook.com\/tuzlainfo.ba\/\"]},{\"@type\":\"Person\",\"@id\":\"https:\/\/tuzlainfo.ba\/#\/schema\/person\/f434e20dc27ea133923aab08451b7f7f\",\"name\":\"nedim\",\"image\":{\"@type\":\"ImageObject\",\"inLanguage\":\"bs-BA\",\"@id\":\"https:\/\/tuzlainfo.ba\/#\/schema\/person\/image\/\",\"url\":\"https:\/\/tuzlainfo.ba\/wp-content\/litespeed\/avatar\/aabad687af24844af817603ac1cbdc4f.jpg?ver=1776702173\",\"contentUrl\":\"https:\/\/tuzlainfo.ba\/wp-content\/litespeed\/avatar\/aabad687af24844af817603ac1cbdc4f.jpg?ver=1776702173\",\"caption\":\"nedim\"},\"description\":\"Tuzlainfo.ba pratite na dru\u0161tvenim mre\u017eama: Facebook, Instagram i Youtube. Svoje pri\u010de, upite i fotografije \u0161aljite na na\u0161u e-mail adresu.\"}]}<\/script>\n<!-- \/ Yoast SEO plugin. -->","yoast_head_json":{"title":"Bez idejnog rje\u0161enja, ali s animacijama: JP Autoceste FBiH \u201ecrtaju\u201c brze ceste za Tuzlanski kanton - TuzlaInfo.ba","robots":{"index":"index","follow":"follow","max-snippet":"max-snippet:-1","max-image-preview":"max-image-preview:large","max-video-preview":"max-video-preview:-1"},"canonical":"https:\/\/tuzlainfo.ba\/index.php\/novosti\/item\/292675-bez-idejnog-rjesenja-ali-s-animacijama-jp-autoceste-fbih-crtaju-brze-ceste-za-tuzlanski-kanton\/","og_locale":"bs_BA","og_type":"article","og_title":"Bez idejnog rje\u0161enja, ali s animacijama: JP Autoceste FBiH \u201ecrtaju\u201c brze ceste za Tuzlanski kanton - TuzlaInfo.ba","og_description":"Pred suo\u010davanjem s o\u010diglednim ogor\u010denjem gra\u0111ana Tuzlanskog kantona, koji za razliku od srednje Bosne i&hellip;","og_url":"https:\/\/tuzlainfo.ba\/index.php\/novosti\/item\/292675-bez-idejnog-rjesenja-ali-s-animacijama-jp-autoceste-fbih-crtaju-brze-ceste-za-tuzlanski-kanton\/","og_site_name":"TuzlaInfo.ba","article_publisher":"https:\/\/www.facebook.com\/tuzlainfo.ba\/","article_published_time":"2026-01-24T08:30:58+00:00","article_modified_time":"2026-01-24T09:52:25+00:00","og_image":[{"width":1000,"height":504,"url":"https:\/\/tuzlainfo.ba\/wp-content\/uploads\/2026\/01\/2401_ceste_petlja.jpg","type":"image\/jpeg"}],"author":"nedim","twitter_card":"summary_large_image","twitter_misc":{"Written by":"nedim","Est. reading time":"4 minute"},"schema":{"@context":"https:\/\/schema.org","@graph":[{"@type":"Article","@id":"https:\/\/tuzlainfo.ba\/index.php\/novosti\/item\/292675-bez-idejnog-rjesenja-ali-s-animacijama-jp-autoceste-fbih-crtaju-brze-ceste-za-tuzlanski-kanton\/#article","isPartOf":{"@id":"https:\/\/tuzlainfo.ba\/index.php\/novosti\/item\/292675-bez-idejnog-rjesenja-ali-s-animacijama-jp-autoceste-fbih-crtaju-brze-ceste-za-tuzlanski-kanton\/"},"author":{"name":"nedim","@id":"https:\/\/tuzlainfo.ba\/#\/schema\/person\/f434e20dc27ea133923aab08451b7f7f"},"headline":"Bez idejnog rje\u0161enja, ali s animacijama: JP Autoceste FBiH \u201ecrtaju\u201c brze ceste za Tuzlanski kanton","datePublished":"2026-01-24T08:30:58+00:00","dateModified":"2026-01-24T09:52:25+00:00","mainEntityOfPage":{"@id":"https:\/\/tuzlainfo.ba\/index.php\/novosti\/item\/292675-bez-idejnog-rjesenja-ali-s-animacijama-jp-autoceste-fbih-crtaju-brze-ceste-za-tuzlanski-kanton\/"},"wordCount":815,"publisher":{"@id":"https:\/\/tuzlainfo.ba\/#organization"},"image":{"@id":"https:\/\/tuzlainfo.ba\/index.php\/novosti\/item\/292675-bez-idejnog-rjesenja-ali-s-animacijama-jp-autoceste-fbih-crtaju-brze-ceste-za-tuzlanski-kanton\/#primaryimage"},"thumbnailUrl":"https:\/\/tuzlainfo.ba\/wp-content\/uploads\/2026\/01\/2401_ceste_petlja.jpg","keywords":["ceste fbih","Putna deblokada TK","tuzlanski kanton"],"articleSection":["Istaknuto","Novosti","Preporu\u010dujemo"],"inLanguage":"bs-BA"},{"@type":"WebPage","@id":"https:\/\/tuzlainfo.ba\/index.php\/novosti\/item\/292675-bez-idejnog-rjesenja-ali-s-animacijama-jp-autoceste-fbih-crtaju-brze-ceste-za-tuzlanski-kanton\/","url":"https:\/\/tuzlainfo.ba\/index.php\/novosti\/item\/292675-bez-idejnog-rjesenja-ali-s-animacijama-jp-autoceste-fbih-crtaju-brze-ceste-za-tuzlanski-kanton\/","name":"Bez idejnog rje\u0161enja, ali s animacijama: JP Autoceste FBiH \u201ecrtaju\u201c brze ceste za Tuzlanski kanton - TuzlaInfo.ba","isPartOf":{"@id":"https:\/\/tuzlainfo.ba\/#website"},"primaryImageOfPage":{"@id":"https:\/\/tuzlainfo.ba\/index.php\/novosti\/item\/292675-bez-idejnog-rjesenja-ali-s-animacijama-jp-autoceste-fbih-crtaju-brze-ceste-za-tuzlanski-kanton\/#primaryimage"},"image":{"@id":"https:\/\/tuzlainfo.ba\/index.php\/novosti\/item\/292675-bez-idejnog-rjesenja-ali-s-animacijama-jp-autoceste-fbih-crtaju-brze-ceste-za-tuzlanski-kanton\/#primaryimage"},"thumbnailUrl":"https:\/\/tuzlainfo.ba\/wp-content\/uploads\/2026\/01\/2401_ceste_petlja.jpg","datePublished":"2026-01-24T08:30:58+00:00","dateModified":"2026-01-24T09:52:25+00:00","breadcrumb":{"@id":"https:\/\/tuzlainfo.ba\/index.php\/novosti\/item\/292675-bez-idejnog-rjesenja-ali-s-animacijama-jp-autoceste-fbih-crtaju-brze-ceste-za-tuzlanski-kanton\/#breadcrumb"},"inLanguage":"bs-BA","potentialAction":[{"@type":"ReadAction","target":["https:\/\/tuzlainfo.ba\/index.php\/novosti\/item\/292675-bez-idejnog-rjesenja-ali-s-animacijama-jp-autoceste-fbih-crtaju-brze-ceste-za-tuzlanski-kanton\/"]}]},{"@type":"ImageObject","inLanguage":"bs-BA","@id":"https:\/\/tuzlainfo.ba\/index.php\/novosti\/item\/292675-bez-idejnog-rjesenja-ali-s-animacijama-jp-autoceste-fbih-crtaju-brze-ceste-za-tuzlanski-kanton\/#primaryimage","url":"https:\/\/tuzlainfo.ba\/wp-content\/uploads\/2026\/01\/2401_ceste_petlja.jpg","contentUrl":"https:\/\/tuzlainfo.ba\/wp-content\/uploads\/2026\/01\/2401_ceste_petlja.jpg","width":1000,"height":504},{"@type":"BreadcrumbList","@id":"https:\/\/tuzlainfo.ba\/index.php\/novosti\/item\/292675-bez-idejnog-rjesenja-ali-s-animacijama-jp-autoceste-fbih-crtaju-brze-ceste-za-tuzlanski-kanton\/#breadcrumb","itemListElement":[{"@type":"ListItem","position":1,"name":"Home","item":"https:\/\/tuzlainfo.ba\/"},{"@type":"ListItem","position":2,"name":"Bez idejnog rje\u0161enja, ali s animacijama: JP Autoceste FBiH \u201ecrtaju\u201c brze ceste za Tuzlanski kanton"}]},{"@type":"WebSite","@id":"https:\/\/tuzlainfo.ba\/#website","url":"https:\/\/tuzlainfo.ba\/","name":"TuzlaInfo.ba","description":"Tuzla info, gradski informator - Tuzla na dlanu","publisher":{"@id":"https:\/\/tuzlainfo.ba\/#organization"},"potentialAction":[{"@type":"SearchAction","target":{"@type":"EntryPoint","urlTemplate":"https:\/\/tuzlainfo.ba\/?s={search_term_string}"},"query-input":{"@type":"PropertyValueSpecification","valueRequired":true,"valueName":"search_term_string"}}],"inLanguage":"bs-BA"},{"@type":"Organization","@id":"https:\/\/tuzlainfo.ba\/#organization","name":"TuzlaInfo.ba","url":"https:\/\/tuzlainfo.ba\/","logo":{"@type":"ImageObject","inLanguage":"bs-BA","@id":"https:\/\/tuzlainfo.ba\/#\/schema\/logo\/image\/","url":"https:\/\/tuzlainfo.ba\/wp-content\/uploads\/2021\/03\/logo-ver-3-1.png","contentUrl":"https:\/\/tuzlainfo.ba\/wp-content\/uploads\/2021\/03\/logo-ver-3-1.png","width":350,"height":95,"caption":"TuzlaInfo.ba"},"image":{"@id":"https:\/\/tuzlainfo.ba\/#\/schema\/logo\/image\/"},"sameAs":["https:\/\/www.facebook.com\/tuzlainfo.ba\/"]},{"@type":"Person","@id":"https:\/\/tuzlainfo.ba\/#\/schema\/person\/f434e20dc27ea133923aab08451b7f7f","name":"nedim","image":{"@type":"ImageObject","inLanguage":"bs-BA","@id":"https:\/\/tuzlainfo.ba\/#\/schema\/person\/image\/","url":"https:\/\/tuzlainfo.ba\/wp-content\/litespeed\/avatar\/aabad687af24844af817603ac1cbdc4f.jpg?ver=1776702173","contentUrl":"https:\/\/tuzlainfo.ba\/wp-content\/litespeed\/avatar\/aabad687af24844af817603ac1cbdc4f.jpg?ver=1776702173","caption":"nedim"},"description":"Tuzlainfo.ba pratite na dru\u0161tvenim mre\u017eama: Facebook, Instagram i Youtube. Svoje pri\u010de, upite i fotografije \u0161aljite na na\u0161u e-mail adresu."}]}},"_links":{"self":[{"href":"https:\/\/tuzlainfo.ba\/index.php\/wp-json\/wp\/v2\/posts\/292675"}],"collection":[{"href":"https:\/\/tuzlainfo.ba\/index.php\/wp-json\/wp\/v2\/posts"}],"about":[{"href":"https:\/\/tuzlainfo.ba\/index.php\/wp-json\/wp\/v2\/types\/post"}],"author":[{"embeddable":true,"href":"https:\/\/tuzlainfo.ba\/index.php\/wp-json\/wp\/v2\/users\/2"}],"replies":[{"embeddable":true,"href":"https:\/\/tuzlainfo.ba\/index.php\/wp-json\/wp\/v2\/comments?post=292675"}],"version-history":[{"count":1,"href":"https:\/\/tuzlainfo.ba\/index.php\/wp-json\/wp\/v2\/posts\/292675\/revisions"}],"predecessor-version":[{"id":292684,"href":"https:\/\/tuzlainfo.ba\/index.php\/wp-json\/wp\/v2\/posts\/292675\/revisions\/292684"}],"wp:featuredmedia":[{"embeddable":true,"href":"https:\/\/tuzlainfo.ba\/index.php\/wp-json\/wp\/v2\/media\/292683"}],"wp:attachment":[{"href":"https:\/\/tuzlainfo.ba\/index.php\/wp-json\/wp\/v2\/media?parent=292675"}],"wp:term":[{"taxonomy":"category","embeddable":true,"href":"https:\/\/tuzlainfo.ba\/index.php\/wp-json\/wp\/v2\/categories?post=292675"},{"taxonomy":"post_tag","embeddable":true,"href":"https:\/\/tuzlainfo.ba\/index.php\/wp-json\/wp\/v2\/tags?post=292675"}],"curies":[{"name":"wp","href":"https:\/\/api.w.org\/{rel}","templated":true}]}}