{"id":292568,"date":"2026-01-23T08:30:20","date_gmt":"2026-01-23T07:30:20","guid":{"rendered":"https:\/\/tuzlainfo.ba\/?p=292568"},"modified":"2026-01-23T08:30:20","modified_gmt":"2026-01-23T07:30:20","slug":"hoce-li-budzet-federacije-bih-za-2026-proci-danas","status":"publish","type":"post","link":"https:\/\/tuzlainfo.ba\/index.php\/bosna-i-hercegovina\/item\/292568-hoce-li-budzet-federacije-bih-za-2026-proci-danas\/","title":{"rendered":"Ho\u0107e li Bud\u017eet Federacije BiH za 2026 pro\u0107i danas?"},"content":{"rendered":"<p>Bud\u017eet Federacije BiH za 2026 danas je glavna ta\u010dka vanredne sjednice Doma naroda Parlamenta Federacije Bosne i Hercegovine, koju je sazvao predsjedavaju\u0107i Tomislav Martinovi\u0107, a po\u010detak je najavljen za 13 sati.<\/p>\n<p>Nakon \u0161to je Predstavni\u010dki dom u utorak usvojio Prijedlog bud\u017eeta Federacije BiH za 2026, potvrda u Domu naroda u istovjetnom tekstu omogu\u0107ila bi da se ovaj finansijski akt Federacije po\u010dne primjenjivati u kratkom roku. Uz bud\u017eet, Predstavni\u010dki dom je usvojio i Prijedlog zakona o izvr\u0161avanju bud\u017eeta, a i za njegovu primjenu neophodna je ve\u0107inska podr\u0161ka Doma naroda.<\/p>\n<p>Federalna vlada je Prijedlog bud\u017eeta Federacije BiH za 2026 utvrdila u ukupnom iznosu 8.898.279.146 KM, \u0161to je za 649 miliona KM vi\u0161e nego u 2025. godini. Kao klju\u010dne ciljeve naveli su odr\u017eivo upravljanje javnim finansijama, odgovornu kontrolu rashoda i obezbje\u0111enje stabilnih izvora finansiranja, uz fokus na obaveze prema gra\u0111anima i institucijama, socijalnu za\u0161titu, zdravstveni i penzijski sistem, stabilno poslovno okru\u017eenje te o\u010duvanje funkcionalnosti javnih slu\u017ebi.<\/p>\n<p>Od usvajanja bud\u017eeta direktno zavisi i primjena finansijskih planova federalnog Zavoda zdravstvenog osiguranja i reosiguranja te Zavoda za zapo\u0161ljavanje, koje je Predstavni\u010dki dom ve\u0107 odobrio, ali je za stupanje na snagu potrebna i odluka Doma naroda.<\/p>\n<p>Na dnevnom redu je i prijedlog izmjena Zakona o penzijskom i invalidskom osiguranju. Federalni ministar rada i socijalne politike Adnan Deli\u0107 izjavio je da bi, ukoliko akt danas dobije podr\u0161ku, penzioneri ve\u0107 5. februara mogli primiti uve\u0107ane penzije, prvo pove\u0107anje bi iznosilo 11,6 posto, a dodatno pove\u0107anje od 5,6 posto planirano je za juli, \u0161to bi ukupno zna\u010dilo vi\u0161e od 17 posto rasta tokom 2026. godine. Deli\u0107 je naveo da je rje\u0161enje rezultat dogovora s predstavnicima penzionera i kompromisa postignutog sa socijalnim partnerima.<\/p>\n<p>Predstavni\u010dki dom je, osim zakona o PIO, ve\u0107inom glasova usvojio i predlo\u017eene izmjene propisa koji se odnose na bora\u010dku populaciju, uz obrazlo\u017eenje da se radi o uskla\u0111ivanju s ranije prihva\u0107enim odredbama op\u0107eg zakona o penzijskom i invalidskom osiguranju.<\/p>\n<p>Za dana\u0161nju sjednicu najavljena je i verifikacija mandata Nikoli Srdi\u0107u, koji je na posrednim izborima dobio mjesto u Domu naroda kao delegat iz reda srpskog naroda.<\/p>\n","protected":false},"excerpt":{"rendered":"<p>Bud\u017eet Federacije BiH za 2026 danas je glavna ta\u010dka vanredne sjednice Doma naroda Parlamenta Federacije&hellip;<\/p>\n","protected":false},"author":8,"featured_media":197511,"comment_status":"closed","ping_status":"closed","sticky":false,"template":"","format":"standard","meta":{"_acf_changed":false,"footnotes":""},"categories":[291],"tags":[1974,883],"acf":[],"yoast_head":"<!-- This site is optimized with the Yoast SEO plugin v23.5 - https:\/\/yoast.com\/wordpress\/plugins\/seo\/ -->\n<title>Ho\u0107e li Bud\u017eet Federacije BiH za 2026 pro\u0107i danas? - TuzlaInfo.ba<\/title>\n<meta name=\"robots\" content=\"index, follow, max-snippet:-1, max-image-preview:large, max-video-preview:-1\" \/>\n<link rel=\"canonical\" href=\"https:\/\/tuzlainfo.ba\/index.php\/bosna-i-hercegovina\/item\/292568-hoce-li-budzet-federacije-bih-za-2026-proci-danas\/\" \/>\n<meta property=\"og:locale\" content=\"bs_BA\" \/>\n<meta property=\"og:type\" content=\"article\" \/>\n<meta property=\"og:title\" content=\"Ho\u0107e li Bud\u017eet Federacije BiH za 2026 pro\u0107i danas? - TuzlaInfo.ba\" \/>\n<meta property=\"og:description\" content=\"Bud\u017eet Federacije BiH za 2026 danas je glavna ta\u010dka vanredne sjednice Doma naroda Parlamenta Federacije&hellip;\" \/>\n<meta property=\"og:url\" content=\"https:\/\/tuzlainfo.ba\/index.php\/bosna-i-hercegovina\/item\/292568-hoce-li-budzet-federacije-bih-za-2026-proci-danas\/\" \/>\n<meta property=\"og:site_name\" content=\"TuzlaInfo.ba\" \/>\n<meta property=\"article:publisher\" content=\"https:\/\/www.facebook.com\/tuzlainfo.ba\/\" \/>\n<meta property=\"article:published_time\" content=\"2026-01-23T07:30:20+00:00\" \/>\n<meta property=\"og:image\" content=\"https:\/\/tuzlainfo.ba\/wp-content\/uploads\/2023\/02\/1602_parlamentfbih_domnaroda.jpg\" \/>\n\t<meta property=\"og:image:width\" content=\"1000\" \/>\n\t<meta property=\"og:image:height\" content=\"666\" \/>\n\t<meta property=\"og:image:type\" content=\"image\/jpeg\" \/>\n<meta name=\"author\" content=\"Admin Tri\" \/>\n<meta name=\"twitter:card\" content=\"summary_large_image\" \/>\n<meta name=\"twitter:label1\" content=\"Written by\" \/>\n\t<meta name=\"twitter:data1\" content=\"Admin Tri\" \/>\n\t<meta name=\"twitter:label2\" content=\"Est. reading time\" \/>\n\t<meta name=\"twitter:data2\" content=\"3 minute\" \/>\n<script type=\"application\/ld+json\" class=\"yoast-schema-graph\">{\"@context\":\"https:\/\/schema.org\",\"@graph\":[{\"@type\":\"Article\",\"@id\":\"https:\/\/tuzlainfo.ba\/index.php\/bosna-i-hercegovina\/item\/292568-hoce-li-budzet-federacije-bih-za-2026-proci-danas\/#article\",\"isPartOf\":{\"@id\":\"https:\/\/tuzlainfo.ba\/index.php\/bosna-i-hercegovina\/item\/292568-hoce-li-budzet-federacije-bih-za-2026-proci-danas\/\"},\"author\":{\"name\":\"Admin Tri\",\"@id\":\"https:\/\/tuzlainfo.ba\/#\/schema\/person\/593e78a2f6378c5ba3e7600ecfa4e63a\"},\"headline\":\"Ho\u0107e li Bud\u017eet Federacije BiH za 2026 pro\u0107i danas?\",\"datePublished\":\"2026-01-23T07:30:20+00:00\",\"dateModified\":\"2026-01-23T07:30:20+00:00\",\"mainEntityOfPage\":{\"@id\":\"https:\/\/tuzlainfo.ba\/index.php\/bosna-i-hercegovina\/item\/292568-hoce-li-budzet-federacije-bih-za-2026-proci-danas\/\"},\"wordCount\":379,\"publisher\":{\"@id\":\"https:\/\/tuzlainfo.ba\/#organization\"},\"image\":{\"@id\":\"https:\/\/tuzlainfo.ba\/index.php\/bosna-i-hercegovina\/item\/292568-hoce-li-budzet-federacije-bih-za-2026-proci-danas\/#primaryimage\"},\"thumbnailUrl\":\"https:\/\/tuzlainfo.ba\/wp-content\/uploads\/2023\/02\/1602_parlamentfbih_domnaroda.jpg\",\"keywords\":[\"bud\u017eet\",\"dom naroda\"],\"articleSection\":[\"Bosna i Hercegovina\"],\"inLanguage\":\"bs-BA\"},{\"@type\":\"WebPage\",\"@id\":\"https:\/\/tuzlainfo.ba\/index.php\/bosna-i-hercegovina\/item\/292568-hoce-li-budzet-federacije-bih-za-2026-proci-danas\/\",\"url\":\"https:\/\/tuzlainfo.ba\/index.php\/bosna-i-hercegovina\/item\/292568-hoce-li-budzet-federacije-bih-za-2026-proci-danas\/\",\"name\":\"Ho\u0107e li Bud\u017eet Federacije BiH za 2026 pro\u0107i danas? - TuzlaInfo.ba\",\"isPartOf\":{\"@id\":\"https:\/\/tuzlainfo.ba\/#website\"},\"primaryImageOfPage\":{\"@id\":\"https:\/\/tuzlainfo.ba\/index.php\/bosna-i-hercegovina\/item\/292568-hoce-li-budzet-federacije-bih-za-2026-proci-danas\/#primaryimage\"},\"image\":{\"@id\":\"https:\/\/tuzlainfo.ba\/index.php\/bosna-i-hercegovina\/item\/292568-hoce-li-budzet-federacije-bih-za-2026-proci-danas\/#primaryimage\"},\"thumbnailUrl\":\"https:\/\/tuzlainfo.ba\/wp-content\/uploads\/2023\/02\/1602_parlamentfbih_domnaroda.jpg\",\"datePublished\":\"2026-01-23T07:30:20+00:00\",\"dateModified\":\"2026-01-23T07:30:20+00:00\",\"breadcrumb\":{\"@id\":\"https:\/\/tuzlainfo.ba\/index.php\/bosna-i-hercegovina\/item\/292568-hoce-li-budzet-federacije-bih-za-2026-proci-danas\/#breadcrumb\"},\"inLanguage\":\"bs-BA\",\"potentialAction\":[{\"@type\":\"ReadAction\",\"target\":[\"https:\/\/tuzlainfo.ba\/index.php\/bosna-i-hercegovina\/item\/292568-hoce-li-budzet-federacije-bih-za-2026-proci-danas\/\"]}]},{\"@type\":\"ImageObject\",\"inLanguage\":\"bs-BA\",\"@id\":\"https:\/\/tuzlainfo.ba\/index.php\/bosna-i-hercegovina\/item\/292568-hoce-li-budzet-federacije-bih-za-2026-proci-danas\/#primaryimage\",\"url\":\"https:\/\/tuzlainfo.ba\/wp-content\/uploads\/2023\/02\/1602_parlamentfbih_domnaroda.jpg\",\"contentUrl\":\"https:\/\/tuzlainfo.ba\/wp-content\/uploads\/2023\/02\/1602_parlamentfbih_domnaroda.jpg\",\"width\":1000,\"height\":666},{\"@type\":\"BreadcrumbList\",\"@id\":\"https:\/\/tuzlainfo.ba\/index.php\/bosna-i-hercegovina\/item\/292568-hoce-li-budzet-federacije-bih-za-2026-proci-danas\/#breadcrumb\",\"itemListElement\":[{\"@type\":\"ListItem\",\"position\":1,\"name\":\"Home\",\"item\":\"https:\/\/tuzlainfo.ba\/\"},{\"@type\":\"ListItem\",\"position\":2,\"name\":\"Ho\u0107e li Bud\u017eet Federacije BiH za 2026 pro\u0107i danas?\"}]},{\"@type\":\"WebSite\",\"@id\":\"https:\/\/tuzlainfo.ba\/#website\",\"url\":\"https:\/\/tuzlainfo.ba\/\",\"name\":\"TuzlaInfo.ba\",\"description\":\"Tuzla info, gradski informator - Tuzla na dlanu\",\"publisher\":{\"@id\":\"https:\/\/tuzlainfo.ba\/#organization\"},\"potentialAction\":[{\"@type\":\"SearchAction\",\"target\":{\"@type\":\"EntryPoint\",\"urlTemplate\":\"https:\/\/tuzlainfo.ba\/?s={search_term_string}\"},\"query-input\":{\"@type\":\"PropertyValueSpecification\",\"valueRequired\":true,\"valueName\":\"search_term_string\"}}],\"inLanguage\":\"bs-BA\"},{\"@type\":\"Organization\",\"@id\":\"https:\/\/tuzlainfo.ba\/#organization\",\"name\":\"TuzlaInfo.ba\",\"url\":\"https:\/\/tuzlainfo.ba\/\",\"logo\":{\"@type\":\"ImageObject\",\"inLanguage\":\"bs-BA\",\"@id\":\"https:\/\/tuzlainfo.ba\/#\/schema\/logo\/image\/\",\"url\":\"https:\/\/tuzlainfo.ba\/wp-content\/uploads\/2021\/03\/logo-ver-3-1.png\",\"contentUrl\":\"https:\/\/tuzlainfo.ba\/wp-content\/uploads\/2021\/03\/logo-ver-3-1.png\",\"width\":350,\"height\":95,\"caption\":\"TuzlaInfo.ba\"},\"image\":{\"@id\":\"https:\/\/tuzlainfo.ba\/#\/schema\/logo\/image\/\"},\"sameAs\":[\"https:\/\/www.facebook.com\/tuzlainfo.ba\/\"]},{\"@type\":\"Person\",\"@id\":\"https:\/\/tuzlainfo.ba\/#\/schema\/person\/593e78a2f6378c5ba3e7600ecfa4e63a\",\"name\":\"Admin Tri\",\"image\":{\"@type\":\"ImageObject\",\"inLanguage\":\"bs-BA\",\"@id\":\"https:\/\/tuzlainfo.ba\/#\/schema\/person\/image\/\",\"url\":\"https:\/\/tuzlainfo.ba\/wp-content\/litespeed\/avatar\/b7920db4cc34a71ad12497283ad2fe3f.jpg?ver=1777100914\",\"contentUrl\":\"https:\/\/tuzlainfo.ba\/wp-content\/litespeed\/avatar\/b7920db4cc34a71ad12497283ad2fe3f.jpg?ver=1777100914\",\"caption\":\"Admin Tri\"},\"sameAs\":[\"https:\/\/tuzlainfo.ba\"]}]}<\/script>\n<!-- \/ Yoast SEO plugin. -->","yoast_head_json":{"title":"Ho\u0107e li Bud\u017eet Federacije BiH za 2026 pro\u0107i danas? - TuzlaInfo.ba","robots":{"index":"index","follow":"follow","max-snippet":"max-snippet:-1","max-image-preview":"max-image-preview:large","max-video-preview":"max-video-preview:-1"},"canonical":"https:\/\/tuzlainfo.ba\/index.php\/bosna-i-hercegovina\/item\/292568-hoce-li-budzet-federacije-bih-za-2026-proci-danas\/","og_locale":"bs_BA","og_type":"article","og_title":"Ho\u0107e li Bud\u017eet Federacije BiH za 2026 pro\u0107i danas? - TuzlaInfo.ba","og_description":"Bud\u017eet Federacije BiH za 2026 danas je glavna ta\u010dka vanredne sjednice Doma naroda Parlamenta Federacije&hellip;","og_url":"https:\/\/tuzlainfo.ba\/index.php\/bosna-i-hercegovina\/item\/292568-hoce-li-budzet-federacije-bih-za-2026-proci-danas\/","og_site_name":"TuzlaInfo.ba","article_publisher":"https:\/\/www.facebook.com\/tuzlainfo.ba\/","article_published_time":"2026-01-23T07:30:20+00:00","og_image":[{"width":1000,"height":666,"url":"https:\/\/tuzlainfo.ba\/wp-content\/uploads\/2023\/02\/1602_parlamentfbih_domnaroda.jpg","type":"image\/jpeg"}],"author":"Admin Tri","twitter_card":"summary_large_image","twitter_misc":{"Written by":"Admin Tri","Est. reading time":"3 minute"},"schema":{"@context":"https:\/\/schema.org","@graph":[{"@type":"Article","@id":"https:\/\/tuzlainfo.ba\/index.php\/bosna-i-hercegovina\/item\/292568-hoce-li-budzet-federacije-bih-za-2026-proci-danas\/#article","isPartOf":{"@id":"https:\/\/tuzlainfo.ba\/index.php\/bosna-i-hercegovina\/item\/292568-hoce-li-budzet-federacije-bih-za-2026-proci-danas\/"},"author":{"name":"Admin Tri","@id":"https:\/\/tuzlainfo.ba\/#\/schema\/person\/593e78a2f6378c5ba3e7600ecfa4e63a"},"headline":"Ho\u0107e li Bud\u017eet Federacije BiH za 2026 pro\u0107i danas?","datePublished":"2026-01-23T07:30:20+00:00","dateModified":"2026-01-23T07:30:20+00:00","mainEntityOfPage":{"@id":"https:\/\/tuzlainfo.ba\/index.php\/bosna-i-hercegovina\/item\/292568-hoce-li-budzet-federacije-bih-za-2026-proci-danas\/"},"wordCount":379,"publisher":{"@id":"https:\/\/tuzlainfo.ba\/#organization"},"image":{"@id":"https:\/\/tuzlainfo.ba\/index.php\/bosna-i-hercegovina\/item\/292568-hoce-li-budzet-federacije-bih-za-2026-proci-danas\/#primaryimage"},"thumbnailUrl":"https:\/\/tuzlainfo.ba\/wp-content\/uploads\/2023\/02\/1602_parlamentfbih_domnaroda.jpg","keywords":["bud\u017eet","dom naroda"],"articleSection":["Bosna i Hercegovina"],"inLanguage":"bs-BA"},{"@type":"WebPage","@id":"https:\/\/tuzlainfo.ba\/index.php\/bosna-i-hercegovina\/item\/292568-hoce-li-budzet-federacije-bih-za-2026-proci-danas\/","url":"https:\/\/tuzlainfo.ba\/index.php\/bosna-i-hercegovina\/item\/292568-hoce-li-budzet-federacije-bih-za-2026-proci-danas\/","name":"Ho\u0107e li Bud\u017eet Federacije BiH za 2026 pro\u0107i danas? - TuzlaInfo.ba","isPartOf":{"@id":"https:\/\/tuzlainfo.ba\/#website"},"primaryImageOfPage":{"@id":"https:\/\/tuzlainfo.ba\/index.php\/bosna-i-hercegovina\/item\/292568-hoce-li-budzet-federacije-bih-za-2026-proci-danas\/#primaryimage"},"image":{"@id":"https:\/\/tuzlainfo.ba\/index.php\/bosna-i-hercegovina\/item\/292568-hoce-li-budzet-federacije-bih-za-2026-proci-danas\/#primaryimage"},"thumbnailUrl":"https:\/\/tuzlainfo.ba\/wp-content\/uploads\/2023\/02\/1602_parlamentfbih_domnaroda.jpg","datePublished":"2026-01-23T07:30:20+00:00","dateModified":"2026-01-23T07:30:20+00:00","breadcrumb":{"@id":"https:\/\/tuzlainfo.ba\/index.php\/bosna-i-hercegovina\/item\/292568-hoce-li-budzet-federacije-bih-za-2026-proci-danas\/#breadcrumb"},"inLanguage":"bs-BA","potentialAction":[{"@type":"ReadAction","target":["https:\/\/tuzlainfo.ba\/index.php\/bosna-i-hercegovina\/item\/292568-hoce-li-budzet-federacije-bih-za-2026-proci-danas\/"]}]},{"@type":"ImageObject","inLanguage":"bs-BA","@id":"https:\/\/tuzlainfo.ba\/index.php\/bosna-i-hercegovina\/item\/292568-hoce-li-budzet-federacije-bih-za-2026-proci-danas\/#primaryimage","url":"https:\/\/tuzlainfo.ba\/wp-content\/uploads\/2023\/02\/1602_parlamentfbih_domnaroda.jpg","contentUrl":"https:\/\/tuzlainfo.ba\/wp-content\/uploads\/2023\/02\/1602_parlamentfbih_domnaroda.jpg","width":1000,"height":666},{"@type":"BreadcrumbList","@id":"https:\/\/tuzlainfo.ba\/index.php\/bosna-i-hercegovina\/item\/292568-hoce-li-budzet-federacije-bih-za-2026-proci-danas\/#breadcrumb","itemListElement":[{"@type":"ListItem","position":1,"name":"Home","item":"https:\/\/tuzlainfo.ba\/"},{"@type":"ListItem","position":2,"name":"Ho\u0107e li Bud\u017eet Federacije BiH za 2026 pro\u0107i danas?"}]},{"@type":"WebSite","@id":"https:\/\/tuzlainfo.ba\/#website","url":"https:\/\/tuzlainfo.ba\/","name":"TuzlaInfo.ba","description":"Tuzla info, gradski informator - Tuzla na dlanu","publisher":{"@id":"https:\/\/tuzlainfo.ba\/#organization"},"potentialAction":[{"@type":"SearchAction","target":{"@type":"EntryPoint","urlTemplate":"https:\/\/tuzlainfo.ba\/?s={search_term_string}"},"query-input":{"@type":"PropertyValueSpecification","valueRequired":true,"valueName":"search_term_string"}}],"inLanguage":"bs-BA"},{"@type":"Organization","@id":"https:\/\/tuzlainfo.ba\/#organization","name":"TuzlaInfo.ba","url":"https:\/\/tuzlainfo.ba\/","logo":{"@type":"ImageObject","inLanguage":"bs-BA","@id":"https:\/\/tuzlainfo.ba\/#\/schema\/logo\/image\/","url":"https:\/\/tuzlainfo.ba\/wp-content\/uploads\/2021\/03\/logo-ver-3-1.png","contentUrl":"https:\/\/tuzlainfo.ba\/wp-content\/uploads\/2021\/03\/logo-ver-3-1.png","width":350,"height":95,"caption":"TuzlaInfo.ba"},"image":{"@id":"https:\/\/tuzlainfo.ba\/#\/schema\/logo\/image\/"},"sameAs":["https:\/\/www.facebook.com\/tuzlainfo.ba\/"]},{"@type":"Person","@id":"https:\/\/tuzlainfo.ba\/#\/schema\/person\/593e78a2f6378c5ba3e7600ecfa4e63a","name":"Admin Tri","image":{"@type":"ImageObject","inLanguage":"bs-BA","@id":"https:\/\/tuzlainfo.ba\/#\/schema\/person\/image\/","url":"https:\/\/tuzlainfo.ba\/wp-content\/litespeed\/avatar\/b7920db4cc34a71ad12497283ad2fe3f.jpg?ver=1777100914","contentUrl":"https:\/\/tuzlainfo.ba\/wp-content\/litespeed\/avatar\/b7920db4cc34a71ad12497283ad2fe3f.jpg?ver=1777100914","caption":"Admin Tri"},"sameAs":["https:\/\/tuzlainfo.ba"]}]}},"_links":{"self":[{"href":"https:\/\/tuzlainfo.ba\/index.php\/wp-json\/wp\/v2\/posts\/292568"}],"collection":[{"href":"https:\/\/tuzlainfo.ba\/index.php\/wp-json\/wp\/v2\/posts"}],"about":[{"href":"https:\/\/tuzlainfo.ba\/index.php\/wp-json\/wp\/v2\/types\/post"}],"author":[{"embeddable":true,"href":"https:\/\/tuzlainfo.ba\/index.php\/wp-json\/wp\/v2\/users\/8"}],"replies":[{"embeddable":true,"href":"https:\/\/tuzlainfo.ba\/index.php\/wp-json\/wp\/v2\/comments?post=292568"}],"version-history":[{"count":1,"href":"https:\/\/tuzlainfo.ba\/index.php\/wp-json\/wp\/v2\/posts\/292568\/revisions"}],"predecessor-version":[{"id":292569,"href":"https:\/\/tuzlainfo.ba\/index.php\/wp-json\/wp\/v2\/posts\/292568\/revisions\/292569"}],"wp:featuredmedia":[{"embeddable":true,"href":"https:\/\/tuzlainfo.ba\/index.php\/wp-json\/wp\/v2\/media\/197511"}],"wp:attachment":[{"href":"https:\/\/tuzlainfo.ba\/index.php\/wp-json\/wp\/v2\/media?parent=292568"}],"wp:term":[{"taxonomy":"category","embeddable":true,"href":"https:\/\/tuzlainfo.ba\/index.php\/wp-json\/wp\/v2\/categories?post=292568"},{"taxonomy":"post_tag","embeddable":true,"href":"https:\/\/tuzlainfo.ba\/index.php\/wp-json\/wp\/v2\/tags?post=292568"}],"curies":[{"name":"wp","href":"https:\/\/api.w.org\/{rel}","templated":true}]}}