{"id":292308,"date":"2026-01-20T12:15:04","date_gmt":"2026-01-20T11:15:04","guid":{"rendered":"https:\/\/tuzlainfo.ba\/?p=292308"},"modified":"2026-01-20T12:18:23","modified_gmt":"2026-01-20T11:18:23","slug":"kad-se-vraca-snijeg-fhmz-objavio-prognozu-za-narednih-15-dana","status":"publish","type":"post","link":"https:\/\/tuzlainfo.ba\/index.php\/bosna-i-hercegovina\/item\/292308-kad-se-vraca-snijeg-fhmz-objavio-prognozu-za-narednih-15-dana\/","title":{"rendered":"Kad se vra\u0107a snijeg: FHMZ objavio prognozu za narednih 15 dana"},"content":{"rendered":"<p data-start=\"223\" data-end=\"495\">Federalni hidrometeorolo\u0161ki zavod (FHMZ) objavio je srednjoro\u010dnu vremensku prognozu za narednih 15 dana, odnosno do 3. februara, prema kojoj Bosnu i Hercegovinu o\u010dekuju promjenjive vremenske prilike, s kratkim toplijim periodom, ali i povratkom izra\u017eenih zimskih uslova.<\/p>\n<p data-start=\"497\" data-end=\"797\">Kako navode iz FHMZ-a, polje visokog zra\u010dnog pritiska koje trenutno uti\u010de na vrijeme u na\u0161oj zemlji postepeno slabi, pa \u0107e njegov uticaj biti sve manji kako sedmica bude odmicala. Do \u010detvrtka \u0107e hladna i suha zra\u010dna masa sa krajnjeg sjeveroistoka biti glavni faktor koji donosi prave zimske uslove.<\/p>\n<p data-start=\"799\" data-end=\"1266\">\u201eHladna i vlagom siroma\u0161na zra\u010dna masa sa krajnjeg sjeveroistoka do \u010detvrtka \u0107e biti glavni faktor koji donosi prave zimske uslove u Bosni i Hercegovini. Od 22. do 26. januara o\u010dekuje se dominacija toplije i vlagom bogate zra\u010dne mase koja pristi\u017ee sa juga, \u0161to \u0107e usloviti zna\u010dajniju promjenu: prognozira se toplije i nestabilnije vrijeme uz \u010deste padavine, ki\u0161a na jugu i jugozapadu, te povremeni snijeg u centralnim i isto\u010dnim predjelima Bosne\u201c, navode iz FHMZ-a.<\/p>\n<p data-start=\"1268\" data-end=\"1587\">Nakon tog perioda izgledan je novi prodor hladnog zraka. \u201eOd 27. januara do kraja prognoznog perioda izgledan je prodor hladne zra\u010dne mase i povratak zimskih uslova, sa niskim temperaturama i \u010destim snje\u017enim padavinama u Bosni, dok \u0107e u Hercegovini biti stabilnije vrijeme, uglavnom bez padavina\u201c, isti\u010du meteorolozi.<\/p>\n<p data-start=\"1589\" data-end=\"1861\">Kada je rije\u010d o temperaturama, do 21. januara vrijednosti \u0107e biti oko vi\u0161egodi\u0161njeg prosjeka. Jutarnje temperature u Bosni kretat \u0107e se od -8 do -3 stepena, u Hercegovini od 0 do 4, dok \u0107e maksimalne dnevne u Bosni iznositi do 2, a u Hercegovini do 11 stepeni Celzijusa.<\/p>\n<p data-start=\"1863\" data-end=\"2106\">U periodu od 22. do 26. januara o\u010dekuje se osjetno toplije vrijeme. Minimalne temperature u Bosni bit \u0107e od -1 do 4 stepena, u Hercegovini od 3 do 8, dok \u0107e maksimalne dnevne temperature u Bosni dosezati do 11, a u Hercegovini do 14 stepeni.<\/p>\n<p data-start=\"2108\" data-end=\"2349\">Krajem mjeseca ponovo slijedi zahla\u0111enje. Od 27. januara do kraja prognoznog perioda jutra u Bosni donose vrijednosti od -6 do -1 stepen, u Hercegovini od 2 do 6, a dnevne temperature u Bosni do 4, te u Hercegovini do 10 stepeni Celzijusa.<\/p>\n<p data-start=\"2351\" data-end=\"2561\" data-is-last-node=\"\" data-is-only-node=\"\">Meteorolozi poru\u010duju da \u0107e naredni dani donijeti izra\u017eene temperaturne oscilacije te savjetuju gra\u0111anima da redovno prate a\u017eurirane prognoze zbog mogu\u0107ih promjena u intenzitetu padavina i novih hladnih prodora.<\/p>\n","protected":false},"excerpt":{"rendered":"<p>Federalni hidrometeorolo\u0161ki zavod (FHMZ) objavio je srednjoro\u010dnu vremensku prognozu za narednih 15 dana, odnosno do&hellip;<\/p>\n","protected":false},"author":2,"featured_media":291243,"comment_status":"closed","ping_status":"closed","sticky":false,"template":"","format":"standard","meta":{"_acf_changed":false,"footnotes":""},"categories":[291],"tags":[1042],"acf":[],"yoast_head":"<!-- This site is optimized with the Yoast SEO plugin v23.5 - https:\/\/yoast.com\/wordpress\/plugins\/seo\/ -->\n<title>Kad se vra\u0107a snijeg: FHMZ objavio prognozu za narednih 15 dana - TuzlaInfo.ba<\/title>\n<meta name=\"robots\" content=\"index, follow, max-snippet:-1, max-image-preview:large, max-video-preview:-1\" \/>\n<link rel=\"canonical\" href=\"https:\/\/tuzlainfo.ba\/index.php\/bosna-i-hercegovina\/item\/292308-kad-se-vraca-snijeg-fhmz-objavio-prognozu-za-narednih-15-dana\/\" \/>\n<meta property=\"og:locale\" content=\"bs_BA\" \/>\n<meta property=\"og:type\" content=\"article\" \/>\n<meta property=\"og:title\" content=\"Kad se vra\u0107a snijeg: FHMZ objavio prognozu za narednih 15 dana - TuzlaInfo.ba\" \/>\n<meta property=\"og:description\" content=\"Federalni hidrometeorolo\u0161ki zavod (FHMZ) objavio je srednjoro\u010dnu vremensku prognozu za narednih 15 dana, odnosno do&hellip;\" \/>\n<meta property=\"og:url\" content=\"https:\/\/tuzlainfo.ba\/index.php\/bosna-i-hercegovina\/item\/292308-kad-se-vraca-snijeg-fhmz-objavio-prognozu-za-narednih-15-dana\/\" \/>\n<meta property=\"og:site_name\" content=\"TuzlaInfo.ba\" \/>\n<meta property=\"article:publisher\" content=\"https:\/\/www.facebook.com\/tuzlainfo.ba\/\" \/>\n<meta property=\"article:published_time\" content=\"2026-01-20T11:15:04+00:00\" \/>\n<meta property=\"article:modified_time\" content=\"2026-01-20T11:18:23+00:00\" \/>\n<meta property=\"og:image\" content=\"https:\/\/tuzlainfo.ba\/wp-content\/uploads\/2026\/01\/0601_snijeg_zima.jpg\" \/>\n\t<meta property=\"og:image:width\" content=\"1000\" \/>\n\t<meta property=\"og:image:height\" content=\"657\" \/>\n\t<meta property=\"og:image:type\" content=\"image\/jpeg\" \/>\n<meta name=\"author\" content=\"nedim\" \/>\n<meta name=\"twitter:card\" content=\"summary_large_image\" \/>\n<meta name=\"twitter:label1\" content=\"Written by\" \/>\n\t<meta name=\"twitter:data1\" content=\"nedim\" \/>\n\t<meta name=\"twitter:label2\" content=\"Est. reading time\" \/>\n\t<meta name=\"twitter:data2\" content=\"3 minute\" \/>\n<script type=\"application\/ld+json\" class=\"yoast-schema-graph\">{\"@context\":\"https:\/\/schema.org\",\"@graph\":[{\"@type\":\"Article\",\"@id\":\"https:\/\/tuzlainfo.ba\/index.php\/bosna-i-hercegovina\/item\/292308-kad-se-vraca-snijeg-fhmz-objavio-prognozu-za-narednih-15-dana\/#article\",\"isPartOf\":{\"@id\":\"https:\/\/tuzlainfo.ba\/index.php\/bosna-i-hercegovina\/item\/292308-kad-se-vraca-snijeg-fhmz-objavio-prognozu-za-narednih-15-dana\/\"},\"author\":{\"name\":\"nedim\",\"@id\":\"https:\/\/tuzlainfo.ba\/#\/schema\/person\/f434e20dc27ea133923aab08451b7f7f\"},\"headline\":\"Kad se vra\u0107a snijeg: FHMZ objavio prognozu za narednih 15 dana\",\"datePublished\":\"2026-01-20T11:15:04+00:00\",\"dateModified\":\"2026-01-20T11:18:23+00:00\",\"mainEntityOfPage\":{\"@id\":\"https:\/\/tuzlainfo.ba\/index.php\/bosna-i-hercegovina\/item\/292308-kad-se-vraca-snijeg-fhmz-objavio-prognozu-za-narednih-15-dana\/\"},\"wordCount\":384,\"publisher\":{\"@id\":\"https:\/\/tuzlainfo.ba\/#organization\"},\"image\":{\"@id\":\"https:\/\/tuzlainfo.ba\/index.php\/bosna-i-hercegovina\/item\/292308-kad-se-vraca-snijeg-fhmz-objavio-prognozu-za-narednih-15-dana\/#primaryimage\"},\"thumbnailUrl\":\"https:\/\/tuzlainfo.ba\/wp-content\/uploads\/2026\/01\/0601_snijeg_zima.jpg\",\"keywords\":[\"prognoza\"],\"articleSection\":[\"Bosna i Hercegovina\"],\"inLanguage\":\"bs-BA\"},{\"@type\":\"WebPage\",\"@id\":\"https:\/\/tuzlainfo.ba\/index.php\/bosna-i-hercegovina\/item\/292308-kad-se-vraca-snijeg-fhmz-objavio-prognozu-za-narednih-15-dana\/\",\"url\":\"https:\/\/tuzlainfo.ba\/index.php\/bosna-i-hercegovina\/item\/292308-kad-se-vraca-snijeg-fhmz-objavio-prognozu-za-narednih-15-dana\/\",\"name\":\"Kad se vra\u0107a snijeg: FHMZ objavio prognozu za narednih 15 dana - TuzlaInfo.ba\",\"isPartOf\":{\"@id\":\"https:\/\/tuzlainfo.ba\/#website\"},\"primaryImageOfPage\":{\"@id\":\"https:\/\/tuzlainfo.ba\/index.php\/bosna-i-hercegovina\/item\/292308-kad-se-vraca-snijeg-fhmz-objavio-prognozu-za-narednih-15-dana\/#primaryimage\"},\"image\":{\"@id\":\"https:\/\/tuzlainfo.ba\/index.php\/bosna-i-hercegovina\/item\/292308-kad-se-vraca-snijeg-fhmz-objavio-prognozu-za-narednih-15-dana\/#primaryimage\"},\"thumbnailUrl\":\"https:\/\/tuzlainfo.ba\/wp-content\/uploads\/2026\/01\/0601_snijeg_zima.jpg\",\"datePublished\":\"2026-01-20T11:15:04+00:00\",\"dateModified\":\"2026-01-20T11:18:23+00:00\",\"breadcrumb\":{\"@id\":\"https:\/\/tuzlainfo.ba\/index.php\/bosna-i-hercegovina\/item\/292308-kad-se-vraca-snijeg-fhmz-objavio-prognozu-za-narednih-15-dana\/#breadcrumb\"},\"inLanguage\":\"bs-BA\",\"potentialAction\":[{\"@type\":\"ReadAction\",\"target\":[\"https:\/\/tuzlainfo.ba\/index.php\/bosna-i-hercegovina\/item\/292308-kad-se-vraca-snijeg-fhmz-objavio-prognozu-za-narednih-15-dana\/\"]}]},{\"@type\":\"ImageObject\",\"inLanguage\":\"bs-BA\",\"@id\":\"https:\/\/tuzlainfo.ba\/index.php\/bosna-i-hercegovina\/item\/292308-kad-se-vraca-snijeg-fhmz-objavio-prognozu-za-narednih-15-dana\/#primaryimage\",\"url\":\"https:\/\/tuzlainfo.ba\/wp-content\/uploads\/2026\/01\/0601_snijeg_zima.jpg\",\"contentUrl\":\"https:\/\/tuzlainfo.ba\/wp-content\/uploads\/2026\/01\/0601_snijeg_zima.jpg\",\"width\":1000,\"height\":657},{\"@type\":\"BreadcrumbList\",\"@id\":\"https:\/\/tuzlainfo.ba\/index.php\/bosna-i-hercegovina\/item\/292308-kad-se-vraca-snijeg-fhmz-objavio-prognozu-za-narednih-15-dana\/#breadcrumb\",\"itemListElement\":[{\"@type\":\"ListItem\",\"position\":1,\"name\":\"Home\",\"item\":\"https:\/\/tuzlainfo.ba\/\"},{\"@type\":\"ListItem\",\"position\":2,\"name\":\"Kad se vra\u0107a snijeg: FHMZ objavio prognozu za narednih 15 dana\"}]},{\"@type\":\"WebSite\",\"@id\":\"https:\/\/tuzlainfo.ba\/#website\",\"url\":\"https:\/\/tuzlainfo.ba\/\",\"name\":\"TuzlaInfo.ba\",\"description\":\"Tuzla info, gradski informator - Tuzla na dlanu\",\"publisher\":{\"@id\":\"https:\/\/tuzlainfo.ba\/#organization\"},\"potentialAction\":[{\"@type\":\"SearchAction\",\"target\":{\"@type\":\"EntryPoint\",\"urlTemplate\":\"https:\/\/tuzlainfo.ba\/?s={search_term_string}\"},\"query-input\":{\"@type\":\"PropertyValueSpecification\",\"valueRequired\":true,\"valueName\":\"search_term_string\"}}],\"inLanguage\":\"bs-BA\"},{\"@type\":\"Organization\",\"@id\":\"https:\/\/tuzlainfo.ba\/#organization\",\"name\":\"TuzlaInfo.ba\",\"url\":\"https:\/\/tuzlainfo.ba\/\",\"logo\":{\"@type\":\"ImageObject\",\"inLanguage\":\"bs-BA\",\"@id\":\"https:\/\/tuzlainfo.ba\/#\/schema\/logo\/image\/\",\"url\":\"https:\/\/tuzlainfo.ba\/wp-content\/uploads\/2021\/03\/logo-ver-3-1.png\",\"contentUrl\":\"https:\/\/tuzlainfo.ba\/wp-content\/uploads\/2021\/03\/logo-ver-3-1.png\",\"width\":350,\"height\":95,\"caption\":\"TuzlaInfo.ba\"},\"image\":{\"@id\":\"https:\/\/tuzlainfo.ba\/#\/schema\/logo\/image\/\"},\"sameAs\":[\"https:\/\/www.facebook.com\/tuzlainfo.ba\/\"]},{\"@type\":\"Person\",\"@id\":\"https:\/\/tuzlainfo.ba\/#\/schema\/person\/f434e20dc27ea133923aab08451b7f7f\",\"name\":\"nedim\",\"image\":{\"@type\":\"ImageObject\",\"inLanguage\":\"bs-BA\",\"@id\":\"https:\/\/tuzlainfo.ba\/#\/schema\/person\/image\/\",\"url\":\"https:\/\/tuzlainfo.ba\/wp-content\/litespeed\/avatar\/aabad687af24844af817603ac1cbdc4f.jpg?ver=1776702173\",\"contentUrl\":\"https:\/\/tuzlainfo.ba\/wp-content\/litespeed\/avatar\/aabad687af24844af817603ac1cbdc4f.jpg?ver=1776702173\",\"caption\":\"nedim\"},\"description\":\"Tuzlainfo.ba pratite na dru\u0161tvenim mre\u017eama: Facebook, Instagram i Youtube. Svoje pri\u010de, upite i fotografije \u0161aljite na na\u0161u e-mail adresu.\"}]}<\/script>\n<!-- \/ Yoast SEO plugin. -->","yoast_head_json":{"title":"Kad se vra\u0107a snijeg: FHMZ objavio prognozu za narednih 15 dana - TuzlaInfo.ba","robots":{"index":"index","follow":"follow","max-snippet":"max-snippet:-1","max-image-preview":"max-image-preview:large","max-video-preview":"max-video-preview:-1"},"canonical":"https:\/\/tuzlainfo.ba\/index.php\/bosna-i-hercegovina\/item\/292308-kad-se-vraca-snijeg-fhmz-objavio-prognozu-za-narednih-15-dana\/","og_locale":"bs_BA","og_type":"article","og_title":"Kad se vra\u0107a snijeg: FHMZ objavio prognozu za narednih 15 dana - TuzlaInfo.ba","og_description":"Federalni hidrometeorolo\u0161ki zavod (FHMZ) objavio je srednjoro\u010dnu vremensku prognozu za narednih 15 dana, odnosno do&hellip;","og_url":"https:\/\/tuzlainfo.ba\/index.php\/bosna-i-hercegovina\/item\/292308-kad-se-vraca-snijeg-fhmz-objavio-prognozu-za-narednih-15-dana\/","og_site_name":"TuzlaInfo.ba","article_publisher":"https:\/\/www.facebook.com\/tuzlainfo.ba\/","article_published_time":"2026-01-20T11:15:04+00:00","article_modified_time":"2026-01-20T11:18:23+00:00","og_image":[{"width":1000,"height":657,"url":"https:\/\/tuzlainfo.ba\/wp-content\/uploads\/2026\/01\/0601_snijeg_zima.jpg","type":"image\/jpeg"}],"author":"nedim","twitter_card":"summary_large_image","twitter_misc":{"Written by":"nedim","Est. reading time":"3 minute"},"schema":{"@context":"https:\/\/schema.org","@graph":[{"@type":"Article","@id":"https:\/\/tuzlainfo.ba\/index.php\/bosna-i-hercegovina\/item\/292308-kad-se-vraca-snijeg-fhmz-objavio-prognozu-za-narednih-15-dana\/#article","isPartOf":{"@id":"https:\/\/tuzlainfo.ba\/index.php\/bosna-i-hercegovina\/item\/292308-kad-se-vraca-snijeg-fhmz-objavio-prognozu-za-narednih-15-dana\/"},"author":{"name":"nedim","@id":"https:\/\/tuzlainfo.ba\/#\/schema\/person\/f434e20dc27ea133923aab08451b7f7f"},"headline":"Kad se vra\u0107a snijeg: FHMZ objavio prognozu za narednih 15 dana","datePublished":"2026-01-20T11:15:04+00:00","dateModified":"2026-01-20T11:18:23+00:00","mainEntityOfPage":{"@id":"https:\/\/tuzlainfo.ba\/index.php\/bosna-i-hercegovina\/item\/292308-kad-se-vraca-snijeg-fhmz-objavio-prognozu-za-narednih-15-dana\/"},"wordCount":384,"publisher":{"@id":"https:\/\/tuzlainfo.ba\/#organization"},"image":{"@id":"https:\/\/tuzlainfo.ba\/index.php\/bosna-i-hercegovina\/item\/292308-kad-se-vraca-snijeg-fhmz-objavio-prognozu-za-narednih-15-dana\/#primaryimage"},"thumbnailUrl":"https:\/\/tuzlainfo.ba\/wp-content\/uploads\/2026\/01\/0601_snijeg_zima.jpg","keywords":["prognoza"],"articleSection":["Bosna i Hercegovina"],"inLanguage":"bs-BA"},{"@type":"WebPage","@id":"https:\/\/tuzlainfo.ba\/index.php\/bosna-i-hercegovina\/item\/292308-kad-se-vraca-snijeg-fhmz-objavio-prognozu-za-narednih-15-dana\/","url":"https:\/\/tuzlainfo.ba\/index.php\/bosna-i-hercegovina\/item\/292308-kad-se-vraca-snijeg-fhmz-objavio-prognozu-za-narednih-15-dana\/","name":"Kad se vra\u0107a snijeg: FHMZ objavio prognozu za narednih 15 dana - TuzlaInfo.ba","isPartOf":{"@id":"https:\/\/tuzlainfo.ba\/#website"},"primaryImageOfPage":{"@id":"https:\/\/tuzlainfo.ba\/index.php\/bosna-i-hercegovina\/item\/292308-kad-se-vraca-snijeg-fhmz-objavio-prognozu-za-narednih-15-dana\/#primaryimage"},"image":{"@id":"https:\/\/tuzlainfo.ba\/index.php\/bosna-i-hercegovina\/item\/292308-kad-se-vraca-snijeg-fhmz-objavio-prognozu-za-narednih-15-dana\/#primaryimage"},"thumbnailUrl":"https:\/\/tuzlainfo.ba\/wp-content\/uploads\/2026\/01\/0601_snijeg_zima.jpg","datePublished":"2026-01-20T11:15:04+00:00","dateModified":"2026-01-20T11:18:23+00:00","breadcrumb":{"@id":"https:\/\/tuzlainfo.ba\/index.php\/bosna-i-hercegovina\/item\/292308-kad-se-vraca-snijeg-fhmz-objavio-prognozu-za-narednih-15-dana\/#breadcrumb"},"inLanguage":"bs-BA","potentialAction":[{"@type":"ReadAction","target":["https:\/\/tuzlainfo.ba\/index.php\/bosna-i-hercegovina\/item\/292308-kad-se-vraca-snijeg-fhmz-objavio-prognozu-za-narednih-15-dana\/"]}]},{"@type":"ImageObject","inLanguage":"bs-BA","@id":"https:\/\/tuzlainfo.ba\/index.php\/bosna-i-hercegovina\/item\/292308-kad-se-vraca-snijeg-fhmz-objavio-prognozu-za-narednih-15-dana\/#primaryimage","url":"https:\/\/tuzlainfo.ba\/wp-content\/uploads\/2026\/01\/0601_snijeg_zima.jpg","contentUrl":"https:\/\/tuzlainfo.ba\/wp-content\/uploads\/2026\/01\/0601_snijeg_zima.jpg","width":1000,"height":657},{"@type":"BreadcrumbList","@id":"https:\/\/tuzlainfo.ba\/index.php\/bosna-i-hercegovina\/item\/292308-kad-se-vraca-snijeg-fhmz-objavio-prognozu-za-narednih-15-dana\/#breadcrumb","itemListElement":[{"@type":"ListItem","position":1,"name":"Home","item":"https:\/\/tuzlainfo.ba\/"},{"@type":"ListItem","position":2,"name":"Kad se vra\u0107a snijeg: FHMZ objavio prognozu za narednih 15 dana"}]},{"@type":"WebSite","@id":"https:\/\/tuzlainfo.ba\/#website","url":"https:\/\/tuzlainfo.ba\/","name":"TuzlaInfo.ba","description":"Tuzla info, gradski informator - Tuzla na dlanu","publisher":{"@id":"https:\/\/tuzlainfo.ba\/#organization"},"potentialAction":[{"@type":"SearchAction","target":{"@type":"EntryPoint","urlTemplate":"https:\/\/tuzlainfo.ba\/?s={search_term_string}"},"query-input":{"@type":"PropertyValueSpecification","valueRequired":true,"valueName":"search_term_string"}}],"inLanguage":"bs-BA"},{"@type":"Organization","@id":"https:\/\/tuzlainfo.ba\/#organization","name":"TuzlaInfo.ba","url":"https:\/\/tuzlainfo.ba\/","logo":{"@type":"ImageObject","inLanguage":"bs-BA","@id":"https:\/\/tuzlainfo.ba\/#\/schema\/logo\/image\/","url":"https:\/\/tuzlainfo.ba\/wp-content\/uploads\/2021\/03\/logo-ver-3-1.png","contentUrl":"https:\/\/tuzlainfo.ba\/wp-content\/uploads\/2021\/03\/logo-ver-3-1.png","width":350,"height":95,"caption":"TuzlaInfo.ba"},"image":{"@id":"https:\/\/tuzlainfo.ba\/#\/schema\/logo\/image\/"},"sameAs":["https:\/\/www.facebook.com\/tuzlainfo.ba\/"]},{"@type":"Person","@id":"https:\/\/tuzlainfo.ba\/#\/schema\/person\/f434e20dc27ea133923aab08451b7f7f","name":"nedim","image":{"@type":"ImageObject","inLanguage":"bs-BA","@id":"https:\/\/tuzlainfo.ba\/#\/schema\/person\/image\/","url":"https:\/\/tuzlainfo.ba\/wp-content\/litespeed\/avatar\/aabad687af24844af817603ac1cbdc4f.jpg?ver=1776702173","contentUrl":"https:\/\/tuzlainfo.ba\/wp-content\/litespeed\/avatar\/aabad687af24844af817603ac1cbdc4f.jpg?ver=1776702173","caption":"nedim"},"description":"Tuzlainfo.ba pratite na dru\u0161tvenim mre\u017eama: Facebook, Instagram i Youtube. Svoje pri\u010de, upite i fotografije \u0161aljite na na\u0161u e-mail adresu."}]}},"_links":{"self":[{"href":"https:\/\/tuzlainfo.ba\/index.php\/wp-json\/wp\/v2\/posts\/292308"}],"collection":[{"href":"https:\/\/tuzlainfo.ba\/index.php\/wp-json\/wp\/v2\/posts"}],"about":[{"href":"https:\/\/tuzlainfo.ba\/index.php\/wp-json\/wp\/v2\/types\/post"}],"author":[{"embeddable":true,"href":"https:\/\/tuzlainfo.ba\/index.php\/wp-json\/wp\/v2\/users\/2"}],"replies":[{"embeddable":true,"href":"https:\/\/tuzlainfo.ba\/index.php\/wp-json\/wp\/v2\/comments?post=292308"}],"version-history":[{"count":1,"href":"https:\/\/tuzlainfo.ba\/index.php\/wp-json\/wp\/v2\/posts\/292308\/revisions"}],"predecessor-version":[{"id":292309,"href":"https:\/\/tuzlainfo.ba\/index.php\/wp-json\/wp\/v2\/posts\/292308\/revisions\/292309"}],"wp:featuredmedia":[{"embeddable":true,"href":"https:\/\/tuzlainfo.ba\/index.php\/wp-json\/wp\/v2\/media\/291243"}],"wp:attachment":[{"href":"https:\/\/tuzlainfo.ba\/index.php\/wp-json\/wp\/v2\/media?parent=292308"}],"wp:term":[{"taxonomy":"category","embeddable":true,"href":"https:\/\/tuzlainfo.ba\/index.php\/wp-json\/wp\/v2\/categories?post=292308"},{"taxonomy":"post_tag","embeddable":true,"href":"https:\/\/tuzlainfo.ba\/index.php\/wp-json\/wp\/v2\/tags?post=292308"}],"curies":[{"name":"wp","href":"https:\/\/api.w.org\/{rel}","templated":true}]}}